{"id":23772,"date":"2025-06-30T09:00:00","date_gmt":"2025-06-30T12:00:00","guid":{"rendered":"https:\/\/agenciainfra.com\/blog\/?p=23772"},"modified":"2025-07-01T10:39:27","modified_gmt":"2025-07-01T13:39:27","slug":"agencias-reguladoras-de-energia-funcionam-com-menor-orcamento-em-dez-anos","status":"publish","type":"post","link":"https:\/\/agenciainfra.com\/blog\/agencias-reguladoras-de-energia-funcionam-com-menor-orcamento-em-dez-anos\/","title":{"rendered":"Ag\u00eancias reguladoras de energia funcionam com menor or\u00e7amento em dez anos"},"content":{"rendered":"\n<p class=\"has-text-align-right\"><strong>Lais Carregosa, Marisa Wanzeller e Gabriel Vasconcelos, da Ag\u00eancia iNFRA<\/strong><\/p>\n\n\n\n<p>As ag\u00eancias reguladoras de energia t\u00eam em 2025 o menor or\u00e7amento em dez anos, com os cortes promovidos em maio pelo governo. Desde 2015, a ANP (Ag\u00eancia Nacional do Petr\u00f3leo, G\u00e1s Natural e Biocombust\u00edveis) viu o seu or\u00e7amento cair 81,2%, em valores corrigidos pela infla\u00e7\u00e3o. Na ANEEL (Ag\u00eancia Nacional de Energia El\u00e9trica), a redu\u00e7\u00e3o foi de 34% em dez anos. Os dados s\u00e3o da ANP e da ANEEL, a pedido da&nbsp;<strong>Ag\u00eancia iNFRA<\/strong>.<br><br>A ANP teve o seu maior or\u00e7amento anual justamente h\u00e1 10 anos, em 2015 (R$ 564 milh\u00f5es), primeiro ano dessa&nbsp;s\u00e9rie hist\u00f3rica. Desde ent\u00e3o, a cifra tem ca\u00eddo ano a ano, alcan\u00e7ando R$ 106 milh\u00f5es em 2025.&nbsp;<br><br>No caso da ANEEL, em dez anos o or\u00e7amento da ag\u00eancia caiu de R$ 177 milh\u00f5es para R$ 117 milh\u00f5es. Houve, entretanto, dois picos: em 2018, com um or\u00e7amento de R$ 219 milh\u00f5es, e em 2023, de R$ 196 milh\u00f5es. Em rela\u00e7\u00e3o ao primeiro ano do governo Lula, em 2023, a redu\u00e7\u00e3o hoje \u00e9 de 40%.&nbsp;<br><br>Os dados de 2025 j\u00e1 consideram os cortes or\u00e7ament\u00e1rios implementados pelo governo, por meio de decreto promulgado em 30 de maio, diante da frustra\u00e7\u00e3o das receitas e do aumento de despesas do Tesouro Nacional.<\/p>\n\n\n\n<figure class=\"wp-block-image\"><img fetchpriority=\"high\" decoding=\"async\" width=\"999\" height=\"599\" src=\"https:\/\/agenciainfra.com\/blog\/wp-content\/uploads\/2025\/06\/ADKq_NavLXBHkLNkMySId3rPoRnj-NPPQwquyIMs4bb4u4KZ18q7zIqiqHQExn1tu_tuHU6Fv4WasxBUwxC-_THIWeptnm2KJRIx0o-MsICAw3DouEA8tMraTR4pd5BKQqBTyoo3m4NYGlbgy7HGgSusPeiqJpsP3pV1qRUs0-d-e1-ft.png\" alt=\"\" class=\"wp-image-23773\" srcset=\"https:\/\/agenciainfra.com\/blog\/wp-content\/uploads\/2025\/06\/ADKq_NavLXBHkLNkMySId3rPoRnj-NPPQwquyIMs4bb4u4KZ18q7zIqiqHQExn1tu_tuHU6Fv4WasxBUwxC-_THIWeptnm2KJRIx0o-MsICAw3DouEA8tMraTR4pd5BKQqBTyoo3m4NYGlbgy7HGgSusPeiqJpsP3pV1qRUs0-d-e1-ft.png 999w, https:\/\/agenciainfra.com\/blog\/wp-content\/uploads\/2025\/06\/ADKq_NavLXBHkLNkMySId3rPoRnj-NPPQwquyIMs4bb4u4KZ18q7zIqiqHQExn1tu_tuHU6Fv4WasxBUwxC-_THIWeptnm2KJRIx0o-MsICAw3DouEA8tMraTR4pd5BKQqBTyoo3m4NYGlbgy7HGgSusPeiqJpsP3pV1qRUs0-d-e1-ft-300x180.png 300w, https:\/\/agenciainfra.com\/blog\/wp-content\/uploads\/2025\/06\/ADKq_NavLXBHkLNkMySId3rPoRnj-NPPQwquyIMs4bb4u4KZ18q7zIqiqHQExn1tu_tuHU6Fv4WasxBUwxC-_THIWeptnm2KJRIx0o-MsICAw3DouEA8tMraTR4pd5BKQqBTyoo3m4NYGlbgy7HGgSusPeiqJpsP3pV1qRUs0-d-e1-ft-768x460.png 768w\" sizes=\"(max-width: 999px) 100vw, 999px\" \/><\/figure>\n\n\n\n<p>Segundo o presidente da Abar (Associa\u00e7\u00e3o Brasileira de Ag\u00eancias Reguladoras), Vin\u00edcius Benevides, as reguladoras\u00a0n\u00e3o ter\u00e3o dinheiro para o ano todo.\u00a0\u201cEsse corte de quase 25% [anunciado em maio] significa, no fundo, que as ag\u00eancias t\u00eam or\u00e7amento s\u00f3 para nove meses. A partir de outubro, [elas] n\u00e3o t\u00eam mais or\u00e7amento\u201d, disse Benevides \u00e0\u00a0<strong>Ag\u00eancia iNFRA<\/strong>.\u00a0<br><br>Ele destaca dois projetos do senador La\u00e9rcio Oliveira (PP-SE) sobre a autonomia financeira das ag\u00eancias federais: o <a href=\"https:\/\/www25.senado.leg.br\/web\/atividade\/materias\/-\/materia\/167850\">PLP (Projeto de Lei Complementar) 73\/2025<\/a>, para limitar o contingenciamento do or\u00e7amento; e o <a href=\"https:\/\/www25.senado.leg.br\/web\/atividade\/materias\/-\/materia\/167849#:~:text=Projeto%20de%20Lei%20n\u00b0%201374%2C%20de%202025&amp;text=O%20objetivo%20\u00e9%20detalhar%20a,para%20o%20funcionamento%20da%20ag\u00eancia).\">PL (Projeto de Lei) 1.374\/2025<\/a>, que permite manter despesas relacionadas \u00e0s atividades-fim das ag\u00eancias, desde que custeadas por receitas pr\u00f3prias.<br><br>Para o presidente da Abar, os cortes or\u00e7ament\u00e1rios somam-se a um cen\u00e1rio de enfraquecimento das 11 ag\u00eancias reguladoras, cujos colegiados est\u00e3o ocupados por diretores interinos. &#8220;N\u00e3o h\u00e1 sabatina no Senado para diretor de ag\u00eancia h\u00e1 cerca de tr\u00eas anos&#8221;, disse Benevides.<br><br><strong>&#8220;Estrago&#8221; na ANP<\/strong><br>O ex-diretor-geral da ANP Rodolfo Saboia, que deixou o cargo em dezembro de 2024, afirma que o estrago que vem sendo feito na ANP \u201cn\u00e3o \u00e9 de hoje\u201d.<br><br>Segundo Saboia, em entrevista \u00e0\u00a0<strong>Ag\u00eancia iNFRA<\/strong>, uma vez imposto o corte pelo governo, n\u00e3o h\u00e1 muito espa\u00e7o para podar o or\u00e7amento, e a estrat\u00e9gia \u00e9 reduzir o custo com os programas mais caros.<br><br>&#8220;N\u00e3o adianta cortar cafezinho. Tem que entrar nos programas mais caros mesmo, como as parcerias com universidades para monitoramento da qualidade dos combust\u00edveis, basicamente o que j\u00e1 foi feito no passado. \u00c9 lament\u00e1vel que a regula\u00e7\u00e3o de uma atividade que arrecada tanto para o pa\u00eds seja sacrificada desta forma&#8221;, diz.<br><br>Saboia lembra que a ANP j\u00e1 sofre com falta de pessoal concursado e defici\u00eancias em materiais de competi\u00e7\u00e3o, o que contribuiu para os sistemas da ag\u00eancia terem sofrido\u00a0uma invas\u00e3o hacker, em agosto de 2022. Sobre o quadro da ag\u00eancia, Saboia destaca que foi convocado um concurso, mas ainda com vagas insuficientes para abarcar novas atribui\u00e7\u00f5es que t\u00eam reca\u00eddo sobre a ANP, casos da estocagem de carbono e da produ\u00e7\u00e3o de hidrog\u00eanio.<br><br><strong>ANEEL pede servidores cedidos\u00a0<\/strong><br>Com o or\u00e7amento reduzido, demiss\u00e3o de terceirizados e suspens\u00e3o do treinamento de novos servidores, o diretor-geral da ANEEL, Sandoval Feitosa, enviou of\u00edcio ao MME (Minist\u00e9rio de Minas e Energia) na \u00faltima quinta-feira (26) solicitando a <a href=\"https:\/\/agenciainfra.com\/blog\/aneel-pede-ao-mme-retorno-de-servidores-cedidos-lista-inclui-secretario-de-energia-eletrica-presidente-da-epe-e-diretor-de-itaipu\/\">devolu\u00e7\u00e3o dos servidores<\/a> cedidos. Dentre os nomes listados no documento est\u00e1 o do secret\u00e1rio nacional de Energia El\u00e9trica, Gentil Nogueira, que atua como ministro interino ao longo desta semana, durante viagem do ministro Alexandre Silveira ao exterior (de 30 de junho a 3 de julho).<br><br>O of\u00edcio tamb\u00e9m pede o retorno do atual presidente da EPE (Empresa de Pesquisa Energ\u00e9tica), Thiago Prado, e de mais dois diretores da estatal de planejamento: Carlos Cabral e Reinaldo Garcia. A medida deixaria tr\u00eas das cinco cadeiras da diretoria da estatal vagas. Al\u00e9m disso, Sandoval Feitosa solicita o retorno do diretor financeiro de Itaipu, Andr\u00e9 Pepitone, que \u00e9 ex-diretor-geral da ANEEL.<br><br>Tamb\u00e9m est\u00e3o na lista nomes do quadro da Secretaria-Executiva do MME, como o secret\u00e1rio-executivo adjunto, Fernando Colli; a diretora de programa, Isabela Vieira, e a assessora especial Alexandra de Carvalho. Solicita, ainda, a volta \u00e0 ag\u00eancia do diretor do departamento de Pol\u00edticas Setoriais do MME, Frederico Teles. Em Itaipu, al\u00e9m do diretor financeiro, h\u00e1 o pedido de retorno do assessor Luiz Gustavo Cugler.\u00a0<br><br>O documento menciona o contingenciamento or\u00e7ament\u00e1rio sofrido pela ag\u00eancia e a necessidade de servidores qualificados no quadro por um \u201crisco iminente\u201d de que as atividades sejam afetadas de \u201cmodo cr\u00edtico\u201d.<br><br><strong>Repasse or\u00e7ament\u00e1rio<\/strong><br>As ag\u00eancias apresentaram medidas de contingenciamento de gastos diante de cortes no or\u00e7amento, entre as quais suspens\u00e3o de programas e de atendimento aos consumidores, al\u00e9m de demiss\u00e3o de terceirizados.<br><br>Um of\u00edcio encaminhado pela ANEEL ao MME solicita acr\u00e9scimo or\u00e7ament\u00e1rio. O pedido \u00e9 para aux\u00edlio na interlocu\u00e7\u00e3o com a equipe econ\u00f4mica para desbloqueio do or\u00e7amento, al\u00e9m de libera\u00e7\u00e3o de recursos da pr\u00f3pria pasta para a reguladora.<br><br>A\u00a0<strong>Ag\u00eancia iNFRA\u00a0<\/strong>perguntou ao MME se a pasta pretende articular a recomposi\u00e7\u00e3o do or\u00e7amento das ag\u00eancias vinculadas ou liberar recursos pr\u00f3prios, mas n\u00e3o obteve resposta at\u00e9 o fechamento desta reportagem.<\/p>\n","protected":false},"excerpt":{"rendered":"<p>Lais Carregosa, Marisa Wanzeller e Gabriel Vasconcelos, da Ag\u00eancia iNFRA As ag\u00eancias reguladoras de energia t\u00eam em 2025 o menor or\u00e7amento em dez anos, com os cortes promovidos em maio pelo governo. Desde 2015, a ANP (Ag\u00eancia Nacional do Petr\u00f3leo, G\u00e1s Natural e Biocombust\u00edveis) viu o seu or\u00e7amento cair 81,2%, em valores corrigidos pela infla\u00e7\u00e3o. [&hellip;]<\/p>\n","protected":false},"author":1,"featured_media":16972,"comment_status":"closed","ping_status":"closed","sticky":false,"template":"","format":"standard","meta":{"_monsterinsights_skip_tracking":false,"_monsterinsights_sitenote_active":false,"_monsterinsights_sitenote_note":"","_monsterinsights_sitenote_category":0,"footnotes":""},"categories":[7250,1,10],"tags":[46,13251,13132,7366,96,14077,14078,12936],"class_list":["post-23772","post","type-post","status-publish","format-standard","has-post-thumbnail","hentry","category-destaque-lista","category-geral","category-infraenergia","tag-agencias-reguladoras","tag-gabriel-vasconcelos","tag-lais-carregosa","tag-marisa-wanzeller","tag-ministerio-de-minas-e-energia","tag-orcamento-aneel","tag-orcamento-anp","tag-orcamento-das-agencias"],"yoast_head":"<!-- This site is optimized with the Yoast SEO Premium plugin v25.4 (Yoast SEO v26.0) - https:\/\/yoast.com\/wordpress\/plugins\/seo\/ -->\n<title>Ag\u00eancias reguladoras de energia funcionam com menor or\u00e7amento em dez anos - Ag\u00eancia iNFRA<\/title>\n<meta name=\"robots\" content=\"index, follow, max-snippet:-1, max-image-preview:large, max-video-preview:-1\" \/>\n<link rel=\"canonical\" href=\"https:\/\/agenciainfra.com\/blog\/agencias-reguladoras-de-energia-funcionam-com-menor-orcamento-em-dez-anos\/\" \/>\n<meta property=\"og:locale\" content=\"pt_BR\" \/>\n<meta property=\"og:type\" content=\"article\" \/>\n<meta property=\"og:title\" content=\"Ag\u00eancias reguladoras de energia funcionam com menor or\u00e7amento em dez anos\" \/>\n<meta property=\"og:description\" content=\"Lais Carregosa, Marisa Wanzeller e Gabriel Vasconcelos, da Ag\u00eancia iNFRA As ag\u00eancias reguladoras de energia t\u00eam em 2025 o menor or\u00e7amento em dez anos, com os cortes promovidos em maio pelo governo. Desde 2015, a ANP (Ag\u00eancia Nacional do Petr\u00f3leo, G\u00e1s Natural e Biocombust\u00edveis) viu o seu or\u00e7amento cair 81,2%, em valores corrigidos pela infla\u00e7\u00e3o. [&hellip;]\" \/>\n<meta property=\"og:url\" content=\"https:\/\/agenciainfra.com\/blog\/agencias-reguladoras-de-energia-funcionam-com-menor-orcamento-em-dez-anos\/\" \/>\n<meta property=\"og:site_name\" content=\"Ag\u00eancia iNFRA\" \/>\n<meta property=\"article:publisher\" content=\"https:\/\/www.facebook.com\/ageninfra\" \/>\n<meta property=\"article:published_time\" content=\"2025-06-30T12:00:00+00:00\" \/>\n<meta property=\"article:modified_time\" content=\"2025-07-01T13:39:27+00:00\" \/>\n<meta property=\"og:image\" content=\"https:\/\/agenciainfra.com\/blog\/wp-content\/uploads\/2024\/06\/mme-minas-energia-predio-foto-governo-federal.jpeg\" \/>\n\t<meta property=\"og:image:width\" content=\"1202\" \/>\n\t<meta property=\"og:image:height\" content=\"773\" \/>\n\t<meta property=\"og:image:type\" content=\"image\/jpeg\" \/>\n<meta name=\"author\" content=\"Ag\u00eancia iNFRA\" \/>\n<meta name=\"twitter:card\" content=\"summary_large_image\" \/>\n<meta name=\"twitter:creator\" content=\"@agencia_infra\" \/>\n<meta name=\"twitter:site\" content=\"@agencia_infra\" \/>\n<meta name=\"twitter:label1\" content=\"Escrito por\" \/>\n\t<meta name=\"twitter:data1\" content=\"Ag\u00eancia iNFRA\" \/>\n\t<meta name=\"twitter:label2\" content=\"Est. tempo de leitura\" \/>\n\t<meta name=\"twitter:data2\" content=\"5 minutos\" \/>\n<script type=\"application\/ld+json\" class=\"yoast-schema-graph\">{\"@context\":\"https:\/\/schema.org\",\"@graph\":[{\"@type\":\"Article\",\"@id\":\"https:\/\/agenciainfra.com\/blog\/agencias-reguladoras-de-energia-funcionam-com-menor-orcamento-em-dez-anos\/#article\",\"isPartOf\":{\"@id\":\"https:\/\/agenciainfra.com\/blog\/agencias-reguladoras-de-energia-funcionam-com-menor-orcamento-em-dez-anos\/\"},\"author\":{\"name\":\"Ag\u00eancia iNFRA\",\"@id\":\"https:\/\/agenciainfra.com\/blog\/#\/schema\/person\/34af08dff6adea4cb22b06612ba7acfa\"},\"headline\":\"Ag\u00eancias reguladoras de energia funcionam com menor or\u00e7amento em dez anos\",\"datePublished\":\"2025-06-30T12:00:00+00:00\",\"dateModified\":\"2025-07-01T13:39:27+00:00\",\"mainEntityOfPage\":{\"@id\":\"https:\/\/agenciainfra.com\/blog\/agencias-reguladoras-de-energia-funcionam-com-menor-orcamento-em-dez-anos\/\"},\"wordCount\":989,\"publisher\":{\"@id\":\"https:\/\/agenciainfra.com\/blog\/#organization\"},\"image\":{\"@id\":\"https:\/\/agenciainfra.com\/blog\/agencias-reguladoras-de-energia-funcionam-com-menor-orcamento-em-dez-anos\/#primaryimage\"},\"thumbnailUrl\":\"https:\/\/agenciainfra.com\/blog\/wp-content\/uploads\/2024\/06\/mme-minas-energia-predio-foto-governo-federal.jpeg\",\"keywords\":[\"Ag\u00eancias Reguladoras\",\"Gabriel Vasconcelos\",\"Lais Carregosa\",\"Marisa Wanzeller\",\"Minist\u00e9rio de Minas e Energia\",\"or\u00e7amento aneel\",\"or\u00e7amento anp\",\"or\u00e7amento das ag\u00eancias\"],\"articleSection\":[\"Destaque lista\",\"Geral\",\"iNFRAEnergia\"],\"inLanguage\":\"pt-BR\",\"copyrightYear\":\"2025\",\"copyrightHolder\":{\"@id\":\"https:\/\/agenciainfra.com\/blog\/#organization\"}},{\"@type\":\"WebPage\",\"@id\":\"https:\/\/agenciainfra.com\/blog\/agencias-reguladoras-de-energia-funcionam-com-menor-orcamento-em-dez-anos\/\",\"url\":\"https:\/\/agenciainfra.com\/blog\/agencias-reguladoras-de-energia-funcionam-com-menor-orcamento-em-dez-anos\/\",\"name\":\"Ag\u00eancias reguladoras de energia funcionam com menor or\u00e7amento em dez anos - Ag\u00eancia iNFRA\",\"isPartOf\":{\"@id\":\"https:\/\/agenciainfra.com\/blog\/#website\"},\"primaryImageOfPage\":{\"@id\":\"https:\/\/agenciainfra.com\/blog\/agencias-reguladoras-de-energia-funcionam-com-menor-orcamento-em-dez-anos\/#primaryimage\"},\"image\":{\"@id\":\"https:\/\/agenciainfra.com\/blog\/agencias-reguladoras-de-energia-funcionam-com-menor-orcamento-em-dez-anos\/#primaryimage\"},\"thumbnailUrl\":\"https:\/\/agenciainfra.com\/blog\/wp-content\/uploads\/2024\/06\/mme-minas-energia-predio-foto-governo-federal.jpeg\",\"datePublished\":\"2025-06-30T12:00:00+00:00\",\"dateModified\":\"2025-07-01T13:39:27+00:00\",\"breadcrumb\":{\"@id\":\"https:\/\/agenciainfra.com\/blog\/agencias-reguladoras-de-energia-funcionam-com-menor-orcamento-em-dez-anos\/#breadcrumb\"},\"inLanguage\":\"pt-BR\",\"potentialAction\":[{\"@type\":\"ReadAction\",\"target\":[\"https:\/\/agenciainfra.com\/blog\/agencias-reguladoras-de-energia-funcionam-com-menor-orcamento-em-dez-anos\/\"]}]},{\"@type\":\"ImageObject\",\"inLanguage\":\"pt-BR\",\"@id\":\"https:\/\/agenciainfra.com\/blog\/agencias-reguladoras-de-energia-funcionam-com-menor-orcamento-em-dez-anos\/#primaryimage\",\"url\":\"https:\/\/agenciainfra.com\/blog\/wp-content\/uploads\/2024\/06\/mme-minas-energia-predio-foto-governo-federal.jpeg\",\"contentUrl\":\"https:\/\/agenciainfra.com\/blog\/wp-content\/uploads\/2024\/06\/mme-minas-energia-predio-foto-governo-federal.jpeg\",\"width\":1202,\"height\":773,\"caption\":\"Foto: MME\"},{\"@type\":\"BreadcrumbList\",\"@id\":\"https:\/\/agenciainfra.com\/blog\/agencias-reguladoras-de-energia-funcionam-com-menor-orcamento-em-dez-anos\/#breadcrumb\",\"itemListElement\":[{\"@type\":\"ListItem\",\"position\":1,\"name\":\"In\u00edcio\",\"item\":\"https:\/\/agenciainfra.com\/blog\/\"},{\"@type\":\"ListItem\",\"position\":2,\"name\":\"Ag\u00eancias reguladoras de energia funcionam com menor or\u00e7amento em dez anos\"}]},{\"@type\":\"WebSite\",\"@id\":\"https:\/\/agenciainfra.com\/blog\/#website\",\"url\":\"https:\/\/agenciainfra.com\/blog\/\",\"name\":\"Ag\u00eancia iNFRA\",\"description\":\"Multiplataforma de informa\u00e7\u00e3o jornal\u00edstica refer\u00eancia na \u00e1rea de infraestrutura no Brasil!\",\"publisher\":{\"@id\":\"https:\/\/agenciainfra.com\/blog\/#organization\"},\"potentialAction\":[{\"@type\":\"SearchAction\",\"target\":{\"@type\":\"EntryPoint\",\"urlTemplate\":\"https:\/\/agenciainfra.com\/blog\/?s={search_term_string}\"},\"query-input\":{\"@type\":\"PropertyValueSpecification\",\"valueRequired\":true,\"valueName\":\"search_term_string\"}}],\"inLanguage\":\"pt-BR\"},{\"@type\":\"Organization\",\"@id\":\"https:\/\/agenciainfra.com\/blog\/#organization\",\"name\":\"Ag\u00eancia iNFRA\",\"url\":\"https:\/\/agenciainfra.com\/blog\/\",\"logo\":{\"@type\":\"ImageObject\",\"inLanguage\":\"pt-BR\",\"@id\":\"https:\/\/agenciainfra.com\/blog\/#\/schema\/logo\/image\/\",\"url\":\"https:\/\/agenciainfra.com\/blog\/wp-content\/uploads\/2023\/09\/iNFRA_5-e1761735885940.png\",\"contentUrl\":\"https:\/\/agenciainfra.com\/blog\/wp-content\/uploads\/2023\/09\/iNFRA_5-e1761735885940.png\",\"width\":1672,\"height\":454,\"caption\":\"Ag\u00eancia iNFRA\"},\"image\":{\"@id\":\"https:\/\/agenciainfra.com\/blog\/#\/schema\/logo\/image\/\"},\"sameAs\":[\"https:\/\/www.facebook.com\/ageninfra\",\"https:\/\/x.com\/agencia_infra\",\"https:\/\/www.linkedin.com\/company\/ag\u00eanciainfra\/\",\"https:\/\/www.instagram.com\/agenciainfra\/\"]},{\"@type\":\"Person\",\"@id\":\"https:\/\/agenciainfra.com\/blog\/#\/schema\/person\/34af08dff6adea4cb22b06612ba7acfa\",\"name\":\"Ag\u00eancia iNFRA\",\"image\":{\"@type\":\"ImageObject\",\"inLanguage\":\"pt-BR\",\"@id\":\"https:\/\/agenciainfra.com\/blog\/#\/schema\/person\/image\/\",\"url\":\"https:\/\/secure.gravatar.com\/avatar\/d189e01678f06d8eb84d4e01f08eb848b3fffe3f8443818d3c356c66892f5be8?s=96&d=mm&r=g\",\"contentUrl\":\"https:\/\/secure.gravatar.com\/avatar\/d189e01678f06d8eb84d4e01f08eb848b3fffe3f8443818d3c356c66892f5be8?s=96&d=mm&r=g\",\"caption\":\"Ag\u00eancia iNFRA\"},\"url\":\"https:\/\/agenciainfra.com\/blog\/author\/admin\/\"}]}<\/script>\n<!-- \/ Yoast SEO Premium plugin. -->","yoast_head_json":{"title":"Ag\u00eancias reguladoras de energia funcionam com menor or\u00e7amento em dez anos - Ag\u00eancia iNFRA","robots":{"index":"index","follow":"follow","max-snippet":"max-snippet:-1","max-image-preview":"max-image-preview:large","max-video-preview":"max-video-preview:-1"},"canonical":"https:\/\/agenciainfra.com\/blog\/agencias-reguladoras-de-energia-funcionam-com-menor-orcamento-em-dez-anos\/","og_locale":"pt_BR","og_type":"article","og_title":"Ag\u00eancias reguladoras de energia funcionam com menor or\u00e7amento em dez anos","og_description":"Lais Carregosa, Marisa Wanzeller e Gabriel Vasconcelos, da Ag\u00eancia iNFRA As ag\u00eancias reguladoras de energia t\u00eam em 2025 o menor or\u00e7amento em dez anos, com os cortes promovidos em maio pelo governo. Desde 2015, a ANP (Ag\u00eancia Nacional do Petr\u00f3leo, G\u00e1s Natural e Biocombust\u00edveis) viu o seu or\u00e7amento cair 81,2%, em valores corrigidos pela infla\u00e7\u00e3o. [&hellip;]","og_url":"https:\/\/agenciainfra.com\/blog\/agencias-reguladoras-de-energia-funcionam-com-menor-orcamento-em-dez-anos\/","og_site_name":"Ag\u00eancia iNFRA","article_publisher":"https:\/\/www.facebook.com\/ageninfra","article_published_time":"2025-06-30T12:00:00+00:00","article_modified_time":"2025-07-01T13:39:27+00:00","og_image":[{"width":1202,"height":773,"url":"https:\/\/agenciainfra.com\/blog\/wp-content\/uploads\/2024\/06\/mme-minas-energia-predio-foto-governo-federal.jpeg","type":"image\/jpeg"}],"author":"Ag\u00eancia iNFRA","twitter_card":"summary_large_image","twitter_creator":"@agencia_infra","twitter_site":"@agencia_infra","twitter_misc":{"Escrito por":"Ag\u00eancia iNFRA","Est. tempo de leitura":"5 minutos"},"schema":{"@context":"https:\/\/schema.org","@graph":[{"@type":"Article","@id":"https:\/\/agenciainfra.com\/blog\/agencias-reguladoras-de-energia-funcionam-com-menor-orcamento-em-dez-anos\/#article","isPartOf":{"@id":"https:\/\/agenciainfra.com\/blog\/agencias-reguladoras-de-energia-funcionam-com-menor-orcamento-em-dez-anos\/"},"author":{"name":"Ag\u00eancia iNFRA","@id":"https:\/\/agenciainfra.com\/blog\/#\/schema\/person\/34af08dff6adea4cb22b06612ba7acfa"},"headline":"Ag\u00eancias reguladoras de energia funcionam com menor or\u00e7amento em dez anos","datePublished":"2025-06-30T12:00:00+00:00","dateModified":"2025-07-01T13:39:27+00:00","mainEntityOfPage":{"@id":"https:\/\/agenciainfra.com\/blog\/agencias-reguladoras-de-energia-funcionam-com-menor-orcamento-em-dez-anos\/"},"wordCount":989,"publisher":{"@id":"https:\/\/agenciainfra.com\/blog\/#organization"},"image":{"@id":"https:\/\/agenciainfra.com\/blog\/agencias-reguladoras-de-energia-funcionam-com-menor-orcamento-em-dez-anos\/#primaryimage"},"thumbnailUrl":"https:\/\/agenciainfra.com\/blog\/wp-content\/uploads\/2024\/06\/mme-minas-energia-predio-foto-governo-federal.jpeg","keywords":["Ag\u00eancias Reguladoras","Gabriel Vasconcelos","Lais Carregosa","Marisa Wanzeller","Minist\u00e9rio de Minas e Energia","or\u00e7amento aneel","or\u00e7amento anp","or\u00e7amento das ag\u00eancias"],"articleSection":["Destaque lista","Geral","iNFRAEnergia"],"inLanguage":"pt-BR","copyrightYear":"2025","copyrightHolder":{"@id":"https:\/\/agenciainfra.com\/blog\/#organization"}},{"@type":"WebPage","@id":"https:\/\/agenciainfra.com\/blog\/agencias-reguladoras-de-energia-funcionam-com-menor-orcamento-em-dez-anos\/","url":"https:\/\/agenciainfra.com\/blog\/agencias-reguladoras-de-energia-funcionam-com-menor-orcamento-em-dez-anos\/","name":"Ag\u00eancias reguladoras de energia funcionam com menor or\u00e7amento em dez anos - Ag\u00eancia iNFRA","isPartOf":{"@id":"https:\/\/agenciainfra.com\/blog\/#website"},"primaryImageOfPage":{"@id":"https:\/\/agenciainfra.com\/blog\/agencias-reguladoras-de-energia-funcionam-com-menor-orcamento-em-dez-anos\/#primaryimage"},"image":{"@id":"https:\/\/agenciainfra.com\/blog\/agencias-reguladoras-de-energia-funcionam-com-menor-orcamento-em-dez-anos\/#primaryimage"},"thumbnailUrl":"https:\/\/agenciainfra.com\/blog\/wp-content\/uploads\/2024\/06\/mme-minas-energia-predio-foto-governo-federal.jpeg","datePublished":"2025-06-30T12:00:00+00:00","dateModified":"2025-07-01T13:39:27+00:00","breadcrumb":{"@id":"https:\/\/agenciainfra.com\/blog\/agencias-reguladoras-de-energia-funcionam-com-menor-orcamento-em-dez-anos\/#breadcrumb"},"inLanguage":"pt-BR","potentialAction":[{"@type":"ReadAction","target":["https:\/\/agenciainfra.com\/blog\/agencias-reguladoras-de-energia-funcionam-com-menor-orcamento-em-dez-anos\/"]}]},{"@type":"ImageObject","inLanguage":"pt-BR","@id":"https:\/\/agenciainfra.com\/blog\/agencias-reguladoras-de-energia-funcionam-com-menor-orcamento-em-dez-anos\/#primaryimage","url":"https:\/\/agenciainfra.com\/blog\/wp-content\/uploads\/2024\/06\/mme-minas-energia-predio-foto-governo-federal.jpeg","contentUrl":"https:\/\/agenciainfra.com\/blog\/wp-content\/uploads\/2024\/06\/mme-minas-energia-predio-foto-governo-federal.jpeg","width":1202,"height":773,"caption":"Foto: MME"},{"@type":"BreadcrumbList","@id":"https:\/\/agenciainfra.com\/blog\/agencias-reguladoras-de-energia-funcionam-com-menor-orcamento-em-dez-anos\/#breadcrumb","itemListElement":[{"@type":"ListItem","position":1,"name":"In\u00edcio","item":"https:\/\/agenciainfra.com\/blog\/"},{"@type":"ListItem","position":2,"name":"Ag\u00eancias reguladoras de energia funcionam com menor or\u00e7amento em dez anos"}]},{"@type":"WebSite","@id":"https:\/\/agenciainfra.com\/blog\/#website","url":"https:\/\/agenciainfra.com\/blog\/","name":"Ag\u00eancia iNFRA","description":"Multiplataforma de informa\u00e7\u00e3o jornal\u00edstica refer\u00eancia na \u00e1rea de infraestrutura no Brasil!","publisher":{"@id":"https:\/\/agenciainfra.com\/blog\/#organization"},"potentialAction":[{"@type":"SearchAction","target":{"@type":"EntryPoint","urlTemplate":"https:\/\/agenciainfra.com\/blog\/?s={search_term_string}"},"query-input":{"@type":"PropertyValueSpecification","valueRequired":true,"valueName":"search_term_string"}}],"inLanguage":"pt-BR"},{"@type":"Organization","@id":"https:\/\/agenciainfra.com\/blog\/#organization","name":"Ag\u00eancia iNFRA","url":"https:\/\/agenciainfra.com\/blog\/","logo":{"@type":"ImageObject","inLanguage":"pt-BR","@id":"https:\/\/agenciainfra.com\/blog\/#\/schema\/logo\/image\/","url":"https:\/\/agenciainfra.com\/blog\/wp-content\/uploads\/2023\/09\/iNFRA_5-e1761735885940.png","contentUrl":"https:\/\/agenciainfra.com\/blog\/wp-content\/uploads\/2023\/09\/iNFRA_5-e1761735885940.png","width":1672,"height":454,"caption":"Ag\u00eancia iNFRA"},"image":{"@id":"https:\/\/agenciainfra.com\/blog\/#\/schema\/logo\/image\/"},"sameAs":["https:\/\/www.facebook.com\/ageninfra","https:\/\/x.com\/agencia_infra","https:\/\/www.linkedin.com\/company\/ag\u00eanciainfra\/","https:\/\/www.instagram.com\/agenciainfra\/"]},{"@type":"Person","@id":"https:\/\/agenciainfra.com\/blog\/#\/schema\/person\/34af08dff6adea4cb22b06612ba7acfa","name":"Ag\u00eancia iNFRA","image":{"@type":"ImageObject","inLanguage":"pt-BR","@id":"https:\/\/agenciainfra.com\/blog\/#\/schema\/person\/image\/","url":"https:\/\/secure.gravatar.com\/avatar\/d189e01678f06d8eb84d4e01f08eb848b3fffe3f8443818d3c356c66892f5be8?s=96&d=mm&r=g","contentUrl":"https:\/\/secure.gravatar.com\/avatar\/d189e01678f06d8eb84d4e01f08eb848b3fffe3f8443818d3c356c66892f5be8?s=96&d=mm&r=g","caption":"Ag\u00eancia iNFRA"},"url":"https:\/\/agenciainfra.com\/blog\/author\/admin\/"}]}},"_links":{"self":[{"href":"https:\/\/agenciainfra.com\/blog\/wp-json\/wp\/v2\/posts\/23772","targetHints":{"allow":["GET"]}}],"collection":[{"href":"https:\/\/agenciainfra.com\/blog\/wp-json\/wp\/v2\/posts"}],"about":[{"href":"https:\/\/agenciainfra.com\/blog\/wp-json\/wp\/v2\/types\/post"}],"author":[{"embeddable":true,"href":"https:\/\/agenciainfra.com\/blog\/wp-json\/wp\/v2\/users\/1"}],"replies":[{"embeddable":true,"href":"https:\/\/agenciainfra.com\/blog\/wp-json\/wp\/v2\/comments?post=23772"}],"version-history":[{"count":2,"href":"https:\/\/agenciainfra.com\/blog\/wp-json\/wp\/v2\/posts\/23772\/revisions"}],"predecessor-version":[{"id":23789,"href":"https:\/\/agenciainfra.com\/blog\/wp-json\/wp\/v2\/posts\/23772\/revisions\/23789"}],"wp:featuredmedia":[{"embeddable":true,"href":"https:\/\/agenciainfra.com\/blog\/wp-json\/wp\/v2\/media\/16972"}],"wp:attachment":[{"href":"https:\/\/agenciainfra.com\/blog\/wp-json\/wp\/v2\/media?parent=23772"}],"wp:term":[{"taxonomy":"category","embeddable":true,"href":"https:\/\/agenciainfra.com\/blog\/wp-json\/wp\/v2\/categories?post=23772"},{"taxonomy":"post_tag","embeddable":true,"href":"https:\/\/agenciainfra.com\/blog\/wp-json\/wp\/v2\/tags?post=23772"}],"curies":[{"name":"wp","href":"https:\/\/api.w.org\/{rel}","templated":true}]}}