{"id":23842,"date":"2025-07-01T08:00:00","date_gmt":"2025-07-01T11:00:00","guid":{"rendered":"https:\/\/agenciainfra.com\/blog\/?p=23842"},"modified":"2025-07-01T17:47:47","modified_gmt":"2025-07-01T20:47:47","slug":"area-tecnica-da-aneel-propoe-regra-mais-flexivel-para-diferimento-tarifario-de-distribuidoras","status":"publish","type":"post","link":"https:\/\/agenciainfra.com\/blog\/area-tecnica-da-aneel-propoe-regra-mais-flexivel-para-diferimento-tarifario-de-distribuidoras\/","title":{"rendered":"\u00c1rea t\u00e9cnica da ANEEL prop\u00f5e regra mais flex\u00edvel para diferimento tarif\u00e1rio de distribuidoras"},"content":{"rendered":"\n<p class=\"has-text-align-right\"><strong>Geraldo Campos Jr. e Marisa Wanzeller, da Ag\u00eancia iNFRA<\/strong><\/p>\n\n\n\n<p>A \u00e1rea t\u00e9cnica da ANEEL (Ag\u00eancia Nacional de Energia El\u00e9trica) prop\u00f4s regras mais flex\u00edveis para a concess\u00e3o de diferimentos financeiros nas tarifas de distribui\u00e7\u00e3o de energia. Ap\u00f3s conclus\u00e3o da CP (Consulta P\u00fablica) 8\/2025, que trata da regulamenta\u00e7\u00e3o dos diferimentos, foi exclu\u00eddo um dos tr\u00eas requisitos para admissibilidade dos pedidos que haviam sido propostos inicialmente. O processo est\u00e1 na pauta da reuni\u00e3o da diretoria desta ter\u00e7a-feira (1\u00ba).<br><br>Conforme a&nbsp;<a href=\"https:\/\/agenciainfra.us14.list-manage.com\/track\/click?u=d460dd1bcf9ba0ae040e1fc0f&amp;id=6ca2fe45cb&amp;e=1192c754bc\" target=\"_blank\" rel=\"noreferrer noopener\">Nota T\u00e9cnica 150\/2025<\/a>, emitida na \u00faltima sexta-feira (27) pela STR (Superintend\u00eancia de Gest\u00e3o Tarif\u00e1ria e Regula\u00e7\u00e3o Econ\u00f4mica), foi exclu\u00eddo o requisito que exigia que os dois \u00faltimos reajustes da distribuidora estivessem dentro do intervalo de -1,6% e 12,9% para que ela fosse pass\u00edvel de diferimento atualmente.<br><br>Essa exig\u00eancia havia provocado&nbsp;<a href=\"https:\/\/agenciainfra.com\/blog\/distribuidoras-discordam-da-aneel-sobre-diferimentos-tarifarios\/\" target=\"_blank\" rel=\"noreferrer noopener\">discord\u00e2ncia das distribuidoras<\/a>. A Abradee (Associa\u00e7\u00e3o Brasileira de Distribuidores de Energia) entendia que os crit\u00e9rios levados \u00e0 consulta p\u00fablica pela reguladora eram \u201cmuito determinativos\u201d e \u201csem muita margem de flexibilidade&#8221;. Por conta disso, pedia que a ag\u00eancia focasse em regras que analisassem previs\u00f5es para o futuro e n\u00e3o em fatos que j\u00e1 passaram.&nbsp;<br><br>Os argumentos das distribuidoras tinham apoio do diretor Fernando Mosna, como ele j\u00e1 havia demonstrado&nbsp;em reuni\u00e3o da diretoria da ag\u00eancia. Mosna alegou&nbsp;ser importante levar em considera\u00e7\u00e3o a contribui\u00e7\u00e3o da Abradee, no sentido de dar \u00eanfase ao crit\u00e9rio que analisa o impacto do diferimento no processo tarif\u00e1rio futuro.<br><br>A percep\u00e7\u00e3o no segmento, segundo fontes, \u00e9 de que a nova nota t\u00e9cnica est\u00e1 mais alinhada aos pleitos das empresas, mesmo que n\u00e3o tenha atendido a todos.<br><br><strong>Exig\u00eancias<\/strong><br>A \u00e1rea t\u00e9cnica recomendou que sejam avaliados dois crit\u00e9rios para a concess\u00e3o do diferimento, que considerar\u00e3o uma faixa t\u00edpica de reajustes e o reflexo no processo tarif\u00e1rio no ano seguinte. Dessa forma, se ao menos um requisito for atendido, a distribuidora j\u00e1 poder\u00e1 ter o pedido de diferimento analisado.<br><br>\u201cA proposta aqui apresentada \u00e9 mais simples e flex\u00edvel em rela\u00e7\u00e3o \u00e0 que foi trazida na CP 8\/2025 e consegue tratar um n\u00famero maior de processos tarif\u00e1rios\u201d, assinalou a STR, no documento.<br><br>As duas regras s\u00e3o:<\/p>\n\n\n\n<ol class=\"wp-block-list\">\n<li><strong>Faixa t\u00edpica&nbsp;<\/strong>&#8211; O reajuste avaliado precisa ficar fora da chamada faixa t\u00edpica (m\u00e9dia) de reajustes tarif\u00e1rios. Ou seja, com base no cen\u00e1rio atual, s\u00f3 seria eleg\u00edvel para diferimento os processos tarif\u00e1rios cujos efeitos fossem fora do intervalo central de -1,5% a 12,1%.<\/li>\n\n\n\n<li><strong>Amplitude de refer\u00eancia<\/strong>&nbsp;&#8211; A diferen\u00e7a entre os efeitos m\u00e9dios projetados dos processos tarif\u00e1rios do ano corrente (N) e do ano seguinte (N+1) precisar\u00e1 ser maior do que a chamada amplitude de refer\u00eancia, ou seja, uma diferen\u00e7a acima de 13,6 pontos, com base no cen\u00e1rio atual, para a empresa ficar eleg\u00edvel ao diferimento.&nbsp;<\/li>\n<\/ol>\n\n\n\n<p>A nova proposta vai na linha do que foi sugerido na CP pela CPFL em sua\u00a0<a href=\"https:\/\/agenciainfra.us14.list-manage.com\/track\/click?u=d460dd1bcf9ba0ae040e1fc0f&amp;id=7df4260c7d&amp;e=1192c754bc\" target=\"_blank\" rel=\"noreferrer noopener\">contribui\u00e7\u00e3o<\/a>. Anteriormente, a m\u00e9dia proposta pela ANEEL para an\u00e1lise considerava uma estat\u00edstica que levaria a uma faixa t\u00edpica de -4% e 15,6%, o que limitaria os diferimentos. A mudan\u00e7a sugerida pela distribuidora reduz a m\u00e9dia, permitindo que mais processos sejam eleg\u00edveis.<br><br>Conforme a nota t\u00e9cnica, a cada tr\u00eas anos a ANEEL dever\u00e1 publicar despacho atualizando a faixa t\u00edpica (m\u00e9dia) de reajustes e o percentual de amplitude de refer\u00eancia, que \u00e9 o limite em pontos percentuais da faixa t\u00edpica. Por exemplo, se a faixa t\u00edpica de reajustes for de zero a 11%, isso significa que a amplitude de refer\u00eancia ser\u00e1 de 11 pontos percentuais.<br><br>De acordo com a \u00e1rea t\u00e9cnica, a metodologia final para c\u00e1lculo da faixa t\u00edpica e da amplitude de refer\u00eancia precisar\u00e1 ser aprovada pela diretoria.<br><br>No caso da compara\u00e7\u00e3o com os anos anteriores, essa deixou de ser uma exig\u00eancia obrigat\u00f3ria e passou a ser tratada como uma \u201can\u00e1lise complementar\u201d e \u201cn\u00e3o vinculativa \u00e0 recomenda\u00e7\u00e3o da \u00e1rea t\u00e9cnica\u201d, com o objetivo apenas de \u201cavaliar se a distribuidora vem atuando de forma coerente com rela\u00e7\u00e3o aos pedidos de diferimento\u201d, explica\u00a0o documento.<br><br><strong>Onda de pedidos de diferimento<\/strong><br>A discuss\u00e3o sobre a regulamenta\u00e7\u00e3o dos diferimentos tarif\u00e1rios ocorre num ano em que h\u00e1 uma s\u00e9rie de pedidos desse tipo na ag\u00eancia. Segundo a Abradee, trata-se de um momento com uma tend\u00eancia de redu\u00e7\u00e3o de tarifas, na maioria dos casos, por diferentes motivos.<br><br>Em 2025, a ANEEL j\u00e1 se debru\u00e7ou sobre pedidos de diferimento de empresas como Light, CPFL Paulista e Enel Cear\u00e1, sendo que v\u00e1rios deles tiveram a discuss\u00e3o prolongada na diretoria\u00a0justamente pela falta de crit\u00e9rios estabelecidos para o processamento dos pedidos pelas empresas.<\/p>\n","protected":false},"excerpt":{"rendered":"<p>Geraldo Campos Jr. e Marisa Wanzeller, da Ag\u00eancia iNFRA A \u00e1rea t\u00e9cnica da ANEEL (Ag\u00eancia Nacional de Energia El\u00e9trica) prop\u00f4s regras mais flex\u00edveis para a concess\u00e3o de diferimentos financeiros nas tarifas de distribui\u00e7\u00e3o de energia. Ap\u00f3s conclus\u00e3o da CP (Consulta P\u00fablica) 8\/2025, que trata da regulamenta\u00e7\u00e3o dos diferimentos, foi exclu\u00eddo um dos tr\u00eas requisitos para [&hellip;]<\/p>\n","protected":false},"author":1,"featured_media":2916,"comment_status":"closed","ping_status":"closed","sticky":false,"template":"","format":"standard","meta":{"_monsterinsights_skip_tracking":false,"_monsterinsights_sitenote_active":false,"_monsterinsights_sitenote_note":"","_monsterinsights_sitenote_category":0,"footnotes":""},"categories":[1,10],"tags":[53,13022,292,282,11594,7366,12770,1386],"class_list":["post-23842","post","type-post","status-publish","format-standard","has-post-thumbnail","hentry","category-geral","category-infraenergia","tag-aneel","tag-diferimento-tarifario","tag-distribuidoras","tag-energia-eletrica","tag-geraldo-campos-jr","tag-marisa-wanzeller","tag-reuniao-aneel","tag-tarifas-de-energia"],"yoast_head":"<!-- This site is optimized with the Yoast SEO Premium plugin v25.4 (Yoast SEO v26.0) - https:\/\/yoast.com\/wordpress\/plugins\/seo\/ -->\n<title>\u00c1rea t\u00e9cnica da ANEEL prop\u00f5e regra mais flex\u00edvel para diferimento tarif\u00e1rio de distribuidoras - Ag\u00eancia iNFRA<\/title>\n<meta name=\"robots\" content=\"index, follow, max-snippet:-1, max-image-preview:large, max-video-preview:-1\" \/>\n<link rel=\"canonical\" href=\"https:\/\/agenciainfra.com\/blog\/area-tecnica-da-aneel-propoe-regra-mais-flexivel-para-diferimento-tarifario-de-distribuidoras\/\" \/>\n<meta property=\"og:locale\" content=\"pt_BR\" \/>\n<meta property=\"og:type\" content=\"article\" \/>\n<meta property=\"og:title\" content=\"\u00c1rea t\u00e9cnica da ANEEL prop\u00f5e regra mais flex\u00edvel para diferimento tarif\u00e1rio de distribuidoras\" \/>\n<meta property=\"og:description\" content=\"Geraldo Campos Jr. e Marisa Wanzeller, da Ag\u00eancia iNFRA A \u00e1rea t\u00e9cnica da ANEEL (Ag\u00eancia Nacional de Energia El\u00e9trica) prop\u00f4s regras mais flex\u00edveis para a concess\u00e3o de diferimentos financeiros nas tarifas de distribui\u00e7\u00e3o de energia. Ap\u00f3s conclus\u00e3o da CP (Consulta P\u00fablica) 8\/2025, que trata da regulamenta\u00e7\u00e3o dos diferimentos, foi exclu\u00eddo um dos tr\u00eas requisitos para [&hellip;]\" \/>\n<meta property=\"og:url\" content=\"https:\/\/agenciainfra.com\/blog\/area-tecnica-da-aneel-propoe-regra-mais-flexivel-para-diferimento-tarifario-de-distribuidoras\/\" \/>\n<meta property=\"og:site_name\" content=\"Ag\u00eancia iNFRA\" \/>\n<meta property=\"article:publisher\" content=\"https:\/\/www.facebook.com\/ageninfra\" \/>\n<meta property=\"article:published_time\" content=\"2025-07-01T11:00:00+00:00\" \/>\n<meta property=\"article:modified_time\" content=\"2025-07-01T20:47:47+00:00\" \/>\n<meta property=\"og:image\" content=\"https:\/\/agenciainfra.com\/blog\/wp-content\/uploads\/2019\/02\/distribuidoras-de-energia-marcello-casal-jr-agencia-brasil.jpg\" \/>\n\t<meta property=\"og:image:width\" content=\"1140\" \/>\n\t<meta property=\"og:image:height\" content=\"760\" \/>\n\t<meta property=\"og:image:type\" content=\"image\/jpeg\" \/>\n<meta name=\"author\" content=\"Ag\u00eancia iNFRA\" \/>\n<meta name=\"twitter:card\" content=\"summary_large_image\" \/>\n<meta name=\"twitter:creator\" content=\"@agencia_infra\" \/>\n<meta name=\"twitter:site\" content=\"@agencia_infra\" \/>\n<meta name=\"twitter:label1\" content=\"Escrito por\" \/>\n\t<meta name=\"twitter:data1\" content=\"Ag\u00eancia iNFRA\" \/>\n\t<meta name=\"twitter:label2\" content=\"Est. tempo de leitura\" \/>\n\t<meta name=\"twitter:data2\" content=\"4 minutos\" \/>\n<script type=\"application\/ld+json\" class=\"yoast-schema-graph\">{\"@context\":\"https:\/\/schema.org\",\"@graph\":[{\"@type\":\"Article\",\"@id\":\"https:\/\/agenciainfra.com\/blog\/area-tecnica-da-aneel-propoe-regra-mais-flexivel-para-diferimento-tarifario-de-distribuidoras\/#article\",\"isPartOf\":{\"@id\":\"https:\/\/agenciainfra.com\/blog\/area-tecnica-da-aneel-propoe-regra-mais-flexivel-para-diferimento-tarifario-de-distribuidoras\/\"},\"author\":{\"name\":\"Ag\u00eancia iNFRA\",\"@id\":\"https:\/\/agenciainfra.com\/blog\/#\/schema\/person\/34af08dff6adea4cb22b06612ba7acfa\"},\"headline\":\"\u00c1rea t\u00e9cnica da ANEEL prop\u00f5e regra mais flex\u00edvel para diferimento tarif\u00e1rio de distribuidoras\",\"datePublished\":\"2025-07-01T11:00:00+00:00\",\"dateModified\":\"2025-07-01T20:47:47+00:00\",\"mainEntityOfPage\":{\"@id\":\"https:\/\/agenciainfra.com\/blog\/area-tecnica-da-aneel-propoe-regra-mais-flexivel-para-diferimento-tarifario-de-distribuidoras\/\"},\"wordCount\":841,\"publisher\":{\"@id\":\"https:\/\/agenciainfra.com\/blog\/#organization\"},\"image\":{\"@id\":\"https:\/\/agenciainfra.com\/blog\/area-tecnica-da-aneel-propoe-regra-mais-flexivel-para-diferimento-tarifario-de-distribuidoras\/#primaryimage\"},\"thumbnailUrl\":\"https:\/\/agenciainfra.com\/blog\/wp-content\/uploads\/2019\/02\/distribuidoras-de-energia-marcello-casal-jr-agencia-brasil.jpg\",\"keywords\":[\"ANEEL\",\"diferimento tarif\u00e1rio\",\"distribuidoras\",\"energia el\u00e9trica\",\"Geraldo Campos Jr.\",\"Marisa Wanzeller\",\"reuni\u00e3o aneel\",\"tarifas de energia\"],\"articleSection\":[\"Geral\",\"iNFRAEnergia\"],\"inLanguage\":\"pt-BR\",\"copyrightYear\":\"2025\",\"copyrightHolder\":{\"@id\":\"https:\/\/agenciainfra.com\/blog\/#organization\"}},{\"@type\":\"WebPage\",\"@id\":\"https:\/\/agenciainfra.com\/blog\/area-tecnica-da-aneel-propoe-regra-mais-flexivel-para-diferimento-tarifario-de-distribuidoras\/\",\"url\":\"https:\/\/agenciainfra.com\/blog\/area-tecnica-da-aneel-propoe-regra-mais-flexivel-para-diferimento-tarifario-de-distribuidoras\/\",\"name\":\"\u00c1rea t\u00e9cnica da ANEEL prop\u00f5e regra mais flex\u00edvel para diferimento tarif\u00e1rio de distribuidoras - Ag\u00eancia iNFRA\",\"isPartOf\":{\"@id\":\"https:\/\/agenciainfra.com\/blog\/#website\"},\"primaryImageOfPage\":{\"@id\":\"https:\/\/agenciainfra.com\/blog\/area-tecnica-da-aneel-propoe-regra-mais-flexivel-para-diferimento-tarifario-de-distribuidoras\/#primaryimage\"},\"image\":{\"@id\":\"https:\/\/agenciainfra.com\/blog\/area-tecnica-da-aneel-propoe-regra-mais-flexivel-para-diferimento-tarifario-de-distribuidoras\/#primaryimage\"},\"thumbnailUrl\":\"https:\/\/agenciainfra.com\/blog\/wp-content\/uploads\/2019\/02\/distribuidoras-de-energia-marcello-casal-jr-agencia-brasil.jpg\",\"datePublished\":\"2025-07-01T11:00:00+00:00\",\"dateModified\":\"2025-07-01T20:47:47+00:00\",\"breadcrumb\":{\"@id\":\"https:\/\/agenciainfra.com\/blog\/area-tecnica-da-aneel-propoe-regra-mais-flexivel-para-diferimento-tarifario-de-distribuidoras\/#breadcrumb\"},\"inLanguage\":\"pt-BR\",\"potentialAction\":[{\"@type\":\"ReadAction\",\"target\":[\"https:\/\/agenciainfra.com\/blog\/area-tecnica-da-aneel-propoe-regra-mais-flexivel-para-diferimento-tarifario-de-distribuidoras\/\"]}]},{\"@type\":\"ImageObject\",\"inLanguage\":\"pt-BR\",\"@id\":\"https:\/\/agenciainfra.com\/blog\/area-tecnica-da-aneel-propoe-regra-mais-flexivel-para-diferimento-tarifario-de-distribuidoras\/#primaryimage\",\"url\":\"https:\/\/agenciainfra.com\/blog\/wp-content\/uploads\/2019\/02\/distribuidoras-de-energia-marcello-casal-jr-agencia-brasil.jpg\",\"contentUrl\":\"https:\/\/agenciainfra.com\/blog\/wp-content\/uploads\/2019\/02\/distribuidoras-de-energia-marcello-casal-jr-agencia-brasil.jpg\",\"width\":1140,\"height\":760,\"caption\":\"Foto: Marcello Casal Jr.\/Ag\u00eancia Brasil\"},{\"@type\":\"BreadcrumbList\",\"@id\":\"https:\/\/agenciainfra.com\/blog\/area-tecnica-da-aneel-propoe-regra-mais-flexivel-para-diferimento-tarifario-de-distribuidoras\/#breadcrumb\",\"itemListElement\":[{\"@type\":\"ListItem\",\"position\":1,\"name\":\"In\u00edcio\",\"item\":\"https:\/\/agenciainfra.com\/blog\/\"},{\"@type\":\"ListItem\",\"position\":2,\"name\":\"\u00c1rea t\u00e9cnica da ANEEL prop\u00f5e regra mais flex\u00edvel para diferimento tarif\u00e1rio de distribuidoras\"}]},{\"@type\":\"WebSite\",\"@id\":\"https:\/\/agenciainfra.com\/blog\/#website\",\"url\":\"https:\/\/agenciainfra.com\/blog\/\",\"name\":\"Ag\u00eancia iNFRA\",\"description\":\"Multiplataforma de informa\u00e7\u00e3o jornal\u00edstica refer\u00eancia na \u00e1rea de infraestrutura no Brasil!\",\"publisher\":{\"@id\":\"https:\/\/agenciainfra.com\/blog\/#organization\"},\"potentialAction\":[{\"@type\":\"SearchAction\",\"target\":{\"@type\":\"EntryPoint\",\"urlTemplate\":\"https:\/\/agenciainfra.com\/blog\/?s={search_term_string}\"},\"query-input\":{\"@type\":\"PropertyValueSpecification\",\"valueRequired\":true,\"valueName\":\"search_term_string\"}}],\"inLanguage\":\"pt-BR\"},{\"@type\":\"Organization\",\"@id\":\"https:\/\/agenciainfra.com\/blog\/#organization\",\"name\":\"Ag\u00eancia iNFRA\",\"url\":\"https:\/\/agenciainfra.com\/blog\/\",\"logo\":{\"@type\":\"ImageObject\",\"inLanguage\":\"pt-BR\",\"@id\":\"https:\/\/agenciainfra.com\/blog\/#\/schema\/logo\/image\/\",\"url\":\"https:\/\/agenciainfra.com\/blog\/wp-content\/uploads\/2023\/09\/iNFRA_5-e1761735885940.png\",\"contentUrl\":\"https:\/\/agenciainfra.com\/blog\/wp-content\/uploads\/2023\/09\/iNFRA_5-e1761735885940.png\",\"width\":1672,\"height\":454,\"caption\":\"Ag\u00eancia iNFRA\"},\"image\":{\"@id\":\"https:\/\/agenciainfra.com\/blog\/#\/schema\/logo\/image\/\"},\"sameAs\":[\"https:\/\/www.facebook.com\/ageninfra\",\"https:\/\/x.com\/agencia_infra\",\"https:\/\/www.linkedin.com\/company\/ag\u00eanciainfra\/\",\"https:\/\/www.instagram.com\/agenciainfra\/\"]},{\"@type\":\"Person\",\"@id\":\"https:\/\/agenciainfra.com\/blog\/#\/schema\/person\/34af08dff6adea4cb22b06612ba7acfa\",\"name\":\"Ag\u00eancia iNFRA\",\"image\":{\"@type\":\"ImageObject\",\"inLanguage\":\"pt-BR\",\"@id\":\"https:\/\/agenciainfra.com\/blog\/#\/schema\/person\/image\/\",\"url\":\"https:\/\/secure.gravatar.com\/avatar\/d189e01678f06d8eb84d4e01f08eb848b3fffe3f8443818d3c356c66892f5be8?s=96&d=mm&r=g\",\"contentUrl\":\"https:\/\/secure.gravatar.com\/avatar\/d189e01678f06d8eb84d4e01f08eb848b3fffe3f8443818d3c356c66892f5be8?s=96&d=mm&r=g\",\"caption\":\"Ag\u00eancia iNFRA\"},\"url\":\"https:\/\/agenciainfra.com\/blog\/author\/admin\/\"}]}<\/script>\n<!-- \/ Yoast SEO Premium plugin. -->","yoast_head_json":{"title":"\u00c1rea t\u00e9cnica da ANEEL prop\u00f5e regra mais flex\u00edvel para diferimento tarif\u00e1rio de distribuidoras - Ag\u00eancia iNFRA","robots":{"index":"index","follow":"follow","max-snippet":"max-snippet:-1","max-image-preview":"max-image-preview:large","max-video-preview":"max-video-preview:-1"},"canonical":"https:\/\/agenciainfra.com\/blog\/area-tecnica-da-aneel-propoe-regra-mais-flexivel-para-diferimento-tarifario-de-distribuidoras\/","og_locale":"pt_BR","og_type":"article","og_title":"\u00c1rea t\u00e9cnica da ANEEL prop\u00f5e regra mais flex\u00edvel para diferimento tarif\u00e1rio de distribuidoras","og_description":"Geraldo Campos Jr. e Marisa Wanzeller, da Ag\u00eancia iNFRA A \u00e1rea t\u00e9cnica da ANEEL (Ag\u00eancia Nacional de Energia El\u00e9trica) prop\u00f4s regras mais flex\u00edveis para a concess\u00e3o de diferimentos financeiros nas tarifas de distribui\u00e7\u00e3o de energia. Ap\u00f3s conclus\u00e3o da CP (Consulta P\u00fablica) 8\/2025, que trata da regulamenta\u00e7\u00e3o dos diferimentos, foi exclu\u00eddo um dos tr\u00eas requisitos para [&hellip;]","og_url":"https:\/\/agenciainfra.com\/blog\/area-tecnica-da-aneel-propoe-regra-mais-flexivel-para-diferimento-tarifario-de-distribuidoras\/","og_site_name":"Ag\u00eancia iNFRA","article_publisher":"https:\/\/www.facebook.com\/ageninfra","article_published_time":"2025-07-01T11:00:00+00:00","article_modified_time":"2025-07-01T20:47:47+00:00","og_image":[{"width":1140,"height":760,"url":"https:\/\/agenciainfra.com\/blog\/wp-content\/uploads\/2019\/02\/distribuidoras-de-energia-marcello-casal-jr-agencia-brasil.jpg","type":"image\/jpeg"}],"author":"Ag\u00eancia iNFRA","twitter_card":"summary_large_image","twitter_creator":"@agencia_infra","twitter_site":"@agencia_infra","twitter_misc":{"Escrito por":"Ag\u00eancia iNFRA","Est. tempo de leitura":"4 minutos"},"schema":{"@context":"https:\/\/schema.org","@graph":[{"@type":"Article","@id":"https:\/\/agenciainfra.com\/blog\/area-tecnica-da-aneel-propoe-regra-mais-flexivel-para-diferimento-tarifario-de-distribuidoras\/#article","isPartOf":{"@id":"https:\/\/agenciainfra.com\/blog\/area-tecnica-da-aneel-propoe-regra-mais-flexivel-para-diferimento-tarifario-de-distribuidoras\/"},"author":{"name":"Ag\u00eancia iNFRA","@id":"https:\/\/agenciainfra.com\/blog\/#\/schema\/person\/34af08dff6adea4cb22b06612ba7acfa"},"headline":"\u00c1rea t\u00e9cnica da ANEEL prop\u00f5e regra mais flex\u00edvel para diferimento tarif\u00e1rio de distribuidoras","datePublished":"2025-07-01T11:00:00+00:00","dateModified":"2025-07-01T20:47:47+00:00","mainEntityOfPage":{"@id":"https:\/\/agenciainfra.com\/blog\/area-tecnica-da-aneel-propoe-regra-mais-flexivel-para-diferimento-tarifario-de-distribuidoras\/"},"wordCount":841,"publisher":{"@id":"https:\/\/agenciainfra.com\/blog\/#organization"},"image":{"@id":"https:\/\/agenciainfra.com\/blog\/area-tecnica-da-aneel-propoe-regra-mais-flexivel-para-diferimento-tarifario-de-distribuidoras\/#primaryimage"},"thumbnailUrl":"https:\/\/agenciainfra.com\/blog\/wp-content\/uploads\/2019\/02\/distribuidoras-de-energia-marcello-casal-jr-agencia-brasil.jpg","keywords":["ANEEL","diferimento tarif\u00e1rio","distribuidoras","energia el\u00e9trica","Geraldo Campos Jr.","Marisa Wanzeller","reuni\u00e3o aneel","tarifas de energia"],"articleSection":["Geral","iNFRAEnergia"],"inLanguage":"pt-BR","copyrightYear":"2025","copyrightHolder":{"@id":"https:\/\/agenciainfra.com\/blog\/#organization"}},{"@type":"WebPage","@id":"https:\/\/agenciainfra.com\/blog\/area-tecnica-da-aneel-propoe-regra-mais-flexivel-para-diferimento-tarifario-de-distribuidoras\/","url":"https:\/\/agenciainfra.com\/blog\/area-tecnica-da-aneel-propoe-regra-mais-flexivel-para-diferimento-tarifario-de-distribuidoras\/","name":"\u00c1rea t\u00e9cnica da ANEEL prop\u00f5e regra mais flex\u00edvel para diferimento tarif\u00e1rio de distribuidoras - Ag\u00eancia iNFRA","isPartOf":{"@id":"https:\/\/agenciainfra.com\/blog\/#website"},"primaryImageOfPage":{"@id":"https:\/\/agenciainfra.com\/blog\/area-tecnica-da-aneel-propoe-regra-mais-flexivel-para-diferimento-tarifario-de-distribuidoras\/#primaryimage"},"image":{"@id":"https:\/\/agenciainfra.com\/blog\/area-tecnica-da-aneel-propoe-regra-mais-flexivel-para-diferimento-tarifario-de-distribuidoras\/#primaryimage"},"thumbnailUrl":"https:\/\/agenciainfra.com\/blog\/wp-content\/uploads\/2019\/02\/distribuidoras-de-energia-marcello-casal-jr-agencia-brasil.jpg","datePublished":"2025-07-01T11:00:00+00:00","dateModified":"2025-07-01T20:47:47+00:00","breadcrumb":{"@id":"https:\/\/agenciainfra.com\/blog\/area-tecnica-da-aneel-propoe-regra-mais-flexivel-para-diferimento-tarifario-de-distribuidoras\/#breadcrumb"},"inLanguage":"pt-BR","potentialAction":[{"@type":"ReadAction","target":["https:\/\/agenciainfra.com\/blog\/area-tecnica-da-aneel-propoe-regra-mais-flexivel-para-diferimento-tarifario-de-distribuidoras\/"]}]},{"@type":"ImageObject","inLanguage":"pt-BR","@id":"https:\/\/agenciainfra.com\/blog\/area-tecnica-da-aneel-propoe-regra-mais-flexivel-para-diferimento-tarifario-de-distribuidoras\/#primaryimage","url":"https:\/\/agenciainfra.com\/blog\/wp-content\/uploads\/2019\/02\/distribuidoras-de-energia-marcello-casal-jr-agencia-brasil.jpg","contentUrl":"https:\/\/agenciainfra.com\/blog\/wp-content\/uploads\/2019\/02\/distribuidoras-de-energia-marcello-casal-jr-agencia-brasil.jpg","width":1140,"height":760,"caption":"Foto: Marcello Casal Jr.\/Ag\u00eancia Brasil"},{"@type":"BreadcrumbList","@id":"https:\/\/agenciainfra.com\/blog\/area-tecnica-da-aneel-propoe-regra-mais-flexivel-para-diferimento-tarifario-de-distribuidoras\/#breadcrumb","itemListElement":[{"@type":"ListItem","position":1,"name":"In\u00edcio","item":"https:\/\/agenciainfra.com\/blog\/"},{"@type":"ListItem","position":2,"name":"\u00c1rea t\u00e9cnica da ANEEL prop\u00f5e regra mais flex\u00edvel para diferimento tarif\u00e1rio de distribuidoras"}]},{"@type":"WebSite","@id":"https:\/\/agenciainfra.com\/blog\/#website","url":"https:\/\/agenciainfra.com\/blog\/","name":"Ag\u00eancia iNFRA","description":"Multiplataforma de informa\u00e7\u00e3o jornal\u00edstica refer\u00eancia na \u00e1rea de infraestrutura no Brasil!","publisher":{"@id":"https:\/\/agenciainfra.com\/blog\/#organization"},"potentialAction":[{"@type":"SearchAction","target":{"@type":"EntryPoint","urlTemplate":"https:\/\/agenciainfra.com\/blog\/?s={search_term_string}"},"query-input":{"@type":"PropertyValueSpecification","valueRequired":true,"valueName":"search_term_string"}}],"inLanguage":"pt-BR"},{"@type":"Organization","@id":"https:\/\/agenciainfra.com\/blog\/#organization","name":"Ag\u00eancia iNFRA","url":"https:\/\/agenciainfra.com\/blog\/","logo":{"@type":"ImageObject","inLanguage":"pt-BR","@id":"https:\/\/agenciainfra.com\/blog\/#\/schema\/logo\/image\/","url":"https:\/\/agenciainfra.com\/blog\/wp-content\/uploads\/2023\/09\/iNFRA_5-e1761735885940.png","contentUrl":"https:\/\/agenciainfra.com\/blog\/wp-content\/uploads\/2023\/09\/iNFRA_5-e1761735885940.png","width":1672,"height":454,"caption":"Ag\u00eancia iNFRA"},"image":{"@id":"https:\/\/agenciainfra.com\/blog\/#\/schema\/logo\/image\/"},"sameAs":["https:\/\/www.facebook.com\/ageninfra","https:\/\/x.com\/agencia_infra","https:\/\/www.linkedin.com\/company\/ag\u00eanciainfra\/","https:\/\/www.instagram.com\/agenciainfra\/"]},{"@type":"Person","@id":"https:\/\/agenciainfra.com\/blog\/#\/schema\/person\/34af08dff6adea4cb22b06612ba7acfa","name":"Ag\u00eancia iNFRA","image":{"@type":"ImageObject","inLanguage":"pt-BR","@id":"https:\/\/agenciainfra.com\/blog\/#\/schema\/person\/image\/","url":"https:\/\/secure.gravatar.com\/avatar\/d189e01678f06d8eb84d4e01f08eb848b3fffe3f8443818d3c356c66892f5be8?s=96&d=mm&r=g","contentUrl":"https:\/\/secure.gravatar.com\/avatar\/d189e01678f06d8eb84d4e01f08eb848b3fffe3f8443818d3c356c66892f5be8?s=96&d=mm&r=g","caption":"Ag\u00eancia iNFRA"},"url":"https:\/\/agenciainfra.com\/blog\/author\/admin\/"}]}},"_links":{"self":[{"href":"https:\/\/agenciainfra.com\/blog\/wp-json\/wp\/v2\/posts\/23842","targetHints":{"allow":["GET"]}}],"collection":[{"href":"https:\/\/agenciainfra.com\/blog\/wp-json\/wp\/v2\/posts"}],"about":[{"href":"https:\/\/agenciainfra.com\/blog\/wp-json\/wp\/v2\/types\/post"}],"author":[{"embeddable":true,"href":"https:\/\/agenciainfra.com\/blog\/wp-json\/wp\/v2\/users\/1"}],"replies":[{"embeddable":true,"href":"https:\/\/agenciainfra.com\/blog\/wp-json\/wp\/v2\/comments?post=23842"}],"version-history":[{"count":2,"href":"https:\/\/agenciainfra.com\/blog\/wp-json\/wp\/v2\/posts\/23842\/revisions"}],"predecessor-version":[{"id":23887,"href":"https:\/\/agenciainfra.com\/blog\/wp-json\/wp\/v2\/posts\/23842\/revisions\/23887"}],"wp:featuredmedia":[{"embeddable":true,"href":"https:\/\/agenciainfra.com\/blog\/wp-json\/wp\/v2\/media\/2916"}],"wp:attachment":[{"href":"https:\/\/agenciainfra.com\/blog\/wp-json\/wp\/v2\/media?parent=23842"}],"wp:term":[{"taxonomy":"category","embeddable":true,"href":"https:\/\/agenciainfra.com\/blog\/wp-json\/wp\/v2\/categories?post=23842"},{"taxonomy":"post_tag","embeddable":true,"href":"https:\/\/agenciainfra.com\/blog\/wp-json\/wp\/v2\/tags?post=23842"}],"curies":[{"name":"wp","href":"https:\/\/api.w.org\/{rel}","templated":true}]}}