{"id":23844,"date":"2025-07-01T09:00:00","date_gmt":"2025-07-01T12:00:00","guid":{"rendered":"https:\/\/agenciainfra.com\/blog\/?p=23844"},"modified":"2025-07-01T19:24:10","modified_gmt":"2025-07-01T22:24:10","slug":"equinor-pode-encontrar-ultimos-supergigantes-do-pre-sal-dizem-especialistas","status":"publish","type":"post","link":"https:\/\/agenciainfra.com\/blog\/equinor-pode-encontrar-ultimos-supergigantes-do-pre-sal-dizem-especialistas\/","title":{"rendered":"Equinor pode encontrar \u00faltimos supergigantes do pr\u00e9-sal, dizem especialistas"},"content":{"rendered":"\n<p class=\"has-text-align-right\"><strong>Gabriel Vasconcelos, da Ag\u00eancia iNFRA<\/strong><\/p>\n\n\n\n<p>Fora do rali por blocos da Bacia da Foz do Amazonas, na Margem Equatorial, a petroleira norueguesa Equinor quase passou despercebida no \u00faltimo leil\u00e3o de \u00e1reas de petr\u00f3leo da ANP (Ag\u00eancia Nacional do Petr\u00f3leo, G\u00e1s Natural e Biocombust\u00edveis), em 17 de junho. Em sua \u00fanica investida naquela manh\u00e3, a companhia arrematou o bloco S-M-1617, no Sul da Bacia de Santos. O tiro, dizem especialistas, pode ser certeiro. Para eles, a estrat\u00e9gia \u00e9 clara: a Equinor procura os \u00faltimos campos supergigantes do pr\u00e9-sal.<br>\u00a0<br>Trata-se da segunda concess\u00e3o que a empresa adquire na mesma regi\u00e3o, a 400 quil\u00f4metros da costa brasileira. No leil\u00e3o anterior do regime de concess\u00e3o, em 2023, a Equinor j\u00e1 tinha arrematado o bloco S-M-1378, a 60 quil\u00f4metros do que entrou no portf\u00f3lio neste m\u00eas. Ambos est\u00e3o fora da chamada ZEE (Zona Econ\u00f4mica Exclusiva), limite de 200 milhas n\u00e1uticas (370 quil\u00f4metros) onde o pa\u00eds \u00e9 soberano, o que traz riscos considerados baixos (leia mais abaixo).<br>\u00a0<br>\u00danica a se aventurar fora da ZEE no Brasil por enquanto, a Equinor j\u00e1 atua fora da ZEE no Canad\u00e1, no projeto Bay du Nord, a 500 quil\u00f4metros da costa da prov\u00edncia de Terra Nova e Labrador, costa leste do pa\u00eds. Or\u00e7ado em US$ 12 bilh\u00f5es, o projeto come\u00e7ou a sair do papel em janeiro e tem como um dos atrativos o baixo teor de carbono por barril de \u00f3leo. Essa tamb\u00e9m \u00e9 a linha mestra por tr\u00e1s dos investimentos em \u00f3leo e g\u00e1s no Brasil. Mas s\u00f3 isso n\u00e3o basta. \u00c9 preciso ter escala.<br>\u00a0<br><strong>Potencial geol\u00f3gico<\/strong><br>Ge\u00f3logo da Petrobras por 34 anos e hoje \u00e0 frente da Zag Consultoria, Pedro Zal\u00e1n diz que a Equinor fez uma aposta de m\u00e9dio risco explorat\u00f3rio, mas com uma chance de retorno &#8220;astron\u00f4mico&#8221;. Ou seja, se for encontrado petr\u00f3leo, segundo Zal\u00e1n, \u00e9 prov\u00e1vel que seja em grande quantidade.<br>\u00a0<br>&#8220;Eles aceitaram o risco de pesquisar uma estrutura gigantesca em um dos blocos mais remotos do litoral. Esse bloco cont\u00e9m o Prospecto Puri, uma dobra anticlinal [estrutura geol\u00f3gica] gigantesca no pr\u00e9-sal com mais de mil quil\u00f4metros de fechamento. As dimens\u00f5es s\u00e3o tais que, havendo uma descoberta de \u00f3leo em seu interior, os volumes recuper\u00e1veis ser\u00e3o da ordem dos bilh\u00f5es de barris, rivalizando com os campos supergigantes de B\u00fazios e Tupi&#8221;, diz o ge\u00f3logo.<br>\u00a0<br>Zal\u00e1n n\u00e3o est\u00e1 sozinho. A ANP considera a estimativa de volume de 3,23 bilh\u00f5es de barris de petr\u00f3leo &#8220;n\u00e3o riscado&#8221; (em caso de descoberta) para o bloco S-M-1617. Trata-se de volume in situ, isto \u00e9, total n\u00e3o certificado e n\u00e3o necessariamente recuper\u00e1vel. Esse c\u00e1lculo volum\u00e9trico das empresas de s\u00edsmica TGS e CGG \u00e9 conhecido pelo\u00a0menos desde 2021 e foi exposto novamente pela especialista em Geologia e Geof\u00edsica Elaine Loureiro, da ANP, em semin\u00e1rio para agentes do setor, em maio. Para efeito de compara\u00e7\u00e3o, o maior campo em produ\u00e7\u00e3o no Brasil hoje, Tupi, tamb\u00e9m no pr\u00e9-sal da Bacia de Santos, tem um volume total recuper\u00e1vel de 6,5 bilh\u00f5es de boe (barris de \u00f3leo equivalente).<br>\u00a0<br>Antes de mencionar a estimativa, Loureiro analisou o sistema geol\u00f3gico encontrado no bloco, com os elementos necess\u00e1rios \u00e0 forma\u00e7\u00e3o dos hidrocarbonetos, destacando a faixa de rocha sedimentar do pr\u00e9-sal que cobre a rocha base com o centro mais alto do que as pontas, semelhante a uma cuia emborcada. \u00c9 esta a &#8220;dobra anticlinal&#8221; descrita por Zal\u00e1n. A especialista da ANP cita, ainda, a presen\u00e7a de um &#8220;gr\u00e1ben profundo, proeminente&#8221;, estrutura que pode conter o que, na Geologia, \u00e9 chamado de &#8220;cozinha&#8221;, \u00e1rea onde o \u00f3leo se forma e, depois, por diferencial de press\u00e3o, sobe para se instalar em rochas superiores.<br>\u00a0<br><strong>Empenho<\/strong><br>Apesar de ter sido a \u00fanica a fazer proposta, a Equinor pagou R$ 30,48 milh\u00f5es em b\u00f4nus de assinatura pelo bloco, um \u00e1gio de 76,4% em cima do m\u00ednimo de R$ 17,28 milh\u00f5es, um dos maiores da licita\u00e7\u00e3o. Al\u00e9m do b\u00f4nus, o principal crit\u00e9rio de competi\u00e7\u00e3o, a empresa comprometeu-se com um programa explorat\u00f3rio m\u00ednimo (20%), com investimento de R$ 113,28 milh\u00f5es no horizonte m\u00e1ximo de sete anos.<br>\u00a0<br>Uma fonte da ANP, que prefere n\u00e3o se identificar, afirma que o lance foi relevante. &#8220;Esse b\u00f4nus n\u00e3o foi um &#8216;trocado&#8217;. Esperavam fazer frente a algum concorrente e devem levar uma f\u00e9 grande no que est\u00e3o visando para o bloco&#8221;, diz.<br>\u00a0<br>Procurada, a Equinor destacou as sinergias entre o bloco rec\u00e9m-arrematado e o adquirido em 2023. &#8220;As aquisi\u00e7\u00f5es demonstram o compromisso cont\u00ednuo da empresa e sua ambi\u00e7\u00e3o de crescimento no pa\u00eds. A Equinor atua agora na realiza\u00e7\u00e3o das avalia\u00e7\u00f5es geol\u00f3gicas e geof\u00edsicas necess\u00e1rias para futuras atividades de explora\u00e7\u00e3o&#8221;, disse a empresa \u00e0\u00a0<strong>Ag\u00eancia iNFRA<\/strong>.\u00a0<br>\u00a0<br>Por ocasi\u00e3o do leil\u00e3o, a vice-presidente s\u00eanior e gerente-geral para o Brasil da petroleira norueguesa, Ver\u00f4nica Coelho, j\u00e1 havia dito, em nota, que a \u00e1rea tem &#8220;forte potencial&#8221; e &#8220;pode ser alavancada para refor\u00e7ar a posi\u00e7\u00e3o da empresa na Bacia de Santos&#8221;. Segundo ela, a concess\u00e3o oferece &#8220;op\u00e7\u00f5es de longevidade&#8221; \u00e0 empresa no Brasil.<br>\u00a0<br>Para Zal\u00e1n, o risco do neg\u00f3cio \u00e9 menos de natureza geol\u00f3gica\u00a0e mais de natureza operacional, devido \u00e0 dist\u00e2ncia da costa. No entanto, um alto executivo do setor, que foi diretor da Petrobras, disse \u00e0\u00a0<strong>Ag\u00eancia iNFRA<\/strong>\u00a0que dist\u00e2ncia j\u00e1 n\u00e3o \u00e9 mais um limitador t\u00e3o importante para esse tipo de opera\u00e7\u00e3o offshore.\u00a0<br>\u00a0<br>&#8220;Eu diria que essa quest\u00e3o [dist\u00e2ncia] j\u00e1 foi praticamente superada. N\u00e3o vejo como um problema para a Equinor. At\u00e9 porque, ap\u00f3s uma descoberta ali, vai ser offload de \u00f3leo [transfer\u00eancia de plataforma para navio petroleiro] saindo direto do mar para exporta\u00e7\u00e3o&#8221;, diz.<br>\u00a0<br>Perguntado por que a Petrobras n\u00e3o brigou pelo bloco, a fonte avalia que a estatal j\u00e1 acumula muitos blocos explorat\u00f3rios na Bacia de Santos e hoje busca garantir presen\u00e7a em outras fronteiras, como a Margem Equatorial. Sobre a estrat\u00e9gia da Equinor, ele disse n\u00e3o ver espa\u00e7o para sinergia operacional com outros projetos mais avan\u00e7ados, como Bacalhau, mais acima na Bacia de Santos, e que espera o primeiro \u00f3leo ainda neste ano. &#8220;A Equinor deve olhar tend\u00eancias, similaridades com outros projetos da carteira, mas n\u00e3o mira sinergias operacionais porque s\u00e3o \u00e1reas distantes, e Bacalhau n\u00e3o tem duto&#8221;, diz.<br>\u00a0<br><strong>Risco do al\u00e9m-ZEE<\/strong><br>Concess\u00f5es fora da ZEE v\u00eam sendo assimiladas lentamente pelo mercado e alguma avers\u00e3o a esse risco ajuda a explicar a baixa procura pelo bloco S-M-1617, que j\u00e1 havia sido ofertado em leil\u00f5es de 2021 e 2023, sem atrair interessados.\u00a0<br>\u00a0<br>O tema, por\u00e9m, est\u00e1 pacificado desde 2019 na ANP e no governo brasileiro, que t\u00eam feito avan\u00e7os na ONU (Organiza\u00e7\u00e3o das Na\u00e7\u00f5es Unidas) para expandir essa zona em linha com a plataforma continental. J\u00e1 houve aumento na faixa da Margem Equatorial, em 2025, e na Margem Sul, em 2019. E h\u00e1 um pleito relacionado \u00e0 chamada Margem Oriental, que come\u00e7ou a ser analisado no ano passado e pode incrementar\u00a01,55 milh\u00e3o de quil\u00f4metros quadrados ao territ\u00f3rio mar\u00edtimo brasileiro. Se aprovada, a mancha da nova \u00e1rea contemplaria o bloco da Equinor.\u00a0<br>\u00a0<br>O ex-diretor-geral da ANP, Rodolfo Saboia, afirma que n\u00e3o v\u00ea risco para atividades futuras de explora\u00e7\u00e3o e produ\u00e7\u00e3o da Equinor na \u00e1rea, mas reconhece incertezas sobre como isso seria viabilizado. Uma alternativa ao pleito de expans\u00e3o da plataforma continental brasileira, que solucionaria a quest\u00e3o, \u00e9 um pedido de autoriza\u00e7\u00e3o do governo brasileiro \u00e0 AIFM (Autoridade Internacional dos Fundos Marinhos) para o desenvolvimento da atividade, o que ainda envolveria pagamento de royalties de 5% ao organismo da ONU.\u00a0<br>\u00a0<br>&#8220;Se esse for o caminho, n\u00e3o fica claro como e quem vai pagar esse royalty&#8221;, diz Saboia. O mais prov\u00e1vel \u00e9 que o empreendimento seja autorizado, uma vez que a AIFM n\u00e3o costuma negar o uso de \u00e1reas livres de disputa entre pa\u00edses, como a regi\u00e3o em quest\u00e3o.<br><br>Pagar royalties adicionais aumentaria os custos do projeto. Mas, caso descobertas aconte\u00e7am, uma vantagem sobre neg\u00f3cios de grande vulto no pr\u00e9-sal \u00e9 o fato de o S-M-1617 ter sido adquirido sob o regime de concess\u00e3o. Embora esteja no pr\u00e9-sal da Bacia de Santos, o bloco est\u00e1 localizado fora do pol\u00edgono e, portanto, livre do regime de partilha, no qual se paga mais (inclusive em \u00f3leo) \u00e0 Uni\u00e3o na compara\u00e7\u00e3o com o regime de concess\u00e3o.<\/p>\n","protected":false},"excerpt":{"rendered":"<p>Gabriel Vasconcelos, da Ag\u00eancia iNFRA Fora do rali por blocos da Bacia da Foz do Amazonas, na Margem Equatorial, a petroleira norueguesa Equinor quase passou despercebida no \u00faltimo leil\u00e3o de \u00e1reas de petr\u00f3leo da ANP (Ag\u00eancia Nacional do Petr\u00f3leo, G\u00e1s Natural e Biocombust\u00edveis), em 17 de junho. Em sua \u00fanica investida naquela manh\u00e3, a companhia [&hellip;]<\/p>\n","protected":false},"author":1,"featured_media":23845,"comment_status":"closed","ping_status":"closed","sticky":false,"template":"","format":"standard","meta":{"_monsterinsights_skip_tracking":false,"_monsterinsights_sitenote_active":false,"_monsterinsights_sitenote_note":"","_monsterinsights_sitenote_category":0,"footnotes":""},"categories":[1,13271],"tags":[1101,13426,13339,13338,13251,13269,213,344],"class_list":["post-23844","post","type-post","status-publish","format-standard","has-post-thumbnail","hentry","category-geral","category-oleo-gas","tag-anp","tag-equinor","tag-exploracao-de-petroleo","tag-foz-do-amazonas","tag-gabriel-vasconcelos","tag-margem-equatorial","tag-petroleo","tag-pre-sal"],"yoast_head":"<!-- This site is optimized with the Yoast SEO Premium plugin v25.4 (Yoast SEO v26.0) - https:\/\/yoast.com\/wordpress\/plugins\/seo\/ -->\n<title>Equinor pode encontrar \u00faltimos supergigantes do pr\u00e9-sal, dizem especialistas - Ag\u00eancia iNFRA<\/title>\n<meta name=\"robots\" content=\"index, follow, max-snippet:-1, max-image-preview:large, max-video-preview:-1\" \/>\n<link rel=\"canonical\" href=\"https:\/\/agenciainfra.com\/blog\/equinor-pode-encontrar-ultimos-supergigantes-do-pre-sal-dizem-especialistas\/\" \/>\n<meta property=\"og:locale\" content=\"pt_BR\" \/>\n<meta property=\"og:type\" content=\"article\" \/>\n<meta property=\"og:title\" content=\"Equinor pode encontrar \u00faltimos supergigantes do pr\u00e9-sal, dizem especialistas\" \/>\n<meta property=\"og:description\" content=\"Gabriel Vasconcelos, da Ag\u00eancia iNFRA Fora do rali por blocos da Bacia da Foz do Amazonas, na Margem Equatorial, a petroleira norueguesa Equinor quase passou despercebida no \u00faltimo leil\u00e3o de \u00e1reas de petr\u00f3leo da ANP (Ag\u00eancia Nacional do Petr\u00f3leo, G\u00e1s Natural e Biocombust\u00edveis), em 17 de junho. Em sua \u00fanica investida naquela manh\u00e3, a companhia [&hellip;]\" \/>\n<meta property=\"og:url\" content=\"https:\/\/agenciainfra.com\/blog\/equinor-pode-encontrar-ultimos-supergigantes-do-pre-sal-dizem-especialistas\/\" \/>\n<meta property=\"og:site_name\" content=\"Ag\u00eancia iNFRA\" \/>\n<meta property=\"article:publisher\" content=\"https:\/\/www.facebook.com\/ageninfra\" \/>\n<meta property=\"article:published_time\" content=\"2025-07-01T12:00:00+00:00\" \/>\n<meta property=\"article:modified_time\" content=\"2025-07-01T22:24:10+00:00\" \/>\n<meta property=\"og:image\" content=\"https:\/\/agenciainfra.com\/blog\/wp-content\/uploads\/2025\/07\/PeregrinoC-Equinor-foto-rodrigo_abreu-equinor.png\" \/>\n\t<meta property=\"og:image:width\" content=\"1200\" \/>\n\t<meta property=\"og:image:height\" content=\"600\" \/>\n\t<meta property=\"og:image:type\" content=\"image\/png\" \/>\n<meta name=\"author\" content=\"Ag\u00eancia iNFRA\" \/>\n<meta name=\"twitter:card\" content=\"summary_large_image\" \/>\n<meta name=\"twitter:creator\" content=\"@agencia_infra\" \/>\n<meta name=\"twitter:site\" content=\"@agencia_infra\" \/>\n<meta name=\"twitter:label1\" content=\"Escrito por\" \/>\n\t<meta name=\"twitter:data1\" content=\"Ag\u00eancia iNFRA\" \/>\n\t<meta name=\"twitter:label2\" content=\"Est. tempo de leitura\" \/>\n\t<meta name=\"twitter:data2\" content=\"7 minutos\" \/>\n<script type=\"application\/ld+json\" class=\"yoast-schema-graph\">{\"@context\":\"https:\/\/schema.org\",\"@graph\":[{\"@type\":\"Article\",\"@id\":\"https:\/\/agenciainfra.com\/blog\/equinor-pode-encontrar-ultimos-supergigantes-do-pre-sal-dizem-especialistas\/#article\",\"isPartOf\":{\"@id\":\"https:\/\/agenciainfra.com\/blog\/equinor-pode-encontrar-ultimos-supergigantes-do-pre-sal-dizem-especialistas\/\"},\"author\":{\"name\":\"Ag\u00eancia iNFRA\",\"@id\":\"https:\/\/agenciainfra.com\/blog\/#\/schema\/person\/34af08dff6adea4cb22b06612ba7acfa\"},\"headline\":\"Equinor pode encontrar \u00faltimos supergigantes do pr\u00e9-sal, dizem especialistas\",\"datePublished\":\"2025-07-01T12:00:00+00:00\",\"dateModified\":\"2025-07-01T22:24:10+00:00\",\"mainEntityOfPage\":{\"@id\":\"https:\/\/agenciainfra.com\/blog\/equinor-pode-encontrar-ultimos-supergigantes-do-pre-sal-dizem-especialistas\/\"},\"wordCount\":1472,\"publisher\":{\"@id\":\"https:\/\/agenciainfra.com\/blog\/#organization\"},\"image\":{\"@id\":\"https:\/\/agenciainfra.com\/blog\/equinor-pode-encontrar-ultimos-supergigantes-do-pre-sal-dizem-especialistas\/#primaryimage\"},\"thumbnailUrl\":\"https:\/\/agenciainfra.com\/blog\/wp-content\/uploads\/2025\/07\/PeregrinoC-Equinor-foto-rodrigo_abreu-equinor.png\",\"keywords\":[\"ANP\",\"Equinor\",\"explora\u00e7\u00e3o de petr\u00f3leo\",\"foz do amazonas\",\"Gabriel Vasconcelos\",\"margem equatorial\",\"petr\u00f3leo\",\"pr\u00e9-sal\"],\"articleSection\":[\"Geral\",\"\u00d3leo &amp; G\u00e1s\"],\"inLanguage\":\"pt-BR\",\"copyrightYear\":\"2025\",\"copyrightHolder\":{\"@id\":\"https:\/\/agenciainfra.com\/blog\/#organization\"}},{\"@type\":\"WebPage\",\"@id\":\"https:\/\/agenciainfra.com\/blog\/equinor-pode-encontrar-ultimos-supergigantes-do-pre-sal-dizem-especialistas\/\",\"url\":\"https:\/\/agenciainfra.com\/blog\/equinor-pode-encontrar-ultimos-supergigantes-do-pre-sal-dizem-especialistas\/\",\"name\":\"Equinor pode encontrar \u00faltimos supergigantes do pr\u00e9-sal, dizem especialistas - Ag\u00eancia iNFRA\",\"isPartOf\":{\"@id\":\"https:\/\/agenciainfra.com\/blog\/#website\"},\"primaryImageOfPage\":{\"@id\":\"https:\/\/agenciainfra.com\/blog\/equinor-pode-encontrar-ultimos-supergigantes-do-pre-sal-dizem-especialistas\/#primaryimage\"},\"image\":{\"@id\":\"https:\/\/agenciainfra.com\/blog\/equinor-pode-encontrar-ultimos-supergigantes-do-pre-sal-dizem-especialistas\/#primaryimage\"},\"thumbnailUrl\":\"https:\/\/agenciainfra.com\/blog\/wp-content\/uploads\/2025\/07\/PeregrinoC-Equinor-foto-rodrigo_abreu-equinor.png\",\"datePublished\":\"2025-07-01T12:00:00+00:00\",\"dateModified\":\"2025-07-01T22:24:10+00:00\",\"breadcrumb\":{\"@id\":\"https:\/\/agenciainfra.com\/blog\/equinor-pode-encontrar-ultimos-supergigantes-do-pre-sal-dizem-especialistas\/#breadcrumb\"},\"inLanguage\":\"pt-BR\",\"potentialAction\":[{\"@type\":\"ReadAction\",\"target\":[\"https:\/\/agenciainfra.com\/blog\/equinor-pode-encontrar-ultimos-supergigantes-do-pre-sal-dizem-especialistas\/\"]}]},{\"@type\":\"ImageObject\",\"inLanguage\":\"pt-BR\",\"@id\":\"https:\/\/agenciainfra.com\/blog\/equinor-pode-encontrar-ultimos-supergigantes-do-pre-sal-dizem-especialistas\/#primaryimage\",\"url\":\"https:\/\/agenciainfra.com\/blog\/wp-content\/uploads\/2025\/07\/PeregrinoC-Equinor-foto-rodrigo_abreu-equinor.png\",\"contentUrl\":\"https:\/\/agenciainfra.com\/blog\/wp-content\/uploads\/2025\/07\/PeregrinoC-Equinor-foto-rodrigo_abreu-equinor.png\",\"width\":1200,\"height\":600,\"caption\":\"Foto: Rodrigo Abreu\/Equinor\"},{\"@type\":\"BreadcrumbList\",\"@id\":\"https:\/\/agenciainfra.com\/blog\/equinor-pode-encontrar-ultimos-supergigantes-do-pre-sal-dizem-especialistas\/#breadcrumb\",\"itemListElement\":[{\"@type\":\"ListItem\",\"position\":1,\"name\":\"In\u00edcio\",\"item\":\"https:\/\/agenciainfra.com\/blog\/\"},{\"@type\":\"ListItem\",\"position\":2,\"name\":\"Equinor pode encontrar \u00faltimos supergigantes do pr\u00e9-sal, dizem especialistas\"}]},{\"@type\":\"WebSite\",\"@id\":\"https:\/\/agenciainfra.com\/blog\/#website\",\"url\":\"https:\/\/agenciainfra.com\/blog\/\",\"name\":\"Ag\u00eancia iNFRA\",\"description\":\"Multiplataforma de informa\u00e7\u00e3o jornal\u00edstica refer\u00eancia na \u00e1rea de infraestrutura no Brasil!\",\"publisher\":{\"@id\":\"https:\/\/agenciainfra.com\/blog\/#organization\"},\"potentialAction\":[{\"@type\":\"SearchAction\",\"target\":{\"@type\":\"EntryPoint\",\"urlTemplate\":\"https:\/\/agenciainfra.com\/blog\/?s={search_term_string}\"},\"query-input\":{\"@type\":\"PropertyValueSpecification\",\"valueRequired\":true,\"valueName\":\"search_term_string\"}}],\"inLanguage\":\"pt-BR\"},{\"@type\":\"Organization\",\"@id\":\"https:\/\/agenciainfra.com\/blog\/#organization\",\"name\":\"Ag\u00eancia iNFRA\",\"url\":\"https:\/\/agenciainfra.com\/blog\/\",\"logo\":{\"@type\":\"ImageObject\",\"inLanguage\":\"pt-BR\",\"@id\":\"https:\/\/agenciainfra.com\/blog\/#\/schema\/logo\/image\/\",\"url\":\"https:\/\/agenciainfra.com\/blog\/wp-content\/uploads\/2023\/09\/iNFRA_5-e1761735885940.png\",\"contentUrl\":\"https:\/\/agenciainfra.com\/blog\/wp-content\/uploads\/2023\/09\/iNFRA_5-e1761735885940.png\",\"width\":1672,\"height\":454,\"caption\":\"Ag\u00eancia iNFRA\"},\"image\":{\"@id\":\"https:\/\/agenciainfra.com\/blog\/#\/schema\/logo\/image\/\"},\"sameAs\":[\"https:\/\/www.facebook.com\/ageninfra\",\"https:\/\/x.com\/agencia_infra\",\"https:\/\/www.linkedin.com\/company\/ag\u00eanciainfra\/\",\"https:\/\/www.instagram.com\/agenciainfra\/\"]},{\"@type\":\"Person\",\"@id\":\"https:\/\/agenciainfra.com\/blog\/#\/schema\/person\/34af08dff6adea4cb22b06612ba7acfa\",\"name\":\"Ag\u00eancia iNFRA\",\"image\":{\"@type\":\"ImageObject\",\"inLanguage\":\"pt-BR\",\"@id\":\"https:\/\/agenciainfra.com\/blog\/#\/schema\/person\/image\/\",\"url\":\"https:\/\/secure.gravatar.com\/avatar\/d189e01678f06d8eb84d4e01f08eb848b3fffe3f8443818d3c356c66892f5be8?s=96&d=mm&r=g\",\"contentUrl\":\"https:\/\/secure.gravatar.com\/avatar\/d189e01678f06d8eb84d4e01f08eb848b3fffe3f8443818d3c356c66892f5be8?s=96&d=mm&r=g\",\"caption\":\"Ag\u00eancia iNFRA\"},\"url\":\"https:\/\/agenciainfra.com\/blog\/author\/admin\/\"}]}<\/script>\n<!-- \/ Yoast SEO Premium plugin. -->","yoast_head_json":{"title":"Equinor pode encontrar \u00faltimos supergigantes do pr\u00e9-sal, dizem especialistas - Ag\u00eancia iNFRA","robots":{"index":"index","follow":"follow","max-snippet":"max-snippet:-1","max-image-preview":"max-image-preview:large","max-video-preview":"max-video-preview:-1"},"canonical":"https:\/\/agenciainfra.com\/blog\/equinor-pode-encontrar-ultimos-supergigantes-do-pre-sal-dizem-especialistas\/","og_locale":"pt_BR","og_type":"article","og_title":"Equinor pode encontrar \u00faltimos supergigantes do pr\u00e9-sal, dizem especialistas","og_description":"Gabriel Vasconcelos, da Ag\u00eancia iNFRA Fora do rali por blocos da Bacia da Foz do Amazonas, na Margem Equatorial, a petroleira norueguesa Equinor quase passou despercebida no \u00faltimo leil\u00e3o de \u00e1reas de petr\u00f3leo da ANP (Ag\u00eancia Nacional do Petr\u00f3leo, G\u00e1s Natural e Biocombust\u00edveis), em 17 de junho. Em sua \u00fanica investida naquela manh\u00e3, a companhia [&hellip;]","og_url":"https:\/\/agenciainfra.com\/blog\/equinor-pode-encontrar-ultimos-supergigantes-do-pre-sal-dizem-especialistas\/","og_site_name":"Ag\u00eancia iNFRA","article_publisher":"https:\/\/www.facebook.com\/ageninfra","article_published_time":"2025-07-01T12:00:00+00:00","article_modified_time":"2025-07-01T22:24:10+00:00","og_image":[{"width":1200,"height":600,"url":"https:\/\/agenciainfra.com\/blog\/wp-content\/uploads\/2025\/07\/PeregrinoC-Equinor-foto-rodrigo_abreu-equinor.png","type":"image\/png"}],"author":"Ag\u00eancia iNFRA","twitter_card":"summary_large_image","twitter_creator":"@agencia_infra","twitter_site":"@agencia_infra","twitter_misc":{"Escrito por":"Ag\u00eancia iNFRA","Est. tempo de leitura":"7 minutos"},"schema":{"@context":"https:\/\/schema.org","@graph":[{"@type":"Article","@id":"https:\/\/agenciainfra.com\/blog\/equinor-pode-encontrar-ultimos-supergigantes-do-pre-sal-dizem-especialistas\/#article","isPartOf":{"@id":"https:\/\/agenciainfra.com\/blog\/equinor-pode-encontrar-ultimos-supergigantes-do-pre-sal-dizem-especialistas\/"},"author":{"name":"Ag\u00eancia iNFRA","@id":"https:\/\/agenciainfra.com\/blog\/#\/schema\/person\/34af08dff6adea4cb22b06612ba7acfa"},"headline":"Equinor pode encontrar \u00faltimos supergigantes do pr\u00e9-sal, dizem especialistas","datePublished":"2025-07-01T12:00:00+00:00","dateModified":"2025-07-01T22:24:10+00:00","mainEntityOfPage":{"@id":"https:\/\/agenciainfra.com\/blog\/equinor-pode-encontrar-ultimos-supergigantes-do-pre-sal-dizem-especialistas\/"},"wordCount":1472,"publisher":{"@id":"https:\/\/agenciainfra.com\/blog\/#organization"},"image":{"@id":"https:\/\/agenciainfra.com\/blog\/equinor-pode-encontrar-ultimos-supergigantes-do-pre-sal-dizem-especialistas\/#primaryimage"},"thumbnailUrl":"https:\/\/agenciainfra.com\/blog\/wp-content\/uploads\/2025\/07\/PeregrinoC-Equinor-foto-rodrigo_abreu-equinor.png","keywords":["ANP","Equinor","explora\u00e7\u00e3o de petr\u00f3leo","foz do amazonas","Gabriel Vasconcelos","margem equatorial","petr\u00f3leo","pr\u00e9-sal"],"articleSection":["Geral","\u00d3leo &amp; G\u00e1s"],"inLanguage":"pt-BR","copyrightYear":"2025","copyrightHolder":{"@id":"https:\/\/agenciainfra.com\/blog\/#organization"}},{"@type":"WebPage","@id":"https:\/\/agenciainfra.com\/blog\/equinor-pode-encontrar-ultimos-supergigantes-do-pre-sal-dizem-especialistas\/","url":"https:\/\/agenciainfra.com\/blog\/equinor-pode-encontrar-ultimos-supergigantes-do-pre-sal-dizem-especialistas\/","name":"Equinor pode encontrar \u00faltimos supergigantes do pr\u00e9-sal, dizem especialistas - Ag\u00eancia iNFRA","isPartOf":{"@id":"https:\/\/agenciainfra.com\/blog\/#website"},"primaryImageOfPage":{"@id":"https:\/\/agenciainfra.com\/blog\/equinor-pode-encontrar-ultimos-supergigantes-do-pre-sal-dizem-especialistas\/#primaryimage"},"image":{"@id":"https:\/\/agenciainfra.com\/blog\/equinor-pode-encontrar-ultimos-supergigantes-do-pre-sal-dizem-especialistas\/#primaryimage"},"thumbnailUrl":"https:\/\/agenciainfra.com\/blog\/wp-content\/uploads\/2025\/07\/PeregrinoC-Equinor-foto-rodrigo_abreu-equinor.png","datePublished":"2025-07-01T12:00:00+00:00","dateModified":"2025-07-01T22:24:10+00:00","breadcrumb":{"@id":"https:\/\/agenciainfra.com\/blog\/equinor-pode-encontrar-ultimos-supergigantes-do-pre-sal-dizem-especialistas\/#breadcrumb"},"inLanguage":"pt-BR","potentialAction":[{"@type":"ReadAction","target":["https:\/\/agenciainfra.com\/blog\/equinor-pode-encontrar-ultimos-supergigantes-do-pre-sal-dizem-especialistas\/"]}]},{"@type":"ImageObject","inLanguage":"pt-BR","@id":"https:\/\/agenciainfra.com\/blog\/equinor-pode-encontrar-ultimos-supergigantes-do-pre-sal-dizem-especialistas\/#primaryimage","url":"https:\/\/agenciainfra.com\/blog\/wp-content\/uploads\/2025\/07\/PeregrinoC-Equinor-foto-rodrigo_abreu-equinor.png","contentUrl":"https:\/\/agenciainfra.com\/blog\/wp-content\/uploads\/2025\/07\/PeregrinoC-Equinor-foto-rodrigo_abreu-equinor.png","width":1200,"height":600,"caption":"Foto: Rodrigo Abreu\/Equinor"},{"@type":"BreadcrumbList","@id":"https:\/\/agenciainfra.com\/blog\/equinor-pode-encontrar-ultimos-supergigantes-do-pre-sal-dizem-especialistas\/#breadcrumb","itemListElement":[{"@type":"ListItem","position":1,"name":"In\u00edcio","item":"https:\/\/agenciainfra.com\/blog\/"},{"@type":"ListItem","position":2,"name":"Equinor pode encontrar \u00faltimos supergigantes do pr\u00e9-sal, dizem especialistas"}]},{"@type":"WebSite","@id":"https:\/\/agenciainfra.com\/blog\/#website","url":"https:\/\/agenciainfra.com\/blog\/","name":"Ag\u00eancia iNFRA","description":"Multiplataforma de informa\u00e7\u00e3o jornal\u00edstica refer\u00eancia na \u00e1rea de infraestrutura no Brasil!","publisher":{"@id":"https:\/\/agenciainfra.com\/blog\/#organization"},"potentialAction":[{"@type":"SearchAction","target":{"@type":"EntryPoint","urlTemplate":"https:\/\/agenciainfra.com\/blog\/?s={search_term_string}"},"query-input":{"@type":"PropertyValueSpecification","valueRequired":true,"valueName":"search_term_string"}}],"inLanguage":"pt-BR"},{"@type":"Organization","@id":"https:\/\/agenciainfra.com\/blog\/#organization","name":"Ag\u00eancia iNFRA","url":"https:\/\/agenciainfra.com\/blog\/","logo":{"@type":"ImageObject","inLanguage":"pt-BR","@id":"https:\/\/agenciainfra.com\/blog\/#\/schema\/logo\/image\/","url":"https:\/\/agenciainfra.com\/blog\/wp-content\/uploads\/2023\/09\/iNFRA_5-e1761735885940.png","contentUrl":"https:\/\/agenciainfra.com\/blog\/wp-content\/uploads\/2023\/09\/iNFRA_5-e1761735885940.png","width":1672,"height":454,"caption":"Ag\u00eancia iNFRA"},"image":{"@id":"https:\/\/agenciainfra.com\/blog\/#\/schema\/logo\/image\/"},"sameAs":["https:\/\/www.facebook.com\/ageninfra","https:\/\/x.com\/agencia_infra","https:\/\/www.linkedin.com\/company\/ag\u00eanciainfra\/","https:\/\/www.instagram.com\/agenciainfra\/"]},{"@type":"Person","@id":"https:\/\/agenciainfra.com\/blog\/#\/schema\/person\/34af08dff6adea4cb22b06612ba7acfa","name":"Ag\u00eancia iNFRA","image":{"@type":"ImageObject","inLanguage":"pt-BR","@id":"https:\/\/agenciainfra.com\/blog\/#\/schema\/person\/image\/","url":"https:\/\/secure.gravatar.com\/avatar\/d189e01678f06d8eb84d4e01f08eb848b3fffe3f8443818d3c356c66892f5be8?s=96&d=mm&r=g","contentUrl":"https:\/\/secure.gravatar.com\/avatar\/d189e01678f06d8eb84d4e01f08eb848b3fffe3f8443818d3c356c66892f5be8?s=96&d=mm&r=g","caption":"Ag\u00eancia iNFRA"},"url":"https:\/\/agenciainfra.com\/blog\/author\/admin\/"}]}},"_links":{"self":[{"href":"https:\/\/agenciainfra.com\/blog\/wp-json\/wp\/v2\/posts\/23844","targetHints":{"allow":["GET"]}}],"collection":[{"href":"https:\/\/agenciainfra.com\/blog\/wp-json\/wp\/v2\/posts"}],"about":[{"href":"https:\/\/agenciainfra.com\/blog\/wp-json\/wp\/v2\/types\/post"}],"author":[{"embeddable":true,"href":"https:\/\/agenciainfra.com\/blog\/wp-json\/wp\/v2\/users\/1"}],"replies":[{"embeddable":true,"href":"https:\/\/agenciainfra.com\/blog\/wp-json\/wp\/v2\/comments?post=23844"}],"version-history":[{"count":3,"href":"https:\/\/agenciainfra.com\/blog\/wp-json\/wp\/v2\/posts\/23844\/revisions"}],"predecessor-version":[{"id":23898,"href":"https:\/\/agenciainfra.com\/blog\/wp-json\/wp\/v2\/posts\/23844\/revisions\/23898"}],"wp:featuredmedia":[{"embeddable":true,"href":"https:\/\/agenciainfra.com\/blog\/wp-json\/wp\/v2\/media\/23845"}],"wp:attachment":[{"href":"https:\/\/agenciainfra.com\/blog\/wp-json\/wp\/v2\/media?parent=23844"}],"wp:term":[{"taxonomy":"category","embeddable":true,"href":"https:\/\/agenciainfra.com\/blog\/wp-json\/wp\/v2\/categories?post=23844"},{"taxonomy":"post_tag","embeddable":true,"href":"https:\/\/agenciainfra.com\/blog\/wp-json\/wp\/v2\/tags?post=23844"}],"curies":[{"name":"wp","href":"https:\/\/api.w.org\/{rel}","templated":true}]}}