{"id":23847,"date":"2025-07-02T10:00:00","date_gmt":"2025-07-02T13:00:00","guid":{"rendered":"https:\/\/agenciainfra.com\/blog\/?p=23847"},"modified":"2025-07-03T14:29:08","modified_gmt":"2025-07-03T17:29:08","slug":"governo-chega-ao-meio-do-ano-sem-comandos-efetivos-em-agencias-de-transporte","status":"publish","type":"post","link":"https:\/\/agenciainfra.com\/blog\/governo-chega-ao-meio-do-ano-sem-comandos-efetivos-em-agencias-de-transporte\/","title":{"rendered":"Governo chega ao meio do ano sem comandos efetivos em ag\u00eancias de transporte"},"content":{"rendered":"\n<p class=\"has-text-align-right\"><strong>Sheyla Santos, Mar\u00edlia Sena e Amanda Pupo, da&nbsp;<\/strong><strong>Ag\u00eancia iNFRA<\/strong><\/p>\n\n\n\n<p>O governo fechou o primeiro semestre de 2025 sem conseguir avan\u00e7ar nas sabatinas para resolver o comando das tr\u00eas ag\u00eancias reguladoras na \u00e1rea de transportes. Com isso, ANAC (Ag\u00eancia Nacional de Avia\u00e7\u00e3o Civil), ANTAQ (Ag\u00eancia Nacional de Transportes Aquavi\u00e1rios) e ANTT (Ag\u00eancia Nacional de Transportes Terrestres) s\u00e3o chefiadas por interinos. Em cada \u00f3rg\u00e3o, os substitutos chegaram aos postos em circunst\u00e2ncias diferentes, embora a lei e a AGU (Advocacia-Geral da Uni\u00e3o) prevejam um procedimento \u00fanico para esses momentos.<br><br>No caso da ANAC, a vac\u00e2ncia obrigou o \u00f3rg\u00e3o a\u00a0<a href=\"https:\/\/agenciainfra.com\/blog\/adriano-miranda-e-convocado-para-o-cargo-de-diretor-presidente-substituto-da-anac\/\" target=\"_blank\" rel=\"noreferrer noopener\">convocar<\/a>, na segunda-feira (30), pela segunda vez, um superintendente para exercer o cargo de diretor-presidente substituto \u2013 agora, o respons\u00e1vel pelo Acompanhamento de Servi\u00e7os, Adriano Pinto de Miranda. A chamada foi feita ap\u00f3s Roberto Honorato, superintendente de Aeronavegabilidade, ter completado o per\u00edodo m\u00e1ximo permitido de seis meses na cadeira.\u00a0<br><br>Com a troca, a ANAC passou a seguir\u00a0neste ano a orienta\u00e7\u00e3o da AGU\u00a0de fazer a nomea\u00e7\u00e3o de interinos a partir de uma lista de substitui\u00e7\u00e3o aprovada previamente. Ao longo de 2023 e 2024, a ag\u00eancia optou por deixar o diretor Tiago Pereira no comando do \u00f3rg\u00e3o interinamente. At\u00e9 ent\u00e3o, ele era o escolhido para substituir oficialmente Juliano Noman, que deixou o cargo de diretor-geral para assumir a SAC (Secret\u00e1ria de Avia\u00e7\u00e3o Civil).\u00a0Com a troca da indica\u00e7\u00e3o pelo nome do diretor comercial da Infraero, Tiago Faierstein, <a href=\"https:\/\/agenciainfra.com\/blog\/guilherme-sampaio-e-tiago-faierstein-sao-indicados-para-comandar-antt-e-anac-antaq-nao-tem-indicado\/\">no final do ano passado<\/a>, Pereira deixou a chefia do \u00f3rg\u00e3o e hoje atua apenas como diretor.\u00a0<br><br>\u00c0\u00a0<strong>Ag\u00eancia iNFRA<\/strong>, a AGU refor\u00e7ou que sua orienta\u00e7\u00e3o \u00e9 de que os diretores-gerais das ag\u00eancias reguladoras sejam substitu\u00eddos por meio da\u00a0lista prevista na <a href=\"https:\/\/www.planalto.gov.br\/ccivil_03\/_ato2019-2022\/2019\/lei\/l13848.htm\">Lei 13.848\/2019<\/a>. Se a lista n\u00e3o existir, o comando dos \u00f3rg\u00e3os deve ser assumido pelo superintendente mais antigo na ag\u00eancia reguladora, disse a pasta, em nota.<br><br>Esse n\u00e3o tem sido, contudo, o procedimento adotado na ANTT e na ANTAQ. Na ag\u00eancia de transportes terrestres, assim como fez a ANAC durante 2023 e 2024, quem assumiu interinamente a chefia da diretoria foi Guilherme Sampaio, diretor nomeado que substitu\u00eda o ent\u00e3o diretor-geral nas aus\u00eancias dele. Sampaio est\u00e1 indicado desde dezembro do ano passado para ser o novo diretor-geral, mas tamb\u00e9m n\u00e3o teve o nome aprovado at\u00e9 o momento pelos senadores.\u00a0<br><br>Na ANTAQ, a escolha tamb\u00e9m foi de colocar um diretor no comando tempor\u00e1rio da ag\u00eancia. A diferen\u00e7a \u00e9 que Caio Farias, que ocupa o posto, n\u00e3o \u00e9\u00a0o indicado pelo governo para ocupar a cadeira efetivamente. A gest\u00e3o Lula ainda n\u00e3o enviou o nome do escolhido para assumir o comando da ag\u00eancia de transportes aquavi\u00e1rios.\u00a0<br><br><strong>Prazo para ficar<\/strong><br>Interlocutores na ag\u00eancia assinalam que a obriga\u00e7\u00e3o de o interino ficar no cargo por no m\u00e1ximo 180 dias \u00e9 restrita ao caso de substitui\u00e7\u00e3o por servidores. Por essa avalia\u00e7\u00e3o, Farias pode permanecer no cargo at\u00e9 o fim do seu mandato, que se encerra em 13 de dezembro de 2027, caso n\u00e3o haja nova indica\u00e7\u00e3o por parte do governo federal. A ag\u00eancia foi procurada pela reportagem, mas n\u00e3o respondeu aos questionamentos at\u00e9 o fechamento desta edi\u00e7\u00e3o.<br><br>Segundo fontes, o nome mais cotado para a chefia da ANTAQ \u00e9 o de Frederico Dias, auditor do TCU (Tribunal de Contas da Uni\u00e3o). No entanto, Farias trabalha para permanecer no cargo e, se seu nome\u00a0for confirmado como diretor-geral, Dias dever\u00e1 ser indicado para a vaga de diretor.\u00a0<br><br><strong>Interino no aguardo por vota\u00e7\u00e3o<\/strong><br>J\u00e1 na ANTT,\u00a0Sampaio foi anunciado como o indicado para comandar a ag\u00eancia em dezembro, tendo assumido interinamente a cadeira em 19 fevereiro deste ano. Ele ocupava a posi\u00e7\u00e3o de diretor da ag\u00eancia desde julho de 2021 e tem o encerramento do mandato previsto para 18 de fevereiro de 2026.<br><br>\u00c0\u00a0<strong>Ag\u00eancia iNFRA,<\/strong>\u00a0a ANTT informou que enviou, em abril deste ano, uma nova lista tr\u00edplice de substitutos ao Minist\u00e9rio dos Transportes, que, por sua vez, encaminhou o documento \u00e0 Casa Civil. Os nomes, no entanto, ainda n\u00e3o foram publicados.\u00a0<br><br>De acordo com a ag\u00eancia, o prazo de 180 dias para a perman\u00eancia na interinidade da diretoria-geral n\u00e3o se aplica ao caso de Sampaio, pois\u00a0seria contabilizado apenas para membros da lista que n\u00e3o fazem parte da diretoria colegiada. A autarquia afirmou tamb\u00e9m que a nomea\u00e7\u00e3o dos membros da diretoria colegiada da ag\u00eancia segue \u201crigoroso processo constitucional\u201d.\u00a0<br><br>A indica\u00e7\u00e3o de Sampaio est\u00e1 envolta, ainda, em uma disputa entre o Congresso e o governo sobre o tempo\u00a0que o escolhido deve ocupar o posto.\u00a0Pela mensagem enviada ao Senado no fim do ano passado, ele ficaria no comando da ANTT\u00a0somente at\u00e9 o t\u00e9rmino do seu mandato original como diretor, ou seja, at\u00e9 fevereiro de 2026. Parlamentares cobram que a indica\u00e7\u00e3o contemple um novo mandato de cinco anos, mas o entendimento de parte do\u00a0governo \u00e9 que a lei n\u00e3o permitiria.\u00a0<br><br><strong>Demora e enfraquecimento<\/strong><br>A aus\u00eancia de diretores titulares nas ag\u00eancias, somada \u00e0 forte restri\u00e7\u00e3o or\u00e7ament\u00e1ria vivida por esses \u00f3rg\u00e3os, preocupa os setores regulados e os servidores das autarquias. Nas \u00faltimas semanas, intensificaram-se as reclama\u00e7\u00f5es sobre o cen\u00e1rio enfrentado pelas ag\u00eancias, o que foi turbinado por an\u00fancios de paralisa\u00e7\u00e3o de servi\u00e7os pela falta de recursos.\u00a0<br><br>Na \u00faltima sexta-feira (27), a ANAC anunciou que pode paralisar at\u00e9 60% de atividades essenciais para a avia\u00e7\u00e3o civil, devido ao corte or\u00e7ament\u00e1rio decretado pelo governo federal no final do m\u00eas de maio (veja mais\u00a0<a href=\"https:\/\/agenciainfra.us14.list-manage.com\/track\/click?u=d460dd1bcf9ba0ae040e1fc0f&amp;id=93782e7175&amp;e=55b7a27fc9\" target=\"_blank\" rel=\"noreferrer noopener\">no site da\u00a0<strong>Ag\u00eancia iNFRA<\/strong><\/a>). Segundo o \u00f3rg\u00e3o, caso n\u00e3o haja recomposi\u00e7\u00e3o do or\u00e7amento, as supervis\u00f5es e inspe\u00e7\u00f5es de seguran\u00e7a das opera\u00e7\u00f5es a\u00e9reas ser\u00e3o realizadas em frequ\u00eancia \u201cmuito menor do que o previsto nos programas de vigil\u00e2ncia continuada\u201d.<br><br>Nos bastidores, a avalia\u00e7\u00e3o \u00e9 de que os servidores, temerosos com a situa\u00e7\u00e3o de instabilidade, j\u00e1 come\u00e7am a buscar oportunidades na iniciativa privada. Os cortes nas viagens de capacita\u00e7\u00e3o, por exemplo, acenderam um alerta no corpo t\u00e9cnico das autarquias.<br><br>A UnaReg (Associa\u00e7\u00e3o Nacional dos Servidores Efetivos das Ag\u00eancias Reguladoras Federais) \u00e9 uma das entidades que t\u00eam\u00a0alertado para os problemas \u2013 gerados tanto pela demora nas indica\u00e7\u00f5es quanto pela restri\u00e7\u00e3o or\u00e7ament\u00e1ria.\u00a0Em nota enviada \u00e0\u00a0<strong>Ag\u00eancia iNFRA,<\/strong>\u00a0a associa\u00e7\u00e3o disse que a \u201cmorosidade\u201d no processo de indica\u00e7\u00e3o e aprova\u00e7\u00e3o dos cargos compromete o pleno funcionamento das ag\u00eancias, \u201cenfraquece\u201d a capacidade de atua\u00e7\u00e3o e gera impactos negativos diretos para a sociedade e os setores regulados.\u00a0<br><br>\u201cNos \u00faltimos meses, temos assistido \u00e0s graves consequ\u00eancias dessa omiss\u00e3o, pois a aus\u00eancia de diretores com mandato impede que as ag\u00eancias reguladoras desempenhem com autonomia real, como na necess\u00e1ria contesta\u00e7\u00e3o ao absurdo contingenciamento or\u00e7ament\u00e1rio imposto. A restri\u00e7\u00e3o de recursos desestabiliza o planejamento e a execu\u00e7\u00e3o de atividades t\u00e9cnicas fundamentais, prejudicando fiscaliza\u00e7\u00f5es e regula\u00e7\u00f5es indispens\u00e1veis ao equil\u00edbrio do mercado e \u00e0 qualidade dos servi\u00e7os p\u00fablicos\u201d, completou a UnaReg.\u00a0<br><br><strong>Previs\u00f5es \u00e0 frente\u00a0<\/strong><br>Como j\u00e1\u00a0<a href=\"https:\/\/agenciainfra.us14.list-manage.com\/track\/click?u=d460dd1bcf9ba0ae040e1fc0f&amp;id=ac8d38ff2b&amp;e=55b7a27fc9\" target=\"_blank\" rel=\"noreferrer noopener\">mostrou<\/a>\u00a0a\u00a0<strong>Ag\u00eancia iNFRA<\/strong>, a demora na sabatina dos indicados para os cargos de diretores-gerais das ag\u00eancias reguladoras enfraqueceu o poder de articula\u00e7\u00e3o das autarquias no Congresso, que ainda n\u00e3o conseguiu dar andamento a projetos que permitam a elas recuperar\u00a0algum f\u00f4lego nos seus or\u00e7amentos.\u00a0<br><br>Entre esses est\u00e1 o <a href=\"https:\/\/www25.senado.leg.br\/web\/atividade\/materias\/-\/materia\/167850\">PLP (Projeto de Lei Complementar) 73\/2025<\/a>, que prop\u00f5e altera\u00e7\u00f5es na LRF (Lei de Responsabilidade Fiscal) para excluir as despesas das ag\u00eancias reguladoras federais das limita\u00e7\u00f5es de empenho e movimenta\u00e7\u00e3o financeira. Autor da proposta, o senador La\u00e9rcio Oliveira (PP-SE) disse \u00e0 reportagem\u00a0que tem esperan\u00e7a na tramita\u00e7\u00e3o do projeto, mas acredita que ser\u00e1 dif\u00edcil, devido \u00e0 resist\u00eancia do Pal\u00e1cio do Planalto.\u00a0<br><br>Oliveira espera que as sabatinas para a aprova\u00e7\u00e3o dos indicados ocorram neste m\u00eas de julho, j\u00e1 na pr\u00f3xima semana, pois \u201centendimentos pol\u00edticos precisam ser consagrados\u201d para que as vota\u00e7\u00f5es sejam inclu\u00eddas na pauta. O\u00a0senador espera que a situa\u00e7\u00e3o seja resolvida nos pr\u00f3ximos dias.<br><br><strong>\u201cFuncionamento normal\u201d<\/strong><br>Em nota, a ANAC afirmou que n\u00e3o h\u00e1 uma situa\u00e7\u00e3o de fragiliza\u00e7\u00e3o institucional em raz\u00e3o da vac\u00e2ncia do cargo de diretor-presidente e refor\u00e7ou que, no momento, \u201caguarda-se a sabatina de tr\u00eas novos diretores, entre eles, o diretor-presidente\u201d.\u00a0<br><br>\u201cA Lei das Ag\u00eancias Reguladoras (Lei n\u00ba 13.848, de 25 de junho de 2019) prev\u00ea mecanismos para que a ANAC siga com sua composi\u00e7\u00e3o de diretoria completa e apta a decidir sobre assuntos regulat\u00f3rios, administrativos e outros. A prop\u00f3sito, durante o per\u00edodo de interinidade, diversos normativos foram aprovados e recursos a multas e processos administrativos foram julgados, o que demonstra o funcionamento normal da ag\u00eancia, mesmo com a presen\u00e7a de substitutos na diretoria colegiada&#8221;, disse\u00a0o \u00f3rg\u00e3o.\u00a0<\/p>\n","protected":false},"excerpt":{"rendered":"<p>Sheyla Santos, Mar\u00edlia Sena e Amanda Pupo, da&nbsp;Ag\u00eancia iNFRA O governo fechou o primeiro semestre de 2025 sem conseguir avan\u00e7ar nas sabatinas para resolver o comando das tr\u00eas ag\u00eancias reguladoras na \u00e1rea de transportes. Com isso, ANAC (Ag\u00eancia Nacional de Avia\u00e7\u00e3o Civil), ANTAQ (Ag\u00eancia Nacional de Transportes Aquavi\u00e1rios) e ANTT (Ag\u00eancia Nacional de Transportes Terrestres) [&hellip;]<\/p>\n","protected":false},"author":1,"featured_media":22789,"comment_status":"closed","ping_status":"closed","sticky":false,"template":"","format":"standard","meta":{"_monsterinsights_skip_tracking":false,"_monsterinsights_sitenote_active":false,"_monsterinsights_sitenote_note":"","_monsterinsights_sitenote_category":0,"footnotes":""},"categories":[7250,1,7],"tags":[14108,46,13354,14110,9406,11654,167,14111,8838],"class_list":["post-23847","post","type-post","status-publish","format-standard","has-post-thumbnail","hentry","category-destaque-lista","category-geral","category-infratransporte","tag-agencias-de-transporte","tag-agencias-reguladoras","tag-amanda-pupo","tag-cortes-no-orcamento","tag-lista-triplice","tag-marilia-sena","tag-orcamento","tag-sabatinas-senado","tag-sheyla-santos"],"yoast_head":"<!-- This site is optimized with the Yoast SEO Premium plugin v25.4 (Yoast SEO v26.0) - https:\/\/yoast.com\/wordpress\/plugins\/seo\/ -->\n<title>Governo chega ao meio do ano sem comandos efetivos em ag\u00eancias de transporte - Ag\u00eancia iNFRA<\/title>\n<meta name=\"robots\" content=\"index, follow, max-snippet:-1, max-image-preview:large, max-video-preview:-1\" \/>\n<link rel=\"canonical\" href=\"https:\/\/agenciainfra.com\/blog\/governo-chega-ao-meio-do-ano-sem-comandos-efetivos-em-agencias-de-transporte\/\" \/>\n<meta property=\"og:locale\" content=\"pt_BR\" \/>\n<meta property=\"og:type\" content=\"article\" \/>\n<meta property=\"og:title\" content=\"Governo chega ao meio do ano sem comandos efetivos em ag\u00eancias de transporte\" \/>\n<meta property=\"og:description\" content=\"Sheyla Santos, Mar\u00edlia Sena e Amanda Pupo, da&nbsp;Ag\u00eancia iNFRA O governo fechou o primeiro semestre de 2025 sem conseguir avan\u00e7ar nas sabatinas para resolver o comando das tr\u00eas ag\u00eancias reguladoras na \u00e1rea de transportes. Com isso, ANAC (Ag\u00eancia Nacional de Avia\u00e7\u00e3o Civil), ANTAQ (Ag\u00eancia Nacional de Transportes Aquavi\u00e1rios) e ANTT (Ag\u00eancia Nacional de Transportes Terrestres) [&hellip;]\" \/>\n<meta property=\"og:url\" content=\"https:\/\/agenciainfra.com\/blog\/governo-chega-ao-meio-do-ano-sem-comandos-efetivos-em-agencias-de-transporte\/\" \/>\n<meta property=\"og:site_name\" content=\"Ag\u00eancia iNFRA\" \/>\n<meta property=\"article:publisher\" content=\"https:\/\/www.facebook.com\/ageninfra\" \/>\n<meta property=\"article:published_time\" content=\"2025-07-02T13:00:00+00:00\" \/>\n<meta property=\"article:modified_time\" content=\"2025-07-03T17:29:08+00:00\" \/>\n<meta property=\"og:image\" content=\"https:\/\/agenciainfra.com\/blog\/wp-content\/uploads\/2025\/06\/modais-transportes-foto-agencia-brasil-dominio-publico-768x492.png.jpg\" \/>\n\t<meta property=\"og:image:width\" content=\"1280\" \/>\n\t<meta property=\"og:image:height\" content=\"820\" \/>\n\t<meta property=\"og:image:type\" content=\"image\/jpeg\" \/>\n<meta name=\"author\" content=\"Ag\u00eancia iNFRA\" \/>\n<meta name=\"twitter:card\" content=\"summary_large_image\" \/>\n<meta name=\"twitter:creator\" content=\"@agencia_infra\" \/>\n<meta name=\"twitter:site\" content=\"@agencia_infra\" \/>\n<meta name=\"twitter:label1\" content=\"Escrito por\" \/>\n\t<meta name=\"twitter:data1\" content=\"Ag\u00eancia iNFRA\" \/>\n\t<meta name=\"twitter:label2\" content=\"Est. tempo de leitura\" \/>\n\t<meta name=\"twitter:data2\" content=\"8 minutos\" \/>\n<script type=\"application\/ld+json\" class=\"yoast-schema-graph\">{\"@context\":\"https:\/\/schema.org\",\"@graph\":[{\"@type\":\"Article\",\"@id\":\"https:\/\/agenciainfra.com\/blog\/governo-chega-ao-meio-do-ano-sem-comandos-efetivos-em-agencias-de-transporte\/#article\",\"isPartOf\":{\"@id\":\"https:\/\/agenciainfra.com\/blog\/governo-chega-ao-meio-do-ano-sem-comandos-efetivos-em-agencias-de-transporte\/\"},\"author\":{\"name\":\"Ag\u00eancia iNFRA\",\"@id\":\"https:\/\/agenciainfra.com\/blog\/#\/schema\/person\/34af08dff6adea4cb22b06612ba7acfa\"},\"headline\":\"Governo chega ao meio do ano sem comandos efetivos em ag\u00eancias de transporte\",\"datePublished\":\"2025-07-02T13:00:00+00:00\",\"dateModified\":\"2025-07-03T17:29:08+00:00\",\"mainEntityOfPage\":{\"@id\":\"https:\/\/agenciainfra.com\/blog\/governo-chega-ao-meio-do-ano-sem-comandos-efetivos-em-agencias-de-transporte\/\"},\"wordCount\":1537,\"publisher\":{\"@id\":\"https:\/\/agenciainfra.com\/blog\/#organization\"},\"image\":{\"@id\":\"https:\/\/agenciainfra.com\/blog\/governo-chega-ao-meio-do-ano-sem-comandos-efetivos-em-agencias-de-transporte\/#primaryimage\"},\"thumbnailUrl\":\"https:\/\/agenciainfra.com\/blog\/wp-content\/uploads\/2025\/06\/modais-transportes-foto-agencia-brasil-dominio-publico-768x492.png.jpg\",\"keywords\":[\"ag\u00eancias de transporte\",\"Ag\u00eancias Reguladoras\",\"Amanda Pupo\",\"cortes no or\u00e7amento\",\"Lista tr\u00edplice\",\"Mar\u00edlia Sena\",\"Or\u00e7amento\",\"sabatinas senado\",\"Sheyla Santos\"],\"articleSection\":[\"Destaque lista\",\"Geral\",\"iNFRATransporte\"],\"inLanguage\":\"pt-BR\",\"copyrightYear\":\"2025\",\"copyrightHolder\":{\"@id\":\"https:\/\/agenciainfra.com\/blog\/#organization\"}},{\"@type\":\"WebPage\",\"@id\":\"https:\/\/agenciainfra.com\/blog\/governo-chega-ao-meio-do-ano-sem-comandos-efetivos-em-agencias-de-transporte\/\",\"url\":\"https:\/\/agenciainfra.com\/blog\/governo-chega-ao-meio-do-ano-sem-comandos-efetivos-em-agencias-de-transporte\/\",\"name\":\"Governo chega ao meio do ano sem comandos efetivos em ag\u00eancias de transporte - Ag\u00eancia iNFRA\",\"isPartOf\":{\"@id\":\"https:\/\/agenciainfra.com\/blog\/#website\"},\"primaryImageOfPage\":{\"@id\":\"https:\/\/agenciainfra.com\/blog\/governo-chega-ao-meio-do-ano-sem-comandos-efetivos-em-agencias-de-transporte\/#primaryimage\"},\"image\":{\"@id\":\"https:\/\/agenciainfra.com\/blog\/governo-chega-ao-meio-do-ano-sem-comandos-efetivos-em-agencias-de-transporte\/#primaryimage\"},\"thumbnailUrl\":\"https:\/\/agenciainfra.com\/blog\/wp-content\/uploads\/2025\/06\/modais-transportes-foto-agencia-brasil-dominio-publico-768x492.png.jpg\",\"datePublished\":\"2025-07-02T13:00:00+00:00\",\"dateModified\":\"2025-07-03T17:29:08+00:00\",\"breadcrumb\":{\"@id\":\"https:\/\/agenciainfra.com\/blog\/governo-chega-ao-meio-do-ano-sem-comandos-efetivos-em-agencias-de-transporte\/#breadcrumb\"},\"inLanguage\":\"pt-BR\",\"potentialAction\":[{\"@type\":\"ReadAction\",\"target\":[\"https:\/\/agenciainfra.com\/blog\/governo-chega-ao-meio-do-ano-sem-comandos-efetivos-em-agencias-de-transporte\/\"]}]},{\"@type\":\"ImageObject\",\"inLanguage\":\"pt-BR\",\"@id\":\"https:\/\/agenciainfra.com\/blog\/governo-chega-ao-meio-do-ano-sem-comandos-efetivos-em-agencias-de-transporte\/#primaryimage\",\"url\":\"https:\/\/agenciainfra.com\/blog\/wp-content\/uploads\/2025\/06\/modais-transportes-foto-agencia-brasil-dominio-publico-768x492.png.jpg\",\"contentUrl\":\"https:\/\/agenciainfra.com\/blog\/wp-content\/uploads\/2025\/06\/modais-transportes-foto-agencia-brasil-dominio-publico-768x492.png.jpg\",\"width\":1280,\"height\":820,\"caption\":\"Foto: Ag\u00eancia Brasil\"},{\"@type\":\"BreadcrumbList\",\"@id\":\"https:\/\/agenciainfra.com\/blog\/governo-chega-ao-meio-do-ano-sem-comandos-efetivos-em-agencias-de-transporte\/#breadcrumb\",\"itemListElement\":[{\"@type\":\"ListItem\",\"position\":1,\"name\":\"In\u00edcio\",\"item\":\"https:\/\/agenciainfra.com\/blog\/\"},{\"@type\":\"ListItem\",\"position\":2,\"name\":\"Governo chega ao meio do ano sem comandos efetivos em ag\u00eancias de transporte\"}]},{\"@type\":\"WebSite\",\"@id\":\"https:\/\/agenciainfra.com\/blog\/#website\",\"url\":\"https:\/\/agenciainfra.com\/blog\/\",\"name\":\"Ag\u00eancia iNFRA\",\"description\":\"Multiplataforma de informa\u00e7\u00e3o jornal\u00edstica refer\u00eancia na \u00e1rea de infraestrutura no Brasil!\",\"publisher\":{\"@id\":\"https:\/\/agenciainfra.com\/blog\/#organization\"},\"potentialAction\":[{\"@type\":\"SearchAction\",\"target\":{\"@type\":\"EntryPoint\",\"urlTemplate\":\"https:\/\/agenciainfra.com\/blog\/?s={search_term_string}\"},\"query-input\":{\"@type\":\"PropertyValueSpecification\",\"valueRequired\":true,\"valueName\":\"search_term_string\"}}],\"inLanguage\":\"pt-BR\"},{\"@type\":\"Organization\",\"@id\":\"https:\/\/agenciainfra.com\/blog\/#organization\",\"name\":\"Ag\u00eancia iNFRA\",\"url\":\"https:\/\/agenciainfra.com\/blog\/\",\"logo\":{\"@type\":\"ImageObject\",\"inLanguage\":\"pt-BR\",\"@id\":\"https:\/\/agenciainfra.com\/blog\/#\/schema\/logo\/image\/\",\"url\":\"https:\/\/agenciainfra.com\/blog\/wp-content\/uploads\/2023\/09\/iNFRA_5-e1761735885940.png\",\"contentUrl\":\"https:\/\/agenciainfra.com\/blog\/wp-content\/uploads\/2023\/09\/iNFRA_5-e1761735885940.png\",\"width\":1672,\"height\":454,\"caption\":\"Ag\u00eancia iNFRA\"},\"image\":{\"@id\":\"https:\/\/agenciainfra.com\/blog\/#\/schema\/logo\/image\/\"},\"sameAs\":[\"https:\/\/www.facebook.com\/ageninfra\",\"https:\/\/x.com\/agencia_infra\",\"https:\/\/www.linkedin.com\/company\/ag\u00eanciainfra\/\",\"https:\/\/www.instagram.com\/agenciainfra\/\"]},{\"@type\":\"Person\",\"@id\":\"https:\/\/agenciainfra.com\/blog\/#\/schema\/person\/34af08dff6adea4cb22b06612ba7acfa\",\"name\":\"Ag\u00eancia iNFRA\",\"image\":{\"@type\":\"ImageObject\",\"inLanguage\":\"pt-BR\",\"@id\":\"https:\/\/agenciainfra.com\/blog\/#\/schema\/person\/image\/\",\"url\":\"https:\/\/secure.gravatar.com\/avatar\/d189e01678f06d8eb84d4e01f08eb848b3fffe3f8443818d3c356c66892f5be8?s=96&d=mm&r=g\",\"contentUrl\":\"https:\/\/secure.gravatar.com\/avatar\/d189e01678f06d8eb84d4e01f08eb848b3fffe3f8443818d3c356c66892f5be8?s=96&d=mm&r=g\",\"caption\":\"Ag\u00eancia iNFRA\"},\"url\":\"https:\/\/agenciainfra.com\/blog\/author\/admin\/\"}]}<\/script>\n<!-- \/ Yoast SEO Premium plugin. -->","yoast_head_json":{"title":"Governo chega ao meio do ano sem comandos efetivos em ag\u00eancias de transporte - Ag\u00eancia iNFRA","robots":{"index":"index","follow":"follow","max-snippet":"max-snippet:-1","max-image-preview":"max-image-preview:large","max-video-preview":"max-video-preview:-1"},"canonical":"https:\/\/agenciainfra.com\/blog\/governo-chega-ao-meio-do-ano-sem-comandos-efetivos-em-agencias-de-transporte\/","og_locale":"pt_BR","og_type":"article","og_title":"Governo chega ao meio do ano sem comandos efetivos em ag\u00eancias de transporte","og_description":"Sheyla Santos, Mar\u00edlia Sena e Amanda Pupo, da&nbsp;Ag\u00eancia iNFRA O governo fechou o primeiro semestre de 2025 sem conseguir avan\u00e7ar nas sabatinas para resolver o comando das tr\u00eas ag\u00eancias reguladoras na \u00e1rea de transportes. Com isso, ANAC (Ag\u00eancia Nacional de Avia\u00e7\u00e3o Civil), ANTAQ (Ag\u00eancia Nacional de Transportes Aquavi\u00e1rios) e ANTT (Ag\u00eancia Nacional de Transportes Terrestres) [&hellip;]","og_url":"https:\/\/agenciainfra.com\/blog\/governo-chega-ao-meio-do-ano-sem-comandos-efetivos-em-agencias-de-transporte\/","og_site_name":"Ag\u00eancia iNFRA","article_publisher":"https:\/\/www.facebook.com\/ageninfra","article_published_time":"2025-07-02T13:00:00+00:00","article_modified_time":"2025-07-03T17:29:08+00:00","og_image":[{"width":1280,"height":820,"url":"https:\/\/agenciainfra.com\/blog\/wp-content\/uploads\/2025\/06\/modais-transportes-foto-agencia-brasil-dominio-publico-768x492.png.jpg","type":"image\/jpeg"}],"author":"Ag\u00eancia iNFRA","twitter_card":"summary_large_image","twitter_creator":"@agencia_infra","twitter_site":"@agencia_infra","twitter_misc":{"Escrito por":"Ag\u00eancia iNFRA","Est. tempo de leitura":"8 minutos"},"schema":{"@context":"https:\/\/schema.org","@graph":[{"@type":"Article","@id":"https:\/\/agenciainfra.com\/blog\/governo-chega-ao-meio-do-ano-sem-comandos-efetivos-em-agencias-de-transporte\/#article","isPartOf":{"@id":"https:\/\/agenciainfra.com\/blog\/governo-chega-ao-meio-do-ano-sem-comandos-efetivos-em-agencias-de-transporte\/"},"author":{"name":"Ag\u00eancia iNFRA","@id":"https:\/\/agenciainfra.com\/blog\/#\/schema\/person\/34af08dff6adea4cb22b06612ba7acfa"},"headline":"Governo chega ao meio do ano sem comandos efetivos em ag\u00eancias de transporte","datePublished":"2025-07-02T13:00:00+00:00","dateModified":"2025-07-03T17:29:08+00:00","mainEntityOfPage":{"@id":"https:\/\/agenciainfra.com\/blog\/governo-chega-ao-meio-do-ano-sem-comandos-efetivos-em-agencias-de-transporte\/"},"wordCount":1537,"publisher":{"@id":"https:\/\/agenciainfra.com\/blog\/#organization"},"image":{"@id":"https:\/\/agenciainfra.com\/blog\/governo-chega-ao-meio-do-ano-sem-comandos-efetivos-em-agencias-de-transporte\/#primaryimage"},"thumbnailUrl":"https:\/\/agenciainfra.com\/blog\/wp-content\/uploads\/2025\/06\/modais-transportes-foto-agencia-brasil-dominio-publico-768x492.png.jpg","keywords":["ag\u00eancias de transporte","Ag\u00eancias Reguladoras","Amanda Pupo","cortes no or\u00e7amento","Lista tr\u00edplice","Mar\u00edlia Sena","Or\u00e7amento","sabatinas senado","Sheyla Santos"],"articleSection":["Destaque lista","Geral","iNFRATransporte"],"inLanguage":"pt-BR","copyrightYear":"2025","copyrightHolder":{"@id":"https:\/\/agenciainfra.com\/blog\/#organization"}},{"@type":"WebPage","@id":"https:\/\/agenciainfra.com\/blog\/governo-chega-ao-meio-do-ano-sem-comandos-efetivos-em-agencias-de-transporte\/","url":"https:\/\/agenciainfra.com\/blog\/governo-chega-ao-meio-do-ano-sem-comandos-efetivos-em-agencias-de-transporte\/","name":"Governo chega ao meio do ano sem comandos efetivos em ag\u00eancias de transporte - Ag\u00eancia iNFRA","isPartOf":{"@id":"https:\/\/agenciainfra.com\/blog\/#website"},"primaryImageOfPage":{"@id":"https:\/\/agenciainfra.com\/blog\/governo-chega-ao-meio-do-ano-sem-comandos-efetivos-em-agencias-de-transporte\/#primaryimage"},"image":{"@id":"https:\/\/agenciainfra.com\/blog\/governo-chega-ao-meio-do-ano-sem-comandos-efetivos-em-agencias-de-transporte\/#primaryimage"},"thumbnailUrl":"https:\/\/agenciainfra.com\/blog\/wp-content\/uploads\/2025\/06\/modais-transportes-foto-agencia-brasil-dominio-publico-768x492.png.jpg","datePublished":"2025-07-02T13:00:00+00:00","dateModified":"2025-07-03T17:29:08+00:00","breadcrumb":{"@id":"https:\/\/agenciainfra.com\/blog\/governo-chega-ao-meio-do-ano-sem-comandos-efetivos-em-agencias-de-transporte\/#breadcrumb"},"inLanguage":"pt-BR","potentialAction":[{"@type":"ReadAction","target":["https:\/\/agenciainfra.com\/blog\/governo-chega-ao-meio-do-ano-sem-comandos-efetivos-em-agencias-de-transporte\/"]}]},{"@type":"ImageObject","inLanguage":"pt-BR","@id":"https:\/\/agenciainfra.com\/blog\/governo-chega-ao-meio-do-ano-sem-comandos-efetivos-em-agencias-de-transporte\/#primaryimage","url":"https:\/\/agenciainfra.com\/blog\/wp-content\/uploads\/2025\/06\/modais-transportes-foto-agencia-brasil-dominio-publico-768x492.png.jpg","contentUrl":"https:\/\/agenciainfra.com\/blog\/wp-content\/uploads\/2025\/06\/modais-transportes-foto-agencia-brasil-dominio-publico-768x492.png.jpg","width":1280,"height":820,"caption":"Foto: Ag\u00eancia Brasil"},{"@type":"BreadcrumbList","@id":"https:\/\/agenciainfra.com\/blog\/governo-chega-ao-meio-do-ano-sem-comandos-efetivos-em-agencias-de-transporte\/#breadcrumb","itemListElement":[{"@type":"ListItem","position":1,"name":"In\u00edcio","item":"https:\/\/agenciainfra.com\/blog\/"},{"@type":"ListItem","position":2,"name":"Governo chega ao meio do ano sem comandos efetivos em ag\u00eancias de transporte"}]},{"@type":"WebSite","@id":"https:\/\/agenciainfra.com\/blog\/#website","url":"https:\/\/agenciainfra.com\/blog\/","name":"Ag\u00eancia iNFRA","description":"Multiplataforma de informa\u00e7\u00e3o jornal\u00edstica refer\u00eancia na \u00e1rea de infraestrutura no Brasil!","publisher":{"@id":"https:\/\/agenciainfra.com\/blog\/#organization"},"potentialAction":[{"@type":"SearchAction","target":{"@type":"EntryPoint","urlTemplate":"https:\/\/agenciainfra.com\/blog\/?s={search_term_string}"},"query-input":{"@type":"PropertyValueSpecification","valueRequired":true,"valueName":"search_term_string"}}],"inLanguage":"pt-BR"},{"@type":"Organization","@id":"https:\/\/agenciainfra.com\/blog\/#organization","name":"Ag\u00eancia iNFRA","url":"https:\/\/agenciainfra.com\/blog\/","logo":{"@type":"ImageObject","inLanguage":"pt-BR","@id":"https:\/\/agenciainfra.com\/blog\/#\/schema\/logo\/image\/","url":"https:\/\/agenciainfra.com\/blog\/wp-content\/uploads\/2023\/09\/iNFRA_5-e1761735885940.png","contentUrl":"https:\/\/agenciainfra.com\/blog\/wp-content\/uploads\/2023\/09\/iNFRA_5-e1761735885940.png","width":1672,"height":454,"caption":"Ag\u00eancia iNFRA"},"image":{"@id":"https:\/\/agenciainfra.com\/blog\/#\/schema\/logo\/image\/"},"sameAs":["https:\/\/www.facebook.com\/ageninfra","https:\/\/x.com\/agencia_infra","https:\/\/www.linkedin.com\/company\/ag\u00eanciainfra\/","https:\/\/www.instagram.com\/agenciainfra\/"]},{"@type":"Person","@id":"https:\/\/agenciainfra.com\/blog\/#\/schema\/person\/34af08dff6adea4cb22b06612ba7acfa","name":"Ag\u00eancia iNFRA","image":{"@type":"ImageObject","inLanguage":"pt-BR","@id":"https:\/\/agenciainfra.com\/blog\/#\/schema\/person\/image\/","url":"https:\/\/secure.gravatar.com\/avatar\/d189e01678f06d8eb84d4e01f08eb848b3fffe3f8443818d3c356c66892f5be8?s=96&d=mm&r=g","contentUrl":"https:\/\/secure.gravatar.com\/avatar\/d189e01678f06d8eb84d4e01f08eb848b3fffe3f8443818d3c356c66892f5be8?s=96&d=mm&r=g","caption":"Ag\u00eancia iNFRA"},"url":"https:\/\/agenciainfra.com\/blog\/author\/admin\/"}]}},"_links":{"self":[{"href":"https:\/\/agenciainfra.com\/blog\/wp-json\/wp\/v2\/posts\/23847","targetHints":{"allow":["GET"]}}],"collection":[{"href":"https:\/\/agenciainfra.com\/blog\/wp-json\/wp\/v2\/posts"}],"about":[{"href":"https:\/\/agenciainfra.com\/blog\/wp-json\/wp\/v2\/types\/post"}],"author":[{"embeddable":true,"href":"https:\/\/agenciainfra.com\/blog\/wp-json\/wp\/v2\/users\/1"}],"replies":[{"embeddable":true,"href":"https:\/\/agenciainfra.com\/blog\/wp-json\/wp\/v2\/comments?post=23847"}],"version-history":[{"count":2,"href":"https:\/\/agenciainfra.com\/blog\/wp-json\/wp\/v2\/posts\/23847\/revisions"}],"predecessor-version":[{"id":23850,"href":"https:\/\/agenciainfra.com\/blog\/wp-json\/wp\/v2\/posts\/23847\/revisions\/23850"}],"wp:featuredmedia":[{"embeddable":true,"href":"https:\/\/agenciainfra.com\/blog\/wp-json\/wp\/v2\/media\/22789"}],"wp:attachment":[{"href":"https:\/\/agenciainfra.com\/blog\/wp-json\/wp\/v2\/media?parent=23847"}],"wp:term":[{"taxonomy":"category","embeddable":true,"href":"https:\/\/agenciainfra.com\/blog\/wp-json\/wp\/v2\/categories?post=23847"},{"taxonomy":"post_tag","embeddable":true,"href":"https:\/\/agenciainfra.com\/blog\/wp-json\/wp\/v2\/tags?post=23847"}],"curies":[{"name":"wp","href":"https:\/\/api.w.org\/{rel}","templated":true}]}}