{"id":23869,"date":"2025-07-01T12:40:00","date_gmt":"2025-07-01T15:40:00","guid":{"rendered":"https:\/\/agenciainfra.com\/blog\/?p=23869"},"modified":"2025-07-02T16:17:53","modified_gmt":"2025-07-02T19:17:53","slug":"aneel-diretora-agnes-costa-pede-vista-de-recurso-da-light-sobre-revisao-tarifaria-extraordinaria","status":"publish","type":"post","link":"https:\/\/agenciainfra.com\/blog\/aneel-diretora-agnes-costa-pede-vista-de-recurso-da-light-sobre-revisao-tarifaria-extraordinaria\/","title":{"rendered":"ANEEL: Diretora Agnes Costa pede vista de recurso da Light sobre revis\u00e3o tarif\u00e1ria extraordin\u00e1ria"},"content":{"rendered":"\n<p class=\"has-text-align-right\"><strong>Geraldo Campos Jr., da Ag\u00eancia iNFRA<\/strong><\/p>\n\n\n\n<p>A diretora da ANEEL (Ag\u00eancia Nacional de Energia El\u00e9trica) Agnes Costa pediu vista nesta ter\u00e7a-feira (1\u00ba) do recurso da Light contra negativa da ag\u00eancia para o pedido de RTE (Revis\u00e3o Tarif\u00e1ria Extraordin\u00e1ria).<\/p>\n\n\n\n<p>Na reuni\u00e3o desta ter\u00e7a, a diretora Ludimila Lima apresentou voto-vista rejeitando o recurso da Light, que pede reconsidera\u00e7\u00e3o da decis\u00e3o que lhe negou uma RTE. Segundo c\u00e1lculos da empresa, a revis\u00e3o extra representaria um al\u00edvio de caixa para a distribuidora da ordem de R$ 1,8 bilh\u00e3o.<\/p>\n\n\n\n<p>O processo j\u00e1 tem voto proferido pelo relator original, o ex-diretor Ricardo Tili, em maio, que acatava o recurso parcialmente e determinava a revis\u00e3o das perdas n\u00e3o-t\u00e9cnicas da concession\u00e1ria com reconhecimento tarif\u00e1rio.<\/p>\n","protected":false},"excerpt":{"rendered":"<p>Geraldo Campos Jr., da Ag\u00eancia iNFRA A diretora da ANEEL (Ag\u00eancia Nacional de Energia El\u00e9trica) Agnes Costa pediu vista nesta ter\u00e7a-feira (1\u00ba) do recurso da Light contra negativa da ag\u00eancia para o pedido de RTE (Revis\u00e3o Tarif\u00e1ria Extraordin\u00e1ria). Na reuni\u00e3o desta ter\u00e7a, a diretora Ludimila Lima apresentou voto-vista rejeitando o recurso da Light, que pede [&hellip;]<\/p>\n","protected":false},"author":1,"featured_media":22679,"comment_status":"closed","ping_status":"closed","sticky":false,"template":"","format":"standard","meta":{"_monsterinsights_skip_tracking":false,"_monsterinsights_sitenote_active":false,"_monsterinsights_sitenote_note":"","_monsterinsights_sitenote_category":0,"footnotes":""},"categories":[1,10],"tags":[12467,53,1867,12289,14120,2690,12574],"class_list":["post-23869","post","type-post","status-publish","format-standard","has-post-thumbnail","hentry","category-geral","category-infraenergia","tag-agnes-costa-aneel","tag-aneel","tag-light","tag-ludimila-lima","tag-revisao-da-light","tag-revisao-tarifaria","tag-ricardo-tili-aneel"],"yoast_head":"<!-- This site is optimized with the Yoast SEO Premium plugin v25.4 (Yoast SEO v26.0) - https:\/\/yoast.com\/wordpress\/plugins\/seo\/ -->\n<title>ANEEL: Diretora Agnes Costa pede vista de recurso da Light sobre revis\u00e3o tarif\u00e1ria extraordin\u00e1ria - Ag\u00eancia iNFRA<\/title>\n<meta name=\"robots\" content=\"index, follow, max-snippet:-1, max-image-preview:large, max-video-preview:-1\" \/>\n<link rel=\"canonical\" href=\"https:\/\/agenciainfra.com\/blog\/aneel-diretora-agnes-costa-pede-vista-de-recurso-da-light-sobre-revisao-tarifaria-extraordinaria\/\" \/>\n<meta property=\"og:locale\" content=\"pt_BR\" \/>\n<meta property=\"og:type\" content=\"article\" \/>\n<meta property=\"og:title\" content=\"ANEEL: Diretora Agnes Costa pede vista de recurso da Light sobre revis\u00e3o tarif\u00e1ria extraordin\u00e1ria\" \/>\n<meta property=\"og:description\" content=\"Geraldo Campos Jr., da Ag\u00eancia iNFRA A diretora da ANEEL (Ag\u00eancia Nacional de Energia El\u00e9trica) Agnes Costa pediu vista nesta ter\u00e7a-feira (1\u00ba) do recurso da Light contra negativa da ag\u00eancia para o pedido de RTE (Revis\u00e3o Tarif\u00e1ria Extraordin\u00e1ria). Na reuni\u00e3o desta ter\u00e7a, a diretora Ludimila Lima apresentou voto-vista rejeitando o recurso da Light, que pede [&hellip;]\" \/>\n<meta property=\"og:url\" content=\"https:\/\/agenciainfra.com\/blog\/aneel-diretora-agnes-costa-pede-vista-de-recurso-da-light-sobre-revisao-tarifaria-extraordinaria\/\" \/>\n<meta property=\"og:site_name\" content=\"Ag\u00eancia iNFRA\" \/>\n<meta property=\"article:publisher\" content=\"https:\/\/www.facebook.com\/ageninfra\" \/>\n<meta property=\"article:published_time\" content=\"2025-07-01T15:40:00+00:00\" \/>\n<meta property=\"article:modified_time\" content=\"2025-07-02T19:17:53+00:00\" \/>\n<meta property=\"og:image\" content=\"https:\/\/agenciainfra.com\/blog\/wp-content\/uploads\/2025\/06\/agnes-costa-foto-michel-jesus-aneel-e1750165599724.jpg\" \/>\n\t<meta property=\"og:image:width\" content=\"1280\" \/>\n\t<meta property=\"og:image:height\" content=\"772\" \/>\n\t<meta property=\"og:image:type\" content=\"image\/jpeg\" \/>\n<meta name=\"author\" content=\"Ag\u00eancia iNFRA\" \/>\n<meta name=\"twitter:card\" content=\"summary_large_image\" \/>\n<meta name=\"twitter:creator\" content=\"@agencia_infra\" \/>\n<meta name=\"twitter:site\" content=\"@agencia_infra\" \/>\n<meta name=\"twitter:label1\" content=\"Escrito por\" \/>\n\t<meta name=\"twitter:data1\" content=\"Ag\u00eancia iNFRA\" \/>\n\t<meta name=\"twitter:label2\" content=\"Est. tempo de leitura\" \/>\n\t<meta name=\"twitter:data2\" content=\"1 minuto\" \/>\n<script type=\"application\/ld+json\" class=\"yoast-schema-graph\">{\"@context\":\"https:\/\/schema.org\",\"@graph\":[{\"@type\":\"Article\",\"@id\":\"https:\/\/agenciainfra.com\/blog\/aneel-diretora-agnes-costa-pede-vista-de-recurso-da-light-sobre-revisao-tarifaria-extraordinaria\/#article\",\"isPartOf\":{\"@id\":\"https:\/\/agenciainfra.com\/blog\/aneel-diretora-agnes-costa-pede-vista-de-recurso-da-light-sobre-revisao-tarifaria-extraordinaria\/\"},\"author\":{\"name\":\"Ag\u00eancia iNFRA\",\"@id\":\"https:\/\/agenciainfra.com\/blog\/#\/schema\/person\/34af08dff6adea4cb22b06612ba7acfa\"},\"headline\":\"ANEEL: Diretora Agnes Costa pede vista de recurso da Light sobre revis\u00e3o tarif\u00e1ria extraordin\u00e1ria\",\"datePublished\":\"2025-07-01T15:40:00+00:00\",\"dateModified\":\"2025-07-02T19:17:53+00:00\",\"mainEntityOfPage\":{\"@id\":\"https:\/\/agenciainfra.com\/blog\/aneel-diretora-agnes-costa-pede-vista-de-recurso-da-light-sobre-revisao-tarifaria-extraordinaria\/\"},\"wordCount\":152,\"publisher\":{\"@id\":\"https:\/\/agenciainfra.com\/blog\/#organization\"},\"image\":{\"@id\":\"https:\/\/agenciainfra.com\/blog\/aneel-diretora-agnes-costa-pede-vista-de-recurso-da-light-sobre-revisao-tarifaria-extraordinaria\/#primaryimage\"},\"thumbnailUrl\":\"https:\/\/agenciainfra.com\/blog\/wp-content\/uploads\/2025\/06\/agnes-costa-foto-michel-jesus-aneel-e1750165599724.jpg\",\"keywords\":[\"Agnes Costa ANEEL\",\"ANEEL\",\"Light\",\"ludimila lima\",\"revis\u00e3o da light\",\"revis\u00e3o tarif\u00e1ria\",\"ricardo tili aneel\"],\"articleSection\":[\"Geral\",\"iNFRAEnergia\"],\"inLanguage\":\"pt-BR\",\"copyrightYear\":\"2025\",\"copyrightHolder\":{\"@id\":\"https:\/\/agenciainfra.com\/blog\/#organization\"}},{\"@type\":\"WebPage\",\"@id\":\"https:\/\/agenciainfra.com\/blog\/aneel-diretora-agnes-costa-pede-vista-de-recurso-da-light-sobre-revisao-tarifaria-extraordinaria\/\",\"url\":\"https:\/\/agenciainfra.com\/blog\/aneel-diretora-agnes-costa-pede-vista-de-recurso-da-light-sobre-revisao-tarifaria-extraordinaria\/\",\"name\":\"ANEEL: Diretora Agnes Costa pede vista de recurso da Light sobre revis\u00e3o tarif\u00e1ria extraordin\u00e1ria - Ag\u00eancia iNFRA\",\"isPartOf\":{\"@id\":\"https:\/\/agenciainfra.com\/blog\/#website\"},\"primaryImageOfPage\":{\"@id\":\"https:\/\/agenciainfra.com\/blog\/aneel-diretora-agnes-costa-pede-vista-de-recurso-da-light-sobre-revisao-tarifaria-extraordinaria\/#primaryimage\"},\"image\":{\"@id\":\"https:\/\/agenciainfra.com\/blog\/aneel-diretora-agnes-costa-pede-vista-de-recurso-da-light-sobre-revisao-tarifaria-extraordinaria\/#primaryimage\"},\"thumbnailUrl\":\"https:\/\/agenciainfra.com\/blog\/wp-content\/uploads\/2025\/06\/agnes-costa-foto-michel-jesus-aneel-e1750165599724.jpg\",\"datePublished\":\"2025-07-01T15:40:00+00:00\",\"dateModified\":\"2025-07-02T19:17:53+00:00\",\"breadcrumb\":{\"@id\":\"https:\/\/agenciainfra.com\/blog\/aneel-diretora-agnes-costa-pede-vista-de-recurso-da-light-sobre-revisao-tarifaria-extraordinaria\/#breadcrumb\"},\"inLanguage\":\"pt-BR\",\"potentialAction\":[{\"@type\":\"ReadAction\",\"target\":[\"https:\/\/agenciainfra.com\/blog\/aneel-diretora-agnes-costa-pede-vista-de-recurso-da-light-sobre-revisao-tarifaria-extraordinaria\/\"]}]},{\"@type\":\"ImageObject\",\"inLanguage\":\"pt-BR\",\"@id\":\"https:\/\/agenciainfra.com\/blog\/aneel-diretora-agnes-costa-pede-vista-de-recurso-da-light-sobre-revisao-tarifaria-extraordinaria\/#primaryimage\",\"url\":\"https:\/\/agenciainfra.com\/blog\/wp-content\/uploads\/2025\/06\/agnes-costa-foto-michel-jesus-aneel-e1750165599724.jpg\",\"contentUrl\":\"https:\/\/agenciainfra.com\/blog\/wp-content\/uploads\/2025\/06\/agnes-costa-foto-michel-jesus-aneel-e1750165599724.jpg\",\"width\":1280,\"height\":772,\"caption\":\"Foto: Michel Jesus\/ANEEL\"},{\"@type\":\"BreadcrumbList\",\"@id\":\"https:\/\/agenciainfra.com\/blog\/aneel-diretora-agnes-costa-pede-vista-de-recurso-da-light-sobre-revisao-tarifaria-extraordinaria\/#breadcrumb\",\"itemListElement\":[{\"@type\":\"ListItem\",\"position\":1,\"name\":\"In\u00edcio\",\"item\":\"https:\/\/agenciainfra.com\/blog\/\"},{\"@type\":\"ListItem\",\"position\":2,\"name\":\"ANEEL: Diretora Agnes Costa pede vista de recurso da Light sobre revis\u00e3o tarif\u00e1ria extraordin\u00e1ria\"}]},{\"@type\":\"WebSite\",\"@id\":\"https:\/\/agenciainfra.com\/blog\/#website\",\"url\":\"https:\/\/agenciainfra.com\/blog\/\",\"name\":\"Ag\u00eancia iNFRA\",\"description\":\"Multiplataforma de informa\u00e7\u00e3o jornal\u00edstica refer\u00eancia na \u00e1rea de infraestrutura no Brasil!\",\"publisher\":{\"@id\":\"https:\/\/agenciainfra.com\/blog\/#organization\"},\"potentialAction\":[{\"@type\":\"SearchAction\",\"target\":{\"@type\":\"EntryPoint\",\"urlTemplate\":\"https:\/\/agenciainfra.com\/blog\/?s={search_term_string}\"},\"query-input\":{\"@type\":\"PropertyValueSpecification\",\"valueRequired\":true,\"valueName\":\"search_term_string\"}}],\"inLanguage\":\"pt-BR\"},{\"@type\":\"Organization\",\"@id\":\"https:\/\/agenciainfra.com\/blog\/#organization\",\"name\":\"Ag\u00eancia iNFRA\",\"url\":\"https:\/\/agenciainfra.com\/blog\/\",\"logo\":{\"@type\":\"ImageObject\",\"inLanguage\":\"pt-BR\",\"@id\":\"https:\/\/agenciainfra.com\/blog\/#\/schema\/logo\/image\/\",\"url\":\"https:\/\/agenciainfra.com\/blog\/wp-content\/uploads\/2023\/09\/iNFRA_5-e1761735885940.png\",\"contentUrl\":\"https:\/\/agenciainfra.com\/blog\/wp-content\/uploads\/2023\/09\/iNFRA_5-e1761735885940.png\",\"width\":1672,\"height\":454,\"caption\":\"Ag\u00eancia iNFRA\"},\"image\":{\"@id\":\"https:\/\/agenciainfra.com\/blog\/#\/schema\/logo\/image\/\"},\"sameAs\":[\"https:\/\/www.facebook.com\/ageninfra\",\"https:\/\/x.com\/agencia_infra\",\"https:\/\/www.linkedin.com\/company\/ag\u00eanciainfra\/\",\"https:\/\/www.instagram.com\/agenciainfra\/\"]},{\"@type\":\"Person\",\"@id\":\"https:\/\/agenciainfra.com\/blog\/#\/schema\/person\/34af08dff6adea4cb22b06612ba7acfa\",\"name\":\"Ag\u00eancia iNFRA\",\"image\":{\"@type\":\"ImageObject\",\"inLanguage\":\"pt-BR\",\"@id\":\"https:\/\/agenciainfra.com\/blog\/#\/schema\/person\/image\/\",\"url\":\"https:\/\/secure.gravatar.com\/avatar\/d189e01678f06d8eb84d4e01f08eb848b3fffe3f8443818d3c356c66892f5be8?s=96&d=mm&r=g\",\"contentUrl\":\"https:\/\/secure.gravatar.com\/avatar\/d189e01678f06d8eb84d4e01f08eb848b3fffe3f8443818d3c356c66892f5be8?s=96&d=mm&r=g\",\"caption\":\"Ag\u00eancia iNFRA\"},\"url\":\"https:\/\/agenciainfra.com\/blog\/author\/admin\/\"}]}<\/script>\n<!-- \/ Yoast SEO Premium plugin. -->","yoast_head_json":{"title":"ANEEL: Diretora Agnes Costa pede vista de recurso da Light sobre revis\u00e3o tarif\u00e1ria extraordin\u00e1ria - Ag\u00eancia iNFRA","robots":{"index":"index","follow":"follow","max-snippet":"max-snippet:-1","max-image-preview":"max-image-preview:large","max-video-preview":"max-video-preview:-1"},"canonical":"https:\/\/agenciainfra.com\/blog\/aneel-diretora-agnes-costa-pede-vista-de-recurso-da-light-sobre-revisao-tarifaria-extraordinaria\/","og_locale":"pt_BR","og_type":"article","og_title":"ANEEL: Diretora Agnes Costa pede vista de recurso da Light sobre revis\u00e3o tarif\u00e1ria extraordin\u00e1ria","og_description":"Geraldo Campos Jr., da Ag\u00eancia iNFRA A diretora da ANEEL (Ag\u00eancia Nacional de Energia El\u00e9trica) Agnes Costa pediu vista nesta ter\u00e7a-feira (1\u00ba) do recurso da Light contra negativa da ag\u00eancia para o pedido de RTE (Revis\u00e3o Tarif\u00e1ria Extraordin\u00e1ria). Na reuni\u00e3o desta ter\u00e7a, a diretora Ludimila Lima apresentou voto-vista rejeitando o recurso da Light, que pede [&hellip;]","og_url":"https:\/\/agenciainfra.com\/blog\/aneel-diretora-agnes-costa-pede-vista-de-recurso-da-light-sobre-revisao-tarifaria-extraordinaria\/","og_site_name":"Ag\u00eancia iNFRA","article_publisher":"https:\/\/www.facebook.com\/ageninfra","article_published_time":"2025-07-01T15:40:00+00:00","article_modified_time":"2025-07-02T19:17:53+00:00","og_image":[{"width":1280,"height":772,"url":"https:\/\/agenciainfra.com\/blog\/wp-content\/uploads\/2025\/06\/agnes-costa-foto-michel-jesus-aneel-e1750165599724.jpg","type":"image\/jpeg"}],"author":"Ag\u00eancia iNFRA","twitter_card":"summary_large_image","twitter_creator":"@agencia_infra","twitter_site":"@agencia_infra","twitter_misc":{"Escrito por":"Ag\u00eancia iNFRA","Est. tempo de leitura":"1 minuto"},"schema":{"@context":"https:\/\/schema.org","@graph":[{"@type":"Article","@id":"https:\/\/agenciainfra.com\/blog\/aneel-diretora-agnes-costa-pede-vista-de-recurso-da-light-sobre-revisao-tarifaria-extraordinaria\/#article","isPartOf":{"@id":"https:\/\/agenciainfra.com\/blog\/aneel-diretora-agnes-costa-pede-vista-de-recurso-da-light-sobre-revisao-tarifaria-extraordinaria\/"},"author":{"name":"Ag\u00eancia iNFRA","@id":"https:\/\/agenciainfra.com\/blog\/#\/schema\/person\/34af08dff6adea4cb22b06612ba7acfa"},"headline":"ANEEL: Diretora Agnes Costa pede vista de recurso da Light sobre revis\u00e3o tarif\u00e1ria extraordin\u00e1ria","datePublished":"2025-07-01T15:40:00+00:00","dateModified":"2025-07-02T19:17:53+00:00","mainEntityOfPage":{"@id":"https:\/\/agenciainfra.com\/blog\/aneel-diretora-agnes-costa-pede-vista-de-recurso-da-light-sobre-revisao-tarifaria-extraordinaria\/"},"wordCount":152,"publisher":{"@id":"https:\/\/agenciainfra.com\/blog\/#organization"},"image":{"@id":"https:\/\/agenciainfra.com\/blog\/aneel-diretora-agnes-costa-pede-vista-de-recurso-da-light-sobre-revisao-tarifaria-extraordinaria\/#primaryimage"},"thumbnailUrl":"https:\/\/agenciainfra.com\/blog\/wp-content\/uploads\/2025\/06\/agnes-costa-foto-michel-jesus-aneel-e1750165599724.jpg","keywords":["Agnes Costa ANEEL","ANEEL","Light","ludimila lima","revis\u00e3o da light","revis\u00e3o tarif\u00e1ria","ricardo tili aneel"],"articleSection":["Geral","iNFRAEnergia"],"inLanguage":"pt-BR","copyrightYear":"2025","copyrightHolder":{"@id":"https:\/\/agenciainfra.com\/blog\/#organization"}},{"@type":"WebPage","@id":"https:\/\/agenciainfra.com\/blog\/aneel-diretora-agnes-costa-pede-vista-de-recurso-da-light-sobre-revisao-tarifaria-extraordinaria\/","url":"https:\/\/agenciainfra.com\/blog\/aneel-diretora-agnes-costa-pede-vista-de-recurso-da-light-sobre-revisao-tarifaria-extraordinaria\/","name":"ANEEL: Diretora Agnes Costa pede vista de recurso da Light sobre revis\u00e3o tarif\u00e1ria extraordin\u00e1ria - Ag\u00eancia iNFRA","isPartOf":{"@id":"https:\/\/agenciainfra.com\/blog\/#website"},"primaryImageOfPage":{"@id":"https:\/\/agenciainfra.com\/blog\/aneel-diretora-agnes-costa-pede-vista-de-recurso-da-light-sobre-revisao-tarifaria-extraordinaria\/#primaryimage"},"image":{"@id":"https:\/\/agenciainfra.com\/blog\/aneel-diretora-agnes-costa-pede-vista-de-recurso-da-light-sobre-revisao-tarifaria-extraordinaria\/#primaryimage"},"thumbnailUrl":"https:\/\/agenciainfra.com\/blog\/wp-content\/uploads\/2025\/06\/agnes-costa-foto-michel-jesus-aneel-e1750165599724.jpg","datePublished":"2025-07-01T15:40:00+00:00","dateModified":"2025-07-02T19:17:53+00:00","breadcrumb":{"@id":"https:\/\/agenciainfra.com\/blog\/aneel-diretora-agnes-costa-pede-vista-de-recurso-da-light-sobre-revisao-tarifaria-extraordinaria\/#breadcrumb"},"inLanguage":"pt-BR","potentialAction":[{"@type":"ReadAction","target":["https:\/\/agenciainfra.com\/blog\/aneel-diretora-agnes-costa-pede-vista-de-recurso-da-light-sobre-revisao-tarifaria-extraordinaria\/"]}]},{"@type":"ImageObject","inLanguage":"pt-BR","@id":"https:\/\/agenciainfra.com\/blog\/aneel-diretora-agnes-costa-pede-vista-de-recurso-da-light-sobre-revisao-tarifaria-extraordinaria\/#primaryimage","url":"https:\/\/agenciainfra.com\/blog\/wp-content\/uploads\/2025\/06\/agnes-costa-foto-michel-jesus-aneel-e1750165599724.jpg","contentUrl":"https:\/\/agenciainfra.com\/blog\/wp-content\/uploads\/2025\/06\/agnes-costa-foto-michel-jesus-aneel-e1750165599724.jpg","width":1280,"height":772,"caption":"Foto: Michel Jesus\/ANEEL"},{"@type":"BreadcrumbList","@id":"https:\/\/agenciainfra.com\/blog\/aneel-diretora-agnes-costa-pede-vista-de-recurso-da-light-sobre-revisao-tarifaria-extraordinaria\/#breadcrumb","itemListElement":[{"@type":"ListItem","position":1,"name":"In\u00edcio","item":"https:\/\/agenciainfra.com\/blog\/"},{"@type":"ListItem","position":2,"name":"ANEEL: Diretora Agnes Costa pede vista de recurso da Light sobre revis\u00e3o tarif\u00e1ria extraordin\u00e1ria"}]},{"@type":"WebSite","@id":"https:\/\/agenciainfra.com\/blog\/#website","url":"https:\/\/agenciainfra.com\/blog\/","name":"Ag\u00eancia iNFRA","description":"Multiplataforma de informa\u00e7\u00e3o jornal\u00edstica refer\u00eancia na \u00e1rea de infraestrutura no Brasil!","publisher":{"@id":"https:\/\/agenciainfra.com\/blog\/#organization"},"potentialAction":[{"@type":"SearchAction","target":{"@type":"EntryPoint","urlTemplate":"https:\/\/agenciainfra.com\/blog\/?s={search_term_string}"},"query-input":{"@type":"PropertyValueSpecification","valueRequired":true,"valueName":"search_term_string"}}],"inLanguage":"pt-BR"},{"@type":"Organization","@id":"https:\/\/agenciainfra.com\/blog\/#organization","name":"Ag\u00eancia iNFRA","url":"https:\/\/agenciainfra.com\/blog\/","logo":{"@type":"ImageObject","inLanguage":"pt-BR","@id":"https:\/\/agenciainfra.com\/blog\/#\/schema\/logo\/image\/","url":"https:\/\/agenciainfra.com\/blog\/wp-content\/uploads\/2023\/09\/iNFRA_5-e1761735885940.png","contentUrl":"https:\/\/agenciainfra.com\/blog\/wp-content\/uploads\/2023\/09\/iNFRA_5-e1761735885940.png","width":1672,"height":454,"caption":"Ag\u00eancia iNFRA"},"image":{"@id":"https:\/\/agenciainfra.com\/blog\/#\/schema\/logo\/image\/"},"sameAs":["https:\/\/www.facebook.com\/ageninfra","https:\/\/x.com\/agencia_infra","https:\/\/www.linkedin.com\/company\/ag\u00eanciainfra\/","https:\/\/www.instagram.com\/agenciainfra\/"]},{"@type":"Person","@id":"https:\/\/agenciainfra.com\/blog\/#\/schema\/person\/34af08dff6adea4cb22b06612ba7acfa","name":"Ag\u00eancia iNFRA","image":{"@type":"ImageObject","inLanguage":"pt-BR","@id":"https:\/\/agenciainfra.com\/blog\/#\/schema\/person\/image\/","url":"https:\/\/secure.gravatar.com\/avatar\/d189e01678f06d8eb84d4e01f08eb848b3fffe3f8443818d3c356c66892f5be8?s=96&d=mm&r=g","contentUrl":"https:\/\/secure.gravatar.com\/avatar\/d189e01678f06d8eb84d4e01f08eb848b3fffe3f8443818d3c356c66892f5be8?s=96&d=mm&r=g","caption":"Ag\u00eancia iNFRA"},"url":"https:\/\/agenciainfra.com\/blog\/author\/admin\/"}]}},"_links":{"self":[{"href":"https:\/\/agenciainfra.com\/blog\/wp-json\/wp\/v2\/posts\/23869","targetHints":{"allow":["GET"]}}],"collection":[{"href":"https:\/\/agenciainfra.com\/blog\/wp-json\/wp\/v2\/posts"}],"about":[{"href":"https:\/\/agenciainfra.com\/blog\/wp-json\/wp\/v2\/types\/post"}],"author":[{"embeddable":true,"href":"https:\/\/agenciainfra.com\/blog\/wp-json\/wp\/v2\/users\/1"}],"replies":[{"embeddable":true,"href":"https:\/\/agenciainfra.com\/blog\/wp-json\/wp\/v2\/comments?post=23869"}],"version-history":[{"count":3,"href":"https:\/\/agenciainfra.com\/blog\/wp-json\/wp\/v2\/posts\/23869\/revisions"}],"predecessor-version":[{"id":23899,"href":"https:\/\/agenciainfra.com\/blog\/wp-json\/wp\/v2\/posts\/23869\/revisions\/23899"}],"wp:featuredmedia":[{"embeddable":true,"href":"https:\/\/agenciainfra.com\/blog\/wp-json\/wp\/v2\/media\/22679"}],"wp:attachment":[{"href":"https:\/\/agenciainfra.com\/blog\/wp-json\/wp\/v2\/media?parent=23869"}],"wp:term":[{"taxonomy":"category","embeddable":true,"href":"https:\/\/agenciainfra.com\/blog\/wp-json\/wp\/v2\/categories?post=23869"},{"taxonomy":"post_tag","embeddable":true,"href":"https:\/\/agenciainfra.com\/blog\/wp-json\/wp\/v2\/tags?post=23869"}],"curies":[{"name":"wp","href":"https:\/\/api.w.org\/{rel}","templated":true}]}}