{"id":23876,"date":"2025-07-01T14:31:34","date_gmt":"2025-07-01T17:31:34","guid":{"rendered":"https:\/\/agenciainfra.com\/blog\/?p=23876"},"modified":"2025-07-02T17:14:23","modified_gmt":"2025-07-02T20:14:23","slug":"sonda-que-petrobras-vai-usar-em-simulacao-na-margem-equatorial-esta-no-para-e-aguarda-sinalizacao-do-ibama","status":"publish","type":"post","link":"https:\/\/agenciainfra.com\/blog\/sonda-que-petrobras-vai-usar-em-simulacao-na-margem-equatorial-esta-no-para-e-aguarda-sinalizacao-do-ibama\/","title":{"rendered":"Sonda que Petrobras vai usar em simula\u00e7\u00e3o na Margem Equatorial est\u00e1 no Par\u00e1 e aguarda sinaliza\u00e7\u00e3o do Ibama"},"content":{"rendered":"\n<p class=\"has-text-align-right\"><strong>Gabriel Vasconcelos, da Ag\u00eancia iNFRA<\/strong><\/p>\n\n\n\n<p>A sonda de perfura\u00e7\u00e3o NS 42 (tamb\u00e9m denominada ODN-II), afretada pela Petrobras junto \u00e0 fornecedora Foresea, est\u00e1 no litoral do Par\u00e1, pr\u00f3ximo \u00e0 Ilha de Maraj\u00f3, e aguarda sinaliza\u00e7\u00e3o do Ibama (Instituto Brasileiro do Meio Ambiente e dos Recursos Naturais Renov\u00e1veis) sobre a data da APO (Avalia\u00e7\u00e3o Pr\u00e9-Operacional), esp\u00e9cie de simula\u00e7\u00e3o de emerg\u00eancia, para seguir at\u00e9 o ponto do bloco FZA-M-59, na costa do Amap\u00e1, onde a Petrobras tem planos de perfurar para procurar petr\u00f3leo. A APO \u00e9 a \u00faltima etapa do processo de licenciamento ambiental da campanha explorat\u00f3ria da Petrobras nesta \u00e1rea da Bacia da Foz do Amazonas, uma das cinco que formam a Margem Equatorial.<\/p>\n\n\n\n<p>&#8220;A sonda NS 42 chegou \u00e0 regi\u00e3o de Bel\u00e9m (PA) no \u00faltimo dia 28\/06. A embarca\u00e7\u00e3o far\u00e1 uma parada operacional na costa paraense, antes de seguir viagem para o Amap\u00e1. De acordo com o andamento da parada operacional e os preparativos para a realiza\u00e7\u00e3o da APO, ser\u00e1 definida a data de chegada ao destino final da sonda&#8221;, informou hoje a Petrobras \u00e0 <strong>Ag\u00eancia iNFRA<\/strong>.<\/p>\n\n\n\n<p>No m\u00eas passado, a companhia solicitou formalmente ao Ibama que a APO fosse realizada em 14 de julho, o que ainda n\u00e3o foi oficialmente confirmado pelo Ibama. O presidente da autarquia ambiental, Rodrigo Agostinho, j\u00e1 disse concordar com a data em entrevista \u00e0 <strong>Ag\u00eancia iNFRA<\/strong>, mas a falta de uma manifesta\u00e7\u00e3o oficial j\u00e1 cria desconfian\u00e7as dentro da estatal.<\/p>\n\n\n\n<p>No mesmo documento em que sugeriu a data da APO, a Petrobras indicou que a sonda estaria na regi\u00e3o do teste em 29 de junho, o que foi alterado depois, em nova comunica\u00e7\u00e3o, para 30 de junho. A data foi cumprida. A sonda n\u00e3o chegou propriamente ao local exato do teste, mas se encontra na regi\u00e3o. A ODN-II deixou a Ba\u00eda de Guanabara, no Rio de Janeiro, em 7 de junho.<\/p>\n\n\n\n<p>A Petrobras pretende perfurar em l\u00e2mina d&#8217;\u00e1gua de 2,8 mil metros e a 175 km da costa do Amap\u00e1, com o objetivo de verificar a exist\u00eancia ou n\u00e3o de jazida petrol\u00edfera nesta parte da Margem Equatorial. O licenciamento ambiental para explora\u00e7\u00e3o do \u00f3leo e g\u00e1s na \u00e1rea se arrasta desde 2014, e est\u00e1 com a Petrobras desde 2020, tendo se intensificado nos dois \u00faltimos anos, ap\u00f3s uma primeira negativa do Ibama \u00e0 estatal. Antes, foi tentado pela brit\u00e2nica BP e pela francesa TotalEnergies, que desistiram.<\/p>\n","protected":false},"excerpt":{"rendered":"<p>Gabriel Vasconcelos, da Ag\u00eancia iNFRA A sonda de perfura\u00e7\u00e3o NS 42 (tamb\u00e9m denominada ODN-II), afretada pela Petrobras junto \u00e0 fornecedora Foresea, est\u00e1 no litoral do Par\u00e1, pr\u00f3ximo \u00e0 Ilha de Maraj\u00f3, e aguarda sinaliza\u00e7\u00e3o do Ibama (Instituto Brasileiro do Meio Ambiente e dos Recursos Naturais Renov\u00e1veis) sobre a data da APO (Avalia\u00e7\u00e3o Pr\u00e9-Operacional), esp\u00e9cie de [&hellip;]<\/p>\n","protected":false},"author":1,"featured_media":23920,"comment_status":"closed","ping_status":"closed","sticky":false,"template":"","format":"standard","meta":{"_monsterinsights_skip_tracking":false,"_monsterinsights_sitenote_active":false,"_monsterinsights_sitenote_note":"","_monsterinsights_sitenote_category":0,"footnotes":""},"categories":[7250,1,13271],"tags":[14123,13339,13251,749,223,13269,3191,143,13612],"class_list":["post-23876","post","type-post","status-publish","format-standard","has-post-thumbnail","hentry","category-destaque-lista","category-geral","category-oleo-gas","tag-bacia-da-foz-do-amazonas","tag-exploracao-de-petroleo","tag-gabriel-vasconcelos","tag-ibama","tag-licenciamento-ambiental","tag-margem-equatorial","tag-oleo-e-gas","tag-petrobras","tag-sonda-de-perfuracao"],"yoast_head":"<!-- This site is optimized with the Yoast SEO Premium plugin v25.4 (Yoast SEO v26.0) - https:\/\/yoast.com\/wordpress\/plugins\/seo\/ -->\n<title>Sonda que Petrobras vai usar em simula\u00e7\u00e3o na Margem Equatorial est\u00e1 no Par\u00e1 e aguarda sinaliza\u00e7\u00e3o do Ibama - Ag\u00eancia iNFRA<\/title>\n<meta name=\"robots\" content=\"index, follow, max-snippet:-1, max-image-preview:large, max-video-preview:-1\" \/>\n<link rel=\"canonical\" href=\"https:\/\/agenciainfra.com\/blog\/sonda-que-petrobras-vai-usar-em-simulacao-na-margem-equatorial-esta-no-para-e-aguarda-sinalizacao-do-ibama\/\" \/>\n<meta property=\"og:locale\" content=\"pt_BR\" \/>\n<meta property=\"og:type\" content=\"article\" \/>\n<meta property=\"og:title\" content=\"Sonda que Petrobras vai usar em simula\u00e7\u00e3o na Margem Equatorial est\u00e1 no Par\u00e1 e aguarda sinaliza\u00e7\u00e3o do Ibama\" \/>\n<meta property=\"og:description\" content=\"Gabriel Vasconcelos, da Ag\u00eancia iNFRA A sonda de perfura\u00e7\u00e3o NS 42 (tamb\u00e9m denominada ODN-II), afretada pela Petrobras junto \u00e0 fornecedora Foresea, est\u00e1 no litoral do Par\u00e1, pr\u00f3ximo \u00e0 Ilha de Maraj\u00f3, e aguarda sinaliza\u00e7\u00e3o do Ibama (Instituto Brasileiro do Meio Ambiente e dos Recursos Naturais Renov\u00e1veis) sobre a data da APO (Avalia\u00e7\u00e3o Pr\u00e9-Operacional), esp\u00e9cie de [&hellip;]\" \/>\n<meta property=\"og:url\" content=\"https:\/\/agenciainfra.com\/blog\/sonda-que-petrobras-vai-usar-em-simulacao-na-margem-equatorial-esta-no-para-e-aguarda-sinalizacao-do-ibama\/\" \/>\n<meta property=\"og:site_name\" content=\"Ag\u00eancia iNFRA\" \/>\n<meta property=\"article:publisher\" content=\"https:\/\/www.facebook.com\/ageninfra\" \/>\n<meta property=\"article:published_time\" content=\"2025-07-01T17:31:34+00:00\" \/>\n<meta property=\"article:modified_time\" content=\"2025-07-02T20:14:23+00:00\" \/>\n<meta property=\"og:image\" content=\"https:\/\/agenciainfra.com\/blog\/wp-content\/uploads\/2025\/07\/sonda-ODN-II-Petrobras-foto-divulgacao-foresea.jpg\" \/>\n\t<meta property=\"og:image:width\" content=\"1280\" \/>\n\t<meta property=\"og:image:height\" content=\"720\" \/>\n\t<meta property=\"og:image:type\" content=\"image\/jpeg\" \/>\n<meta name=\"author\" content=\"Ag\u00eancia iNFRA\" \/>\n<meta name=\"twitter:card\" content=\"summary_large_image\" \/>\n<meta name=\"twitter:creator\" content=\"@agencia_infra\" \/>\n<meta name=\"twitter:site\" content=\"@agencia_infra\" \/>\n<meta name=\"twitter:label1\" content=\"Escrito por\" \/>\n\t<meta name=\"twitter:data1\" content=\"Ag\u00eancia iNFRA\" \/>\n\t<meta name=\"twitter:label2\" content=\"Est. tempo de leitura\" \/>\n\t<meta name=\"twitter:data2\" content=\"2 minutos\" \/>\n<script type=\"application\/ld+json\" class=\"yoast-schema-graph\">{\"@context\":\"https:\/\/schema.org\",\"@graph\":[{\"@type\":\"Article\",\"@id\":\"https:\/\/agenciainfra.com\/blog\/sonda-que-petrobras-vai-usar-em-simulacao-na-margem-equatorial-esta-no-para-e-aguarda-sinalizacao-do-ibama\/#article\",\"isPartOf\":{\"@id\":\"https:\/\/agenciainfra.com\/blog\/sonda-que-petrobras-vai-usar-em-simulacao-na-margem-equatorial-esta-no-para-e-aguarda-sinalizacao-do-ibama\/\"},\"author\":{\"name\":\"Ag\u00eancia iNFRA\",\"@id\":\"https:\/\/agenciainfra.com\/blog\/#\/schema\/person\/34af08dff6adea4cb22b06612ba7acfa\"},\"headline\":\"Sonda que Petrobras vai usar em simula\u00e7\u00e3o na Margem Equatorial est\u00e1 no Par\u00e1 e aguarda sinaliza\u00e7\u00e3o do Ibama\",\"datePublished\":\"2025-07-01T17:31:34+00:00\",\"dateModified\":\"2025-07-02T20:14:23+00:00\",\"mainEntityOfPage\":{\"@id\":\"https:\/\/agenciainfra.com\/blog\/sonda-que-petrobras-vai-usar-em-simulacao-na-margem-equatorial-esta-no-para-e-aguarda-sinalizacao-do-ibama\/\"},\"wordCount\":429,\"publisher\":{\"@id\":\"https:\/\/agenciainfra.com\/blog\/#organization\"},\"image\":{\"@id\":\"https:\/\/agenciainfra.com\/blog\/sonda-que-petrobras-vai-usar-em-simulacao-na-margem-equatorial-esta-no-para-e-aguarda-sinalizacao-do-ibama\/#primaryimage\"},\"thumbnailUrl\":\"https:\/\/agenciainfra.com\/blog\/wp-content\/uploads\/2025\/07\/sonda-ODN-II-Petrobras-foto-divulgacao-foresea.jpg\",\"keywords\":[\"Bacia da Foz do Amazonas\",\"explora\u00e7\u00e3o de petr\u00f3leo\",\"Gabriel Vasconcelos\",\"Ibama\",\"Licenciamento ambiental\",\"margem equatorial\",\"\u00f3leo e g\u00e1s\",\"Petrobras\",\"Sonda de perfura\u00e7\u00e3o\"],\"articleSection\":[\"Destaque lista\",\"Geral\",\"\u00d3leo &amp; G\u00e1s\"],\"inLanguage\":\"pt-BR\",\"copyrightYear\":\"2025\",\"copyrightHolder\":{\"@id\":\"https:\/\/agenciainfra.com\/blog\/#organization\"}},{\"@type\":\"WebPage\",\"@id\":\"https:\/\/agenciainfra.com\/blog\/sonda-que-petrobras-vai-usar-em-simulacao-na-margem-equatorial-esta-no-para-e-aguarda-sinalizacao-do-ibama\/\",\"url\":\"https:\/\/agenciainfra.com\/blog\/sonda-que-petrobras-vai-usar-em-simulacao-na-margem-equatorial-esta-no-para-e-aguarda-sinalizacao-do-ibama\/\",\"name\":\"Sonda que Petrobras vai usar em simula\u00e7\u00e3o na Margem Equatorial est\u00e1 no Par\u00e1 e aguarda sinaliza\u00e7\u00e3o do Ibama - Ag\u00eancia iNFRA\",\"isPartOf\":{\"@id\":\"https:\/\/agenciainfra.com\/blog\/#website\"},\"primaryImageOfPage\":{\"@id\":\"https:\/\/agenciainfra.com\/blog\/sonda-que-petrobras-vai-usar-em-simulacao-na-margem-equatorial-esta-no-para-e-aguarda-sinalizacao-do-ibama\/#primaryimage\"},\"image\":{\"@id\":\"https:\/\/agenciainfra.com\/blog\/sonda-que-petrobras-vai-usar-em-simulacao-na-margem-equatorial-esta-no-para-e-aguarda-sinalizacao-do-ibama\/#primaryimage\"},\"thumbnailUrl\":\"https:\/\/agenciainfra.com\/blog\/wp-content\/uploads\/2025\/07\/sonda-ODN-II-Petrobras-foto-divulgacao-foresea.jpg\",\"datePublished\":\"2025-07-01T17:31:34+00:00\",\"dateModified\":\"2025-07-02T20:14:23+00:00\",\"breadcrumb\":{\"@id\":\"https:\/\/agenciainfra.com\/blog\/sonda-que-petrobras-vai-usar-em-simulacao-na-margem-equatorial-esta-no-para-e-aguarda-sinalizacao-do-ibama\/#breadcrumb\"},\"inLanguage\":\"pt-BR\",\"potentialAction\":[{\"@type\":\"ReadAction\",\"target\":[\"https:\/\/agenciainfra.com\/blog\/sonda-que-petrobras-vai-usar-em-simulacao-na-margem-equatorial-esta-no-para-e-aguarda-sinalizacao-do-ibama\/\"]}]},{\"@type\":\"ImageObject\",\"inLanguage\":\"pt-BR\",\"@id\":\"https:\/\/agenciainfra.com\/blog\/sonda-que-petrobras-vai-usar-em-simulacao-na-margem-equatorial-esta-no-para-e-aguarda-sinalizacao-do-ibama\/#primaryimage\",\"url\":\"https:\/\/agenciainfra.com\/blog\/wp-content\/uploads\/2025\/07\/sonda-ODN-II-Petrobras-foto-divulgacao-foresea.jpg\",\"contentUrl\":\"https:\/\/agenciainfra.com\/blog\/wp-content\/uploads\/2025\/07\/sonda-ODN-II-Petrobras-foto-divulgacao-foresea.jpg\",\"width\":1280,\"height\":720,\"caption\":\"Foto: Foresea\/Divulga\u00e7\u00e3o\"},{\"@type\":\"BreadcrumbList\",\"@id\":\"https:\/\/agenciainfra.com\/blog\/sonda-que-petrobras-vai-usar-em-simulacao-na-margem-equatorial-esta-no-para-e-aguarda-sinalizacao-do-ibama\/#breadcrumb\",\"itemListElement\":[{\"@type\":\"ListItem\",\"position\":1,\"name\":\"In\u00edcio\",\"item\":\"https:\/\/agenciainfra.com\/blog\/\"},{\"@type\":\"ListItem\",\"position\":2,\"name\":\"Sonda que Petrobras vai usar em simula\u00e7\u00e3o na Margem Equatorial est\u00e1 no Par\u00e1 e aguarda sinaliza\u00e7\u00e3o do Ibama\"}]},{\"@type\":\"WebSite\",\"@id\":\"https:\/\/agenciainfra.com\/blog\/#website\",\"url\":\"https:\/\/agenciainfra.com\/blog\/\",\"name\":\"Ag\u00eancia iNFRA\",\"description\":\"Multiplataforma de informa\u00e7\u00e3o jornal\u00edstica refer\u00eancia na \u00e1rea de infraestrutura no Brasil!\",\"publisher\":{\"@id\":\"https:\/\/agenciainfra.com\/blog\/#organization\"},\"potentialAction\":[{\"@type\":\"SearchAction\",\"target\":{\"@type\":\"EntryPoint\",\"urlTemplate\":\"https:\/\/agenciainfra.com\/blog\/?s={search_term_string}\"},\"query-input\":{\"@type\":\"PropertyValueSpecification\",\"valueRequired\":true,\"valueName\":\"search_term_string\"}}],\"inLanguage\":\"pt-BR\"},{\"@type\":\"Organization\",\"@id\":\"https:\/\/agenciainfra.com\/blog\/#organization\",\"name\":\"Ag\u00eancia iNFRA\",\"url\":\"https:\/\/agenciainfra.com\/blog\/\",\"logo\":{\"@type\":\"ImageObject\",\"inLanguage\":\"pt-BR\",\"@id\":\"https:\/\/agenciainfra.com\/blog\/#\/schema\/logo\/image\/\",\"url\":\"https:\/\/agenciainfra.com\/blog\/wp-content\/uploads\/2023\/09\/iNFRA_5-e1761735885940.png\",\"contentUrl\":\"https:\/\/agenciainfra.com\/blog\/wp-content\/uploads\/2023\/09\/iNFRA_5-e1761735885940.png\",\"width\":1672,\"height\":454,\"caption\":\"Ag\u00eancia iNFRA\"},\"image\":{\"@id\":\"https:\/\/agenciainfra.com\/blog\/#\/schema\/logo\/image\/\"},\"sameAs\":[\"https:\/\/www.facebook.com\/ageninfra\",\"https:\/\/x.com\/agencia_infra\",\"https:\/\/www.linkedin.com\/company\/ag\u00eanciainfra\/\",\"https:\/\/www.instagram.com\/agenciainfra\/\"]},{\"@type\":\"Person\",\"@id\":\"https:\/\/agenciainfra.com\/blog\/#\/schema\/person\/34af08dff6adea4cb22b06612ba7acfa\",\"name\":\"Ag\u00eancia iNFRA\",\"image\":{\"@type\":\"ImageObject\",\"inLanguage\":\"pt-BR\",\"@id\":\"https:\/\/agenciainfra.com\/blog\/#\/schema\/person\/image\/\",\"url\":\"https:\/\/secure.gravatar.com\/avatar\/d189e01678f06d8eb84d4e01f08eb848b3fffe3f8443818d3c356c66892f5be8?s=96&d=mm&r=g\",\"contentUrl\":\"https:\/\/secure.gravatar.com\/avatar\/d189e01678f06d8eb84d4e01f08eb848b3fffe3f8443818d3c356c66892f5be8?s=96&d=mm&r=g\",\"caption\":\"Ag\u00eancia iNFRA\"},\"url\":\"https:\/\/agenciainfra.com\/blog\/author\/admin\/\"}]}<\/script>\n<!-- \/ Yoast SEO Premium plugin. -->","yoast_head_json":{"title":"Sonda que Petrobras vai usar em simula\u00e7\u00e3o na Margem Equatorial est\u00e1 no Par\u00e1 e aguarda sinaliza\u00e7\u00e3o do Ibama - Ag\u00eancia iNFRA","robots":{"index":"index","follow":"follow","max-snippet":"max-snippet:-1","max-image-preview":"max-image-preview:large","max-video-preview":"max-video-preview:-1"},"canonical":"https:\/\/agenciainfra.com\/blog\/sonda-que-petrobras-vai-usar-em-simulacao-na-margem-equatorial-esta-no-para-e-aguarda-sinalizacao-do-ibama\/","og_locale":"pt_BR","og_type":"article","og_title":"Sonda que Petrobras vai usar em simula\u00e7\u00e3o na Margem Equatorial est\u00e1 no Par\u00e1 e aguarda sinaliza\u00e7\u00e3o do Ibama","og_description":"Gabriel Vasconcelos, da Ag\u00eancia iNFRA A sonda de perfura\u00e7\u00e3o NS 42 (tamb\u00e9m denominada ODN-II), afretada pela Petrobras junto \u00e0 fornecedora Foresea, est\u00e1 no litoral do Par\u00e1, pr\u00f3ximo \u00e0 Ilha de Maraj\u00f3, e aguarda sinaliza\u00e7\u00e3o do Ibama (Instituto Brasileiro do Meio Ambiente e dos Recursos Naturais Renov\u00e1veis) sobre a data da APO (Avalia\u00e7\u00e3o Pr\u00e9-Operacional), esp\u00e9cie de [&hellip;]","og_url":"https:\/\/agenciainfra.com\/blog\/sonda-que-petrobras-vai-usar-em-simulacao-na-margem-equatorial-esta-no-para-e-aguarda-sinalizacao-do-ibama\/","og_site_name":"Ag\u00eancia iNFRA","article_publisher":"https:\/\/www.facebook.com\/ageninfra","article_published_time":"2025-07-01T17:31:34+00:00","article_modified_time":"2025-07-02T20:14:23+00:00","og_image":[{"width":1280,"height":720,"url":"https:\/\/agenciainfra.com\/blog\/wp-content\/uploads\/2025\/07\/sonda-ODN-II-Petrobras-foto-divulgacao-foresea.jpg","type":"image\/jpeg"}],"author":"Ag\u00eancia iNFRA","twitter_card":"summary_large_image","twitter_creator":"@agencia_infra","twitter_site":"@agencia_infra","twitter_misc":{"Escrito por":"Ag\u00eancia iNFRA","Est. tempo de leitura":"2 minutos"},"schema":{"@context":"https:\/\/schema.org","@graph":[{"@type":"Article","@id":"https:\/\/agenciainfra.com\/blog\/sonda-que-petrobras-vai-usar-em-simulacao-na-margem-equatorial-esta-no-para-e-aguarda-sinalizacao-do-ibama\/#article","isPartOf":{"@id":"https:\/\/agenciainfra.com\/blog\/sonda-que-petrobras-vai-usar-em-simulacao-na-margem-equatorial-esta-no-para-e-aguarda-sinalizacao-do-ibama\/"},"author":{"name":"Ag\u00eancia iNFRA","@id":"https:\/\/agenciainfra.com\/blog\/#\/schema\/person\/34af08dff6adea4cb22b06612ba7acfa"},"headline":"Sonda que Petrobras vai usar em simula\u00e7\u00e3o na Margem Equatorial est\u00e1 no Par\u00e1 e aguarda sinaliza\u00e7\u00e3o do Ibama","datePublished":"2025-07-01T17:31:34+00:00","dateModified":"2025-07-02T20:14:23+00:00","mainEntityOfPage":{"@id":"https:\/\/agenciainfra.com\/blog\/sonda-que-petrobras-vai-usar-em-simulacao-na-margem-equatorial-esta-no-para-e-aguarda-sinalizacao-do-ibama\/"},"wordCount":429,"publisher":{"@id":"https:\/\/agenciainfra.com\/blog\/#organization"},"image":{"@id":"https:\/\/agenciainfra.com\/blog\/sonda-que-petrobras-vai-usar-em-simulacao-na-margem-equatorial-esta-no-para-e-aguarda-sinalizacao-do-ibama\/#primaryimage"},"thumbnailUrl":"https:\/\/agenciainfra.com\/blog\/wp-content\/uploads\/2025\/07\/sonda-ODN-II-Petrobras-foto-divulgacao-foresea.jpg","keywords":["Bacia da Foz do Amazonas","explora\u00e7\u00e3o de petr\u00f3leo","Gabriel Vasconcelos","Ibama","Licenciamento ambiental","margem equatorial","\u00f3leo e g\u00e1s","Petrobras","Sonda de perfura\u00e7\u00e3o"],"articleSection":["Destaque lista","Geral","\u00d3leo &amp; G\u00e1s"],"inLanguage":"pt-BR","copyrightYear":"2025","copyrightHolder":{"@id":"https:\/\/agenciainfra.com\/blog\/#organization"}},{"@type":"WebPage","@id":"https:\/\/agenciainfra.com\/blog\/sonda-que-petrobras-vai-usar-em-simulacao-na-margem-equatorial-esta-no-para-e-aguarda-sinalizacao-do-ibama\/","url":"https:\/\/agenciainfra.com\/blog\/sonda-que-petrobras-vai-usar-em-simulacao-na-margem-equatorial-esta-no-para-e-aguarda-sinalizacao-do-ibama\/","name":"Sonda que Petrobras vai usar em simula\u00e7\u00e3o na Margem Equatorial est\u00e1 no Par\u00e1 e aguarda sinaliza\u00e7\u00e3o do Ibama - Ag\u00eancia iNFRA","isPartOf":{"@id":"https:\/\/agenciainfra.com\/blog\/#website"},"primaryImageOfPage":{"@id":"https:\/\/agenciainfra.com\/blog\/sonda-que-petrobras-vai-usar-em-simulacao-na-margem-equatorial-esta-no-para-e-aguarda-sinalizacao-do-ibama\/#primaryimage"},"image":{"@id":"https:\/\/agenciainfra.com\/blog\/sonda-que-petrobras-vai-usar-em-simulacao-na-margem-equatorial-esta-no-para-e-aguarda-sinalizacao-do-ibama\/#primaryimage"},"thumbnailUrl":"https:\/\/agenciainfra.com\/blog\/wp-content\/uploads\/2025\/07\/sonda-ODN-II-Petrobras-foto-divulgacao-foresea.jpg","datePublished":"2025-07-01T17:31:34+00:00","dateModified":"2025-07-02T20:14:23+00:00","breadcrumb":{"@id":"https:\/\/agenciainfra.com\/blog\/sonda-que-petrobras-vai-usar-em-simulacao-na-margem-equatorial-esta-no-para-e-aguarda-sinalizacao-do-ibama\/#breadcrumb"},"inLanguage":"pt-BR","potentialAction":[{"@type":"ReadAction","target":["https:\/\/agenciainfra.com\/blog\/sonda-que-petrobras-vai-usar-em-simulacao-na-margem-equatorial-esta-no-para-e-aguarda-sinalizacao-do-ibama\/"]}]},{"@type":"ImageObject","inLanguage":"pt-BR","@id":"https:\/\/agenciainfra.com\/blog\/sonda-que-petrobras-vai-usar-em-simulacao-na-margem-equatorial-esta-no-para-e-aguarda-sinalizacao-do-ibama\/#primaryimage","url":"https:\/\/agenciainfra.com\/blog\/wp-content\/uploads\/2025\/07\/sonda-ODN-II-Petrobras-foto-divulgacao-foresea.jpg","contentUrl":"https:\/\/agenciainfra.com\/blog\/wp-content\/uploads\/2025\/07\/sonda-ODN-II-Petrobras-foto-divulgacao-foresea.jpg","width":1280,"height":720,"caption":"Foto: Foresea\/Divulga\u00e7\u00e3o"},{"@type":"BreadcrumbList","@id":"https:\/\/agenciainfra.com\/blog\/sonda-que-petrobras-vai-usar-em-simulacao-na-margem-equatorial-esta-no-para-e-aguarda-sinalizacao-do-ibama\/#breadcrumb","itemListElement":[{"@type":"ListItem","position":1,"name":"In\u00edcio","item":"https:\/\/agenciainfra.com\/blog\/"},{"@type":"ListItem","position":2,"name":"Sonda que Petrobras vai usar em simula\u00e7\u00e3o na Margem Equatorial est\u00e1 no Par\u00e1 e aguarda sinaliza\u00e7\u00e3o do Ibama"}]},{"@type":"WebSite","@id":"https:\/\/agenciainfra.com\/blog\/#website","url":"https:\/\/agenciainfra.com\/blog\/","name":"Ag\u00eancia iNFRA","description":"Multiplataforma de informa\u00e7\u00e3o jornal\u00edstica refer\u00eancia na \u00e1rea de infraestrutura no Brasil!","publisher":{"@id":"https:\/\/agenciainfra.com\/blog\/#organization"},"potentialAction":[{"@type":"SearchAction","target":{"@type":"EntryPoint","urlTemplate":"https:\/\/agenciainfra.com\/blog\/?s={search_term_string}"},"query-input":{"@type":"PropertyValueSpecification","valueRequired":true,"valueName":"search_term_string"}}],"inLanguage":"pt-BR"},{"@type":"Organization","@id":"https:\/\/agenciainfra.com\/blog\/#organization","name":"Ag\u00eancia iNFRA","url":"https:\/\/agenciainfra.com\/blog\/","logo":{"@type":"ImageObject","inLanguage":"pt-BR","@id":"https:\/\/agenciainfra.com\/blog\/#\/schema\/logo\/image\/","url":"https:\/\/agenciainfra.com\/blog\/wp-content\/uploads\/2023\/09\/iNFRA_5-e1761735885940.png","contentUrl":"https:\/\/agenciainfra.com\/blog\/wp-content\/uploads\/2023\/09\/iNFRA_5-e1761735885940.png","width":1672,"height":454,"caption":"Ag\u00eancia iNFRA"},"image":{"@id":"https:\/\/agenciainfra.com\/blog\/#\/schema\/logo\/image\/"},"sameAs":["https:\/\/www.facebook.com\/ageninfra","https:\/\/x.com\/agencia_infra","https:\/\/www.linkedin.com\/company\/ag\u00eanciainfra\/","https:\/\/www.instagram.com\/agenciainfra\/"]},{"@type":"Person","@id":"https:\/\/agenciainfra.com\/blog\/#\/schema\/person\/34af08dff6adea4cb22b06612ba7acfa","name":"Ag\u00eancia iNFRA","image":{"@type":"ImageObject","inLanguage":"pt-BR","@id":"https:\/\/agenciainfra.com\/blog\/#\/schema\/person\/image\/","url":"https:\/\/secure.gravatar.com\/avatar\/d189e01678f06d8eb84d4e01f08eb848b3fffe3f8443818d3c356c66892f5be8?s=96&d=mm&r=g","contentUrl":"https:\/\/secure.gravatar.com\/avatar\/d189e01678f06d8eb84d4e01f08eb848b3fffe3f8443818d3c356c66892f5be8?s=96&d=mm&r=g","caption":"Ag\u00eancia iNFRA"},"url":"https:\/\/agenciainfra.com\/blog\/author\/admin\/"}]}},"_links":{"self":[{"href":"https:\/\/agenciainfra.com\/blog\/wp-json\/wp\/v2\/posts\/23876","targetHints":{"allow":["GET"]}}],"collection":[{"href":"https:\/\/agenciainfra.com\/blog\/wp-json\/wp\/v2\/posts"}],"about":[{"href":"https:\/\/agenciainfra.com\/blog\/wp-json\/wp\/v2\/types\/post"}],"author":[{"embeddable":true,"href":"https:\/\/agenciainfra.com\/blog\/wp-json\/wp\/v2\/users\/1"}],"replies":[{"embeddable":true,"href":"https:\/\/agenciainfra.com\/blog\/wp-json\/wp\/v2\/comments?post=23876"}],"version-history":[{"count":2,"href":"https:\/\/agenciainfra.com\/blog\/wp-json\/wp\/v2\/posts\/23876\/revisions"}],"predecessor-version":[{"id":23903,"href":"https:\/\/agenciainfra.com\/blog\/wp-json\/wp\/v2\/posts\/23876\/revisions\/23903"}],"wp:featuredmedia":[{"embeddable":true,"href":"https:\/\/agenciainfra.com\/blog\/wp-json\/wp\/v2\/media\/23920"}],"wp:attachment":[{"href":"https:\/\/agenciainfra.com\/blog\/wp-json\/wp\/v2\/media?parent=23876"}],"wp:term":[{"taxonomy":"category","embeddable":true,"href":"https:\/\/agenciainfra.com\/blog\/wp-json\/wp\/v2\/categories?post=23876"},{"taxonomy":"post_tag","embeddable":true,"href":"https:\/\/agenciainfra.com\/blog\/wp-json\/wp\/v2\/tags?post=23876"}],"curies":[{"name":"wp","href":"https:\/\/api.w.org\/{rel}","templated":true}]}}