{"id":23891,"date":"2025-07-01T17:59:57","date_gmt":"2025-07-01T20:59:57","guid":{"rendered":"https:\/\/agenciainfra.com\/blog\/?p=23891"},"modified":"2025-07-01T18:14:54","modified_gmt":"2025-07-01T21:14:54","slug":"regulacao-sindicato-diz-que-agencias-sao-alvo-de-asfixia-orcamentaria-e-desmonte-institucional","status":"publish","type":"post","link":"https:\/\/agenciainfra.com\/blog\/regulacao-sindicato-diz-que-agencias-sao-alvo-de-asfixia-orcamentaria-e-desmonte-institucional\/","title":{"rendered":"Regula\u00e7\u00e3o: Sindicato diz que ag\u00eancias s\u00e3o alvo de &#8216;asfixia or\u00e7ament\u00e1ria e desmonte institucional&#8217;"},"content":{"rendered":"\n<p class=\"has-text-align-right\"><strong>Ag\u00eancia iNFRA<\/strong><\/p>\n\n\n\n<p>O Sinag\u00eancias (Sindicato Nacional dos Servidores das Ag\u00eancias Nacionais de Regula\u00e7\u00e3o) afirmou nesta ter\u00e7a-feira (1\u00ba) que vai iniciar uma campanha contra o que classifica como \u201casfixia or\u00e7ament\u00e1ria e desmonte institucional\u201d das ag\u00eancias reguladoras. O objetivo da entidade, que representa as 11 autarquias, \u00e9 realizar mobiliza\u00e7\u00e3o semelhante \u00e0 \u201cValoriza Regula\u00e7\u00e3o\u201d, campanha realizada no ano passado em que buscava equipara\u00e7\u00e3o salarial junto ao MGI (Minist\u00e9rio da Gest\u00e3o e da Inova\u00e7\u00e3o em Servi\u00e7os P\u00fablicos).<\/p>\n\n\n\n<p>Na avalia\u00e7\u00e3o do Sinag\u00eancias, o pa\u00eds enfrenta \u201cprocesso deliberado de demoli\u00e7\u00e3o das capacidades p\u00fablicas&#8221;. Em nota, a entidade lista uma s\u00e9rie de impactos decorrentes de cortes no or\u00e7amento das autarquias. \u201cA estrutura das ag\u00eancias reguladoras federais \u2013 respons\u00e1vel por fiscalizar setores essenciais como energia, sa\u00fade, transportes e avia\u00e7\u00e3o \u2013 est\u00e1 sendo desmontada em sil\u00eancio, por meio de cortes or\u00e7ament\u00e1rios, paralisa\u00e7\u00e3o de concursos, substitui\u00e7\u00e3o de efetivos por tempor\u00e1rios e esvaziamento institucional\u201d, disse por meio de nota.<\/p>\n\n\n\n<p>O Sinag\u00eancias ressaltou tamb\u00e9m que, por falta de recursos, a ANEEL (Ag\u00eancia Nacional de Energia El\u00e9trica) demitiu 145 trabalhadores terceirizados, enquanto a ANTT (Ag\u00eancia Nacional de Transportes Terrestres) teria dispensado mais de 200 profissionais.<\/p>\n\n\n\n<p>Na \u00e1rea da Sa\u00fade, o sindicato aponta que a Anvisa (Ag\u00eancia Nacional de Vigil\u00e2ncia Sanit\u00e1ria) tem cancelado a\u00e7\u00f5es de fiscaliza\u00e7\u00e3o e eventos com vigil\u00e2ncias locais. No caso da ANS (Ag\u00eancia Nacional de Sa\u00fade Suplementar), destaca que a autarquia acumula perda de 40% do or\u00e7amento, desde 2020, mantendo, mesmo com \u201cinfraestrutura fragilizada\u201d, um total de 27 mil reclama\u00e7\u00f5es mensais.<\/p>\n\n\n\n<p>Na avia\u00e7\u00e3o, o Sinag\u00eancias lembra que a ANAC (Ag\u00eancia Nacional de Avia\u00e7\u00e3o Civil) admitiu que o corte de 25% no or\u00e7amento deste ano provocou \u201cparalisa\u00e7\u00e3o de exames, suspens\u00e3o de certifica\u00e7\u00f5es e risco \u00e0 seguran\u00e7a a\u00e9rea\u201d. Os impactos, segundo o sindicato, tamb\u00e9m t\u00eam sido contabilizados no setor de \u00f3leo e g\u00e1s. A ANP (Ag\u00eancia Nacional do Petr\u00f3leo, G\u00e1s Natural e Biocombust\u00edveis), relata a entidade, suspendeu o monitoramento da qualidade dos combust\u00edveis e cortou 41 postos de trabalho.<\/p>\n\n\n\n<p>O Sinag\u00eancias afirma ainda que, no saneamento, a ANA (Ag\u00eancia Nacional de \u00c1guas e Saneamento B\u00e1sico) reduziu a frequ\u00eancia de manuten\u00e7\u00f5es em esta\u00e7\u00f5es de monitoramento, que s\u00e3o, por sua vez, consideradas essenciais \u00e0 preven\u00e7\u00e3o de eventos clim\u00e1ticos extremos. No caso da minera\u00e7\u00e3o, o alerta da ANM (Ag\u00eancia Nacional de Minera\u00e7\u00e3o), segundo o sindicato, seria de risco de paralisa\u00e7\u00e3o de atividades, como fiscaliza\u00e7\u00e3o de barragens e lavra ilegal.<\/p>\n","protected":false},"excerpt":{"rendered":"<p>Ag\u00eancia iNFRA O Sinag\u00eancias (Sindicato Nacional dos Servidores das Ag\u00eancias Nacionais de Regula\u00e7\u00e3o) afirmou nesta ter\u00e7a-feira (1\u00ba) que vai iniciar uma campanha contra o que classifica como \u201casfixia or\u00e7ament\u00e1ria e desmonte institucional\u201d das ag\u00eancias reguladoras. O objetivo da entidade, que representa as 11 autarquias, \u00e9 realizar mobiliza\u00e7\u00e3o semelhante \u00e0 \u201cValoriza Regula\u00e7\u00e3o\u201d, campanha realizada no ano [&hellip;]<\/p>\n","protected":false},"author":1,"featured_media":23892,"comment_status":"closed","ping_status":"closed","sticky":false,"template":"","format":"standard","meta":{"_monsterinsights_skip_tracking":false,"_monsterinsights_sitenote_active":false,"_monsterinsights_sitenote_note":"","_monsterinsights_sitenote_category":0,"footnotes":""},"categories":[1,13576],"tags":[46,77,242,53,340,1101,10301,19,2594,14110,9927],"class_list":["post-23891","post","type-post","status-publish","format-standard","has-post-thumbnail","hentry","category-geral","category-giro-infra","tag-agencias-reguladoras","tag-ana","tag-anac","tag-aneel","tag-anm","tag-anp","tag-ans","tag-antt","tag-anvisa","tag-cortes-no-orcamento","tag-sinagencias"],"yoast_head":"<!-- This site is optimized with the Yoast SEO Premium plugin v25.4 (Yoast SEO v26.0) - https:\/\/yoast.com\/wordpress\/plugins\/seo\/ -->\n<title>Regula\u00e7\u00e3o: Sindicato diz que ag\u00eancias s\u00e3o alvo de &#039;asfixia or\u00e7ament\u00e1ria e desmonte institucional&#039; - Ag\u00eancia iNFRA<\/title>\n<meta name=\"robots\" content=\"index, follow, max-snippet:-1, max-image-preview:large, max-video-preview:-1\" \/>\n<link rel=\"canonical\" href=\"https:\/\/agenciainfra.com\/blog\/regulacao-sindicato-diz-que-agencias-sao-alvo-de-asfixia-orcamentaria-e-desmonte-institucional\/\" \/>\n<meta property=\"og:locale\" content=\"pt_BR\" \/>\n<meta property=\"og:type\" content=\"article\" \/>\n<meta property=\"og:title\" content=\"Regula\u00e7\u00e3o: Sindicato diz que ag\u00eancias s\u00e3o alvo de &#039;asfixia or\u00e7ament\u00e1ria e desmonte institucional&#039;\" \/>\n<meta property=\"og:description\" content=\"Ag\u00eancia iNFRA O Sinag\u00eancias (Sindicato Nacional dos Servidores das Ag\u00eancias Nacionais de Regula\u00e7\u00e3o) afirmou nesta ter\u00e7a-feira (1\u00ba) que vai iniciar uma campanha contra o que classifica como \u201casfixia or\u00e7ament\u00e1ria e desmonte institucional\u201d das ag\u00eancias reguladoras. O objetivo da entidade, que representa as 11 autarquias, \u00e9 realizar mobiliza\u00e7\u00e3o semelhante \u00e0 \u201cValoriza Regula\u00e7\u00e3o\u201d, campanha realizada no ano [&hellip;]\" \/>\n<meta property=\"og:url\" content=\"https:\/\/agenciainfra.com\/blog\/regulacao-sindicato-diz-que-agencias-sao-alvo-de-asfixia-orcamentaria-e-desmonte-institucional\/\" \/>\n<meta property=\"og:site_name\" content=\"Ag\u00eancia iNFRA\" \/>\n<meta property=\"article:publisher\" content=\"https:\/\/www.facebook.com\/ageninfra\" \/>\n<meta property=\"article:published_time\" content=\"2025-07-01T20:59:57+00:00\" \/>\n<meta property=\"article:modified_time\" content=\"2025-07-01T21:14:54+00:00\" \/>\n<meta property=\"og:image\" content=\"https:\/\/agenciainfra.com\/blog\/wp-content\/uploads\/2025\/07\/sinagencias-foto-ascom-sinagencias.jpg\" \/>\n\t<meta property=\"og:image:width\" content=\"1024\" \/>\n\t<meta property=\"og:image:height\" content=\"683\" \/>\n\t<meta property=\"og:image:type\" content=\"image\/jpeg\" \/>\n<meta name=\"author\" content=\"Ag\u00eancia iNFRA\" \/>\n<meta name=\"twitter:card\" content=\"summary_large_image\" \/>\n<meta name=\"twitter:creator\" content=\"@agencia_infra\" \/>\n<meta name=\"twitter:site\" content=\"@agencia_infra\" \/>\n<meta name=\"twitter:label1\" content=\"Escrito por\" \/>\n\t<meta name=\"twitter:data1\" content=\"Ag\u00eancia iNFRA\" \/>\n\t<meta name=\"twitter:label2\" content=\"Est. tempo de leitura\" \/>\n\t<meta name=\"twitter:data2\" content=\"2 minutos\" \/>\n<script type=\"application\/ld+json\" class=\"yoast-schema-graph\">{\"@context\":\"https:\/\/schema.org\",\"@graph\":[{\"@type\":\"Article\",\"@id\":\"https:\/\/agenciainfra.com\/blog\/regulacao-sindicato-diz-que-agencias-sao-alvo-de-asfixia-orcamentaria-e-desmonte-institucional\/#article\",\"isPartOf\":{\"@id\":\"https:\/\/agenciainfra.com\/blog\/regulacao-sindicato-diz-que-agencias-sao-alvo-de-asfixia-orcamentaria-e-desmonte-institucional\/\"},\"author\":{\"name\":\"Ag\u00eancia iNFRA\",\"@id\":\"https:\/\/agenciainfra.com\/blog\/#\/schema\/person\/34af08dff6adea4cb22b06612ba7acfa\"},\"headline\":\"Regula\u00e7\u00e3o: Sindicato diz que ag\u00eancias s\u00e3o alvo de &#8216;asfixia or\u00e7ament\u00e1ria e desmonte institucional&#8217;\",\"datePublished\":\"2025-07-01T20:59:57+00:00\",\"dateModified\":\"2025-07-01T21:14:54+00:00\",\"mainEntityOfPage\":{\"@id\":\"https:\/\/agenciainfra.com\/blog\/regulacao-sindicato-diz-que-agencias-sao-alvo-de-asfixia-orcamentaria-e-desmonte-institucional\/\"},\"wordCount\":467,\"publisher\":{\"@id\":\"https:\/\/agenciainfra.com\/blog\/#organization\"},\"image\":{\"@id\":\"https:\/\/agenciainfra.com\/blog\/regulacao-sindicato-diz-que-agencias-sao-alvo-de-asfixia-orcamentaria-e-desmonte-institucional\/#primaryimage\"},\"thumbnailUrl\":\"https:\/\/agenciainfra.com\/blog\/wp-content\/uploads\/2025\/07\/sinagencias-foto-ascom-sinagencias.jpg\",\"keywords\":[\"Ag\u00eancias Reguladoras\",\"ANA\",\"ANAC\",\"ANEEL\",\"ANM\",\"ANP\",\"ANS\",\"ANTT\",\"Anvisa\",\"cortes no or\u00e7amento\",\"Sinag\u00eancias\"],\"articleSection\":[\"Geral\",\"Giro iNFRA\"],\"inLanguage\":\"pt-BR\",\"copyrightYear\":\"2025\",\"copyrightHolder\":{\"@id\":\"https:\/\/agenciainfra.com\/blog\/#organization\"}},{\"@type\":\"WebPage\",\"@id\":\"https:\/\/agenciainfra.com\/blog\/regulacao-sindicato-diz-que-agencias-sao-alvo-de-asfixia-orcamentaria-e-desmonte-institucional\/\",\"url\":\"https:\/\/agenciainfra.com\/blog\/regulacao-sindicato-diz-que-agencias-sao-alvo-de-asfixia-orcamentaria-e-desmonte-institucional\/\",\"name\":\"Regula\u00e7\u00e3o: Sindicato diz que ag\u00eancias s\u00e3o alvo de 'asfixia or\u00e7ament\u00e1ria e desmonte institucional' - Ag\u00eancia iNFRA\",\"isPartOf\":{\"@id\":\"https:\/\/agenciainfra.com\/blog\/#website\"},\"primaryImageOfPage\":{\"@id\":\"https:\/\/agenciainfra.com\/blog\/regulacao-sindicato-diz-que-agencias-sao-alvo-de-asfixia-orcamentaria-e-desmonte-institucional\/#primaryimage\"},\"image\":{\"@id\":\"https:\/\/agenciainfra.com\/blog\/regulacao-sindicato-diz-que-agencias-sao-alvo-de-asfixia-orcamentaria-e-desmonte-institucional\/#primaryimage\"},\"thumbnailUrl\":\"https:\/\/agenciainfra.com\/blog\/wp-content\/uploads\/2025\/07\/sinagencias-foto-ascom-sinagencias.jpg\",\"datePublished\":\"2025-07-01T20:59:57+00:00\",\"dateModified\":\"2025-07-01T21:14:54+00:00\",\"breadcrumb\":{\"@id\":\"https:\/\/agenciainfra.com\/blog\/regulacao-sindicato-diz-que-agencias-sao-alvo-de-asfixia-orcamentaria-e-desmonte-institucional\/#breadcrumb\"},\"inLanguage\":\"pt-BR\",\"potentialAction\":[{\"@type\":\"ReadAction\",\"target\":[\"https:\/\/agenciainfra.com\/blog\/regulacao-sindicato-diz-que-agencias-sao-alvo-de-asfixia-orcamentaria-e-desmonte-institucional\/\"]}]},{\"@type\":\"ImageObject\",\"inLanguage\":\"pt-BR\",\"@id\":\"https:\/\/agenciainfra.com\/blog\/regulacao-sindicato-diz-que-agencias-sao-alvo-de-asfixia-orcamentaria-e-desmonte-institucional\/#primaryimage\",\"url\":\"https:\/\/agenciainfra.com\/blog\/wp-content\/uploads\/2025\/07\/sinagencias-foto-ascom-sinagencias.jpg\",\"contentUrl\":\"https:\/\/agenciainfra.com\/blog\/wp-content\/uploads\/2025\/07\/sinagencias-foto-ascom-sinagencias.jpg\",\"width\":1024,\"height\":683,\"caption\":\"Foto: Ascom\/Sinag\u00eancias\"},{\"@type\":\"BreadcrumbList\",\"@id\":\"https:\/\/agenciainfra.com\/blog\/regulacao-sindicato-diz-que-agencias-sao-alvo-de-asfixia-orcamentaria-e-desmonte-institucional\/#breadcrumb\",\"itemListElement\":[{\"@type\":\"ListItem\",\"position\":1,\"name\":\"In\u00edcio\",\"item\":\"https:\/\/agenciainfra.com\/blog\/\"},{\"@type\":\"ListItem\",\"position\":2,\"name\":\"Regula\u00e7\u00e3o: Sindicato diz que ag\u00eancias s\u00e3o alvo de &#8216;asfixia or\u00e7ament\u00e1ria e desmonte institucional&#8217;\"}]},{\"@type\":\"WebSite\",\"@id\":\"https:\/\/agenciainfra.com\/blog\/#website\",\"url\":\"https:\/\/agenciainfra.com\/blog\/\",\"name\":\"Ag\u00eancia iNFRA\",\"description\":\"Multiplataforma de informa\u00e7\u00e3o jornal\u00edstica refer\u00eancia na \u00e1rea de infraestrutura no Brasil!\",\"publisher\":{\"@id\":\"https:\/\/agenciainfra.com\/blog\/#organization\"},\"potentialAction\":[{\"@type\":\"SearchAction\",\"target\":{\"@type\":\"EntryPoint\",\"urlTemplate\":\"https:\/\/agenciainfra.com\/blog\/?s={search_term_string}\"},\"query-input\":{\"@type\":\"PropertyValueSpecification\",\"valueRequired\":true,\"valueName\":\"search_term_string\"}}],\"inLanguage\":\"pt-BR\"},{\"@type\":\"Organization\",\"@id\":\"https:\/\/agenciainfra.com\/blog\/#organization\",\"name\":\"Ag\u00eancia iNFRA\",\"url\":\"https:\/\/agenciainfra.com\/blog\/\",\"logo\":{\"@type\":\"ImageObject\",\"inLanguage\":\"pt-BR\",\"@id\":\"https:\/\/agenciainfra.com\/blog\/#\/schema\/logo\/image\/\",\"url\":\"https:\/\/agenciainfra.com\/blog\/wp-content\/uploads\/2023\/09\/iNFRA_5-e1761735885940.png\",\"contentUrl\":\"https:\/\/agenciainfra.com\/blog\/wp-content\/uploads\/2023\/09\/iNFRA_5-e1761735885940.png\",\"width\":1672,\"height\":454,\"caption\":\"Ag\u00eancia iNFRA\"},\"image\":{\"@id\":\"https:\/\/agenciainfra.com\/blog\/#\/schema\/logo\/image\/\"},\"sameAs\":[\"https:\/\/www.facebook.com\/ageninfra\",\"https:\/\/x.com\/agencia_infra\",\"https:\/\/www.linkedin.com\/company\/ag\u00eanciainfra\/\",\"https:\/\/www.instagram.com\/agenciainfra\/\"]},{\"@type\":\"Person\",\"@id\":\"https:\/\/agenciainfra.com\/blog\/#\/schema\/person\/34af08dff6adea4cb22b06612ba7acfa\",\"name\":\"Ag\u00eancia iNFRA\",\"image\":{\"@type\":\"ImageObject\",\"inLanguage\":\"pt-BR\",\"@id\":\"https:\/\/agenciainfra.com\/blog\/#\/schema\/person\/image\/\",\"url\":\"https:\/\/secure.gravatar.com\/avatar\/d189e01678f06d8eb84d4e01f08eb848b3fffe3f8443818d3c356c66892f5be8?s=96&d=mm&r=g\",\"contentUrl\":\"https:\/\/secure.gravatar.com\/avatar\/d189e01678f06d8eb84d4e01f08eb848b3fffe3f8443818d3c356c66892f5be8?s=96&d=mm&r=g\",\"caption\":\"Ag\u00eancia iNFRA\"},\"url\":\"https:\/\/agenciainfra.com\/blog\/author\/admin\/\"}]}<\/script>\n<!-- \/ Yoast SEO Premium plugin. -->","yoast_head_json":{"title":"Regula\u00e7\u00e3o: Sindicato diz que ag\u00eancias s\u00e3o alvo de 'asfixia or\u00e7ament\u00e1ria e desmonte institucional' - Ag\u00eancia iNFRA","robots":{"index":"index","follow":"follow","max-snippet":"max-snippet:-1","max-image-preview":"max-image-preview:large","max-video-preview":"max-video-preview:-1"},"canonical":"https:\/\/agenciainfra.com\/blog\/regulacao-sindicato-diz-que-agencias-sao-alvo-de-asfixia-orcamentaria-e-desmonte-institucional\/","og_locale":"pt_BR","og_type":"article","og_title":"Regula\u00e7\u00e3o: Sindicato diz que ag\u00eancias s\u00e3o alvo de 'asfixia or\u00e7ament\u00e1ria e desmonte institucional'","og_description":"Ag\u00eancia iNFRA O Sinag\u00eancias (Sindicato Nacional dos Servidores das Ag\u00eancias Nacionais de Regula\u00e7\u00e3o) afirmou nesta ter\u00e7a-feira (1\u00ba) que vai iniciar uma campanha contra o que classifica como \u201casfixia or\u00e7ament\u00e1ria e desmonte institucional\u201d das ag\u00eancias reguladoras. O objetivo da entidade, que representa as 11 autarquias, \u00e9 realizar mobiliza\u00e7\u00e3o semelhante \u00e0 \u201cValoriza Regula\u00e7\u00e3o\u201d, campanha realizada no ano [&hellip;]","og_url":"https:\/\/agenciainfra.com\/blog\/regulacao-sindicato-diz-que-agencias-sao-alvo-de-asfixia-orcamentaria-e-desmonte-institucional\/","og_site_name":"Ag\u00eancia iNFRA","article_publisher":"https:\/\/www.facebook.com\/ageninfra","article_published_time":"2025-07-01T20:59:57+00:00","article_modified_time":"2025-07-01T21:14:54+00:00","og_image":[{"width":1024,"height":683,"url":"https:\/\/agenciainfra.com\/blog\/wp-content\/uploads\/2025\/07\/sinagencias-foto-ascom-sinagencias.jpg","type":"image\/jpeg"}],"author":"Ag\u00eancia iNFRA","twitter_card":"summary_large_image","twitter_creator":"@agencia_infra","twitter_site":"@agencia_infra","twitter_misc":{"Escrito por":"Ag\u00eancia iNFRA","Est. tempo de leitura":"2 minutos"},"schema":{"@context":"https:\/\/schema.org","@graph":[{"@type":"Article","@id":"https:\/\/agenciainfra.com\/blog\/regulacao-sindicato-diz-que-agencias-sao-alvo-de-asfixia-orcamentaria-e-desmonte-institucional\/#article","isPartOf":{"@id":"https:\/\/agenciainfra.com\/blog\/regulacao-sindicato-diz-que-agencias-sao-alvo-de-asfixia-orcamentaria-e-desmonte-institucional\/"},"author":{"name":"Ag\u00eancia iNFRA","@id":"https:\/\/agenciainfra.com\/blog\/#\/schema\/person\/34af08dff6adea4cb22b06612ba7acfa"},"headline":"Regula\u00e7\u00e3o: Sindicato diz que ag\u00eancias s\u00e3o alvo de &#8216;asfixia or\u00e7ament\u00e1ria e desmonte institucional&#8217;","datePublished":"2025-07-01T20:59:57+00:00","dateModified":"2025-07-01T21:14:54+00:00","mainEntityOfPage":{"@id":"https:\/\/agenciainfra.com\/blog\/regulacao-sindicato-diz-que-agencias-sao-alvo-de-asfixia-orcamentaria-e-desmonte-institucional\/"},"wordCount":467,"publisher":{"@id":"https:\/\/agenciainfra.com\/blog\/#organization"},"image":{"@id":"https:\/\/agenciainfra.com\/blog\/regulacao-sindicato-diz-que-agencias-sao-alvo-de-asfixia-orcamentaria-e-desmonte-institucional\/#primaryimage"},"thumbnailUrl":"https:\/\/agenciainfra.com\/blog\/wp-content\/uploads\/2025\/07\/sinagencias-foto-ascom-sinagencias.jpg","keywords":["Ag\u00eancias Reguladoras","ANA","ANAC","ANEEL","ANM","ANP","ANS","ANTT","Anvisa","cortes no or\u00e7amento","Sinag\u00eancias"],"articleSection":["Geral","Giro iNFRA"],"inLanguage":"pt-BR","copyrightYear":"2025","copyrightHolder":{"@id":"https:\/\/agenciainfra.com\/blog\/#organization"}},{"@type":"WebPage","@id":"https:\/\/agenciainfra.com\/blog\/regulacao-sindicato-diz-que-agencias-sao-alvo-de-asfixia-orcamentaria-e-desmonte-institucional\/","url":"https:\/\/agenciainfra.com\/blog\/regulacao-sindicato-diz-que-agencias-sao-alvo-de-asfixia-orcamentaria-e-desmonte-institucional\/","name":"Regula\u00e7\u00e3o: Sindicato diz que ag\u00eancias s\u00e3o alvo de 'asfixia or\u00e7ament\u00e1ria e desmonte institucional' - Ag\u00eancia iNFRA","isPartOf":{"@id":"https:\/\/agenciainfra.com\/blog\/#website"},"primaryImageOfPage":{"@id":"https:\/\/agenciainfra.com\/blog\/regulacao-sindicato-diz-que-agencias-sao-alvo-de-asfixia-orcamentaria-e-desmonte-institucional\/#primaryimage"},"image":{"@id":"https:\/\/agenciainfra.com\/blog\/regulacao-sindicato-diz-que-agencias-sao-alvo-de-asfixia-orcamentaria-e-desmonte-institucional\/#primaryimage"},"thumbnailUrl":"https:\/\/agenciainfra.com\/blog\/wp-content\/uploads\/2025\/07\/sinagencias-foto-ascom-sinagencias.jpg","datePublished":"2025-07-01T20:59:57+00:00","dateModified":"2025-07-01T21:14:54+00:00","breadcrumb":{"@id":"https:\/\/agenciainfra.com\/blog\/regulacao-sindicato-diz-que-agencias-sao-alvo-de-asfixia-orcamentaria-e-desmonte-institucional\/#breadcrumb"},"inLanguage":"pt-BR","potentialAction":[{"@type":"ReadAction","target":["https:\/\/agenciainfra.com\/blog\/regulacao-sindicato-diz-que-agencias-sao-alvo-de-asfixia-orcamentaria-e-desmonte-institucional\/"]}]},{"@type":"ImageObject","inLanguage":"pt-BR","@id":"https:\/\/agenciainfra.com\/blog\/regulacao-sindicato-diz-que-agencias-sao-alvo-de-asfixia-orcamentaria-e-desmonte-institucional\/#primaryimage","url":"https:\/\/agenciainfra.com\/blog\/wp-content\/uploads\/2025\/07\/sinagencias-foto-ascom-sinagencias.jpg","contentUrl":"https:\/\/agenciainfra.com\/blog\/wp-content\/uploads\/2025\/07\/sinagencias-foto-ascom-sinagencias.jpg","width":1024,"height":683,"caption":"Foto: Ascom\/Sinag\u00eancias"},{"@type":"BreadcrumbList","@id":"https:\/\/agenciainfra.com\/blog\/regulacao-sindicato-diz-que-agencias-sao-alvo-de-asfixia-orcamentaria-e-desmonte-institucional\/#breadcrumb","itemListElement":[{"@type":"ListItem","position":1,"name":"In\u00edcio","item":"https:\/\/agenciainfra.com\/blog\/"},{"@type":"ListItem","position":2,"name":"Regula\u00e7\u00e3o: Sindicato diz que ag\u00eancias s\u00e3o alvo de &#8216;asfixia or\u00e7ament\u00e1ria e desmonte institucional&#8217;"}]},{"@type":"WebSite","@id":"https:\/\/agenciainfra.com\/blog\/#website","url":"https:\/\/agenciainfra.com\/blog\/","name":"Ag\u00eancia iNFRA","description":"Multiplataforma de informa\u00e7\u00e3o jornal\u00edstica refer\u00eancia na \u00e1rea de infraestrutura no Brasil!","publisher":{"@id":"https:\/\/agenciainfra.com\/blog\/#organization"},"potentialAction":[{"@type":"SearchAction","target":{"@type":"EntryPoint","urlTemplate":"https:\/\/agenciainfra.com\/blog\/?s={search_term_string}"},"query-input":{"@type":"PropertyValueSpecification","valueRequired":true,"valueName":"search_term_string"}}],"inLanguage":"pt-BR"},{"@type":"Organization","@id":"https:\/\/agenciainfra.com\/blog\/#organization","name":"Ag\u00eancia iNFRA","url":"https:\/\/agenciainfra.com\/blog\/","logo":{"@type":"ImageObject","inLanguage":"pt-BR","@id":"https:\/\/agenciainfra.com\/blog\/#\/schema\/logo\/image\/","url":"https:\/\/agenciainfra.com\/blog\/wp-content\/uploads\/2023\/09\/iNFRA_5-e1761735885940.png","contentUrl":"https:\/\/agenciainfra.com\/blog\/wp-content\/uploads\/2023\/09\/iNFRA_5-e1761735885940.png","width":1672,"height":454,"caption":"Ag\u00eancia iNFRA"},"image":{"@id":"https:\/\/agenciainfra.com\/blog\/#\/schema\/logo\/image\/"},"sameAs":["https:\/\/www.facebook.com\/ageninfra","https:\/\/x.com\/agencia_infra","https:\/\/www.linkedin.com\/company\/ag\u00eanciainfra\/","https:\/\/www.instagram.com\/agenciainfra\/"]},{"@type":"Person","@id":"https:\/\/agenciainfra.com\/blog\/#\/schema\/person\/34af08dff6adea4cb22b06612ba7acfa","name":"Ag\u00eancia iNFRA","image":{"@type":"ImageObject","inLanguage":"pt-BR","@id":"https:\/\/agenciainfra.com\/blog\/#\/schema\/person\/image\/","url":"https:\/\/secure.gravatar.com\/avatar\/d189e01678f06d8eb84d4e01f08eb848b3fffe3f8443818d3c356c66892f5be8?s=96&d=mm&r=g","contentUrl":"https:\/\/secure.gravatar.com\/avatar\/d189e01678f06d8eb84d4e01f08eb848b3fffe3f8443818d3c356c66892f5be8?s=96&d=mm&r=g","caption":"Ag\u00eancia iNFRA"},"url":"https:\/\/agenciainfra.com\/blog\/author\/admin\/"}]}},"_links":{"self":[{"href":"https:\/\/agenciainfra.com\/blog\/wp-json\/wp\/v2\/posts\/23891","targetHints":{"allow":["GET"]}}],"collection":[{"href":"https:\/\/agenciainfra.com\/blog\/wp-json\/wp\/v2\/posts"}],"about":[{"href":"https:\/\/agenciainfra.com\/blog\/wp-json\/wp\/v2\/types\/post"}],"author":[{"embeddable":true,"href":"https:\/\/agenciainfra.com\/blog\/wp-json\/wp\/v2\/users\/1"}],"replies":[{"embeddable":true,"href":"https:\/\/agenciainfra.com\/blog\/wp-json\/wp\/v2\/comments?post=23891"}],"version-history":[{"count":1,"href":"https:\/\/agenciainfra.com\/blog\/wp-json\/wp\/v2\/posts\/23891\/revisions"}],"predecessor-version":[{"id":23893,"href":"https:\/\/agenciainfra.com\/blog\/wp-json\/wp\/v2\/posts\/23891\/revisions\/23893"}],"wp:featuredmedia":[{"embeddable":true,"href":"https:\/\/agenciainfra.com\/blog\/wp-json\/wp\/v2\/media\/23892"}],"wp:attachment":[{"href":"https:\/\/agenciainfra.com\/blog\/wp-json\/wp\/v2\/media?parent=23891"}],"wp:term":[{"taxonomy":"category","embeddable":true,"href":"https:\/\/agenciainfra.com\/blog\/wp-json\/wp\/v2\/categories?post=23891"},{"taxonomy":"post_tag","embeddable":true,"href":"https:\/\/agenciainfra.com\/blog\/wp-json\/wp\/v2\/tags?post=23891"}],"curies":[{"name":"wp","href":"https:\/\/api.w.org\/{rel}","templated":true}]}}