{"id":23927,"date":"2025-07-02T08:00:00","date_gmt":"2025-07-02T11:00:00","guid":{"rendered":"https:\/\/agenciainfra.com\/blog\/?p=23927"},"modified":"2025-07-03T10:03:30","modified_gmt":"2025-07-03T13:03:30","slug":"senado-aprova-mp-do-fundo-social-com-antecipacao-de-leilao-inedito-de-petroleo","status":"publish","type":"post","link":"https:\/\/agenciainfra.com\/blog\/senado-aprova-mp-do-fundo-social-com-antecipacao-de-leilao-inedito-de-petroleo\/","title":{"rendered":"Senado aprova MP do Fundo Social com antecipa\u00e7\u00e3o de leil\u00e3o in\u00e9dito de petr\u00f3leo"},"content":{"rendered":"\n<p class=\"has-text-align-right\"><strong>Gabriel Vasconcelos, da Ag\u00eancia iNFRA<\/strong><\/p>\n\n\n\n<p>Em uma vit\u00f3ria para o governo, o Senado Federal aprovou por maioria simples de 37 votos a 17 a manuten\u00e7\u00e3o do trecho da\u00a0<a href=\"https:\/\/www.congressonacional.leg.br\/materias\/medidas-provisorias\/-\/mpv\/167447\" target=\"_blank\" rel=\"noreferrer noopener\">MP (Medida Provis\u00f3ria) 1.291\/2025<\/a>\u00a0que antecipa os leil\u00f5es das chamadas \u00e1reas n\u00e3o contratadas do pr\u00e9-sal.<br><br>A medida prev\u00ea que essas participa\u00e7\u00f5es da Uni\u00e3o em jazidas com explora\u00e7\u00e3o em curso sejam leiloadas a empresas do setor de \u00f3leo e g\u00e1s com pagamento em parcela \u00fanica dentro de 90 dias, o que pode garantir arrecada\u00e7\u00e3o adicional entre R$ 15 bilh\u00f5es e R$ 20 bilh\u00f5es ainda em 2025. Sem destaques aprovados, o texto segue para a san\u00e7\u00e3o presidencial. A MP vence nesta quinta-feira (3).<br><br>Antes, na sess\u00e3o desta ter\u00e7a-feira (1\u00ba), j\u00e1 havia sido aprovado em vota\u00e7\u00e3o simb\u00f3lica\u00a0o texto-base da MP, que amplia o uso do do Fundo Social do pr\u00e9-sal para financiar mitiga\u00e7\u00e3o \u00e0s mudan\u00e7as clim\u00e1ticas e investir em infraestrutura e habita\u00e7\u00e3o social, o que inclui o programa Minha Casa Minha Vida.<br><br><strong>Debate<\/strong><br>Sobre o trecho que viabiliza a antecipa\u00e7\u00e3o de receitas com petr\u00f3leo da Uni\u00e3o, houve debate protagonizado pelo proponente do destaque de supress\u00e3o derrotado, senador Izalci Lucas (PL-DF) que, ao lado de Rog\u00e9rio Marinho (PL-RN) e Eduardo Gir\u00e3o (Novo-CE), acusava o governo de tentar adiantar receitas para compensa\u00e7\u00e3o de d\u00e9ficit fiscal, o que, segundo eles, significaria usurpar\u00a0recursos que poderiam servir a governos futuros.\u00a0<br><br>J\u00e1\u00a0os\u00a0senadores Randolfe Rodrigues (PT-AP), Cid Gomes (PSB-CE) e Weverton Rocha (PDT-MA), favor\u00e1veis \u00e0 medida, argumentavam\u00a0que os recursos v\u00e3o servir\u00a0a programas sociais e n\u00e3o ao equacionamento\u00a0de eventual d\u00e9ficit. Cid Gomes repetiu, mais de uma vez, que a venda de participa\u00e7\u00f5es da Uni\u00e3o \u00e9 prerrogativa do governo e n\u00e3o tem a ver com antecipa\u00e7\u00e3o de arrecada\u00e7\u00e3o\u00a0futura como royalties e participa\u00e7\u00f5es especiais.<br><br>Weverton sugeriu que a proposta de supress\u00e3o do trecho seria uma armadilha dos senadores da oposi\u00e7\u00e3o, visto que, se fosse\u00a0aprovada, devolveria o texto \u00e0 C\u00e2mara apenas\u00a0um dia antes do prazo de validade da MP, o que comprometeria o objeto principal do texto, que \u00e9 a amplia\u00e7\u00e3o do escopo do Fundo Social do Pr\u00e9-Sal.<br><br><strong>Leil\u00e3o in\u00e9dito<\/strong><br>O leil\u00e3o da participa\u00e7\u00e3o da Uni\u00e3o relativa a \u00e1reas n\u00e3o contratadas em campos do pr\u00e9-sal em\u00a0produ\u00e7\u00e3o, como j\u00e1\u00a0<a href=\"https:\/\/agenciainfra.us14.list-manage.com\/track\/click?u=d460dd1bcf9ba0ae040e1fc0f&amp;id=d8e5394a62&amp;e=1192c754bc\" target=\"_blank\" rel=\"noreferrer noopener\">mostrou<\/a>\u00a0a\u00a0<strong>Ag\u00eancia iNFRA<\/strong>,\u00a0\u00e9 o pilar principal do pacote do MME (Minist\u00e9rio de Minas e Energia) para aumentar em R$ 35 bilh\u00f5es a arrecada\u00e7\u00e3o federal em 2025 e 2026.<br><br>Por serem extens\u00f5es geol\u00f3gicas de jazidas j\u00e1 licitadas em regimes de concess\u00e3o ou partilha, essas \u00e1reas foram anexadas a essas opera\u00e7\u00f5es e t\u00eam produ\u00e7\u00e3o regida por AIP (Acordos de Individualiza\u00e7\u00e3o da Produ\u00e7\u00e3o) e gerida pela empresa p\u00fablica PPSA. Esse petr\u00f3leo da Uni\u00e3o, que n\u00e3o tem a ver com \u00f3leo lucro previsto em contratos de partilha, vinha sendo leiloado a conta gotas como carga pronta ao mercado. Agora, ser\u00e1 vendido de uma \u00fanica vez, na forma de participa\u00e7\u00e3o nos campos.<br><br>Em jogo est\u00e3o as seguintes participa\u00e7\u00f5es da Uni\u00e3o: 3,5% do campo de Mero; 0,6% de Tupi; e 0,95% de Atapu, todos campos da Bacia de Santos e operados pela Petrobras em cons\u00f3rcio com outras petroleiras, como Shell, TotalEnergies e Petrogal. Al\u00e9m destas, as chinesas CNPC e CNOOC t\u00eam, cada uma, 9,65% de participa\u00e7\u00e3o em Mero.<br><br>Na avalia\u00e7\u00e3o de\u00a0agentes do mercado de \u00f3leo e g\u00e1s, essas empresas s\u00e3o\u00a0favoritas para o leil\u00e3o in\u00e9dito de \u00e1reas n\u00e3o contratadas, por conhecerem as \u00e1reas em jogo e j\u00e1 terem feito investimentos em suas instala\u00e7\u00f5es de produ\u00e7\u00e3o.<\/p>\n","protected":false},"excerpt":{"rendered":"<p>Gabriel Vasconcelos, da Ag\u00eancia iNFRA Em uma vit\u00f3ria para o governo, o Senado Federal aprovou por maioria simples de 37 votos a 17 a manuten\u00e7\u00e3o do trecho da\u00a0MP (Medida Provis\u00f3ria) 1.291\/2025\u00a0que antecipa os leil\u00f5es das chamadas \u00e1reas n\u00e3o contratadas do pr\u00e9-sal. A medida prev\u00ea que essas participa\u00e7\u00f5es da Uni\u00e3o em jazidas com explora\u00e7\u00e3o em curso [&hellip;]<\/p>\n","protected":false},"author":1,"featured_media":23928,"comment_status":"closed","ping_status":"closed","sticky":false,"template":"","format":"standard","meta":{"_monsterinsights_skip_tracking":false,"_monsterinsights_sitenote_active":false,"_monsterinsights_sitenote_note":"","_monsterinsights_sitenote_category":0,"footnotes":""},"categories":[7250,1,13271],"tags":[13251,3272,13600,13949,14131,344],"class_list":["post-23927","post","type-post","status-publish","format-standard","has-post-thumbnail","hentry","category-destaque-lista","category-geral","category-oleo-gas","tag-gabriel-vasconcelos","tag-izalci-lucas","tag-leilao-de-petroleo","tag-mp-1-291","tag-mp-do-fundo-social-do-pre-sal","tag-pre-sal"],"yoast_head":"<!-- This site is optimized with the Yoast SEO Premium plugin v25.4 (Yoast SEO v26.0) - https:\/\/yoast.com\/wordpress\/plugins\/seo\/ -->\n<title>Senado aprova MP do Fundo Social com antecipa\u00e7\u00e3o de leil\u00e3o in\u00e9dito de petr\u00f3leo - Ag\u00eancia iNFRA<\/title>\n<meta name=\"robots\" content=\"index, follow, max-snippet:-1, max-image-preview:large, max-video-preview:-1\" \/>\n<link rel=\"canonical\" href=\"https:\/\/agenciainfra.com\/blog\/senado-aprova-mp-do-fundo-social-com-antecipacao-de-leilao-inedito-de-petroleo\/\" \/>\n<meta property=\"og:locale\" content=\"pt_BR\" \/>\n<meta property=\"og:type\" content=\"article\" \/>\n<meta property=\"og:title\" content=\"Senado aprova MP do Fundo Social com antecipa\u00e7\u00e3o de leil\u00e3o in\u00e9dito de petr\u00f3leo\" \/>\n<meta property=\"og:description\" content=\"Gabriel Vasconcelos, da Ag\u00eancia iNFRA Em uma vit\u00f3ria para o governo, o Senado Federal aprovou por maioria simples de 37 votos a 17 a manuten\u00e7\u00e3o do trecho da\u00a0MP (Medida Provis\u00f3ria) 1.291\/2025\u00a0que antecipa os leil\u00f5es das chamadas \u00e1reas n\u00e3o contratadas do pr\u00e9-sal. A medida prev\u00ea que essas participa\u00e7\u00f5es da Uni\u00e3o em jazidas com explora\u00e7\u00e3o em curso [&hellip;]\" \/>\n<meta property=\"og:url\" content=\"https:\/\/agenciainfra.com\/blog\/senado-aprova-mp-do-fundo-social-com-antecipacao-de-leilao-inedito-de-petroleo\/\" \/>\n<meta property=\"og:site_name\" content=\"Ag\u00eancia iNFRA\" \/>\n<meta property=\"article:publisher\" content=\"https:\/\/www.facebook.com\/ageninfra\" \/>\n<meta property=\"article:published_time\" content=\"2025-07-02T11:00:00+00:00\" \/>\n<meta property=\"article:modified_time\" content=\"2025-07-03T13:03:30+00:00\" \/>\n<meta property=\"og:image\" content=\"https:\/\/agenciainfra.com\/blog\/wp-content\/uploads\/2025\/07\/senado-foto-divulgacao-1.jpg\" \/>\n\t<meta property=\"og:image:width\" content=\"1280\" \/>\n\t<meta property=\"og:image:height\" content=\"853\" \/>\n\t<meta property=\"og:image:type\" content=\"image\/jpeg\" \/>\n<meta name=\"author\" content=\"Ag\u00eancia iNFRA\" \/>\n<meta name=\"twitter:card\" content=\"summary_large_image\" \/>\n<meta name=\"twitter:creator\" content=\"@agencia_infra\" \/>\n<meta name=\"twitter:site\" content=\"@agencia_infra\" \/>\n<meta name=\"twitter:label1\" content=\"Escrito por\" \/>\n\t<meta name=\"twitter:data1\" content=\"Ag\u00eancia iNFRA\" \/>\n\t<meta name=\"twitter:label2\" content=\"Est. tempo de leitura\" \/>\n\t<meta name=\"twitter:data2\" content=\"3 minutos\" \/>\n<script type=\"application\/ld+json\" class=\"yoast-schema-graph\">{\"@context\":\"https:\/\/schema.org\",\"@graph\":[{\"@type\":\"Article\",\"@id\":\"https:\/\/agenciainfra.com\/blog\/senado-aprova-mp-do-fundo-social-com-antecipacao-de-leilao-inedito-de-petroleo\/#article\",\"isPartOf\":{\"@id\":\"https:\/\/agenciainfra.com\/blog\/senado-aprova-mp-do-fundo-social-com-antecipacao-de-leilao-inedito-de-petroleo\/\"},\"author\":{\"name\":\"Ag\u00eancia iNFRA\",\"@id\":\"https:\/\/agenciainfra.com\/blog\/#\/schema\/person\/34af08dff6adea4cb22b06612ba7acfa\"},\"headline\":\"Senado aprova MP do Fundo Social com antecipa\u00e7\u00e3o de leil\u00e3o in\u00e9dito de petr\u00f3leo\",\"datePublished\":\"2025-07-02T11:00:00+00:00\",\"dateModified\":\"2025-07-03T13:03:30+00:00\",\"mainEntityOfPage\":{\"@id\":\"https:\/\/agenciainfra.com\/blog\/senado-aprova-mp-do-fundo-social-com-antecipacao-de-leilao-inedito-de-petroleo\/\"},\"wordCount\":648,\"publisher\":{\"@id\":\"https:\/\/agenciainfra.com\/blog\/#organization\"},\"image\":{\"@id\":\"https:\/\/agenciainfra.com\/blog\/senado-aprova-mp-do-fundo-social-com-antecipacao-de-leilao-inedito-de-petroleo\/#primaryimage\"},\"thumbnailUrl\":\"https:\/\/agenciainfra.com\/blog\/wp-content\/uploads\/2025\/07\/senado-foto-divulgacao-1.jpg\",\"keywords\":[\"Gabriel Vasconcelos\",\"Izalci Lucas\",\"leil\u00e3o de petr\u00f3leo\",\"MP 1.291\",\"MP do Fundo Social do Pr\u00e9-Sal\",\"pr\u00e9-sal\"],\"articleSection\":[\"Destaque lista\",\"Geral\",\"\u00d3leo &amp; G\u00e1s\"],\"inLanguage\":\"pt-BR\",\"copyrightYear\":\"2025\",\"copyrightHolder\":{\"@id\":\"https:\/\/agenciainfra.com\/blog\/#organization\"}},{\"@type\":\"WebPage\",\"@id\":\"https:\/\/agenciainfra.com\/blog\/senado-aprova-mp-do-fundo-social-com-antecipacao-de-leilao-inedito-de-petroleo\/\",\"url\":\"https:\/\/agenciainfra.com\/blog\/senado-aprova-mp-do-fundo-social-com-antecipacao-de-leilao-inedito-de-petroleo\/\",\"name\":\"Senado aprova MP do Fundo Social com antecipa\u00e7\u00e3o de leil\u00e3o in\u00e9dito de petr\u00f3leo - Ag\u00eancia iNFRA\",\"isPartOf\":{\"@id\":\"https:\/\/agenciainfra.com\/blog\/#website\"},\"primaryImageOfPage\":{\"@id\":\"https:\/\/agenciainfra.com\/blog\/senado-aprova-mp-do-fundo-social-com-antecipacao-de-leilao-inedito-de-petroleo\/#primaryimage\"},\"image\":{\"@id\":\"https:\/\/agenciainfra.com\/blog\/senado-aprova-mp-do-fundo-social-com-antecipacao-de-leilao-inedito-de-petroleo\/#primaryimage\"},\"thumbnailUrl\":\"https:\/\/agenciainfra.com\/blog\/wp-content\/uploads\/2025\/07\/senado-foto-divulgacao-1.jpg\",\"datePublished\":\"2025-07-02T11:00:00+00:00\",\"dateModified\":\"2025-07-03T13:03:30+00:00\",\"breadcrumb\":{\"@id\":\"https:\/\/agenciainfra.com\/blog\/senado-aprova-mp-do-fundo-social-com-antecipacao-de-leilao-inedito-de-petroleo\/#breadcrumb\"},\"inLanguage\":\"pt-BR\",\"potentialAction\":[{\"@type\":\"ReadAction\",\"target\":[\"https:\/\/agenciainfra.com\/blog\/senado-aprova-mp-do-fundo-social-com-antecipacao-de-leilao-inedito-de-petroleo\/\"]}]},{\"@type\":\"ImageObject\",\"inLanguage\":\"pt-BR\",\"@id\":\"https:\/\/agenciainfra.com\/blog\/senado-aprova-mp-do-fundo-social-com-antecipacao-de-leilao-inedito-de-petroleo\/#primaryimage\",\"url\":\"https:\/\/agenciainfra.com\/blog\/wp-content\/uploads\/2025\/07\/senado-foto-divulgacao-1.jpg\",\"contentUrl\":\"https:\/\/agenciainfra.com\/blog\/wp-content\/uploads\/2025\/07\/senado-foto-divulgacao-1.jpg\",\"width\":1280,\"height\":853,\"caption\":\"Foto: Andressa Anholete\/Ag\u00eancia Senado\"},{\"@type\":\"BreadcrumbList\",\"@id\":\"https:\/\/agenciainfra.com\/blog\/senado-aprova-mp-do-fundo-social-com-antecipacao-de-leilao-inedito-de-petroleo\/#breadcrumb\",\"itemListElement\":[{\"@type\":\"ListItem\",\"position\":1,\"name\":\"In\u00edcio\",\"item\":\"https:\/\/agenciainfra.com\/blog\/\"},{\"@type\":\"ListItem\",\"position\":2,\"name\":\"Senado aprova MP do Fundo Social com antecipa\u00e7\u00e3o de leil\u00e3o in\u00e9dito de petr\u00f3leo\"}]},{\"@type\":\"WebSite\",\"@id\":\"https:\/\/agenciainfra.com\/blog\/#website\",\"url\":\"https:\/\/agenciainfra.com\/blog\/\",\"name\":\"Ag\u00eancia iNFRA\",\"description\":\"Multiplataforma de informa\u00e7\u00e3o jornal\u00edstica refer\u00eancia na \u00e1rea de infraestrutura no Brasil!\",\"publisher\":{\"@id\":\"https:\/\/agenciainfra.com\/blog\/#organization\"},\"potentialAction\":[{\"@type\":\"SearchAction\",\"target\":{\"@type\":\"EntryPoint\",\"urlTemplate\":\"https:\/\/agenciainfra.com\/blog\/?s={search_term_string}\"},\"query-input\":{\"@type\":\"PropertyValueSpecification\",\"valueRequired\":true,\"valueName\":\"search_term_string\"}}],\"inLanguage\":\"pt-BR\"},{\"@type\":\"Organization\",\"@id\":\"https:\/\/agenciainfra.com\/blog\/#organization\",\"name\":\"Ag\u00eancia iNFRA\",\"url\":\"https:\/\/agenciainfra.com\/blog\/\",\"logo\":{\"@type\":\"ImageObject\",\"inLanguage\":\"pt-BR\",\"@id\":\"https:\/\/agenciainfra.com\/blog\/#\/schema\/logo\/image\/\",\"url\":\"https:\/\/agenciainfra.com\/blog\/wp-content\/uploads\/2023\/09\/iNFRA_5-e1761735885940.png\",\"contentUrl\":\"https:\/\/agenciainfra.com\/blog\/wp-content\/uploads\/2023\/09\/iNFRA_5-e1761735885940.png\",\"width\":1672,\"height\":454,\"caption\":\"Ag\u00eancia iNFRA\"},\"image\":{\"@id\":\"https:\/\/agenciainfra.com\/blog\/#\/schema\/logo\/image\/\"},\"sameAs\":[\"https:\/\/www.facebook.com\/ageninfra\",\"https:\/\/x.com\/agencia_infra\",\"https:\/\/www.linkedin.com\/company\/ag\u00eanciainfra\/\",\"https:\/\/www.instagram.com\/agenciainfra\/\"]},{\"@type\":\"Person\",\"@id\":\"https:\/\/agenciainfra.com\/blog\/#\/schema\/person\/34af08dff6adea4cb22b06612ba7acfa\",\"name\":\"Ag\u00eancia iNFRA\",\"image\":{\"@type\":\"ImageObject\",\"inLanguage\":\"pt-BR\",\"@id\":\"https:\/\/agenciainfra.com\/blog\/#\/schema\/person\/image\/\",\"url\":\"https:\/\/secure.gravatar.com\/avatar\/d189e01678f06d8eb84d4e01f08eb848b3fffe3f8443818d3c356c66892f5be8?s=96&d=mm&r=g\",\"contentUrl\":\"https:\/\/secure.gravatar.com\/avatar\/d189e01678f06d8eb84d4e01f08eb848b3fffe3f8443818d3c356c66892f5be8?s=96&d=mm&r=g\",\"caption\":\"Ag\u00eancia iNFRA\"},\"url\":\"https:\/\/agenciainfra.com\/blog\/author\/admin\/\"}]}<\/script>\n<!-- \/ Yoast SEO Premium plugin. -->","yoast_head_json":{"title":"Senado aprova MP do Fundo Social com antecipa\u00e7\u00e3o de leil\u00e3o in\u00e9dito de petr\u00f3leo - Ag\u00eancia iNFRA","robots":{"index":"index","follow":"follow","max-snippet":"max-snippet:-1","max-image-preview":"max-image-preview:large","max-video-preview":"max-video-preview:-1"},"canonical":"https:\/\/agenciainfra.com\/blog\/senado-aprova-mp-do-fundo-social-com-antecipacao-de-leilao-inedito-de-petroleo\/","og_locale":"pt_BR","og_type":"article","og_title":"Senado aprova MP do Fundo Social com antecipa\u00e7\u00e3o de leil\u00e3o in\u00e9dito de petr\u00f3leo","og_description":"Gabriel Vasconcelos, da Ag\u00eancia iNFRA Em uma vit\u00f3ria para o governo, o Senado Federal aprovou por maioria simples de 37 votos a 17 a manuten\u00e7\u00e3o do trecho da\u00a0MP (Medida Provis\u00f3ria) 1.291\/2025\u00a0que antecipa os leil\u00f5es das chamadas \u00e1reas n\u00e3o contratadas do pr\u00e9-sal. A medida prev\u00ea que essas participa\u00e7\u00f5es da Uni\u00e3o em jazidas com explora\u00e7\u00e3o em curso [&hellip;]","og_url":"https:\/\/agenciainfra.com\/blog\/senado-aprova-mp-do-fundo-social-com-antecipacao-de-leilao-inedito-de-petroleo\/","og_site_name":"Ag\u00eancia iNFRA","article_publisher":"https:\/\/www.facebook.com\/ageninfra","article_published_time":"2025-07-02T11:00:00+00:00","article_modified_time":"2025-07-03T13:03:30+00:00","og_image":[{"width":1280,"height":853,"url":"https:\/\/agenciainfra.com\/blog\/wp-content\/uploads\/2025\/07\/senado-foto-divulgacao-1.jpg","type":"image\/jpeg"}],"author":"Ag\u00eancia iNFRA","twitter_card":"summary_large_image","twitter_creator":"@agencia_infra","twitter_site":"@agencia_infra","twitter_misc":{"Escrito por":"Ag\u00eancia iNFRA","Est. tempo de leitura":"3 minutos"},"schema":{"@context":"https:\/\/schema.org","@graph":[{"@type":"Article","@id":"https:\/\/agenciainfra.com\/blog\/senado-aprova-mp-do-fundo-social-com-antecipacao-de-leilao-inedito-de-petroleo\/#article","isPartOf":{"@id":"https:\/\/agenciainfra.com\/blog\/senado-aprova-mp-do-fundo-social-com-antecipacao-de-leilao-inedito-de-petroleo\/"},"author":{"name":"Ag\u00eancia iNFRA","@id":"https:\/\/agenciainfra.com\/blog\/#\/schema\/person\/34af08dff6adea4cb22b06612ba7acfa"},"headline":"Senado aprova MP do Fundo Social com antecipa\u00e7\u00e3o de leil\u00e3o in\u00e9dito de petr\u00f3leo","datePublished":"2025-07-02T11:00:00+00:00","dateModified":"2025-07-03T13:03:30+00:00","mainEntityOfPage":{"@id":"https:\/\/agenciainfra.com\/blog\/senado-aprova-mp-do-fundo-social-com-antecipacao-de-leilao-inedito-de-petroleo\/"},"wordCount":648,"publisher":{"@id":"https:\/\/agenciainfra.com\/blog\/#organization"},"image":{"@id":"https:\/\/agenciainfra.com\/blog\/senado-aprova-mp-do-fundo-social-com-antecipacao-de-leilao-inedito-de-petroleo\/#primaryimage"},"thumbnailUrl":"https:\/\/agenciainfra.com\/blog\/wp-content\/uploads\/2025\/07\/senado-foto-divulgacao-1.jpg","keywords":["Gabriel Vasconcelos","Izalci Lucas","leil\u00e3o de petr\u00f3leo","MP 1.291","MP do Fundo Social do Pr\u00e9-Sal","pr\u00e9-sal"],"articleSection":["Destaque lista","Geral","\u00d3leo &amp; G\u00e1s"],"inLanguage":"pt-BR","copyrightYear":"2025","copyrightHolder":{"@id":"https:\/\/agenciainfra.com\/blog\/#organization"}},{"@type":"WebPage","@id":"https:\/\/agenciainfra.com\/blog\/senado-aprova-mp-do-fundo-social-com-antecipacao-de-leilao-inedito-de-petroleo\/","url":"https:\/\/agenciainfra.com\/blog\/senado-aprova-mp-do-fundo-social-com-antecipacao-de-leilao-inedito-de-petroleo\/","name":"Senado aprova MP do Fundo Social com antecipa\u00e7\u00e3o de leil\u00e3o in\u00e9dito de petr\u00f3leo - Ag\u00eancia iNFRA","isPartOf":{"@id":"https:\/\/agenciainfra.com\/blog\/#website"},"primaryImageOfPage":{"@id":"https:\/\/agenciainfra.com\/blog\/senado-aprova-mp-do-fundo-social-com-antecipacao-de-leilao-inedito-de-petroleo\/#primaryimage"},"image":{"@id":"https:\/\/agenciainfra.com\/blog\/senado-aprova-mp-do-fundo-social-com-antecipacao-de-leilao-inedito-de-petroleo\/#primaryimage"},"thumbnailUrl":"https:\/\/agenciainfra.com\/blog\/wp-content\/uploads\/2025\/07\/senado-foto-divulgacao-1.jpg","datePublished":"2025-07-02T11:00:00+00:00","dateModified":"2025-07-03T13:03:30+00:00","breadcrumb":{"@id":"https:\/\/agenciainfra.com\/blog\/senado-aprova-mp-do-fundo-social-com-antecipacao-de-leilao-inedito-de-petroleo\/#breadcrumb"},"inLanguage":"pt-BR","potentialAction":[{"@type":"ReadAction","target":["https:\/\/agenciainfra.com\/blog\/senado-aprova-mp-do-fundo-social-com-antecipacao-de-leilao-inedito-de-petroleo\/"]}]},{"@type":"ImageObject","inLanguage":"pt-BR","@id":"https:\/\/agenciainfra.com\/blog\/senado-aprova-mp-do-fundo-social-com-antecipacao-de-leilao-inedito-de-petroleo\/#primaryimage","url":"https:\/\/agenciainfra.com\/blog\/wp-content\/uploads\/2025\/07\/senado-foto-divulgacao-1.jpg","contentUrl":"https:\/\/agenciainfra.com\/blog\/wp-content\/uploads\/2025\/07\/senado-foto-divulgacao-1.jpg","width":1280,"height":853,"caption":"Foto: Andressa Anholete\/Ag\u00eancia Senado"},{"@type":"BreadcrumbList","@id":"https:\/\/agenciainfra.com\/blog\/senado-aprova-mp-do-fundo-social-com-antecipacao-de-leilao-inedito-de-petroleo\/#breadcrumb","itemListElement":[{"@type":"ListItem","position":1,"name":"In\u00edcio","item":"https:\/\/agenciainfra.com\/blog\/"},{"@type":"ListItem","position":2,"name":"Senado aprova MP do Fundo Social com antecipa\u00e7\u00e3o de leil\u00e3o in\u00e9dito de petr\u00f3leo"}]},{"@type":"WebSite","@id":"https:\/\/agenciainfra.com\/blog\/#website","url":"https:\/\/agenciainfra.com\/blog\/","name":"Ag\u00eancia iNFRA","description":"Multiplataforma de informa\u00e7\u00e3o jornal\u00edstica refer\u00eancia na \u00e1rea de infraestrutura no Brasil!","publisher":{"@id":"https:\/\/agenciainfra.com\/blog\/#organization"},"potentialAction":[{"@type":"SearchAction","target":{"@type":"EntryPoint","urlTemplate":"https:\/\/agenciainfra.com\/blog\/?s={search_term_string}"},"query-input":{"@type":"PropertyValueSpecification","valueRequired":true,"valueName":"search_term_string"}}],"inLanguage":"pt-BR"},{"@type":"Organization","@id":"https:\/\/agenciainfra.com\/blog\/#organization","name":"Ag\u00eancia iNFRA","url":"https:\/\/agenciainfra.com\/blog\/","logo":{"@type":"ImageObject","inLanguage":"pt-BR","@id":"https:\/\/agenciainfra.com\/blog\/#\/schema\/logo\/image\/","url":"https:\/\/agenciainfra.com\/blog\/wp-content\/uploads\/2023\/09\/iNFRA_5-e1761735885940.png","contentUrl":"https:\/\/agenciainfra.com\/blog\/wp-content\/uploads\/2023\/09\/iNFRA_5-e1761735885940.png","width":1672,"height":454,"caption":"Ag\u00eancia iNFRA"},"image":{"@id":"https:\/\/agenciainfra.com\/blog\/#\/schema\/logo\/image\/"},"sameAs":["https:\/\/www.facebook.com\/ageninfra","https:\/\/x.com\/agencia_infra","https:\/\/www.linkedin.com\/company\/ag\u00eanciainfra\/","https:\/\/www.instagram.com\/agenciainfra\/"]},{"@type":"Person","@id":"https:\/\/agenciainfra.com\/blog\/#\/schema\/person\/34af08dff6adea4cb22b06612ba7acfa","name":"Ag\u00eancia iNFRA","image":{"@type":"ImageObject","inLanguage":"pt-BR","@id":"https:\/\/agenciainfra.com\/blog\/#\/schema\/person\/image\/","url":"https:\/\/secure.gravatar.com\/avatar\/d189e01678f06d8eb84d4e01f08eb848b3fffe3f8443818d3c356c66892f5be8?s=96&d=mm&r=g","contentUrl":"https:\/\/secure.gravatar.com\/avatar\/d189e01678f06d8eb84d4e01f08eb848b3fffe3f8443818d3c356c66892f5be8?s=96&d=mm&r=g","caption":"Ag\u00eancia iNFRA"},"url":"https:\/\/agenciainfra.com\/blog\/author\/admin\/"}]}},"_links":{"self":[{"href":"https:\/\/agenciainfra.com\/blog\/wp-json\/wp\/v2\/posts\/23927","targetHints":{"allow":["GET"]}}],"collection":[{"href":"https:\/\/agenciainfra.com\/blog\/wp-json\/wp\/v2\/posts"}],"about":[{"href":"https:\/\/agenciainfra.com\/blog\/wp-json\/wp\/v2\/types\/post"}],"author":[{"embeddable":true,"href":"https:\/\/agenciainfra.com\/blog\/wp-json\/wp\/v2\/users\/1"}],"replies":[{"embeddable":true,"href":"https:\/\/agenciainfra.com\/blog\/wp-json\/wp\/v2\/comments?post=23927"}],"version-history":[{"count":1,"href":"https:\/\/agenciainfra.com\/blog\/wp-json\/wp\/v2\/posts\/23927\/revisions"}],"predecessor-version":[{"id":23929,"href":"https:\/\/agenciainfra.com\/blog\/wp-json\/wp\/v2\/posts\/23927\/revisions\/23929"}],"wp:featuredmedia":[{"embeddable":true,"href":"https:\/\/agenciainfra.com\/blog\/wp-json\/wp\/v2\/media\/23928"}],"wp:attachment":[{"href":"https:\/\/agenciainfra.com\/blog\/wp-json\/wp\/v2\/media?parent=23927"}],"wp:term":[{"taxonomy":"category","embeddable":true,"href":"https:\/\/agenciainfra.com\/blog\/wp-json\/wp\/v2\/categories?post=23927"},{"taxonomy":"post_tag","embeddable":true,"href":"https:\/\/agenciainfra.com\/blog\/wp-json\/wp\/v2\/tags?post=23927"}],"curies":[{"name":"wp","href":"https:\/\/api.w.org\/{rel}","templated":true}]}}