{"id":23930,"date":"2025-07-02T09:00:00","date_gmt":"2025-07-02T12:00:00","guid":{"rendered":"https:\/\/agenciainfra.com\/blog\/?p=23930"},"modified":"2025-07-15T12:55:14","modified_gmt":"2025-07-15T15:55:14","slug":"orcamento-da-cde-pode-subir-para-r-49-bilhoes-em-2025","status":"publish","type":"post","link":"https:\/\/agenciainfra.com\/blog\/orcamento-da-cde-pode-subir-para-r-49-bilhoes-em-2025\/","title":{"rendered":"Or\u00e7amento da CDE pode subir para R$ 49 bilh\u00f5es em 2025"},"content":{"rendered":"\n<p class=\"has-text-align-right\"><strong>Geraldo Campos Jr. e Lais Carregosa, da Ag\u00eancia iNFRA<\/strong><\/p>\n\n\n\n<p>A \u00e1rea t\u00e9cnica da ANEEL (Ag\u00eancia Nacional de Energia El\u00e9trica) calcula que o or\u00e7amento da CDE (Conta de Desenvolvimento Energ\u00e9tico), encargo pago pelos consumidores de energia para financiar pol\u00edticas p\u00fablicas, deve ficar em R$ 49,2 bilh\u00f5es em 2025. Representa\u00a0uma alta de 21% (diferen\u00e7a de R$ 8,6 bilh\u00f5es) em rela\u00e7\u00e3o \u00e0 proposta inicial submetida a consulta p\u00fablica ainda no fim de 2024. \u00c0 \u00e9poca, a proje\u00e7\u00e3o era de R$ 40,6 bilh\u00f5es para o or\u00e7amento.\u00a0<br><br>O maior\u00a0peso sobre o novo valor\u00a0\u00e9 referente\u00a0ao subs\u00eddio da compensa\u00e7\u00e3o da GD (Gera\u00e7\u00e3o Distribu\u00edda), cujo aumento foi estimado em R$ 2,66 bilh\u00f5es. O novo c\u00e1lculo consta em\u00a0<a href=\"https:\/\/sei.aneel.gov.br\/sei\/modulos\/pesquisa\/md_pesq_documento_consulta_externa.php?yPDszXhdoNcWQHJaQlHJmJIqCNXRK_Sh2SMdn1U-tzO4O5rOn8JHgJ8U-wfIcJKfki_rKpQ-fm4-_Oq42qtJCZOAF1eS7rEHuBxomTsrkobD29q2wGJjdLxTE50-cUJC\" target=\"_blank\" rel=\"noreferrer noopener\">nota t\u00e9cnica<\/a>\u00a0publicada na segunda-feira (30).\u00a0<br><br>Al\u00e9m disso, conforme o documento, os principais pontos que provocaram a alta s\u00e3o:\u00a0<br><br><strong>1)<\/strong>\u00a0O aumento dos descontos no fio de distribui\u00e7\u00e3o de fontes incentivadas em R$ 674 milh\u00f5es;\u00a0<br><strong>2)<\/strong>\u00a0A previs\u00e3o or\u00e7ament\u00e1ria de R$ 1,67 bilh\u00e3o decorrente da flexibiliza\u00e7\u00e3o de par\u00e2metros regulat\u00f3rios da Amazonas Energia;\u00a0<br><strong>3)<\/strong>\u00a0A revis\u00e3o das despesas ordin\u00e1rias da CCC (Conta de Consumo de Combust\u00edveis) em R$ 540 milh\u00f5es;\u00a0<br><strong>4)<\/strong>\u00a0A nova Tarifa Social, implementada devido \u00e0\u00a0<a href=\"https:\/\/www.in.gov.br\/en\/web\/dou\/-\/medida-provisoria-n-1.300-de-21-de-maio-de-2025-631015922\" target=\"_blank\" rel=\"noreferrer noopener\">MP (Medida Provis\u00f3ria) 1.300\/2025<\/a>, com impacto de R$ 1,15 bilh\u00e3o neste ano;<br><strong>5)<\/strong>\u00a0A conta tamb\u00e9m inclui aumento de restos a pagar da CDE no valor de R$ 1,95 bilh\u00e3o.<br><br>Do or\u00e7amento total, R$ 41,4 bilh\u00f5es se referem \u00e0s quotas bancadas pelas contas de luz da CDE-Uso, onde est\u00e1 a maioria dos subs\u00eddios bancados pela conta, como a tarifa social, os descontos para fontes incentivadas e o Luz para Todos. Outros R$ 5,5 bilh\u00f5es correspondem a quotas CDE-GD, item que custeia os descontos para a gera\u00e7\u00e3o distribu\u00edda.<br><br>Em rela\u00e7\u00e3o aos valores da CDE 2024, o aumento projetado com a proposta atual chega a 32,4%. O processo est\u00e1 sob relatoria do diretor Fernando Mosna. \u00c0\u00a0<strong>Ag\u00eancia iNFRA<\/strong>, Mosna disse que trabalha para pautar o tema na reuni\u00e3o de diretoria do dia 15 de julho.<br><br><strong>Amazonas Energia<\/strong><br>A Amazonas Energia deve receber R$ 1,67 bilh\u00e3o da CCC em 2025, conforme as flexibiliza\u00e7\u00f5es propostas na\u00a0<a href=\"https:\/\/www.planalto.gov.br\/ccivil_03\/_ato2023-2026\/2024\/Mpv\/mpv1232.htm\" target=\"_blank\" rel=\"noreferrer noopener\">MP 1.232\/2024<\/a>, que caducou em outubro de 2024. Esses valores n\u00e3o estavam previstos na abertura da consulta p\u00fablica sobre o or\u00e7amento da CDE de 2025, no fim do ano passado, e devem ser incorporados na conta, segundo a \u00e1rea t\u00e9cnica.\u00a0<br><br>Isso se deve \u00e0 determina\u00e7\u00e3o judicial para que a ANEEL repasse as flexibiliza\u00e7\u00f5es autorizadas pela MP com a transfer\u00eancia de controle da Oliveira Energia para a \u00c2mbar, do grupo J&amp;F \u2013 dos irm\u00e3os Wesley e Joesley Batista.\u00a0<br><br><strong>Tarifa Social<\/strong><br>Segundo a \u00e1rea t\u00e9cnica da ANEEL, o custeio da Tarifa Social apresentou um aumento de 26,6% em rela\u00e7\u00e3o ao or\u00e7amento de 2024 \u2013 alta de R$ 1,64 bilh\u00e3o. Isso se deve em menor grau a quest\u00f5es como varia\u00e7\u00f5es tarif\u00e1rias e crescimento de fam\u00edlias beneficiadas, mas principalmente devido \u00e0 altera\u00e7\u00e3o promovida pela MP 1.300, cujo efeito considerado \u00e9 de R$ 1,15 bilh\u00e3o.<br><br>O valor considera o impacto das mudan\u00e7as de julho a dezembro deste ano, uma vez que a nova Tarifa Social come\u00e7ar\u00e1 a valer a partir do pr\u00f3ximo s\u00e1bado (5). A estimativa da STR (Superintend\u00eancia de Gest\u00e3o Tarif\u00e1ria e Regula\u00e7\u00e3o Econ\u00f4mica) \u00e9 de um custo adicional de R$ 286,7 milh\u00f5es\/m\u00eas.<br><br><strong>Alta incorporada a partir de agosto<\/strong><br>Como as distribuidoras passam a recolher as cotas da CDE-Uso a partir de janeiro, independentemente dos reajustes tarif\u00e1rios, a diferen\u00e7a entre o que foi recolhido e os novos valores deve ser incorporada nas quotas mensais a partir de agosto, segundo a nota t\u00e9cnica.<br><br>\u201cDesta forma, a adequa\u00e7\u00e3o no recolhimento das quotas da CDE-Uso se restringe a ajustar as quotas mensais remanescentes de 2025 de forma a assegurar o recolhimento da quota anual a ser fixada\u201d, explica a \u00e1rea t\u00e9cnica.<br><br>J\u00e1 para a CDE-GD (que custeia os benef\u00edcios \u00e0 gera\u00e7\u00e3o distribu\u00edda), caso n\u00e3o haja recolhimento dos novos valores pelas distribuidoras, a \u00e1rea t\u00e9cnica entende que as cifras podem ser objeto de cobran\u00e7a retroativa pela CCEE (C\u00e2mara de Comercializa\u00e7\u00e3o de Energia). A preocupa\u00e7\u00e3o parte do fato de j\u00e1 terem havido reajustes tarif\u00e1rios de 2025 antes da homologa\u00e7\u00e3o das quotas da CDE.<br><br><strong>Impactos repassados<\/strong><br>A revis\u00e3o do or\u00e7amento de 2025 da CDE, embora ainda n\u00e3o aprovada pela diretoria, j\u00e1 tem se refletido em processos tarif\u00e1rios de distribuidoras. Na ter\u00e7a-feira (1\u00ba), foram aprovados pela ANEEL tr\u00eas aumentos de tarifas na casa de dois d\u00edgitos em que o aumento das quotas da CDE foi citado como um dos motivos.<br><br>O reajuste tarif\u00e1rio anual da Enel SP\u00a0<a href=\"https:\/\/agenciainfra.com\/blog\/aneel-aprova-reajuste-de-r-1394-para-enel-sp-a-partir-de-4-de-julho\/\" target=\"_blank\" rel=\"noreferrer noopener\">foi aprovado<\/a>\u00a0com efeito m\u00e9dio de 13,94% aos consumidores, a vigorar a partir de 4 de julho. Al\u00e9m do aumento da CDE j\u00e1 indicado pela \u00e1rea t\u00e9cnica, tamb\u00e9m contribu\u00edram para a alta a eleva\u00e7\u00e3o dos custos de transmiss\u00e3o e da Parcela B (custos gerenci\u00e1veis da distribuidora).<br><br>Al\u00e9m da concession\u00e1ria paulista, a ANEEL tamb\u00e9m aprovou o reajuste da Energisa Sul Sudeste, com alta m\u00e9dia de 19% na tarifa a partir de 12 de julho. Tamb\u00e9m foi aprovada a revis\u00e3o tarif\u00e1ria da Energisa Tocantins, a partir de 4 de julho, com efeito m\u00e9dio de 12,68%. Em ambos os votos, foi citada amplia\u00e7\u00e3o das quotas da CDE como um dos fatores motivadores.<\/p>\n","protected":false},"excerpt":{"rendered":"<p>Geraldo Campos Jr. e Lais Carregosa, da Ag\u00eancia iNFRA A \u00e1rea t\u00e9cnica da ANEEL (Ag\u00eancia Nacional de Energia El\u00e9trica) calcula que o or\u00e7amento da CDE (Conta de Desenvolvimento Energ\u00e9tico), encargo pago pelos consumidores de energia para financiar pol\u00edticas p\u00fablicas, deve ficar em R$ 49,2 bilh\u00f5es em 2025. Representa\u00a0uma alta de 21% (diferen\u00e7a de R$ 8,6 [&hellip;]<\/p>\n","protected":false},"author":1,"featured_media":23944,"comment_status":"closed","ping_status":"closed","sticky":false,"template":"","format":"standard","meta":{"_monsterinsights_skip_tracking":false,"_monsterinsights_sitenote_active":false,"_monsterinsights_sitenote_note":"","_monsterinsights_sitenote_category":0,"footnotes":""},"categories":[7250,1,10],"tags":[144,53,56,14139,11594,13132,13059,1386],"class_list":["post-23930","post","type-post","status-publish","format-standard","has-post-thumbnail","hentry","category-destaque-lista","category-geral","category-infraenergia","tag-amazonas-energia","tag-aneel","tag-cde","tag-encargo-de-energia","tag-geraldo-campos-jr","tag-lais-carregosa","tag-tarifa-social-de-energia","tag-tarifas-de-energia"],"yoast_head":"<!-- This site is optimized with the Yoast SEO Premium plugin v25.4 (Yoast SEO v26.0) - https:\/\/yoast.com\/wordpress\/plugins\/seo\/ -->\n<title>Or\u00e7amento da CDE pode subir para R$ 49 bilh\u00f5es em 2025 - Ag\u00eancia iNFRA<\/title>\n<meta name=\"robots\" content=\"index, follow, max-snippet:-1, max-image-preview:large, max-video-preview:-1\" \/>\n<link rel=\"canonical\" href=\"https:\/\/agenciainfra.com\/blog\/orcamento-da-cde-pode-subir-para-r-49-bilhoes-em-2025\/\" \/>\n<meta property=\"og:locale\" content=\"pt_BR\" \/>\n<meta property=\"og:type\" content=\"article\" \/>\n<meta property=\"og:title\" content=\"Or\u00e7amento da CDE pode subir para R$ 49 bilh\u00f5es em 2025\" \/>\n<meta property=\"og:description\" content=\"Geraldo Campos Jr. e Lais Carregosa, da Ag\u00eancia iNFRA A \u00e1rea t\u00e9cnica da ANEEL (Ag\u00eancia Nacional de Energia El\u00e9trica) calcula que o or\u00e7amento da CDE (Conta de Desenvolvimento Energ\u00e9tico), encargo pago pelos consumidores de energia para financiar pol\u00edticas p\u00fablicas, deve ficar em R$ 49,2 bilh\u00f5es em 2025. Representa\u00a0uma alta de 21% (diferen\u00e7a de R$ 8,6 [&hellip;]\" \/>\n<meta property=\"og:url\" content=\"https:\/\/agenciainfra.com\/blog\/orcamento-da-cde-pode-subir-para-r-49-bilhoes-em-2025\/\" \/>\n<meta property=\"og:site_name\" content=\"Ag\u00eancia iNFRA\" \/>\n<meta property=\"article:publisher\" content=\"https:\/\/www.facebook.com\/ageninfra\" \/>\n<meta property=\"article:published_time\" content=\"2025-07-02T12:00:00+00:00\" \/>\n<meta property=\"article:modified_time\" content=\"2025-07-15T15:55:14+00:00\" \/>\n<meta property=\"og:image\" content=\"https:\/\/agenciainfra.com\/blog\/wp-content\/uploads\/2025\/07\/luz-lampada-energia-foto-marcello-casal-jr-agencia-brasil.png\" \/>\n\t<meta property=\"og:image:width\" content=\"1280\" \/>\n\t<meta property=\"og:image:height\" content=\"764\" \/>\n\t<meta property=\"og:image:type\" content=\"image\/png\" \/>\n<meta name=\"author\" content=\"Ag\u00eancia iNFRA\" \/>\n<meta name=\"twitter:card\" content=\"summary_large_image\" \/>\n<meta name=\"twitter:creator\" content=\"@agencia_infra\" \/>\n<meta name=\"twitter:site\" content=\"@agencia_infra\" \/>\n<meta name=\"twitter:label1\" content=\"Escrito por\" \/>\n\t<meta name=\"twitter:data1\" content=\"Ag\u00eancia iNFRA\" \/>\n\t<meta name=\"twitter:label2\" content=\"Est. tempo de leitura\" \/>\n\t<meta name=\"twitter:data2\" content=\"5 minutos\" \/>\n<script type=\"application\/ld+json\" class=\"yoast-schema-graph\">{\"@context\":\"https:\/\/schema.org\",\"@graph\":[{\"@type\":\"Article\",\"@id\":\"https:\/\/agenciainfra.com\/blog\/orcamento-da-cde-pode-subir-para-r-49-bilhoes-em-2025\/#article\",\"isPartOf\":{\"@id\":\"https:\/\/agenciainfra.com\/blog\/orcamento-da-cde-pode-subir-para-r-49-bilhoes-em-2025\/\"},\"author\":{\"name\":\"Ag\u00eancia iNFRA\",\"@id\":\"https:\/\/agenciainfra.com\/blog\/#\/schema\/person\/34af08dff6adea4cb22b06612ba7acfa\"},\"headline\":\"Or\u00e7amento da CDE pode subir para R$ 49 bilh\u00f5es em 2025\",\"datePublished\":\"2025-07-02T12:00:00+00:00\",\"dateModified\":\"2025-07-15T15:55:14+00:00\",\"mainEntityOfPage\":{\"@id\":\"https:\/\/agenciainfra.com\/blog\/orcamento-da-cde-pode-subir-para-r-49-bilhoes-em-2025\/\"},\"wordCount\":926,\"publisher\":{\"@id\":\"https:\/\/agenciainfra.com\/blog\/#organization\"},\"image\":{\"@id\":\"https:\/\/agenciainfra.com\/blog\/orcamento-da-cde-pode-subir-para-r-49-bilhoes-em-2025\/#primaryimage\"},\"thumbnailUrl\":\"https:\/\/agenciainfra.com\/blog\/wp-content\/uploads\/2025\/07\/luz-lampada-energia-foto-marcello-casal-jr-agencia-brasil.png\",\"keywords\":[\"Amazonas Energia\",\"ANEEL\",\"CDE\",\"encargo de energia\",\"Geraldo Campos Jr.\",\"Lais Carregosa\",\"tarifa social de energia\",\"tarifas de energia\"],\"articleSection\":[\"Destaque lista\",\"Geral\",\"iNFRAEnergia\"],\"inLanguage\":\"pt-BR\",\"copyrightYear\":\"2025\",\"copyrightHolder\":{\"@id\":\"https:\/\/agenciainfra.com\/blog\/#organization\"}},{\"@type\":\"WebPage\",\"@id\":\"https:\/\/agenciainfra.com\/blog\/orcamento-da-cde-pode-subir-para-r-49-bilhoes-em-2025\/\",\"url\":\"https:\/\/agenciainfra.com\/blog\/orcamento-da-cde-pode-subir-para-r-49-bilhoes-em-2025\/\",\"name\":\"Or\u00e7amento da CDE pode subir para R$ 49 bilh\u00f5es em 2025 - Ag\u00eancia iNFRA\",\"isPartOf\":{\"@id\":\"https:\/\/agenciainfra.com\/blog\/#website\"},\"primaryImageOfPage\":{\"@id\":\"https:\/\/agenciainfra.com\/blog\/orcamento-da-cde-pode-subir-para-r-49-bilhoes-em-2025\/#primaryimage\"},\"image\":{\"@id\":\"https:\/\/agenciainfra.com\/blog\/orcamento-da-cde-pode-subir-para-r-49-bilhoes-em-2025\/#primaryimage\"},\"thumbnailUrl\":\"https:\/\/agenciainfra.com\/blog\/wp-content\/uploads\/2025\/07\/luz-lampada-energia-foto-marcello-casal-jr-agencia-brasil.png\",\"datePublished\":\"2025-07-02T12:00:00+00:00\",\"dateModified\":\"2025-07-15T15:55:14+00:00\",\"breadcrumb\":{\"@id\":\"https:\/\/agenciainfra.com\/blog\/orcamento-da-cde-pode-subir-para-r-49-bilhoes-em-2025\/#breadcrumb\"},\"inLanguage\":\"pt-BR\",\"potentialAction\":[{\"@type\":\"ReadAction\",\"target\":[\"https:\/\/agenciainfra.com\/blog\/orcamento-da-cde-pode-subir-para-r-49-bilhoes-em-2025\/\"]}]},{\"@type\":\"ImageObject\",\"inLanguage\":\"pt-BR\",\"@id\":\"https:\/\/agenciainfra.com\/blog\/orcamento-da-cde-pode-subir-para-r-49-bilhoes-em-2025\/#primaryimage\",\"url\":\"https:\/\/agenciainfra.com\/blog\/wp-content\/uploads\/2025\/07\/luz-lampada-energia-foto-marcello-casal-jr-agencia-brasil.png\",\"contentUrl\":\"https:\/\/agenciainfra.com\/blog\/wp-content\/uploads\/2025\/07\/luz-lampada-energia-foto-marcello-casal-jr-agencia-brasil.png\",\"width\":1280,\"height\":764,\"caption\":\"Foto: Marcello Casal Jr.\/Ag\u00eancia Brasil\"},{\"@type\":\"BreadcrumbList\",\"@id\":\"https:\/\/agenciainfra.com\/blog\/orcamento-da-cde-pode-subir-para-r-49-bilhoes-em-2025\/#breadcrumb\",\"itemListElement\":[{\"@type\":\"ListItem\",\"position\":1,\"name\":\"In\u00edcio\",\"item\":\"https:\/\/agenciainfra.com\/blog\/\"},{\"@type\":\"ListItem\",\"position\":2,\"name\":\"Or\u00e7amento da CDE pode subir para R$ 49 bilh\u00f5es em 2025\"}]},{\"@type\":\"WebSite\",\"@id\":\"https:\/\/agenciainfra.com\/blog\/#website\",\"url\":\"https:\/\/agenciainfra.com\/blog\/\",\"name\":\"Ag\u00eancia iNFRA\",\"description\":\"Multiplataforma de informa\u00e7\u00e3o jornal\u00edstica refer\u00eancia na \u00e1rea de infraestrutura no Brasil!\",\"publisher\":{\"@id\":\"https:\/\/agenciainfra.com\/blog\/#organization\"},\"potentialAction\":[{\"@type\":\"SearchAction\",\"target\":{\"@type\":\"EntryPoint\",\"urlTemplate\":\"https:\/\/agenciainfra.com\/blog\/?s={search_term_string}\"},\"query-input\":{\"@type\":\"PropertyValueSpecification\",\"valueRequired\":true,\"valueName\":\"search_term_string\"}}],\"inLanguage\":\"pt-BR\"},{\"@type\":\"Organization\",\"@id\":\"https:\/\/agenciainfra.com\/blog\/#organization\",\"name\":\"Ag\u00eancia iNFRA\",\"url\":\"https:\/\/agenciainfra.com\/blog\/\",\"logo\":{\"@type\":\"ImageObject\",\"inLanguage\":\"pt-BR\",\"@id\":\"https:\/\/agenciainfra.com\/blog\/#\/schema\/logo\/image\/\",\"url\":\"https:\/\/agenciainfra.com\/blog\/wp-content\/uploads\/2023\/09\/iNFRA_5-e1761735885940.png\",\"contentUrl\":\"https:\/\/agenciainfra.com\/blog\/wp-content\/uploads\/2023\/09\/iNFRA_5-e1761735885940.png\",\"width\":1672,\"height\":454,\"caption\":\"Ag\u00eancia iNFRA\"},\"image\":{\"@id\":\"https:\/\/agenciainfra.com\/blog\/#\/schema\/logo\/image\/\"},\"sameAs\":[\"https:\/\/www.facebook.com\/ageninfra\",\"https:\/\/x.com\/agencia_infra\",\"https:\/\/www.linkedin.com\/company\/ag\u00eanciainfra\/\",\"https:\/\/www.instagram.com\/agenciainfra\/\"]},{\"@type\":\"Person\",\"@id\":\"https:\/\/agenciainfra.com\/blog\/#\/schema\/person\/34af08dff6adea4cb22b06612ba7acfa\",\"name\":\"Ag\u00eancia iNFRA\",\"image\":{\"@type\":\"ImageObject\",\"inLanguage\":\"pt-BR\",\"@id\":\"https:\/\/agenciainfra.com\/blog\/#\/schema\/person\/image\/\",\"url\":\"https:\/\/secure.gravatar.com\/avatar\/d189e01678f06d8eb84d4e01f08eb848b3fffe3f8443818d3c356c66892f5be8?s=96&d=mm&r=g\",\"contentUrl\":\"https:\/\/secure.gravatar.com\/avatar\/d189e01678f06d8eb84d4e01f08eb848b3fffe3f8443818d3c356c66892f5be8?s=96&d=mm&r=g\",\"caption\":\"Ag\u00eancia iNFRA\"},\"url\":\"https:\/\/agenciainfra.com\/blog\/author\/admin\/\"}]}<\/script>\n<!-- \/ Yoast SEO Premium plugin. -->","yoast_head_json":{"title":"Or\u00e7amento da CDE pode subir para R$ 49 bilh\u00f5es em 2025 - Ag\u00eancia iNFRA","robots":{"index":"index","follow":"follow","max-snippet":"max-snippet:-1","max-image-preview":"max-image-preview:large","max-video-preview":"max-video-preview:-1"},"canonical":"https:\/\/agenciainfra.com\/blog\/orcamento-da-cde-pode-subir-para-r-49-bilhoes-em-2025\/","og_locale":"pt_BR","og_type":"article","og_title":"Or\u00e7amento da CDE pode subir para R$ 49 bilh\u00f5es em 2025","og_description":"Geraldo Campos Jr. e Lais Carregosa, da Ag\u00eancia iNFRA A \u00e1rea t\u00e9cnica da ANEEL (Ag\u00eancia Nacional de Energia El\u00e9trica) calcula que o or\u00e7amento da CDE (Conta de Desenvolvimento Energ\u00e9tico), encargo pago pelos consumidores de energia para financiar pol\u00edticas p\u00fablicas, deve ficar em R$ 49,2 bilh\u00f5es em 2025. Representa\u00a0uma alta de 21% (diferen\u00e7a de R$ 8,6 [&hellip;]","og_url":"https:\/\/agenciainfra.com\/blog\/orcamento-da-cde-pode-subir-para-r-49-bilhoes-em-2025\/","og_site_name":"Ag\u00eancia iNFRA","article_publisher":"https:\/\/www.facebook.com\/ageninfra","article_published_time":"2025-07-02T12:00:00+00:00","article_modified_time":"2025-07-15T15:55:14+00:00","og_image":[{"width":1280,"height":764,"url":"https:\/\/agenciainfra.com\/blog\/wp-content\/uploads\/2025\/07\/luz-lampada-energia-foto-marcello-casal-jr-agencia-brasil.png","type":"image\/png"}],"author":"Ag\u00eancia iNFRA","twitter_card":"summary_large_image","twitter_creator":"@agencia_infra","twitter_site":"@agencia_infra","twitter_misc":{"Escrito por":"Ag\u00eancia iNFRA","Est. tempo de leitura":"5 minutos"},"schema":{"@context":"https:\/\/schema.org","@graph":[{"@type":"Article","@id":"https:\/\/agenciainfra.com\/blog\/orcamento-da-cde-pode-subir-para-r-49-bilhoes-em-2025\/#article","isPartOf":{"@id":"https:\/\/agenciainfra.com\/blog\/orcamento-da-cde-pode-subir-para-r-49-bilhoes-em-2025\/"},"author":{"name":"Ag\u00eancia iNFRA","@id":"https:\/\/agenciainfra.com\/blog\/#\/schema\/person\/34af08dff6adea4cb22b06612ba7acfa"},"headline":"Or\u00e7amento da CDE pode subir para R$ 49 bilh\u00f5es em 2025","datePublished":"2025-07-02T12:00:00+00:00","dateModified":"2025-07-15T15:55:14+00:00","mainEntityOfPage":{"@id":"https:\/\/agenciainfra.com\/blog\/orcamento-da-cde-pode-subir-para-r-49-bilhoes-em-2025\/"},"wordCount":926,"publisher":{"@id":"https:\/\/agenciainfra.com\/blog\/#organization"},"image":{"@id":"https:\/\/agenciainfra.com\/blog\/orcamento-da-cde-pode-subir-para-r-49-bilhoes-em-2025\/#primaryimage"},"thumbnailUrl":"https:\/\/agenciainfra.com\/blog\/wp-content\/uploads\/2025\/07\/luz-lampada-energia-foto-marcello-casal-jr-agencia-brasil.png","keywords":["Amazonas Energia","ANEEL","CDE","encargo de energia","Geraldo Campos Jr.","Lais Carregosa","tarifa social de energia","tarifas de energia"],"articleSection":["Destaque lista","Geral","iNFRAEnergia"],"inLanguage":"pt-BR","copyrightYear":"2025","copyrightHolder":{"@id":"https:\/\/agenciainfra.com\/blog\/#organization"}},{"@type":"WebPage","@id":"https:\/\/agenciainfra.com\/blog\/orcamento-da-cde-pode-subir-para-r-49-bilhoes-em-2025\/","url":"https:\/\/agenciainfra.com\/blog\/orcamento-da-cde-pode-subir-para-r-49-bilhoes-em-2025\/","name":"Or\u00e7amento da CDE pode subir para R$ 49 bilh\u00f5es em 2025 - Ag\u00eancia iNFRA","isPartOf":{"@id":"https:\/\/agenciainfra.com\/blog\/#website"},"primaryImageOfPage":{"@id":"https:\/\/agenciainfra.com\/blog\/orcamento-da-cde-pode-subir-para-r-49-bilhoes-em-2025\/#primaryimage"},"image":{"@id":"https:\/\/agenciainfra.com\/blog\/orcamento-da-cde-pode-subir-para-r-49-bilhoes-em-2025\/#primaryimage"},"thumbnailUrl":"https:\/\/agenciainfra.com\/blog\/wp-content\/uploads\/2025\/07\/luz-lampada-energia-foto-marcello-casal-jr-agencia-brasil.png","datePublished":"2025-07-02T12:00:00+00:00","dateModified":"2025-07-15T15:55:14+00:00","breadcrumb":{"@id":"https:\/\/agenciainfra.com\/blog\/orcamento-da-cde-pode-subir-para-r-49-bilhoes-em-2025\/#breadcrumb"},"inLanguage":"pt-BR","potentialAction":[{"@type":"ReadAction","target":["https:\/\/agenciainfra.com\/blog\/orcamento-da-cde-pode-subir-para-r-49-bilhoes-em-2025\/"]}]},{"@type":"ImageObject","inLanguage":"pt-BR","@id":"https:\/\/agenciainfra.com\/blog\/orcamento-da-cde-pode-subir-para-r-49-bilhoes-em-2025\/#primaryimage","url":"https:\/\/agenciainfra.com\/blog\/wp-content\/uploads\/2025\/07\/luz-lampada-energia-foto-marcello-casal-jr-agencia-brasil.png","contentUrl":"https:\/\/agenciainfra.com\/blog\/wp-content\/uploads\/2025\/07\/luz-lampada-energia-foto-marcello-casal-jr-agencia-brasil.png","width":1280,"height":764,"caption":"Foto: Marcello Casal Jr.\/Ag\u00eancia Brasil"},{"@type":"BreadcrumbList","@id":"https:\/\/agenciainfra.com\/blog\/orcamento-da-cde-pode-subir-para-r-49-bilhoes-em-2025\/#breadcrumb","itemListElement":[{"@type":"ListItem","position":1,"name":"In\u00edcio","item":"https:\/\/agenciainfra.com\/blog\/"},{"@type":"ListItem","position":2,"name":"Or\u00e7amento da CDE pode subir para R$ 49 bilh\u00f5es em 2025"}]},{"@type":"WebSite","@id":"https:\/\/agenciainfra.com\/blog\/#website","url":"https:\/\/agenciainfra.com\/blog\/","name":"Ag\u00eancia iNFRA","description":"Multiplataforma de informa\u00e7\u00e3o jornal\u00edstica refer\u00eancia na \u00e1rea de infraestrutura no Brasil!","publisher":{"@id":"https:\/\/agenciainfra.com\/blog\/#organization"},"potentialAction":[{"@type":"SearchAction","target":{"@type":"EntryPoint","urlTemplate":"https:\/\/agenciainfra.com\/blog\/?s={search_term_string}"},"query-input":{"@type":"PropertyValueSpecification","valueRequired":true,"valueName":"search_term_string"}}],"inLanguage":"pt-BR"},{"@type":"Organization","@id":"https:\/\/agenciainfra.com\/blog\/#organization","name":"Ag\u00eancia iNFRA","url":"https:\/\/agenciainfra.com\/blog\/","logo":{"@type":"ImageObject","inLanguage":"pt-BR","@id":"https:\/\/agenciainfra.com\/blog\/#\/schema\/logo\/image\/","url":"https:\/\/agenciainfra.com\/blog\/wp-content\/uploads\/2023\/09\/iNFRA_5-e1761735885940.png","contentUrl":"https:\/\/agenciainfra.com\/blog\/wp-content\/uploads\/2023\/09\/iNFRA_5-e1761735885940.png","width":1672,"height":454,"caption":"Ag\u00eancia iNFRA"},"image":{"@id":"https:\/\/agenciainfra.com\/blog\/#\/schema\/logo\/image\/"},"sameAs":["https:\/\/www.facebook.com\/ageninfra","https:\/\/x.com\/agencia_infra","https:\/\/www.linkedin.com\/company\/ag\u00eanciainfra\/","https:\/\/www.instagram.com\/agenciainfra\/"]},{"@type":"Person","@id":"https:\/\/agenciainfra.com\/blog\/#\/schema\/person\/34af08dff6adea4cb22b06612ba7acfa","name":"Ag\u00eancia iNFRA","image":{"@type":"ImageObject","inLanguage":"pt-BR","@id":"https:\/\/agenciainfra.com\/blog\/#\/schema\/person\/image\/","url":"https:\/\/secure.gravatar.com\/avatar\/d189e01678f06d8eb84d4e01f08eb848b3fffe3f8443818d3c356c66892f5be8?s=96&d=mm&r=g","contentUrl":"https:\/\/secure.gravatar.com\/avatar\/d189e01678f06d8eb84d4e01f08eb848b3fffe3f8443818d3c356c66892f5be8?s=96&d=mm&r=g","caption":"Ag\u00eancia iNFRA"},"url":"https:\/\/agenciainfra.com\/blog\/author\/admin\/"}]}},"_links":{"self":[{"href":"https:\/\/agenciainfra.com\/blog\/wp-json\/wp\/v2\/posts\/23930","targetHints":{"allow":["GET"]}}],"collection":[{"href":"https:\/\/agenciainfra.com\/blog\/wp-json\/wp\/v2\/posts"}],"about":[{"href":"https:\/\/agenciainfra.com\/blog\/wp-json\/wp\/v2\/types\/post"}],"author":[{"embeddable":true,"href":"https:\/\/agenciainfra.com\/blog\/wp-json\/wp\/v2\/users\/1"}],"replies":[{"embeddable":true,"href":"https:\/\/agenciainfra.com\/blog\/wp-json\/wp\/v2\/comments?post=23930"}],"version-history":[{"count":3,"href":"https:\/\/agenciainfra.com\/blog\/wp-json\/wp\/v2\/posts\/23930\/revisions"}],"predecessor-version":[{"id":24704,"href":"https:\/\/agenciainfra.com\/blog\/wp-json\/wp\/v2\/posts\/23930\/revisions\/24704"}],"wp:featuredmedia":[{"embeddable":true,"href":"https:\/\/agenciainfra.com\/blog\/wp-json\/wp\/v2\/media\/23944"}],"wp:attachment":[{"href":"https:\/\/agenciainfra.com\/blog\/wp-json\/wp\/v2\/media?parent=23930"}],"wp:term":[{"taxonomy":"category","embeddable":true,"href":"https:\/\/agenciainfra.com\/blog\/wp-json\/wp\/v2\/categories?post=23930"},{"taxonomy":"post_tag","embeddable":true,"href":"https:\/\/agenciainfra.com\/blog\/wp-json\/wp\/v2\/tags?post=23930"}],"curies":[{"name":"wp","href":"https:\/\/api.w.org\/{rel}","templated":true}]}}