{"id":23933,"date":"2025-07-03T10:00:00","date_gmt":"2025-07-03T13:00:00","guid":{"rendered":"https:\/\/agenciainfra.com\/blog\/?p=23933"},"modified":"2025-07-04T09:03:46","modified_gmt":"2025-07-04T12:03:46","slug":"com-pedido-oficial-de-reequilibrio-da-bamin-fiol-1-pode-ir-a-secexconsenso-do-tcu-dizem-fontes","status":"publish","type":"post","link":"https:\/\/agenciainfra.com\/blog\/com-pedido-oficial-de-reequilibrio-da-bamin-fiol-1-pode-ir-a-secexconsenso-do-tcu-dizem-fontes\/","title":{"rendered":"Com pedido oficial de reequil\u00edbrio da Bamin, Fiol 1 pode ir \u00e0 SecexConsenso do TCU, dizem fontes"},"content":{"rendered":"\n<p class=\"has-text-align-right\"><strong>Sheyla Santos, da Ag\u00eancia iNFRA<\/strong><\/p>\n\n\n\n<p>A negocia\u00e7\u00e3o do contrato de subconcess\u00e3o da Fiol 1 (Ferrovia de Integra\u00e7\u00e3o Oeste-Leste), em poder da empresa Bamin, poder\u00e1 ser levada \u00e0 SecexConsenso, c\u00e2mara de solu\u00e7\u00e3o consensual do TCU (Tribunal de Contas da Uni\u00e3o), sofrer caducidade ou, ainda, segundo fontes a par do assunto, passar por uma troca assistida do controle acion\u00e1rio da SPE (Sociedade de Prop\u00f3sito Espec\u00edfico).\u00a0<br><br>As alternativas s\u00e3o citadas como poss\u00edveis desfechos por interlocutores, segundo os quais &#8220;tudo est\u00e1 na mesa&#8221;. A\u00a0<strong>Ag\u00eancia iNFRA<\/strong>\u00a0apurou que a Bamin apresentou h\u00e1 cerca de 30 dias uma proposta de reequil\u00edbrio contratual.<br><br>O caso dever\u00e1 ter uma defini\u00e7\u00e3o at\u00e9 agosto, dado que o Minist\u00e9rio dos Transportes publicou nesta ter\u00e7a-feira (1\u00ba) a Portaria 480, que <a href=\"https:\/\/agenciainfra.com\/blog\/ministerio-dos-transportes-cria-grupo-de-trabalho-para-reavaliar-contrato-da-fiol-1\/\">institui<\/a> um grupo de trabalho para avaliar, em 30 dias, juntamente com a ANTT (Ag\u00eancia Nacional de Transportes Terrestres) e a Infra S.A., a execu\u00e7\u00e3o desse contrato. Segundo a pasta, a medida foi tomada depois de a empresa anunciar em mar\u00e7o o encerramento dos acordos para obras no trecho.<br><br>A Bamin venceu em 2021 a licita\u00e7\u00e3o para terminar a constru\u00e7\u00e3o e operar a ferrovia que liga Ilh\u00e9us a Caetit\u00e9 (BA). Deveria entregar a ferrovia operacional at\u00e9 2026, mas executou um percentual \u00ednfimo do contrato at\u00e9 a paralisa\u00e7\u00e3o.<br><br>Na pr\u00e1tica, o colegiado criado pelo minist\u00e9rio deve apresentar ao fim do prazo um relat\u00f3rio t\u00e9cnico com recomenda\u00e7\u00f5es, fruto de reuni\u00f5es semanais que visam analisar o atual est\u00e1gio do empreendimento, verificar as etapas conclu\u00eddas e propor encaminhamentos para garantir a continuidade do projeto. Os encontros poder\u00e3o envolver \u00f3rg\u00e3os de defesa da concorr\u00eancia no processo de avalia\u00e7\u00e3o.<br><br>Nos \u00faltimos anos, tem havido tentativas de fazer com que a Bamin seja absorvida por empresas brasileiras como forma de retomar o projeto, mas at\u00e9 agora sem sucesso. Conforme mostrado em\u00a0<a href=\"https:\/\/agenciainfra.us14.list-manage.com\/track\/click?u=d460dd1bcf9ba0ae040e1fc0f&amp;id=75f82bbf1e&amp;e=1192c754bc\" target=\"_blank\" rel=\"noreferrer noopener\">reportagem<\/a>, a indefini\u00e7\u00e3o sobre a compra da Bamin pela Vale chegou a acirrar os \u00e2nimos entre a mineradora e o governo federal. Segundo interlocutores, antes do pedido de reequil\u00edbrio, al\u00e9m da Vale, a Bamin vinha mantendo conversas com outras companhias interessadas, como a Cedro Participa\u00e7\u00f5es.<br><br><strong>Malha Sul<\/strong><br>Outra ferrovia que est\u00e1 em discuss\u00e3o no governo \u00e9 a Malha Sul, da Rumo. Nesta ter\u00e7a-feira, o secret\u00e1rio nacional de Transporte Ferrovi\u00e1rio, Leonardo Ribeiro, disse que o GT (Grupo de Trabalho) criado para discutir o futuro da ferrovia est\u00e1 na reta final, com previs\u00e3o de encerramento para o dia 14, ap\u00f3s prorroga\u00e7\u00e3o feita em junho. Segundo Ribeiro, na semana passada, a Infra S.A. apresentou n\u00fameros de pr\u00e9-viabilidade de solu\u00e7\u00f5es que podem ser adotadas na ferrovia, embora n\u00e3o tenha detalhado as op\u00e7\u00f5es.<br><br>A\u00a0<a href=\"https:\/\/agenciainfra.us14.list-manage.com\/track\/click?u=d460dd1bcf9ba0ae040e1fc0f&amp;id=afe54cdf35&amp;e=1192c754bc\" target=\"_blank\" rel=\"noreferrer noopener\">declara\u00e7\u00e3o foi dada<\/a>\u00a0durante audi\u00eancia p\u00fablica na Comiss\u00e3o de Integra\u00e7\u00e3o Nacional e Desenvolvimento Regional da C\u00e2mara dos Deputados, convocada para tratar da situa\u00e7\u00e3o da Linha F\u00e9rrea Tronco Sul Lages (SC).<br><br>De acordo com o secret\u00e1rio, os estudos da Infra S.A. mostram que \u201ch\u00e1 boas possibilidades\u201d de retomada da malha no Paran\u00e1, Santa Catarina e Rio Grande do Sul. Ele n\u00e3o especificou de que forma isso poder\u00e1 ser feito, citando que o setor de ferrovias hoje conta com um \u201cleque de ferramentas\u201d, como cess\u00e3o de trechos para estados, chamamento p\u00fablico para autoriza\u00e7\u00f5es e parcerias p\u00fablicas dentro de concess\u00f5es.<\/p>\n","protected":false},"excerpt":{"rendered":"<p>Sheyla Santos, da Ag\u00eancia iNFRA A negocia\u00e7\u00e3o do contrato de subconcess\u00e3o da Fiol 1 (Ferrovia de Integra\u00e7\u00e3o Oeste-Leste), em poder da empresa Bamin, poder\u00e1 ser levada \u00e0 SecexConsenso, c\u00e2mara de solu\u00e7\u00e3o consensual do TCU (Tribunal de Contas da Uni\u00e3o), sofrer caducidade ou, ainda, segundo fontes a par do assunto, passar por uma troca assistida do [&hellip;]<\/p>\n","protected":false},"author":1,"featured_media":23770,"comment_status":"closed","ping_status":"closed","sticky":false,"template":"","format":"standard","meta":{"_monsterinsights_skip_tracking":false,"_monsterinsights_sitenote_active":false,"_monsterinsights_sitenote_note":"","_monsterinsights_sitenote_category":0,"footnotes":""},"categories":[7250,1,7],"tags":[2904,14141,79,12405,5652,7218,8838,6379,18,83],"class_list":["post-23933","post","type-post","status-publish","format-standard","has-post-thumbnail","hentry","category-destaque-lista","category-geral","category-infratransporte","tag-bamin","tag-compra-da-bamin","tag-ferrovia","tag-fiol-1","tag-reequilibrio-de-contrato","tag-secexconsenso","tag-sheyla-santos","tag-solucao-consensual","tag-tcu","tag-vale"],"yoast_head":"<!-- This site is optimized with the Yoast SEO Premium plugin v25.4 (Yoast SEO v26.0) - https:\/\/yoast.com\/wordpress\/plugins\/seo\/ -->\n<title>Com pedido oficial de reequil\u00edbrio da Bamin, Fiol 1 pode ir \u00e0 SecexConsenso do TCU, dizem fontes - Ag\u00eancia iNFRA<\/title>\n<meta name=\"robots\" content=\"index, follow, max-snippet:-1, max-image-preview:large, max-video-preview:-1\" \/>\n<link rel=\"canonical\" href=\"https:\/\/agenciainfra.com\/blog\/com-pedido-oficial-de-reequilibrio-da-bamin-fiol-1-pode-ir-a-secexconsenso-do-tcu-dizem-fontes\/\" \/>\n<meta property=\"og:locale\" content=\"pt_BR\" \/>\n<meta property=\"og:type\" content=\"article\" \/>\n<meta property=\"og:title\" content=\"Com pedido oficial de reequil\u00edbrio da Bamin, Fiol 1 pode ir \u00e0 SecexConsenso do TCU, dizem fontes\" \/>\n<meta property=\"og:description\" content=\"Sheyla Santos, da Ag\u00eancia iNFRA A negocia\u00e7\u00e3o do contrato de subconcess\u00e3o da Fiol 1 (Ferrovia de Integra\u00e7\u00e3o Oeste-Leste), em poder da empresa Bamin, poder\u00e1 ser levada \u00e0 SecexConsenso, c\u00e2mara de solu\u00e7\u00e3o consensual do TCU (Tribunal de Contas da Uni\u00e3o), sofrer caducidade ou, ainda, segundo fontes a par do assunto, passar por uma troca assistida do [&hellip;]\" \/>\n<meta property=\"og:url\" content=\"https:\/\/agenciainfra.com\/blog\/com-pedido-oficial-de-reequilibrio-da-bamin-fiol-1-pode-ir-a-secexconsenso-do-tcu-dizem-fontes\/\" \/>\n<meta property=\"og:site_name\" content=\"Ag\u00eancia iNFRA\" \/>\n<meta property=\"article:publisher\" content=\"https:\/\/www.facebook.com\/ageninfra\" \/>\n<meta property=\"article:published_time\" content=\"2025-07-03T13:00:00+00:00\" \/>\n<meta property=\"article:modified_time\" content=\"2025-07-04T12:03:46+00:00\" \/>\n<meta property=\"og:image\" content=\"https:\/\/agenciainfra.com\/blog\/wp-content\/uploads\/2025\/06\/mineracao-foto-bamin-divulgacao-1.jpg\" \/>\n\t<meta property=\"og:image:width\" content=\"1280\" \/>\n\t<meta property=\"og:image:height\" content=\"669\" \/>\n\t<meta property=\"og:image:type\" content=\"image\/jpeg\" \/>\n<meta name=\"author\" content=\"Ag\u00eancia iNFRA\" \/>\n<meta name=\"twitter:card\" content=\"summary_large_image\" \/>\n<meta name=\"twitter:creator\" content=\"@agencia_infra\" \/>\n<meta name=\"twitter:site\" content=\"@agencia_infra\" \/>\n<meta name=\"twitter:label1\" content=\"Escrito por\" \/>\n\t<meta name=\"twitter:data1\" content=\"Ag\u00eancia iNFRA\" \/>\n\t<meta name=\"twitter:label2\" content=\"Est. tempo de leitura\" \/>\n\t<meta name=\"twitter:data2\" content=\"3 minutos\" \/>\n<script type=\"application\/ld+json\" class=\"yoast-schema-graph\">{\"@context\":\"https:\/\/schema.org\",\"@graph\":[{\"@type\":\"Article\",\"@id\":\"https:\/\/agenciainfra.com\/blog\/com-pedido-oficial-de-reequilibrio-da-bamin-fiol-1-pode-ir-a-secexconsenso-do-tcu-dizem-fontes\/#article\",\"isPartOf\":{\"@id\":\"https:\/\/agenciainfra.com\/blog\/com-pedido-oficial-de-reequilibrio-da-bamin-fiol-1-pode-ir-a-secexconsenso-do-tcu-dizem-fontes\/\"},\"author\":{\"name\":\"Ag\u00eancia iNFRA\",\"@id\":\"https:\/\/agenciainfra.com\/blog\/#\/schema\/person\/34af08dff6adea4cb22b06612ba7acfa\"},\"headline\":\"Com pedido oficial de reequil\u00edbrio da Bamin, Fiol 1 pode ir \u00e0 SecexConsenso do TCU, dizem fontes\",\"datePublished\":\"2025-07-03T13:00:00+00:00\",\"dateModified\":\"2025-07-04T12:03:46+00:00\",\"mainEntityOfPage\":{\"@id\":\"https:\/\/agenciainfra.com\/blog\/com-pedido-oficial-de-reequilibrio-da-bamin-fiol-1-pode-ir-a-secexconsenso-do-tcu-dizem-fontes\/\"},\"wordCount\":595,\"publisher\":{\"@id\":\"https:\/\/agenciainfra.com\/blog\/#organization\"},\"image\":{\"@id\":\"https:\/\/agenciainfra.com\/blog\/com-pedido-oficial-de-reequilibrio-da-bamin-fiol-1-pode-ir-a-secexconsenso-do-tcu-dizem-fontes\/#primaryimage\"},\"thumbnailUrl\":\"https:\/\/agenciainfra.com\/blog\/wp-content\/uploads\/2025\/06\/mineracao-foto-bamin-divulgacao-1.jpg\",\"keywords\":[\"Bamin\",\"compra da bamin\",\"Ferrovia\",\"Fiol 1\",\"reequil\u00edbrio de contrato\",\"SecexConsenso\",\"Sheyla Santos\",\"solu\u00e7\u00e3o consensual\",\"TCU\",\"Vale\"],\"articleSection\":[\"Destaque lista\",\"Geral\",\"iNFRATransporte\"],\"inLanguage\":\"pt-BR\",\"copyrightYear\":\"2025\",\"copyrightHolder\":{\"@id\":\"https:\/\/agenciainfra.com\/blog\/#organization\"}},{\"@type\":\"WebPage\",\"@id\":\"https:\/\/agenciainfra.com\/blog\/com-pedido-oficial-de-reequilibrio-da-bamin-fiol-1-pode-ir-a-secexconsenso-do-tcu-dizem-fontes\/\",\"url\":\"https:\/\/agenciainfra.com\/blog\/com-pedido-oficial-de-reequilibrio-da-bamin-fiol-1-pode-ir-a-secexconsenso-do-tcu-dizem-fontes\/\",\"name\":\"Com pedido oficial de reequil\u00edbrio da Bamin, Fiol 1 pode ir \u00e0 SecexConsenso do TCU, dizem fontes - Ag\u00eancia iNFRA\",\"isPartOf\":{\"@id\":\"https:\/\/agenciainfra.com\/blog\/#website\"},\"primaryImageOfPage\":{\"@id\":\"https:\/\/agenciainfra.com\/blog\/com-pedido-oficial-de-reequilibrio-da-bamin-fiol-1-pode-ir-a-secexconsenso-do-tcu-dizem-fontes\/#primaryimage\"},\"image\":{\"@id\":\"https:\/\/agenciainfra.com\/blog\/com-pedido-oficial-de-reequilibrio-da-bamin-fiol-1-pode-ir-a-secexconsenso-do-tcu-dizem-fontes\/#primaryimage\"},\"thumbnailUrl\":\"https:\/\/agenciainfra.com\/blog\/wp-content\/uploads\/2025\/06\/mineracao-foto-bamin-divulgacao-1.jpg\",\"datePublished\":\"2025-07-03T13:00:00+00:00\",\"dateModified\":\"2025-07-04T12:03:46+00:00\",\"breadcrumb\":{\"@id\":\"https:\/\/agenciainfra.com\/blog\/com-pedido-oficial-de-reequilibrio-da-bamin-fiol-1-pode-ir-a-secexconsenso-do-tcu-dizem-fontes\/#breadcrumb\"},\"inLanguage\":\"pt-BR\",\"potentialAction\":[{\"@type\":\"ReadAction\",\"target\":[\"https:\/\/agenciainfra.com\/blog\/com-pedido-oficial-de-reequilibrio-da-bamin-fiol-1-pode-ir-a-secexconsenso-do-tcu-dizem-fontes\/\"]}]},{\"@type\":\"ImageObject\",\"inLanguage\":\"pt-BR\",\"@id\":\"https:\/\/agenciainfra.com\/blog\/com-pedido-oficial-de-reequilibrio-da-bamin-fiol-1-pode-ir-a-secexconsenso-do-tcu-dizem-fontes\/#primaryimage\",\"url\":\"https:\/\/agenciainfra.com\/blog\/wp-content\/uploads\/2025\/06\/mineracao-foto-bamin-divulgacao-1.jpg\",\"contentUrl\":\"https:\/\/agenciainfra.com\/blog\/wp-content\/uploads\/2025\/06\/mineracao-foto-bamin-divulgacao-1.jpg\",\"width\":1280,\"height\":669,\"caption\":\"Foto: Bamin\"},{\"@type\":\"BreadcrumbList\",\"@id\":\"https:\/\/agenciainfra.com\/blog\/com-pedido-oficial-de-reequilibrio-da-bamin-fiol-1-pode-ir-a-secexconsenso-do-tcu-dizem-fontes\/#breadcrumb\",\"itemListElement\":[{\"@type\":\"ListItem\",\"position\":1,\"name\":\"In\u00edcio\",\"item\":\"https:\/\/agenciainfra.com\/blog\/\"},{\"@type\":\"ListItem\",\"position\":2,\"name\":\"Com pedido oficial de reequil\u00edbrio da Bamin, Fiol 1 pode ir \u00e0 SecexConsenso do TCU, dizem fontes\"}]},{\"@type\":\"WebSite\",\"@id\":\"https:\/\/agenciainfra.com\/blog\/#website\",\"url\":\"https:\/\/agenciainfra.com\/blog\/\",\"name\":\"Ag\u00eancia iNFRA\",\"description\":\"Multiplataforma de informa\u00e7\u00e3o jornal\u00edstica refer\u00eancia na \u00e1rea de infraestrutura no Brasil!\",\"publisher\":{\"@id\":\"https:\/\/agenciainfra.com\/blog\/#organization\"},\"potentialAction\":[{\"@type\":\"SearchAction\",\"target\":{\"@type\":\"EntryPoint\",\"urlTemplate\":\"https:\/\/agenciainfra.com\/blog\/?s={search_term_string}\"},\"query-input\":{\"@type\":\"PropertyValueSpecification\",\"valueRequired\":true,\"valueName\":\"search_term_string\"}}],\"inLanguage\":\"pt-BR\"},{\"@type\":\"Organization\",\"@id\":\"https:\/\/agenciainfra.com\/blog\/#organization\",\"name\":\"Ag\u00eancia iNFRA\",\"url\":\"https:\/\/agenciainfra.com\/blog\/\",\"logo\":{\"@type\":\"ImageObject\",\"inLanguage\":\"pt-BR\",\"@id\":\"https:\/\/agenciainfra.com\/blog\/#\/schema\/logo\/image\/\",\"url\":\"https:\/\/agenciainfra.com\/blog\/wp-content\/uploads\/2023\/09\/iNFRA_5-e1761735885940.png\",\"contentUrl\":\"https:\/\/agenciainfra.com\/blog\/wp-content\/uploads\/2023\/09\/iNFRA_5-e1761735885940.png\",\"width\":1672,\"height\":454,\"caption\":\"Ag\u00eancia iNFRA\"},\"image\":{\"@id\":\"https:\/\/agenciainfra.com\/blog\/#\/schema\/logo\/image\/\"},\"sameAs\":[\"https:\/\/www.facebook.com\/ageninfra\",\"https:\/\/x.com\/agencia_infra\",\"https:\/\/www.linkedin.com\/company\/ag\u00eanciainfra\/\",\"https:\/\/www.instagram.com\/agenciainfra\/\"]},{\"@type\":\"Person\",\"@id\":\"https:\/\/agenciainfra.com\/blog\/#\/schema\/person\/34af08dff6adea4cb22b06612ba7acfa\",\"name\":\"Ag\u00eancia iNFRA\",\"image\":{\"@type\":\"ImageObject\",\"inLanguage\":\"pt-BR\",\"@id\":\"https:\/\/agenciainfra.com\/blog\/#\/schema\/person\/image\/\",\"url\":\"https:\/\/secure.gravatar.com\/avatar\/d189e01678f06d8eb84d4e01f08eb848b3fffe3f8443818d3c356c66892f5be8?s=96&d=mm&r=g\",\"contentUrl\":\"https:\/\/secure.gravatar.com\/avatar\/d189e01678f06d8eb84d4e01f08eb848b3fffe3f8443818d3c356c66892f5be8?s=96&d=mm&r=g\",\"caption\":\"Ag\u00eancia iNFRA\"},\"url\":\"https:\/\/agenciainfra.com\/blog\/author\/admin\/\"}]}<\/script>\n<!-- \/ Yoast SEO Premium plugin. -->","yoast_head_json":{"title":"Com pedido oficial de reequil\u00edbrio da Bamin, Fiol 1 pode ir \u00e0 SecexConsenso do TCU, dizem fontes - Ag\u00eancia iNFRA","robots":{"index":"index","follow":"follow","max-snippet":"max-snippet:-1","max-image-preview":"max-image-preview:large","max-video-preview":"max-video-preview:-1"},"canonical":"https:\/\/agenciainfra.com\/blog\/com-pedido-oficial-de-reequilibrio-da-bamin-fiol-1-pode-ir-a-secexconsenso-do-tcu-dizem-fontes\/","og_locale":"pt_BR","og_type":"article","og_title":"Com pedido oficial de reequil\u00edbrio da Bamin, Fiol 1 pode ir \u00e0 SecexConsenso do TCU, dizem fontes","og_description":"Sheyla Santos, da Ag\u00eancia iNFRA A negocia\u00e7\u00e3o do contrato de subconcess\u00e3o da Fiol 1 (Ferrovia de Integra\u00e7\u00e3o Oeste-Leste), em poder da empresa Bamin, poder\u00e1 ser levada \u00e0 SecexConsenso, c\u00e2mara de solu\u00e7\u00e3o consensual do TCU (Tribunal de Contas da Uni\u00e3o), sofrer caducidade ou, ainda, segundo fontes a par do assunto, passar por uma troca assistida do [&hellip;]","og_url":"https:\/\/agenciainfra.com\/blog\/com-pedido-oficial-de-reequilibrio-da-bamin-fiol-1-pode-ir-a-secexconsenso-do-tcu-dizem-fontes\/","og_site_name":"Ag\u00eancia iNFRA","article_publisher":"https:\/\/www.facebook.com\/ageninfra","article_published_time":"2025-07-03T13:00:00+00:00","article_modified_time":"2025-07-04T12:03:46+00:00","og_image":[{"width":1280,"height":669,"url":"https:\/\/agenciainfra.com\/blog\/wp-content\/uploads\/2025\/06\/mineracao-foto-bamin-divulgacao-1.jpg","type":"image\/jpeg"}],"author":"Ag\u00eancia iNFRA","twitter_card":"summary_large_image","twitter_creator":"@agencia_infra","twitter_site":"@agencia_infra","twitter_misc":{"Escrito por":"Ag\u00eancia iNFRA","Est. tempo de leitura":"3 minutos"},"schema":{"@context":"https:\/\/schema.org","@graph":[{"@type":"Article","@id":"https:\/\/agenciainfra.com\/blog\/com-pedido-oficial-de-reequilibrio-da-bamin-fiol-1-pode-ir-a-secexconsenso-do-tcu-dizem-fontes\/#article","isPartOf":{"@id":"https:\/\/agenciainfra.com\/blog\/com-pedido-oficial-de-reequilibrio-da-bamin-fiol-1-pode-ir-a-secexconsenso-do-tcu-dizem-fontes\/"},"author":{"name":"Ag\u00eancia iNFRA","@id":"https:\/\/agenciainfra.com\/blog\/#\/schema\/person\/34af08dff6adea4cb22b06612ba7acfa"},"headline":"Com pedido oficial de reequil\u00edbrio da Bamin, Fiol 1 pode ir \u00e0 SecexConsenso do TCU, dizem fontes","datePublished":"2025-07-03T13:00:00+00:00","dateModified":"2025-07-04T12:03:46+00:00","mainEntityOfPage":{"@id":"https:\/\/agenciainfra.com\/blog\/com-pedido-oficial-de-reequilibrio-da-bamin-fiol-1-pode-ir-a-secexconsenso-do-tcu-dizem-fontes\/"},"wordCount":595,"publisher":{"@id":"https:\/\/agenciainfra.com\/blog\/#organization"},"image":{"@id":"https:\/\/agenciainfra.com\/blog\/com-pedido-oficial-de-reequilibrio-da-bamin-fiol-1-pode-ir-a-secexconsenso-do-tcu-dizem-fontes\/#primaryimage"},"thumbnailUrl":"https:\/\/agenciainfra.com\/blog\/wp-content\/uploads\/2025\/06\/mineracao-foto-bamin-divulgacao-1.jpg","keywords":["Bamin","compra da bamin","Ferrovia","Fiol 1","reequil\u00edbrio de contrato","SecexConsenso","Sheyla Santos","solu\u00e7\u00e3o consensual","TCU","Vale"],"articleSection":["Destaque lista","Geral","iNFRATransporte"],"inLanguage":"pt-BR","copyrightYear":"2025","copyrightHolder":{"@id":"https:\/\/agenciainfra.com\/blog\/#organization"}},{"@type":"WebPage","@id":"https:\/\/agenciainfra.com\/blog\/com-pedido-oficial-de-reequilibrio-da-bamin-fiol-1-pode-ir-a-secexconsenso-do-tcu-dizem-fontes\/","url":"https:\/\/agenciainfra.com\/blog\/com-pedido-oficial-de-reequilibrio-da-bamin-fiol-1-pode-ir-a-secexconsenso-do-tcu-dizem-fontes\/","name":"Com pedido oficial de reequil\u00edbrio da Bamin, Fiol 1 pode ir \u00e0 SecexConsenso do TCU, dizem fontes - Ag\u00eancia iNFRA","isPartOf":{"@id":"https:\/\/agenciainfra.com\/blog\/#website"},"primaryImageOfPage":{"@id":"https:\/\/agenciainfra.com\/blog\/com-pedido-oficial-de-reequilibrio-da-bamin-fiol-1-pode-ir-a-secexconsenso-do-tcu-dizem-fontes\/#primaryimage"},"image":{"@id":"https:\/\/agenciainfra.com\/blog\/com-pedido-oficial-de-reequilibrio-da-bamin-fiol-1-pode-ir-a-secexconsenso-do-tcu-dizem-fontes\/#primaryimage"},"thumbnailUrl":"https:\/\/agenciainfra.com\/blog\/wp-content\/uploads\/2025\/06\/mineracao-foto-bamin-divulgacao-1.jpg","datePublished":"2025-07-03T13:00:00+00:00","dateModified":"2025-07-04T12:03:46+00:00","breadcrumb":{"@id":"https:\/\/agenciainfra.com\/blog\/com-pedido-oficial-de-reequilibrio-da-bamin-fiol-1-pode-ir-a-secexconsenso-do-tcu-dizem-fontes\/#breadcrumb"},"inLanguage":"pt-BR","potentialAction":[{"@type":"ReadAction","target":["https:\/\/agenciainfra.com\/blog\/com-pedido-oficial-de-reequilibrio-da-bamin-fiol-1-pode-ir-a-secexconsenso-do-tcu-dizem-fontes\/"]}]},{"@type":"ImageObject","inLanguage":"pt-BR","@id":"https:\/\/agenciainfra.com\/blog\/com-pedido-oficial-de-reequilibrio-da-bamin-fiol-1-pode-ir-a-secexconsenso-do-tcu-dizem-fontes\/#primaryimage","url":"https:\/\/agenciainfra.com\/blog\/wp-content\/uploads\/2025\/06\/mineracao-foto-bamin-divulgacao-1.jpg","contentUrl":"https:\/\/agenciainfra.com\/blog\/wp-content\/uploads\/2025\/06\/mineracao-foto-bamin-divulgacao-1.jpg","width":1280,"height":669,"caption":"Foto: Bamin"},{"@type":"BreadcrumbList","@id":"https:\/\/agenciainfra.com\/blog\/com-pedido-oficial-de-reequilibrio-da-bamin-fiol-1-pode-ir-a-secexconsenso-do-tcu-dizem-fontes\/#breadcrumb","itemListElement":[{"@type":"ListItem","position":1,"name":"In\u00edcio","item":"https:\/\/agenciainfra.com\/blog\/"},{"@type":"ListItem","position":2,"name":"Com pedido oficial de reequil\u00edbrio da Bamin, Fiol 1 pode ir \u00e0 SecexConsenso do TCU, dizem fontes"}]},{"@type":"WebSite","@id":"https:\/\/agenciainfra.com\/blog\/#website","url":"https:\/\/agenciainfra.com\/blog\/","name":"Ag\u00eancia iNFRA","description":"Multiplataforma de informa\u00e7\u00e3o jornal\u00edstica refer\u00eancia na \u00e1rea de infraestrutura no Brasil!","publisher":{"@id":"https:\/\/agenciainfra.com\/blog\/#organization"},"potentialAction":[{"@type":"SearchAction","target":{"@type":"EntryPoint","urlTemplate":"https:\/\/agenciainfra.com\/blog\/?s={search_term_string}"},"query-input":{"@type":"PropertyValueSpecification","valueRequired":true,"valueName":"search_term_string"}}],"inLanguage":"pt-BR"},{"@type":"Organization","@id":"https:\/\/agenciainfra.com\/blog\/#organization","name":"Ag\u00eancia iNFRA","url":"https:\/\/agenciainfra.com\/blog\/","logo":{"@type":"ImageObject","inLanguage":"pt-BR","@id":"https:\/\/agenciainfra.com\/blog\/#\/schema\/logo\/image\/","url":"https:\/\/agenciainfra.com\/blog\/wp-content\/uploads\/2023\/09\/iNFRA_5-e1761735885940.png","contentUrl":"https:\/\/agenciainfra.com\/blog\/wp-content\/uploads\/2023\/09\/iNFRA_5-e1761735885940.png","width":1672,"height":454,"caption":"Ag\u00eancia iNFRA"},"image":{"@id":"https:\/\/agenciainfra.com\/blog\/#\/schema\/logo\/image\/"},"sameAs":["https:\/\/www.facebook.com\/ageninfra","https:\/\/x.com\/agencia_infra","https:\/\/www.linkedin.com\/company\/ag\u00eanciainfra\/","https:\/\/www.instagram.com\/agenciainfra\/"]},{"@type":"Person","@id":"https:\/\/agenciainfra.com\/blog\/#\/schema\/person\/34af08dff6adea4cb22b06612ba7acfa","name":"Ag\u00eancia iNFRA","image":{"@type":"ImageObject","inLanguage":"pt-BR","@id":"https:\/\/agenciainfra.com\/blog\/#\/schema\/person\/image\/","url":"https:\/\/secure.gravatar.com\/avatar\/d189e01678f06d8eb84d4e01f08eb848b3fffe3f8443818d3c356c66892f5be8?s=96&d=mm&r=g","contentUrl":"https:\/\/secure.gravatar.com\/avatar\/d189e01678f06d8eb84d4e01f08eb848b3fffe3f8443818d3c356c66892f5be8?s=96&d=mm&r=g","caption":"Ag\u00eancia iNFRA"},"url":"https:\/\/agenciainfra.com\/blog\/author\/admin\/"}]}},"_links":{"self":[{"href":"https:\/\/agenciainfra.com\/blog\/wp-json\/wp\/v2\/posts\/23933","targetHints":{"allow":["GET"]}}],"collection":[{"href":"https:\/\/agenciainfra.com\/blog\/wp-json\/wp\/v2\/posts"}],"about":[{"href":"https:\/\/agenciainfra.com\/blog\/wp-json\/wp\/v2\/types\/post"}],"author":[{"embeddable":true,"href":"https:\/\/agenciainfra.com\/blog\/wp-json\/wp\/v2\/users\/1"}],"replies":[{"embeddable":true,"href":"https:\/\/agenciainfra.com\/blog\/wp-json\/wp\/v2\/comments?post=23933"}],"version-history":[{"count":1,"href":"https:\/\/agenciainfra.com\/blog\/wp-json\/wp\/v2\/posts\/23933\/revisions"}],"predecessor-version":[{"id":23934,"href":"https:\/\/agenciainfra.com\/blog\/wp-json\/wp\/v2\/posts\/23933\/revisions\/23934"}],"wp:featuredmedia":[{"embeddable":true,"href":"https:\/\/agenciainfra.com\/blog\/wp-json\/wp\/v2\/media\/23770"}],"wp:attachment":[{"href":"https:\/\/agenciainfra.com\/blog\/wp-json\/wp\/v2\/media?parent=23933"}],"wp:term":[{"taxonomy":"category","embeddable":true,"href":"https:\/\/agenciainfra.com\/blog\/wp-json\/wp\/v2\/categories?post=23933"},{"taxonomy":"post_tag","embeddable":true,"href":"https:\/\/agenciainfra.com\/blog\/wp-json\/wp\/v2\/tags?post=23933"}],"curies":[{"name":"wp","href":"https:\/\/api.w.org\/{rel}","templated":true}]}}