{"id":23968,"date":"2025-07-02T20:19:36","date_gmt":"2025-07-02T23:19:36","guid":{"rendered":"https:\/\/agenciainfra.com\/blog\/?p=23968"},"modified":"2025-07-03T17:30:27","modified_gmt":"2025-07-03T20:30:27","slug":"tcu-determina-que-anm-feche-o-cerco-contra-lavras-acima-do-tamanho-limite-e-contrabando-de-ouro","status":"publish","type":"post","link":"https:\/\/agenciainfra.com\/blog\/tcu-determina-que-anm-feche-o-cerco-contra-lavras-acima-do-tamanho-limite-e-contrabando-de-ouro\/","title":{"rendered":"TCU determina que ANM feche o cerco contra lavras acima do tamanho limite e contrabando de ouro"},"content":{"rendered":"\n<p class=\"has-text-align-right\"><strong>Gabriel Vasconcelos e Rafael Bitencourt, da Ag\u00eancia iNFRA<\/strong><\/p>\n\n\n\n<p>O TCU (Tribunal de Contas da Uni\u00e3o) determinou nesta quarta-feira (2) que a ANM (Ag\u00eancia Nacional de Minera\u00e7\u00e3o) saneie as irregularidades dos processos de lavra de ouro em \u00e1reas acima do tamanho limite definido em lei, inibindo as atividades de contrabando e lavagem de dinheiro na comercializa\u00e7\u00e3o ilegal do produto. No ac\u00f3rd\u00e3o aprovado, os ministros do tribunal definiram ajustes em procedimentos internos da ag\u00eancia e a amplia\u00e7\u00e3o do monitoramento das atividades exercidas pelo \u00f3rg\u00e3o regulador.<\/p>\n\n\n\n<p>A decis\u00e3o do plen\u00e1rio estabelece que a reguladora instaure procedimentos administrativos, no prazo de at\u00e9 90 dias, para promover o cancelamento de PLGs (Permiss\u00f5es de Lavra Garimpeira) nos casos em que pessoa f\u00edsica e empres\u00e1rio individual atuem em \u00e1reas com dimens\u00e3o total superior ao limite de 50 hectares estabelecido em lei. Tamb\u00e9m devem ser canceladas as permiss\u00f5es em que cooperativa de garimpeiros possua \u00e1reas permissionadas \u00e0 explora\u00e7\u00e3o com dimens\u00e3o total superior ao limite estabelecido em regulamento \u2013 de 1.000 hectares conforme resolu\u00e7\u00e3o da ANM de 2025 \u2013, ou que forem destinadas a efetuar a mudan\u00e7a de regime.<\/p>\n\n\n\n<p>Ainda no mesmo prazo, a ag\u00eancia dever\u00e1 aplicar as san\u00e7\u00f5es aos titulares de permiss\u00e3o de lavra garimpeira que descumprirem obriga\u00e7\u00f5es legais, conforme ac\u00f3rd\u00e3o aprovado sobre o processo relatado pelo ministro Benjamin Zymler.<\/p>\n\n\n\n<p><strong>Informatiza\u00e7\u00e3o<\/strong><br>Ainda, em at\u00e9 180 dias, a ANM dever\u00e1 providenciar a informatiza\u00e7\u00e3o do recibo de venda e declara\u00e7\u00e3o de origem do ouro e do cadastro de identifica\u00e7\u00e3o do vendedor. Isso possibilitar\u00e1 o envio eletr\u00f4nico peri\u00f3dico, pelos adquirentes, de informa\u00e7\u00f5es da prova da regularidade da primeira aquisi\u00e7\u00e3o de ouro.<\/p>\n\n\n\n<p>Em paralelo \u00e0s determina\u00e7\u00f5es, os ministros da Corte de Contas autorizaram a autua\u00e7\u00e3o de processo de acompanhamento para realizar o exame peri\u00f3dico dos procedimentos de outorga e fiscaliza\u00e7\u00e3o realizados pelas superintend\u00eancias da ANM. Este acompanhamento ser\u00e1 realizado at\u00e9 a corre\u00e7\u00e3o das irregularidades constatadas.<\/p>\n\n\n\n<p>Internamente, os ministros do TCU determinaram \u00e0 Segecex (Secretaria-Geral de Controle Externo) que avalie a conveni\u00eancia de ampliar o escopo das an\u00e1lises do mesmo processo, na forma de \u201ca\u00e7\u00e3o de controle que verifique o desempenho de outros atores p\u00fablicos participantes da cadeia de explora\u00e7\u00e3o e comercializa\u00e7\u00e3o do ouro\u201d. O ac\u00f3rd\u00e3o cita o Banco Central e a Receita Federal.<\/p>\n\n\n\n<p><strong>Lavagem de dinheiro<\/strong><br>No plen\u00e1rio, Zymler falou da import\u00e2ncia de se tomar provid\u00eancias no sentido de informatizar o recibo de venda e declara\u00e7\u00e3o da origem do ouro e cadastro de identifica\u00e7\u00e3o do vendedor do produto cobi\u00e7ado por organiza\u00e7\u00f5es criminosas.<\/p>\n\n\n\n<p>\u201cAqui, claramente h\u00e1 um processo em que se demonstra lavagem de dinheiro, ou seja, tentativa de legalizar a comercializa\u00e7\u00e3o de ouro de origem duvidosa e il\u00edcita\u201d, disse Zymler. \u201c\u00c9 mais um processo em que n\u00f3s demonstramos, com enorme clareza, as defici\u00eancias da ANM que afetam pol\u00edticas p\u00fablicas sens\u00edveis e eventualmente t\u00eam repercuss\u00e3o econ\u00f4mica evidente\u201d, acrescentou.<\/p>\n\n\n\n<p><strong>Or\u00e7amento<\/strong><br>O presidente do TCU, ministro Vital do R\u00eago, ressaltou que o ac\u00f3rd\u00e3o em quest\u00e3o \u201cexp\u00f5e as tremendas fragilidades que as ag\u00eancias reguladoras vivem atualmente com redu\u00e7\u00e3o dos seus custeios, redu\u00e7\u00e3o do seu pessoal e com enormes dificuldades de cumprir o seu papel&#8221;. Ele pondera ainda que \u201ctalvez a ANM seja o quadro mais candente desses reflexos desastrosos nas ag\u00eancias reguladoras\u201d.<\/p>\n\n\n\n<p><strong>Arrecada\u00e7\u00e3o<\/strong><br>O ministro Augusto Nardes considera que, se houvesse uma boa governan\u00e7a no setor de minera\u00e7\u00e3o, o governo federal teria condi\u00e7\u00f5es de fazer uma arrecada\u00e7\u00e3o \u201cmuito superior\u201d de tributos, talvez precisasse passar atualmente por um \u201cmomento cr\u00edtico\u201d tendo que recorrer ao aumento do IOF (Imposto sobre Opera\u00e7\u00f5es Financeiras).<\/p>\n\n\n\n<p>\u201cTem pa\u00edses que se equivalem a n\u00f3s e t\u00eam uma arrecada\u00e7\u00e3o muito maior, dez vezes, 20 vezes, 30 vezes maior que o Brasil na parte de minera\u00e7\u00e3o. E n\u00f3s, por incapacidade, com quatro fiscais somente trabalhando, isso \u00e9 um desastre\u201d, queixou-se Nardes. Ele disse que chegou a falar com o ministro da Casa Civil, Rui Costa, mencionou estar estruturando e que vai melhorar as condi\u00e7\u00f5es. No plen\u00e1rio, Nardes disse que boa parte do ouro e do diamante que saem extra\u00eddos das reservas brasileiras \u00e9 comercializada de forma ilegal, \u201cem contrabando\u201d para o exterior.<\/p>\n\n\n\n<p><strong>Minerais estrat\u00e9gicos<\/strong><br>Em refer\u00eancia ao papel estrat\u00e9gico que alguns minerais assumem para economia, o ministro Weder de Oliveira falou da import\u00e2ncia de iniciar uma discuss\u00e3o maior sobre o controle dos recursos minerais no pa\u00eds. \u201cMuitos minerais passam a ter import\u00e2ncia cada vez maior, e a nossa capacidade de controle sobre essa explora\u00e7\u00e3o \u00e9 absolutamente essencial para o futuro\u201d, destacou o ministro.<\/p>\n","protected":false},"excerpt":{"rendered":"<p>Gabriel Vasconcelos e Rafael Bitencourt, da Ag\u00eancia iNFRA O TCU (Tribunal de Contas da Uni\u00e3o) determinou nesta quarta-feira (2) que a ANM (Ag\u00eancia Nacional de Minera\u00e7\u00e3o) saneie as irregularidades dos processos de lavra de ouro em \u00e1reas acima do tamanho limite definido em lei, inibindo as atividades de contrabando e lavagem de dinheiro na comercializa\u00e7\u00e3o [&hellip;]<\/p>\n","protected":false},"author":1,"featured_media":23969,"comment_status":"closed","ping_status":"closed","sticky":false,"template":"","format":"standard","meta":{"_monsterinsights_skip_tracking":false,"_monsterinsights_sitenote_active":false,"_monsterinsights_sitenote_note":"","_monsterinsights_sitenote_category":0,"footnotes":""},"categories":[1,13239],"tags":[840,340,822,490,13251,13813,18,927,860,8373],"class_list":["post-23968","post","type-post","status-publish","format-standard","has-post-thumbnail","hentry","category-geral","category-mineracao","tag-agencia-nacional-de-mineracao","tag-anm","tag-augusto-nardes","tag-benjamin-zymler","tag-gabriel-vasconcelos","tag-rafael-bitencourt","tag-tcu","tag-tribunal-de-contas-da-uniao","tag-vital-do-rego","tag-weder-de-oliveira"],"yoast_head":"<!-- This site is optimized with the Yoast SEO Premium plugin v25.4 (Yoast SEO v26.0) - https:\/\/yoast.com\/wordpress\/plugins\/seo\/ -->\n<title>TCU determina que ANM feche o cerco contra lavras acima do tamanho limite e contrabando de ouro - Ag\u00eancia iNFRA<\/title>\n<meta name=\"robots\" content=\"index, follow, max-snippet:-1, max-image-preview:large, max-video-preview:-1\" \/>\n<link rel=\"canonical\" href=\"https:\/\/agenciainfra.com\/blog\/tcu-determina-que-anm-feche-o-cerco-contra-lavras-acima-do-tamanho-limite-e-contrabando-de-ouro\/\" \/>\n<meta property=\"og:locale\" content=\"pt_BR\" \/>\n<meta property=\"og:type\" content=\"article\" \/>\n<meta property=\"og:title\" content=\"TCU determina que ANM feche o cerco contra lavras acima do tamanho limite e contrabando de ouro\" \/>\n<meta property=\"og:description\" content=\"Gabriel Vasconcelos e Rafael Bitencourt, da Ag\u00eancia iNFRA O TCU (Tribunal de Contas da Uni\u00e3o) determinou nesta quarta-feira (2) que a ANM (Ag\u00eancia Nacional de Minera\u00e7\u00e3o) saneie as irregularidades dos processos de lavra de ouro em \u00e1reas acima do tamanho limite definido em lei, inibindo as atividades de contrabando e lavagem de dinheiro na comercializa\u00e7\u00e3o [&hellip;]\" \/>\n<meta property=\"og:url\" content=\"https:\/\/agenciainfra.com\/blog\/tcu-determina-que-anm-feche-o-cerco-contra-lavras-acima-do-tamanho-limite-e-contrabando-de-ouro\/\" \/>\n<meta property=\"og:site_name\" content=\"Ag\u00eancia iNFRA\" \/>\n<meta property=\"article:publisher\" content=\"https:\/\/www.facebook.com\/ageninfra\" \/>\n<meta property=\"article:published_time\" content=\"2025-07-02T23:19:36+00:00\" \/>\n<meta property=\"article:modified_time\" content=\"2025-07-03T20:30:27+00:00\" \/>\n<meta property=\"og:image\" content=\"https:\/\/agenciainfra.com\/blog\/wp-content\/uploads\/2025\/07\/ouro-mineracao-foto-ibge.jpg\" \/>\n\t<meta property=\"og:image:width\" content=\"1024\" \/>\n\t<meta property=\"og:image:height\" content=\"768\" \/>\n\t<meta property=\"og:image:type\" content=\"image\/jpeg\" \/>\n<meta name=\"author\" content=\"Ag\u00eancia iNFRA\" \/>\n<meta name=\"twitter:card\" content=\"summary_large_image\" \/>\n<meta name=\"twitter:creator\" content=\"@agencia_infra\" \/>\n<meta name=\"twitter:site\" content=\"@agencia_infra\" \/>\n<meta name=\"twitter:label1\" content=\"Escrito por\" \/>\n\t<meta name=\"twitter:data1\" content=\"Ag\u00eancia iNFRA\" \/>\n\t<meta name=\"twitter:label2\" content=\"Est. tempo de leitura\" \/>\n\t<meta name=\"twitter:data2\" content=\"4 minutos\" \/>\n<script type=\"application\/ld+json\" class=\"yoast-schema-graph\">{\"@context\":\"https:\/\/schema.org\",\"@graph\":[{\"@type\":\"Article\",\"@id\":\"https:\/\/agenciainfra.com\/blog\/tcu-determina-que-anm-feche-o-cerco-contra-lavras-acima-do-tamanho-limite-e-contrabando-de-ouro\/#article\",\"isPartOf\":{\"@id\":\"https:\/\/agenciainfra.com\/blog\/tcu-determina-que-anm-feche-o-cerco-contra-lavras-acima-do-tamanho-limite-e-contrabando-de-ouro\/\"},\"author\":{\"name\":\"Ag\u00eancia iNFRA\",\"@id\":\"https:\/\/agenciainfra.com\/blog\/#\/schema\/person\/34af08dff6adea4cb22b06612ba7acfa\"},\"headline\":\"TCU determina que ANM feche o cerco contra lavras acima do tamanho limite e contrabando de ouro\",\"datePublished\":\"2025-07-02T23:19:36+00:00\",\"dateModified\":\"2025-07-03T20:30:27+00:00\",\"mainEntityOfPage\":{\"@id\":\"https:\/\/agenciainfra.com\/blog\/tcu-determina-que-anm-feche-o-cerco-contra-lavras-acima-do-tamanho-limite-e-contrabando-de-ouro\/\"},\"wordCount\":820,\"publisher\":{\"@id\":\"https:\/\/agenciainfra.com\/blog\/#organization\"},\"image\":{\"@id\":\"https:\/\/agenciainfra.com\/blog\/tcu-determina-que-anm-feche-o-cerco-contra-lavras-acima-do-tamanho-limite-e-contrabando-de-ouro\/#primaryimage\"},\"thumbnailUrl\":\"https:\/\/agenciainfra.com\/blog\/wp-content\/uploads\/2025\/07\/ouro-mineracao-foto-ibge-e1776346216929.jpg\",\"keywords\":[\"Ag\u00eancia Nacional de Minera\u00e7\u00e3o\",\"ANM\",\"Augusto Nardes\",\"Benjamin Zymler\",\"Gabriel Vasconcelos\",\"Rafael Bitencourt\",\"TCU\",\"Tribunal de Contas da Uni\u00e3o\",\"Vital do R\u00eago\",\"Weder de Oliveira\"],\"articleSection\":[\"Geral\",\"Minera\u00e7\u00e3o\"],\"inLanguage\":\"pt-BR\",\"copyrightYear\":\"2025\",\"copyrightHolder\":{\"@id\":\"https:\/\/agenciainfra.com\/blog\/#organization\"}},{\"@type\":\"WebPage\",\"@id\":\"https:\/\/agenciainfra.com\/blog\/tcu-determina-que-anm-feche-o-cerco-contra-lavras-acima-do-tamanho-limite-e-contrabando-de-ouro\/\",\"url\":\"https:\/\/agenciainfra.com\/blog\/tcu-determina-que-anm-feche-o-cerco-contra-lavras-acima-do-tamanho-limite-e-contrabando-de-ouro\/\",\"name\":\"TCU determina que ANM feche o cerco contra lavras acima do tamanho limite e contrabando de ouro - Ag\u00eancia iNFRA\",\"isPartOf\":{\"@id\":\"https:\/\/agenciainfra.com\/blog\/#website\"},\"primaryImageOfPage\":{\"@id\":\"https:\/\/agenciainfra.com\/blog\/tcu-determina-que-anm-feche-o-cerco-contra-lavras-acima-do-tamanho-limite-e-contrabando-de-ouro\/#primaryimage\"},\"image\":{\"@id\":\"https:\/\/agenciainfra.com\/blog\/tcu-determina-que-anm-feche-o-cerco-contra-lavras-acima-do-tamanho-limite-e-contrabando-de-ouro\/#primaryimage\"},\"thumbnailUrl\":\"https:\/\/agenciainfra.com\/blog\/wp-content\/uploads\/2025\/07\/ouro-mineracao-foto-ibge-e1776346216929.jpg\",\"datePublished\":\"2025-07-02T23:19:36+00:00\",\"dateModified\":\"2025-07-03T20:30:27+00:00\",\"breadcrumb\":{\"@id\":\"https:\/\/agenciainfra.com\/blog\/tcu-determina-que-anm-feche-o-cerco-contra-lavras-acima-do-tamanho-limite-e-contrabando-de-ouro\/#breadcrumb\"},\"inLanguage\":\"pt-BR\",\"potentialAction\":[{\"@type\":\"ReadAction\",\"target\":[\"https:\/\/agenciainfra.com\/blog\/tcu-determina-que-anm-feche-o-cerco-contra-lavras-acima-do-tamanho-limite-e-contrabando-de-ouro\/\"]}]},{\"@type\":\"ImageObject\",\"inLanguage\":\"pt-BR\",\"@id\":\"https:\/\/agenciainfra.com\/blog\/tcu-determina-que-anm-feche-o-cerco-contra-lavras-acima-do-tamanho-limite-e-contrabando-de-ouro\/#primaryimage\",\"url\":\"https:\/\/agenciainfra.com\/blog\/wp-content\/uploads\/2025\/07\/ouro-mineracao-foto-ibge-e1776346216929.jpg\",\"contentUrl\":\"https:\/\/agenciainfra.com\/blog\/wp-content\/uploads\/2025\/07\/ouro-mineracao-foto-ibge-e1776346216929.jpg\",\"width\":1024,\"height\":643,\"caption\":\"Foto: IBGE\"},{\"@type\":\"BreadcrumbList\",\"@id\":\"https:\/\/agenciainfra.com\/blog\/tcu-determina-que-anm-feche-o-cerco-contra-lavras-acima-do-tamanho-limite-e-contrabando-de-ouro\/#breadcrumb\",\"itemListElement\":[{\"@type\":\"ListItem\",\"position\":1,\"name\":\"In\u00edcio\",\"item\":\"https:\/\/agenciainfra.com\/blog\/\"},{\"@type\":\"ListItem\",\"position\":2,\"name\":\"TCU determina que ANM feche o cerco contra lavras acima do tamanho limite e contrabando de ouro\"}]},{\"@type\":\"WebSite\",\"@id\":\"https:\/\/agenciainfra.com\/blog\/#website\",\"url\":\"https:\/\/agenciainfra.com\/blog\/\",\"name\":\"Ag\u00eancia iNFRA\",\"description\":\"Multiplataforma de informa\u00e7\u00e3o jornal\u00edstica refer\u00eancia na \u00e1rea de infraestrutura no Brasil!\",\"publisher\":{\"@id\":\"https:\/\/agenciainfra.com\/blog\/#organization\"},\"potentialAction\":[{\"@type\":\"SearchAction\",\"target\":{\"@type\":\"EntryPoint\",\"urlTemplate\":\"https:\/\/agenciainfra.com\/blog\/?s={search_term_string}\"},\"query-input\":{\"@type\":\"PropertyValueSpecification\",\"valueRequired\":true,\"valueName\":\"search_term_string\"}}],\"inLanguage\":\"pt-BR\"},{\"@type\":\"Organization\",\"@id\":\"https:\/\/agenciainfra.com\/blog\/#organization\",\"name\":\"Ag\u00eancia iNFRA\",\"url\":\"https:\/\/agenciainfra.com\/blog\/\",\"logo\":{\"@type\":\"ImageObject\",\"inLanguage\":\"pt-BR\",\"@id\":\"https:\/\/agenciainfra.com\/blog\/#\/schema\/logo\/image\/\",\"url\":\"https:\/\/agenciainfra.com\/blog\/wp-content\/uploads\/2023\/09\/iNFRA_5-e1761735885940.png\",\"contentUrl\":\"https:\/\/agenciainfra.com\/blog\/wp-content\/uploads\/2023\/09\/iNFRA_5-e1761735885940.png\",\"width\":1672,\"height\":454,\"caption\":\"Ag\u00eancia iNFRA\"},\"image\":{\"@id\":\"https:\/\/agenciainfra.com\/blog\/#\/schema\/logo\/image\/\"},\"sameAs\":[\"https:\/\/www.facebook.com\/ageninfra\",\"https:\/\/x.com\/agencia_infra\",\"https:\/\/www.linkedin.com\/company\/ag\u00eanciainfra\/\",\"https:\/\/www.instagram.com\/agenciainfra\/\"]},{\"@type\":\"Person\",\"@id\":\"https:\/\/agenciainfra.com\/blog\/#\/schema\/person\/34af08dff6adea4cb22b06612ba7acfa\",\"name\":\"Ag\u00eancia iNFRA\",\"image\":{\"@type\":\"ImageObject\",\"inLanguage\":\"pt-BR\",\"@id\":\"https:\/\/agenciainfra.com\/blog\/#\/schema\/person\/image\/\",\"url\":\"https:\/\/secure.gravatar.com\/avatar\/d189e01678f06d8eb84d4e01f08eb848b3fffe3f8443818d3c356c66892f5be8?s=96&d=mm&r=g\",\"contentUrl\":\"https:\/\/secure.gravatar.com\/avatar\/d189e01678f06d8eb84d4e01f08eb848b3fffe3f8443818d3c356c66892f5be8?s=96&d=mm&r=g\",\"caption\":\"Ag\u00eancia iNFRA\"},\"url\":\"https:\/\/agenciainfra.com\/blog\/author\/admin\/\"}]}<\/script>\n<!-- \/ Yoast SEO Premium plugin. -->","yoast_head_json":{"title":"TCU determina que ANM feche o cerco contra lavras acima do tamanho limite e contrabando de ouro - Ag\u00eancia iNFRA","robots":{"index":"index","follow":"follow","max-snippet":"max-snippet:-1","max-image-preview":"max-image-preview:large","max-video-preview":"max-video-preview:-1"},"canonical":"https:\/\/agenciainfra.com\/blog\/tcu-determina-que-anm-feche-o-cerco-contra-lavras-acima-do-tamanho-limite-e-contrabando-de-ouro\/","og_locale":"pt_BR","og_type":"article","og_title":"TCU determina que ANM feche o cerco contra lavras acima do tamanho limite e contrabando de ouro","og_description":"Gabriel Vasconcelos e Rafael Bitencourt, da Ag\u00eancia iNFRA O TCU (Tribunal de Contas da Uni\u00e3o) determinou nesta quarta-feira (2) que a ANM (Ag\u00eancia Nacional de Minera\u00e7\u00e3o) saneie as irregularidades dos processos de lavra de ouro em \u00e1reas acima do tamanho limite definido em lei, inibindo as atividades de contrabando e lavagem de dinheiro na comercializa\u00e7\u00e3o [&hellip;]","og_url":"https:\/\/agenciainfra.com\/blog\/tcu-determina-que-anm-feche-o-cerco-contra-lavras-acima-do-tamanho-limite-e-contrabando-de-ouro\/","og_site_name":"Ag\u00eancia iNFRA","article_publisher":"https:\/\/www.facebook.com\/ageninfra","article_published_time":"2025-07-02T23:19:36+00:00","article_modified_time":"2025-07-03T20:30:27+00:00","og_image":[{"width":1024,"height":768,"url":"https:\/\/agenciainfra.com\/blog\/wp-content\/uploads\/2025\/07\/ouro-mineracao-foto-ibge.jpg","type":"image\/jpeg"}],"author":"Ag\u00eancia iNFRA","twitter_card":"summary_large_image","twitter_creator":"@agencia_infra","twitter_site":"@agencia_infra","twitter_misc":{"Escrito por":"Ag\u00eancia iNFRA","Est. tempo de leitura":"4 minutos"},"schema":{"@context":"https:\/\/schema.org","@graph":[{"@type":"Article","@id":"https:\/\/agenciainfra.com\/blog\/tcu-determina-que-anm-feche-o-cerco-contra-lavras-acima-do-tamanho-limite-e-contrabando-de-ouro\/#article","isPartOf":{"@id":"https:\/\/agenciainfra.com\/blog\/tcu-determina-que-anm-feche-o-cerco-contra-lavras-acima-do-tamanho-limite-e-contrabando-de-ouro\/"},"author":{"name":"Ag\u00eancia iNFRA","@id":"https:\/\/agenciainfra.com\/blog\/#\/schema\/person\/34af08dff6adea4cb22b06612ba7acfa"},"headline":"TCU determina que ANM feche o cerco contra lavras acima do tamanho limite e contrabando de ouro","datePublished":"2025-07-02T23:19:36+00:00","dateModified":"2025-07-03T20:30:27+00:00","mainEntityOfPage":{"@id":"https:\/\/agenciainfra.com\/blog\/tcu-determina-que-anm-feche-o-cerco-contra-lavras-acima-do-tamanho-limite-e-contrabando-de-ouro\/"},"wordCount":820,"publisher":{"@id":"https:\/\/agenciainfra.com\/blog\/#organization"},"image":{"@id":"https:\/\/agenciainfra.com\/blog\/tcu-determina-que-anm-feche-o-cerco-contra-lavras-acima-do-tamanho-limite-e-contrabando-de-ouro\/#primaryimage"},"thumbnailUrl":"https:\/\/agenciainfra.com\/blog\/wp-content\/uploads\/2025\/07\/ouro-mineracao-foto-ibge-e1776346216929.jpg","keywords":["Ag\u00eancia Nacional de Minera\u00e7\u00e3o","ANM","Augusto Nardes","Benjamin Zymler","Gabriel Vasconcelos","Rafael Bitencourt","TCU","Tribunal de Contas da Uni\u00e3o","Vital do R\u00eago","Weder de Oliveira"],"articleSection":["Geral","Minera\u00e7\u00e3o"],"inLanguage":"pt-BR","copyrightYear":"2025","copyrightHolder":{"@id":"https:\/\/agenciainfra.com\/blog\/#organization"}},{"@type":"WebPage","@id":"https:\/\/agenciainfra.com\/blog\/tcu-determina-que-anm-feche-o-cerco-contra-lavras-acima-do-tamanho-limite-e-contrabando-de-ouro\/","url":"https:\/\/agenciainfra.com\/blog\/tcu-determina-que-anm-feche-o-cerco-contra-lavras-acima-do-tamanho-limite-e-contrabando-de-ouro\/","name":"TCU determina que ANM feche o cerco contra lavras acima do tamanho limite e contrabando de ouro - Ag\u00eancia iNFRA","isPartOf":{"@id":"https:\/\/agenciainfra.com\/blog\/#website"},"primaryImageOfPage":{"@id":"https:\/\/agenciainfra.com\/blog\/tcu-determina-que-anm-feche-o-cerco-contra-lavras-acima-do-tamanho-limite-e-contrabando-de-ouro\/#primaryimage"},"image":{"@id":"https:\/\/agenciainfra.com\/blog\/tcu-determina-que-anm-feche-o-cerco-contra-lavras-acima-do-tamanho-limite-e-contrabando-de-ouro\/#primaryimage"},"thumbnailUrl":"https:\/\/agenciainfra.com\/blog\/wp-content\/uploads\/2025\/07\/ouro-mineracao-foto-ibge-e1776346216929.jpg","datePublished":"2025-07-02T23:19:36+00:00","dateModified":"2025-07-03T20:30:27+00:00","breadcrumb":{"@id":"https:\/\/agenciainfra.com\/blog\/tcu-determina-que-anm-feche-o-cerco-contra-lavras-acima-do-tamanho-limite-e-contrabando-de-ouro\/#breadcrumb"},"inLanguage":"pt-BR","potentialAction":[{"@type":"ReadAction","target":["https:\/\/agenciainfra.com\/blog\/tcu-determina-que-anm-feche-o-cerco-contra-lavras-acima-do-tamanho-limite-e-contrabando-de-ouro\/"]}]},{"@type":"ImageObject","inLanguage":"pt-BR","@id":"https:\/\/agenciainfra.com\/blog\/tcu-determina-que-anm-feche-o-cerco-contra-lavras-acima-do-tamanho-limite-e-contrabando-de-ouro\/#primaryimage","url":"https:\/\/agenciainfra.com\/blog\/wp-content\/uploads\/2025\/07\/ouro-mineracao-foto-ibge-e1776346216929.jpg","contentUrl":"https:\/\/agenciainfra.com\/blog\/wp-content\/uploads\/2025\/07\/ouro-mineracao-foto-ibge-e1776346216929.jpg","width":1024,"height":643,"caption":"Foto: IBGE"},{"@type":"BreadcrumbList","@id":"https:\/\/agenciainfra.com\/blog\/tcu-determina-que-anm-feche-o-cerco-contra-lavras-acima-do-tamanho-limite-e-contrabando-de-ouro\/#breadcrumb","itemListElement":[{"@type":"ListItem","position":1,"name":"In\u00edcio","item":"https:\/\/agenciainfra.com\/blog\/"},{"@type":"ListItem","position":2,"name":"TCU determina que ANM feche o cerco contra lavras acima do tamanho limite e contrabando de ouro"}]},{"@type":"WebSite","@id":"https:\/\/agenciainfra.com\/blog\/#website","url":"https:\/\/agenciainfra.com\/blog\/","name":"Ag\u00eancia iNFRA","description":"Multiplataforma de informa\u00e7\u00e3o jornal\u00edstica refer\u00eancia na \u00e1rea de infraestrutura no Brasil!","publisher":{"@id":"https:\/\/agenciainfra.com\/blog\/#organization"},"potentialAction":[{"@type":"SearchAction","target":{"@type":"EntryPoint","urlTemplate":"https:\/\/agenciainfra.com\/blog\/?s={search_term_string}"},"query-input":{"@type":"PropertyValueSpecification","valueRequired":true,"valueName":"search_term_string"}}],"inLanguage":"pt-BR"},{"@type":"Organization","@id":"https:\/\/agenciainfra.com\/blog\/#organization","name":"Ag\u00eancia iNFRA","url":"https:\/\/agenciainfra.com\/blog\/","logo":{"@type":"ImageObject","inLanguage":"pt-BR","@id":"https:\/\/agenciainfra.com\/blog\/#\/schema\/logo\/image\/","url":"https:\/\/agenciainfra.com\/blog\/wp-content\/uploads\/2023\/09\/iNFRA_5-e1761735885940.png","contentUrl":"https:\/\/agenciainfra.com\/blog\/wp-content\/uploads\/2023\/09\/iNFRA_5-e1761735885940.png","width":1672,"height":454,"caption":"Ag\u00eancia iNFRA"},"image":{"@id":"https:\/\/agenciainfra.com\/blog\/#\/schema\/logo\/image\/"},"sameAs":["https:\/\/www.facebook.com\/ageninfra","https:\/\/x.com\/agencia_infra","https:\/\/www.linkedin.com\/company\/ag\u00eanciainfra\/","https:\/\/www.instagram.com\/agenciainfra\/"]},{"@type":"Person","@id":"https:\/\/agenciainfra.com\/blog\/#\/schema\/person\/34af08dff6adea4cb22b06612ba7acfa","name":"Ag\u00eancia iNFRA","image":{"@type":"ImageObject","inLanguage":"pt-BR","@id":"https:\/\/agenciainfra.com\/blog\/#\/schema\/person\/image\/","url":"https:\/\/secure.gravatar.com\/avatar\/d189e01678f06d8eb84d4e01f08eb848b3fffe3f8443818d3c356c66892f5be8?s=96&d=mm&r=g","contentUrl":"https:\/\/secure.gravatar.com\/avatar\/d189e01678f06d8eb84d4e01f08eb848b3fffe3f8443818d3c356c66892f5be8?s=96&d=mm&r=g","caption":"Ag\u00eancia iNFRA"},"url":"https:\/\/agenciainfra.com\/blog\/author\/admin\/"}]}},"_links":{"self":[{"href":"https:\/\/agenciainfra.com\/blog\/wp-json\/wp\/v2\/posts\/23968","targetHints":{"allow":["GET"]}}],"collection":[{"href":"https:\/\/agenciainfra.com\/blog\/wp-json\/wp\/v2\/posts"}],"about":[{"href":"https:\/\/agenciainfra.com\/blog\/wp-json\/wp\/v2\/types\/post"}],"author":[{"embeddable":true,"href":"https:\/\/agenciainfra.com\/blog\/wp-json\/wp\/v2\/users\/1"}],"replies":[{"embeddable":true,"href":"https:\/\/agenciainfra.com\/blog\/wp-json\/wp\/v2\/comments?post=23968"}],"version-history":[{"count":2,"href":"https:\/\/agenciainfra.com\/blog\/wp-json\/wp\/v2\/posts\/23968\/revisions"}],"predecessor-version":[{"id":23971,"href":"https:\/\/agenciainfra.com\/blog\/wp-json\/wp\/v2\/posts\/23968\/revisions\/23971"}],"wp:featuredmedia":[{"embeddable":true,"href":"https:\/\/agenciainfra.com\/blog\/wp-json\/wp\/v2\/media\/23969"}],"wp:attachment":[{"href":"https:\/\/agenciainfra.com\/blog\/wp-json\/wp\/v2\/media?parent=23968"}],"wp:term":[{"taxonomy":"category","embeddable":true,"href":"https:\/\/agenciainfra.com\/blog\/wp-json\/wp\/v2\/categories?post=23968"},{"taxonomy":"post_tag","embeddable":true,"href":"https:\/\/agenciainfra.com\/blog\/wp-json\/wp\/v2\/tags?post=23968"}],"curies":[{"name":"wp","href":"https:\/\/api.w.org\/{rel}","templated":true}]}}