{"id":23978,"date":"2025-07-03T10:00:00","date_gmt":"2025-07-03T13:00:00","guid":{"rendered":"https:\/\/agenciainfra.com\/blog\/?p=23978"},"modified":"2025-07-04T09:03:56","modified_gmt":"2025-07-04T12:03:56","slug":"governo-precisa-ser-agnostico-sobre-tecnologia-ao-definir-regras-do-lrcap-diz-diretor-da-huawei-digital-power","status":"publish","type":"post","link":"https:\/\/agenciainfra.com\/blog\/governo-precisa-ser-agnostico-sobre-tecnologia-ao-definir-regras-do-lrcap-diz-diretor-da-huawei-digital-power\/","title":{"rendered":"Governo precisa &#8216;ser agn\u00f3stico&#8217; sobre tecnologia ao definir regras do LRCAP, diz diretor da Huawei Digital Power"},"content":{"rendered":"\n<p class=\"has-text-align-right\"><strong>Rafael Bitencourt, da Ag\u00eancia iNFRA*<\/strong><\/p>\n\n\n\n<p>A Huawei Digital Power defende que o governo precisa \u201cser agn\u00f3stico em rela\u00e7\u00e3o \u00e0 tecnologia\u201d, entre os diferentes sistemas que poder\u00e3o agregar pot\u00eancia ao sistema el\u00e9trico brasileiro, ao definir as regras do LRCAP (Leil\u00e3o de Reserva de Capacidade na forma de Pot\u00eancia). Em entrevista \u00e0\u00a0<strong>Ag\u00eancia iNFRA<\/strong>, Roberto Valer, diretor de tecnologia da gigante chinesa, afirma que o certame \u00e9 grande oportunidade para o pa\u00eds descarbonizar sua matriz incluindo as baterias na disputa, sem privilegiar a contrata\u00e7\u00e3o de t\u00e9rmicas.<br><br>\u201cHoje, o ONS [Operador Nacional do Sistema El\u00e9trico] j\u00e1 indicou a necessidade de contratar pot\u00eancia para os pr\u00f3ximos anos e est\u00e1 privilegiando as t\u00e9rmicas. Nada contra essa tecnologia, mas o governo tem que ser agn\u00f3stico em rela\u00e7\u00e3o \u00e0 tecnologia\u201d, afirmou o executivo. \u201cSe a gente quer continuar descarbonizando nossa matriz energ\u00e9tica, precisamos come\u00e7ar a apostar em outro tipo de tecnologias, entre elas as baterias e usinas hidrel\u00e9tricas revers\u00edveis\u201d, acrescentou.<br><br>Para Valer, os produtos de energia devem ser colocados em disputa no leil\u00e3o \u201ccada um com seus benef\u00edcios e malef\u00edcios oferecidos \u00e0 rede\u201d. Nesse sentido, o potencial de emiss\u00e3o de CO2, disse ele, deve ser considerado.<br><br>O diretor da empresa conversou com a\u00a0<strong>Ag\u00eancia iNFRA<\/strong>\u00a0na \u00faltima ter\u00e7a-feira (1\u00ba), durante o evento \u201cHuawei \u2013 O Futuro da Energia\u201d, realizado em S\u00e3o Paulo. Ele afirmou que a falta de regula\u00e7\u00e3o de mercado de armazenamento de energia, por meio de baterias, tem inibido a expans\u00e3o do setor no Brasil.<br><br>O governo chegou a lan\u00e7ar as diretrizes para o LRCAP que seria realizado em meados deste ano. Por\u00e9m, as inconsist\u00eancias nas regras geraram questionamentos, especialmente entre os geradores t\u00e9rmicos a g\u00e1s e biocombust\u00edvel, o que levou a um recuo por parte do governo.<br><br>Durante as discuss\u00f5es, o MME (Minist\u00e9rio de Minas e Energia) j\u00e1 considerava fazer, em paralelo, a contrata\u00e7\u00e3o de reserva de capacidade, por meio de sistemas de baterias, em outro certame. As duas disputas ainda est\u00e3o sem datas definidas.<br><br><strong>Modelos de contrata\u00e7\u00e3o<\/strong><br>De acordo com o diretor da Huawei Digital Power, desde a realiza\u00e7\u00e3o da consulta p\u00fablica sobre a contrata\u00e7\u00e3o de sistemas de armazenamento, algumas defini\u00e7\u00f5es ficaram em aberto. Na entrevista, ele citou ao menos quatro delas.<br><br>A primeira defini\u00e7\u00e3o est\u00e1 relacionada ao par\u00e2metro locacional. \u201c\u00c9 preciso saber se a necessidade das baterias s\u00e3o sist\u00eamicas ou locacionais. \u00c9 saber, por exemplo, se as baterias ser\u00e3o colocadas l\u00e1 no Amap\u00e1, no Acre, ou precisam estar pr\u00f3ximas dos centros consumidores ou dos centros de gera\u00e7\u00e3o\u201d, disse Valer.<br><br>Outro aspecto \u00e9 se o projeto de armazenamento vai funcionar exclusivamente com baterias, chamado \u201cstandalone\u201d, ou operar em infraestrutura compartilhada com sistemas de gera\u00e7\u00e3o, como usinas e\u00f3licas, solar ou hidroel\u00e9tricas.<br><br>A terceira defini\u00e7\u00e3o aguardada, segundo o diretor da Digital Power, \u00e9 o tipo de outorga. \u201cA bateria, de certa maneira, n\u00e3o gera energia, mas atua como um gerador injetando energia na rede e, ao mesmo tempo, precisa ser carregada, atuando com um elemento de carga\u201d, explicou Valer. Segundo ele, na consulta p\u00fablica do MME, o governo criou a figura de \u201cprodutor independente\u201d, mas sem deixar claro se essa op\u00e7\u00e3o seria usada no LRCAP, o que o executivo classifica como fundamental para definir o \u201ccusto operativo\u201d.<br><br>Um quarto e \u00faltimo ponto citado \u00e9 a possibilidade de \u201cempilhamento de servi\u00e7os auxiliares\u201d. Valer contou que existe a possibilidade de, n\u00e3o necessariamente nos primeiros anos, o Brasil poder\u00a0oferecer uma remunera\u00e7\u00e3o adicional, al\u00e9m da receita principal atrelada ao despacho de pot\u00eancia. \u201cEsses servi\u00e7os auxiliares podem, justamente, ter um custo marginal e ser oferecido para a rede de maneira competitiva\u201d, destacou.<br><br><strong>Evolu\u00e7\u00e3o tecnol\u00f3gica contra o \u2018curtailment\u2019<\/strong><br>O executivo do grupo chin\u00eas afirmou que as tecnologias associadas aos sistemas de armazenamento t\u00eam evolu\u00eddo e apresentado respostas a um dos principais desafios enfrentados pelo setor, os cortes de gera\u00e7\u00e3o renov\u00e1vel \u2013 o \u201ccurtailment\u201d.<br><br>\u201cObviamente que o produto pot\u00eancia \u00e9 o principal, mas hoje o governo tem uma oportunidade de, a exemplo de outros pa\u00edses, n\u00e3o somente aproveitar essa pot\u00eancia, e sim conseguir usufruir mais benef\u00edcios das baterias\u201d, destacou o diretor de tecnologia da Huawei Digital Power.<br><br>O executivo informou que os novos inversores de pot\u00eancia, no modelo \u2018Grid Forming\u2019, t\u00eam oferecido maior estabilidade \u00e0s redes que operam com grande fluxo de energia de fonte renov\u00e1vel, como e\u00f3lica e solar, o que j\u00e1 come\u00e7ou a ser difundido na Inglaterra, na Austr\u00e1lia, na China e no Chile. \u201cO Brasil pode tamb\u00e9m seguir esse modelo, tropicalizando, adaptando para o nosso contexto e principalmente contribuindo com a estabilidade da rede e mitigando riscos de futuros apag\u00f5es\u201d, disse Valer.<br><br><strong>Expans\u00e3o global vs. nacional<\/strong><br>Durante o evento \u201cHuawei \u2013 O Futuro da Energia\u201d, realizado em S\u00e3o Paulo, o CEO da consultoria Greener, M\u00e1rcio Takata, informou que os sistemas de armazenamento de energia por meio de baterias devem fechar o ano de 2025 com a capacidade instalada de 200 GW (gigawatts). Segundo ele, o Brasil dever\u00e1 responder por 0,5% deste volume no mesmo per\u00edodo.<br><br><em><sup>*O rep\u00f3rter viajou a convite da Huawei Digital Power.<\/sup><\/em><\/p>\n\n\n\n<p><\/p>\n","protected":false},"excerpt":{"rendered":"<p>Rafael Bitencourt, da Ag\u00eancia iNFRA* A Huawei Digital Power defende que o governo precisa \u201cser agn\u00f3stico em rela\u00e7\u00e3o \u00e0 tecnologia\u201d, entre os diferentes sistemas que poder\u00e3o agregar pot\u00eancia ao sistema el\u00e9trico brasileiro, ao definir as regras do LRCAP (Leil\u00e3o de Reserva de Capacidade na forma de Pot\u00eancia). Em entrevista \u00e0\u00a0Ag\u00eancia iNFRA, Roberto Valer, diretor de [&hellip;]<\/p>\n","protected":false},"author":1,"featured_media":23979,"comment_status":"closed","ping_status":"closed","sticky":false,"template":"","format":"standard","meta":{"_monsterinsights_skip_tracking":false,"_monsterinsights_sitenote_active":false,"_monsterinsights_sitenote_note":"","_monsterinsights_sitenote_category":0,"footnotes":""},"categories":[7250,1,10],"tags":[11474,14159,14129,4912,12187,9822,13813,14158],"class_list":["post-23978","post","type-post","status-publish","format-standard","has-post-thumbnail","hentry","category-destaque-lista","category-geral","category-infraenergia","tag-curtailment","tag-futuro-da-energia","tag-huawei","tag-leilao-de-energia","tag-leilao-de-potencia","tag-lrcap","tag-rafael-bitencourt","tag-roberto-valer-huawei"],"yoast_head":"<!-- This site is optimized with the Yoast SEO Premium plugin v25.4 (Yoast SEO v26.0) - https:\/\/yoast.com\/wordpress\/plugins\/seo\/ -->\n<title>Governo precisa &#039;ser agn\u00f3stico&#039; sobre tecnologia ao definir regras do LRCAP, diz diretor da Huawei Digital Power - Ag\u00eancia iNFRA<\/title>\n<meta name=\"robots\" content=\"index, follow, max-snippet:-1, max-image-preview:large, max-video-preview:-1\" \/>\n<link rel=\"canonical\" href=\"https:\/\/agenciainfra.com\/blog\/governo-precisa-ser-agnostico-sobre-tecnologia-ao-definir-regras-do-lrcap-diz-diretor-da-huawei-digital-power\/\" \/>\n<meta property=\"og:locale\" content=\"pt_BR\" \/>\n<meta property=\"og:type\" content=\"article\" \/>\n<meta property=\"og:title\" content=\"Governo precisa &#039;ser agn\u00f3stico&#039; sobre tecnologia ao definir regras do LRCAP, diz diretor da Huawei Digital Power\" \/>\n<meta property=\"og:description\" content=\"Rafael Bitencourt, da Ag\u00eancia iNFRA* A Huawei Digital Power defende que o governo precisa \u201cser agn\u00f3stico em rela\u00e7\u00e3o \u00e0 tecnologia\u201d, entre os diferentes sistemas que poder\u00e3o agregar pot\u00eancia ao sistema el\u00e9trico brasileiro, ao definir as regras do LRCAP (Leil\u00e3o de Reserva de Capacidade na forma de Pot\u00eancia). Em entrevista \u00e0\u00a0Ag\u00eancia iNFRA, Roberto Valer, diretor de [&hellip;]\" \/>\n<meta property=\"og:url\" content=\"https:\/\/agenciainfra.com\/blog\/governo-precisa-ser-agnostico-sobre-tecnologia-ao-definir-regras-do-lrcap-diz-diretor-da-huawei-digital-power\/\" \/>\n<meta property=\"og:site_name\" content=\"Ag\u00eancia iNFRA\" \/>\n<meta property=\"article:publisher\" content=\"https:\/\/www.facebook.com\/ageninfra\" \/>\n<meta property=\"article:published_time\" content=\"2025-07-03T13:00:00+00:00\" \/>\n<meta property=\"article:modified_time\" content=\"2025-07-04T12:03:56+00:00\" \/>\n<meta property=\"og:image\" content=\"https:\/\/agenciainfra.com\/blog\/wp-content\/uploads\/2025\/07\/Roberto_valer_huawei-foto-rafael_bitencourt_ag.infra_.jpg\" \/>\n\t<meta property=\"og:image:width\" content=\"1280\" \/>\n\t<meta property=\"og:image:height\" content=\"795\" \/>\n\t<meta property=\"og:image:type\" content=\"image\/jpeg\" \/>\n<meta name=\"author\" content=\"Ag\u00eancia iNFRA\" \/>\n<meta name=\"twitter:card\" content=\"summary_large_image\" \/>\n<meta name=\"twitter:creator\" content=\"@agencia_infra\" \/>\n<meta name=\"twitter:site\" content=\"@agencia_infra\" \/>\n<meta name=\"twitter:label1\" content=\"Escrito por\" \/>\n\t<meta name=\"twitter:data1\" content=\"Ag\u00eancia iNFRA\" \/>\n\t<meta name=\"twitter:label2\" content=\"Est. tempo de leitura\" \/>\n\t<meta name=\"twitter:data2\" content=\"4 minutos\" \/>\n<script type=\"application\/ld+json\" class=\"yoast-schema-graph\">{\"@context\":\"https:\/\/schema.org\",\"@graph\":[{\"@type\":\"Article\",\"@id\":\"https:\/\/agenciainfra.com\/blog\/governo-precisa-ser-agnostico-sobre-tecnologia-ao-definir-regras-do-lrcap-diz-diretor-da-huawei-digital-power\/#article\",\"isPartOf\":{\"@id\":\"https:\/\/agenciainfra.com\/blog\/governo-precisa-ser-agnostico-sobre-tecnologia-ao-definir-regras-do-lrcap-diz-diretor-da-huawei-digital-power\/\"},\"author\":{\"name\":\"Ag\u00eancia iNFRA\",\"@id\":\"https:\/\/agenciainfra.com\/blog\/#\/schema\/person\/34af08dff6adea4cb22b06612ba7acfa\"},\"headline\":\"Governo precisa &#8216;ser agn\u00f3stico&#8217; sobre tecnologia ao definir regras do LRCAP, diz diretor da Huawei Digital Power\",\"datePublished\":\"2025-07-03T13:00:00+00:00\",\"dateModified\":\"2025-07-04T12:03:56+00:00\",\"mainEntityOfPage\":{\"@id\":\"https:\/\/agenciainfra.com\/blog\/governo-precisa-ser-agnostico-sobre-tecnologia-ao-definir-regras-do-lrcap-diz-diretor-da-huawei-digital-power\/\"},\"wordCount\":907,\"publisher\":{\"@id\":\"https:\/\/agenciainfra.com\/blog\/#organization\"},\"image\":{\"@id\":\"https:\/\/agenciainfra.com\/blog\/governo-precisa-ser-agnostico-sobre-tecnologia-ao-definir-regras-do-lrcap-diz-diretor-da-huawei-digital-power\/#primaryimage\"},\"thumbnailUrl\":\"https:\/\/agenciainfra.com\/blog\/wp-content\/uploads\/2025\/07\/Roberto_valer_huawei-foto-rafael_bitencourt_ag.infra_.jpg\",\"keywords\":[\"curtailment\",\"futuro da energia\",\"Huawei\",\"leil\u00e3o de energia\",\"Leil\u00e3o de pot\u00eancia\",\"LRCAP\",\"Rafael Bitencourt\",\"roberto valer huawei\"],\"articleSection\":[\"Destaque lista\",\"Geral\",\"iNFRAEnergia\"],\"inLanguage\":\"pt-BR\",\"copyrightYear\":\"2025\",\"copyrightHolder\":{\"@id\":\"https:\/\/agenciainfra.com\/blog\/#organization\"}},{\"@type\":\"WebPage\",\"@id\":\"https:\/\/agenciainfra.com\/blog\/governo-precisa-ser-agnostico-sobre-tecnologia-ao-definir-regras-do-lrcap-diz-diretor-da-huawei-digital-power\/\",\"url\":\"https:\/\/agenciainfra.com\/blog\/governo-precisa-ser-agnostico-sobre-tecnologia-ao-definir-regras-do-lrcap-diz-diretor-da-huawei-digital-power\/\",\"name\":\"Governo precisa 'ser agn\u00f3stico' sobre tecnologia ao definir regras do LRCAP, diz diretor da Huawei Digital Power - Ag\u00eancia iNFRA\",\"isPartOf\":{\"@id\":\"https:\/\/agenciainfra.com\/blog\/#website\"},\"primaryImageOfPage\":{\"@id\":\"https:\/\/agenciainfra.com\/blog\/governo-precisa-ser-agnostico-sobre-tecnologia-ao-definir-regras-do-lrcap-diz-diretor-da-huawei-digital-power\/#primaryimage\"},\"image\":{\"@id\":\"https:\/\/agenciainfra.com\/blog\/governo-precisa-ser-agnostico-sobre-tecnologia-ao-definir-regras-do-lrcap-diz-diretor-da-huawei-digital-power\/#primaryimage\"},\"thumbnailUrl\":\"https:\/\/agenciainfra.com\/blog\/wp-content\/uploads\/2025\/07\/Roberto_valer_huawei-foto-rafael_bitencourt_ag.infra_.jpg\",\"datePublished\":\"2025-07-03T13:00:00+00:00\",\"dateModified\":\"2025-07-04T12:03:56+00:00\",\"breadcrumb\":{\"@id\":\"https:\/\/agenciainfra.com\/blog\/governo-precisa-ser-agnostico-sobre-tecnologia-ao-definir-regras-do-lrcap-diz-diretor-da-huawei-digital-power\/#breadcrumb\"},\"inLanguage\":\"pt-BR\",\"potentialAction\":[{\"@type\":\"ReadAction\",\"target\":[\"https:\/\/agenciainfra.com\/blog\/governo-precisa-ser-agnostico-sobre-tecnologia-ao-definir-regras-do-lrcap-diz-diretor-da-huawei-digital-power\/\"]}]},{\"@type\":\"ImageObject\",\"inLanguage\":\"pt-BR\",\"@id\":\"https:\/\/agenciainfra.com\/blog\/governo-precisa-ser-agnostico-sobre-tecnologia-ao-definir-regras-do-lrcap-diz-diretor-da-huawei-digital-power\/#primaryimage\",\"url\":\"https:\/\/agenciainfra.com\/blog\/wp-content\/uploads\/2025\/07\/Roberto_valer_huawei-foto-rafael_bitencourt_ag.infra_.jpg\",\"contentUrl\":\"https:\/\/agenciainfra.com\/blog\/wp-content\/uploads\/2025\/07\/Roberto_valer_huawei-foto-rafael_bitencourt_ag.infra_.jpg\",\"width\":1280,\"height\":795,\"caption\":\"Foto: Rafael Bitencourt\/Ag\u00eancia iNFRA\"},{\"@type\":\"BreadcrumbList\",\"@id\":\"https:\/\/agenciainfra.com\/blog\/governo-precisa-ser-agnostico-sobre-tecnologia-ao-definir-regras-do-lrcap-diz-diretor-da-huawei-digital-power\/#breadcrumb\",\"itemListElement\":[{\"@type\":\"ListItem\",\"position\":1,\"name\":\"In\u00edcio\",\"item\":\"https:\/\/agenciainfra.com\/blog\/\"},{\"@type\":\"ListItem\",\"position\":2,\"name\":\"Governo precisa &#8216;ser agn\u00f3stico&#8217; sobre tecnologia ao definir regras do LRCAP, diz diretor da Huawei Digital Power\"}]},{\"@type\":\"WebSite\",\"@id\":\"https:\/\/agenciainfra.com\/blog\/#website\",\"url\":\"https:\/\/agenciainfra.com\/blog\/\",\"name\":\"Ag\u00eancia iNFRA\",\"description\":\"Multiplataforma de informa\u00e7\u00e3o jornal\u00edstica refer\u00eancia na \u00e1rea de infraestrutura no Brasil!\",\"publisher\":{\"@id\":\"https:\/\/agenciainfra.com\/blog\/#organization\"},\"potentialAction\":[{\"@type\":\"SearchAction\",\"target\":{\"@type\":\"EntryPoint\",\"urlTemplate\":\"https:\/\/agenciainfra.com\/blog\/?s={search_term_string}\"},\"query-input\":{\"@type\":\"PropertyValueSpecification\",\"valueRequired\":true,\"valueName\":\"search_term_string\"}}],\"inLanguage\":\"pt-BR\"},{\"@type\":\"Organization\",\"@id\":\"https:\/\/agenciainfra.com\/blog\/#organization\",\"name\":\"Ag\u00eancia iNFRA\",\"url\":\"https:\/\/agenciainfra.com\/blog\/\",\"logo\":{\"@type\":\"ImageObject\",\"inLanguage\":\"pt-BR\",\"@id\":\"https:\/\/agenciainfra.com\/blog\/#\/schema\/logo\/image\/\",\"url\":\"https:\/\/agenciainfra.com\/blog\/wp-content\/uploads\/2023\/09\/iNFRA_5-e1761735885940.png\",\"contentUrl\":\"https:\/\/agenciainfra.com\/blog\/wp-content\/uploads\/2023\/09\/iNFRA_5-e1761735885940.png\",\"width\":1672,\"height\":454,\"caption\":\"Ag\u00eancia iNFRA\"},\"image\":{\"@id\":\"https:\/\/agenciainfra.com\/blog\/#\/schema\/logo\/image\/\"},\"sameAs\":[\"https:\/\/www.facebook.com\/ageninfra\",\"https:\/\/x.com\/agencia_infra\",\"https:\/\/www.linkedin.com\/company\/ag\u00eanciainfra\/\",\"https:\/\/www.instagram.com\/agenciainfra\/\"]},{\"@type\":\"Person\",\"@id\":\"https:\/\/agenciainfra.com\/blog\/#\/schema\/person\/34af08dff6adea4cb22b06612ba7acfa\",\"name\":\"Ag\u00eancia iNFRA\",\"image\":{\"@type\":\"ImageObject\",\"inLanguage\":\"pt-BR\",\"@id\":\"https:\/\/agenciainfra.com\/blog\/#\/schema\/person\/image\/\",\"url\":\"https:\/\/secure.gravatar.com\/avatar\/d189e01678f06d8eb84d4e01f08eb848b3fffe3f8443818d3c356c66892f5be8?s=96&d=mm&r=g\",\"contentUrl\":\"https:\/\/secure.gravatar.com\/avatar\/d189e01678f06d8eb84d4e01f08eb848b3fffe3f8443818d3c356c66892f5be8?s=96&d=mm&r=g\",\"caption\":\"Ag\u00eancia iNFRA\"},\"url\":\"https:\/\/agenciainfra.com\/blog\/author\/admin\/\"}]}<\/script>\n<!-- \/ Yoast SEO Premium plugin. -->","yoast_head_json":{"title":"Governo precisa 'ser agn\u00f3stico' sobre tecnologia ao definir regras do LRCAP, diz diretor da Huawei Digital Power - Ag\u00eancia iNFRA","robots":{"index":"index","follow":"follow","max-snippet":"max-snippet:-1","max-image-preview":"max-image-preview:large","max-video-preview":"max-video-preview:-1"},"canonical":"https:\/\/agenciainfra.com\/blog\/governo-precisa-ser-agnostico-sobre-tecnologia-ao-definir-regras-do-lrcap-diz-diretor-da-huawei-digital-power\/","og_locale":"pt_BR","og_type":"article","og_title":"Governo precisa 'ser agn\u00f3stico' sobre tecnologia ao definir regras do LRCAP, diz diretor da Huawei Digital Power","og_description":"Rafael Bitencourt, da Ag\u00eancia iNFRA* A Huawei Digital Power defende que o governo precisa \u201cser agn\u00f3stico em rela\u00e7\u00e3o \u00e0 tecnologia\u201d, entre os diferentes sistemas que poder\u00e3o agregar pot\u00eancia ao sistema el\u00e9trico brasileiro, ao definir as regras do LRCAP (Leil\u00e3o de Reserva de Capacidade na forma de Pot\u00eancia). Em entrevista \u00e0\u00a0Ag\u00eancia iNFRA, Roberto Valer, diretor de [&hellip;]","og_url":"https:\/\/agenciainfra.com\/blog\/governo-precisa-ser-agnostico-sobre-tecnologia-ao-definir-regras-do-lrcap-diz-diretor-da-huawei-digital-power\/","og_site_name":"Ag\u00eancia iNFRA","article_publisher":"https:\/\/www.facebook.com\/ageninfra","article_published_time":"2025-07-03T13:00:00+00:00","article_modified_time":"2025-07-04T12:03:56+00:00","og_image":[{"width":1280,"height":795,"url":"https:\/\/agenciainfra.com\/blog\/wp-content\/uploads\/2025\/07\/Roberto_valer_huawei-foto-rafael_bitencourt_ag.infra_.jpg","type":"image\/jpeg"}],"author":"Ag\u00eancia iNFRA","twitter_card":"summary_large_image","twitter_creator":"@agencia_infra","twitter_site":"@agencia_infra","twitter_misc":{"Escrito por":"Ag\u00eancia iNFRA","Est. tempo de leitura":"4 minutos"},"schema":{"@context":"https:\/\/schema.org","@graph":[{"@type":"Article","@id":"https:\/\/agenciainfra.com\/blog\/governo-precisa-ser-agnostico-sobre-tecnologia-ao-definir-regras-do-lrcap-diz-diretor-da-huawei-digital-power\/#article","isPartOf":{"@id":"https:\/\/agenciainfra.com\/blog\/governo-precisa-ser-agnostico-sobre-tecnologia-ao-definir-regras-do-lrcap-diz-diretor-da-huawei-digital-power\/"},"author":{"name":"Ag\u00eancia iNFRA","@id":"https:\/\/agenciainfra.com\/blog\/#\/schema\/person\/34af08dff6adea4cb22b06612ba7acfa"},"headline":"Governo precisa &#8216;ser agn\u00f3stico&#8217; sobre tecnologia ao definir regras do LRCAP, diz diretor da Huawei Digital Power","datePublished":"2025-07-03T13:00:00+00:00","dateModified":"2025-07-04T12:03:56+00:00","mainEntityOfPage":{"@id":"https:\/\/agenciainfra.com\/blog\/governo-precisa-ser-agnostico-sobre-tecnologia-ao-definir-regras-do-lrcap-diz-diretor-da-huawei-digital-power\/"},"wordCount":907,"publisher":{"@id":"https:\/\/agenciainfra.com\/blog\/#organization"},"image":{"@id":"https:\/\/agenciainfra.com\/blog\/governo-precisa-ser-agnostico-sobre-tecnologia-ao-definir-regras-do-lrcap-diz-diretor-da-huawei-digital-power\/#primaryimage"},"thumbnailUrl":"https:\/\/agenciainfra.com\/blog\/wp-content\/uploads\/2025\/07\/Roberto_valer_huawei-foto-rafael_bitencourt_ag.infra_.jpg","keywords":["curtailment","futuro da energia","Huawei","leil\u00e3o de energia","Leil\u00e3o de pot\u00eancia","LRCAP","Rafael Bitencourt","roberto valer huawei"],"articleSection":["Destaque lista","Geral","iNFRAEnergia"],"inLanguage":"pt-BR","copyrightYear":"2025","copyrightHolder":{"@id":"https:\/\/agenciainfra.com\/blog\/#organization"}},{"@type":"WebPage","@id":"https:\/\/agenciainfra.com\/blog\/governo-precisa-ser-agnostico-sobre-tecnologia-ao-definir-regras-do-lrcap-diz-diretor-da-huawei-digital-power\/","url":"https:\/\/agenciainfra.com\/blog\/governo-precisa-ser-agnostico-sobre-tecnologia-ao-definir-regras-do-lrcap-diz-diretor-da-huawei-digital-power\/","name":"Governo precisa 'ser agn\u00f3stico' sobre tecnologia ao definir regras do LRCAP, diz diretor da Huawei Digital Power - Ag\u00eancia iNFRA","isPartOf":{"@id":"https:\/\/agenciainfra.com\/blog\/#website"},"primaryImageOfPage":{"@id":"https:\/\/agenciainfra.com\/blog\/governo-precisa-ser-agnostico-sobre-tecnologia-ao-definir-regras-do-lrcap-diz-diretor-da-huawei-digital-power\/#primaryimage"},"image":{"@id":"https:\/\/agenciainfra.com\/blog\/governo-precisa-ser-agnostico-sobre-tecnologia-ao-definir-regras-do-lrcap-diz-diretor-da-huawei-digital-power\/#primaryimage"},"thumbnailUrl":"https:\/\/agenciainfra.com\/blog\/wp-content\/uploads\/2025\/07\/Roberto_valer_huawei-foto-rafael_bitencourt_ag.infra_.jpg","datePublished":"2025-07-03T13:00:00+00:00","dateModified":"2025-07-04T12:03:56+00:00","breadcrumb":{"@id":"https:\/\/agenciainfra.com\/blog\/governo-precisa-ser-agnostico-sobre-tecnologia-ao-definir-regras-do-lrcap-diz-diretor-da-huawei-digital-power\/#breadcrumb"},"inLanguage":"pt-BR","potentialAction":[{"@type":"ReadAction","target":["https:\/\/agenciainfra.com\/blog\/governo-precisa-ser-agnostico-sobre-tecnologia-ao-definir-regras-do-lrcap-diz-diretor-da-huawei-digital-power\/"]}]},{"@type":"ImageObject","inLanguage":"pt-BR","@id":"https:\/\/agenciainfra.com\/blog\/governo-precisa-ser-agnostico-sobre-tecnologia-ao-definir-regras-do-lrcap-diz-diretor-da-huawei-digital-power\/#primaryimage","url":"https:\/\/agenciainfra.com\/blog\/wp-content\/uploads\/2025\/07\/Roberto_valer_huawei-foto-rafael_bitencourt_ag.infra_.jpg","contentUrl":"https:\/\/agenciainfra.com\/blog\/wp-content\/uploads\/2025\/07\/Roberto_valer_huawei-foto-rafael_bitencourt_ag.infra_.jpg","width":1280,"height":795,"caption":"Foto: Rafael Bitencourt\/Ag\u00eancia iNFRA"},{"@type":"BreadcrumbList","@id":"https:\/\/agenciainfra.com\/blog\/governo-precisa-ser-agnostico-sobre-tecnologia-ao-definir-regras-do-lrcap-diz-diretor-da-huawei-digital-power\/#breadcrumb","itemListElement":[{"@type":"ListItem","position":1,"name":"In\u00edcio","item":"https:\/\/agenciainfra.com\/blog\/"},{"@type":"ListItem","position":2,"name":"Governo precisa &#8216;ser agn\u00f3stico&#8217; sobre tecnologia ao definir regras do LRCAP, diz diretor da Huawei Digital Power"}]},{"@type":"WebSite","@id":"https:\/\/agenciainfra.com\/blog\/#website","url":"https:\/\/agenciainfra.com\/blog\/","name":"Ag\u00eancia iNFRA","description":"Multiplataforma de informa\u00e7\u00e3o jornal\u00edstica refer\u00eancia na \u00e1rea de infraestrutura no Brasil!","publisher":{"@id":"https:\/\/agenciainfra.com\/blog\/#organization"},"potentialAction":[{"@type":"SearchAction","target":{"@type":"EntryPoint","urlTemplate":"https:\/\/agenciainfra.com\/blog\/?s={search_term_string}"},"query-input":{"@type":"PropertyValueSpecification","valueRequired":true,"valueName":"search_term_string"}}],"inLanguage":"pt-BR"},{"@type":"Organization","@id":"https:\/\/agenciainfra.com\/blog\/#organization","name":"Ag\u00eancia iNFRA","url":"https:\/\/agenciainfra.com\/blog\/","logo":{"@type":"ImageObject","inLanguage":"pt-BR","@id":"https:\/\/agenciainfra.com\/blog\/#\/schema\/logo\/image\/","url":"https:\/\/agenciainfra.com\/blog\/wp-content\/uploads\/2023\/09\/iNFRA_5-e1761735885940.png","contentUrl":"https:\/\/agenciainfra.com\/blog\/wp-content\/uploads\/2023\/09\/iNFRA_5-e1761735885940.png","width":1672,"height":454,"caption":"Ag\u00eancia iNFRA"},"image":{"@id":"https:\/\/agenciainfra.com\/blog\/#\/schema\/logo\/image\/"},"sameAs":["https:\/\/www.facebook.com\/ageninfra","https:\/\/x.com\/agencia_infra","https:\/\/www.linkedin.com\/company\/ag\u00eanciainfra\/","https:\/\/www.instagram.com\/agenciainfra\/"]},{"@type":"Person","@id":"https:\/\/agenciainfra.com\/blog\/#\/schema\/person\/34af08dff6adea4cb22b06612ba7acfa","name":"Ag\u00eancia iNFRA","image":{"@type":"ImageObject","inLanguage":"pt-BR","@id":"https:\/\/agenciainfra.com\/blog\/#\/schema\/person\/image\/","url":"https:\/\/secure.gravatar.com\/avatar\/d189e01678f06d8eb84d4e01f08eb848b3fffe3f8443818d3c356c66892f5be8?s=96&d=mm&r=g","contentUrl":"https:\/\/secure.gravatar.com\/avatar\/d189e01678f06d8eb84d4e01f08eb848b3fffe3f8443818d3c356c66892f5be8?s=96&d=mm&r=g","caption":"Ag\u00eancia iNFRA"},"url":"https:\/\/agenciainfra.com\/blog\/author\/admin\/"}]}},"_links":{"self":[{"href":"https:\/\/agenciainfra.com\/blog\/wp-json\/wp\/v2\/posts\/23978","targetHints":{"allow":["GET"]}}],"collection":[{"href":"https:\/\/agenciainfra.com\/blog\/wp-json\/wp\/v2\/posts"}],"about":[{"href":"https:\/\/agenciainfra.com\/blog\/wp-json\/wp\/v2\/types\/post"}],"author":[{"embeddable":true,"href":"https:\/\/agenciainfra.com\/blog\/wp-json\/wp\/v2\/users\/1"}],"replies":[{"embeddable":true,"href":"https:\/\/agenciainfra.com\/blog\/wp-json\/wp\/v2\/comments?post=23978"}],"version-history":[{"count":1,"href":"https:\/\/agenciainfra.com\/blog\/wp-json\/wp\/v2\/posts\/23978\/revisions"}],"predecessor-version":[{"id":23981,"href":"https:\/\/agenciainfra.com\/blog\/wp-json\/wp\/v2\/posts\/23978\/revisions\/23981"}],"wp:featuredmedia":[{"embeddable":true,"href":"https:\/\/agenciainfra.com\/blog\/wp-json\/wp\/v2\/media\/23979"}],"wp:attachment":[{"href":"https:\/\/agenciainfra.com\/blog\/wp-json\/wp\/v2\/media?parent=23978"}],"wp:term":[{"taxonomy":"category","embeddable":true,"href":"https:\/\/agenciainfra.com\/blog\/wp-json\/wp\/v2\/categories?post=23978"},{"taxonomy":"post_tag","embeddable":true,"href":"https:\/\/agenciainfra.com\/blog\/wp-json\/wp\/v2\/tags?post=23978"}],"curies":[{"name":"wp","href":"https:\/\/api.w.org\/{rel}","templated":true}]}}