{"id":24004,"date":"2025-07-03T11:16:55","date_gmt":"2025-07-03T14:16:55","guid":{"rendered":"https:\/\/agenciainfra.com\/blog\/?p=24004"},"modified":"2025-07-03T11:19:47","modified_gmt":"2025-07-03T14:19:47","slug":"aneel-abre-consulta-sobre-regras-de-confiabilidade-na-transmissao","status":"publish","type":"post","link":"https:\/\/agenciainfra.com\/blog\/aneel-abre-consulta-sobre-regras-de-confiabilidade-na-transmissao\/","title":{"rendered":"ANEEL abre consulta p\u00fablica sobre regras de confiabilidade na transmiss\u00e3o"},"content":{"rendered":"\n<p class=\"has-text-align-right\"><strong>da Ag\u00eancia iNFRA<\/strong><\/p>\n\n\n\n<p>A ANEEL (Ag\u00eancia Nacional de Energia El\u00e9trica) <a href=\"https:\/\/www.in.gov.br\/en\/web\/dou\/-\/aviso-de-consulta-publica-n-27\/2025-639895156\">abriu<\/a> nesta quinta-feira (3) o prazo para contribui\u00e7\u00f5es \u00e0 <a href=\"https:\/\/antigo.aneel.gov.br\/web\/guest\/consultas-publicas?p_auth=BONe1dt2&amp;p_p_id=participacaopublica_WAR_participacaopublicaportlet&amp;p_p_lifecycle=1&amp;p_p_state=normal&amp;p_p_mode=view&amp;p_p_col_id=column-2&amp;p_p_col_pos=1&amp;p_p_col_count=2&amp;_participacaopublica_WAR_participacaopublicaportlet_ideParticipacaoPublica=3949&amp;_participacaopublica_WAR_participacaopublicaportlet_javax.portlet.action=visualizarParticipacaoPublica\">Consulta P\u00fablica 27\/2025<\/a>, sobre o relat\u00f3rio de AIR (An\u00e1lise de Impacto Regulat\u00f3rio) voltado ao aprimoramento das regras associadas \u00e0 confiabilidade das instala\u00e7\u00f5es de transmiss\u00e3o de energia el\u00e9trica. As contribui\u00e7\u00f5es podem ser enviadas \u00e0 ANEEL at\u00e9 o dia 18 de agosto.<\/p>\n\n\n\n<p>A AIR foi elaborada com base na <a href=\"https:\/\/www.gov.br\/pt-br\/consultas-publicas-govbr\/aneel-tomada-de-subsidios-no-21-2021\">Tomada de Subs\u00eddios \u202f21\/2021<\/a> institu\u00edda \u00e0 \u00e9poca para averigua\u00e7\u00e3o da necessidade de interven\u00e7\u00e3o regulat\u00f3ria para aprimoramento dos requisitos de confiabilidade.<\/p>\n\n\n\n<p>O objetivo da consulta \u00e9 revisar a regulamenta\u00e7\u00e3o vigente para garantir maior seguran\u00e7a e efici\u00eancia ao sistema, promovendo adapta\u00e7\u00f5es que respondam \u00e0s transforma\u00e7\u00f5es estruturais do setor, como a inser\u00e7\u00e3o crescente de fontes renov\u00e1veis vari\u00e1veis e os cortes de gera\u00e7\u00e3o obrigat\u00f3rios (curtailment). <\/p>\n\n\n\n<p><\/p>\n","protected":false},"excerpt":{"rendered":"<p>da Ag\u00eancia iNFRA A ANEEL (Ag\u00eancia Nacional de Energia El\u00e9trica) abriu nesta quinta-feira (3) o prazo para contribui\u00e7\u00f5es \u00e0 Consulta P\u00fablica 27\/2025, sobre o relat\u00f3rio de AIR (An\u00e1lise de Impacto Regulat\u00f3rio) voltado ao aprimoramento das regras associadas \u00e0 confiabilidade das instala\u00e7\u00f5es de transmiss\u00e3o de energia el\u00e9trica. As contribui\u00e7\u00f5es podem ser enviadas \u00e0 ANEEL at\u00e9 o [&hellip;]<\/p>\n","protected":false},"author":1,"featured_media":6657,"comment_status":"closed","ping_status":"closed","sticky":false,"template":"","format":"standard","meta":{"_monsterinsights_skip_tracking":false,"_monsterinsights_sitenote_active":false,"_monsterinsights_sitenote_note":"","_monsterinsights_sitenote_category":0,"footnotes":""},"categories":[1,13576],"tags":[53,14172,14173,12154,11474,25,282,575],"class_list":["post-24004","post","type-post","status-publish","format-standard","has-post-thumbnail","hentry","category-geral","category-giro-infra","tag-aneel","tag-confiabilidade-na-transmissao","tag-consulta-publica-aneel","tag-cortes-de-geracao","tag-curtailment","tag-energia","tag-energia-eletrica","tag-transmissao-de-energia"],"yoast_head":"<!-- This site is optimized with the Yoast SEO Premium plugin v25.4 (Yoast SEO v26.0) - https:\/\/yoast.com\/wordpress\/plugins\/seo\/ -->\n<title>ANEEL abre consulta p\u00fablica sobre regras de confiabilidade na transmiss\u00e3o - Ag\u00eancia iNFRA<\/title>\n<meta name=\"robots\" content=\"index, follow, max-snippet:-1, max-image-preview:large, max-video-preview:-1\" \/>\n<link rel=\"canonical\" href=\"https:\/\/agenciainfra.com\/blog\/aneel-abre-consulta-sobre-regras-de-confiabilidade-na-transmissao\/\" \/>\n<meta property=\"og:locale\" content=\"pt_BR\" \/>\n<meta property=\"og:type\" content=\"article\" \/>\n<meta property=\"og:title\" content=\"ANEEL abre consulta p\u00fablica sobre regras de confiabilidade na transmiss\u00e3o\" \/>\n<meta property=\"og:description\" content=\"da Ag\u00eancia iNFRA A ANEEL (Ag\u00eancia Nacional de Energia El\u00e9trica) abriu nesta quinta-feira (3) o prazo para contribui\u00e7\u00f5es \u00e0 Consulta P\u00fablica 27\/2025, sobre o relat\u00f3rio de AIR (An\u00e1lise de Impacto Regulat\u00f3rio) voltado ao aprimoramento das regras associadas \u00e0 confiabilidade das instala\u00e7\u00f5es de transmiss\u00e3o de energia el\u00e9trica. As contribui\u00e7\u00f5es podem ser enviadas \u00e0 ANEEL at\u00e9 o [&hellip;]\" \/>\n<meta property=\"og:url\" content=\"https:\/\/agenciainfra.com\/blog\/aneel-abre-consulta-sobre-regras-de-confiabilidade-na-transmissao\/\" \/>\n<meta property=\"og:site_name\" content=\"Ag\u00eancia iNFRA\" \/>\n<meta property=\"article:publisher\" content=\"https:\/\/www.facebook.com\/ageninfra\" \/>\n<meta property=\"article:published_time\" content=\"2025-07-03T14:16:55+00:00\" \/>\n<meta property=\"article:modified_time\" content=\"2025-07-03T14:19:47+00:00\" \/>\n<meta property=\"og:image\" content=\"https:\/\/agenciainfra.com\/blog\/wp-content\/uploads\/2021\/01\/torres-energia-eletrica-foto-dominio-publico-e1748600510603.jpg\" \/>\n\t<meta property=\"og:image:width\" content=\"1280\" \/>\n\t<meta property=\"og:image:height\" content=\"764\" \/>\n\t<meta property=\"og:image:type\" content=\"image\/jpeg\" \/>\n<meta name=\"author\" content=\"Ag\u00eancia iNFRA\" \/>\n<meta name=\"twitter:card\" content=\"summary_large_image\" \/>\n<meta name=\"twitter:creator\" content=\"@agencia_infra\" \/>\n<meta name=\"twitter:site\" content=\"@agencia_infra\" \/>\n<meta name=\"twitter:label1\" content=\"Escrito por\" \/>\n\t<meta name=\"twitter:data1\" content=\"Ag\u00eancia iNFRA\" \/>\n\t<meta name=\"twitter:label2\" content=\"Est. tempo de leitura\" \/>\n\t<meta name=\"twitter:data2\" content=\"1 minuto\" \/>\n<script type=\"application\/ld+json\" class=\"yoast-schema-graph\">{\"@context\":\"https:\/\/schema.org\",\"@graph\":[{\"@type\":\"Article\",\"@id\":\"https:\/\/agenciainfra.com\/blog\/aneel-abre-consulta-sobre-regras-de-confiabilidade-na-transmissao\/#article\",\"isPartOf\":{\"@id\":\"https:\/\/agenciainfra.com\/blog\/aneel-abre-consulta-sobre-regras-de-confiabilidade-na-transmissao\/\"},\"author\":{\"name\":\"Ag\u00eancia iNFRA\",\"@id\":\"https:\/\/agenciainfra.com\/blog\/#\/schema\/person\/34af08dff6adea4cb22b06612ba7acfa\"},\"headline\":\"ANEEL abre consulta p\u00fablica sobre regras de confiabilidade na transmiss\u00e3o\",\"datePublished\":\"2025-07-03T14:16:55+00:00\",\"dateModified\":\"2025-07-03T14:19:47+00:00\",\"mainEntityOfPage\":{\"@id\":\"https:\/\/agenciainfra.com\/blog\/aneel-abre-consulta-sobre-regras-de-confiabilidade-na-transmissao\/\"},\"wordCount\":157,\"publisher\":{\"@id\":\"https:\/\/agenciainfra.com\/blog\/#organization\"},\"image\":{\"@id\":\"https:\/\/agenciainfra.com\/blog\/aneel-abre-consulta-sobre-regras-de-confiabilidade-na-transmissao\/#primaryimage\"},\"thumbnailUrl\":\"https:\/\/agenciainfra.com\/blog\/wp-content\/uploads\/2021\/01\/torres-energia-eletrica-foto-dominio-publico-e1748600510603.jpg\",\"keywords\":[\"ANEEL\",\"confiabilidade na transmiss\u00e3o\",\"consulta p\u00fablica aneel\",\"cortes de gera\u00e7\u00e3o\",\"curtailment\",\"energia\",\"energia el\u00e9trica\",\"transmiss\u00e3o de energia\"],\"articleSection\":[\"Geral\",\"Giro iNFRA\"],\"inLanguage\":\"pt-BR\",\"copyrightYear\":\"2025\",\"copyrightHolder\":{\"@id\":\"https:\/\/agenciainfra.com\/blog\/#organization\"}},{\"@type\":\"WebPage\",\"@id\":\"https:\/\/agenciainfra.com\/blog\/aneel-abre-consulta-sobre-regras-de-confiabilidade-na-transmissao\/\",\"url\":\"https:\/\/agenciainfra.com\/blog\/aneel-abre-consulta-sobre-regras-de-confiabilidade-na-transmissao\/\",\"name\":\"ANEEL abre consulta p\u00fablica sobre regras de confiabilidade na transmiss\u00e3o - Ag\u00eancia iNFRA\",\"isPartOf\":{\"@id\":\"https:\/\/agenciainfra.com\/blog\/#website\"},\"primaryImageOfPage\":{\"@id\":\"https:\/\/agenciainfra.com\/blog\/aneel-abre-consulta-sobre-regras-de-confiabilidade-na-transmissao\/#primaryimage\"},\"image\":{\"@id\":\"https:\/\/agenciainfra.com\/blog\/aneel-abre-consulta-sobre-regras-de-confiabilidade-na-transmissao\/#primaryimage\"},\"thumbnailUrl\":\"https:\/\/agenciainfra.com\/blog\/wp-content\/uploads\/2021\/01\/torres-energia-eletrica-foto-dominio-publico-e1748600510603.jpg\",\"datePublished\":\"2025-07-03T14:16:55+00:00\",\"dateModified\":\"2025-07-03T14:19:47+00:00\",\"breadcrumb\":{\"@id\":\"https:\/\/agenciainfra.com\/blog\/aneel-abre-consulta-sobre-regras-de-confiabilidade-na-transmissao\/#breadcrumb\"},\"inLanguage\":\"pt-BR\",\"potentialAction\":[{\"@type\":\"ReadAction\",\"target\":[\"https:\/\/agenciainfra.com\/blog\/aneel-abre-consulta-sobre-regras-de-confiabilidade-na-transmissao\/\"]}]},{\"@type\":\"ImageObject\",\"inLanguage\":\"pt-BR\",\"@id\":\"https:\/\/agenciainfra.com\/blog\/aneel-abre-consulta-sobre-regras-de-confiabilidade-na-transmissao\/#primaryimage\",\"url\":\"https:\/\/agenciainfra.com\/blog\/wp-content\/uploads\/2021\/01\/torres-energia-eletrica-foto-dominio-publico-e1748600510603.jpg\",\"contentUrl\":\"https:\/\/agenciainfra.com\/blog\/wp-content\/uploads\/2021\/01\/torres-energia-eletrica-foto-dominio-publico-e1748600510603.jpg\",\"width\":1280,\"height\":764,\"caption\":\"Foto: Dom\u00ednio P\u00fablico\"},{\"@type\":\"BreadcrumbList\",\"@id\":\"https:\/\/agenciainfra.com\/blog\/aneel-abre-consulta-sobre-regras-de-confiabilidade-na-transmissao\/#breadcrumb\",\"itemListElement\":[{\"@type\":\"ListItem\",\"position\":1,\"name\":\"In\u00edcio\",\"item\":\"https:\/\/agenciainfra.com\/blog\/\"},{\"@type\":\"ListItem\",\"position\":2,\"name\":\"ANEEL abre consulta p\u00fablica sobre regras de confiabilidade na transmiss\u00e3o\"}]},{\"@type\":\"WebSite\",\"@id\":\"https:\/\/agenciainfra.com\/blog\/#website\",\"url\":\"https:\/\/agenciainfra.com\/blog\/\",\"name\":\"Ag\u00eancia iNFRA\",\"description\":\"Multiplataforma de informa\u00e7\u00e3o jornal\u00edstica refer\u00eancia na \u00e1rea de infraestrutura no Brasil!\",\"publisher\":{\"@id\":\"https:\/\/agenciainfra.com\/blog\/#organization\"},\"potentialAction\":[{\"@type\":\"SearchAction\",\"target\":{\"@type\":\"EntryPoint\",\"urlTemplate\":\"https:\/\/agenciainfra.com\/blog\/?s={search_term_string}\"},\"query-input\":{\"@type\":\"PropertyValueSpecification\",\"valueRequired\":true,\"valueName\":\"search_term_string\"}}],\"inLanguage\":\"pt-BR\"},{\"@type\":\"Organization\",\"@id\":\"https:\/\/agenciainfra.com\/blog\/#organization\",\"name\":\"Ag\u00eancia iNFRA\",\"url\":\"https:\/\/agenciainfra.com\/blog\/\",\"logo\":{\"@type\":\"ImageObject\",\"inLanguage\":\"pt-BR\",\"@id\":\"https:\/\/agenciainfra.com\/blog\/#\/schema\/logo\/image\/\",\"url\":\"https:\/\/agenciainfra.com\/blog\/wp-content\/uploads\/2023\/09\/iNFRA_5-e1761735885940.png\",\"contentUrl\":\"https:\/\/agenciainfra.com\/blog\/wp-content\/uploads\/2023\/09\/iNFRA_5-e1761735885940.png\",\"width\":1672,\"height\":454,\"caption\":\"Ag\u00eancia iNFRA\"},\"image\":{\"@id\":\"https:\/\/agenciainfra.com\/blog\/#\/schema\/logo\/image\/\"},\"sameAs\":[\"https:\/\/www.facebook.com\/ageninfra\",\"https:\/\/x.com\/agencia_infra\",\"https:\/\/www.linkedin.com\/company\/ag\u00eanciainfra\/\",\"https:\/\/www.instagram.com\/agenciainfra\/\"]},{\"@type\":\"Person\",\"@id\":\"https:\/\/agenciainfra.com\/blog\/#\/schema\/person\/34af08dff6adea4cb22b06612ba7acfa\",\"name\":\"Ag\u00eancia iNFRA\",\"image\":{\"@type\":\"ImageObject\",\"inLanguage\":\"pt-BR\",\"@id\":\"https:\/\/agenciainfra.com\/blog\/#\/schema\/person\/image\/\",\"url\":\"https:\/\/secure.gravatar.com\/avatar\/d189e01678f06d8eb84d4e01f08eb848b3fffe3f8443818d3c356c66892f5be8?s=96&d=mm&r=g\",\"contentUrl\":\"https:\/\/secure.gravatar.com\/avatar\/d189e01678f06d8eb84d4e01f08eb848b3fffe3f8443818d3c356c66892f5be8?s=96&d=mm&r=g\",\"caption\":\"Ag\u00eancia iNFRA\"},\"url\":\"https:\/\/agenciainfra.com\/blog\/author\/admin\/\"}]}<\/script>\n<!-- \/ Yoast SEO Premium plugin. -->","yoast_head_json":{"title":"ANEEL abre consulta p\u00fablica sobre regras de confiabilidade na transmiss\u00e3o - Ag\u00eancia iNFRA","robots":{"index":"index","follow":"follow","max-snippet":"max-snippet:-1","max-image-preview":"max-image-preview:large","max-video-preview":"max-video-preview:-1"},"canonical":"https:\/\/agenciainfra.com\/blog\/aneel-abre-consulta-sobre-regras-de-confiabilidade-na-transmissao\/","og_locale":"pt_BR","og_type":"article","og_title":"ANEEL abre consulta p\u00fablica sobre regras de confiabilidade na transmiss\u00e3o","og_description":"da Ag\u00eancia iNFRA A ANEEL (Ag\u00eancia Nacional de Energia El\u00e9trica) abriu nesta quinta-feira (3) o prazo para contribui\u00e7\u00f5es \u00e0 Consulta P\u00fablica 27\/2025, sobre o relat\u00f3rio de AIR (An\u00e1lise de Impacto Regulat\u00f3rio) voltado ao aprimoramento das regras associadas \u00e0 confiabilidade das instala\u00e7\u00f5es de transmiss\u00e3o de energia el\u00e9trica. As contribui\u00e7\u00f5es podem ser enviadas \u00e0 ANEEL at\u00e9 o [&hellip;]","og_url":"https:\/\/agenciainfra.com\/blog\/aneel-abre-consulta-sobre-regras-de-confiabilidade-na-transmissao\/","og_site_name":"Ag\u00eancia iNFRA","article_publisher":"https:\/\/www.facebook.com\/ageninfra","article_published_time":"2025-07-03T14:16:55+00:00","article_modified_time":"2025-07-03T14:19:47+00:00","og_image":[{"width":1280,"height":764,"url":"https:\/\/agenciainfra.com\/blog\/wp-content\/uploads\/2021\/01\/torres-energia-eletrica-foto-dominio-publico-e1748600510603.jpg","type":"image\/jpeg"}],"author":"Ag\u00eancia iNFRA","twitter_card":"summary_large_image","twitter_creator":"@agencia_infra","twitter_site":"@agencia_infra","twitter_misc":{"Escrito por":"Ag\u00eancia iNFRA","Est. tempo de leitura":"1 minuto"},"schema":{"@context":"https:\/\/schema.org","@graph":[{"@type":"Article","@id":"https:\/\/agenciainfra.com\/blog\/aneel-abre-consulta-sobre-regras-de-confiabilidade-na-transmissao\/#article","isPartOf":{"@id":"https:\/\/agenciainfra.com\/blog\/aneel-abre-consulta-sobre-regras-de-confiabilidade-na-transmissao\/"},"author":{"name":"Ag\u00eancia iNFRA","@id":"https:\/\/agenciainfra.com\/blog\/#\/schema\/person\/34af08dff6adea4cb22b06612ba7acfa"},"headline":"ANEEL abre consulta p\u00fablica sobre regras de confiabilidade na transmiss\u00e3o","datePublished":"2025-07-03T14:16:55+00:00","dateModified":"2025-07-03T14:19:47+00:00","mainEntityOfPage":{"@id":"https:\/\/agenciainfra.com\/blog\/aneel-abre-consulta-sobre-regras-de-confiabilidade-na-transmissao\/"},"wordCount":157,"publisher":{"@id":"https:\/\/agenciainfra.com\/blog\/#organization"},"image":{"@id":"https:\/\/agenciainfra.com\/blog\/aneel-abre-consulta-sobre-regras-de-confiabilidade-na-transmissao\/#primaryimage"},"thumbnailUrl":"https:\/\/agenciainfra.com\/blog\/wp-content\/uploads\/2021\/01\/torres-energia-eletrica-foto-dominio-publico-e1748600510603.jpg","keywords":["ANEEL","confiabilidade na transmiss\u00e3o","consulta p\u00fablica aneel","cortes de gera\u00e7\u00e3o","curtailment","energia","energia el\u00e9trica","transmiss\u00e3o de energia"],"articleSection":["Geral","Giro iNFRA"],"inLanguage":"pt-BR","copyrightYear":"2025","copyrightHolder":{"@id":"https:\/\/agenciainfra.com\/blog\/#organization"}},{"@type":"WebPage","@id":"https:\/\/agenciainfra.com\/blog\/aneel-abre-consulta-sobre-regras-de-confiabilidade-na-transmissao\/","url":"https:\/\/agenciainfra.com\/blog\/aneel-abre-consulta-sobre-regras-de-confiabilidade-na-transmissao\/","name":"ANEEL abre consulta p\u00fablica sobre regras de confiabilidade na transmiss\u00e3o - Ag\u00eancia iNFRA","isPartOf":{"@id":"https:\/\/agenciainfra.com\/blog\/#website"},"primaryImageOfPage":{"@id":"https:\/\/agenciainfra.com\/blog\/aneel-abre-consulta-sobre-regras-de-confiabilidade-na-transmissao\/#primaryimage"},"image":{"@id":"https:\/\/agenciainfra.com\/blog\/aneel-abre-consulta-sobre-regras-de-confiabilidade-na-transmissao\/#primaryimage"},"thumbnailUrl":"https:\/\/agenciainfra.com\/blog\/wp-content\/uploads\/2021\/01\/torres-energia-eletrica-foto-dominio-publico-e1748600510603.jpg","datePublished":"2025-07-03T14:16:55+00:00","dateModified":"2025-07-03T14:19:47+00:00","breadcrumb":{"@id":"https:\/\/agenciainfra.com\/blog\/aneel-abre-consulta-sobre-regras-de-confiabilidade-na-transmissao\/#breadcrumb"},"inLanguage":"pt-BR","potentialAction":[{"@type":"ReadAction","target":["https:\/\/agenciainfra.com\/blog\/aneel-abre-consulta-sobre-regras-de-confiabilidade-na-transmissao\/"]}]},{"@type":"ImageObject","inLanguage":"pt-BR","@id":"https:\/\/agenciainfra.com\/blog\/aneel-abre-consulta-sobre-regras-de-confiabilidade-na-transmissao\/#primaryimage","url":"https:\/\/agenciainfra.com\/blog\/wp-content\/uploads\/2021\/01\/torres-energia-eletrica-foto-dominio-publico-e1748600510603.jpg","contentUrl":"https:\/\/agenciainfra.com\/blog\/wp-content\/uploads\/2021\/01\/torres-energia-eletrica-foto-dominio-publico-e1748600510603.jpg","width":1280,"height":764,"caption":"Foto: Dom\u00ednio P\u00fablico"},{"@type":"BreadcrumbList","@id":"https:\/\/agenciainfra.com\/blog\/aneel-abre-consulta-sobre-regras-de-confiabilidade-na-transmissao\/#breadcrumb","itemListElement":[{"@type":"ListItem","position":1,"name":"In\u00edcio","item":"https:\/\/agenciainfra.com\/blog\/"},{"@type":"ListItem","position":2,"name":"ANEEL abre consulta p\u00fablica sobre regras de confiabilidade na transmiss\u00e3o"}]},{"@type":"WebSite","@id":"https:\/\/agenciainfra.com\/blog\/#website","url":"https:\/\/agenciainfra.com\/blog\/","name":"Ag\u00eancia iNFRA","description":"Multiplataforma de informa\u00e7\u00e3o jornal\u00edstica refer\u00eancia na \u00e1rea de infraestrutura no Brasil!","publisher":{"@id":"https:\/\/agenciainfra.com\/blog\/#organization"},"potentialAction":[{"@type":"SearchAction","target":{"@type":"EntryPoint","urlTemplate":"https:\/\/agenciainfra.com\/blog\/?s={search_term_string}"},"query-input":{"@type":"PropertyValueSpecification","valueRequired":true,"valueName":"search_term_string"}}],"inLanguage":"pt-BR"},{"@type":"Organization","@id":"https:\/\/agenciainfra.com\/blog\/#organization","name":"Ag\u00eancia iNFRA","url":"https:\/\/agenciainfra.com\/blog\/","logo":{"@type":"ImageObject","inLanguage":"pt-BR","@id":"https:\/\/agenciainfra.com\/blog\/#\/schema\/logo\/image\/","url":"https:\/\/agenciainfra.com\/blog\/wp-content\/uploads\/2023\/09\/iNFRA_5-e1761735885940.png","contentUrl":"https:\/\/agenciainfra.com\/blog\/wp-content\/uploads\/2023\/09\/iNFRA_5-e1761735885940.png","width":1672,"height":454,"caption":"Ag\u00eancia iNFRA"},"image":{"@id":"https:\/\/agenciainfra.com\/blog\/#\/schema\/logo\/image\/"},"sameAs":["https:\/\/www.facebook.com\/ageninfra","https:\/\/x.com\/agencia_infra","https:\/\/www.linkedin.com\/company\/ag\u00eanciainfra\/","https:\/\/www.instagram.com\/agenciainfra\/"]},{"@type":"Person","@id":"https:\/\/agenciainfra.com\/blog\/#\/schema\/person\/34af08dff6adea4cb22b06612ba7acfa","name":"Ag\u00eancia iNFRA","image":{"@type":"ImageObject","inLanguage":"pt-BR","@id":"https:\/\/agenciainfra.com\/blog\/#\/schema\/person\/image\/","url":"https:\/\/secure.gravatar.com\/avatar\/d189e01678f06d8eb84d4e01f08eb848b3fffe3f8443818d3c356c66892f5be8?s=96&d=mm&r=g","contentUrl":"https:\/\/secure.gravatar.com\/avatar\/d189e01678f06d8eb84d4e01f08eb848b3fffe3f8443818d3c356c66892f5be8?s=96&d=mm&r=g","caption":"Ag\u00eancia iNFRA"},"url":"https:\/\/agenciainfra.com\/blog\/author\/admin\/"}]}},"_links":{"self":[{"href":"https:\/\/agenciainfra.com\/blog\/wp-json\/wp\/v2\/posts\/24004","targetHints":{"allow":["GET"]}}],"collection":[{"href":"https:\/\/agenciainfra.com\/blog\/wp-json\/wp\/v2\/posts"}],"about":[{"href":"https:\/\/agenciainfra.com\/blog\/wp-json\/wp\/v2\/types\/post"}],"author":[{"embeddable":true,"href":"https:\/\/agenciainfra.com\/blog\/wp-json\/wp\/v2\/users\/1"}],"replies":[{"embeddable":true,"href":"https:\/\/agenciainfra.com\/blog\/wp-json\/wp\/v2\/comments?post=24004"}],"version-history":[{"count":2,"href":"https:\/\/agenciainfra.com\/blog\/wp-json\/wp\/v2\/posts\/24004\/revisions"}],"predecessor-version":[{"id":24006,"href":"https:\/\/agenciainfra.com\/blog\/wp-json\/wp\/v2\/posts\/24004\/revisions\/24006"}],"wp:featuredmedia":[{"embeddable":true,"href":"https:\/\/agenciainfra.com\/blog\/wp-json\/wp\/v2\/media\/6657"}],"wp:attachment":[{"href":"https:\/\/agenciainfra.com\/blog\/wp-json\/wp\/v2\/media?parent=24004"}],"wp:term":[{"taxonomy":"category","embeddable":true,"href":"https:\/\/agenciainfra.com\/blog\/wp-json\/wp\/v2\/categories?post=24004"},{"taxonomy":"post_tag","embeddable":true,"href":"https:\/\/agenciainfra.com\/blog\/wp-json\/wp\/v2\/tags?post=24004"}],"curies":[{"name":"wp","href":"https:\/\/api.w.org\/{rel}","templated":true}]}}