{"id":24023,"date":"2025-07-03T15:21:14","date_gmt":"2025-07-03T18:21:14","guid":{"rendered":"https:\/\/agenciainfra.com\/blog\/?p=24023"},"modified":"2025-07-04T14:33:41","modified_gmt":"2025-07-04T17:33:41","slug":"petrobras-tera-producao-de-lubrificantes-a-base-de-oleo-usado-e-diesel-r10-diz-diretor","status":"publish","type":"post","link":"https:\/\/agenciainfra.com\/blog\/petrobras-tera-producao-de-lubrificantes-a-base-de-oleo-usado-e-diesel-r10-diz-diretor\/","title":{"rendered":"Petrobras ter\u00e1 produ\u00e7\u00e3o de lubrificantes a base de \u00f3leo usado e diesel R10, diz diretor"},"content":{"rendered":"\n<p class=\"has-text-align-right\"><strong>Gabriel Vasconcelos, da Ag\u00eancia iNFRA<\/strong><\/p>\n\n\n\n<p>A Petrobras vai entrar no mercado de &#8220;rerrefino&#8221; de lubrificantes usados para incrementar a produ\u00e7\u00e3o desse derivado do petr\u00f3leo e far\u00e1, ainda neste m\u00eas de julho, testes para fabrica\u00e7\u00e3o de diesel R 10% renov\u00e1vel. Os an\u00fancios foram feitos nesta quinta-feira (3) pelo diretor de processos industriais e produtos da estatal, William Fran\u00e7a, durante entrevista coletiva sobre novos investimentos no Complexo Boaventura e na Reduc (Refinaria Duque de Caxias).<\/p>\n\n\n\n<p>Os planos relacionados \u00e0 produ\u00e7\u00e3o de lubrificantes a base de \u00f3leo usado recolhido do mercado preveem capacidade de produ\u00e7\u00e3o adicional de 6,3 mil bpd (barris por dia). E os testes come\u00e7ar\u00e3o a ser feitos em setembro, informou em nota a companhia.<\/p>\n\n\n\n<p>&#8220;No Brasil, mais de 20% do mercado de lubrificante \u00e9 de rerrefino, o que envolve uma log\u00edstica reversa, de coletar e produzir. Esse mercado \u00e9 completamente &#8216;boca aberta&#8217;, isto \u00e9, est\u00e1 pronto para receber produto. Quem produzir, vende&#8221;, disse Fran\u00e7a.<\/p>\n\n\n\n<p>Segundo o executivo, produto dessa origem reciclada seria absorvido em substitui\u00e7\u00e3o \u00e0s cargas importadas, que atende a parcela significativa da demanda nacional. &#8220;O potencial desse neg\u00f3cio \u00e9 todo o [volume que \u00e9] importado&#8221;, continuou.<\/p>\n\n\n\n<p>Fran\u00e7a detalha que o mercado atual de lubrificantes do pa\u00eds \u00e9 de 1,4 mil toneladas por ano, das quais 500 toneladas anuais s\u00e3o produzidas na Reduc e parcelas menores s\u00e3o fabricadas pela Acelen (Refinaria de Mataripe) e Lubinor, ambas privatizadas do sistema Petrobras.<\/p>\n\n\n\n<p><strong>Diesel R10<\/strong><br>O diretor tamb\u00e9m disse que a estatal tem planos de produzir diesel R 10% renov\u00e1vel. O diesel R \u00e9 produto do coprocessamento do diesel derivado de petr\u00f3leo e HVO \u00f3leo vegetal hidrotratado.<\/p>\n\n\n\n<p>&#8220;Vamos come\u00e7ar os testes do diesel R 10% agora em julho. Mas vai dar certo. Teremos esse produto no portf\u00f3lio&#8221;, disse Fran\u00e7a. Hoje a Petrobras j\u00e1 produz e comercializa o Diesel R5, com 5% de conte\u00fado renov\u00e1vel e, segundo Fran\u00e7a, obteve recentemente a autoriza\u00e7\u00e3o para produzir e comercializar o produto com teor 7% renov\u00e1vel. A ideia \u00e9 escalar gradualmente a parcela renov\u00e1vel.<\/p>\n","protected":false},"excerpt":{"rendered":"<p>Gabriel Vasconcelos, da Ag\u00eancia iNFRA A Petrobras vai entrar no mercado de &#8220;rerrefino&#8221; de lubrificantes usados para incrementar a produ\u00e7\u00e3o desse derivado do petr\u00f3leo e far\u00e1, ainda neste m\u00eas de julho, testes para fabrica\u00e7\u00e3o de diesel R 10% renov\u00e1vel. Os an\u00fancios foram feitos nesta quinta-feira (3) pelo diretor de processos industriais e produtos da estatal, [&hellip;]<\/p>\n","protected":false},"author":1,"featured_media":6701,"comment_status":"closed","ping_status":"closed","sticky":false,"template":"","format":"standard","meta":{"_monsterinsights_skip_tracking":false,"_monsterinsights_sitenote_active":false,"_monsterinsights_sitenote_note":"","_monsterinsights_sitenote_category":0,"footnotes":""},"categories":[7250,1,13271],"tags":[315,14178,13251,7612,143,13451],"class_list":["post-24023","post","type-post","status-publish","format-standard","has-post-thumbnail","hentry","category-destaque-lista","category-geral","category-oleo-gas","tag-diesel","tag-diesel-r10","tag-gabriel-vasconcelos","tag-lubrificantes","tag-petrobras","tag-william-franca"],"yoast_head":"<!-- This site is optimized with the Yoast SEO Premium plugin v25.4 (Yoast SEO v26.0) - https:\/\/yoast.com\/wordpress\/plugins\/seo\/ -->\n<title>Petrobras ter\u00e1 produ\u00e7\u00e3o de lubrificantes a base de \u00f3leo usado e diesel R10, diz diretor - Ag\u00eancia iNFRA<\/title>\n<meta name=\"robots\" content=\"index, follow, max-snippet:-1, max-image-preview:large, max-video-preview:-1\" \/>\n<link rel=\"canonical\" href=\"https:\/\/agenciainfra.com\/blog\/petrobras-tera-producao-de-lubrificantes-a-base-de-oleo-usado-e-diesel-r10-diz-diretor\/\" \/>\n<meta property=\"og:locale\" content=\"pt_BR\" \/>\n<meta property=\"og:type\" content=\"article\" \/>\n<meta property=\"og:title\" content=\"Petrobras ter\u00e1 produ\u00e7\u00e3o de lubrificantes a base de \u00f3leo usado e diesel R10, diz diretor\" \/>\n<meta property=\"og:description\" content=\"Gabriel Vasconcelos, da Ag\u00eancia iNFRA A Petrobras vai entrar no mercado de &#8220;rerrefino&#8221; de lubrificantes usados para incrementar a produ\u00e7\u00e3o desse derivado do petr\u00f3leo e far\u00e1, ainda neste m\u00eas de julho, testes para fabrica\u00e7\u00e3o de diesel R 10% renov\u00e1vel. Os an\u00fancios foram feitos nesta quinta-feira (3) pelo diretor de processos industriais e produtos da estatal, [&hellip;]\" \/>\n<meta property=\"og:url\" content=\"https:\/\/agenciainfra.com\/blog\/petrobras-tera-producao-de-lubrificantes-a-base-de-oleo-usado-e-diesel-r10-diz-diretor\/\" \/>\n<meta property=\"og:site_name\" content=\"Ag\u00eancia iNFRA\" \/>\n<meta property=\"article:publisher\" content=\"https:\/\/www.facebook.com\/ageninfra\" \/>\n<meta property=\"article:published_time\" content=\"2025-07-03T18:21:14+00:00\" \/>\n<meta property=\"article:modified_time\" content=\"2025-07-04T17:33:41+00:00\" \/>\n<meta property=\"og:image\" content=\"https:\/\/agenciainfra.com\/blog\/wp-content\/uploads\/2021\/01\/petrobras-foto-pedro-teixeira-agencia-brasil.jpg\" \/>\n\t<meta property=\"og:image:width\" content=\"1280\" \/>\n\t<meta property=\"og:image:height\" content=\"768\" \/>\n\t<meta property=\"og:image:type\" content=\"image\/jpeg\" \/>\n<meta name=\"author\" content=\"Ag\u00eancia iNFRA\" \/>\n<meta name=\"twitter:card\" content=\"summary_large_image\" \/>\n<meta name=\"twitter:creator\" content=\"@agencia_infra\" \/>\n<meta name=\"twitter:site\" content=\"@agencia_infra\" \/>\n<meta name=\"twitter:label1\" content=\"Escrito por\" \/>\n\t<meta name=\"twitter:data1\" content=\"Ag\u00eancia iNFRA\" \/>\n\t<meta name=\"twitter:label2\" content=\"Est. tempo de leitura\" \/>\n\t<meta name=\"twitter:data2\" content=\"2 minutos\" \/>\n<script type=\"application\/ld+json\" class=\"yoast-schema-graph\">{\"@context\":\"https:\/\/schema.org\",\"@graph\":[{\"@type\":\"Article\",\"@id\":\"https:\/\/agenciainfra.com\/blog\/petrobras-tera-producao-de-lubrificantes-a-base-de-oleo-usado-e-diesel-r10-diz-diretor\/#article\",\"isPartOf\":{\"@id\":\"https:\/\/agenciainfra.com\/blog\/petrobras-tera-producao-de-lubrificantes-a-base-de-oleo-usado-e-diesel-r10-diz-diretor\/\"},\"author\":{\"name\":\"Ag\u00eancia iNFRA\",\"@id\":\"https:\/\/agenciainfra.com\/blog\/#\/schema\/person\/34af08dff6adea4cb22b06612ba7acfa\"},\"headline\":\"Petrobras ter\u00e1 produ\u00e7\u00e3o de lubrificantes a base de \u00f3leo usado e diesel R10, diz diretor\",\"datePublished\":\"2025-07-03T18:21:14+00:00\",\"dateModified\":\"2025-07-04T17:33:41+00:00\",\"mainEntityOfPage\":{\"@id\":\"https:\/\/agenciainfra.com\/blog\/petrobras-tera-producao-de-lubrificantes-a-base-de-oleo-usado-e-diesel-r10-diz-diretor\/\"},\"wordCount\":356,\"publisher\":{\"@id\":\"https:\/\/agenciainfra.com\/blog\/#organization\"},\"image\":{\"@id\":\"https:\/\/agenciainfra.com\/blog\/petrobras-tera-producao-de-lubrificantes-a-base-de-oleo-usado-e-diesel-r10-diz-diretor\/#primaryimage\"},\"thumbnailUrl\":\"https:\/\/agenciainfra.com\/blog\/wp-content\/uploads\/2021\/01\/petrobras-foto-pedro-teixeira-agencia-brasil.jpg\",\"keywords\":[\"diesel\",\"diesel R10\",\"Gabriel Vasconcelos\",\"lubrificantes\",\"Petrobras\",\"william fran\u00e7a\"],\"articleSection\":[\"Destaque lista\",\"Geral\",\"\u00d3leo &amp; G\u00e1s\"],\"inLanguage\":\"pt-BR\",\"copyrightYear\":\"2025\",\"copyrightHolder\":{\"@id\":\"https:\/\/agenciainfra.com\/blog\/#organization\"}},{\"@type\":\"WebPage\",\"@id\":\"https:\/\/agenciainfra.com\/blog\/petrobras-tera-producao-de-lubrificantes-a-base-de-oleo-usado-e-diesel-r10-diz-diretor\/\",\"url\":\"https:\/\/agenciainfra.com\/blog\/petrobras-tera-producao-de-lubrificantes-a-base-de-oleo-usado-e-diesel-r10-diz-diretor\/\",\"name\":\"Petrobras ter\u00e1 produ\u00e7\u00e3o de lubrificantes a base de \u00f3leo usado e diesel R10, diz diretor - Ag\u00eancia iNFRA\",\"isPartOf\":{\"@id\":\"https:\/\/agenciainfra.com\/blog\/#website\"},\"primaryImageOfPage\":{\"@id\":\"https:\/\/agenciainfra.com\/blog\/petrobras-tera-producao-de-lubrificantes-a-base-de-oleo-usado-e-diesel-r10-diz-diretor\/#primaryimage\"},\"image\":{\"@id\":\"https:\/\/agenciainfra.com\/blog\/petrobras-tera-producao-de-lubrificantes-a-base-de-oleo-usado-e-diesel-r10-diz-diretor\/#primaryimage\"},\"thumbnailUrl\":\"https:\/\/agenciainfra.com\/blog\/wp-content\/uploads\/2021\/01\/petrobras-foto-pedro-teixeira-agencia-brasil.jpg\",\"datePublished\":\"2025-07-03T18:21:14+00:00\",\"dateModified\":\"2025-07-04T17:33:41+00:00\",\"breadcrumb\":{\"@id\":\"https:\/\/agenciainfra.com\/blog\/petrobras-tera-producao-de-lubrificantes-a-base-de-oleo-usado-e-diesel-r10-diz-diretor\/#breadcrumb\"},\"inLanguage\":\"pt-BR\",\"potentialAction\":[{\"@type\":\"ReadAction\",\"target\":[\"https:\/\/agenciainfra.com\/blog\/petrobras-tera-producao-de-lubrificantes-a-base-de-oleo-usado-e-diesel-r10-diz-diretor\/\"]}]},{\"@type\":\"ImageObject\",\"inLanguage\":\"pt-BR\",\"@id\":\"https:\/\/agenciainfra.com\/blog\/petrobras-tera-producao-de-lubrificantes-a-base-de-oleo-usado-e-diesel-r10-diz-diretor\/#primaryimage\",\"url\":\"https:\/\/agenciainfra.com\/blog\/wp-content\/uploads\/2021\/01\/petrobras-foto-pedro-teixeira-agencia-brasil.jpg\",\"contentUrl\":\"https:\/\/agenciainfra.com\/blog\/wp-content\/uploads\/2021\/01\/petrobras-foto-pedro-teixeira-agencia-brasil.jpg\",\"width\":1280,\"height\":768,\"caption\":\"Foto: Pedro Teixeira\/Ag\u00eancia Brasil\"},{\"@type\":\"BreadcrumbList\",\"@id\":\"https:\/\/agenciainfra.com\/blog\/petrobras-tera-producao-de-lubrificantes-a-base-de-oleo-usado-e-diesel-r10-diz-diretor\/#breadcrumb\",\"itemListElement\":[{\"@type\":\"ListItem\",\"position\":1,\"name\":\"In\u00edcio\",\"item\":\"https:\/\/agenciainfra.com\/blog\/\"},{\"@type\":\"ListItem\",\"position\":2,\"name\":\"Petrobras ter\u00e1 produ\u00e7\u00e3o de lubrificantes a base de \u00f3leo usado e diesel R10, diz diretor\"}]},{\"@type\":\"WebSite\",\"@id\":\"https:\/\/agenciainfra.com\/blog\/#website\",\"url\":\"https:\/\/agenciainfra.com\/blog\/\",\"name\":\"Ag\u00eancia iNFRA\",\"description\":\"Multiplataforma de informa\u00e7\u00e3o jornal\u00edstica refer\u00eancia na \u00e1rea de infraestrutura no Brasil!\",\"publisher\":{\"@id\":\"https:\/\/agenciainfra.com\/blog\/#organization\"},\"potentialAction\":[{\"@type\":\"SearchAction\",\"target\":{\"@type\":\"EntryPoint\",\"urlTemplate\":\"https:\/\/agenciainfra.com\/blog\/?s={search_term_string}\"},\"query-input\":{\"@type\":\"PropertyValueSpecification\",\"valueRequired\":true,\"valueName\":\"search_term_string\"}}],\"inLanguage\":\"pt-BR\"},{\"@type\":\"Organization\",\"@id\":\"https:\/\/agenciainfra.com\/blog\/#organization\",\"name\":\"Ag\u00eancia iNFRA\",\"url\":\"https:\/\/agenciainfra.com\/blog\/\",\"logo\":{\"@type\":\"ImageObject\",\"inLanguage\":\"pt-BR\",\"@id\":\"https:\/\/agenciainfra.com\/blog\/#\/schema\/logo\/image\/\",\"url\":\"https:\/\/agenciainfra.com\/blog\/wp-content\/uploads\/2023\/09\/iNFRA_5-e1761735885940.png\",\"contentUrl\":\"https:\/\/agenciainfra.com\/blog\/wp-content\/uploads\/2023\/09\/iNFRA_5-e1761735885940.png\",\"width\":1672,\"height\":454,\"caption\":\"Ag\u00eancia iNFRA\"},\"image\":{\"@id\":\"https:\/\/agenciainfra.com\/blog\/#\/schema\/logo\/image\/\"},\"sameAs\":[\"https:\/\/www.facebook.com\/ageninfra\",\"https:\/\/x.com\/agencia_infra\",\"https:\/\/www.linkedin.com\/company\/ag\u00eanciainfra\/\",\"https:\/\/www.instagram.com\/agenciainfra\/\"]},{\"@type\":\"Person\",\"@id\":\"https:\/\/agenciainfra.com\/blog\/#\/schema\/person\/34af08dff6adea4cb22b06612ba7acfa\",\"name\":\"Ag\u00eancia iNFRA\",\"image\":{\"@type\":\"ImageObject\",\"inLanguage\":\"pt-BR\",\"@id\":\"https:\/\/agenciainfra.com\/blog\/#\/schema\/person\/image\/\",\"url\":\"https:\/\/secure.gravatar.com\/avatar\/d189e01678f06d8eb84d4e01f08eb848b3fffe3f8443818d3c356c66892f5be8?s=96&d=mm&r=g\",\"contentUrl\":\"https:\/\/secure.gravatar.com\/avatar\/d189e01678f06d8eb84d4e01f08eb848b3fffe3f8443818d3c356c66892f5be8?s=96&d=mm&r=g\",\"caption\":\"Ag\u00eancia iNFRA\"},\"url\":\"https:\/\/agenciainfra.com\/blog\/author\/admin\/\"}]}<\/script>\n<!-- \/ Yoast SEO Premium plugin. -->","yoast_head_json":{"title":"Petrobras ter\u00e1 produ\u00e7\u00e3o de lubrificantes a base de \u00f3leo usado e diesel R10, diz diretor - Ag\u00eancia iNFRA","robots":{"index":"index","follow":"follow","max-snippet":"max-snippet:-1","max-image-preview":"max-image-preview:large","max-video-preview":"max-video-preview:-1"},"canonical":"https:\/\/agenciainfra.com\/blog\/petrobras-tera-producao-de-lubrificantes-a-base-de-oleo-usado-e-diesel-r10-diz-diretor\/","og_locale":"pt_BR","og_type":"article","og_title":"Petrobras ter\u00e1 produ\u00e7\u00e3o de lubrificantes a base de \u00f3leo usado e diesel R10, diz diretor","og_description":"Gabriel Vasconcelos, da Ag\u00eancia iNFRA A Petrobras vai entrar no mercado de &#8220;rerrefino&#8221; de lubrificantes usados para incrementar a produ\u00e7\u00e3o desse derivado do petr\u00f3leo e far\u00e1, ainda neste m\u00eas de julho, testes para fabrica\u00e7\u00e3o de diesel R 10% renov\u00e1vel. Os an\u00fancios foram feitos nesta quinta-feira (3) pelo diretor de processos industriais e produtos da estatal, [&hellip;]","og_url":"https:\/\/agenciainfra.com\/blog\/petrobras-tera-producao-de-lubrificantes-a-base-de-oleo-usado-e-diesel-r10-diz-diretor\/","og_site_name":"Ag\u00eancia iNFRA","article_publisher":"https:\/\/www.facebook.com\/ageninfra","article_published_time":"2025-07-03T18:21:14+00:00","article_modified_time":"2025-07-04T17:33:41+00:00","og_image":[{"width":1280,"height":768,"url":"https:\/\/agenciainfra.com\/blog\/wp-content\/uploads\/2021\/01\/petrobras-foto-pedro-teixeira-agencia-brasil.jpg","type":"image\/jpeg"}],"author":"Ag\u00eancia iNFRA","twitter_card":"summary_large_image","twitter_creator":"@agencia_infra","twitter_site":"@agencia_infra","twitter_misc":{"Escrito por":"Ag\u00eancia iNFRA","Est. tempo de leitura":"2 minutos"},"schema":{"@context":"https:\/\/schema.org","@graph":[{"@type":"Article","@id":"https:\/\/agenciainfra.com\/blog\/petrobras-tera-producao-de-lubrificantes-a-base-de-oleo-usado-e-diesel-r10-diz-diretor\/#article","isPartOf":{"@id":"https:\/\/agenciainfra.com\/blog\/petrobras-tera-producao-de-lubrificantes-a-base-de-oleo-usado-e-diesel-r10-diz-diretor\/"},"author":{"name":"Ag\u00eancia iNFRA","@id":"https:\/\/agenciainfra.com\/blog\/#\/schema\/person\/34af08dff6adea4cb22b06612ba7acfa"},"headline":"Petrobras ter\u00e1 produ\u00e7\u00e3o de lubrificantes a base de \u00f3leo usado e diesel R10, diz diretor","datePublished":"2025-07-03T18:21:14+00:00","dateModified":"2025-07-04T17:33:41+00:00","mainEntityOfPage":{"@id":"https:\/\/agenciainfra.com\/blog\/petrobras-tera-producao-de-lubrificantes-a-base-de-oleo-usado-e-diesel-r10-diz-diretor\/"},"wordCount":356,"publisher":{"@id":"https:\/\/agenciainfra.com\/blog\/#organization"},"image":{"@id":"https:\/\/agenciainfra.com\/blog\/petrobras-tera-producao-de-lubrificantes-a-base-de-oleo-usado-e-diesel-r10-diz-diretor\/#primaryimage"},"thumbnailUrl":"https:\/\/agenciainfra.com\/blog\/wp-content\/uploads\/2021\/01\/petrobras-foto-pedro-teixeira-agencia-brasil.jpg","keywords":["diesel","diesel R10","Gabriel Vasconcelos","lubrificantes","Petrobras","william fran\u00e7a"],"articleSection":["Destaque lista","Geral","\u00d3leo &amp; G\u00e1s"],"inLanguage":"pt-BR","copyrightYear":"2025","copyrightHolder":{"@id":"https:\/\/agenciainfra.com\/blog\/#organization"}},{"@type":"WebPage","@id":"https:\/\/agenciainfra.com\/blog\/petrobras-tera-producao-de-lubrificantes-a-base-de-oleo-usado-e-diesel-r10-diz-diretor\/","url":"https:\/\/agenciainfra.com\/blog\/petrobras-tera-producao-de-lubrificantes-a-base-de-oleo-usado-e-diesel-r10-diz-diretor\/","name":"Petrobras ter\u00e1 produ\u00e7\u00e3o de lubrificantes a base de \u00f3leo usado e diesel R10, diz diretor - Ag\u00eancia iNFRA","isPartOf":{"@id":"https:\/\/agenciainfra.com\/blog\/#website"},"primaryImageOfPage":{"@id":"https:\/\/agenciainfra.com\/blog\/petrobras-tera-producao-de-lubrificantes-a-base-de-oleo-usado-e-diesel-r10-diz-diretor\/#primaryimage"},"image":{"@id":"https:\/\/agenciainfra.com\/blog\/petrobras-tera-producao-de-lubrificantes-a-base-de-oleo-usado-e-diesel-r10-diz-diretor\/#primaryimage"},"thumbnailUrl":"https:\/\/agenciainfra.com\/blog\/wp-content\/uploads\/2021\/01\/petrobras-foto-pedro-teixeira-agencia-brasil.jpg","datePublished":"2025-07-03T18:21:14+00:00","dateModified":"2025-07-04T17:33:41+00:00","breadcrumb":{"@id":"https:\/\/agenciainfra.com\/blog\/petrobras-tera-producao-de-lubrificantes-a-base-de-oleo-usado-e-diesel-r10-diz-diretor\/#breadcrumb"},"inLanguage":"pt-BR","potentialAction":[{"@type":"ReadAction","target":["https:\/\/agenciainfra.com\/blog\/petrobras-tera-producao-de-lubrificantes-a-base-de-oleo-usado-e-diesel-r10-diz-diretor\/"]}]},{"@type":"ImageObject","inLanguage":"pt-BR","@id":"https:\/\/agenciainfra.com\/blog\/petrobras-tera-producao-de-lubrificantes-a-base-de-oleo-usado-e-diesel-r10-diz-diretor\/#primaryimage","url":"https:\/\/agenciainfra.com\/blog\/wp-content\/uploads\/2021\/01\/petrobras-foto-pedro-teixeira-agencia-brasil.jpg","contentUrl":"https:\/\/agenciainfra.com\/blog\/wp-content\/uploads\/2021\/01\/petrobras-foto-pedro-teixeira-agencia-brasil.jpg","width":1280,"height":768,"caption":"Foto: Pedro Teixeira\/Ag\u00eancia Brasil"},{"@type":"BreadcrumbList","@id":"https:\/\/agenciainfra.com\/blog\/petrobras-tera-producao-de-lubrificantes-a-base-de-oleo-usado-e-diesel-r10-diz-diretor\/#breadcrumb","itemListElement":[{"@type":"ListItem","position":1,"name":"In\u00edcio","item":"https:\/\/agenciainfra.com\/blog\/"},{"@type":"ListItem","position":2,"name":"Petrobras ter\u00e1 produ\u00e7\u00e3o de lubrificantes a base de \u00f3leo usado e diesel R10, diz diretor"}]},{"@type":"WebSite","@id":"https:\/\/agenciainfra.com\/blog\/#website","url":"https:\/\/agenciainfra.com\/blog\/","name":"Ag\u00eancia iNFRA","description":"Multiplataforma de informa\u00e7\u00e3o jornal\u00edstica refer\u00eancia na \u00e1rea de infraestrutura no Brasil!","publisher":{"@id":"https:\/\/agenciainfra.com\/blog\/#organization"},"potentialAction":[{"@type":"SearchAction","target":{"@type":"EntryPoint","urlTemplate":"https:\/\/agenciainfra.com\/blog\/?s={search_term_string}"},"query-input":{"@type":"PropertyValueSpecification","valueRequired":true,"valueName":"search_term_string"}}],"inLanguage":"pt-BR"},{"@type":"Organization","@id":"https:\/\/agenciainfra.com\/blog\/#organization","name":"Ag\u00eancia iNFRA","url":"https:\/\/agenciainfra.com\/blog\/","logo":{"@type":"ImageObject","inLanguage":"pt-BR","@id":"https:\/\/agenciainfra.com\/blog\/#\/schema\/logo\/image\/","url":"https:\/\/agenciainfra.com\/blog\/wp-content\/uploads\/2023\/09\/iNFRA_5-e1761735885940.png","contentUrl":"https:\/\/agenciainfra.com\/blog\/wp-content\/uploads\/2023\/09\/iNFRA_5-e1761735885940.png","width":1672,"height":454,"caption":"Ag\u00eancia iNFRA"},"image":{"@id":"https:\/\/agenciainfra.com\/blog\/#\/schema\/logo\/image\/"},"sameAs":["https:\/\/www.facebook.com\/ageninfra","https:\/\/x.com\/agencia_infra","https:\/\/www.linkedin.com\/company\/ag\u00eanciainfra\/","https:\/\/www.instagram.com\/agenciainfra\/"]},{"@type":"Person","@id":"https:\/\/agenciainfra.com\/blog\/#\/schema\/person\/34af08dff6adea4cb22b06612ba7acfa","name":"Ag\u00eancia iNFRA","image":{"@type":"ImageObject","inLanguage":"pt-BR","@id":"https:\/\/agenciainfra.com\/blog\/#\/schema\/person\/image\/","url":"https:\/\/secure.gravatar.com\/avatar\/d189e01678f06d8eb84d4e01f08eb848b3fffe3f8443818d3c356c66892f5be8?s=96&d=mm&r=g","contentUrl":"https:\/\/secure.gravatar.com\/avatar\/d189e01678f06d8eb84d4e01f08eb848b3fffe3f8443818d3c356c66892f5be8?s=96&d=mm&r=g","caption":"Ag\u00eancia iNFRA"},"url":"https:\/\/agenciainfra.com\/blog\/author\/admin\/"}]}},"_links":{"self":[{"href":"https:\/\/agenciainfra.com\/blog\/wp-json\/wp\/v2\/posts\/24023","targetHints":{"allow":["GET"]}}],"collection":[{"href":"https:\/\/agenciainfra.com\/blog\/wp-json\/wp\/v2\/posts"}],"about":[{"href":"https:\/\/agenciainfra.com\/blog\/wp-json\/wp\/v2\/types\/post"}],"author":[{"embeddable":true,"href":"https:\/\/agenciainfra.com\/blog\/wp-json\/wp\/v2\/users\/1"}],"replies":[{"embeddable":true,"href":"https:\/\/agenciainfra.com\/blog\/wp-json\/wp\/v2\/comments?post=24023"}],"version-history":[{"count":2,"href":"https:\/\/agenciainfra.com\/blog\/wp-json\/wp\/v2\/posts\/24023\/revisions"}],"predecessor-version":[{"id":24046,"href":"https:\/\/agenciainfra.com\/blog\/wp-json\/wp\/v2\/posts\/24023\/revisions\/24046"}],"wp:featuredmedia":[{"embeddable":true,"href":"https:\/\/agenciainfra.com\/blog\/wp-json\/wp\/v2\/media\/6701"}],"wp:attachment":[{"href":"https:\/\/agenciainfra.com\/blog\/wp-json\/wp\/v2\/media?parent=24023"}],"wp:term":[{"taxonomy":"category","embeddable":true,"href":"https:\/\/agenciainfra.com\/blog\/wp-json\/wp\/v2\/categories?post=24023"},{"taxonomy":"post_tag","embeddable":true,"href":"https:\/\/agenciainfra.com\/blog\/wp-json\/wp\/v2\/tags?post=24023"}],"curies":[{"name":"wp","href":"https:\/\/api.w.org\/{rel}","templated":true}]}}