{"id":24034,"date":"2025-07-03T18:06:19","date_gmt":"2025-07-03T21:06:19","guid":{"rendered":"https:\/\/agenciainfra.com\/blog\/?p=24034"},"modified":"2025-07-03T18:15:55","modified_gmt":"2025-07-03T21:15:55","slug":"aviacao-civil-cresce-108-na-regiao-sul","status":"publish","type":"post","link":"https:\/\/agenciainfra.com\/blog\/aviacao-civil-cresce-108-na-regiao-sul\/","title":{"rendered":"Avia\u00e7\u00e3o civil cresce 10,8% na regi\u00e3o Sul nos primeiros cinco meses do ano"},"content":{"rendered":"\n<p class=\"has-text-align-right\"><strong>da Ag\u00eancia iNFRA<\/strong><\/p>\n\n\n\n<p>A avia\u00e7\u00e3o civil na regi\u00e3o Sul do Brasil registrou crescimento de 10,8% entre janeiro e maio deste ano, impulsionada pelo turismo de inverno e pela expans\u00e3o da infraestrutura aeroportu\u00e1ria. No total, a regi\u00e3o Sul movimentou 51,5 milh\u00f5es de passageiros no per\u00edodo, crescimento de 7,05% frente a 2024, segundo a ANAC (Ag\u00eancia Nacional de Avia\u00e7\u00e3o Civil).<\/p>\n\n\n\n<p>De acordo com o Relat\u00f3rio de Demanda e Oferta, os aeroportos da regi\u00e3o j\u00e1 superam os n\u00edveis pr\u00e9-pandemia, com destaque para maio, que teve crescimento de 17,9%, muito acima do 0,3% registrado no mesmo m\u00eas de 2024. No per\u00edodo, foram 10,4 milh\u00f5es de passageiros transportados, entre voos dom\u00e9sticos e internacionais, alta de 13,8% em rela\u00e7\u00e3o ao ano anterior.<\/p>\n\n\n\n<p>Entre os aeroportos com maior avan\u00e7o nos primeiros cinco meses do ano, Florian\u00f3polis lidera com alta de 20,59%, seguido por Porto Alegre, com crescimento de 18,54%, Maring\u00e1 com 12,28%, e Joinville, que apresentou expans\u00e3o de 13,15%.&nbsp;<\/p>\n\n\n\n<p>Al\u00e9m do per\u00edodo pand\u00eamico, o desempenho positivo ocorre ap\u00f3s os impactos das enchentes no Rio Grande do Sul no ano passado, sinalizando uma recupera\u00e7\u00e3o s\u00f3lida.&nbsp;<\/p>\n\n\n\n<p><\/p>\n\n\n\n<p><\/p>\n","protected":false},"excerpt":{"rendered":"<p>da Ag\u00eancia iNFRA A avia\u00e7\u00e3o civil na regi\u00e3o Sul do Brasil registrou crescimento de 10,8% entre janeiro e maio deste ano, impulsionada pelo turismo de inverno e pela expans\u00e3o da infraestrutura aeroportu\u00e1ria. No total, a regi\u00e3o Sul movimentou 51,5 milh\u00f5es de passageiros no per\u00edodo, crescimento de 7,05% frente a 2024, segundo a ANAC (Ag\u00eancia Nacional [&hellip;]<\/p>\n","protected":false},"author":1,"featured_media":24039,"comment_status":"closed","ping_status":"closed","sticky":false,"template":"","format":"standard","meta":{"_monsterinsights_skip_tracking":false,"_monsterinsights_sitenote_active":false,"_monsterinsights_sitenote_note":"","_monsterinsights_sitenote_category":0,"footnotes":""},"categories":[1,13576],"tags":[107,242,599,14062,5649,4657],"class_list":["post-24034","post","type-post","status-publish","format-standard","has-post-thumbnail","hentry","category-geral","category-giro-infra","tag-aeroportos","tag-anac","tag-aviacao-civil","tag-movimentacao-aerea","tag-voos-domesticos","tag-voos-internacionais"],"yoast_head":"<!-- This site is optimized with the Yoast SEO Premium plugin v25.4 (Yoast SEO v26.0) - https:\/\/yoast.com\/wordpress\/plugins\/seo\/ -->\n<title>Avia\u00e7\u00e3o civil cresce 10,8% na regi\u00e3o Sul nos primeiros cinco meses do ano - Ag\u00eancia iNFRA<\/title>\n<meta name=\"robots\" content=\"index, follow, max-snippet:-1, max-image-preview:large, max-video-preview:-1\" \/>\n<link rel=\"canonical\" href=\"https:\/\/agenciainfra.com\/blog\/aviacao-civil-cresce-108-na-regiao-sul\/\" \/>\n<meta property=\"og:locale\" content=\"pt_BR\" \/>\n<meta property=\"og:type\" content=\"article\" \/>\n<meta property=\"og:title\" content=\"Avia\u00e7\u00e3o civil cresce 10,8% na regi\u00e3o Sul nos primeiros cinco meses do ano\" \/>\n<meta property=\"og:description\" content=\"da Ag\u00eancia iNFRA A avia\u00e7\u00e3o civil na regi\u00e3o Sul do Brasil registrou crescimento de 10,8% entre janeiro e maio deste ano, impulsionada pelo turismo de inverno e pela expans\u00e3o da infraestrutura aeroportu\u00e1ria. No total, a regi\u00e3o Sul movimentou 51,5 milh\u00f5es de passageiros no per\u00edodo, crescimento de 7,05% frente a 2024, segundo a ANAC (Ag\u00eancia Nacional [&hellip;]\" \/>\n<meta property=\"og:url\" content=\"https:\/\/agenciainfra.com\/blog\/aviacao-civil-cresce-108-na-regiao-sul\/\" \/>\n<meta property=\"og:site_name\" content=\"Ag\u00eancia iNFRA\" \/>\n<meta property=\"article:publisher\" content=\"https:\/\/www.facebook.com\/ageninfra\" \/>\n<meta property=\"article:published_time\" content=\"2025-07-03T21:06:19+00:00\" \/>\n<meta property=\"article:modified_time\" content=\"2025-07-03T21:15:55+00:00\" \/>\n<meta property=\"og:image\" content=\"https:\/\/agenciainfra.com\/blog\/wp-content\/uploads\/2025\/07\/Foto-FraportBrasil.jpg\" \/>\n\t<meta property=\"og:image:width\" content=\"1280\" \/>\n\t<meta property=\"og:image:height\" content=\"854\" \/>\n\t<meta property=\"og:image:type\" content=\"image\/jpeg\" \/>\n<meta name=\"author\" content=\"Ag\u00eancia iNFRA\" \/>\n<meta name=\"twitter:card\" content=\"summary_large_image\" \/>\n<meta name=\"twitter:creator\" content=\"@agencia_infra\" \/>\n<meta name=\"twitter:site\" content=\"@agencia_infra\" \/>\n<meta name=\"twitter:label1\" content=\"Escrito por\" \/>\n\t<meta name=\"twitter:data1\" content=\"Ag\u00eancia iNFRA\" \/>\n\t<meta name=\"twitter:label2\" content=\"Est. tempo de leitura\" \/>\n\t<meta name=\"twitter:data2\" content=\"1 minuto\" \/>\n<script type=\"application\/ld+json\" class=\"yoast-schema-graph\">{\"@context\":\"https:\/\/schema.org\",\"@graph\":[{\"@type\":\"Article\",\"@id\":\"https:\/\/agenciainfra.com\/blog\/aviacao-civil-cresce-108-na-regiao-sul\/#article\",\"isPartOf\":{\"@id\":\"https:\/\/agenciainfra.com\/blog\/aviacao-civil-cresce-108-na-regiao-sul\/\"},\"author\":{\"name\":\"Ag\u00eancia iNFRA\",\"@id\":\"https:\/\/agenciainfra.com\/blog\/#\/schema\/person\/34af08dff6adea4cb22b06612ba7acfa\"},\"headline\":\"Avia\u00e7\u00e3o civil cresce 10,8% na regi\u00e3o Sul nos primeiros cinco meses do ano\",\"datePublished\":\"2025-07-03T21:06:19+00:00\",\"dateModified\":\"2025-07-03T21:15:55+00:00\",\"mainEntityOfPage\":{\"@id\":\"https:\/\/agenciainfra.com\/blog\/aviacao-civil-cresce-108-na-regiao-sul\/\"},\"wordCount\":208,\"publisher\":{\"@id\":\"https:\/\/agenciainfra.com\/blog\/#organization\"},\"image\":{\"@id\":\"https:\/\/agenciainfra.com\/blog\/aviacao-civil-cresce-108-na-regiao-sul\/#primaryimage\"},\"thumbnailUrl\":\"https:\/\/agenciainfra.com\/blog\/wp-content\/uploads\/2025\/07\/Foto-FraportBrasil.jpg\",\"keywords\":[\"aeroportos\",\"ANAC\",\"avia\u00e7\u00e3o civil\",\"movimenta\u00e7\u00e3o a\u00e9rea\",\"voos dom\u00e9sticos\",\"voos internacionais\"],\"articleSection\":[\"Geral\",\"Giro iNFRA\"],\"inLanguage\":\"pt-BR\",\"copyrightYear\":\"2025\",\"copyrightHolder\":{\"@id\":\"https:\/\/agenciainfra.com\/blog\/#organization\"}},{\"@type\":\"WebPage\",\"@id\":\"https:\/\/agenciainfra.com\/blog\/aviacao-civil-cresce-108-na-regiao-sul\/\",\"url\":\"https:\/\/agenciainfra.com\/blog\/aviacao-civil-cresce-108-na-regiao-sul\/\",\"name\":\"Avia\u00e7\u00e3o civil cresce 10,8% na regi\u00e3o Sul nos primeiros cinco meses do ano - Ag\u00eancia iNFRA\",\"isPartOf\":{\"@id\":\"https:\/\/agenciainfra.com\/blog\/#website\"},\"primaryImageOfPage\":{\"@id\":\"https:\/\/agenciainfra.com\/blog\/aviacao-civil-cresce-108-na-regiao-sul\/#primaryimage\"},\"image\":{\"@id\":\"https:\/\/agenciainfra.com\/blog\/aviacao-civil-cresce-108-na-regiao-sul\/#primaryimage\"},\"thumbnailUrl\":\"https:\/\/agenciainfra.com\/blog\/wp-content\/uploads\/2025\/07\/Foto-FraportBrasil.jpg\",\"datePublished\":\"2025-07-03T21:06:19+00:00\",\"dateModified\":\"2025-07-03T21:15:55+00:00\",\"breadcrumb\":{\"@id\":\"https:\/\/agenciainfra.com\/blog\/aviacao-civil-cresce-108-na-regiao-sul\/#breadcrumb\"},\"inLanguage\":\"pt-BR\",\"potentialAction\":[{\"@type\":\"ReadAction\",\"target\":[\"https:\/\/agenciainfra.com\/blog\/aviacao-civil-cresce-108-na-regiao-sul\/\"]}]},{\"@type\":\"ImageObject\",\"inLanguage\":\"pt-BR\",\"@id\":\"https:\/\/agenciainfra.com\/blog\/aviacao-civil-cresce-108-na-regiao-sul\/#primaryimage\",\"url\":\"https:\/\/agenciainfra.com\/blog\/wp-content\/uploads\/2025\/07\/Foto-FraportBrasil.jpg\",\"contentUrl\":\"https:\/\/agenciainfra.com\/blog\/wp-content\/uploads\/2025\/07\/Foto-FraportBrasil.jpg\",\"width\":1280,\"height\":854,\"caption\":\"Foto: Fraport\/Divulga\u00e7\u00e3o\"},{\"@type\":\"BreadcrumbList\",\"@id\":\"https:\/\/agenciainfra.com\/blog\/aviacao-civil-cresce-108-na-regiao-sul\/#breadcrumb\",\"itemListElement\":[{\"@type\":\"ListItem\",\"position\":1,\"name\":\"In\u00edcio\",\"item\":\"https:\/\/agenciainfra.com\/blog\/\"},{\"@type\":\"ListItem\",\"position\":2,\"name\":\"Avia\u00e7\u00e3o civil cresce 10,8% na regi\u00e3o Sul nos primeiros cinco meses do ano\"}]},{\"@type\":\"WebSite\",\"@id\":\"https:\/\/agenciainfra.com\/blog\/#website\",\"url\":\"https:\/\/agenciainfra.com\/blog\/\",\"name\":\"Ag\u00eancia iNFRA\",\"description\":\"Multiplataforma de informa\u00e7\u00e3o jornal\u00edstica refer\u00eancia na \u00e1rea de infraestrutura no Brasil!\",\"publisher\":{\"@id\":\"https:\/\/agenciainfra.com\/blog\/#organization\"},\"potentialAction\":[{\"@type\":\"SearchAction\",\"target\":{\"@type\":\"EntryPoint\",\"urlTemplate\":\"https:\/\/agenciainfra.com\/blog\/?s={search_term_string}\"},\"query-input\":{\"@type\":\"PropertyValueSpecification\",\"valueRequired\":true,\"valueName\":\"search_term_string\"}}],\"inLanguage\":\"pt-BR\"},{\"@type\":\"Organization\",\"@id\":\"https:\/\/agenciainfra.com\/blog\/#organization\",\"name\":\"Ag\u00eancia iNFRA\",\"url\":\"https:\/\/agenciainfra.com\/blog\/\",\"logo\":{\"@type\":\"ImageObject\",\"inLanguage\":\"pt-BR\",\"@id\":\"https:\/\/agenciainfra.com\/blog\/#\/schema\/logo\/image\/\",\"url\":\"https:\/\/agenciainfra.com\/blog\/wp-content\/uploads\/2023\/09\/iNFRA_5-e1761735885940.png\",\"contentUrl\":\"https:\/\/agenciainfra.com\/blog\/wp-content\/uploads\/2023\/09\/iNFRA_5-e1761735885940.png\",\"width\":1672,\"height\":454,\"caption\":\"Ag\u00eancia iNFRA\"},\"image\":{\"@id\":\"https:\/\/agenciainfra.com\/blog\/#\/schema\/logo\/image\/\"},\"sameAs\":[\"https:\/\/www.facebook.com\/ageninfra\",\"https:\/\/x.com\/agencia_infra\",\"https:\/\/www.linkedin.com\/company\/ag\u00eanciainfra\/\",\"https:\/\/www.instagram.com\/agenciainfra\/\"]},{\"@type\":\"Person\",\"@id\":\"https:\/\/agenciainfra.com\/blog\/#\/schema\/person\/34af08dff6adea4cb22b06612ba7acfa\",\"name\":\"Ag\u00eancia iNFRA\",\"image\":{\"@type\":\"ImageObject\",\"inLanguage\":\"pt-BR\",\"@id\":\"https:\/\/agenciainfra.com\/blog\/#\/schema\/person\/image\/\",\"url\":\"https:\/\/secure.gravatar.com\/avatar\/d189e01678f06d8eb84d4e01f08eb848b3fffe3f8443818d3c356c66892f5be8?s=96&d=mm&r=g\",\"contentUrl\":\"https:\/\/secure.gravatar.com\/avatar\/d189e01678f06d8eb84d4e01f08eb848b3fffe3f8443818d3c356c66892f5be8?s=96&d=mm&r=g\",\"caption\":\"Ag\u00eancia iNFRA\"},\"url\":\"https:\/\/agenciainfra.com\/blog\/author\/admin\/\"}]}<\/script>\n<!-- \/ Yoast SEO Premium plugin. -->","yoast_head_json":{"title":"Avia\u00e7\u00e3o civil cresce 10,8% na regi\u00e3o Sul nos primeiros cinco meses do ano - Ag\u00eancia iNFRA","robots":{"index":"index","follow":"follow","max-snippet":"max-snippet:-1","max-image-preview":"max-image-preview:large","max-video-preview":"max-video-preview:-1"},"canonical":"https:\/\/agenciainfra.com\/blog\/aviacao-civil-cresce-108-na-regiao-sul\/","og_locale":"pt_BR","og_type":"article","og_title":"Avia\u00e7\u00e3o civil cresce 10,8% na regi\u00e3o Sul nos primeiros cinco meses do ano","og_description":"da Ag\u00eancia iNFRA A avia\u00e7\u00e3o civil na regi\u00e3o Sul do Brasil registrou crescimento de 10,8% entre janeiro e maio deste ano, impulsionada pelo turismo de inverno e pela expans\u00e3o da infraestrutura aeroportu\u00e1ria. No total, a regi\u00e3o Sul movimentou 51,5 milh\u00f5es de passageiros no per\u00edodo, crescimento de 7,05% frente a 2024, segundo a ANAC (Ag\u00eancia Nacional [&hellip;]","og_url":"https:\/\/agenciainfra.com\/blog\/aviacao-civil-cresce-108-na-regiao-sul\/","og_site_name":"Ag\u00eancia iNFRA","article_publisher":"https:\/\/www.facebook.com\/ageninfra","article_published_time":"2025-07-03T21:06:19+00:00","article_modified_time":"2025-07-03T21:15:55+00:00","og_image":[{"width":1280,"height":854,"url":"https:\/\/agenciainfra.com\/blog\/wp-content\/uploads\/2025\/07\/Foto-FraportBrasil.jpg","type":"image\/jpeg"}],"author":"Ag\u00eancia iNFRA","twitter_card":"summary_large_image","twitter_creator":"@agencia_infra","twitter_site":"@agencia_infra","twitter_misc":{"Escrito por":"Ag\u00eancia iNFRA","Est. tempo de leitura":"1 minuto"},"schema":{"@context":"https:\/\/schema.org","@graph":[{"@type":"Article","@id":"https:\/\/agenciainfra.com\/blog\/aviacao-civil-cresce-108-na-regiao-sul\/#article","isPartOf":{"@id":"https:\/\/agenciainfra.com\/blog\/aviacao-civil-cresce-108-na-regiao-sul\/"},"author":{"name":"Ag\u00eancia iNFRA","@id":"https:\/\/agenciainfra.com\/blog\/#\/schema\/person\/34af08dff6adea4cb22b06612ba7acfa"},"headline":"Avia\u00e7\u00e3o civil cresce 10,8% na regi\u00e3o Sul nos primeiros cinco meses do ano","datePublished":"2025-07-03T21:06:19+00:00","dateModified":"2025-07-03T21:15:55+00:00","mainEntityOfPage":{"@id":"https:\/\/agenciainfra.com\/blog\/aviacao-civil-cresce-108-na-regiao-sul\/"},"wordCount":208,"publisher":{"@id":"https:\/\/agenciainfra.com\/blog\/#organization"},"image":{"@id":"https:\/\/agenciainfra.com\/blog\/aviacao-civil-cresce-108-na-regiao-sul\/#primaryimage"},"thumbnailUrl":"https:\/\/agenciainfra.com\/blog\/wp-content\/uploads\/2025\/07\/Foto-FraportBrasil.jpg","keywords":["aeroportos","ANAC","avia\u00e7\u00e3o civil","movimenta\u00e7\u00e3o a\u00e9rea","voos dom\u00e9sticos","voos internacionais"],"articleSection":["Geral","Giro iNFRA"],"inLanguage":"pt-BR","copyrightYear":"2025","copyrightHolder":{"@id":"https:\/\/agenciainfra.com\/blog\/#organization"}},{"@type":"WebPage","@id":"https:\/\/agenciainfra.com\/blog\/aviacao-civil-cresce-108-na-regiao-sul\/","url":"https:\/\/agenciainfra.com\/blog\/aviacao-civil-cresce-108-na-regiao-sul\/","name":"Avia\u00e7\u00e3o civil cresce 10,8% na regi\u00e3o Sul nos primeiros cinco meses do ano - Ag\u00eancia iNFRA","isPartOf":{"@id":"https:\/\/agenciainfra.com\/blog\/#website"},"primaryImageOfPage":{"@id":"https:\/\/agenciainfra.com\/blog\/aviacao-civil-cresce-108-na-regiao-sul\/#primaryimage"},"image":{"@id":"https:\/\/agenciainfra.com\/blog\/aviacao-civil-cresce-108-na-regiao-sul\/#primaryimage"},"thumbnailUrl":"https:\/\/agenciainfra.com\/blog\/wp-content\/uploads\/2025\/07\/Foto-FraportBrasil.jpg","datePublished":"2025-07-03T21:06:19+00:00","dateModified":"2025-07-03T21:15:55+00:00","breadcrumb":{"@id":"https:\/\/agenciainfra.com\/blog\/aviacao-civil-cresce-108-na-regiao-sul\/#breadcrumb"},"inLanguage":"pt-BR","potentialAction":[{"@type":"ReadAction","target":["https:\/\/agenciainfra.com\/blog\/aviacao-civil-cresce-108-na-regiao-sul\/"]}]},{"@type":"ImageObject","inLanguage":"pt-BR","@id":"https:\/\/agenciainfra.com\/blog\/aviacao-civil-cresce-108-na-regiao-sul\/#primaryimage","url":"https:\/\/agenciainfra.com\/blog\/wp-content\/uploads\/2025\/07\/Foto-FraportBrasil.jpg","contentUrl":"https:\/\/agenciainfra.com\/blog\/wp-content\/uploads\/2025\/07\/Foto-FraportBrasil.jpg","width":1280,"height":854,"caption":"Foto: Fraport\/Divulga\u00e7\u00e3o"},{"@type":"BreadcrumbList","@id":"https:\/\/agenciainfra.com\/blog\/aviacao-civil-cresce-108-na-regiao-sul\/#breadcrumb","itemListElement":[{"@type":"ListItem","position":1,"name":"In\u00edcio","item":"https:\/\/agenciainfra.com\/blog\/"},{"@type":"ListItem","position":2,"name":"Avia\u00e7\u00e3o civil cresce 10,8% na regi\u00e3o Sul nos primeiros cinco meses do ano"}]},{"@type":"WebSite","@id":"https:\/\/agenciainfra.com\/blog\/#website","url":"https:\/\/agenciainfra.com\/blog\/","name":"Ag\u00eancia iNFRA","description":"Multiplataforma de informa\u00e7\u00e3o jornal\u00edstica refer\u00eancia na \u00e1rea de infraestrutura no Brasil!","publisher":{"@id":"https:\/\/agenciainfra.com\/blog\/#organization"},"potentialAction":[{"@type":"SearchAction","target":{"@type":"EntryPoint","urlTemplate":"https:\/\/agenciainfra.com\/blog\/?s={search_term_string}"},"query-input":{"@type":"PropertyValueSpecification","valueRequired":true,"valueName":"search_term_string"}}],"inLanguage":"pt-BR"},{"@type":"Organization","@id":"https:\/\/agenciainfra.com\/blog\/#organization","name":"Ag\u00eancia iNFRA","url":"https:\/\/agenciainfra.com\/blog\/","logo":{"@type":"ImageObject","inLanguage":"pt-BR","@id":"https:\/\/agenciainfra.com\/blog\/#\/schema\/logo\/image\/","url":"https:\/\/agenciainfra.com\/blog\/wp-content\/uploads\/2023\/09\/iNFRA_5-e1761735885940.png","contentUrl":"https:\/\/agenciainfra.com\/blog\/wp-content\/uploads\/2023\/09\/iNFRA_5-e1761735885940.png","width":1672,"height":454,"caption":"Ag\u00eancia iNFRA"},"image":{"@id":"https:\/\/agenciainfra.com\/blog\/#\/schema\/logo\/image\/"},"sameAs":["https:\/\/www.facebook.com\/ageninfra","https:\/\/x.com\/agencia_infra","https:\/\/www.linkedin.com\/company\/ag\u00eanciainfra\/","https:\/\/www.instagram.com\/agenciainfra\/"]},{"@type":"Person","@id":"https:\/\/agenciainfra.com\/blog\/#\/schema\/person\/34af08dff6adea4cb22b06612ba7acfa","name":"Ag\u00eancia iNFRA","image":{"@type":"ImageObject","inLanguage":"pt-BR","@id":"https:\/\/agenciainfra.com\/blog\/#\/schema\/person\/image\/","url":"https:\/\/secure.gravatar.com\/avatar\/d189e01678f06d8eb84d4e01f08eb848b3fffe3f8443818d3c356c66892f5be8?s=96&d=mm&r=g","contentUrl":"https:\/\/secure.gravatar.com\/avatar\/d189e01678f06d8eb84d4e01f08eb848b3fffe3f8443818d3c356c66892f5be8?s=96&d=mm&r=g","caption":"Ag\u00eancia iNFRA"},"url":"https:\/\/agenciainfra.com\/blog\/author\/admin\/"}]}},"_links":{"self":[{"href":"https:\/\/agenciainfra.com\/blog\/wp-json\/wp\/v2\/posts\/24034","targetHints":{"allow":["GET"]}}],"collection":[{"href":"https:\/\/agenciainfra.com\/blog\/wp-json\/wp\/v2\/posts"}],"about":[{"href":"https:\/\/agenciainfra.com\/blog\/wp-json\/wp\/v2\/types\/post"}],"author":[{"embeddable":true,"href":"https:\/\/agenciainfra.com\/blog\/wp-json\/wp\/v2\/users\/1"}],"replies":[{"embeddable":true,"href":"https:\/\/agenciainfra.com\/blog\/wp-json\/wp\/v2\/comments?post=24034"}],"version-history":[{"count":4,"href":"https:\/\/agenciainfra.com\/blog\/wp-json\/wp\/v2\/posts\/24034\/revisions"}],"predecessor-version":[{"id":24047,"href":"https:\/\/agenciainfra.com\/blog\/wp-json\/wp\/v2\/posts\/24034\/revisions\/24047"}],"wp:featuredmedia":[{"embeddable":true,"href":"https:\/\/agenciainfra.com\/blog\/wp-json\/wp\/v2\/media\/24039"}],"wp:attachment":[{"href":"https:\/\/agenciainfra.com\/blog\/wp-json\/wp\/v2\/media?parent=24034"}],"wp:term":[{"taxonomy":"category","embeddable":true,"href":"https:\/\/agenciainfra.com\/blog\/wp-json\/wp\/v2\/categories?post=24034"},{"taxonomy":"post_tag","embeddable":true,"href":"https:\/\/agenciainfra.com\/blog\/wp-json\/wp\/v2\/tags?post=24034"}],"curies":[{"name":"wp","href":"https:\/\/api.w.org\/{rel}","templated":true}]}}