{"id":24048,"date":"2025-07-03T18:50:07","date_gmt":"2025-07-03T21:50:07","guid":{"rendered":"https:\/\/agenciainfra.com\/blog\/?p=24048"},"modified":"2025-07-03T19:01:23","modified_gmt":"2025-07-03T22:01:23","slug":"senado-instala-frente-parlamentar-para-apoiar-exploracao-de-petroleo-na-margem-equatorial","status":"publish","type":"post","link":"https:\/\/agenciainfra.com\/blog\/senado-instala-frente-parlamentar-para-apoiar-exploracao-de-petroleo-na-margem-equatorial\/","title":{"rendered":"Senado instala frente parlamentar para apoiar explora\u00e7\u00e3o de petr\u00f3leo na Margem Equatorial"},"content":{"rendered":"\n<p class=\"has-text-align-right\"><strong>da Ag\u00eancia iNFRA<\/strong><\/p>\n\n\n\n<p>Foi instalada nesta quarta-feira (2), no Senado Federal, a Frente Parlamentar em Defesa da Explora\u00e7\u00e3o de Petr\u00f3leo na Margem Equatorial do Brasil. O colegiado, que ser\u00e1 presidido pelo senador Zequinha Marinho (Podemos-PA), com o senador Lucas Barreto (PSD-AP) na vice-presid\u00eancia, tem como objetivo apoiar a\u00e7\u00f5es legislativas e acompanhar o licenciamento ambiental voltado \u00e0 explora\u00e7\u00e3o de petr\u00f3leo na regi\u00e3o que se estende do Amap\u00e1 ao Rio Grande do Norte.<\/p>\n\n\n\n<p>Criada por meio do <a href=\"https:\/\/www25.senado.leg.br\/web\/atividade\/materias\/-\/materia\/167100\">PRS (Projeto de Resolu\u00e7\u00e3o do Senado) 2\/2025<\/a>, a iniciativa re\u00fane 13 senadores de diferentes estados, como Maranh\u00e3o, Bahia, Sergipe, Rio Grande do Sul e da Regi\u00e3o Norte, que pretendem fiscalizar a atividade explorat\u00f3ria na Margem Equatorial e defender sua viabilidade econ\u00f4mica como ferramenta para o desenvolvimento regional.<\/p>\n\n\n\n<p>Durante a instala\u00e7\u00e3o, o senador Zequinha destacou o potencial do petr\u00f3leo para combater a pobreza na Amaz\u00f4nia, citando que 9,5% dos domic\u00edlios do Par\u00e1 enfrentam inseguran\u00e7a alimentar grave. \u201cCriamos essa frente parlamentar para somar for\u00e7as e juntos ajudarmos a reverter essa triste realidade que condena os estados da Amaz\u00f4nia. O petr\u00f3leo na Margem Equatorial pode ser a solu\u00e7\u00e3o para a regi\u00e3o e para o Brasil.\u201d, afirmou o senador.<\/p>\n\n\n\n<p>J\u00e1 o senador Lucas Barreto criticou a\u00e7\u00f5es que buscam suspender o licenciamento ambiental e defendeu a explora\u00e7\u00e3o respons\u00e1vel como fonte de receita para investimentos em infraestrutura, sa\u00fade e educa\u00e7\u00e3o.<\/p>\n","protected":false},"excerpt":{"rendered":"<p>da Ag\u00eancia iNFRA Foi instalada nesta quarta-feira (2), no Senado Federal, a Frente Parlamentar em Defesa da Explora\u00e7\u00e3o de Petr\u00f3leo na Margem Equatorial do Brasil. O colegiado, que ser\u00e1 presidido pelo senador Zequinha Marinho (Podemos-PA), com o senador Lucas Barreto (PSD-AP) na vice-presid\u00eancia, tem como objetivo apoiar a\u00e7\u00f5es legislativas e acompanhar o licenciamento ambiental voltado [&hellip;]<\/p>\n","protected":false},"author":1,"featured_media":24049,"comment_status":"closed","ping_status":"closed","sticky":false,"template":"","format":"standard","meta":{"_monsterinsights_skip_tracking":false,"_monsterinsights_sitenote_active":false,"_monsterinsights_sitenote_note":"","_monsterinsights_sitenote_category":0,"footnotes":""},"categories":[1,13576],"tags":[13339,14180,3114,13269,123,9727],"class_list":["post-24048","post","type-post","status-publish","format-standard","has-post-thumbnail","hentry","category-geral","category-giro-infra","tag-exploracao-de-petroleo","tag-frente-parlamentar-em-defesa-da-exploracao-de-petroleo","tag-lucas-barreto","tag-margem-equatorial","tag-senado","tag-zequinha-marinho"],"yoast_head":"<!-- This site is optimized with the Yoast SEO Premium plugin v25.4 (Yoast SEO v26.0) - https:\/\/yoast.com\/wordpress\/plugins\/seo\/ -->\n<title>Senado instala frente parlamentar para apoiar explora\u00e7\u00e3o de petr\u00f3leo na Margem Equatorial - Ag\u00eancia iNFRA<\/title>\n<meta name=\"robots\" content=\"index, follow, max-snippet:-1, max-image-preview:large, max-video-preview:-1\" \/>\n<link rel=\"canonical\" href=\"https:\/\/agenciainfra.com\/blog\/senado-instala-frente-parlamentar-para-apoiar-exploracao-de-petroleo-na-margem-equatorial\/\" \/>\n<meta property=\"og:locale\" content=\"pt_BR\" \/>\n<meta property=\"og:type\" content=\"article\" \/>\n<meta property=\"og:title\" content=\"Senado instala frente parlamentar para apoiar explora\u00e7\u00e3o de petr\u00f3leo na Margem Equatorial\" \/>\n<meta property=\"og:description\" content=\"da Ag\u00eancia iNFRA Foi instalada nesta quarta-feira (2), no Senado Federal, a Frente Parlamentar em Defesa da Explora\u00e7\u00e3o de Petr\u00f3leo na Margem Equatorial do Brasil. O colegiado, que ser\u00e1 presidido pelo senador Zequinha Marinho (Podemos-PA), com o senador Lucas Barreto (PSD-AP) na vice-presid\u00eancia, tem como objetivo apoiar a\u00e7\u00f5es legislativas e acompanhar o licenciamento ambiental voltado [&hellip;]\" \/>\n<meta property=\"og:url\" content=\"https:\/\/agenciainfra.com\/blog\/senado-instala-frente-parlamentar-para-apoiar-exploracao-de-petroleo-na-margem-equatorial\/\" \/>\n<meta property=\"og:site_name\" content=\"Ag\u00eancia iNFRA\" \/>\n<meta property=\"article:publisher\" content=\"https:\/\/www.facebook.com\/ageninfra\" \/>\n<meta property=\"article:published_time\" content=\"2025-07-03T21:50:07+00:00\" \/>\n<meta property=\"article:modified_time\" content=\"2025-07-03T22:01:23+00:00\" \/>\n<meta property=\"og:image\" content=\"https:\/\/agenciainfra.com\/blog\/wp-content\/uploads\/2025\/07\/foto-saulocruz-agenciasenado.jpeg\" \/>\n\t<meta property=\"og:image:width\" content=\"860\" \/>\n\t<meta property=\"og:image:height\" content=\"570\" \/>\n\t<meta property=\"og:image:type\" content=\"image\/jpeg\" \/>\n<meta name=\"author\" content=\"Ag\u00eancia iNFRA\" \/>\n<meta name=\"twitter:card\" content=\"summary_large_image\" \/>\n<meta name=\"twitter:creator\" content=\"@agencia_infra\" \/>\n<meta name=\"twitter:site\" content=\"@agencia_infra\" \/>\n<meta name=\"twitter:label1\" content=\"Escrito por\" \/>\n\t<meta name=\"twitter:data1\" content=\"Ag\u00eancia iNFRA\" \/>\n\t<meta name=\"twitter:label2\" content=\"Est. tempo de leitura\" \/>\n\t<meta name=\"twitter:data2\" content=\"1 minuto\" \/>\n<script type=\"application\/ld+json\" class=\"yoast-schema-graph\">{\"@context\":\"https:\/\/schema.org\",\"@graph\":[{\"@type\":\"Article\",\"@id\":\"https:\/\/agenciainfra.com\/blog\/senado-instala-frente-parlamentar-para-apoiar-exploracao-de-petroleo-na-margem-equatorial\/#article\",\"isPartOf\":{\"@id\":\"https:\/\/agenciainfra.com\/blog\/senado-instala-frente-parlamentar-para-apoiar-exploracao-de-petroleo-na-margem-equatorial\/\"},\"author\":{\"name\":\"Ag\u00eancia iNFRA\",\"@id\":\"https:\/\/agenciainfra.com\/blog\/#\/schema\/person\/34af08dff6adea4cb22b06612ba7acfa\"},\"headline\":\"Senado instala frente parlamentar para apoiar explora\u00e7\u00e3o de petr\u00f3leo na Margem Equatorial\",\"datePublished\":\"2025-07-03T21:50:07+00:00\",\"dateModified\":\"2025-07-03T22:01:23+00:00\",\"mainEntityOfPage\":{\"@id\":\"https:\/\/agenciainfra.com\/blog\/senado-instala-frente-parlamentar-para-apoiar-exploracao-de-petroleo-na-margem-equatorial\/\"},\"wordCount\":257,\"publisher\":{\"@id\":\"https:\/\/agenciainfra.com\/blog\/#organization\"},\"image\":{\"@id\":\"https:\/\/agenciainfra.com\/blog\/senado-instala-frente-parlamentar-para-apoiar-exploracao-de-petroleo-na-margem-equatorial\/#primaryimage\"},\"thumbnailUrl\":\"https:\/\/agenciainfra.com\/blog\/wp-content\/uploads\/2025\/07\/foto-saulocruz-agenciasenado.jpeg\",\"keywords\":[\"explora\u00e7\u00e3o de petr\u00f3leo\",\"Frente Parlamentar em Defesa da Explora\u00e7\u00e3o de Petr\u00f3leo\",\"Lucas Barreto\",\"margem equatorial\",\"senado\",\"Zequinha Marinho\"],\"articleSection\":[\"Geral\",\"Giro iNFRA\"],\"inLanguage\":\"pt-BR\",\"copyrightYear\":\"2025\",\"copyrightHolder\":{\"@id\":\"https:\/\/agenciainfra.com\/blog\/#organization\"}},{\"@type\":\"WebPage\",\"@id\":\"https:\/\/agenciainfra.com\/blog\/senado-instala-frente-parlamentar-para-apoiar-exploracao-de-petroleo-na-margem-equatorial\/\",\"url\":\"https:\/\/agenciainfra.com\/blog\/senado-instala-frente-parlamentar-para-apoiar-exploracao-de-petroleo-na-margem-equatorial\/\",\"name\":\"Senado instala frente parlamentar para apoiar explora\u00e7\u00e3o de petr\u00f3leo na Margem Equatorial - Ag\u00eancia iNFRA\",\"isPartOf\":{\"@id\":\"https:\/\/agenciainfra.com\/blog\/#website\"},\"primaryImageOfPage\":{\"@id\":\"https:\/\/agenciainfra.com\/blog\/senado-instala-frente-parlamentar-para-apoiar-exploracao-de-petroleo-na-margem-equatorial\/#primaryimage\"},\"image\":{\"@id\":\"https:\/\/agenciainfra.com\/blog\/senado-instala-frente-parlamentar-para-apoiar-exploracao-de-petroleo-na-margem-equatorial\/#primaryimage\"},\"thumbnailUrl\":\"https:\/\/agenciainfra.com\/blog\/wp-content\/uploads\/2025\/07\/foto-saulocruz-agenciasenado.jpeg\",\"datePublished\":\"2025-07-03T21:50:07+00:00\",\"dateModified\":\"2025-07-03T22:01:23+00:00\",\"breadcrumb\":{\"@id\":\"https:\/\/agenciainfra.com\/blog\/senado-instala-frente-parlamentar-para-apoiar-exploracao-de-petroleo-na-margem-equatorial\/#breadcrumb\"},\"inLanguage\":\"pt-BR\",\"potentialAction\":[{\"@type\":\"ReadAction\",\"target\":[\"https:\/\/agenciainfra.com\/blog\/senado-instala-frente-parlamentar-para-apoiar-exploracao-de-petroleo-na-margem-equatorial\/\"]}]},{\"@type\":\"ImageObject\",\"inLanguage\":\"pt-BR\",\"@id\":\"https:\/\/agenciainfra.com\/blog\/senado-instala-frente-parlamentar-para-apoiar-exploracao-de-petroleo-na-margem-equatorial\/#primaryimage\",\"url\":\"https:\/\/agenciainfra.com\/blog\/wp-content\/uploads\/2025\/07\/foto-saulocruz-agenciasenado.jpeg\",\"contentUrl\":\"https:\/\/agenciainfra.com\/blog\/wp-content\/uploads\/2025\/07\/foto-saulocruz-agenciasenado.jpeg\",\"width\":860,\"height\":570,\"caption\":\"Foto: Saulo Cruz\/Ag\u00eancia Senado\"},{\"@type\":\"BreadcrumbList\",\"@id\":\"https:\/\/agenciainfra.com\/blog\/senado-instala-frente-parlamentar-para-apoiar-exploracao-de-petroleo-na-margem-equatorial\/#breadcrumb\",\"itemListElement\":[{\"@type\":\"ListItem\",\"position\":1,\"name\":\"In\u00edcio\",\"item\":\"https:\/\/agenciainfra.com\/blog\/\"},{\"@type\":\"ListItem\",\"position\":2,\"name\":\"Senado instala frente parlamentar para apoiar explora\u00e7\u00e3o de petr\u00f3leo na Margem Equatorial\"}]},{\"@type\":\"WebSite\",\"@id\":\"https:\/\/agenciainfra.com\/blog\/#website\",\"url\":\"https:\/\/agenciainfra.com\/blog\/\",\"name\":\"Ag\u00eancia iNFRA\",\"description\":\"Multiplataforma de informa\u00e7\u00e3o jornal\u00edstica refer\u00eancia na \u00e1rea de infraestrutura no Brasil!\",\"publisher\":{\"@id\":\"https:\/\/agenciainfra.com\/blog\/#organization\"},\"potentialAction\":[{\"@type\":\"SearchAction\",\"target\":{\"@type\":\"EntryPoint\",\"urlTemplate\":\"https:\/\/agenciainfra.com\/blog\/?s={search_term_string}\"},\"query-input\":{\"@type\":\"PropertyValueSpecification\",\"valueRequired\":true,\"valueName\":\"search_term_string\"}}],\"inLanguage\":\"pt-BR\"},{\"@type\":\"Organization\",\"@id\":\"https:\/\/agenciainfra.com\/blog\/#organization\",\"name\":\"Ag\u00eancia iNFRA\",\"url\":\"https:\/\/agenciainfra.com\/blog\/\",\"logo\":{\"@type\":\"ImageObject\",\"inLanguage\":\"pt-BR\",\"@id\":\"https:\/\/agenciainfra.com\/blog\/#\/schema\/logo\/image\/\",\"url\":\"https:\/\/agenciainfra.com\/blog\/wp-content\/uploads\/2023\/09\/iNFRA_5-e1761735885940.png\",\"contentUrl\":\"https:\/\/agenciainfra.com\/blog\/wp-content\/uploads\/2023\/09\/iNFRA_5-e1761735885940.png\",\"width\":1672,\"height\":454,\"caption\":\"Ag\u00eancia iNFRA\"},\"image\":{\"@id\":\"https:\/\/agenciainfra.com\/blog\/#\/schema\/logo\/image\/\"},\"sameAs\":[\"https:\/\/www.facebook.com\/ageninfra\",\"https:\/\/x.com\/agencia_infra\",\"https:\/\/www.linkedin.com\/company\/ag\u00eanciainfra\/\",\"https:\/\/www.instagram.com\/agenciainfra\/\"]},{\"@type\":\"Person\",\"@id\":\"https:\/\/agenciainfra.com\/blog\/#\/schema\/person\/34af08dff6adea4cb22b06612ba7acfa\",\"name\":\"Ag\u00eancia iNFRA\",\"image\":{\"@type\":\"ImageObject\",\"inLanguage\":\"pt-BR\",\"@id\":\"https:\/\/agenciainfra.com\/blog\/#\/schema\/person\/image\/\",\"url\":\"https:\/\/secure.gravatar.com\/avatar\/d189e01678f06d8eb84d4e01f08eb848b3fffe3f8443818d3c356c66892f5be8?s=96&d=mm&r=g\",\"contentUrl\":\"https:\/\/secure.gravatar.com\/avatar\/d189e01678f06d8eb84d4e01f08eb848b3fffe3f8443818d3c356c66892f5be8?s=96&d=mm&r=g\",\"caption\":\"Ag\u00eancia iNFRA\"},\"url\":\"https:\/\/agenciainfra.com\/blog\/author\/admin\/\"}]}<\/script>\n<!-- \/ Yoast SEO Premium plugin. -->","yoast_head_json":{"title":"Senado instala frente parlamentar para apoiar explora\u00e7\u00e3o de petr\u00f3leo na Margem Equatorial - Ag\u00eancia iNFRA","robots":{"index":"index","follow":"follow","max-snippet":"max-snippet:-1","max-image-preview":"max-image-preview:large","max-video-preview":"max-video-preview:-1"},"canonical":"https:\/\/agenciainfra.com\/blog\/senado-instala-frente-parlamentar-para-apoiar-exploracao-de-petroleo-na-margem-equatorial\/","og_locale":"pt_BR","og_type":"article","og_title":"Senado instala frente parlamentar para apoiar explora\u00e7\u00e3o de petr\u00f3leo na Margem Equatorial","og_description":"da Ag\u00eancia iNFRA Foi instalada nesta quarta-feira (2), no Senado Federal, a Frente Parlamentar em Defesa da Explora\u00e7\u00e3o de Petr\u00f3leo na Margem Equatorial do Brasil. O colegiado, que ser\u00e1 presidido pelo senador Zequinha Marinho (Podemos-PA), com o senador Lucas Barreto (PSD-AP) na vice-presid\u00eancia, tem como objetivo apoiar a\u00e7\u00f5es legislativas e acompanhar o licenciamento ambiental voltado [&hellip;]","og_url":"https:\/\/agenciainfra.com\/blog\/senado-instala-frente-parlamentar-para-apoiar-exploracao-de-petroleo-na-margem-equatorial\/","og_site_name":"Ag\u00eancia iNFRA","article_publisher":"https:\/\/www.facebook.com\/ageninfra","article_published_time":"2025-07-03T21:50:07+00:00","article_modified_time":"2025-07-03T22:01:23+00:00","og_image":[{"width":860,"height":570,"url":"https:\/\/agenciainfra.com\/blog\/wp-content\/uploads\/2025\/07\/foto-saulocruz-agenciasenado.jpeg","type":"image\/jpeg"}],"author":"Ag\u00eancia iNFRA","twitter_card":"summary_large_image","twitter_creator":"@agencia_infra","twitter_site":"@agencia_infra","twitter_misc":{"Escrito por":"Ag\u00eancia iNFRA","Est. tempo de leitura":"1 minuto"},"schema":{"@context":"https:\/\/schema.org","@graph":[{"@type":"Article","@id":"https:\/\/agenciainfra.com\/blog\/senado-instala-frente-parlamentar-para-apoiar-exploracao-de-petroleo-na-margem-equatorial\/#article","isPartOf":{"@id":"https:\/\/agenciainfra.com\/blog\/senado-instala-frente-parlamentar-para-apoiar-exploracao-de-petroleo-na-margem-equatorial\/"},"author":{"name":"Ag\u00eancia iNFRA","@id":"https:\/\/agenciainfra.com\/blog\/#\/schema\/person\/34af08dff6adea4cb22b06612ba7acfa"},"headline":"Senado instala frente parlamentar para apoiar explora\u00e7\u00e3o de petr\u00f3leo na Margem Equatorial","datePublished":"2025-07-03T21:50:07+00:00","dateModified":"2025-07-03T22:01:23+00:00","mainEntityOfPage":{"@id":"https:\/\/agenciainfra.com\/blog\/senado-instala-frente-parlamentar-para-apoiar-exploracao-de-petroleo-na-margem-equatorial\/"},"wordCount":257,"publisher":{"@id":"https:\/\/agenciainfra.com\/blog\/#organization"},"image":{"@id":"https:\/\/agenciainfra.com\/blog\/senado-instala-frente-parlamentar-para-apoiar-exploracao-de-petroleo-na-margem-equatorial\/#primaryimage"},"thumbnailUrl":"https:\/\/agenciainfra.com\/blog\/wp-content\/uploads\/2025\/07\/foto-saulocruz-agenciasenado.jpeg","keywords":["explora\u00e7\u00e3o de petr\u00f3leo","Frente Parlamentar em Defesa da Explora\u00e7\u00e3o de Petr\u00f3leo","Lucas Barreto","margem equatorial","senado","Zequinha Marinho"],"articleSection":["Geral","Giro iNFRA"],"inLanguage":"pt-BR","copyrightYear":"2025","copyrightHolder":{"@id":"https:\/\/agenciainfra.com\/blog\/#organization"}},{"@type":"WebPage","@id":"https:\/\/agenciainfra.com\/blog\/senado-instala-frente-parlamentar-para-apoiar-exploracao-de-petroleo-na-margem-equatorial\/","url":"https:\/\/agenciainfra.com\/blog\/senado-instala-frente-parlamentar-para-apoiar-exploracao-de-petroleo-na-margem-equatorial\/","name":"Senado instala frente parlamentar para apoiar explora\u00e7\u00e3o de petr\u00f3leo na Margem Equatorial - Ag\u00eancia iNFRA","isPartOf":{"@id":"https:\/\/agenciainfra.com\/blog\/#website"},"primaryImageOfPage":{"@id":"https:\/\/agenciainfra.com\/blog\/senado-instala-frente-parlamentar-para-apoiar-exploracao-de-petroleo-na-margem-equatorial\/#primaryimage"},"image":{"@id":"https:\/\/agenciainfra.com\/blog\/senado-instala-frente-parlamentar-para-apoiar-exploracao-de-petroleo-na-margem-equatorial\/#primaryimage"},"thumbnailUrl":"https:\/\/agenciainfra.com\/blog\/wp-content\/uploads\/2025\/07\/foto-saulocruz-agenciasenado.jpeg","datePublished":"2025-07-03T21:50:07+00:00","dateModified":"2025-07-03T22:01:23+00:00","breadcrumb":{"@id":"https:\/\/agenciainfra.com\/blog\/senado-instala-frente-parlamentar-para-apoiar-exploracao-de-petroleo-na-margem-equatorial\/#breadcrumb"},"inLanguage":"pt-BR","potentialAction":[{"@type":"ReadAction","target":["https:\/\/agenciainfra.com\/blog\/senado-instala-frente-parlamentar-para-apoiar-exploracao-de-petroleo-na-margem-equatorial\/"]}]},{"@type":"ImageObject","inLanguage":"pt-BR","@id":"https:\/\/agenciainfra.com\/blog\/senado-instala-frente-parlamentar-para-apoiar-exploracao-de-petroleo-na-margem-equatorial\/#primaryimage","url":"https:\/\/agenciainfra.com\/blog\/wp-content\/uploads\/2025\/07\/foto-saulocruz-agenciasenado.jpeg","contentUrl":"https:\/\/agenciainfra.com\/blog\/wp-content\/uploads\/2025\/07\/foto-saulocruz-agenciasenado.jpeg","width":860,"height":570,"caption":"Foto: Saulo Cruz\/Ag\u00eancia Senado"},{"@type":"BreadcrumbList","@id":"https:\/\/agenciainfra.com\/blog\/senado-instala-frente-parlamentar-para-apoiar-exploracao-de-petroleo-na-margem-equatorial\/#breadcrumb","itemListElement":[{"@type":"ListItem","position":1,"name":"In\u00edcio","item":"https:\/\/agenciainfra.com\/blog\/"},{"@type":"ListItem","position":2,"name":"Senado instala frente parlamentar para apoiar explora\u00e7\u00e3o de petr\u00f3leo na Margem Equatorial"}]},{"@type":"WebSite","@id":"https:\/\/agenciainfra.com\/blog\/#website","url":"https:\/\/agenciainfra.com\/blog\/","name":"Ag\u00eancia iNFRA","description":"Multiplataforma de informa\u00e7\u00e3o jornal\u00edstica refer\u00eancia na \u00e1rea de infraestrutura no Brasil!","publisher":{"@id":"https:\/\/agenciainfra.com\/blog\/#organization"},"potentialAction":[{"@type":"SearchAction","target":{"@type":"EntryPoint","urlTemplate":"https:\/\/agenciainfra.com\/blog\/?s={search_term_string}"},"query-input":{"@type":"PropertyValueSpecification","valueRequired":true,"valueName":"search_term_string"}}],"inLanguage":"pt-BR"},{"@type":"Organization","@id":"https:\/\/agenciainfra.com\/blog\/#organization","name":"Ag\u00eancia iNFRA","url":"https:\/\/agenciainfra.com\/blog\/","logo":{"@type":"ImageObject","inLanguage":"pt-BR","@id":"https:\/\/agenciainfra.com\/blog\/#\/schema\/logo\/image\/","url":"https:\/\/agenciainfra.com\/blog\/wp-content\/uploads\/2023\/09\/iNFRA_5-e1761735885940.png","contentUrl":"https:\/\/agenciainfra.com\/blog\/wp-content\/uploads\/2023\/09\/iNFRA_5-e1761735885940.png","width":1672,"height":454,"caption":"Ag\u00eancia iNFRA"},"image":{"@id":"https:\/\/agenciainfra.com\/blog\/#\/schema\/logo\/image\/"},"sameAs":["https:\/\/www.facebook.com\/ageninfra","https:\/\/x.com\/agencia_infra","https:\/\/www.linkedin.com\/company\/ag\u00eanciainfra\/","https:\/\/www.instagram.com\/agenciainfra\/"]},{"@type":"Person","@id":"https:\/\/agenciainfra.com\/blog\/#\/schema\/person\/34af08dff6adea4cb22b06612ba7acfa","name":"Ag\u00eancia iNFRA","image":{"@type":"ImageObject","inLanguage":"pt-BR","@id":"https:\/\/agenciainfra.com\/blog\/#\/schema\/person\/image\/","url":"https:\/\/secure.gravatar.com\/avatar\/d189e01678f06d8eb84d4e01f08eb848b3fffe3f8443818d3c356c66892f5be8?s=96&d=mm&r=g","contentUrl":"https:\/\/secure.gravatar.com\/avatar\/d189e01678f06d8eb84d4e01f08eb848b3fffe3f8443818d3c356c66892f5be8?s=96&d=mm&r=g","caption":"Ag\u00eancia iNFRA"},"url":"https:\/\/agenciainfra.com\/blog\/author\/admin\/"}]}},"_links":{"self":[{"href":"https:\/\/agenciainfra.com\/blog\/wp-json\/wp\/v2\/posts\/24048","targetHints":{"allow":["GET"]}}],"collection":[{"href":"https:\/\/agenciainfra.com\/blog\/wp-json\/wp\/v2\/posts"}],"about":[{"href":"https:\/\/agenciainfra.com\/blog\/wp-json\/wp\/v2\/types\/post"}],"author":[{"embeddable":true,"href":"https:\/\/agenciainfra.com\/blog\/wp-json\/wp\/v2\/users\/1"}],"replies":[{"embeddable":true,"href":"https:\/\/agenciainfra.com\/blog\/wp-json\/wp\/v2\/comments?post=24048"}],"version-history":[{"count":3,"href":"https:\/\/agenciainfra.com\/blog\/wp-json\/wp\/v2\/posts\/24048\/revisions"}],"predecessor-version":[{"id":24052,"href":"https:\/\/agenciainfra.com\/blog\/wp-json\/wp\/v2\/posts\/24048\/revisions\/24052"}],"wp:featuredmedia":[{"embeddable":true,"href":"https:\/\/agenciainfra.com\/blog\/wp-json\/wp\/v2\/media\/24049"}],"wp:attachment":[{"href":"https:\/\/agenciainfra.com\/blog\/wp-json\/wp\/v2\/media?parent=24048"}],"wp:term":[{"taxonomy":"category","embeddable":true,"href":"https:\/\/agenciainfra.com\/blog\/wp-json\/wp\/v2\/categories?post=24048"},{"taxonomy":"post_tag","embeddable":true,"href":"https:\/\/agenciainfra.com\/blog\/wp-json\/wp\/v2\/tags?post=24048"}],"curies":[{"name":"wp","href":"https:\/\/api.w.org\/{rel}","templated":true}]}}