{"id":24060,"date":"2025-07-04T09:00:00","date_gmt":"2025-07-04T12:00:00","guid":{"rendered":"https:\/\/agenciainfra.com\/blog\/?p=24060"},"modified":"2025-07-04T17:27:40","modified_gmt":"2025-07-04T20:27:40","slug":"distribuidoras-garantem-nova-tarifa-social-de-energia-no-prazo-a-partir-deste-sabado","status":"publish","type":"post","link":"https:\/\/agenciainfra.com\/blog\/distribuidoras-garantem-nova-tarifa-social-de-energia-no-prazo-a-partir-deste-sabado\/","title":{"rendered":"Distribuidoras garantem Nova Tarifa Social de Energia no prazo, a partir deste s\u00e1bado"},"content":{"rendered":"\n<p class=\"has-text-align-right\"><strong>Lais Carregosa, Geraldo Campos Jr. e Marisa Wanzeller, da Ag\u00eancia iNFRA<\/strong><\/p>\n\n\n\n<p>As distribuidoras de energia garantem que v\u00e3o cumprir o prazo para emitir as contas de luz seguindo as novas regras da Tarifa Social de Energia El\u00e9trica, que entram em vig\u00eancia neste s\u00e1bado (5), conforme definido pela\u00a0<a href=\"https:\/\/agenciainfra.us14.list-manage.com\/track\/click?u=d460dd1bcf9ba0ae040e1fc0f&amp;id=28c2e78131&amp;e=1192c754bc\" target=\"_blank\" rel=\"noreferrer noopener\">MP (Medida Provis\u00f3ria) 1.300\/2025<\/a>. Apesar da avalia\u00e7\u00e3o inicial de que o tempo para adapta\u00e7\u00e3o dos sistemas era curto e poderia n\u00e3o ser suficiente, a\u00a0<strong>Ag\u00eancia iNFRA<\/strong>\u00a0ouviu representantes das empresas, que asseguraram a implementa\u00e7\u00e3o. Dessa forma, consumidores inscritos no Cad\u00danico com consumo mensal de at\u00e9 80 kWh (quilowatts-hora) ter\u00e3o suas contas de energia isentas.\u00a0<br><br>\u201cImplementar essa nova Tarifa Social no prazo de 45 dias \u00e9 extremamente desafiador, mas as distribuidoras est\u00e3o \u00e0 altura desse desafio e v\u00e3o cumprir esse prazo\u201d, disse o diretor-executivo de Regula\u00e7\u00e3o da Abradee (Associa\u00e7\u00e3o Brasileira de Distribuidores de Energia El\u00e9trica), Ricardo Brand\u00e3o, \u00e0\u00a0<strong>Ag\u00eancia iNFRA<\/strong>.<br><br>As novas regras da Tarifa Social devem beneficiar 17 milh\u00f5es de consumidores, segundo c\u00e1lculos do governo. Os grupos Enel, Neoenergia, Energisa e Equatorial, que juntos respondem por aproximadamente 13,2 milh\u00f5es dos benefici\u00e1rios, garantem que estar\u00e1 tudo pronto. As estimativas de unidades consumidoras com direito ao benef\u00edcio\u00a0s\u00e3o: Enel, 3,1 milh\u00f5es; Neoenergia, 3,9 milh\u00f5es; Energisa, 1,9 milh\u00e3o; e Equatorial, 4,3 milh\u00f5es.<br><br><strong>Desafios<\/strong><br>Os desafios para a tarefa, contudo, envolveram a mudan\u00e7a complexa nos sistemas de faturamento das empresas, que precisaram incorporar as novas regras para que, a partir do dia 5, os benefici\u00e1rios fossem faturados de acordo com os novos limites de consumo.\u00a0<br><br>A diretora de Mercado da Enel S\u00e3o Paulo, Tatiana Celani, disse \u00e0\u00a0<strong>Ag\u00eancia iNFRA<\/strong>\u00a0que a concession\u00e1ria \u201cvai conseguir entrar na data correta, sem nenhum problema\u201d. \u201cTivemos que fazer altera\u00e7\u00f5es nos sistemas de faturamento, envolve a\u00ed uma parte bem t\u00e9cnica [&#8230;] Estamos na fase de \u00faltimos testes de sistema para conseguir j\u00e1. Est\u00e1 desenvolvido, est\u00e1 pronto, estamos na etapa final de homologa\u00e7\u00e3o para entrar no dia 5\u201d, afirmou.<br><br>\u201cUma distribuidora tem uma s\u00e9rie de prioridades de avan\u00e7os sist\u00eamicos e melhorias. Ent\u00e3o, quando vem uma regra dessas, para a Enel SP, por exemplo, com o reajuste [rec\u00e9m-aprovado] a gente tem que rever toda a nossa fila de prioridades para colocar na frente esse tipo de novo servi\u00e7o e o cliente n\u00e3o ser impactado\u201d, continuou.\u00a0<br><br>Em nota \u00e0 reportagem, a Neoenergia afirmou que \u201catender\u00e1 ao prazo estipulado pela legisla\u00e7\u00e3o\u201d. O grupo Energisa ressaltou que tamb\u00e9m implementar\u00e1 a nova Tarifa Social a partir de s\u00e1bado (5) e disse que, desde a publica\u00e7\u00e3o da MP 1.300 em maio, mobilizou suas \u00e1reas t\u00e9cnicas \u201cpara garantir a adapta\u00e7\u00e3o dos sistemas e processos de faturamento dentro do prazo\u201d.\u00a0<br><br>O grupo Equatorial tamb\u00e9m informou em nota que, para implementar a medida a tempo, mobilizou equipes nos sete estados onde atua por exigir \u201cajustes nos sistemas de faturamento, cruzamento de dados com o Cad\u00danico, adequa\u00e7\u00f5es operacionais e uma comunica\u00e7\u00e3o eficiente\u201d.\u00a0<br><br><strong>Sem proporcionaliza\u00e7\u00e3o<\/strong><br>Segundo fontes do segmento ouvidas pela\u00a0<strong>Ag\u00eancia iNFRA<\/strong>, um dos motivos que colaborou para que fosse poss\u00edvel fazer a implementa\u00e7\u00e3o da nova metodologia no prazo foi a decis\u00e3o da ANEEL (Ag\u00eancia Nacional de Energia El\u00e9trica)\u00a0de n\u00e3o aplicar a \u00a0proporcionaliza\u00e7\u00e3o das tarifas neste in\u00edcio.<br><br>A proporcionaliza\u00e7\u00e3o significaria, por exemplo, que o consumidor que tivesse sua fatura emitida em 10 de julho, referente aos 30 dias anteriores, recebesse o modelo de desconto antigo na conta referente a 25 dias e a nova metodologia da Tarifa Social aplicada apenas nos 5 dias finais.<br><br>Com a decis\u00e3o da ANEEL, todas as faturas emitidas a partir de s\u00e1bado (5) ser\u00e3o integrais, com o novo modelo vigente para todo o consumo medido do \u00faltimo m\u00eas. J\u00e1 quem tiver a leitura feita pela distribuidora antes disso, s\u00f3 ter\u00e1 o benef\u00edcio aplicado na fatura seguinte.<br><br>A ANEEL chegou a orientar as distribuidoras para que, se poss\u00edvel, esperassem para emitir as faturas de julho ap\u00f3s o dia 5, para todas estarem sob a nova regra. No entanto, segundo fontes do segmento, a medida \u00e9 invi\u00e1vel na maioria dos casos, uma vez que h\u00e1 uma \u201crota de leitura\u201d para fazer a medi\u00e7\u00e3o e emiss\u00e3o e seria complexo alter\u00e1-la.<br><br><strong>Cobran\u00e7a de impostos<\/strong><br>A nova Tarifa Social j\u00e1 foi regulamentada pela ANEEL em processo relatado pela diretora substituta Ludimila Lima. Por conta do despacho da reguladora, as distribuidoras entendem que n\u00e3o dever\u00e1 haver cobran\u00e7a de impostos federais (PIS\/Cofins) na conta de luz dos consumidores que tiverem suas faturas isentas pela Tarifa Social.<br><br>A cobran\u00e7a do ICMS, que \u00e9 um imposto estadual, depende das legisla\u00e7\u00f5es locais. J\u00e1 a taxa de ilumina\u00e7\u00e3o p\u00fablica, como \u00e9 municipal, depende da legisla\u00e7\u00e3o de cada cidade. Nesses casos, \u00e9 poss\u00edvel que o benefici\u00e1rio receba a conta de luz apenas com a cobran\u00e7a dessa taxa.<br><br>\u201cApesar da isen\u00e7\u00e3o para essa faixa de consumo, o cliente precisa ficar atento, uma vez que pode receber outras cobran\u00e7as na fatura. Na pr\u00e1tica, alguns estados e munic\u00edpios podem cobrar impostos e a Contribui\u00e7\u00e3o de Ilumina\u00e7\u00e3o P\u00fablica, cujo valor incide na conta de energia\u201d, alertou a Neoenergia.<\/p>\n","protected":false},"excerpt":{"rendered":"<p>Lais Carregosa, Geraldo Campos Jr. e Marisa Wanzeller, da Ag\u00eancia iNFRA As distribuidoras de energia garantem que v\u00e3o cumprir o prazo para emitir as contas de luz seguindo as novas regras da Tarifa Social de Energia El\u00e9trica, que entram em vig\u00eancia neste s\u00e1bado (5), conforme definido pela\u00a0MP (Medida Provis\u00f3ria) 1.300\/2025. Apesar da avalia\u00e7\u00e3o inicial de [&hellip;]<\/p>\n","protected":false},"author":1,"featured_media":20695,"comment_status":"closed","ping_status":"closed","sticky":false,"template":"","format":"standard","meta":{"_monsterinsights_skip_tracking":false,"_monsterinsights_sitenote_active":false,"_monsterinsights_sitenote_note":"","_monsterinsights_sitenote_category":0,"footnotes":""},"categories":[1,10],"tags":[122,282,11594,13132,7366,13535,13059],"class_list":["post-24060","post","type-post","status-publish","format-standard","has-post-thumbnail","hentry","category-geral","category-infraenergia","tag-conta-de-luz","tag-energia-eletrica","tag-geraldo-campos-jr","tag-lais-carregosa","tag-marisa-wanzeller","tag-mp-1-300-2025","tag-tarifa-social-de-energia"],"yoast_head":"<!-- This site is optimized with the Yoast SEO Premium plugin v25.4 (Yoast SEO v26.0) - https:\/\/yoast.com\/wordpress\/plugins\/seo\/ -->\n<title>Distribuidoras garantem Nova Tarifa Social de Energia no prazo, a partir deste s\u00e1bado - Ag\u00eancia iNFRA<\/title>\n<meta name=\"robots\" content=\"index, follow, max-snippet:-1, max-image-preview:large, max-video-preview:-1\" \/>\n<link rel=\"canonical\" href=\"https:\/\/agenciainfra.com\/blog\/distribuidoras-garantem-nova-tarifa-social-de-energia-no-prazo-a-partir-deste-sabado\/\" \/>\n<meta property=\"og:locale\" content=\"pt_BR\" \/>\n<meta property=\"og:type\" content=\"article\" \/>\n<meta property=\"og:title\" content=\"Distribuidoras garantem Nova Tarifa Social de Energia no prazo, a partir deste s\u00e1bado\" \/>\n<meta property=\"og:description\" content=\"Lais Carregosa, Geraldo Campos Jr. e Marisa Wanzeller, da Ag\u00eancia iNFRA As distribuidoras de energia garantem que v\u00e3o cumprir o prazo para emitir as contas de luz seguindo as novas regras da Tarifa Social de Energia El\u00e9trica, que entram em vig\u00eancia neste s\u00e1bado (5), conforme definido pela\u00a0MP (Medida Provis\u00f3ria) 1.300\/2025. Apesar da avalia\u00e7\u00e3o inicial de [&hellip;]\" \/>\n<meta property=\"og:url\" content=\"https:\/\/agenciainfra.com\/blog\/distribuidoras-garantem-nova-tarifa-social-de-energia-no-prazo-a-partir-deste-sabado\/\" \/>\n<meta property=\"og:site_name\" content=\"Ag\u00eancia iNFRA\" \/>\n<meta property=\"article:publisher\" content=\"https:\/\/www.facebook.com\/ageninfra\" \/>\n<meta property=\"article:published_time\" content=\"2025-07-04T12:00:00+00:00\" \/>\n<meta property=\"article:modified_time\" content=\"2025-07-04T20:27:40+00:00\" \/>\n<meta property=\"og:image\" content=\"https:\/\/agenciainfra.com\/blog\/wp-content\/uploads\/2025\/03\/calculo-conta-energia-foto-dominiopublico-e1750863917520.png\" \/>\n\t<meta property=\"og:image:width\" content=\"1208\" \/>\n\t<meta property=\"og:image:height\" content=\"775\" \/>\n\t<meta property=\"og:image:type\" content=\"image\/png\" \/>\n<meta name=\"author\" content=\"Ag\u00eancia iNFRA\" \/>\n<meta name=\"twitter:card\" content=\"summary_large_image\" \/>\n<meta name=\"twitter:creator\" content=\"@agencia_infra\" \/>\n<meta name=\"twitter:site\" content=\"@agencia_infra\" \/>\n<meta name=\"twitter:label1\" content=\"Escrito por\" \/>\n\t<meta name=\"twitter:data1\" content=\"Ag\u00eancia iNFRA\" \/>\n\t<meta name=\"twitter:label2\" content=\"Est. tempo de leitura\" \/>\n\t<meta name=\"twitter:data2\" content=\"4 minutos\" \/>\n<script type=\"application\/ld+json\" class=\"yoast-schema-graph\">{\"@context\":\"https:\/\/schema.org\",\"@graph\":[{\"@type\":\"Article\",\"@id\":\"https:\/\/agenciainfra.com\/blog\/distribuidoras-garantem-nova-tarifa-social-de-energia-no-prazo-a-partir-deste-sabado\/#article\",\"isPartOf\":{\"@id\":\"https:\/\/agenciainfra.com\/blog\/distribuidoras-garantem-nova-tarifa-social-de-energia-no-prazo-a-partir-deste-sabado\/\"},\"author\":{\"name\":\"Ag\u00eancia iNFRA\",\"@id\":\"https:\/\/agenciainfra.com\/blog\/#\/schema\/person\/34af08dff6adea4cb22b06612ba7acfa\"},\"headline\":\"Distribuidoras garantem Nova Tarifa Social de Energia no prazo, a partir deste s\u00e1bado\",\"datePublished\":\"2025-07-04T12:00:00+00:00\",\"dateModified\":\"2025-07-04T20:27:40+00:00\",\"mainEntityOfPage\":{\"@id\":\"https:\/\/agenciainfra.com\/blog\/distribuidoras-garantem-nova-tarifa-social-de-energia-no-prazo-a-partir-deste-sabado\/\"},\"wordCount\":895,\"publisher\":{\"@id\":\"https:\/\/agenciainfra.com\/blog\/#organization\"},\"image\":{\"@id\":\"https:\/\/agenciainfra.com\/blog\/distribuidoras-garantem-nova-tarifa-social-de-energia-no-prazo-a-partir-deste-sabado\/#primaryimage\"},\"thumbnailUrl\":\"https:\/\/agenciainfra.com\/blog\/wp-content\/uploads\/2025\/03\/calculo-conta-energia-foto-dominiopublico-e1750863917520.png\",\"keywords\":[\"Conta de Luz\",\"energia el\u00e9trica\",\"Geraldo Campos Jr.\",\"Lais Carregosa\",\"Marisa Wanzeller\",\"MP 1.300\/2025\",\"tarifa social de energia\"],\"articleSection\":[\"Geral\",\"iNFRAEnergia\"],\"inLanguage\":\"pt-BR\",\"copyrightYear\":\"2025\",\"copyrightHolder\":{\"@id\":\"https:\/\/agenciainfra.com\/blog\/#organization\"}},{\"@type\":\"WebPage\",\"@id\":\"https:\/\/agenciainfra.com\/blog\/distribuidoras-garantem-nova-tarifa-social-de-energia-no-prazo-a-partir-deste-sabado\/\",\"url\":\"https:\/\/agenciainfra.com\/blog\/distribuidoras-garantem-nova-tarifa-social-de-energia-no-prazo-a-partir-deste-sabado\/\",\"name\":\"Distribuidoras garantem Nova Tarifa Social de Energia no prazo, a partir deste s\u00e1bado - Ag\u00eancia iNFRA\",\"isPartOf\":{\"@id\":\"https:\/\/agenciainfra.com\/blog\/#website\"},\"primaryImageOfPage\":{\"@id\":\"https:\/\/agenciainfra.com\/blog\/distribuidoras-garantem-nova-tarifa-social-de-energia-no-prazo-a-partir-deste-sabado\/#primaryimage\"},\"image\":{\"@id\":\"https:\/\/agenciainfra.com\/blog\/distribuidoras-garantem-nova-tarifa-social-de-energia-no-prazo-a-partir-deste-sabado\/#primaryimage\"},\"thumbnailUrl\":\"https:\/\/agenciainfra.com\/blog\/wp-content\/uploads\/2025\/03\/calculo-conta-energia-foto-dominiopublico-e1750863917520.png\",\"datePublished\":\"2025-07-04T12:00:00+00:00\",\"dateModified\":\"2025-07-04T20:27:40+00:00\",\"breadcrumb\":{\"@id\":\"https:\/\/agenciainfra.com\/blog\/distribuidoras-garantem-nova-tarifa-social-de-energia-no-prazo-a-partir-deste-sabado\/#breadcrumb\"},\"inLanguage\":\"pt-BR\",\"potentialAction\":[{\"@type\":\"ReadAction\",\"target\":[\"https:\/\/agenciainfra.com\/blog\/distribuidoras-garantem-nova-tarifa-social-de-energia-no-prazo-a-partir-deste-sabado\/\"]}]},{\"@type\":\"ImageObject\",\"inLanguage\":\"pt-BR\",\"@id\":\"https:\/\/agenciainfra.com\/blog\/distribuidoras-garantem-nova-tarifa-social-de-energia-no-prazo-a-partir-deste-sabado\/#primaryimage\",\"url\":\"https:\/\/agenciainfra.com\/blog\/wp-content\/uploads\/2025\/03\/calculo-conta-energia-foto-dominiopublico-e1750863917520.png\",\"contentUrl\":\"https:\/\/agenciainfra.com\/blog\/wp-content\/uploads\/2025\/03\/calculo-conta-energia-foto-dominiopublico-e1750863917520.png\",\"width\":1208,\"height\":775,\"caption\":\"Foto: Dom\u00ednio P\u00fablico\"},{\"@type\":\"BreadcrumbList\",\"@id\":\"https:\/\/agenciainfra.com\/blog\/distribuidoras-garantem-nova-tarifa-social-de-energia-no-prazo-a-partir-deste-sabado\/#breadcrumb\",\"itemListElement\":[{\"@type\":\"ListItem\",\"position\":1,\"name\":\"In\u00edcio\",\"item\":\"https:\/\/agenciainfra.com\/blog\/\"},{\"@type\":\"ListItem\",\"position\":2,\"name\":\"Distribuidoras garantem Nova Tarifa Social de Energia no prazo, a partir deste s\u00e1bado\"}]},{\"@type\":\"WebSite\",\"@id\":\"https:\/\/agenciainfra.com\/blog\/#website\",\"url\":\"https:\/\/agenciainfra.com\/blog\/\",\"name\":\"Ag\u00eancia iNFRA\",\"description\":\"Multiplataforma de informa\u00e7\u00e3o jornal\u00edstica refer\u00eancia na \u00e1rea de infraestrutura no Brasil!\",\"publisher\":{\"@id\":\"https:\/\/agenciainfra.com\/blog\/#organization\"},\"potentialAction\":[{\"@type\":\"SearchAction\",\"target\":{\"@type\":\"EntryPoint\",\"urlTemplate\":\"https:\/\/agenciainfra.com\/blog\/?s={search_term_string}\"},\"query-input\":{\"@type\":\"PropertyValueSpecification\",\"valueRequired\":true,\"valueName\":\"search_term_string\"}}],\"inLanguage\":\"pt-BR\"},{\"@type\":\"Organization\",\"@id\":\"https:\/\/agenciainfra.com\/blog\/#organization\",\"name\":\"Ag\u00eancia iNFRA\",\"url\":\"https:\/\/agenciainfra.com\/blog\/\",\"logo\":{\"@type\":\"ImageObject\",\"inLanguage\":\"pt-BR\",\"@id\":\"https:\/\/agenciainfra.com\/blog\/#\/schema\/logo\/image\/\",\"url\":\"https:\/\/agenciainfra.com\/blog\/wp-content\/uploads\/2023\/09\/iNFRA_5-e1761735885940.png\",\"contentUrl\":\"https:\/\/agenciainfra.com\/blog\/wp-content\/uploads\/2023\/09\/iNFRA_5-e1761735885940.png\",\"width\":1672,\"height\":454,\"caption\":\"Ag\u00eancia iNFRA\"},\"image\":{\"@id\":\"https:\/\/agenciainfra.com\/blog\/#\/schema\/logo\/image\/\"},\"sameAs\":[\"https:\/\/www.facebook.com\/ageninfra\",\"https:\/\/x.com\/agencia_infra\",\"https:\/\/www.linkedin.com\/company\/ag\u00eanciainfra\/\",\"https:\/\/www.instagram.com\/agenciainfra\/\"]},{\"@type\":\"Person\",\"@id\":\"https:\/\/agenciainfra.com\/blog\/#\/schema\/person\/34af08dff6adea4cb22b06612ba7acfa\",\"name\":\"Ag\u00eancia iNFRA\",\"image\":{\"@type\":\"ImageObject\",\"inLanguage\":\"pt-BR\",\"@id\":\"https:\/\/agenciainfra.com\/blog\/#\/schema\/person\/image\/\",\"url\":\"https:\/\/secure.gravatar.com\/avatar\/d189e01678f06d8eb84d4e01f08eb848b3fffe3f8443818d3c356c66892f5be8?s=96&d=mm&r=g\",\"contentUrl\":\"https:\/\/secure.gravatar.com\/avatar\/d189e01678f06d8eb84d4e01f08eb848b3fffe3f8443818d3c356c66892f5be8?s=96&d=mm&r=g\",\"caption\":\"Ag\u00eancia iNFRA\"},\"url\":\"https:\/\/agenciainfra.com\/blog\/author\/admin\/\"}]}<\/script>\n<!-- \/ Yoast SEO Premium plugin. -->","yoast_head_json":{"title":"Distribuidoras garantem Nova Tarifa Social de Energia no prazo, a partir deste s\u00e1bado - Ag\u00eancia iNFRA","robots":{"index":"index","follow":"follow","max-snippet":"max-snippet:-1","max-image-preview":"max-image-preview:large","max-video-preview":"max-video-preview:-1"},"canonical":"https:\/\/agenciainfra.com\/blog\/distribuidoras-garantem-nova-tarifa-social-de-energia-no-prazo-a-partir-deste-sabado\/","og_locale":"pt_BR","og_type":"article","og_title":"Distribuidoras garantem Nova Tarifa Social de Energia no prazo, a partir deste s\u00e1bado","og_description":"Lais Carregosa, Geraldo Campos Jr. e Marisa Wanzeller, da Ag\u00eancia iNFRA As distribuidoras de energia garantem que v\u00e3o cumprir o prazo para emitir as contas de luz seguindo as novas regras da Tarifa Social de Energia El\u00e9trica, que entram em vig\u00eancia neste s\u00e1bado (5), conforme definido pela\u00a0MP (Medida Provis\u00f3ria) 1.300\/2025. Apesar da avalia\u00e7\u00e3o inicial de [&hellip;]","og_url":"https:\/\/agenciainfra.com\/blog\/distribuidoras-garantem-nova-tarifa-social-de-energia-no-prazo-a-partir-deste-sabado\/","og_site_name":"Ag\u00eancia iNFRA","article_publisher":"https:\/\/www.facebook.com\/ageninfra","article_published_time":"2025-07-04T12:00:00+00:00","article_modified_time":"2025-07-04T20:27:40+00:00","og_image":[{"width":1208,"height":775,"url":"https:\/\/agenciainfra.com\/blog\/wp-content\/uploads\/2025\/03\/calculo-conta-energia-foto-dominiopublico-e1750863917520.png","type":"image\/png"}],"author":"Ag\u00eancia iNFRA","twitter_card":"summary_large_image","twitter_creator":"@agencia_infra","twitter_site":"@agencia_infra","twitter_misc":{"Escrito por":"Ag\u00eancia iNFRA","Est. tempo de leitura":"4 minutos"},"schema":{"@context":"https:\/\/schema.org","@graph":[{"@type":"Article","@id":"https:\/\/agenciainfra.com\/blog\/distribuidoras-garantem-nova-tarifa-social-de-energia-no-prazo-a-partir-deste-sabado\/#article","isPartOf":{"@id":"https:\/\/agenciainfra.com\/blog\/distribuidoras-garantem-nova-tarifa-social-de-energia-no-prazo-a-partir-deste-sabado\/"},"author":{"name":"Ag\u00eancia iNFRA","@id":"https:\/\/agenciainfra.com\/blog\/#\/schema\/person\/34af08dff6adea4cb22b06612ba7acfa"},"headline":"Distribuidoras garantem Nova Tarifa Social de Energia no prazo, a partir deste s\u00e1bado","datePublished":"2025-07-04T12:00:00+00:00","dateModified":"2025-07-04T20:27:40+00:00","mainEntityOfPage":{"@id":"https:\/\/agenciainfra.com\/blog\/distribuidoras-garantem-nova-tarifa-social-de-energia-no-prazo-a-partir-deste-sabado\/"},"wordCount":895,"publisher":{"@id":"https:\/\/agenciainfra.com\/blog\/#organization"},"image":{"@id":"https:\/\/agenciainfra.com\/blog\/distribuidoras-garantem-nova-tarifa-social-de-energia-no-prazo-a-partir-deste-sabado\/#primaryimage"},"thumbnailUrl":"https:\/\/agenciainfra.com\/blog\/wp-content\/uploads\/2025\/03\/calculo-conta-energia-foto-dominiopublico-e1750863917520.png","keywords":["Conta de Luz","energia el\u00e9trica","Geraldo Campos Jr.","Lais Carregosa","Marisa Wanzeller","MP 1.300\/2025","tarifa social de energia"],"articleSection":["Geral","iNFRAEnergia"],"inLanguage":"pt-BR","copyrightYear":"2025","copyrightHolder":{"@id":"https:\/\/agenciainfra.com\/blog\/#organization"}},{"@type":"WebPage","@id":"https:\/\/agenciainfra.com\/blog\/distribuidoras-garantem-nova-tarifa-social-de-energia-no-prazo-a-partir-deste-sabado\/","url":"https:\/\/agenciainfra.com\/blog\/distribuidoras-garantem-nova-tarifa-social-de-energia-no-prazo-a-partir-deste-sabado\/","name":"Distribuidoras garantem Nova Tarifa Social de Energia no prazo, a partir deste s\u00e1bado - Ag\u00eancia iNFRA","isPartOf":{"@id":"https:\/\/agenciainfra.com\/blog\/#website"},"primaryImageOfPage":{"@id":"https:\/\/agenciainfra.com\/blog\/distribuidoras-garantem-nova-tarifa-social-de-energia-no-prazo-a-partir-deste-sabado\/#primaryimage"},"image":{"@id":"https:\/\/agenciainfra.com\/blog\/distribuidoras-garantem-nova-tarifa-social-de-energia-no-prazo-a-partir-deste-sabado\/#primaryimage"},"thumbnailUrl":"https:\/\/agenciainfra.com\/blog\/wp-content\/uploads\/2025\/03\/calculo-conta-energia-foto-dominiopublico-e1750863917520.png","datePublished":"2025-07-04T12:00:00+00:00","dateModified":"2025-07-04T20:27:40+00:00","breadcrumb":{"@id":"https:\/\/agenciainfra.com\/blog\/distribuidoras-garantem-nova-tarifa-social-de-energia-no-prazo-a-partir-deste-sabado\/#breadcrumb"},"inLanguage":"pt-BR","potentialAction":[{"@type":"ReadAction","target":["https:\/\/agenciainfra.com\/blog\/distribuidoras-garantem-nova-tarifa-social-de-energia-no-prazo-a-partir-deste-sabado\/"]}]},{"@type":"ImageObject","inLanguage":"pt-BR","@id":"https:\/\/agenciainfra.com\/blog\/distribuidoras-garantem-nova-tarifa-social-de-energia-no-prazo-a-partir-deste-sabado\/#primaryimage","url":"https:\/\/agenciainfra.com\/blog\/wp-content\/uploads\/2025\/03\/calculo-conta-energia-foto-dominiopublico-e1750863917520.png","contentUrl":"https:\/\/agenciainfra.com\/blog\/wp-content\/uploads\/2025\/03\/calculo-conta-energia-foto-dominiopublico-e1750863917520.png","width":1208,"height":775,"caption":"Foto: Dom\u00ednio P\u00fablico"},{"@type":"BreadcrumbList","@id":"https:\/\/agenciainfra.com\/blog\/distribuidoras-garantem-nova-tarifa-social-de-energia-no-prazo-a-partir-deste-sabado\/#breadcrumb","itemListElement":[{"@type":"ListItem","position":1,"name":"In\u00edcio","item":"https:\/\/agenciainfra.com\/blog\/"},{"@type":"ListItem","position":2,"name":"Distribuidoras garantem Nova Tarifa Social de Energia no prazo, a partir deste s\u00e1bado"}]},{"@type":"WebSite","@id":"https:\/\/agenciainfra.com\/blog\/#website","url":"https:\/\/agenciainfra.com\/blog\/","name":"Ag\u00eancia iNFRA","description":"Multiplataforma de informa\u00e7\u00e3o jornal\u00edstica refer\u00eancia na \u00e1rea de infraestrutura no Brasil!","publisher":{"@id":"https:\/\/agenciainfra.com\/blog\/#organization"},"potentialAction":[{"@type":"SearchAction","target":{"@type":"EntryPoint","urlTemplate":"https:\/\/agenciainfra.com\/blog\/?s={search_term_string}"},"query-input":{"@type":"PropertyValueSpecification","valueRequired":true,"valueName":"search_term_string"}}],"inLanguage":"pt-BR"},{"@type":"Organization","@id":"https:\/\/agenciainfra.com\/blog\/#organization","name":"Ag\u00eancia iNFRA","url":"https:\/\/agenciainfra.com\/blog\/","logo":{"@type":"ImageObject","inLanguage":"pt-BR","@id":"https:\/\/agenciainfra.com\/blog\/#\/schema\/logo\/image\/","url":"https:\/\/agenciainfra.com\/blog\/wp-content\/uploads\/2023\/09\/iNFRA_5-e1761735885940.png","contentUrl":"https:\/\/agenciainfra.com\/blog\/wp-content\/uploads\/2023\/09\/iNFRA_5-e1761735885940.png","width":1672,"height":454,"caption":"Ag\u00eancia iNFRA"},"image":{"@id":"https:\/\/agenciainfra.com\/blog\/#\/schema\/logo\/image\/"},"sameAs":["https:\/\/www.facebook.com\/ageninfra","https:\/\/x.com\/agencia_infra","https:\/\/www.linkedin.com\/company\/ag\u00eanciainfra\/","https:\/\/www.instagram.com\/agenciainfra\/"]},{"@type":"Person","@id":"https:\/\/agenciainfra.com\/blog\/#\/schema\/person\/34af08dff6adea4cb22b06612ba7acfa","name":"Ag\u00eancia iNFRA","image":{"@type":"ImageObject","inLanguage":"pt-BR","@id":"https:\/\/agenciainfra.com\/blog\/#\/schema\/person\/image\/","url":"https:\/\/secure.gravatar.com\/avatar\/d189e01678f06d8eb84d4e01f08eb848b3fffe3f8443818d3c356c66892f5be8?s=96&d=mm&r=g","contentUrl":"https:\/\/secure.gravatar.com\/avatar\/d189e01678f06d8eb84d4e01f08eb848b3fffe3f8443818d3c356c66892f5be8?s=96&d=mm&r=g","caption":"Ag\u00eancia iNFRA"},"url":"https:\/\/agenciainfra.com\/blog\/author\/admin\/"}]}},"_links":{"self":[{"href":"https:\/\/agenciainfra.com\/blog\/wp-json\/wp\/v2\/posts\/24060","targetHints":{"allow":["GET"]}}],"collection":[{"href":"https:\/\/agenciainfra.com\/blog\/wp-json\/wp\/v2\/posts"}],"about":[{"href":"https:\/\/agenciainfra.com\/blog\/wp-json\/wp\/v2\/types\/post"}],"author":[{"embeddable":true,"href":"https:\/\/agenciainfra.com\/blog\/wp-json\/wp\/v2\/users\/1"}],"replies":[{"embeddable":true,"href":"https:\/\/agenciainfra.com\/blog\/wp-json\/wp\/v2\/comments?post=24060"}],"version-history":[{"count":2,"href":"https:\/\/agenciainfra.com\/blog\/wp-json\/wp\/v2\/posts\/24060\/revisions"}],"predecessor-version":[{"id":24074,"href":"https:\/\/agenciainfra.com\/blog\/wp-json\/wp\/v2\/posts\/24060\/revisions\/24074"}],"wp:featuredmedia":[{"embeddable":true,"href":"https:\/\/agenciainfra.com\/blog\/wp-json\/wp\/v2\/media\/20695"}],"wp:attachment":[{"href":"https:\/\/agenciainfra.com\/blog\/wp-json\/wp\/v2\/media?parent=24060"}],"wp:term":[{"taxonomy":"category","embeddable":true,"href":"https:\/\/agenciainfra.com\/blog\/wp-json\/wp\/v2\/categories?post=24060"},{"taxonomy":"post_tag","embeddable":true,"href":"https:\/\/agenciainfra.com\/blog\/wp-json\/wp\/v2\/tags?post=24060"}],"curies":[{"name":"wp","href":"https:\/\/api.w.org\/{rel}","templated":true}]}}