{"id":24062,"date":"2025-07-04T10:00:00","date_gmt":"2025-07-04T13:00:00","guid":{"rendered":"https:\/\/agenciainfra.com\/blog\/?p=24062"},"modified":"2025-07-05T10:04:14","modified_gmt":"2025-07-05T13:04:14","slug":"k-infra-diz-que-vai-reassumir-concessao-da-rodovia-do-aco-mas-governo-e-antt-nao-veem-aval-para-concessionaria-voltar","status":"publish","type":"post","link":"https:\/\/agenciainfra.com\/blog\/k-infra-diz-que-vai-reassumir-concessao-da-rodovia-do-aco-mas-governo-e-antt-nao-veem-aval-para-concessionaria-voltar\/","title":{"rendered":"K-Infra diz que vai reassumir concess\u00e3o da Rodovia do A\u00e7o, mas governo e ANTT n\u00e3o veem aval para concession\u00e1ria voltar"},"content":{"rendered":"\n<p class=\"has-text-align-right\"><strong>Sheyla Santos e Dimmi Amora, da Ag\u00eancia iNFRA<\/strong><\/p>\n\n\n\n<p>A concession\u00e1ria K-Infra disse que vai retomar nesta sexta-feira (4) a concess\u00e3o da BR-393\/RJ (Rodovia do A\u00e7o) sob alega\u00e7\u00e3o de que o retorno \u00e0 administra\u00e7\u00e3o do trecho foi autorizado por decis\u00e3o liminar do ministro do STF (Supremo Tribunal Federal) Gilmar Mendes. O Minist\u00e9rio dos Transportes e a ANTT (Ag\u00eancia Nacional de Transportes Terrestres), por outro lado, recha\u00e7am a interpreta\u00e7\u00e3o dada pela empresa \u00e0 decis\u00e3o do STF e afirmam que a rodovia continuar\u00e1 sob manuten\u00e7\u00e3o do DNIT (Departamento Nacional de Infraestrutura de Transportes). <br><br>Gilmar Mendes\u00a0aceitou parcialmente o pedido da empresa \u201capenas para determinar que os c\u00e1lculos relativos \u00e0 indeniza\u00e7\u00e3o devida \u00e0 Concession\u00e1ria sejam conclu\u00eddos at\u00e9 o final do processo administrativo e da extin\u00e7\u00e3o do contrato, o que ocorre com a conclus\u00e3o do processo de transi\u00e7\u00e3o operacional para o novo operador da rodovia\u201d.\u00a0<br><br>O consultor jur\u00eddico do Minist\u00e9rio dos Transportes, Marconi Arani Filho, afirmou que a decis\u00e3o &#8220;n\u00e3o altera em nada o cen\u00e1rio da caducidade&#8221; da K-Infra. A leitura \u00e9 de que o comando relativo ao c\u00e1lculo de indeniza\u00e7\u00e3o n\u00e3o se confunde com a declara\u00e7\u00e3o de caducidade do direito de explora\u00e7\u00e3o do trecho rodovi\u00e1rio. \u201cN\u00e3o por outra raz\u00e3o, a medida liminar foi deferida apenas parcialmente. T\u00e3o logo seja intimada, a AGU ir\u00e1 recorrer da decis\u00e3o&#8221;, informou.<br><br>&#8220;A gest\u00e3o do trecho permanece sob responsabilidade do Departamento Nacional de Infraestrutura de Transportes (DNIT), conforme j\u00e1 estabelecido, e sem cobran\u00e7a de ped\u00e1gio&#8221;, complementou a pasta.\u00a0<br><br>A ANTT afirmou em nota, por sua vez, que a decis\u00e3o do tribunal indeferiu o pedido da empresa para suspender o decreto de caducidade, n\u00e3o alterando a situa\u00e7\u00e3o atual da rodovia. \u201cO trecho j\u00e1 est\u00e1 sob opera\u00e7\u00e3o do DNIT\u201d, diz a ag\u00eancia.<br><br>J\u00e1 a K-Infra argumenta que a liminar interrompe o processo de caducidade at\u00e9 que os c\u00e1lculos sejam feitos durante a opera\u00e7\u00e3o pela concession\u00e1ria. A concession\u00e1ria disse ainda que enviou of\u00edcio ao Minist\u00e9rio dos Transportes, \u00e0 ANTT e ao DNIT comunicando a decis\u00e3o do tribunal e a retomada das opera\u00e7\u00f5es. \u201cA empresa informa que j\u00e1 prepara seus funcion\u00e1rios e o deslocamento de equipamentos para voltar a operar nesta sexta-feira (4\/7), com servi\u00e7os de ambul\u00e2ncia, equipes de seguran\u00e7a, caminh\u00f5es-pipa e guincho, entre outros\u201d, disse por meio de nota.<br><br>O governo federal\u00a0<a href=\"https:\/\/agenciainfra.com\/blog\/governo-decreta-caducidade-da-k-infra-rodovia-do-aco\/\" target=\"_blank\" rel=\"noreferrer noopener\">decretou<\/a>\u00a0a caducidade do contrato de concess\u00e3o de titularidade da K-Infra em 3 de junho. Com a decis\u00e3o, ficou estabelecido que o DNIT assumiria o trecho at\u00e9 a chegada de novo concession\u00e1rio. No dia 10 de junho, o Minist\u00e9rio dos Transportes informou que havia suspendido o plano de transi\u00e7\u00e3o previsto na caducidade da concess\u00e3o, interrompendo a cobran\u00e7a da tarifa com a assun\u00e7\u00e3o pelo DNIT, que trabalha na manuten\u00e7\u00e3o da rodovia mas n\u00e3o opera os servi\u00e7os.<\/p>\n\n\n\n<p><\/p>\n","protected":false},"excerpt":{"rendered":"<p>Sheyla Santos e Dimmi Amora, da Ag\u00eancia iNFRA A concession\u00e1ria K-Infra disse que vai retomar nesta sexta-feira (4) a concess\u00e3o da BR-393\/RJ (Rodovia do A\u00e7o) sob alega\u00e7\u00e3o de que o retorno \u00e0 administra\u00e7\u00e3o do trecho foi autorizado por decis\u00e3o liminar do ministro do STF (Supremo Tribunal Federal) Gilmar Mendes. O Minist\u00e9rio dos Transportes e a [&hellip;]<\/p>\n","protected":false},"author":1,"featured_media":22399,"comment_status":"closed","ping_status":"closed","sticky":false,"template":"","format":"standard","meta":{"_monsterinsights_skip_tracking":false,"_monsterinsights_sitenote_active":false,"_monsterinsights_sitenote_note":"","_monsterinsights_sitenote_category":0,"footnotes":""},"categories":[7250,1,7],"tags":[19,6070,245,13605,22,12487,1299,6071,3484,16,14181,2131,21,149,8838],"class_list":["post-24062","post","type-post","status-publish","format-standard","has-post-thumbnail","hentry","category-destaque-lista","category-geral","category-infratransporte","tag-antt","tag-br-393-rj","tag-caducidade","tag-caducidade-de-concessao","tag-concessao","tag-devolucao-de-rodovia","tag-dimmi-amora","tag-k-infra","tag-k-infra-rodovia-do-aco","tag-ministerio-dos-transportes","tag-ministro-gilmar-mendes-stf","tag-repactuacao","tag-rodovia","tag-rodovia-do-aco","tag-sheyla-santos"],"yoast_head":"<!-- This site is optimized with the Yoast SEO Premium plugin v25.4 (Yoast SEO v26.0) - https:\/\/yoast.com\/wordpress\/plugins\/seo\/ -->\n<title>K-Infra diz que vai reassumir concess\u00e3o da Rodovia do A\u00e7o, mas governo e ANTT n\u00e3o veem aval para concession\u00e1ria voltar - Ag\u00eancia iNFRA<\/title>\n<meta name=\"robots\" content=\"index, follow, max-snippet:-1, max-image-preview:large, max-video-preview:-1\" \/>\n<link rel=\"canonical\" href=\"https:\/\/agenciainfra.com\/blog\/k-infra-diz-que-vai-reassumir-concessao-da-rodovia-do-aco-mas-governo-e-antt-nao-veem-aval-para-concessionaria-voltar\/\" \/>\n<meta property=\"og:locale\" content=\"pt_BR\" \/>\n<meta property=\"og:type\" content=\"article\" \/>\n<meta property=\"og:title\" content=\"K-Infra diz que vai reassumir concess\u00e3o da Rodovia do A\u00e7o, mas governo e ANTT n\u00e3o veem aval para concession\u00e1ria voltar\" \/>\n<meta property=\"og:description\" content=\"Sheyla Santos e Dimmi Amora, da Ag\u00eancia iNFRA A concession\u00e1ria K-Infra disse que vai retomar nesta sexta-feira (4) a concess\u00e3o da BR-393\/RJ (Rodovia do A\u00e7o) sob alega\u00e7\u00e3o de que o retorno \u00e0 administra\u00e7\u00e3o do trecho foi autorizado por decis\u00e3o liminar do ministro do STF (Supremo Tribunal Federal) Gilmar Mendes. O Minist\u00e9rio dos Transportes e a [&hellip;]\" \/>\n<meta property=\"og:url\" content=\"https:\/\/agenciainfra.com\/blog\/k-infra-diz-que-vai-reassumir-concessao-da-rodovia-do-aco-mas-governo-e-antt-nao-veem-aval-para-concessionaria-voltar\/\" \/>\n<meta property=\"og:site_name\" content=\"Ag\u00eancia iNFRA\" \/>\n<meta property=\"article:publisher\" content=\"https:\/\/www.facebook.com\/ageninfra\" \/>\n<meta property=\"article:published_time\" content=\"2025-07-04T13:00:00+00:00\" \/>\n<meta property=\"article:modified_time\" content=\"2025-07-05T13:04:14+00:00\" \/>\n<meta property=\"og:image\" content=\"https:\/\/agenciainfra.com\/blog\/wp-content\/uploads\/2025\/06\/k-infra_rodovia-do-aco-foto-divulgacao-e1748950186901.jpg\" \/>\n\t<meta property=\"og:image:width\" content=\"1280\" \/>\n\t<meta property=\"og:image:height\" content=\"772\" \/>\n\t<meta property=\"og:image:type\" content=\"image\/jpeg\" \/>\n<meta name=\"author\" content=\"Ag\u00eancia iNFRA\" \/>\n<meta name=\"twitter:card\" content=\"summary_large_image\" \/>\n<meta name=\"twitter:creator\" content=\"@agencia_infra\" \/>\n<meta name=\"twitter:site\" content=\"@agencia_infra\" \/>\n<meta name=\"twitter:label1\" content=\"Escrito por\" \/>\n\t<meta name=\"twitter:data1\" content=\"Ag\u00eancia iNFRA\" \/>\n\t<meta name=\"twitter:label2\" content=\"Est. tempo de leitura\" \/>\n\t<meta name=\"twitter:data2\" content=\"3 minutos\" \/>\n<script type=\"application\/ld+json\" class=\"yoast-schema-graph\">{\"@context\":\"https:\/\/schema.org\",\"@graph\":[{\"@type\":\"Article\",\"@id\":\"https:\/\/agenciainfra.com\/blog\/k-infra-diz-que-vai-reassumir-concessao-da-rodovia-do-aco-mas-governo-e-antt-nao-veem-aval-para-concessionaria-voltar\/#article\",\"isPartOf\":{\"@id\":\"https:\/\/agenciainfra.com\/blog\/k-infra-diz-que-vai-reassumir-concessao-da-rodovia-do-aco-mas-governo-e-antt-nao-veem-aval-para-concessionaria-voltar\/\"},\"author\":{\"name\":\"Ag\u00eancia iNFRA\",\"@id\":\"https:\/\/agenciainfra.com\/blog\/#\/schema\/person\/34af08dff6adea4cb22b06612ba7acfa\"},\"headline\":\"K-Infra diz que vai reassumir concess\u00e3o da Rodovia do A\u00e7o, mas governo e ANTT n\u00e3o veem aval para concession\u00e1ria voltar\",\"datePublished\":\"2025-07-04T13:00:00+00:00\",\"dateModified\":\"2025-07-05T13:04:14+00:00\",\"mainEntityOfPage\":{\"@id\":\"https:\/\/agenciainfra.com\/blog\/k-infra-diz-que-vai-reassumir-concessao-da-rodovia-do-aco-mas-governo-e-antt-nao-veem-aval-para-concessionaria-voltar\/\"},\"wordCount\":527,\"publisher\":{\"@id\":\"https:\/\/agenciainfra.com\/blog\/#organization\"},\"image\":{\"@id\":\"https:\/\/agenciainfra.com\/blog\/k-infra-diz-que-vai-reassumir-concessao-da-rodovia-do-aco-mas-governo-e-antt-nao-veem-aval-para-concessionaria-voltar\/#primaryimage\"},\"thumbnailUrl\":\"https:\/\/agenciainfra.com\/blog\/wp-content\/uploads\/2025\/06\/k-infra_rodovia-do-aco-foto-divulgacao-e1748950186901.jpg\",\"keywords\":[\"ANTT\",\"BR-393\/RJ\",\"caducidade\",\"caducidade de concess\u00e3o\",\"Concess\u00e3o\",\"devolu\u00e7\u00e3o de rodovia\",\"Dimmi Amora\",\"K-Infra\",\"K-Infra Rodovia do A\u00e7o\",\"minist\u00e9rio dos transportes\",\"ministro gilmar mendes stf\",\"repactua\u00e7\u00e3o\",\"Rodovia\",\"Rodovia do A\u00e7o\",\"Sheyla Santos\"],\"articleSection\":[\"Destaque lista\",\"Geral\",\"iNFRATransporte\"],\"inLanguage\":\"pt-BR\",\"copyrightYear\":\"2025\",\"copyrightHolder\":{\"@id\":\"https:\/\/agenciainfra.com\/blog\/#organization\"}},{\"@type\":\"WebPage\",\"@id\":\"https:\/\/agenciainfra.com\/blog\/k-infra-diz-que-vai-reassumir-concessao-da-rodovia-do-aco-mas-governo-e-antt-nao-veem-aval-para-concessionaria-voltar\/\",\"url\":\"https:\/\/agenciainfra.com\/blog\/k-infra-diz-que-vai-reassumir-concessao-da-rodovia-do-aco-mas-governo-e-antt-nao-veem-aval-para-concessionaria-voltar\/\",\"name\":\"K-Infra diz que vai reassumir concess\u00e3o da Rodovia do A\u00e7o, mas governo e ANTT n\u00e3o veem aval para concession\u00e1ria voltar - Ag\u00eancia iNFRA\",\"isPartOf\":{\"@id\":\"https:\/\/agenciainfra.com\/blog\/#website\"},\"primaryImageOfPage\":{\"@id\":\"https:\/\/agenciainfra.com\/blog\/k-infra-diz-que-vai-reassumir-concessao-da-rodovia-do-aco-mas-governo-e-antt-nao-veem-aval-para-concessionaria-voltar\/#primaryimage\"},\"image\":{\"@id\":\"https:\/\/agenciainfra.com\/blog\/k-infra-diz-que-vai-reassumir-concessao-da-rodovia-do-aco-mas-governo-e-antt-nao-veem-aval-para-concessionaria-voltar\/#primaryimage\"},\"thumbnailUrl\":\"https:\/\/agenciainfra.com\/blog\/wp-content\/uploads\/2025\/06\/k-infra_rodovia-do-aco-foto-divulgacao-e1748950186901.jpg\",\"datePublished\":\"2025-07-04T13:00:00+00:00\",\"dateModified\":\"2025-07-05T13:04:14+00:00\",\"breadcrumb\":{\"@id\":\"https:\/\/agenciainfra.com\/blog\/k-infra-diz-que-vai-reassumir-concessao-da-rodovia-do-aco-mas-governo-e-antt-nao-veem-aval-para-concessionaria-voltar\/#breadcrumb\"},\"inLanguage\":\"pt-BR\",\"potentialAction\":[{\"@type\":\"ReadAction\",\"target\":[\"https:\/\/agenciainfra.com\/blog\/k-infra-diz-que-vai-reassumir-concessao-da-rodovia-do-aco-mas-governo-e-antt-nao-veem-aval-para-concessionaria-voltar\/\"]}]},{\"@type\":\"ImageObject\",\"inLanguage\":\"pt-BR\",\"@id\":\"https:\/\/agenciainfra.com\/blog\/k-infra-diz-que-vai-reassumir-concessao-da-rodovia-do-aco-mas-governo-e-antt-nao-veem-aval-para-concessionaria-voltar\/#primaryimage\",\"url\":\"https:\/\/agenciainfra.com\/blog\/wp-content\/uploads\/2025\/06\/k-infra_rodovia-do-aco-foto-divulgacao-e1748950186901.jpg\",\"contentUrl\":\"https:\/\/agenciainfra.com\/blog\/wp-content\/uploads\/2025\/06\/k-infra_rodovia-do-aco-foto-divulgacao-e1748950186901.jpg\",\"width\":1280,\"height\":772,\"caption\":\"Foto: K-Infra\/Divulga\u00e7\u00e3o\"},{\"@type\":\"BreadcrumbList\",\"@id\":\"https:\/\/agenciainfra.com\/blog\/k-infra-diz-que-vai-reassumir-concessao-da-rodovia-do-aco-mas-governo-e-antt-nao-veem-aval-para-concessionaria-voltar\/#breadcrumb\",\"itemListElement\":[{\"@type\":\"ListItem\",\"position\":1,\"name\":\"In\u00edcio\",\"item\":\"https:\/\/agenciainfra.com\/blog\/\"},{\"@type\":\"ListItem\",\"position\":2,\"name\":\"K-Infra diz que vai reassumir concess\u00e3o da Rodovia do A\u00e7o, mas governo e ANTT n\u00e3o veem aval para concession\u00e1ria voltar\"}]},{\"@type\":\"WebSite\",\"@id\":\"https:\/\/agenciainfra.com\/blog\/#website\",\"url\":\"https:\/\/agenciainfra.com\/blog\/\",\"name\":\"Ag\u00eancia iNFRA\",\"description\":\"Multiplataforma de informa\u00e7\u00e3o jornal\u00edstica refer\u00eancia na \u00e1rea de infraestrutura no Brasil!\",\"publisher\":{\"@id\":\"https:\/\/agenciainfra.com\/blog\/#organization\"},\"potentialAction\":[{\"@type\":\"SearchAction\",\"target\":{\"@type\":\"EntryPoint\",\"urlTemplate\":\"https:\/\/agenciainfra.com\/blog\/?s={search_term_string}\"},\"query-input\":{\"@type\":\"PropertyValueSpecification\",\"valueRequired\":true,\"valueName\":\"search_term_string\"}}],\"inLanguage\":\"pt-BR\"},{\"@type\":\"Organization\",\"@id\":\"https:\/\/agenciainfra.com\/blog\/#organization\",\"name\":\"Ag\u00eancia iNFRA\",\"url\":\"https:\/\/agenciainfra.com\/blog\/\",\"logo\":{\"@type\":\"ImageObject\",\"inLanguage\":\"pt-BR\",\"@id\":\"https:\/\/agenciainfra.com\/blog\/#\/schema\/logo\/image\/\",\"url\":\"https:\/\/agenciainfra.com\/blog\/wp-content\/uploads\/2023\/09\/iNFRA_5-e1761735885940.png\",\"contentUrl\":\"https:\/\/agenciainfra.com\/blog\/wp-content\/uploads\/2023\/09\/iNFRA_5-e1761735885940.png\",\"width\":1672,\"height\":454,\"caption\":\"Ag\u00eancia iNFRA\"},\"image\":{\"@id\":\"https:\/\/agenciainfra.com\/blog\/#\/schema\/logo\/image\/\"},\"sameAs\":[\"https:\/\/www.facebook.com\/ageninfra\",\"https:\/\/x.com\/agencia_infra\",\"https:\/\/www.linkedin.com\/company\/ag\u00eanciainfra\/\",\"https:\/\/www.instagram.com\/agenciainfra\/\"]},{\"@type\":\"Person\",\"@id\":\"https:\/\/agenciainfra.com\/blog\/#\/schema\/person\/34af08dff6adea4cb22b06612ba7acfa\",\"name\":\"Ag\u00eancia iNFRA\",\"image\":{\"@type\":\"ImageObject\",\"inLanguage\":\"pt-BR\",\"@id\":\"https:\/\/agenciainfra.com\/blog\/#\/schema\/person\/image\/\",\"url\":\"https:\/\/secure.gravatar.com\/avatar\/d189e01678f06d8eb84d4e01f08eb848b3fffe3f8443818d3c356c66892f5be8?s=96&d=mm&r=g\",\"contentUrl\":\"https:\/\/secure.gravatar.com\/avatar\/d189e01678f06d8eb84d4e01f08eb848b3fffe3f8443818d3c356c66892f5be8?s=96&d=mm&r=g\",\"caption\":\"Ag\u00eancia iNFRA\"},\"url\":\"https:\/\/agenciainfra.com\/blog\/author\/admin\/\"}]}<\/script>\n<!-- \/ Yoast SEO Premium plugin. -->","yoast_head_json":{"title":"K-Infra diz que vai reassumir concess\u00e3o da Rodovia do A\u00e7o, mas governo e ANTT n\u00e3o veem aval para concession\u00e1ria voltar - Ag\u00eancia iNFRA","robots":{"index":"index","follow":"follow","max-snippet":"max-snippet:-1","max-image-preview":"max-image-preview:large","max-video-preview":"max-video-preview:-1"},"canonical":"https:\/\/agenciainfra.com\/blog\/k-infra-diz-que-vai-reassumir-concessao-da-rodovia-do-aco-mas-governo-e-antt-nao-veem-aval-para-concessionaria-voltar\/","og_locale":"pt_BR","og_type":"article","og_title":"K-Infra diz que vai reassumir concess\u00e3o da Rodovia do A\u00e7o, mas governo e ANTT n\u00e3o veem aval para concession\u00e1ria voltar","og_description":"Sheyla Santos e Dimmi Amora, da Ag\u00eancia iNFRA A concession\u00e1ria K-Infra disse que vai retomar nesta sexta-feira (4) a concess\u00e3o da BR-393\/RJ (Rodovia do A\u00e7o) sob alega\u00e7\u00e3o de que o retorno \u00e0 administra\u00e7\u00e3o do trecho foi autorizado por decis\u00e3o liminar do ministro do STF (Supremo Tribunal Federal) Gilmar Mendes. O Minist\u00e9rio dos Transportes e a [&hellip;]","og_url":"https:\/\/agenciainfra.com\/blog\/k-infra-diz-que-vai-reassumir-concessao-da-rodovia-do-aco-mas-governo-e-antt-nao-veem-aval-para-concessionaria-voltar\/","og_site_name":"Ag\u00eancia iNFRA","article_publisher":"https:\/\/www.facebook.com\/ageninfra","article_published_time":"2025-07-04T13:00:00+00:00","article_modified_time":"2025-07-05T13:04:14+00:00","og_image":[{"width":1280,"height":772,"url":"https:\/\/agenciainfra.com\/blog\/wp-content\/uploads\/2025\/06\/k-infra_rodovia-do-aco-foto-divulgacao-e1748950186901.jpg","type":"image\/jpeg"}],"author":"Ag\u00eancia iNFRA","twitter_card":"summary_large_image","twitter_creator":"@agencia_infra","twitter_site":"@agencia_infra","twitter_misc":{"Escrito por":"Ag\u00eancia iNFRA","Est. tempo de leitura":"3 minutos"},"schema":{"@context":"https:\/\/schema.org","@graph":[{"@type":"Article","@id":"https:\/\/agenciainfra.com\/blog\/k-infra-diz-que-vai-reassumir-concessao-da-rodovia-do-aco-mas-governo-e-antt-nao-veem-aval-para-concessionaria-voltar\/#article","isPartOf":{"@id":"https:\/\/agenciainfra.com\/blog\/k-infra-diz-que-vai-reassumir-concessao-da-rodovia-do-aco-mas-governo-e-antt-nao-veem-aval-para-concessionaria-voltar\/"},"author":{"name":"Ag\u00eancia iNFRA","@id":"https:\/\/agenciainfra.com\/blog\/#\/schema\/person\/34af08dff6adea4cb22b06612ba7acfa"},"headline":"K-Infra diz que vai reassumir concess\u00e3o da Rodovia do A\u00e7o, mas governo e ANTT n\u00e3o veem aval para concession\u00e1ria voltar","datePublished":"2025-07-04T13:00:00+00:00","dateModified":"2025-07-05T13:04:14+00:00","mainEntityOfPage":{"@id":"https:\/\/agenciainfra.com\/blog\/k-infra-diz-que-vai-reassumir-concessao-da-rodovia-do-aco-mas-governo-e-antt-nao-veem-aval-para-concessionaria-voltar\/"},"wordCount":527,"publisher":{"@id":"https:\/\/agenciainfra.com\/blog\/#organization"},"image":{"@id":"https:\/\/agenciainfra.com\/blog\/k-infra-diz-que-vai-reassumir-concessao-da-rodovia-do-aco-mas-governo-e-antt-nao-veem-aval-para-concessionaria-voltar\/#primaryimage"},"thumbnailUrl":"https:\/\/agenciainfra.com\/blog\/wp-content\/uploads\/2025\/06\/k-infra_rodovia-do-aco-foto-divulgacao-e1748950186901.jpg","keywords":["ANTT","BR-393\/RJ","caducidade","caducidade de concess\u00e3o","Concess\u00e3o","devolu\u00e7\u00e3o de rodovia","Dimmi Amora","K-Infra","K-Infra Rodovia do A\u00e7o","minist\u00e9rio dos transportes","ministro gilmar mendes stf","repactua\u00e7\u00e3o","Rodovia","Rodovia do A\u00e7o","Sheyla Santos"],"articleSection":["Destaque lista","Geral","iNFRATransporte"],"inLanguage":"pt-BR","copyrightYear":"2025","copyrightHolder":{"@id":"https:\/\/agenciainfra.com\/blog\/#organization"}},{"@type":"WebPage","@id":"https:\/\/agenciainfra.com\/blog\/k-infra-diz-que-vai-reassumir-concessao-da-rodovia-do-aco-mas-governo-e-antt-nao-veem-aval-para-concessionaria-voltar\/","url":"https:\/\/agenciainfra.com\/blog\/k-infra-diz-que-vai-reassumir-concessao-da-rodovia-do-aco-mas-governo-e-antt-nao-veem-aval-para-concessionaria-voltar\/","name":"K-Infra diz que vai reassumir concess\u00e3o da Rodovia do A\u00e7o, mas governo e ANTT n\u00e3o veem aval para concession\u00e1ria voltar - Ag\u00eancia iNFRA","isPartOf":{"@id":"https:\/\/agenciainfra.com\/blog\/#website"},"primaryImageOfPage":{"@id":"https:\/\/agenciainfra.com\/blog\/k-infra-diz-que-vai-reassumir-concessao-da-rodovia-do-aco-mas-governo-e-antt-nao-veem-aval-para-concessionaria-voltar\/#primaryimage"},"image":{"@id":"https:\/\/agenciainfra.com\/blog\/k-infra-diz-que-vai-reassumir-concessao-da-rodovia-do-aco-mas-governo-e-antt-nao-veem-aval-para-concessionaria-voltar\/#primaryimage"},"thumbnailUrl":"https:\/\/agenciainfra.com\/blog\/wp-content\/uploads\/2025\/06\/k-infra_rodovia-do-aco-foto-divulgacao-e1748950186901.jpg","datePublished":"2025-07-04T13:00:00+00:00","dateModified":"2025-07-05T13:04:14+00:00","breadcrumb":{"@id":"https:\/\/agenciainfra.com\/blog\/k-infra-diz-que-vai-reassumir-concessao-da-rodovia-do-aco-mas-governo-e-antt-nao-veem-aval-para-concessionaria-voltar\/#breadcrumb"},"inLanguage":"pt-BR","potentialAction":[{"@type":"ReadAction","target":["https:\/\/agenciainfra.com\/blog\/k-infra-diz-que-vai-reassumir-concessao-da-rodovia-do-aco-mas-governo-e-antt-nao-veem-aval-para-concessionaria-voltar\/"]}]},{"@type":"ImageObject","inLanguage":"pt-BR","@id":"https:\/\/agenciainfra.com\/blog\/k-infra-diz-que-vai-reassumir-concessao-da-rodovia-do-aco-mas-governo-e-antt-nao-veem-aval-para-concessionaria-voltar\/#primaryimage","url":"https:\/\/agenciainfra.com\/blog\/wp-content\/uploads\/2025\/06\/k-infra_rodovia-do-aco-foto-divulgacao-e1748950186901.jpg","contentUrl":"https:\/\/agenciainfra.com\/blog\/wp-content\/uploads\/2025\/06\/k-infra_rodovia-do-aco-foto-divulgacao-e1748950186901.jpg","width":1280,"height":772,"caption":"Foto: K-Infra\/Divulga\u00e7\u00e3o"},{"@type":"BreadcrumbList","@id":"https:\/\/agenciainfra.com\/blog\/k-infra-diz-que-vai-reassumir-concessao-da-rodovia-do-aco-mas-governo-e-antt-nao-veem-aval-para-concessionaria-voltar\/#breadcrumb","itemListElement":[{"@type":"ListItem","position":1,"name":"In\u00edcio","item":"https:\/\/agenciainfra.com\/blog\/"},{"@type":"ListItem","position":2,"name":"K-Infra diz que vai reassumir concess\u00e3o da Rodovia do A\u00e7o, mas governo e ANTT n\u00e3o veem aval para concession\u00e1ria voltar"}]},{"@type":"WebSite","@id":"https:\/\/agenciainfra.com\/blog\/#website","url":"https:\/\/agenciainfra.com\/blog\/","name":"Ag\u00eancia iNFRA","description":"Multiplataforma de informa\u00e7\u00e3o jornal\u00edstica refer\u00eancia na \u00e1rea de infraestrutura no Brasil!","publisher":{"@id":"https:\/\/agenciainfra.com\/blog\/#organization"},"potentialAction":[{"@type":"SearchAction","target":{"@type":"EntryPoint","urlTemplate":"https:\/\/agenciainfra.com\/blog\/?s={search_term_string}"},"query-input":{"@type":"PropertyValueSpecification","valueRequired":true,"valueName":"search_term_string"}}],"inLanguage":"pt-BR"},{"@type":"Organization","@id":"https:\/\/agenciainfra.com\/blog\/#organization","name":"Ag\u00eancia iNFRA","url":"https:\/\/agenciainfra.com\/blog\/","logo":{"@type":"ImageObject","inLanguage":"pt-BR","@id":"https:\/\/agenciainfra.com\/blog\/#\/schema\/logo\/image\/","url":"https:\/\/agenciainfra.com\/blog\/wp-content\/uploads\/2023\/09\/iNFRA_5-e1761735885940.png","contentUrl":"https:\/\/agenciainfra.com\/blog\/wp-content\/uploads\/2023\/09\/iNFRA_5-e1761735885940.png","width":1672,"height":454,"caption":"Ag\u00eancia iNFRA"},"image":{"@id":"https:\/\/agenciainfra.com\/blog\/#\/schema\/logo\/image\/"},"sameAs":["https:\/\/www.facebook.com\/ageninfra","https:\/\/x.com\/agencia_infra","https:\/\/www.linkedin.com\/company\/ag\u00eanciainfra\/","https:\/\/www.instagram.com\/agenciainfra\/"]},{"@type":"Person","@id":"https:\/\/agenciainfra.com\/blog\/#\/schema\/person\/34af08dff6adea4cb22b06612ba7acfa","name":"Ag\u00eancia iNFRA","image":{"@type":"ImageObject","inLanguage":"pt-BR","@id":"https:\/\/agenciainfra.com\/blog\/#\/schema\/person\/image\/","url":"https:\/\/secure.gravatar.com\/avatar\/d189e01678f06d8eb84d4e01f08eb848b3fffe3f8443818d3c356c66892f5be8?s=96&d=mm&r=g","contentUrl":"https:\/\/secure.gravatar.com\/avatar\/d189e01678f06d8eb84d4e01f08eb848b3fffe3f8443818d3c356c66892f5be8?s=96&d=mm&r=g","caption":"Ag\u00eancia iNFRA"},"url":"https:\/\/agenciainfra.com\/blog\/author\/admin\/"}]}},"_links":{"self":[{"href":"https:\/\/agenciainfra.com\/blog\/wp-json\/wp\/v2\/posts\/24062","targetHints":{"allow":["GET"]}}],"collection":[{"href":"https:\/\/agenciainfra.com\/blog\/wp-json\/wp\/v2\/posts"}],"about":[{"href":"https:\/\/agenciainfra.com\/blog\/wp-json\/wp\/v2\/types\/post"}],"author":[{"embeddable":true,"href":"https:\/\/agenciainfra.com\/blog\/wp-json\/wp\/v2\/users\/1"}],"replies":[{"embeddable":true,"href":"https:\/\/agenciainfra.com\/blog\/wp-json\/wp\/v2\/comments?post=24062"}],"version-history":[{"count":1,"href":"https:\/\/agenciainfra.com\/blog\/wp-json\/wp\/v2\/posts\/24062\/revisions"}],"predecessor-version":[{"id":24063,"href":"https:\/\/agenciainfra.com\/blog\/wp-json\/wp\/v2\/posts\/24062\/revisions\/24063"}],"wp:featuredmedia":[{"embeddable":true,"href":"https:\/\/agenciainfra.com\/blog\/wp-json\/wp\/v2\/media\/22399"}],"wp:attachment":[{"href":"https:\/\/agenciainfra.com\/blog\/wp-json\/wp\/v2\/media?parent=24062"}],"wp:term":[{"taxonomy":"category","embeddable":true,"href":"https:\/\/agenciainfra.com\/blog\/wp-json\/wp\/v2\/categories?post=24062"},{"taxonomy":"post_tag","embeddable":true,"href":"https:\/\/agenciainfra.com\/blog\/wp-json\/wp\/v2\/tags?post=24062"}],"curies":[{"name":"wp","href":"https:\/\/api.w.org\/{rel}","templated":true}]}}