{"id":24066,"date":"2025-07-04T11:00:00","date_gmt":"2025-07-04T14:00:00","guid":{"rendered":"https:\/\/agenciainfra.com\/blog\/?p=24066"},"modified":"2025-07-07T08:27:22","modified_gmt":"2025-07-07T11:27:22","slug":"governo-volta-a-pedir-repactuacao-do-aeroporto-de-brasilia","status":"publish","type":"post","link":"https:\/\/agenciainfra.com\/blog\/governo-volta-a-pedir-repactuacao-do-aeroporto-de-brasilia\/","title":{"rendered":"Governo volta a pedir repactua\u00e7\u00e3o do Aeroporto de Bras\u00edlia"},"content":{"rendered":"\n<p class=\"has-text-align-right\"><strong>Amanda Pupo, da Ag\u00eancia iNFRA<\/strong><\/p>\n\n\n\n<p>O MPor (Minist\u00e9rio de Portos e Aeroportos) apresentou um novo pedido de repactua\u00e7\u00e3o do contrato do Aeroporto Internacional de Bras\u00edlia ao TCU (Tribunal de Contas da Uni\u00e3o), ap\u00f3s o governo ter desistido de mexer na concess\u00e3o no ano passado. O tema voltou \u00e0 SecexConsenso (Secretaria de Controle Externo de Solu\u00e7\u00e3o Consensual e Preven\u00e7\u00e3o de Conflitos) e agora aguarda despacho do tribunal, que pode ou n\u00e3o admitir a nova solicita\u00e7\u00e3o. O terminal de Bras\u00edlia \u00e9 administrado pela Inframerica, controlada pela Corporaci\u00f3n Am\u00e9rica Airports.<br><br>Embora o cen\u00e1rio levado ao tribunal seja similar ao de 2024, a&nbsp;<strong>Ag\u00eancia iNFRA<\/strong>&nbsp;apurou que agora o governo estuda usar o processo para incluir a obriga\u00e7\u00e3o de investimentos em aeroportos regionais na concess\u00e3o. O caminho para esse arranjo foi aberto pelo AmpliAR, programa do MPor para alocar terminais menores em contratos de concess\u00e3o j\u00e1 em andamento e cujas regras foram definidas em portaria&nbsp;<a href=\"https:\/\/agenciainfra.us14.list-manage.com\/track\/click?u=d460dd1bcf9ba0ae040e1fc0f&amp;id=f3ba9b6dac&amp;e=1192c754bc\" target=\"_blank\" rel=\"noreferrer noopener\">publicada<\/a>&nbsp;em junho.<br><br>A prioridade do AmpliAR \u2013 criado junto ao TCU durante as negocia\u00e7\u00f5es do Aeroporto de Guarulhos (SP) \u2013 \u00e9 fazer um leil\u00e3o simplificado para concession\u00e1rias interessadas incorporarem aeroportos deficit\u00e1rios em troca de&nbsp;<a href=\"https:\/\/agenciainfra.us14.list-manage.com\/track\/click?u=d460dd1bcf9ba0ae040e1fc0f&amp;id=b794cc6ebc&amp;e=1192c754bc\" target=\"_blank\" rel=\"noreferrer noopener\">reequil\u00edbrios contratuais<\/a>. A portaria do programa, por sua vez, tamb\u00e9m previu o instrumento de \u201caloca\u00e7\u00e3o direta\u201d de terminais nas concess\u00f5es.&nbsp;<br><br>Segundo fontes explicaram \u00e0 reportagem, a previs\u00e3o pode ser usada em repactua\u00e7\u00f5es contratuais, como \u00e9 o caso de Bras\u00edlia, ou quando existe algum reequil\u00edbrio econ\u00f4mico-financeiro a ser feito em favor da Uni\u00e3o \u2013 neste caso, n\u00e3o haveria aumento de outorga ou redu\u00e7\u00e3o de tarifa, mas a imposi\u00e7\u00e3o de uma nova obriga\u00e7\u00e3o de investimento em terminal regional.&nbsp;<br><br>S\u00f3 poder\u00e3o ser incorporados por esse processo os ativos que j\u00e1 foram submetidos ao processo competitivo do AmpliAR e n\u00e3o tiveram interessados. A expectativa do MPor \u00e9 que o resultado da primeira oferta seja conhecido em setembro.&nbsp;<br><br><strong>MPor diz que h\u00e1 desequil\u00edbrio em Bras\u00edlia<\/strong><br>O novo pedido de repactua\u00e7\u00e3o do aeroporto de Bras\u00edlia foi apresentado ao TCU em junho. \u00c0&nbsp;<strong>Ag\u00eancia iNFRA,<\/strong>&nbsp;a pasta afirmou que o desequil\u00edbrio econ\u00f4mico-financeiro do contrato de concess\u00e3o e poss\u00edveis impactos negativos sobre a continuidade e a regularidade do servi\u00e7o motivaram a busca pela solu\u00e7\u00e3o consensual.<br><br>Segundo fontes, a proposta da concession\u00e1ria levada ao MPor previa a realiza\u00e7\u00e3o de novas obras no terminal de Bras\u00edlia. No entanto, dentro do governo, um ponto levantado \u00e9 que nem sempre a vantajosidade de alguns investimentos \u00e9 facilmente identificada. Por isso, a prefer\u00eancia do MPor seria por negociar a inclus\u00e3o de obriga\u00e7\u00f5es de investimento em terminais regionais no lugar de algumas interven\u00e7\u00f5es no aeroporto da capital federal.&nbsp;<br><br>Questionado sobre os principais pontos de altera\u00e7\u00e3o no contrato do aeroporto, o MPor respondeu apenas que o caso&nbsp;tramita sob sigilo no TCU e que o processo de cria\u00e7\u00e3o da comiss\u00e3o de solu\u00e7\u00e3o consensual ainda n\u00e3o foi aprovado pelo tribunal.<br><br><strong>Vai e vem<\/strong><br>Como&nbsp;<a href=\"https:\/\/agenciainfra.us14.list-manage.com\/track\/click?u=d460dd1bcf9ba0ae040e1fc0f&amp;id=2d83a56412&amp;e=1192c754bc\" target=\"_blank\" rel=\"noreferrer noopener\">mostrou<\/a>&nbsp;a&nbsp;<strong>Ag\u00eancia iNFRA<\/strong>, a discuss\u00e3o para mexer no contrato do aeroporto de Bras\u00edlia surgiu do diagn\u00f3stico de que o terminal n\u00e3o conseguiu recuperar o volume de passageiros pr\u00e9-Covid-19. Por ser um hub para voos regionais, a unidade fica muita cheia em determinados momentos do dia, quando os voos chegam para se conectar. E em outros, tem baixo volume de passageiros.&nbsp;<br><br>No ano passado, o primeiro pedido de repactua\u00e7\u00e3o foi arquivado pelo TCU ap\u00f3s o governo informar&nbsp;\u201cdesinteresse\u201d em continuar nas tratativas. Como mostrou a reportagem \u00e0 \u00e9poca, a Casa Civil n\u00e3o estaria naquele momento convencida da necessidade de repactuar o contrato apresentado pelo MPor.&nbsp;<br><br>O aeroporto de Bras\u00edlia foi transferido para a iniciativa privada em 2012, na primeira grande rodada de concess\u00f5es e, por isso, ainda \u00e9 estruturado no modelo em que a Infraero \u00e9 s\u00f3cia de 49% da concession\u00e1ria. Na remodelagem do Aeroporto do Gale\u00e3o (RJ), que no setor aeroportu\u00e1rio foi o primeiro a ter a tratativa de repactua\u00e7\u00e3o aprovada pelo TCU, ficou definida a sa\u00edda da Infraero.&nbsp;<br><br>Para os outros aeroportos discutidos no tribunal, Guarulhos (SP) teve apenas uma revis\u00e3o acertada. J\u00e1 a comiss\u00e3o de solu\u00e7\u00e3o consensual do terminal de Viracopos (SP) n\u00e3o chegou a um acordo sobre a repactua\u00e7\u00e3o do contrato, que seguiu para o curso da relicita\u00e7\u00e3o \u2013 embora agora o tribunal aponte que o prazo para esse processo se encerrou.&nbsp;<br><br>A concession\u00e1ria do aeroporto de Bras\u00edlia&nbsp;foi procurada, mas n\u00e3o retornou at\u00e9 o fechamento desta edi\u00e7\u00e3o.&nbsp;<\/p>\n","protected":false},"excerpt":{"rendered":"<p>Amanda Pupo, da Ag\u00eancia iNFRA O MPor (Minist\u00e9rio de Portos e Aeroportos) apresentou um novo pedido de repactua\u00e7\u00e3o do contrato do Aeroporto Internacional de Bras\u00edlia ao TCU (Tribunal de Contas da Uni\u00e3o), ap\u00f3s o governo ter desistido de mexer na concess\u00e3o no ano passado. O tema voltou \u00e0 SecexConsenso (Secretaria de Controle Externo de Solu\u00e7\u00e3o [&hellip;]<\/p>\n","protected":false},"author":1,"featured_media":24067,"comment_status":"closed","ping_status":"closed","sticky":false,"template":"","format":"standard","meta":{"_monsterinsights_skip_tracking":false,"_monsterinsights_sitenote_active":false,"_monsterinsights_sitenote_note":"","_monsterinsights_sitenote_category":0,"footnotes":""},"categories":[7250,1,7],"tags":[6120,13354,11881,600,4840,210,6257,6919,11819,1937,8010,7218,6379,18],"class_list":["post-24066","post","type-post","status-publish","format-standard","has-post-thumbnail","hentry","category-destaque-lista","category-geral","category-infratransporte","tag-aeroporto-de-brasilia","tag-amanda-pupo","tag-ampliar","tag-concessao-aeroportuaria","tag-contratos-de-concessao","tag-inframerica","tag-ministerio-de-portos-e-aeroportos","tag-mpor","tag-programa-ampliar","tag-reequilibrio-de-contratos","tag-repactuacao-de-contratos","tag-secexconsenso","tag-solucao-consensual","tag-tcu"],"yoast_head":"<!-- This site is optimized with the Yoast SEO Premium plugin v25.4 (Yoast SEO v26.0) - https:\/\/yoast.com\/wordpress\/plugins\/seo\/ -->\n<title>Governo volta a pedir repactua\u00e7\u00e3o do Aeroporto de Bras\u00edlia - Ag\u00eancia iNFRA<\/title>\n<meta name=\"robots\" content=\"index, follow, max-snippet:-1, max-image-preview:large, max-video-preview:-1\" \/>\n<link rel=\"canonical\" href=\"https:\/\/agenciainfra.com\/blog\/governo-volta-a-pedir-repactuacao-do-aeroporto-de-brasilia\/\" \/>\n<meta property=\"og:locale\" content=\"pt_BR\" \/>\n<meta property=\"og:type\" content=\"article\" \/>\n<meta property=\"og:title\" content=\"Governo volta a pedir repactua\u00e7\u00e3o do Aeroporto de Bras\u00edlia\" \/>\n<meta property=\"og:description\" content=\"Amanda Pupo, da Ag\u00eancia iNFRA O MPor (Minist\u00e9rio de Portos e Aeroportos) apresentou um novo pedido de repactua\u00e7\u00e3o do contrato do Aeroporto Internacional de Bras\u00edlia ao TCU (Tribunal de Contas da Uni\u00e3o), ap\u00f3s o governo ter desistido de mexer na concess\u00e3o no ano passado. O tema voltou \u00e0 SecexConsenso (Secretaria de Controle Externo de Solu\u00e7\u00e3o [&hellip;]\" \/>\n<meta property=\"og:url\" content=\"https:\/\/agenciainfra.com\/blog\/governo-volta-a-pedir-repactuacao-do-aeroporto-de-brasilia\/\" \/>\n<meta property=\"og:site_name\" content=\"Ag\u00eancia iNFRA\" \/>\n<meta property=\"article:publisher\" content=\"https:\/\/www.facebook.com\/ageninfra\" \/>\n<meta property=\"article:published_time\" content=\"2025-07-04T14:00:00+00:00\" \/>\n<meta property=\"article:modified_time\" content=\"2025-07-07T11:27:22+00:00\" \/>\n<meta property=\"og:image\" content=\"https:\/\/agenciainfra.com\/blog\/wp-content\/uploads\/2025\/07\/aeroporto_de_brasilia-foto-bento_viana-agenciabsb-e1751625393562.jpg\" \/>\n\t<meta property=\"og:image:width\" content=\"1280\" \/>\n\t<meta property=\"og:image:height\" content=\"754\" \/>\n\t<meta property=\"og:image:type\" content=\"image\/jpeg\" \/>\n<meta name=\"author\" content=\"Ag\u00eancia iNFRA\" \/>\n<meta name=\"twitter:card\" content=\"summary_large_image\" \/>\n<meta name=\"twitter:creator\" content=\"@agencia_infra\" \/>\n<meta name=\"twitter:site\" content=\"@agencia_infra\" \/>\n<meta name=\"twitter:label1\" content=\"Escrito por\" \/>\n\t<meta name=\"twitter:data1\" content=\"Ag\u00eancia iNFRA\" \/>\n\t<meta name=\"twitter:label2\" content=\"Est. tempo de leitura\" \/>\n\t<meta name=\"twitter:data2\" content=\"4 minutos\" \/>\n<script type=\"application\/ld+json\" class=\"yoast-schema-graph\">{\"@context\":\"https:\/\/schema.org\",\"@graph\":[{\"@type\":\"Article\",\"@id\":\"https:\/\/agenciainfra.com\/blog\/governo-volta-a-pedir-repactuacao-do-aeroporto-de-brasilia\/#article\",\"isPartOf\":{\"@id\":\"https:\/\/agenciainfra.com\/blog\/governo-volta-a-pedir-repactuacao-do-aeroporto-de-brasilia\/\"},\"author\":{\"name\":\"Ag\u00eancia iNFRA\",\"@id\":\"https:\/\/agenciainfra.com\/blog\/#\/schema\/person\/34af08dff6adea4cb22b06612ba7acfa\"},\"headline\":\"Governo volta a pedir repactua\u00e7\u00e3o do Aeroporto de Bras\u00edlia\",\"datePublished\":\"2025-07-04T14:00:00+00:00\",\"dateModified\":\"2025-07-07T11:27:22+00:00\",\"mainEntityOfPage\":{\"@id\":\"https:\/\/agenciainfra.com\/blog\/governo-volta-a-pedir-repactuacao-do-aeroporto-de-brasilia\/\"},\"wordCount\":809,\"publisher\":{\"@id\":\"https:\/\/agenciainfra.com\/blog\/#organization\"},\"image\":{\"@id\":\"https:\/\/agenciainfra.com\/blog\/governo-volta-a-pedir-repactuacao-do-aeroporto-de-brasilia\/#primaryimage\"},\"thumbnailUrl\":\"https:\/\/agenciainfra.com\/blog\/wp-content\/uploads\/2025\/07\/aeroporto_de_brasilia-foto-bento_viana-agenciabsb-e1751625393562.jpg\",\"keywords\":[\"Aeroporto de Bras\u00edlia\",\"Amanda Pupo\",\"AmpliAR\",\"concess\u00e3o aeroportu\u00e1ria\",\"contratos de concess\u00e3o\",\"Inframerica\",\"Minist\u00e9rio de Portos e Aeroportos\",\"MPor\",\"Programa AmpliAR\",\"reequil\u00edbrio de contratos\",\"repactua\u00e7\u00e3o de contratos\",\"SecexConsenso\",\"solu\u00e7\u00e3o consensual\",\"TCU\"],\"articleSection\":[\"Destaque lista\",\"Geral\",\"iNFRATransporte\"],\"inLanguage\":\"pt-BR\",\"copyrightYear\":\"2025\",\"copyrightHolder\":{\"@id\":\"https:\/\/agenciainfra.com\/blog\/#organization\"}},{\"@type\":\"WebPage\",\"@id\":\"https:\/\/agenciainfra.com\/blog\/governo-volta-a-pedir-repactuacao-do-aeroporto-de-brasilia\/\",\"url\":\"https:\/\/agenciainfra.com\/blog\/governo-volta-a-pedir-repactuacao-do-aeroporto-de-brasilia\/\",\"name\":\"Governo volta a pedir repactua\u00e7\u00e3o do Aeroporto de Bras\u00edlia - Ag\u00eancia iNFRA\",\"isPartOf\":{\"@id\":\"https:\/\/agenciainfra.com\/blog\/#website\"},\"primaryImageOfPage\":{\"@id\":\"https:\/\/agenciainfra.com\/blog\/governo-volta-a-pedir-repactuacao-do-aeroporto-de-brasilia\/#primaryimage\"},\"image\":{\"@id\":\"https:\/\/agenciainfra.com\/blog\/governo-volta-a-pedir-repactuacao-do-aeroporto-de-brasilia\/#primaryimage\"},\"thumbnailUrl\":\"https:\/\/agenciainfra.com\/blog\/wp-content\/uploads\/2025\/07\/aeroporto_de_brasilia-foto-bento_viana-agenciabsb-e1751625393562.jpg\",\"datePublished\":\"2025-07-04T14:00:00+00:00\",\"dateModified\":\"2025-07-07T11:27:22+00:00\",\"breadcrumb\":{\"@id\":\"https:\/\/agenciainfra.com\/blog\/governo-volta-a-pedir-repactuacao-do-aeroporto-de-brasilia\/#breadcrumb\"},\"inLanguage\":\"pt-BR\",\"potentialAction\":[{\"@type\":\"ReadAction\",\"target\":[\"https:\/\/agenciainfra.com\/blog\/governo-volta-a-pedir-repactuacao-do-aeroporto-de-brasilia\/\"]}]},{\"@type\":\"ImageObject\",\"inLanguage\":\"pt-BR\",\"@id\":\"https:\/\/agenciainfra.com\/blog\/governo-volta-a-pedir-repactuacao-do-aeroporto-de-brasilia\/#primaryimage\",\"url\":\"https:\/\/agenciainfra.com\/blog\/wp-content\/uploads\/2025\/07\/aeroporto_de_brasilia-foto-bento_viana-agenciabsb-e1751625393562.jpg\",\"contentUrl\":\"https:\/\/agenciainfra.com\/blog\/wp-content\/uploads\/2025\/07\/aeroporto_de_brasilia-foto-bento_viana-agenciabsb-e1751625393562.jpg\",\"width\":1280,\"height\":754,\"caption\":\"Foto: Bento Viana\/Ag\u00eancia Bras\u00edlia\"},{\"@type\":\"BreadcrumbList\",\"@id\":\"https:\/\/agenciainfra.com\/blog\/governo-volta-a-pedir-repactuacao-do-aeroporto-de-brasilia\/#breadcrumb\",\"itemListElement\":[{\"@type\":\"ListItem\",\"position\":1,\"name\":\"In\u00edcio\",\"item\":\"https:\/\/agenciainfra.com\/blog\/\"},{\"@type\":\"ListItem\",\"position\":2,\"name\":\"Governo volta a pedir repactua\u00e7\u00e3o do Aeroporto de Bras\u00edlia\"}]},{\"@type\":\"WebSite\",\"@id\":\"https:\/\/agenciainfra.com\/blog\/#website\",\"url\":\"https:\/\/agenciainfra.com\/blog\/\",\"name\":\"Ag\u00eancia iNFRA\",\"description\":\"Multiplataforma de informa\u00e7\u00e3o jornal\u00edstica refer\u00eancia na \u00e1rea de infraestrutura no Brasil!\",\"publisher\":{\"@id\":\"https:\/\/agenciainfra.com\/blog\/#organization\"},\"potentialAction\":[{\"@type\":\"SearchAction\",\"target\":{\"@type\":\"EntryPoint\",\"urlTemplate\":\"https:\/\/agenciainfra.com\/blog\/?s={search_term_string}\"},\"query-input\":{\"@type\":\"PropertyValueSpecification\",\"valueRequired\":true,\"valueName\":\"search_term_string\"}}],\"inLanguage\":\"pt-BR\"},{\"@type\":\"Organization\",\"@id\":\"https:\/\/agenciainfra.com\/blog\/#organization\",\"name\":\"Ag\u00eancia iNFRA\",\"url\":\"https:\/\/agenciainfra.com\/blog\/\",\"logo\":{\"@type\":\"ImageObject\",\"inLanguage\":\"pt-BR\",\"@id\":\"https:\/\/agenciainfra.com\/blog\/#\/schema\/logo\/image\/\",\"url\":\"https:\/\/agenciainfra.com\/blog\/wp-content\/uploads\/2023\/09\/iNFRA_5-e1761735885940.png\",\"contentUrl\":\"https:\/\/agenciainfra.com\/blog\/wp-content\/uploads\/2023\/09\/iNFRA_5-e1761735885940.png\",\"width\":1672,\"height\":454,\"caption\":\"Ag\u00eancia iNFRA\"},\"image\":{\"@id\":\"https:\/\/agenciainfra.com\/blog\/#\/schema\/logo\/image\/\"},\"sameAs\":[\"https:\/\/www.facebook.com\/ageninfra\",\"https:\/\/x.com\/agencia_infra\",\"https:\/\/www.linkedin.com\/company\/ag\u00eanciainfra\/\",\"https:\/\/www.instagram.com\/agenciainfra\/\"]},{\"@type\":\"Person\",\"@id\":\"https:\/\/agenciainfra.com\/blog\/#\/schema\/person\/34af08dff6adea4cb22b06612ba7acfa\",\"name\":\"Ag\u00eancia iNFRA\",\"image\":{\"@type\":\"ImageObject\",\"inLanguage\":\"pt-BR\",\"@id\":\"https:\/\/agenciainfra.com\/blog\/#\/schema\/person\/image\/\",\"url\":\"https:\/\/secure.gravatar.com\/avatar\/d189e01678f06d8eb84d4e01f08eb848b3fffe3f8443818d3c356c66892f5be8?s=96&d=mm&r=g\",\"contentUrl\":\"https:\/\/secure.gravatar.com\/avatar\/d189e01678f06d8eb84d4e01f08eb848b3fffe3f8443818d3c356c66892f5be8?s=96&d=mm&r=g\",\"caption\":\"Ag\u00eancia iNFRA\"},\"url\":\"https:\/\/agenciainfra.com\/blog\/author\/admin\/\"}]}<\/script>\n<!-- \/ Yoast SEO Premium plugin. -->","yoast_head_json":{"title":"Governo volta a pedir repactua\u00e7\u00e3o do Aeroporto de Bras\u00edlia - Ag\u00eancia iNFRA","robots":{"index":"index","follow":"follow","max-snippet":"max-snippet:-1","max-image-preview":"max-image-preview:large","max-video-preview":"max-video-preview:-1"},"canonical":"https:\/\/agenciainfra.com\/blog\/governo-volta-a-pedir-repactuacao-do-aeroporto-de-brasilia\/","og_locale":"pt_BR","og_type":"article","og_title":"Governo volta a pedir repactua\u00e7\u00e3o do Aeroporto de Bras\u00edlia","og_description":"Amanda Pupo, da Ag\u00eancia iNFRA O MPor (Minist\u00e9rio de Portos e Aeroportos) apresentou um novo pedido de repactua\u00e7\u00e3o do contrato do Aeroporto Internacional de Bras\u00edlia ao TCU (Tribunal de Contas da Uni\u00e3o), ap\u00f3s o governo ter desistido de mexer na concess\u00e3o no ano passado. O tema voltou \u00e0 SecexConsenso (Secretaria de Controle Externo de Solu\u00e7\u00e3o [&hellip;]","og_url":"https:\/\/agenciainfra.com\/blog\/governo-volta-a-pedir-repactuacao-do-aeroporto-de-brasilia\/","og_site_name":"Ag\u00eancia iNFRA","article_publisher":"https:\/\/www.facebook.com\/ageninfra","article_published_time":"2025-07-04T14:00:00+00:00","article_modified_time":"2025-07-07T11:27:22+00:00","og_image":[{"width":1280,"height":754,"url":"https:\/\/agenciainfra.com\/blog\/wp-content\/uploads\/2025\/07\/aeroporto_de_brasilia-foto-bento_viana-agenciabsb-e1751625393562.jpg","type":"image\/jpeg"}],"author":"Ag\u00eancia iNFRA","twitter_card":"summary_large_image","twitter_creator":"@agencia_infra","twitter_site":"@agencia_infra","twitter_misc":{"Escrito por":"Ag\u00eancia iNFRA","Est. tempo de leitura":"4 minutos"},"schema":{"@context":"https:\/\/schema.org","@graph":[{"@type":"Article","@id":"https:\/\/agenciainfra.com\/blog\/governo-volta-a-pedir-repactuacao-do-aeroporto-de-brasilia\/#article","isPartOf":{"@id":"https:\/\/agenciainfra.com\/blog\/governo-volta-a-pedir-repactuacao-do-aeroporto-de-brasilia\/"},"author":{"name":"Ag\u00eancia iNFRA","@id":"https:\/\/agenciainfra.com\/blog\/#\/schema\/person\/34af08dff6adea4cb22b06612ba7acfa"},"headline":"Governo volta a pedir repactua\u00e7\u00e3o do Aeroporto de Bras\u00edlia","datePublished":"2025-07-04T14:00:00+00:00","dateModified":"2025-07-07T11:27:22+00:00","mainEntityOfPage":{"@id":"https:\/\/agenciainfra.com\/blog\/governo-volta-a-pedir-repactuacao-do-aeroporto-de-brasilia\/"},"wordCount":809,"publisher":{"@id":"https:\/\/agenciainfra.com\/blog\/#organization"},"image":{"@id":"https:\/\/agenciainfra.com\/blog\/governo-volta-a-pedir-repactuacao-do-aeroporto-de-brasilia\/#primaryimage"},"thumbnailUrl":"https:\/\/agenciainfra.com\/blog\/wp-content\/uploads\/2025\/07\/aeroporto_de_brasilia-foto-bento_viana-agenciabsb-e1751625393562.jpg","keywords":["Aeroporto de Bras\u00edlia","Amanda Pupo","AmpliAR","concess\u00e3o aeroportu\u00e1ria","contratos de concess\u00e3o","Inframerica","Minist\u00e9rio de Portos e Aeroportos","MPor","Programa AmpliAR","reequil\u00edbrio de contratos","repactua\u00e7\u00e3o de contratos","SecexConsenso","solu\u00e7\u00e3o consensual","TCU"],"articleSection":["Destaque lista","Geral","iNFRATransporte"],"inLanguage":"pt-BR","copyrightYear":"2025","copyrightHolder":{"@id":"https:\/\/agenciainfra.com\/blog\/#organization"}},{"@type":"WebPage","@id":"https:\/\/agenciainfra.com\/blog\/governo-volta-a-pedir-repactuacao-do-aeroporto-de-brasilia\/","url":"https:\/\/agenciainfra.com\/blog\/governo-volta-a-pedir-repactuacao-do-aeroporto-de-brasilia\/","name":"Governo volta a pedir repactua\u00e7\u00e3o do Aeroporto de Bras\u00edlia - Ag\u00eancia iNFRA","isPartOf":{"@id":"https:\/\/agenciainfra.com\/blog\/#website"},"primaryImageOfPage":{"@id":"https:\/\/agenciainfra.com\/blog\/governo-volta-a-pedir-repactuacao-do-aeroporto-de-brasilia\/#primaryimage"},"image":{"@id":"https:\/\/agenciainfra.com\/blog\/governo-volta-a-pedir-repactuacao-do-aeroporto-de-brasilia\/#primaryimage"},"thumbnailUrl":"https:\/\/agenciainfra.com\/blog\/wp-content\/uploads\/2025\/07\/aeroporto_de_brasilia-foto-bento_viana-agenciabsb-e1751625393562.jpg","datePublished":"2025-07-04T14:00:00+00:00","dateModified":"2025-07-07T11:27:22+00:00","breadcrumb":{"@id":"https:\/\/agenciainfra.com\/blog\/governo-volta-a-pedir-repactuacao-do-aeroporto-de-brasilia\/#breadcrumb"},"inLanguage":"pt-BR","potentialAction":[{"@type":"ReadAction","target":["https:\/\/agenciainfra.com\/blog\/governo-volta-a-pedir-repactuacao-do-aeroporto-de-brasilia\/"]}]},{"@type":"ImageObject","inLanguage":"pt-BR","@id":"https:\/\/agenciainfra.com\/blog\/governo-volta-a-pedir-repactuacao-do-aeroporto-de-brasilia\/#primaryimage","url":"https:\/\/agenciainfra.com\/blog\/wp-content\/uploads\/2025\/07\/aeroporto_de_brasilia-foto-bento_viana-agenciabsb-e1751625393562.jpg","contentUrl":"https:\/\/agenciainfra.com\/blog\/wp-content\/uploads\/2025\/07\/aeroporto_de_brasilia-foto-bento_viana-agenciabsb-e1751625393562.jpg","width":1280,"height":754,"caption":"Foto: Bento Viana\/Ag\u00eancia Bras\u00edlia"},{"@type":"BreadcrumbList","@id":"https:\/\/agenciainfra.com\/blog\/governo-volta-a-pedir-repactuacao-do-aeroporto-de-brasilia\/#breadcrumb","itemListElement":[{"@type":"ListItem","position":1,"name":"In\u00edcio","item":"https:\/\/agenciainfra.com\/blog\/"},{"@type":"ListItem","position":2,"name":"Governo volta a pedir repactua\u00e7\u00e3o do Aeroporto de Bras\u00edlia"}]},{"@type":"WebSite","@id":"https:\/\/agenciainfra.com\/blog\/#website","url":"https:\/\/agenciainfra.com\/blog\/","name":"Ag\u00eancia iNFRA","description":"Multiplataforma de informa\u00e7\u00e3o jornal\u00edstica refer\u00eancia na \u00e1rea de infraestrutura no Brasil!","publisher":{"@id":"https:\/\/agenciainfra.com\/blog\/#organization"},"potentialAction":[{"@type":"SearchAction","target":{"@type":"EntryPoint","urlTemplate":"https:\/\/agenciainfra.com\/blog\/?s={search_term_string}"},"query-input":{"@type":"PropertyValueSpecification","valueRequired":true,"valueName":"search_term_string"}}],"inLanguage":"pt-BR"},{"@type":"Organization","@id":"https:\/\/agenciainfra.com\/blog\/#organization","name":"Ag\u00eancia iNFRA","url":"https:\/\/agenciainfra.com\/blog\/","logo":{"@type":"ImageObject","inLanguage":"pt-BR","@id":"https:\/\/agenciainfra.com\/blog\/#\/schema\/logo\/image\/","url":"https:\/\/agenciainfra.com\/blog\/wp-content\/uploads\/2023\/09\/iNFRA_5-e1761735885940.png","contentUrl":"https:\/\/agenciainfra.com\/blog\/wp-content\/uploads\/2023\/09\/iNFRA_5-e1761735885940.png","width":1672,"height":454,"caption":"Ag\u00eancia iNFRA"},"image":{"@id":"https:\/\/agenciainfra.com\/blog\/#\/schema\/logo\/image\/"},"sameAs":["https:\/\/www.facebook.com\/ageninfra","https:\/\/x.com\/agencia_infra","https:\/\/www.linkedin.com\/company\/ag\u00eanciainfra\/","https:\/\/www.instagram.com\/agenciainfra\/"]},{"@type":"Person","@id":"https:\/\/agenciainfra.com\/blog\/#\/schema\/person\/34af08dff6adea4cb22b06612ba7acfa","name":"Ag\u00eancia iNFRA","image":{"@type":"ImageObject","inLanguage":"pt-BR","@id":"https:\/\/agenciainfra.com\/blog\/#\/schema\/person\/image\/","url":"https:\/\/secure.gravatar.com\/avatar\/d189e01678f06d8eb84d4e01f08eb848b3fffe3f8443818d3c356c66892f5be8?s=96&d=mm&r=g","contentUrl":"https:\/\/secure.gravatar.com\/avatar\/d189e01678f06d8eb84d4e01f08eb848b3fffe3f8443818d3c356c66892f5be8?s=96&d=mm&r=g","caption":"Ag\u00eancia iNFRA"},"url":"https:\/\/agenciainfra.com\/blog\/author\/admin\/"}]}},"_links":{"self":[{"href":"https:\/\/agenciainfra.com\/blog\/wp-json\/wp\/v2\/posts\/24066","targetHints":{"allow":["GET"]}}],"collection":[{"href":"https:\/\/agenciainfra.com\/blog\/wp-json\/wp\/v2\/posts"}],"about":[{"href":"https:\/\/agenciainfra.com\/blog\/wp-json\/wp\/v2\/types\/post"}],"author":[{"embeddable":true,"href":"https:\/\/agenciainfra.com\/blog\/wp-json\/wp\/v2\/users\/1"}],"replies":[{"embeddable":true,"href":"https:\/\/agenciainfra.com\/blog\/wp-json\/wp\/v2\/comments?post=24066"}],"version-history":[{"count":1,"href":"https:\/\/agenciainfra.com\/blog\/wp-json\/wp\/v2\/posts\/24066\/revisions"}],"predecessor-version":[{"id":24069,"href":"https:\/\/agenciainfra.com\/blog\/wp-json\/wp\/v2\/posts\/24066\/revisions\/24069"}],"wp:featuredmedia":[{"embeddable":true,"href":"https:\/\/agenciainfra.com\/blog\/wp-json\/wp\/v2\/media\/24067"}],"wp:attachment":[{"href":"https:\/\/agenciainfra.com\/blog\/wp-json\/wp\/v2\/media?parent=24066"}],"wp:term":[{"taxonomy":"category","embeddable":true,"href":"https:\/\/agenciainfra.com\/blog\/wp-json\/wp\/v2\/categories?post=24066"},{"taxonomy":"post_tag","embeddable":true,"href":"https:\/\/agenciainfra.com\/blog\/wp-json\/wp\/v2\/tags?post=24066"}],"curies":[{"name":"wp","href":"https:\/\/api.w.org\/{rel}","templated":true}]}}