{"id":24079,"date":"2025-07-04T13:55:39","date_gmt":"2025-07-04T16:55:39","guid":{"rendered":"https:\/\/agenciainfra.com\/blog\/?p=24079"},"modified":"2025-07-07T09:08:23","modified_gmt":"2025-07-07T12:08:23","slug":"lula-faz-cobranca-publica-a-distribuicao-e-varejo-de-combustiveis-por-repasse-de-reducoes-da-petrobras","status":"publish","type":"post","link":"https:\/\/agenciainfra.com\/blog\/lula-faz-cobranca-publica-a-distribuicao-e-varejo-de-combustiveis-por-repasse-de-reducoes-da-petrobras\/","title":{"rendered":"Lula faz cobran\u00e7a p\u00fablica \u00e0 distribui\u00e7\u00e3o e varejo de combust\u00edveis por repasse de redu\u00e7\u00f5es da Petrobras"},"content":{"rendered":"\n<p class=\"has-text-align-right\"><strong>Gabriel Vasconcelos, da Ag\u00eancia iNFRA<\/strong><\/p>\n\n\n\n<p>O presidente Lula fez nesta sexta-feira (4) uma forte cobran\u00e7a aos setores de distribui\u00e7\u00e3o e varejo de combust\u00edveis pelo repasse das redu\u00e7\u00f5es dos pre\u00e7os praticados pela Petrobras nas refinarias \u00e0s bombas dos postos de abastecimento. Lula falou durante evento para o an\u00fancio de um pacote de R$ 33 bilh\u00f5es de investimentos em refino no Rio de Janeiro, na Reduc (Refinaria Duque de Caxias).<\/p>\n\n\n\n<p>Isso representa uma escalada da queixa, que vinha sendo tocada pelo MME (Minist\u00e9rio de Minas e Energia), por meio de of\u00edcios a \u00f3rg\u00e3os como o Cade (Conselho Administrativo de Defesa Econ\u00f4mica) sobre pr\u00e1ticas anticoncorrenciais.<\/p>\n\n\n\n<p>&#8220;\u00c9 preciso que os \u00f3rg\u00e3os, que t\u00eam a fun\u00e7\u00e3o de fiscalizar, n\u00e3o permitam que nenhum posto desse pa\u00eds venda mais caro do que o pre\u00e7o no qual t\u00eam de vender. Muito menos o \u00f3leo diesel. N\u00e3o \u00e9 poss\u00edvel que anuncie tanto desconto no \u00f3leo diesel e ele n\u00e3o chegue ao consumidor&#8221;, afirmou Lula.<\/p>\n\n\n\n<p>O presidente pediu maior fiscaliza\u00e7\u00e3o por parte n\u00e3o s\u00f3 do Cade, mas tamb\u00e9m da ANP (Ag\u00eancia Nacional do Petr\u00f3leo, G\u00e1s Natural e Biocombust\u00edveis), Secretaria Nacional de Defesa do Consumidor, ligada ao Minist\u00e9rio da Justi\u00e7a, Procons estaduais e Pol\u00edcia Federal.<\/p>\n\n\n\n<p>&#8220;Mesmo quando a Petrobras baixa, muitos postos de gasolina n\u00e3o reduzem. Em Bras\u00edlia teve um posto que aumentou em 50 centavos (o litro do combust\u00edvel). N\u00e3o \u00e9 poss\u00edvel que essa mo\u00e7a (Magda Chambriard, presidente da Petrobras) esteja fazendo um sacrif\u00edcio extraordin\u00e1rio para reduzir 20 centavos no litro do \u00f3leo diesel, para reduzir 12 centavos na gasolina, e isso n\u00e3o chegue ao consumidor. Quem est\u00e1 pagando o pato \u00e9 o consumidor&#8221;, continuou Lula.<\/p>\n\n\n\n<p><\/p>\n","protected":false},"excerpt":{"rendered":"<p>Gabriel Vasconcelos, da Ag\u00eancia iNFRA O presidente Lula fez nesta sexta-feira (4) uma forte cobran\u00e7a aos setores de distribui\u00e7\u00e3o e varejo de combust\u00edveis pelo repasse das redu\u00e7\u00f5es dos pre\u00e7os praticados pela Petrobras nas refinarias \u00e0s bombas dos postos de abastecimento. Lula falou durante evento para o an\u00fancio de um pacote de R$ 33 bilh\u00f5es de [&hellip;]<\/p>\n","protected":false},"author":1,"featured_media":24085,"comment_status":"closed","ping_status":"closed","sticky":false,"template":"","format":"standard","meta":{"_monsterinsights_skip_tracking":false,"_monsterinsights_sitenote_active":false,"_monsterinsights_sitenote_note":"","_monsterinsights_sitenote_category":0,"footnotes":""},"categories":[7250,1,13271],"tags":[371,314,315,13251,580,9446,71,143,5334,520],"class_list":["post-24079","post","type-post","status-publish","format-standard","has-post-thumbnail","hentry","category-destaque-lista","category-geral","category-oleo-gas","tag-cade","tag-combustiveis","tag-diesel","tag-gabriel-vasconcelos","tag-lula","tag-magda-chambriard","tag-mme","tag-petrobras","tag-postos","tag-reduc"],"yoast_head":"<!-- This site is optimized with the Yoast SEO Premium plugin v25.4 (Yoast SEO v26.0) - https:\/\/yoast.com\/wordpress\/plugins\/seo\/ -->\n<title>Lula faz cobran\u00e7a p\u00fablica \u00e0 distribui\u00e7\u00e3o e varejo de combust\u00edveis por repasse de redu\u00e7\u00f5es da Petrobras - Ag\u00eancia iNFRA<\/title>\n<meta name=\"robots\" content=\"index, follow, max-snippet:-1, max-image-preview:large, max-video-preview:-1\" \/>\n<link rel=\"canonical\" href=\"https:\/\/agenciainfra.com\/blog\/lula-faz-cobranca-publica-a-distribuicao-e-varejo-de-combustiveis-por-repasse-de-reducoes-da-petrobras\/\" \/>\n<meta property=\"og:locale\" content=\"pt_BR\" \/>\n<meta property=\"og:type\" content=\"article\" \/>\n<meta property=\"og:title\" content=\"Lula faz cobran\u00e7a p\u00fablica \u00e0 distribui\u00e7\u00e3o e varejo de combust\u00edveis por repasse de redu\u00e7\u00f5es da Petrobras\" \/>\n<meta property=\"og:description\" content=\"Gabriel Vasconcelos, da Ag\u00eancia iNFRA O presidente Lula fez nesta sexta-feira (4) uma forte cobran\u00e7a aos setores de distribui\u00e7\u00e3o e varejo de combust\u00edveis pelo repasse das redu\u00e7\u00f5es dos pre\u00e7os praticados pela Petrobras nas refinarias \u00e0s bombas dos postos de abastecimento. Lula falou durante evento para o an\u00fancio de um pacote de R$ 33 bilh\u00f5es de [&hellip;]\" \/>\n<meta property=\"og:url\" content=\"https:\/\/agenciainfra.com\/blog\/lula-faz-cobranca-publica-a-distribuicao-e-varejo-de-combustiveis-por-repasse-de-reducoes-da-petrobras\/\" \/>\n<meta property=\"og:site_name\" content=\"Ag\u00eancia iNFRA\" \/>\n<meta property=\"article:publisher\" content=\"https:\/\/www.facebook.com\/ageninfra\" \/>\n<meta property=\"article:published_time\" content=\"2025-07-04T16:55:39+00:00\" \/>\n<meta property=\"article:modified_time\" content=\"2025-07-07T12:08:23+00:00\" \/>\n<meta property=\"og:image\" content=\"https:\/\/agenciainfra.com\/blog\/wp-content\/uploads\/2025\/07\/Lula-e-magda-e1751649190730.jpeg\" \/>\n\t<meta property=\"og:image:width\" content=\"1280\" \/>\n\t<meta property=\"og:image:height\" content=\"659\" \/>\n\t<meta property=\"og:image:type\" content=\"image\/jpeg\" \/>\n<meta name=\"author\" content=\"Ag\u00eancia iNFRA\" \/>\n<meta name=\"twitter:card\" content=\"summary_large_image\" \/>\n<meta name=\"twitter:creator\" content=\"@agencia_infra\" \/>\n<meta name=\"twitter:site\" content=\"@agencia_infra\" \/>\n<meta name=\"twitter:label1\" content=\"Escrito por\" \/>\n\t<meta name=\"twitter:data1\" content=\"Ag\u00eancia iNFRA\" \/>\n\t<meta name=\"twitter:label2\" content=\"Est. tempo de leitura\" \/>\n\t<meta name=\"twitter:data2\" content=\"1 minuto\" \/>\n<script type=\"application\/ld+json\" class=\"yoast-schema-graph\">{\"@context\":\"https:\/\/schema.org\",\"@graph\":[{\"@type\":\"Article\",\"@id\":\"https:\/\/agenciainfra.com\/blog\/lula-faz-cobranca-publica-a-distribuicao-e-varejo-de-combustiveis-por-repasse-de-reducoes-da-petrobras\/#article\",\"isPartOf\":{\"@id\":\"https:\/\/agenciainfra.com\/blog\/lula-faz-cobranca-publica-a-distribuicao-e-varejo-de-combustiveis-por-repasse-de-reducoes-da-petrobras\/\"},\"author\":{\"name\":\"Ag\u00eancia iNFRA\",\"@id\":\"https:\/\/agenciainfra.com\/blog\/#\/schema\/person\/34af08dff6adea4cb22b06612ba7acfa\"},\"headline\":\"Lula faz cobran\u00e7a p\u00fablica \u00e0 distribui\u00e7\u00e3o e varejo de combust\u00edveis por repasse de redu\u00e7\u00f5es da Petrobras\",\"datePublished\":\"2025-07-04T16:55:39+00:00\",\"dateModified\":\"2025-07-07T12:08:23+00:00\",\"mainEntityOfPage\":{\"@id\":\"https:\/\/agenciainfra.com\/blog\/lula-faz-cobranca-publica-a-distribuicao-e-varejo-de-combustiveis-por-repasse-de-reducoes-da-petrobras\/\"},\"wordCount\":319,\"publisher\":{\"@id\":\"https:\/\/agenciainfra.com\/blog\/#organization\"},\"image\":{\"@id\":\"https:\/\/agenciainfra.com\/blog\/lula-faz-cobranca-publica-a-distribuicao-e-varejo-de-combustiveis-por-repasse-de-reducoes-da-petrobras\/#primaryimage\"},\"thumbnailUrl\":\"https:\/\/agenciainfra.com\/blog\/wp-content\/uploads\/2025\/07\/Lula-e-magda-e1751649190730.jpeg\",\"keywords\":[\"Cade\",\"combust\u00edveis\",\"diesel\",\"Gabriel Vasconcelos\",\"Lula\",\"Magda Chambriard\",\"MME\",\"Petrobras\",\"postos\",\"Reduc\"],\"articleSection\":[\"Destaque lista\",\"Geral\",\"\u00d3leo &amp; G\u00e1s\"],\"inLanguage\":\"pt-BR\",\"copyrightYear\":\"2025\",\"copyrightHolder\":{\"@id\":\"https:\/\/agenciainfra.com\/blog\/#organization\"}},{\"@type\":\"WebPage\",\"@id\":\"https:\/\/agenciainfra.com\/blog\/lula-faz-cobranca-publica-a-distribuicao-e-varejo-de-combustiveis-por-repasse-de-reducoes-da-petrobras\/\",\"url\":\"https:\/\/agenciainfra.com\/blog\/lula-faz-cobranca-publica-a-distribuicao-e-varejo-de-combustiveis-por-repasse-de-reducoes-da-petrobras\/\",\"name\":\"Lula faz cobran\u00e7a p\u00fablica \u00e0 distribui\u00e7\u00e3o e varejo de combust\u00edveis por repasse de redu\u00e7\u00f5es da Petrobras - Ag\u00eancia iNFRA\",\"isPartOf\":{\"@id\":\"https:\/\/agenciainfra.com\/blog\/#website\"},\"primaryImageOfPage\":{\"@id\":\"https:\/\/agenciainfra.com\/blog\/lula-faz-cobranca-publica-a-distribuicao-e-varejo-de-combustiveis-por-repasse-de-reducoes-da-petrobras\/#primaryimage\"},\"image\":{\"@id\":\"https:\/\/agenciainfra.com\/blog\/lula-faz-cobranca-publica-a-distribuicao-e-varejo-de-combustiveis-por-repasse-de-reducoes-da-petrobras\/#primaryimage\"},\"thumbnailUrl\":\"https:\/\/agenciainfra.com\/blog\/wp-content\/uploads\/2025\/07\/Lula-e-magda-e1751649190730.jpeg\",\"datePublished\":\"2025-07-04T16:55:39+00:00\",\"dateModified\":\"2025-07-07T12:08:23+00:00\",\"breadcrumb\":{\"@id\":\"https:\/\/agenciainfra.com\/blog\/lula-faz-cobranca-publica-a-distribuicao-e-varejo-de-combustiveis-por-repasse-de-reducoes-da-petrobras\/#breadcrumb\"},\"inLanguage\":\"pt-BR\",\"potentialAction\":[{\"@type\":\"ReadAction\",\"target\":[\"https:\/\/agenciainfra.com\/blog\/lula-faz-cobranca-publica-a-distribuicao-e-varejo-de-combustiveis-por-repasse-de-reducoes-da-petrobras\/\"]}]},{\"@type\":\"ImageObject\",\"inLanguage\":\"pt-BR\",\"@id\":\"https:\/\/agenciainfra.com\/blog\/lula-faz-cobranca-publica-a-distribuicao-e-varejo-de-combustiveis-por-repasse-de-reducoes-da-petrobras\/#primaryimage\",\"url\":\"https:\/\/agenciainfra.com\/blog\/wp-content\/uploads\/2025\/07\/Lula-e-magda-e1751649190730.jpeg\",\"contentUrl\":\"https:\/\/agenciainfra.com\/blog\/wp-content\/uploads\/2025\/07\/Lula-e-magda-e1751649190730.jpeg\",\"width\":1280,\"height\":659,\"caption\":\"Foto: Tauan Alencar \/ MME\"},{\"@type\":\"BreadcrumbList\",\"@id\":\"https:\/\/agenciainfra.com\/blog\/lula-faz-cobranca-publica-a-distribuicao-e-varejo-de-combustiveis-por-repasse-de-reducoes-da-petrobras\/#breadcrumb\",\"itemListElement\":[{\"@type\":\"ListItem\",\"position\":1,\"name\":\"In\u00edcio\",\"item\":\"https:\/\/agenciainfra.com\/blog\/\"},{\"@type\":\"ListItem\",\"position\":2,\"name\":\"Lula faz cobran\u00e7a p\u00fablica \u00e0 distribui\u00e7\u00e3o e varejo de combust\u00edveis por repasse de redu\u00e7\u00f5es da Petrobras\"}]},{\"@type\":\"WebSite\",\"@id\":\"https:\/\/agenciainfra.com\/blog\/#website\",\"url\":\"https:\/\/agenciainfra.com\/blog\/\",\"name\":\"Ag\u00eancia iNFRA\",\"description\":\"Multiplataforma de informa\u00e7\u00e3o jornal\u00edstica refer\u00eancia na \u00e1rea de infraestrutura no Brasil!\",\"publisher\":{\"@id\":\"https:\/\/agenciainfra.com\/blog\/#organization\"},\"potentialAction\":[{\"@type\":\"SearchAction\",\"target\":{\"@type\":\"EntryPoint\",\"urlTemplate\":\"https:\/\/agenciainfra.com\/blog\/?s={search_term_string}\"},\"query-input\":{\"@type\":\"PropertyValueSpecification\",\"valueRequired\":true,\"valueName\":\"search_term_string\"}}],\"inLanguage\":\"pt-BR\"},{\"@type\":\"Organization\",\"@id\":\"https:\/\/agenciainfra.com\/blog\/#organization\",\"name\":\"Ag\u00eancia iNFRA\",\"url\":\"https:\/\/agenciainfra.com\/blog\/\",\"logo\":{\"@type\":\"ImageObject\",\"inLanguage\":\"pt-BR\",\"@id\":\"https:\/\/agenciainfra.com\/blog\/#\/schema\/logo\/image\/\",\"url\":\"https:\/\/agenciainfra.com\/blog\/wp-content\/uploads\/2023\/09\/iNFRA_5-e1761735885940.png\",\"contentUrl\":\"https:\/\/agenciainfra.com\/blog\/wp-content\/uploads\/2023\/09\/iNFRA_5-e1761735885940.png\",\"width\":1672,\"height\":454,\"caption\":\"Ag\u00eancia iNFRA\"},\"image\":{\"@id\":\"https:\/\/agenciainfra.com\/blog\/#\/schema\/logo\/image\/\"},\"sameAs\":[\"https:\/\/www.facebook.com\/ageninfra\",\"https:\/\/x.com\/agencia_infra\",\"https:\/\/www.linkedin.com\/company\/ag\u00eanciainfra\/\",\"https:\/\/www.instagram.com\/agenciainfra\/\"]},{\"@type\":\"Person\",\"@id\":\"https:\/\/agenciainfra.com\/blog\/#\/schema\/person\/34af08dff6adea4cb22b06612ba7acfa\",\"name\":\"Ag\u00eancia iNFRA\",\"image\":{\"@type\":\"ImageObject\",\"inLanguage\":\"pt-BR\",\"@id\":\"https:\/\/agenciainfra.com\/blog\/#\/schema\/person\/image\/\",\"url\":\"https:\/\/secure.gravatar.com\/avatar\/d189e01678f06d8eb84d4e01f08eb848b3fffe3f8443818d3c356c66892f5be8?s=96&d=mm&r=g\",\"contentUrl\":\"https:\/\/secure.gravatar.com\/avatar\/d189e01678f06d8eb84d4e01f08eb848b3fffe3f8443818d3c356c66892f5be8?s=96&d=mm&r=g\",\"caption\":\"Ag\u00eancia iNFRA\"},\"url\":\"https:\/\/agenciainfra.com\/blog\/author\/admin\/\"}]}<\/script>\n<!-- \/ Yoast SEO Premium plugin. -->","yoast_head_json":{"title":"Lula faz cobran\u00e7a p\u00fablica \u00e0 distribui\u00e7\u00e3o e varejo de combust\u00edveis por repasse de redu\u00e7\u00f5es da Petrobras - Ag\u00eancia iNFRA","robots":{"index":"index","follow":"follow","max-snippet":"max-snippet:-1","max-image-preview":"max-image-preview:large","max-video-preview":"max-video-preview:-1"},"canonical":"https:\/\/agenciainfra.com\/blog\/lula-faz-cobranca-publica-a-distribuicao-e-varejo-de-combustiveis-por-repasse-de-reducoes-da-petrobras\/","og_locale":"pt_BR","og_type":"article","og_title":"Lula faz cobran\u00e7a p\u00fablica \u00e0 distribui\u00e7\u00e3o e varejo de combust\u00edveis por repasse de redu\u00e7\u00f5es da Petrobras","og_description":"Gabriel Vasconcelos, da Ag\u00eancia iNFRA O presidente Lula fez nesta sexta-feira (4) uma forte cobran\u00e7a aos setores de distribui\u00e7\u00e3o e varejo de combust\u00edveis pelo repasse das redu\u00e7\u00f5es dos pre\u00e7os praticados pela Petrobras nas refinarias \u00e0s bombas dos postos de abastecimento. Lula falou durante evento para o an\u00fancio de um pacote de R$ 33 bilh\u00f5es de [&hellip;]","og_url":"https:\/\/agenciainfra.com\/blog\/lula-faz-cobranca-publica-a-distribuicao-e-varejo-de-combustiveis-por-repasse-de-reducoes-da-petrobras\/","og_site_name":"Ag\u00eancia iNFRA","article_publisher":"https:\/\/www.facebook.com\/ageninfra","article_published_time":"2025-07-04T16:55:39+00:00","article_modified_time":"2025-07-07T12:08:23+00:00","og_image":[{"width":1280,"height":659,"url":"https:\/\/agenciainfra.com\/blog\/wp-content\/uploads\/2025\/07\/Lula-e-magda-e1751649190730.jpeg","type":"image\/jpeg"}],"author":"Ag\u00eancia iNFRA","twitter_card":"summary_large_image","twitter_creator":"@agencia_infra","twitter_site":"@agencia_infra","twitter_misc":{"Escrito por":"Ag\u00eancia iNFRA","Est. tempo de leitura":"1 minuto"},"schema":{"@context":"https:\/\/schema.org","@graph":[{"@type":"Article","@id":"https:\/\/agenciainfra.com\/blog\/lula-faz-cobranca-publica-a-distribuicao-e-varejo-de-combustiveis-por-repasse-de-reducoes-da-petrobras\/#article","isPartOf":{"@id":"https:\/\/agenciainfra.com\/blog\/lula-faz-cobranca-publica-a-distribuicao-e-varejo-de-combustiveis-por-repasse-de-reducoes-da-petrobras\/"},"author":{"name":"Ag\u00eancia iNFRA","@id":"https:\/\/agenciainfra.com\/blog\/#\/schema\/person\/34af08dff6adea4cb22b06612ba7acfa"},"headline":"Lula faz cobran\u00e7a p\u00fablica \u00e0 distribui\u00e7\u00e3o e varejo de combust\u00edveis por repasse de redu\u00e7\u00f5es da Petrobras","datePublished":"2025-07-04T16:55:39+00:00","dateModified":"2025-07-07T12:08:23+00:00","mainEntityOfPage":{"@id":"https:\/\/agenciainfra.com\/blog\/lula-faz-cobranca-publica-a-distribuicao-e-varejo-de-combustiveis-por-repasse-de-reducoes-da-petrobras\/"},"wordCount":319,"publisher":{"@id":"https:\/\/agenciainfra.com\/blog\/#organization"},"image":{"@id":"https:\/\/agenciainfra.com\/blog\/lula-faz-cobranca-publica-a-distribuicao-e-varejo-de-combustiveis-por-repasse-de-reducoes-da-petrobras\/#primaryimage"},"thumbnailUrl":"https:\/\/agenciainfra.com\/blog\/wp-content\/uploads\/2025\/07\/Lula-e-magda-e1751649190730.jpeg","keywords":["Cade","combust\u00edveis","diesel","Gabriel Vasconcelos","Lula","Magda Chambriard","MME","Petrobras","postos","Reduc"],"articleSection":["Destaque lista","Geral","\u00d3leo &amp; G\u00e1s"],"inLanguage":"pt-BR","copyrightYear":"2025","copyrightHolder":{"@id":"https:\/\/agenciainfra.com\/blog\/#organization"}},{"@type":"WebPage","@id":"https:\/\/agenciainfra.com\/blog\/lula-faz-cobranca-publica-a-distribuicao-e-varejo-de-combustiveis-por-repasse-de-reducoes-da-petrobras\/","url":"https:\/\/agenciainfra.com\/blog\/lula-faz-cobranca-publica-a-distribuicao-e-varejo-de-combustiveis-por-repasse-de-reducoes-da-petrobras\/","name":"Lula faz cobran\u00e7a p\u00fablica \u00e0 distribui\u00e7\u00e3o e varejo de combust\u00edveis por repasse de redu\u00e7\u00f5es da Petrobras - Ag\u00eancia iNFRA","isPartOf":{"@id":"https:\/\/agenciainfra.com\/blog\/#website"},"primaryImageOfPage":{"@id":"https:\/\/agenciainfra.com\/blog\/lula-faz-cobranca-publica-a-distribuicao-e-varejo-de-combustiveis-por-repasse-de-reducoes-da-petrobras\/#primaryimage"},"image":{"@id":"https:\/\/agenciainfra.com\/blog\/lula-faz-cobranca-publica-a-distribuicao-e-varejo-de-combustiveis-por-repasse-de-reducoes-da-petrobras\/#primaryimage"},"thumbnailUrl":"https:\/\/agenciainfra.com\/blog\/wp-content\/uploads\/2025\/07\/Lula-e-magda-e1751649190730.jpeg","datePublished":"2025-07-04T16:55:39+00:00","dateModified":"2025-07-07T12:08:23+00:00","breadcrumb":{"@id":"https:\/\/agenciainfra.com\/blog\/lula-faz-cobranca-publica-a-distribuicao-e-varejo-de-combustiveis-por-repasse-de-reducoes-da-petrobras\/#breadcrumb"},"inLanguage":"pt-BR","potentialAction":[{"@type":"ReadAction","target":["https:\/\/agenciainfra.com\/blog\/lula-faz-cobranca-publica-a-distribuicao-e-varejo-de-combustiveis-por-repasse-de-reducoes-da-petrobras\/"]}]},{"@type":"ImageObject","inLanguage":"pt-BR","@id":"https:\/\/agenciainfra.com\/blog\/lula-faz-cobranca-publica-a-distribuicao-e-varejo-de-combustiveis-por-repasse-de-reducoes-da-petrobras\/#primaryimage","url":"https:\/\/agenciainfra.com\/blog\/wp-content\/uploads\/2025\/07\/Lula-e-magda-e1751649190730.jpeg","contentUrl":"https:\/\/agenciainfra.com\/blog\/wp-content\/uploads\/2025\/07\/Lula-e-magda-e1751649190730.jpeg","width":1280,"height":659,"caption":"Foto: Tauan Alencar \/ MME"},{"@type":"BreadcrumbList","@id":"https:\/\/agenciainfra.com\/blog\/lula-faz-cobranca-publica-a-distribuicao-e-varejo-de-combustiveis-por-repasse-de-reducoes-da-petrobras\/#breadcrumb","itemListElement":[{"@type":"ListItem","position":1,"name":"In\u00edcio","item":"https:\/\/agenciainfra.com\/blog\/"},{"@type":"ListItem","position":2,"name":"Lula faz cobran\u00e7a p\u00fablica \u00e0 distribui\u00e7\u00e3o e varejo de combust\u00edveis por repasse de redu\u00e7\u00f5es da Petrobras"}]},{"@type":"WebSite","@id":"https:\/\/agenciainfra.com\/blog\/#website","url":"https:\/\/agenciainfra.com\/blog\/","name":"Ag\u00eancia iNFRA","description":"Multiplataforma de informa\u00e7\u00e3o jornal\u00edstica refer\u00eancia na \u00e1rea de infraestrutura no Brasil!","publisher":{"@id":"https:\/\/agenciainfra.com\/blog\/#organization"},"potentialAction":[{"@type":"SearchAction","target":{"@type":"EntryPoint","urlTemplate":"https:\/\/agenciainfra.com\/blog\/?s={search_term_string}"},"query-input":{"@type":"PropertyValueSpecification","valueRequired":true,"valueName":"search_term_string"}}],"inLanguage":"pt-BR"},{"@type":"Organization","@id":"https:\/\/agenciainfra.com\/blog\/#organization","name":"Ag\u00eancia iNFRA","url":"https:\/\/agenciainfra.com\/blog\/","logo":{"@type":"ImageObject","inLanguage":"pt-BR","@id":"https:\/\/agenciainfra.com\/blog\/#\/schema\/logo\/image\/","url":"https:\/\/agenciainfra.com\/blog\/wp-content\/uploads\/2023\/09\/iNFRA_5-e1761735885940.png","contentUrl":"https:\/\/agenciainfra.com\/blog\/wp-content\/uploads\/2023\/09\/iNFRA_5-e1761735885940.png","width":1672,"height":454,"caption":"Ag\u00eancia iNFRA"},"image":{"@id":"https:\/\/agenciainfra.com\/blog\/#\/schema\/logo\/image\/"},"sameAs":["https:\/\/www.facebook.com\/ageninfra","https:\/\/x.com\/agencia_infra","https:\/\/www.linkedin.com\/company\/ag\u00eanciainfra\/","https:\/\/www.instagram.com\/agenciainfra\/"]},{"@type":"Person","@id":"https:\/\/agenciainfra.com\/blog\/#\/schema\/person\/34af08dff6adea4cb22b06612ba7acfa","name":"Ag\u00eancia iNFRA","image":{"@type":"ImageObject","inLanguage":"pt-BR","@id":"https:\/\/agenciainfra.com\/blog\/#\/schema\/person\/image\/","url":"https:\/\/secure.gravatar.com\/avatar\/d189e01678f06d8eb84d4e01f08eb848b3fffe3f8443818d3c356c66892f5be8?s=96&d=mm&r=g","contentUrl":"https:\/\/secure.gravatar.com\/avatar\/d189e01678f06d8eb84d4e01f08eb848b3fffe3f8443818d3c356c66892f5be8?s=96&d=mm&r=g","caption":"Ag\u00eancia iNFRA"},"url":"https:\/\/agenciainfra.com\/blog\/author\/admin\/"}]}},"_links":{"self":[{"href":"https:\/\/agenciainfra.com\/blog\/wp-json\/wp\/v2\/posts\/24079","targetHints":{"allow":["GET"]}}],"collection":[{"href":"https:\/\/agenciainfra.com\/blog\/wp-json\/wp\/v2\/posts"}],"about":[{"href":"https:\/\/agenciainfra.com\/blog\/wp-json\/wp\/v2\/types\/post"}],"author":[{"embeddable":true,"href":"https:\/\/agenciainfra.com\/blog\/wp-json\/wp\/v2\/users\/1"}],"replies":[{"embeddable":true,"href":"https:\/\/agenciainfra.com\/blog\/wp-json\/wp\/v2\/comments?post=24079"}],"version-history":[{"count":1,"href":"https:\/\/agenciainfra.com\/blog\/wp-json\/wp\/v2\/posts\/24079\/revisions"}],"predecessor-version":[{"id":24080,"href":"https:\/\/agenciainfra.com\/blog\/wp-json\/wp\/v2\/posts\/24079\/revisions\/24080"}],"wp:featuredmedia":[{"embeddable":true,"href":"https:\/\/agenciainfra.com\/blog\/wp-json\/wp\/v2\/media\/24085"}],"wp:attachment":[{"href":"https:\/\/agenciainfra.com\/blog\/wp-json\/wp\/v2\/media?parent=24079"}],"wp:term":[{"taxonomy":"category","embeddable":true,"href":"https:\/\/agenciainfra.com\/blog\/wp-json\/wp\/v2\/categories?post=24079"},{"taxonomy":"post_tag","embeddable":true,"href":"https:\/\/agenciainfra.com\/blog\/wp-json\/wp\/v2\/tags?post=24079"}],"curies":[{"name":"wp","href":"https:\/\/api.w.org\/{rel}","templated":true}]}}