{"id":24098,"date":"2025-07-04T16:13:37","date_gmt":"2025-07-04T19:13:37","guid":{"rendered":"https:\/\/agenciainfra.com\/blog\/?p=24098"},"modified":"2025-07-07T13:30:22","modified_gmt":"2025-07-07T16:30:22","slug":"ministerio-envia-projeto-do-canal-de-acesso-do-porto-de-santos-para-antaq-que-abrira-consulta","status":"publish","type":"post","link":"https:\/\/agenciainfra.com\/blog\/ministerio-envia-projeto-do-canal-de-acesso-do-porto-de-santos-para-antaq-que-abrira-consulta\/","title":{"rendered":"Minist\u00e9rio envia projeto do canal de acesso do Porto de Santos para ANTAQ, que abrir\u00e1 consulta"},"content":{"rendered":"\n<p class=\"has-text-align-right\"><strong>da Ag\u00eancia iNFRA<\/strong><\/p>\n\n\n\n<p>O MPor (Minist\u00e9rio de Portos e Aeroportos) deu in\u00edcio oficial ao processo de licita\u00e7\u00e3o do canal de acesso do Porto de Santos (SP) com o envio do projeto para a ANTAQ (Ag\u00eancia Nacional de Transportes Aquavi\u00e1rios) na \u00faltima quinta-feira (3).\u00a0De acordo com a pasta, a previs\u00e3o de investimentos \u00e9 de R$ 6,45 bilh\u00f5es. Apesar de o processo ainda precisar passar por v\u00e1rias etapas na ag\u00eancia, no minist\u00e9rio\u00a0e no TCU (Tribunal de Contas da Uni\u00e3o), o MPor estimou que o leil\u00e3o deve ocorrer ainda neste ano.<br><br>Com o encaminhamento\u00a0para a ANTAQ, a autarquia precisar\u00e1 abrir uma consulta p\u00fablica sobre o projeto, analisar as contribui\u00e7\u00f5es recebidas, fazer eventuais ajustes e aprovar em diretoria. Em seguida, a modelagem vai ao MPor, que envia para avalia\u00e7\u00e3o do TCU. S\u00f3 depois do aval da corte e a realiza\u00e7\u00e3o de poss\u00edveis ajustes\u00a0\u00e9 que a publica\u00e7\u00e3o do edital poder\u00e1 ser feita, seguida do leil\u00e3o.<br><br>O cronograma faz com que o pr\u00f3prio minist\u00e9rio j\u00e1 tenha reconhecido a possibilidade de o certame ficar para\u00a0o pr\u00f3ximo ano. H\u00e1 cerca de um m\u00eas, o\u00a0secret\u00e1rio nacional de Portos, Alex\u00a0\u00c1vila, afirmou \u00e0\u00a0<strong>Ag\u00eancia iNFRA<\/strong>\u00a0que a licita\u00e7\u00e3o\u00a0teria chances de\u00a0<a href=\"https:\/\/agenciainfra.us14.list-manage.com\/track\/click?u=d460dd1bcf9ba0ae040e1fc0f&amp;id=a998fb7786&amp;e=55b7a27fc9\" target=\"_blank\" rel=\"noreferrer noopener\">escorregar<\/a>\u00a0para o in\u00edcio de 2026, uma vez a pasta trabalha com a previs\u00e3o de realizar a disputa provavelmente em dezembro.<br><br>As empresas que operam em Santos cobram urg\u00eancia do projeto, que, entre outros pontos, visa aumentar a profundidade do canal de acesso, que hoje restringe a entrada de navios maiores no maior complexo portu\u00e1rio da Am\u00e9rica Latina.\u00a0<br><br><strong>Modelo<\/strong><br>Segundo o MPor, o leil\u00e3o do canal de acesso de Santos dever\u00e1 seguir o modelo definido para o canal do Porto de Paranagu\u00e1, que j\u00e1 foi aprovado pelo TCU. \u201cCom a dragagem do canal, vamos elevar a capacidade do porto para receber navios de maior porte e ampliar a movimenta\u00e7\u00e3o de cargas. O calado ser\u00e1 ampliado gradualmente de 15 metros de profundidade para 17 metros\u201d, afirmou \u00c1vila.<br><br>Recentemente, o\u00a0presidente da APS (Autoridade Portu\u00e1ria de Santos), Anderson Pomini, afirmou \u00e0<strong>\u00a0Ag\u00eancia iNFRA<\/strong>\u00a0que n\u00e3o via o modelo usado em Paranagu\u00e1 como\u00a0<a href=\"https:\/\/agenciainfra.us14.list-manage.com\/track\/click?u=d460dd1bcf9ba0ae040e1fc0f&amp;id=c9f38e672c&amp;e=55b7a27fc9\" target=\"_blank\" rel=\"noreferrer noopener\">ideal<\/a>\u00a0para o Porto de Santos, onde caberia uma concess\u00e3o mais\u00a0\u201cenxuta\u201d.<br><br>Pomini observou que, na\u00a0modelagem de Paranagu\u00e1, o governo est\u00e1 passando alguns aspectos regulat\u00f3rios para gest\u00e3o da empresa vencedora do leil\u00e3o. Por exemplo, ela ter\u00e1 de gerir at\u00e9 conflitos entre os operadores, explicou. No caso de Santos, ele defendeu que esses\u00a0pontos precisam permanecer com a autoridade portu\u00e1ria.<\/p>\n\n\n\n<p><em><sup>Reportagem atualizada para inclus\u00e3o de informa\u00e7\u00f5es.<\/sup><\/em><\/p>\n","protected":false},"excerpt":{"rendered":"<p>da Ag\u00eancia iNFRA O MPor (Minist\u00e9rio de Portos e Aeroportos) deu in\u00edcio oficial ao processo de licita\u00e7\u00e3o do canal de acesso do Porto de Santos (SP) com o envio do projeto para a ANTAQ (Ag\u00eancia Nacional de Transportes Aquavi\u00e1rios) na \u00faltima quinta-feira (3).\u00a0De acordo com a pasta, a previs\u00e3o de investimentos \u00e9 de R$ 6,45 [&hellip;]<\/p>\n","protected":false},"author":1,"featured_media":23072,"comment_status":"closed","ping_status":"closed","sticky":false,"template":"","format":"standard","meta":{"_monsterinsights_skip_tracking":false,"_monsterinsights_sitenote_active":false,"_monsterinsights_sitenote_note":"","_monsterinsights_sitenote_category":0,"footnotes":""},"categories":[7250,1,7],"tags":[8958,86,4253,6257,260],"class_list":["post-24098","post","type-post","status-publish","format-standard","has-post-thumbnail","hentry","category-destaque-lista","category-geral","category-infratransporte","tag-alex-avila","tag-antaq","tag-canal-de-acesso","tag-ministerio-de-portos-e-aeroportos","tag-porto-de-santos"],"yoast_head":"<!-- This site is optimized with the Yoast SEO Premium plugin v25.4 (Yoast SEO v26.0) - https:\/\/yoast.com\/wordpress\/plugins\/seo\/ -->\n<title>Minist\u00e9rio envia projeto do canal de acesso do Porto de Santos para ANTAQ, que abrir\u00e1 consulta - Ag\u00eancia iNFRA<\/title>\n<meta name=\"robots\" content=\"index, follow, max-snippet:-1, max-image-preview:large, max-video-preview:-1\" \/>\n<link rel=\"canonical\" href=\"https:\/\/agenciainfra.com\/blog\/ministerio-envia-projeto-do-canal-de-acesso-do-porto-de-santos-para-antaq-que-abrira-consulta\/\" \/>\n<meta property=\"og:locale\" content=\"pt_BR\" \/>\n<meta property=\"og:type\" content=\"article\" \/>\n<meta property=\"og:title\" content=\"Minist\u00e9rio envia projeto do canal de acesso do Porto de Santos para ANTAQ, que abrir\u00e1 consulta\" \/>\n<meta property=\"og:description\" content=\"da Ag\u00eancia iNFRA O MPor (Minist\u00e9rio de Portos e Aeroportos) deu in\u00edcio oficial ao processo de licita\u00e7\u00e3o do canal de acesso do Porto de Santos (SP) com o envio do projeto para a ANTAQ (Ag\u00eancia Nacional de Transportes Aquavi\u00e1rios) na \u00faltima quinta-feira (3).\u00a0De acordo com a pasta, a previs\u00e3o de investimentos \u00e9 de R$ 6,45 [&hellip;]\" \/>\n<meta property=\"og:url\" content=\"https:\/\/agenciainfra.com\/blog\/ministerio-envia-projeto-do-canal-de-acesso-do-porto-de-santos-para-antaq-que-abrira-consulta\/\" \/>\n<meta property=\"og:site_name\" content=\"Ag\u00eancia iNFRA\" \/>\n<meta property=\"article:publisher\" content=\"https:\/\/www.facebook.com\/ageninfra\" \/>\n<meta property=\"article:published_time\" content=\"2025-07-04T19:13:37+00:00\" \/>\n<meta property=\"article:modified_time\" content=\"2025-07-07T16:30:22+00:00\" \/>\n<meta property=\"og:image\" content=\"https:\/\/agenciainfra.com\/blog\/wp-content\/uploads\/2025\/06\/porto-de-santos-foto-aps-e1750174472655.jpg\" \/>\n\t<meta property=\"og:image:width\" content=\"1280\" \/>\n\t<meta property=\"og:image:height\" content=\"719\" \/>\n\t<meta property=\"og:image:type\" content=\"image\/jpeg\" \/>\n<meta name=\"author\" content=\"Ag\u00eancia iNFRA\" \/>\n<meta name=\"twitter:card\" content=\"summary_large_image\" \/>\n<meta name=\"twitter:creator\" content=\"@agencia_infra\" \/>\n<meta name=\"twitter:site\" content=\"@agencia_infra\" \/>\n<meta name=\"twitter:label1\" content=\"Escrito por\" \/>\n\t<meta name=\"twitter:data1\" content=\"Ag\u00eancia iNFRA\" \/>\n\t<meta name=\"twitter:label2\" content=\"Est. tempo de leitura\" \/>\n\t<meta name=\"twitter:data2\" content=\"2 minutos\" \/>\n<script type=\"application\/ld+json\" class=\"yoast-schema-graph\">{\"@context\":\"https:\/\/schema.org\",\"@graph\":[{\"@type\":\"Article\",\"@id\":\"https:\/\/agenciainfra.com\/blog\/ministerio-envia-projeto-do-canal-de-acesso-do-porto-de-santos-para-antaq-que-abrira-consulta\/#article\",\"isPartOf\":{\"@id\":\"https:\/\/agenciainfra.com\/blog\/ministerio-envia-projeto-do-canal-de-acesso-do-porto-de-santos-para-antaq-que-abrira-consulta\/\"},\"author\":{\"name\":\"Ag\u00eancia iNFRA\",\"@id\":\"https:\/\/agenciainfra.com\/blog\/#\/schema\/person\/34af08dff6adea4cb22b06612ba7acfa\"},\"headline\":\"Minist\u00e9rio envia projeto do canal de acesso do Porto de Santos para ANTAQ, que abrir\u00e1 consulta\",\"datePublished\":\"2025-07-04T19:13:37+00:00\",\"dateModified\":\"2025-07-07T16:30:22+00:00\",\"mainEntityOfPage\":{\"@id\":\"https:\/\/agenciainfra.com\/blog\/ministerio-envia-projeto-do-canal-de-acesso-do-porto-de-santos-para-antaq-que-abrira-consulta\/\"},\"wordCount\":465,\"publisher\":{\"@id\":\"https:\/\/agenciainfra.com\/blog\/#organization\"},\"image\":{\"@id\":\"https:\/\/agenciainfra.com\/blog\/ministerio-envia-projeto-do-canal-de-acesso-do-porto-de-santos-para-antaq-que-abrira-consulta\/#primaryimage\"},\"thumbnailUrl\":\"https:\/\/agenciainfra.com\/blog\/wp-content\/uploads\/2025\/06\/porto-de-santos-foto-aps-e1750174472655.jpg\",\"keywords\":[\"Alex \u00c1vila\",\"ANTAQ\",\"canal de acesso\",\"Minist\u00e9rio de Portos e Aeroportos\",\"Porto de Santos\"],\"articleSection\":[\"Destaque lista\",\"Geral\",\"iNFRATransporte\"],\"inLanguage\":\"pt-BR\",\"copyrightYear\":\"2025\",\"copyrightHolder\":{\"@id\":\"https:\/\/agenciainfra.com\/blog\/#organization\"}},{\"@type\":\"WebPage\",\"@id\":\"https:\/\/agenciainfra.com\/blog\/ministerio-envia-projeto-do-canal-de-acesso-do-porto-de-santos-para-antaq-que-abrira-consulta\/\",\"url\":\"https:\/\/agenciainfra.com\/blog\/ministerio-envia-projeto-do-canal-de-acesso-do-porto-de-santos-para-antaq-que-abrira-consulta\/\",\"name\":\"Minist\u00e9rio envia projeto do canal de acesso do Porto de Santos para ANTAQ, que abrir\u00e1 consulta - Ag\u00eancia iNFRA\",\"isPartOf\":{\"@id\":\"https:\/\/agenciainfra.com\/blog\/#website\"},\"primaryImageOfPage\":{\"@id\":\"https:\/\/agenciainfra.com\/blog\/ministerio-envia-projeto-do-canal-de-acesso-do-porto-de-santos-para-antaq-que-abrira-consulta\/#primaryimage\"},\"image\":{\"@id\":\"https:\/\/agenciainfra.com\/blog\/ministerio-envia-projeto-do-canal-de-acesso-do-porto-de-santos-para-antaq-que-abrira-consulta\/#primaryimage\"},\"thumbnailUrl\":\"https:\/\/agenciainfra.com\/blog\/wp-content\/uploads\/2025\/06\/porto-de-santos-foto-aps-e1750174472655.jpg\",\"datePublished\":\"2025-07-04T19:13:37+00:00\",\"dateModified\":\"2025-07-07T16:30:22+00:00\",\"breadcrumb\":{\"@id\":\"https:\/\/agenciainfra.com\/blog\/ministerio-envia-projeto-do-canal-de-acesso-do-porto-de-santos-para-antaq-que-abrira-consulta\/#breadcrumb\"},\"inLanguage\":\"pt-BR\",\"potentialAction\":[{\"@type\":\"ReadAction\",\"target\":[\"https:\/\/agenciainfra.com\/blog\/ministerio-envia-projeto-do-canal-de-acesso-do-porto-de-santos-para-antaq-que-abrira-consulta\/\"]}]},{\"@type\":\"ImageObject\",\"inLanguage\":\"pt-BR\",\"@id\":\"https:\/\/agenciainfra.com\/blog\/ministerio-envia-projeto-do-canal-de-acesso-do-porto-de-santos-para-antaq-que-abrira-consulta\/#primaryimage\",\"url\":\"https:\/\/agenciainfra.com\/blog\/wp-content\/uploads\/2025\/06\/porto-de-santos-foto-aps-e1750174472655.jpg\",\"contentUrl\":\"https:\/\/agenciainfra.com\/blog\/wp-content\/uploads\/2025\/06\/porto-de-santos-foto-aps-e1750174472655.jpg\",\"width\":1280,\"height\":719,\"caption\":\"Foto: APS\/Divulga\u00e7\u00e3o\"},{\"@type\":\"BreadcrumbList\",\"@id\":\"https:\/\/agenciainfra.com\/blog\/ministerio-envia-projeto-do-canal-de-acesso-do-porto-de-santos-para-antaq-que-abrira-consulta\/#breadcrumb\",\"itemListElement\":[{\"@type\":\"ListItem\",\"position\":1,\"name\":\"In\u00edcio\",\"item\":\"https:\/\/agenciainfra.com\/blog\/\"},{\"@type\":\"ListItem\",\"position\":2,\"name\":\"Minist\u00e9rio envia projeto do canal de acesso do Porto de Santos para ANTAQ, que abrir\u00e1 consulta\"}]},{\"@type\":\"WebSite\",\"@id\":\"https:\/\/agenciainfra.com\/blog\/#website\",\"url\":\"https:\/\/agenciainfra.com\/blog\/\",\"name\":\"Ag\u00eancia iNFRA\",\"description\":\"Multiplataforma de informa\u00e7\u00e3o jornal\u00edstica refer\u00eancia na \u00e1rea de infraestrutura no Brasil!\",\"publisher\":{\"@id\":\"https:\/\/agenciainfra.com\/blog\/#organization\"},\"potentialAction\":[{\"@type\":\"SearchAction\",\"target\":{\"@type\":\"EntryPoint\",\"urlTemplate\":\"https:\/\/agenciainfra.com\/blog\/?s={search_term_string}\"},\"query-input\":{\"@type\":\"PropertyValueSpecification\",\"valueRequired\":true,\"valueName\":\"search_term_string\"}}],\"inLanguage\":\"pt-BR\"},{\"@type\":\"Organization\",\"@id\":\"https:\/\/agenciainfra.com\/blog\/#organization\",\"name\":\"Ag\u00eancia iNFRA\",\"url\":\"https:\/\/agenciainfra.com\/blog\/\",\"logo\":{\"@type\":\"ImageObject\",\"inLanguage\":\"pt-BR\",\"@id\":\"https:\/\/agenciainfra.com\/blog\/#\/schema\/logo\/image\/\",\"url\":\"https:\/\/agenciainfra.com\/blog\/wp-content\/uploads\/2023\/09\/iNFRA_5-e1761735885940.png\",\"contentUrl\":\"https:\/\/agenciainfra.com\/blog\/wp-content\/uploads\/2023\/09\/iNFRA_5-e1761735885940.png\",\"width\":1672,\"height\":454,\"caption\":\"Ag\u00eancia iNFRA\"},\"image\":{\"@id\":\"https:\/\/agenciainfra.com\/blog\/#\/schema\/logo\/image\/\"},\"sameAs\":[\"https:\/\/www.facebook.com\/ageninfra\",\"https:\/\/x.com\/agencia_infra\",\"https:\/\/www.linkedin.com\/company\/ag\u00eanciainfra\/\",\"https:\/\/www.instagram.com\/agenciainfra\/\"]},{\"@type\":\"Person\",\"@id\":\"https:\/\/agenciainfra.com\/blog\/#\/schema\/person\/34af08dff6adea4cb22b06612ba7acfa\",\"name\":\"Ag\u00eancia iNFRA\",\"image\":{\"@type\":\"ImageObject\",\"inLanguage\":\"pt-BR\",\"@id\":\"https:\/\/agenciainfra.com\/blog\/#\/schema\/person\/image\/\",\"url\":\"https:\/\/secure.gravatar.com\/avatar\/d189e01678f06d8eb84d4e01f08eb848b3fffe3f8443818d3c356c66892f5be8?s=96&d=mm&r=g\",\"contentUrl\":\"https:\/\/secure.gravatar.com\/avatar\/d189e01678f06d8eb84d4e01f08eb848b3fffe3f8443818d3c356c66892f5be8?s=96&d=mm&r=g\",\"caption\":\"Ag\u00eancia iNFRA\"},\"url\":\"https:\/\/agenciainfra.com\/blog\/author\/admin\/\"}]}<\/script>\n<!-- \/ Yoast SEO Premium plugin. -->","yoast_head_json":{"title":"Minist\u00e9rio envia projeto do canal de acesso do Porto de Santos para ANTAQ, que abrir\u00e1 consulta - Ag\u00eancia iNFRA","robots":{"index":"index","follow":"follow","max-snippet":"max-snippet:-1","max-image-preview":"max-image-preview:large","max-video-preview":"max-video-preview:-1"},"canonical":"https:\/\/agenciainfra.com\/blog\/ministerio-envia-projeto-do-canal-de-acesso-do-porto-de-santos-para-antaq-que-abrira-consulta\/","og_locale":"pt_BR","og_type":"article","og_title":"Minist\u00e9rio envia projeto do canal de acesso do Porto de Santos para ANTAQ, que abrir\u00e1 consulta","og_description":"da Ag\u00eancia iNFRA O MPor (Minist\u00e9rio de Portos e Aeroportos) deu in\u00edcio oficial ao processo de licita\u00e7\u00e3o do canal de acesso do Porto de Santos (SP) com o envio do projeto para a ANTAQ (Ag\u00eancia Nacional de Transportes Aquavi\u00e1rios) na \u00faltima quinta-feira (3).\u00a0De acordo com a pasta, a previs\u00e3o de investimentos \u00e9 de R$ 6,45 [&hellip;]","og_url":"https:\/\/agenciainfra.com\/blog\/ministerio-envia-projeto-do-canal-de-acesso-do-porto-de-santos-para-antaq-que-abrira-consulta\/","og_site_name":"Ag\u00eancia iNFRA","article_publisher":"https:\/\/www.facebook.com\/ageninfra","article_published_time":"2025-07-04T19:13:37+00:00","article_modified_time":"2025-07-07T16:30:22+00:00","og_image":[{"width":1280,"height":719,"url":"https:\/\/agenciainfra.com\/blog\/wp-content\/uploads\/2025\/06\/porto-de-santos-foto-aps-e1750174472655.jpg","type":"image\/jpeg"}],"author":"Ag\u00eancia iNFRA","twitter_card":"summary_large_image","twitter_creator":"@agencia_infra","twitter_site":"@agencia_infra","twitter_misc":{"Escrito por":"Ag\u00eancia iNFRA","Est. tempo de leitura":"2 minutos"},"schema":{"@context":"https:\/\/schema.org","@graph":[{"@type":"Article","@id":"https:\/\/agenciainfra.com\/blog\/ministerio-envia-projeto-do-canal-de-acesso-do-porto-de-santos-para-antaq-que-abrira-consulta\/#article","isPartOf":{"@id":"https:\/\/agenciainfra.com\/blog\/ministerio-envia-projeto-do-canal-de-acesso-do-porto-de-santos-para-antaq-que-abrira-consulta\/"},"author":{"name":"Ag\u00eancia iNFRA","@id":"https:\/\/agenciainfra.com\/blog\/#\/schema\/person\/34af08dff6adea4cb22b06612ba7acfa"},"headline":"Minist\u00e9rio envia projeto do canal de acesso do Porto de Santos para ANTAQ, que abrir\u00e1 consulta","datePublished":"2025-07-04T19:13:37+00:00","dateModified":"2025-07-07T16:30:22+00:00","mainEntityOfPage":{"@id":"https:\/\/agenciainfra.com\/blog\/ministerio-envia-projeto-do-canal-de-acesso-do-porto-de-santos-para-antaq-que-abrira-consulta\/"},"wordCount":465,"publisher":{"@id":"https:\/\/agenciainfra.com\/blog\/#organization"},"image":{"@id":"https:\/\/agenciainfra.com\/blog\/ministerio-envia-projeto-do-canal-de-acesso-do-porto-de-santos-para-antaq-que-abrira-consulta\/#primaryimage"},"thumbnailUrl":"https:\/\/agenciainfra.com\/blog\/wp-content\/uploads\/2025\/06\/porto-de-santos-foto-aps-e1750174472655.jpg","keywords":["Alex \u00c1vila","ANTAQ","canal de acesso","Minist\u00e9rio de Portos e Aeroportos","Porto de Santos"],"articleSection":["Destaque lista","Geral","iNFRATransporte"],"inLanguage":"pt-BR","copyrightYear":"2025","copyrightHolder":{"@id":"https:\/\/agenciainfra.com\/blog\/#organization"}},{"@type":"WebPage","@id":"https:\/\/agenciainfra.com\/blog\/ministerio-envia-projeto-do-canal-de-acesso-do-porto-de-santos-para-antaq-que-abrira-consulta\/","url":"https:\/\/agenciainfra.com\/blog\/ministerio-envia-projeto-do-canal-de-acesso-do-porto-de-santos-para-antaq-que-abrira-consulta\/","name":"Minist\u00e9rio envia projeto do canal de acesso do Porto de Santos para ANTAQ, que abrir\u00e1 consulta - Ag\u00eancia iNFRA","isPartOf":{"@id":"https:\/\/agenciainfra.com\/blog\/#website"},"primaryImageOfPage":{"@id":"https:\/\/agenciainfra.com\/blog\/ministerio-envia-projeto-do-canal-de-acesso-do-porto-de-santos-para-antaq-que-abrira-consulta\/#primaryimage"},"image":{"@id":"https:\/\/agenciainfra.com\/blog\/ministerio-envia-projeto-do-canal-de-acesso-do-porto-de-santos-para-antaq-que-abrira-consulta\/#primaryimage"},"thumbnailUrl":"https:\/\/agenciainfra.com\/blog\/wp-content\/uploads\/2025\/06\/porto-de-santos-foto-aps-e1750174472655.jpg","datePublished":"2025-07-04T19:13:37+00:00","dateModified":"2025-07-07T16:30:22+00:00","breadcrumb":{"@id":"https:\/\/agenciainfra.com\/blog\/ministerio-envia-projeto-do-canal-de-acesso-do-porto-de-santos-para-antaq-que-abrira-consulta\/#breadcrumb"},"inLanguage":"pt-BR","potentialAction":[{"@type":"ReadAction","target":["https:\/\/agenciainfra.com\/blog\/ministerio-envia-projeto-do-canal-de-acesso-do-porto-de-santos-para-antaq-que-abrira-consulta\/"]}]},{"@type":"ImageObject","inLanguage":"pt-BR","@id":"https:\/\/agenciainfra.com\/blog\/ministerio-envia-projeto-do-canal-de-acesso-do-porto-de-santos-para-antaq-que-abrira-consulta\/#primaryimage","url":"https:\/\/agenciainfra.com\/blog\/wp-content\/uploads\/2025\/06\/porto-de-santos-foto-aps-e1750174472655.jpg","contentUrl":"https:\/\/agenciainfra.com\/blog\/wp-content\/uploads\/2025\/06\/porto-de-santos-foto-aps-e1750174472655.jpg","width":1280,"height":719,"caption":"Foto: APS\/Divulga\u00e7\u00e3o"},{"@type":"BreadcrumbList","@id":"https:\/\/agenciainfra.com\/blog\/ministerio-envia-projeto-do-canal-de-acesso-do-porto-de-santos-para-antaq-que-abrira-consulta\/#breadcrumb","itemListElement":[{"@type":"ListItem","position":1,"name":"In\u00edcio","item":"https:\/\/agenciainfra.com\/blog\/"},{"@type":"ListItem","position":2,"name":"Minist\u00e9rio envia projeto do canal de acesso do Porto de Santos para ANTAQ, que abrir\u00e1 consulta"}]},{"@type":"WebSite","@id":"https:\/\/agenciainfra.com\/blog\/#website","url":"https:\/\/agenciainfra.com\/blog\/","name":"Ag\u00eancia iNFRA","description":"Multiplataforma de informa\u00e7\u00e3o jornal\u00edstica refer\u00eancia na \u00e1rea de infraestrutura no Brasil!","publisher":{"@id":"https:\/\/agenciainfra.com\/blog\/#organization"},"potentialAction":[{"@type":"SearchAction","target":{"@type":"EntryPoint","urlTemplate":"https:\/\/agenciainfra.com\/blog\/?s={search_term_string}"},"query-input":{"@type":"PropertyValueSpecification","valueRequired":true,"valueName":"search_term_string"}}],"inLanguage":"pt-BR"},{"@type":"Organization","@id":"https:\/\/agenciainfra.com\/blog\/#organization","name":"Ag\u00eancia iNFRA","url":"https:\/\/agenciainfra.com\/blog\/","logo":{"@type":"ImageObject","inLanguage":"pt-BR","@id":"https:\/\/agenciainfra.com\/blog\/#\/schema\/logo\/image\/","url":"https:\/\/agenciainfra.com\/blog\/wp-content\/uploads\/2023\/09\/iNFRA_5-e1761735885940.png","contentUrl":"https:\/\/agenciainfra.com\/blog\/wp-content\/uploads\/2023\/09\/iNFRA_5-e1761735885940.png","width":1672,"height":454,"caption":"Ag\u00eancia iNFRA"},"image":{"@id":"https:\/\/agenciainfra.com\/blog\/#\/schema\/logo\/image\/"},"sameAs":["https:\/\/www.facebook.com\/ageninfra","https:\/\/x.com\/agencia_infra","https:\/\/www.linkedin.com\/company\/ag\u00eanciainfra\/","https:\/\/www.instagram.com\/agenciainfra\/"]},{"@type":"Person","@id":"https:\/\/agenciainfra.com\/blog\/#\/schema\/person\/34af08dff6adea4cb22b06612ba7acfa","name":"Ag\u00eancia iNFRA","image":{"@type":"ImageObject","inLanguage":"pt-BR","@id":"https:\/\/agenciainfra.com\/blog\/#\/schema\/person\/image\/","url":"https:\/\/secure.gravatar.com\/avatar\/d189e01678f06d8eb84d4e01f08eb848b3fffe3f8443818d3c356c66892f5be8?s=96&d=mm&r=g","contentUrl":"https:\/\/secure.gravatar.com\/avatar\/d189e01678f06d8eb84d4e01f08eb848b3fffe3f8443818d3c356c66892f5be8?s=96&d=mm&r=g","caption":"Ag\u00eancia iNFRA"},"url":"https:\/\/agenciainfra.com\/blog\/author\/admin\/"}]}},"_links":{"self":[{"href":"https:\/\/agenciainfra.com\/blog\/wp-json\/wp\/v2\/posts\/24098","targetHints":{"allow":["GET"]}}],"collection":[{"href":"https:\/\/agenciainfra.com\/blog\/wp-json\/wp\/v2\/posts"}],"about":[{"href":"https:\/\/agenciainfra.com\/blog\/wp-json\/wp\/v2\/types\/post"}],"author":[{"embeddable":true,"href":"https:\/\/agenciainfra.com\/blog\/wp-json\/wp\/v2\/users\/1"}],"replies":[{"embeddable":true,"href":"https:\/\/agenciainfra.com\/blog\/wp-json\/wp\/v2\/comments?post=24098"}],"version-history":[{"count":2,"href":"https:\/\/agenciainfra.com\/blog\/wp-json\/wp\/v2\/posts\/24098\/revisions"}],"predecessor-version":[{"id":24176,"href":"https:\/\/agenciainfra.com\/blog\/wp-json\/wp\/v2\/posts\/24098\/revisions\/24176"}],"wp:featuredmedia":[{"embeddable":true,"href":"https:\/\/agenciainfra.com\/blog\/wp-json\/wp\/v2\/media\/23072"}],"wp:attachment":[{"href":"https:\/\/agenciainfra.com\/blog\/wp-json\/wp\/v2\/media?parent=24098"}],"wp:term":[{"taxonomy":"category","embeddable":true,"href":"https:\/\/agenciainfra.com\/blog\/wp-json\/wp\/v2\/categories?post=24098"},{"taxonomy":"post_tag","embeddable":true,"href":"https:\/\/agenciainfra.com\/blog\/wp-json\/wp\/v2\/tags?post=24098"}],"curies":[{"name":"wp","href":"https:\/\/api.w.org\/{rel}","templated":true}]}}