{"id":24103,"date":"2025-07-04T16:53:55","date_gmt":"2025-07-04T19:53:55","guid":{"rendered":"https:\/\/agenciainfra.com\/blog\/?p=24103"},"modified":"2025-07-07T16:32:53","modified_gmt":"2025-07-07T19:32:53","slug":"mme-nao-tem-orcamento-para-repassar-a-aneel-anp-e-anm-dizem-fontes-do-governo","status":"publish","type":"post","link":"https:\/\/agenciainfra.com\/blog\/mme-nao-tem-orcamento-para-repassar-a-aneel-anp-e-anm-dizem-fontes-do-governo\/","title":{"rendered":"MME n\u00e3o tem or\u00e7amento para repassar a ANEEL, ANP e ANM, dizem fontes do governo"},"content":{"rendered":"\n<p class=\"has-text-align-right\"><strong>Marisa Wanzeller, Gabriel Vasconcelos e <strong>Geraldo Campos Jr.<\/strong><\/strong>,<strong> da Ag\u00eancia iNFRA<\/strong><\/p>\n\n\n\n<p>O MME (Minist\u00e9rio de Minas e Energia) n\u00e3o tem previs\u00e3o de repassar verba do seu or\u00e7amento para as suas tr\u00eas ag\u00eancias reguladoras vinculadas, disseram fontes do governo \u00e0&nbsp;<strong>Ag\u00eancia iNFRA<\/strong>. Segundo interlocutores, a pasta tem tido dificuldades de arcar com o cumprimento de seus pr\u00f3prios compromissos financeiros e seu or\u00e7amento est\u00e1 comprometido com o repasse de recursos \u00e0s estatais vinculadas.&nbsp;<\/p>\n\n\n\n<p>\u201c\u00c9 improv\u00e1vel que haja recomposi\u00e7\u00e3o do or\u00e7amento das ag\u00eancias, pelo menos nesse primeiro momento\u201d, disse uma fonte do governo. A avalia\u00e7\u00e3o \u00e9 que, \u00e0 diferen\u00e7a de outros minist\u00e9rios, como o dos Transportes ou de Portos e Aeroportos \u2013 que&nbsp;<a href=\"https:\/\/agenciainfra.us14.list-manage.com\/track\/click?u=d460dd1bcf9ba0ae040e1fc0f&amp;id=88ddb85936&amp;e=55b7a27fc9\" target=\"_blank\" rel=\"noreferrer noopener\">fizeram aportes<\/a>&nbsp;nas ag\u00eancias vinculadas (ANTT, ANAC e ANTAQ) \u2013, a pasta de Minas e Energia n\u00e3o tem recursos para investimentos que possam ser remanejados para serem aplicados com fins de custeio das autarquias.&nbsp;<\/p>\n\n\n\n<p>\u201cEsses minist\u00e9rios recebem dinheiro do or\u00e7amento para fazer estradas e portos, tendo mais margem de manobra para direcionar recursos. O MME n\u00e3o recebe para fazer usinas ou linhas de transmiss\u00e3o&#8221;, explica outra fonte.&nbsp;<\/p>\n\n\n\n<p><strong>Dinheiro comprometido<\/strong><br>A verba discricion\u00e1ria (livre) do MME j\u00e1 estaria comprometida com repasses para estatais, como Nuclep, SGB (Servi\u00e7o Geol\u00f3gico Brasileiro) e EPE (Empresa de Pesquisa Energ\u00e9tica), e o pagamento de contrato firmado com a PPSA (Pr\u00e9-Sal Petr\u00f3leo S.A.), informaram.&nbsp;<\/p>\n\n\n\n<p>Segundo dados do Siop (Sistema Integrado de Planejamento e Or\u00e7amento), plataforma do Minist\u00e9rio do Planejamento, o montante destinado ao MME ao longo de 2025 \u00e9 de R$ 237 milh\u00f5es de reais. Segundo fontes, o valor disponibilizado mensalmente \u00e9 de cerca de R$ 20 milh\u00f5es. Ap\u00f3s o repasse dos valores comprometidos \u00e0s estatais, sobraria para o minist\u00e9rio cerca R$ 1,2 milh\u00e3o mensal, disseram.<\/p>\n\n\n\n<p>A&nbsp;<strong>Ag\u00eancia iNFRA<\/strong>&nbsp;apurou que a pasta n\u00e3o tem conseguido honrar os pr\u00f3prios contratos. Um deles, com a PPSA, empresa p\u00fablica que gere o \u00f3leo-lucro repassado \u00e0 Uni\u00e3o, teria dois meses de repasse atrasado. Apesar de haver previs\u00e3o de pagamento em julho, n\u00e3o h\u00e1 garantias de que o pagamento seguir\u00e1 em dia nos pr\u00f3ximos meses.&nbsp;<\/p>\n\n\n\n<p><strong>Caso a caso<\/strong><br>At\u00e9 o momento, n\u00e3o h\u00e1 sinaliza\u00e7\u00e3o do governo de socorro para o MME, que tamb\u00e9m n\u00e3o tem respondido a solicita\u00e7\u00e3o das ag\u00eancias reguladoras sob seu guarda-chuva. A ANP (Ag\u00eancia Nacional do Petr\u00f3leo, G\u00e1s Natural e Biocombust\u00edveis), por exemplo, teria solicitado algo em torno de R$ 10 milh\u00f5es em recomposi\u00e7\u00e3o, para fazer frente a seus compromissos, e n\u00e3o foi atendida.&nbsp;<\/p>\n\n\n\n<p>\u201cA situa\u00e7\u00e3o \u00e9 cr\u00edtica\u201d, resume um alto-funcion\u00e1rio da reguladora do setor de \u00f3leo e g\u00e1s, que pediu para n\u00e3o ser identificado. Ele ressalva que o trabalho de fiscaliza\u00e7\u00e3o, embora deva sofrer alguma restri\u00e7\u00e3o prevista no pacote de medidas emergenciais, n\u00e3o foi totalmente interrompido como alguns congressistas t\u00eam dito publicamente.<\/p>\n\n\n\n<p>A interrup\u00e7\u00e3o tempor\u00e1ria, de 1\u00b0 a 31 de julho, acontece no PQMC (Programa de Monitoramento da Qualidade dos Combust\u00edveis), que tem finalidade estat\u00edstica e n\u00e3o fiscalizat\u00f3ria, e \u00e9 feito por uma rede de laborat\u00f3rios de universidades e institutos de pesquisa contratados por meio de licita\u00e7\u00e3o. Os fiscais, por sua vez, seguir\u00e3o no campo.<\/p>\n\n\n\n<p>J\u00e1 a ANEEL (Ag\u00eancia Nacional de Energia El\u00e9trica) <a href=\"https:\/\/agenciainfra.com\/blog\/diretor-geral-da-aneel-pede-ao-ministerio-de-minas-e-energia-acrescimo-orcamentario\/\">solicitou<\/a> R$ 13 milh\u00f5es ao MME. \u201cEsse valor poderia ajudar a reduzir os impactos nas atividades de Fiscaliza\u00e7\u00e3o dos Servi\u00e7os de Energia El\u00e9trica e na Ouvidoria Setorial da ANEEL, garantindo a continuidade de suas fun\u00e7\u00f5es essenciais e o cumprimento de suas compet\u00eancias legais&#8221;, disse o diretor-geral, Sandoval Feitosa, por meio de&nbsp;of\u00edcio assinado em 24 de junho.&nbsp;<\/p>\n\n\n\n<p><sup><em>Reportagem atualizada para detalhamento de informa\u00e7\u00f5es.<\/em><\/sup><\/p>\n","protected":false},"excerpt":{"rendered":"<p>Marisa Wanzeller, Gabriel Vasconcelos e Geraldo Campos Jr., da Ag\u00eancia iNFRA O MME (Minist\u00e9rio de Minas e Energia) n\u00e3o tem previs\u00e3o de repassar verba do seu or\u00e7amento para as suas tr\u00eas ag\u00eancias reguladoras vinculadas, disseram fontes do governo \u00e0&nbsp;Ag\u00eancia iNFRA. Segundo interlocutores, a pasta tem tido dificuldades de arcar com o cumprimento de seus pr\u00f3prios [&hellip;]<\/p>\n","protected":false},"author":1,"featured_media":24104,"comment_status":"closed","ping_status":"closed","sticky":false,"template":"","format":"standard","meta":{"_monsterinsights_skip_tracking":false,"_monsterinsights_sitenote_active":false,"_monsterinsights_sitenote_note":"","_monsterinsights_sitenote_category":0,"footnotes":""},"categories":[1,10],"tags":[53,340,1101,13251,11594,7366,96],"class_list":["post-24103","post","type-post","status-publish","format-standard","has-post-thumbnail","hentry","category-geral","category-infraenergia","tag-aneel","tag-anm","tag-anp","tag-gabriel-vasconcelos","tag-geraldo-campos-jr","tag-marisa-wanzeller","tag-ministerio-de-minas-e-energia"],"yoast_head":"<!-- This site is optimized with the Yoast SEO Premium plugin v25.4 (Yoast SEO v26.0) - https:\/\/yoast.com\/wordpress\/plugins\/seo\/ -->\n<title>MME n\u00e3o tem or\u00e7amento para repassar a ANEEL, ANP e ANM, dizem fontes do governo - Ag\u00eancia iNFRA<\/title>\n<meta name=\"robots\" content=\"index, follow, max-snippet:-1, max-image-preview:large, max-video-preview:-1\" \/>\n<link rel=\"canonical\" href=\"https:\/\/agenciainfra.com\/blog\/mme-nao-tem-orcamento-para-repassar-a-aneel-anp-e-anm-dizem-fontes-do-governo\/\" \/>\n<meta property=\"og:locale\" content=\"pt_BR\" \/>\n<meta property=\"og:type\" content=\"article\" \/>\n<meta property=\"og:title\" content=\"MME n\u00e3o tem or\u00e7amento para repassar a ANEEL, ANP e ANM, dizem fontes do governo\" \/>\n<meta property=\"og:description\" content=\"Marisa Wanzeller, Gabriel Vasconcelos e Geraldo Campos Jr., da Ag\u00eancia iNFRA O MME (Minist\u00e9rio de Minas e Energia) n\u00e3o tem previs\u00e3o de repassar verba do seu or\u00e7amento para as suas tr\u00eas ag\u00eancias reguladoras vinculadas, disseram fontes do governo \u00e0&nbsp;Ag\u00eancia iNFRA. Segundo interlocutores, a pasta tem tido dificuldades de arcar com o cumprimento de seus pr\u00f3prios [&hellip;]\" \/>\n<meta property=\"og:url\" content=\"https:\/\/agenciainfra.com\/blog\/mme-nao-tem-orcamento-para-repassar-a-aneel-anp-e-anm-dizem-fontes-do-governo\/\" \/>\n<meta property=\"og:site_name\" content=\"Ag\u00eancia iNFRA\" \/>\n<meta property=\"article:publisher\" content=\"https:\/\/www.facebook.com\/ageninfra\" \/>\n<meta property=\"article:published_time\" content=\"2025-07-04T19:53:55+00:00\" \/>\n<meta property=\"article:modified_time\" content=\"2025-07-07T19:32:53+00:00\" \/>\n<meta property=\"og:image\" content=\"https:\/\/agenciainfra.com\/blog\/wp-content\/uploads\/2025\/07\/ministerio-minas-energia-mme-foto-marcelo-camargo-agencia-brasil.jpg\" \/>\n\t<meta property=\"og:image:width\" content=\"1280\" \/>\n\t<meta property=\"og:image:height\" content=\"853\" \/>\n\t<meta property=\"og:image:type\" content=\"image\/jpeg\" \/>\n<meta name=\"author\" content=\"Ag\u00eancia iNFRA\" \/>\n<meta name=\"twitter:card\" content=\"summary_large_image\" \/>\n<meta name=\"twitter:creator\" content=\"@agencia_infra\" \/>\n<meta name=\"twitter:site\" content=\"@agencia_infra\" \/>\n<meta name=\"twitter:label1\" content=\"Escrito por\" \/>\n\t<meta name=\"twitter:data1\" content=\"Ag\u00eancia iNFRA\" \/>\n\t<meta name=\"twitter:label2\" content=\"Est. tempo de leitura\" \/>\n\t<meta name=\"twitter:data2\" content=\"3 minutos\" \/>\n<script type=\"application\/ld+json\" class=\"yoast-schema-graph\">{\"@context\":\"https:\/\/schema.org\",\"@graph\":[{\"@type\":\"Article\",\"@id\":\"https:\/\/agenciainfra.com\/blog\/mme-nao-tem-orcamento-para-repassar-a-aneel-anp-e-anm-dizem-fontes-do-governo\/#article\",\"isPartOf\":{\"@id\":\"https:\/\/agenciainfra.com\/blog\/mme-nao-tem-orcamento-para-repassar-a-aneel-anp-e-anm-dizem-fontes-do-governo\/\"},\"author\":{\"name\":\"Ag\u00eancia iNFRA\",\"@id\":\"https:\/\/agenciainfra.com\/blog\/#\/schema\/person\/34af08dff6adea4cb22b06612ba7acfa\"},\"headline\":\"MME n\u00e3o tem or\u00e7amento para repassar a ANEEL, ANP e ANM, dizem fontes do governo\",\"datePublished\":\"2025-07-04T19:53:55+00:00\",\"dateModified\":\"2025-07-07T19:32:53+00:00\",\"mainEntityOfPage\":{\"@id\":\"https:\/\/agenciainfra.com\/blog\/mme-nao-tem-orcamento-para-repassar-a-aneel-anp-e-anm-dizem-fontes-do-governo\/\"},\"wordCount\":665,\"publisher\":{\"@id\":\"https:\/\/agenciainfra.com\/blog\/#organization\"},\"image\":{\"@id\":\"https:\/\/agenciainfra.com\/blog\/mme-nao-tem-orcamento-para-repassar-a-aneel-anp-e-anm-dizem-fontes-do-governo\/#primaryimage\"},\"thumbnailUrl\":\"https:\/\/agenciainfra.com\/blog\/wp-content\/uploads\/2025\/07\/ministerio-minas-energia-mme-foto-marcelo-camargo-agencia-brasil.jpg\",\"keywords\":[\"ANEEL\",\"ANM\",\"ANP\",\"Gabriel Vasconcelos\",\"Geraldo Campos Jr.\",\"Marisa Wanzeller\",\"Minist\u00e9rio de Minas e Energia\"],\"articleSection\":[\"Geral\",\"iNFRAEnergia\"],\"inLanguage\":\"pt-BR\",\"copyrightYear\":\"2025\",\"copyrightHolder\":{\"@id\":\"https:\/\/agenciainfra.com\/blog\/#organization\"}},{\"@type\":\"WebPage\",\"@id\":\"https:\/\/agenciainfra.com\/blog\/mme-nao-tem-orcamento-para-repassar-a-aneel-anp-e-anm-dizem-fontes-do-governo\/\",\"url\":\"https:\/\/agenciainfra.com\/blog\/mme-nao-tem-orcamento-para-repassar-a-aneel-anp-e-anm-dizem-fontes-do-governo\/\",\"name\":\"MME n\u00e3o tem or\u00e7amento para repassar a ANEEL, ANP e ANM, dizem fontes do governo - Ag\u00eancia iNFRA\",\"isPartOf\":{\"@id\":\"https:\/\/agenciainfra.com\/blog\/#website\"},\"primaryImageOfPage\":{\"@id\":\"https:\/\/agenciainfra.com\/blog\/mme-nao-tem-orcamento-para-repassar-a-aneel-anp-e-anm-dizem-fontes-do-governo\/#primaryimage\"},\"image\":{\"@id\":\"https:\/\/agenciainfra.com\/blog\/mme-nao-tem-orcamento-para-repassar-a-aneel-anp-e-anm-dizem-fontes-do-governo\/#primaryimage\"},\"thumbnailUrl\":\"https:\/\/agenciainfra.com\/blog\/wp-content\/uploads\/2025\/07\/ministerio-minas-energia-mme-foto-marcelo-camargo-agencia-brasil.jpg\",\"datePublished\":\"2025-07-04T19:53:55+00:00\",\"dateModified\":\"2025-07-07T19:32:53+00:00\",\"breadcrumb\":{\"@id\":\"https:\/\/agenciainfra.com\/blog\/mme-nao-tem-orcamento-para-repassar-a-aneel-anp-e-anm-dizem-fontes-do-governo\/#breadcrumb\"},\"inLanguage\":\"pt-BR\",\"potentialAction\":[{\"@type\":\"ReadAction\",\"target\":[\"https:\/\/agenciainfra.com\/blog\/mme-nao-tem-orcamento-para-repassar-a-aneel-anp-e-anm-dizem-fontes-do-governo\/\"]}]},{\"@type\":\"ImageObject\",\"inLanguage\":\"pt-BR\",\"@id\":\"https:\/\/agenciainfra.com\/blog\/mme-nao-tem-orcamento-para-repassar-a-aneel-anp-e-anm-dizem-fontes-do-governo\/#primaryimage\",\"url\":\"https:\/\/agenciainfra.com\/blog\/wp-content\/uploads\/2025\/07\/ministerio-minas-energia-mme-foto-marcelo-camargo-agencia-brasil.jpg\",\"contentUrl\":\"https:\/\/agenciainfra.com\/blog\/wp-content\/uploads\/2025\/07\/ministerio-minas-energia-mme-foto-marcelo-camargo-agencia-brasil.jpg\",\"width\":1280,\"height\":853,\"caption\":\"Foto: Marcelo Camargo\/Ag\u00eancia Brasil\"},{\"@type\":\"BreadcrumbList\",\"@id\":\"https:\/\/agenciainfra.com\/blog\/mme-nao-tem-orcamento-para-repassar-a-aneel-anp-e-anm-dizem-fontes-do-governo\/#breadcrumb\",\"itemListElement\":[{\"@type\":\"ListItem\",\"position\":1,\"name\":\"In\u00edcio\",\"item\":\"https:\/\/agenciainfra.com\/blog\/\"},{\"@type\":\"ListItem\",\"position\":2,\"name\":\"MME n\u00e3o tem or\u00e7amento para repassar a ANEEL, ANP e ANM, dizem fontes do governo\"}]},{\"@type\":\"WebSite\",\"@id\":\"https:\/\/agenciainfra.com\/blog\/#website\",\"url\":\"https:\/\/agenciainfra.com\/blog\/\",\"name\":\"Ag\u00eancia iNFRA\",\"description\":\"Multiplataforma de informa\u00e7\u00e3o jornal\u00edstica refer\u00eancia na \u00e1rea de infraestrutura no Brasil!\",\"publisher\":{\"@id\":\"https:\/\/agenciainfra.com\/blog\/#organization\"},\"potentialAction\":[{\"@type\":\"SearchAction\",\"target\":{\"@type\":\"EntryPoint\",\"urlTemplate\":\"https:\/\/agenciainfra.com\/blog\/?s={search_term_string}\"},\"query-input\":{\"@type\":\"PropertyValueSpecification\",\"valueRequired\":true,\"valueName\":\"search_term_string\"}}],\"inLanguage\":\"pt-BR\"},{\"@type\":\"Organization\",\"@id\":\"https:\/\/agenciainfra.com\/blog\/#organization\",\"name\":\"Ag\u00eancia iNFRA\",\"url\":\"https:\/\/agenciainfra.com\/blog\/\",\"logo\":{\"@type\":\"ImageObject\",\"inLanguage\":\"pt-BR\",\"@id\":\"https:\/\/agenciainfra.com\/blog\/#\/schema\/logo\/image\/\",\"url\":\"https:\/\/agenciainfra.com\/blog\/wp-content\/uploads\/2023\/09\/iNFRA_5-e1761735885940.png\",\"contentUrl\":\"https:\/\/agenciainfra.com\/blog\/wp-content\/uploads\/2023\/09\/iNFRA_5-e1761735885940.png\",\"width\":1672,\"height\":454,\"caption\":\"Ag\u00eancia iNFRA\"},\"image\":{\"@id\":\"https:\/\/agenciainfra.com\/blog\/#\/schema\/logo\/image\/\"},\"sameAs\":[\"https:\/\/www.facebook.com\/ageninfra\",\"https:\/\/x.com\/agencia_infra\",\"https:\/\/www.linkedin.com\/company\/ag\u00eanciainfra\/\",\"https:\/\/www.instagram.com\/agenciainfra\/\"]},{\"@type\":\"Person\",\"@id\":\"https:\/\/agenciainfra.com\/blog\/#\/schema\/person\/34af08dff6adea4cb22b06612ba7acfa\",\"name\":\"Ag\u00eancia iNFRA\",\"image\":{\"@type\":\"ImageObject\",\"inLanguage\":\"pt-BR\",\"@id\":\"https:\/\/agenciainfra.com\/blog\/#\/schema\/person\/image\/\",\"url\":\"https:\/\/secure.gravatar.com\/avatar\/d189e01678f06d8eb84d4e01f08eb848b3fffe3f8443818d3c356c66892f5be8?s=96&d=mm&r=g\",\"contentUrl\":\"https:\/\/secure.gravatar.com\/avatar\/d189e01678f06d8eb84d4e01f08eb848b3fffe3f8443818d3c356c66892f5be8?s=96&d=mm&r=g\",\"caption\":\"Ag\u00eancia iNFRA\"},\"url\":\"https:\/\/agenciainfra.com\/blog\/author\/admin\/\"}]}<\/script>\n<!-- \/ Yoast SEO Premium plugin. -->","yoast_head_json":{"title":"MME n\u00e3o tem or\u00e7amento para repassar a ANEEL, ANP e ANM, dizem fontes do governo - Ag\u00eancia iNFRA","robots":{"index":"index","follow":"follow","max-snippet":"max-snippet:-1","max-image-preview":"max-image-preview:large","max-video-preview":"max-video-preview:-1"},"canonical":"https:\/\/agenciainfra.com\/blog\/mme-nao-tem-orcamento-para-repassar-a-aneel-anp-e-anm-dizem-fontes-do-governo\/","og_locale":"pt_BR","og_type":"article","og_title":"MME n\u00e3o tem or\u00e7amento para repassar a ANEEL, ANP e ANM, dizem fontes do governo","og_description":"Marisa Wanzeller, Gabriel Vasconcelos e Geraldo Campos Jr., da Ag\u00eancia iNFRA O MME (Minist\u00e9rio de Minas e Energia) n\u00e3o tem previs\u00e3o de repassar verba do seu or\u00e7amento para as suas tr\u00eas ag\u00eancias reguladoras vinculadas, disseram fontes do governo \u00e0&nbsp;Ag\u00eancia iNFRA. Segundo interlocutores, a pasta tem tido dificuldades de arcar com o cumprimento de seus pr\u00f3prios [&hellip;]","og_url":"https:\/\/agenciainfra.com\/blog\/mme-nao-tem-orcamento-para-repassar-a-aneel-anp-e-anm-dizem-fontes-do-governo\/","og_site_name":"Ag\u00eancia iNFRA","article_publisher":"https:\/\/www.facebook.com\/ageninfra","article_published_time":"2025-07-04T19:53:55+00:00","article_modified_time":"2025-07-07T19:32:53+00:00","og_image":[{"width":1280,"height":853,"url":"https:\/\/agenciainfra.com\/blog\/wp-content\/uploads\/2025\/07\/ministerio-minas-energia-mme-foto-marcelo-camargo-agencia-brasil.jpg","type":"image\/jpeg"}],"author":"Ag\u00eancia iNFRA","twitter_card":"summary_large_image","twitter_creator":"@agencia_infra","twitter_site":"@agencia_infra","twitter_misc":{"Escrito por":"Ag\u00eancia iNFRA","Est. tempo de leitura":"3 minutos"},"schema":{"@context":"https:\/\/schema.org","@graph":[{"@type":"Article","@id":"https:\/\/agenciainfra.com\/blog\/mme-nao-tem-orcamento-para-repassar-a-aneel-anp-e-anm-dizem-fontes-do-governo\/#article","isPartOf":{"@id":"https:\/\/agenciainfra.com\/blog\/mme-nao-tem-orcamento-para-repassar-a-aneel-anp-e-anm-dizem-fontes-do-governo\/"},"author":{"name":"Ag\u00eancia iNFRA","@id":"https:\/\/agenciainfra.com\/blog\/#\/schema\/person\/34af08dff6adea4cb22b06612ba7acfa"},"headline":"MME n\u00e3o tem or\u00e7amento para repassar a ANEEL, ANP e ANM, dizem fontes do governo","datePublished":"2025-07-04T19:53:55+00:00","dateModified":"2025-07-07T19:32:53+00:00","mainEntityOfPage":{"@id":"https:\/\/agenciainfra.com\/blog\/mme-nao-tem-orcamento-para-repassar-a-aneel-anp-e-anm-dizem-fontes-do-governo\/"},"wordCount":665,"publisher":{"@id":"https:\/\/agenciainfra.com\/blog\/#organization"},"image":{"@id":"https:\/\/agenciainfra.com\/blog\/mme-nao-tem-orcamento-para-repassar-a-aneel-anp-e-anm-dizem-fontes-do-governo\/#primaryimage"},"thumbnailUrl":"https:\/\/agenciainfra.com\/blog\/wp-content\/uploads\/2025\/07\/ministerio-minas-energia-mme-foto-marcelo-camargo-agencia-brasil.jpg","keywords":["ANEEL","ANM","ANP","Gabriel Vasconcelos","Geraldo Campos Jr.","Marisa Wanzeller","Minist\u00e9rio de Minas e Energia"],"articleSection":["Geral","iNFRAEnergia"],"inLanguage":"pt-BR","copyrightYear":"2025","copyrightHolder":{"@id":"https:\/\/agenciainfra.com\/blog\/#organization"}},{"@type":"WebPage","@id":"https:\/\/agenciainfra.com\/blog\/mme-nao-tem-orcamento-para-repassar-a-aneel-anp-e-anm-dizem-fontes-do-governo\/","url":"https:\/\/agenciainfra.com\/blog\/mme-nao-tem-orcamento-para-repassar-a-aneel-anp-e-anm-dizem-fontes-do-governo\/","name":"MME n\u00e3o tem or\u00e7amento para repassar a ANEEL, ANP e ANM, dizem fontes do governo - Ag\u00eancia iNFRA","isPartOf":{"@id":"https:\/\/agenciainfra.com\/blog\/#website"},"primaryImageOfPage":{"@id":"https:\/\/agenciainfra.com\/blog\/mme-nao-tem-orcamento-para-repassar-a-aneel-anp-e-anm-dizem-fontes-do-governo\/#primaryimage"},"image":{"@id":"https:\/\/agenciainfra.com\/blog\/mme-nao-tem-orcamento-para-repassar-a-aneel-anp-e-anm-dizem-fontes-do-governo\/#primaryimage"},"thumbnailUrl":"https:\/\/agenciainfra.com\/blog\/wp-content\/uploads\/2025\/07\/ministerio-minas-energia-mme-foto-marcelo-camargo-agencia-brasil.jpg","datePublished":"2025-07-04T19:53:55+00:00","dateModified":"2025-07-07T19:32:53+00:00","breadcrumb":{"@id":"https:\/\/agenciainfra.com\/blog\/mme-nao-tem-orcamento-para-repassar-a-aneel-anp-e-anm-dizem-fontes-do-governo\/#breadcrumb"},"inLanguage":"pt-BR","potentialAction":[{"@type":"ReadAction","target":["https:\/\/agenciainfra.com\/blog\/mme-nao-tem-orcamento-para-repassar-a-aneel-anp-e-anm-dizem-fontes-do-governo\/"]}]},{"@type":"ImageObject","inLanguage":"pt-BR","@id":"https:\/\/agenciainfra.com\/blog\/mme-nao-tem-orcamento-para-repassar-a-aneel-anp-e-anm-dizem-fontes-do-governo\/#primaryimage","url":"https:\/\/agenciainfra.com\/blog\/wp-content\/uploads\/2025\/07\/ministerio-minas-energia-mme-foto-marcelo-camargo-agencia-brasil.jpg","contentUrl":"https:\/\/agenciainfra.com\/blog\/wp-content\/uploads\/2025\/07\/ministerio-minas-energia-mme-foto-marcelo-camargo-agencia-brasil.jpg","width":1280,"height":853,"caption":"Foto: Marcelo Camargo\/Ag\u00eancia Brasil"},{"@type":"BreadcrumbList","@id":"https:\/\/agenciainfra.com\/blog\/mme-nao-tem-orcamento-para-repassar-a-aneel-anp-e-anm-dizem-fontes-do-governo\/#breadcrumb","itemListElement":[{"@type":"ListItem","position":1,"name":"In\u00edcio","item":"https:\/\/agenciainfra.com\/blog\/"},{"@type":"ListItem","position":2,"name":"MME n\u00e3o tem or\u00e7amento para repassar a ANEEL, ANP e ANM, dizem fontes do governo"}]},{"@type":"WebSite","@id":"https:\/\/agenciainfra.com\/blog\/#website","url":"https:\/\/agenciainfra.com\/blog\/","name":"Ag\u00eancia iNFRA","description":"Multiplataforma de informa\u00e7\u00e3o jornal\u00edstica refer\u00eancia na \u00e1rea de infraestrutura no Brasil!","publisher":{"@id":"https:\/\/agenciainfra.com\/blog\/#organization"},"potentialAction":[{"@type":"SearchAction","target":{"@type":"EntryPoint","urlTemplate":"https:\/\/agenciainfra.com\/blog\/?s={search_term_string}"},"query-input":{"@type":"PropertyValueSpecification","valueRequired":true,"valueName":"search_term_string"}}],"inLanguage":"pt-BR"},{"@type":"Organization","@id":"https:\/\/agenciainfra.com\/blog\/#organization","name":"Ag\u00eancia iNFRA","url":"https:\/\/agenciainfra.com\/blog\/","logo":{"@type":"ImageObject","inLanguage":"pt-BR","@id":"https:\/\/agenciainfra.com\/blog\/#\/schema\/logo\/image\/","url":"https:\/\/agenciainfra.com\/blog\/wp-content\/uploads\/2023\/09\/iNFRA_5-e1761735885940.png","contentUrl":"https:\/\/agenciainfra.com\/blog\/wp-content\/uploads\/2023\/09\/iNFRA_5-e1761735885940.png","width":1672,"height":454,"caption":"Ag\u00eancia iNFRA"},"image":{"@id":"https:\/\/agenciainfra.com\/blog\/#\/schema\/logo\/image\/"},"sameAs":["https:\/\/www.facebook.com\/ageninfra","https:\/\/x.com\/agencia_infra","https:\/\/www.linkedin.com\/company\/ag\u00eanciainfra\/","https:\/\/www.instagram.com\/agenciainfra\/"]},{"@type":"Person","@id":"https:\/\/agenciainfra.com\/blog\/#\/schema\/person\/34af08dff6adea4cb22b06612ba7acfa","name":"Ag\u00eancia iNFRA","image":{"@type":"ImageObject","inLanguage":"pt-BR","@id":"https:\/\/agenciainfra.com\/blog\/#\/schema\/person\/image\/","url":"https:\/\/secure.gravatar.com\/avatar\/d189e01678f06d8eb84d4e01f08eb848b3fffe3f8443818d3c356c66892f5be8?s=96&d=mm&r=g","contentUrl":"https:\/\/secure.gravatar.com\/avatar\/d189e01678f06d8eb84d4e01f08eb848b3fffe3f8443818d3c356c66892f5be8?s=96&d=mm&r=g","caption":"Ag\u00eancia iNFRA"},"url":"https:\/\/agenciainfra.com\/blog\/author\/admin\/"}]}},"_links":{"self":[{"href":"https:\/\/agenciainfra.com\/blog\/wp-json\/wp\/v2\/posts\/24103","targetHints":{"allow":["GET"]}}],"collection":[{"href":"https:\/\/agenciainfra.com\/blog\/wp-json\/wp\/v2\/posts"}],"about":[{"href":"https:\/\/agenciainfra.com\/blog\/wp-json\/wp\/v2\/types\/post"}],"author":[{"embeddable":true,"href":"https:\/\/agenciainfra.com\/blog\/wp-json\/wp\/v2\/users\/1"}],"replies":[{"embeddable":true,"href":"https:\/\/agenciainfra.com\/blog\/wp-json\/wp\/v2\/comments?post=24103"}],"version-history":[{"count":4,"href":"https:\/\/agenciainfra.com\/blog\/wp-json\/wp\/v2\/posts\/24103\/revisions"}],"predecessor-version":[{"id":24159,"href":"https:\/\/agenciainfra.com\/blog\/wp-json\/wp\/v2\/posts\/24103\/revisions\/24159"}],"wp:featuredmedia":[{"embeddable":true,"href":"https:\/\/agenciainfra.com\/blog\/wp-json\/wp\/v2\/media\/24104"}],"wp:attachment":[{"href":"https:\/\/agenciainfra.com\/blog\/wp-json\/wp\/v2\/media?parent=24103"}],"wp:term":[{"taxonomy":"category","embeddable":true,"href":"https:\/\/agenciainfra.com\/blog\/wp-json\/wp\/v2\/categories?post=24103"},{"taxonomy":"post_tag","embeddable":true,"href":"https:\/\/agenciainfra.com\/blog\/wp-json\/wp\/v2\/tags?post=24103"}],"curies":[{"name":"wp","href":"https:\/\/api.w.org\/{rel}","templated":true}]}}