{"id":24118,"date":"2025-07-04T19:31:56","date_gmt":"2025-07-04T22:31:56","guid":{"rendered":"https:\/\/agenciainfra.com\/blog\/?p=24118"},"modified":"2025-07-04T19:33:54","modified_gmt":"2025-07-04T22:33:54","slug":"porto-de-itajai-inaugura-primeiro-boulevard-nautico-com-apoio-federal","status":"publish","type":"post","link":"https:\/\/agenciainfra.com\/blog\/porto-de-itajai-inaugura-primeiro-boulevard-nautico-com-apoio-federal\/","title":{"rendered":"Porto de Itaja\u00ed inaugura primeiro boulevard n\u00e1utico com apoio federal"},"content":{"rendered":"\n<p class=\"has-text-align-right\"><strong>da Ag\u00eancia iNFRA<\/strong><\/p>\n\n\n\n<p>Com investimento de R$ 100 milh\u00f5es, entre p\u00fablicos e privados, foi inaugurado nesta quinta-feira (3) o Boulevard Marina Itaja\u00ed, primeiro complexo n\u00e1utico multifuncional do Porto de Itaja\u00ed, em Santa Catarina.<\/p>\n\n\n\n<p>Com 38 mil metros quadrados de \u00e1rea constru\u00edda, o projeto integra infraestrutura para embarca\u00e7\u00f5es, com\u00e9rcio, hotelaria e lazer. S\u00e3o 78 opera\u00e7\u00f5es comerciais, entre elas, hotel cinco estrelas, rooftop, supermercado, coworkings, \u00e1reas para eventos e garagem com 500 vagas.&nbsp;<\/p>\n\n\n\n<p>A iniciativa foi viabilizada ap\u00f3s a reabertura operacional do porto, coordenada pelo governo federal, com apoio da Prefeitura de Itaja\u00ed e da Secretaria Nacional de Portos.&nbsp;&nbsp;<\/p>\n\n\n\n<p>Para o ministro de Portos e Aeroportos, Silvio Costa Filho, o empreendimento mostra como os portos podem impulsionar o desenvolvimento regional. \u201cVer o porto e a cidade unindo esfor\u00e7os em iniciativas como essa \u00e9 a concretiza\u00e7\u00e3o da nossa vis\u00e3o, de que os portos s\u00e3o catalisadores de desenvolvimento econ\u00f4mico e social, integrando-se \u00e0s cidades e gerando emprego e renda para a popula\u00e7\u00e3o\u201d, afirmou.<\/p>\n\n\n\n<p>Segundo o secret\u00e1rio nacional de Portos, Alex \u00c1vila, o projeto segue a pol\u00edtica de uso multifuncional de \u00e1reas portu\u00e1rias, promovendo integra\u00e7\u00e3o urbana, gera\u00e7\u00e3o de renda e moderniza\u00e7\u00e3o log\u00edstica.&nbsp;<\/p>\n","protected":false},"excerpt":{"rendered":"<p>da Ag\u00eancia iNFRA Com investimento de R$ 100 milh\u00f5es, entre p\u00fablicos e privados, foi inaugurado nesta quinta-feira (3) o Boulevard Marina Itaja\u00ed, primeiro complexo n\u00e1utico multifuncional do Porto de Itaja\u00ed, em Santa Catarina. Com 38 mil metros quadrados de \u00e1rea constru\u00edda, o projeto integra infraestrutura para embarca\u00e7\u00f5es, com\u00e9rcio, hotelaria e lazer. S\u00e3o 78 opera\u00e7\u00f5es comerciais, [&hellip;]<\/p>\n","protected":false},"author":1,"featured_media":24120,"comment_status":"closed","ping_status":"closed","sticky":false,"template":"","format":"standard","meta":{"_monsterinsights_skip_tracking":false,"_monsterinsights_sitenote_active":false,"_monsterinsights_sitenote_note":"","_monsterinsights_sitenote_category":0,"footnotes":""},"categories":[1,13576],"tags":[8958,1726,32,6257,2056,310,7467],"class_list":["post-24118","post","type-post","status-publish","format-standard","has-post-thumbnail","hentry","category-geral","category-giro-infra","tag-alex-avila","tag-infraestrutura-portuaria","tag-investimentos","tag-ministerio-de-portos-e-aeroportos","tag-porto-de-itajai","tag-portos","tag-silvio-costa-filho"],"yoast_head":"<!-- This site is optimized with the Yoast SEO Premium plugin v25.4 (Yoast SEO v26.0) - https:\/\/yoast.com\/wordpress\/plugins\/seo\/ -->\n<title>Porto de Itaja\u00ed inaugura primeiro boulevard n\u00e1utico com apoio federal - Ag\u00eancia iNFRA<\/title>\n<meta name=\"robots\" content=\"index, follow, max-snippet:-1, max-image-preview:large, max-video-preview:-1\" \/>\n<link rel=\"canonical\" href=\"https:\/\/agenciainfra.com\/blog\/porto-de-itajai-inaugura-primeiro-boulevard-nautico-com-apoio-federal\/\" \/>\n<meta property=\"og:locale\" content=\"pt_BR\" \/>\n<meta property=\"og:type\" content=\"article\" \/>\n<meta property=\"og:title\" content=\"Porto de Itaja\u00ed inaugura primeiro boulevard n\u00e1utico com apoio federal\" \/>\n<meta property=\"og:description\" content=\"da Ag\u00eancia iNFRA Com investimento de R$ 100 milh\u00f5es, entre p\u00fablicos e privados, foi inaugurado nesta quinta-feira (3) o Boulevard Marina Itaja\u00ed, primeiro complexo n\u00e1utico multifuncional do Porto de Itaja\u00ed, em Santa Catarina. Com 38 mil metros quadrados de \u00e1rea constru\u00edda, o projeto integra infraestrutura para embarca\u00e7\u00f5es, com\u00e9rcio, hotelaria e lazer. S\u00e3o 78 opera\u00e7\u00f5es comerciais, [&hellip;]\" \/>\n<meta property=\"og:url\" content=\"https:\/\/agenciainfra.com\/blog\/porto-de-itajai-inaugura-primeiro-boulevard-nautico-com-apoio-federal\/\" \/>\n<meta property=\"og:site_name\" content=\"Ag\u00eancia iNFRA\" \/>\n<meta property=\"article:publisher\" content=\"https:\/\/www.facebook.com\/ageninfra\" \/>\n<meta property=\"article:published_time\" content=\"2025-07-04T22:31:56+00:00\" \/>\n<meta property=\"article:modified_time\" content=\"2025-07-04T22:33:54+00:00\" \/>\n<meta property=\"og:image\" content=\"https:\/\/agenciainfra.com\/blog\/wp-content\/uploads\/2025\/07\/foto-divulgacao-portodeitajai.jpeg\" \/>\n\t<meta property=\"og:image:width\" content=\"768\" \/>\n\t<meta property=\"og:image:height\" content=\"432\" \/>\n\t<meta property=\"og:image:type\" content=\"image\/jpeg\" \/>\n<meta name=\"author\" content=\"Ag\u00eancia iNFRA\" \/>\n<meta name=\"twitter:card\" content=\"summary_large_image\" \/>\n<meta name=\"twitter:creator\" content=\"@agencia_infra\" \/>\n<meta name=\"twitter:site\" content=\"@agencia_infra\" \/>\n<meta name=\"twitter:label1\" content=\"Escrito por\" \/>\n\t<meta name=\"twitter:data1\" content=\"Ag\u00eancia iNFRA\" \/>\n\t<meta name=\"twitter:label2\" content=\"Est. tempo de leitura\" \/>\n\t<meta name=\"twitter:data2\" content=\"1 minuto\" \/>\n<script type=\"application\/ld+json\" class=\"yoast-schema-graph\">{\"@context\":\"https:\/\/schema.org\",\"@graph\":[{\"@type\":\"Article\",\"@id\":\"https:\/\/agenciainfra.com\/blog\/porto-de-itajai-inaugura-primeiro-boulevard-nautico-com-apoio-federal\/#article\",\"isPartOf\":{\"@id\":\"https:\/\/agenciainfra.com\/blog\/porto-de-itajai-inaugura-primeiro-boulevard-nautico-com-apoio-federal\/\"},\"author\":{\"name\":\"Ag\u00eancia iNFRA\",\"@id\":\"https:\/\/agenciainfra.com\/blog\/#\/schema\/person\/34af08dff6adea4cb22b06612ba7acfa\"},\"headline\":\"Porto de Itaja\u00ed inaugura primeiro boulevard n\u00e1utico com apoio federal\",\"datePublished\":\"2025-07-04T22:31:56+00:00\",\"dateModified\":\"2025-07-04T22:33:54+00:00\",\"mainEntityOfPage\":{\"@id\":\"https:\/\/agenciainfra.com\/blog\/porto-de-itajai-inaugura-primeiro-boulevard-nautico-com-apoio-federal\/\"},\"wordCount\":219,\"publisher\":{\"@id\":\"https:\/\/agenciainfra.com\/blog\/#organization\"},\"image\":{\"@id\":\"https:\/\/agenciainfra.com\/blog\/porto-de-itajai-inaugura-primeiro-boulevard-nautico-com-apoio-federal\/#primaryimage\"},\"thumbnailUrl\":\"https:\/\/agenciainfra.com\/blog\/wp-content\/uploads\/2025\/07\/foto-divulgacao-portodeitajai.jpeg\",\"keywords\":[\"Alex \u00c1vila\",\"infraestrutura portu\u00e1ria\",\"Investimentos\",\"Minist\u00e9rio de Portos e Aeroportos\",\"Porto de Itaja\u00ed\",\"portos\",\"Silvio Costa Filho\"],\"articleSection\":[\"Geral\",\"Giro iNFRA\"],\"inLanguage\":\"pt-BR\",\"copyrightYear\":\"2025\",\"copyrightHolder\":{\"@id\":\"https:\/\/agenciainfra.com\/blog\/#organization\"}},{\"@type\":\"WebPage\",\"@id\":\"https:\/\/agenciainfra.com\/blog\/porto-de-itajai-inaugura-primeiro-boulevard-nautico-com-apoio-federal\/\",\"url\":\"https:\/\/agenciainfra.com\/blog\/porto-de-itajai-inaugura-primeiro-boulevard-nautico-com-apoio-federal\/\",\"name\":\"Porto de Itaja\u00ed inaugura primeiro boulevard n\u00e1utico com apoio federal - Ag\u00eancia iNFRA\",\"isPartOf\":{\"@id\":\"https:\/\/agenciainfra.com\/blog\/#website\"},\"primaryImageOfPage\":{\"@id\":\"https:\/\/agenciainfra.com\/blog\/porto-de-itajai-inaugura-primeiro-boulevard-nautico-com-apoio-federal\/#primaryimage\"},\"image\":{\"@id\":\"https:\/\/agenciainfra.com\/blog\/porto-de-itajai-inaugura-primeiro-boulevard-nautico-com-apoio-federal\/#primaryimage\"},\"thumbnailUrl\":\"https:\/\/agenciainfra.com\/blog\/wp-content\/uploads\/2025\/07\/foto-divulgacao-portodeitajai.jpeg\",\"datePublished\":\"2025-07-04T22:31:56+00:00\",\"dateModified\":\"2025-07-04T22:33:54+00:00\",\"breadcrumb\":{\"@id\":\"https:\/\/agenciainfra.com\/blog\/porto-de-itajai-inaugura-primeiro-boulevard-nautico-com-apoio-federal\/#breadcrumb\"},\"inLanguage\":\"pt-BR\",\"potentialAction\":[{\"@type\":\"ReadAction\",\"target\":[\"https:\/\/agenciainfra.com\/blog\/porto-de-itajai-inaugura-primeiro-boulevard-nautico-com-apoio-federal\/\"]}]},{\"@type\":\"ImageObject\",\"inLanguage\":\"pt-BR\",\"@id\":\"https:\/\/agenciainfra.com\/blog\/porto-de-itajai-inaugura-primeiro-boulevard-nautico-com-apoio-federal\/#primaryimage\",\"url\":\"https:\/\/agenciainfra.com\/blog\/wp-content\/uploads\/2025\/07\/foto-divulgacao-portodeitajai.jpeg\",\"contentUrl\":\"https:\/\/agenciainfra.com\/blog\/wp-content\/uploads\/2025\/07\/foto-divulgacao-portodeitajai.jpeg\",\"width\":768,\"height\":432,\"caption\":\"Foto: Porto de Itaja\u00ed\/Divulga\u00e7\u00e3o\"},{\"@type\":\"BreadcrumbList\",\"@id\":\"https:\/\/agenciainfra.com\/blog\/porto-de-itajai-inaugura-primeiro-boulevard-nautico-com-apoio-federal\/#breadcrumb\",\"itemListElement\":[{\"@type\":\"ListItem\",\"position\":1,\"name\":\"In\u00edcio\",\"item\":\"https:\/\/agenciainfra.com\/blog\/\"},{\"@type\":\"ListItem\",\"position\":2,\"name\":\"Porto de Itaja\u00ed inaugura primeiro boulevard n\u00e1utico com apoio federal\"}]},{\"@type\":\"WebSite\",\"@id\":\"https:\/\/agenciainfra.com\/blog\/#website\",\"url\":\"https:\/\/agenciainfra.com\/blog\/\",\"name\":\"Ag\u00eancia iNFRA\",\"description\":\"Multiplataforma de informa\u00e7\u00e3o jornal\u00edstica refer\u00eancia na \u00e1rea de infraestrutura no Brasil!\",\"publisher\":{\"@id\":\"https:\/\/agenciainfra.com\/blog\/#organization\"},\"potentialAction\":[{\"@type\":\"SearchAction\",\"target\":{\"@type\":\"EntryPoint\",\"urlTemplate\":\"https:\/\/agenciainfra.com\/blog\/?s={search_term_string}\"},\"query-input\":{\"@type\":\"PropertyValueSpecification\",\"valueRequired\":true,\"valueName\":\"search_term_string\"}}],\"inLanguage\":\"pt-BR\"},{\"@type\":\"Organization\",\"@id\":\"https:\/\/agenciainfra.com\/blog\/#organization\",\"name\":\"Ag\u00eancia iNFRA\",\"url\":\"https:\/\/agenciainfra.com\/blog\/\",\"logo\":{\"@type\":\"ImageObject\",\"inLanguage\":\"pt-BR\",\"@id\":\"https:\/\/agenciainfra.com\/blog\/#\/schema\/logo\/image\/\",\"url\":\"https:\/\/agenciainfra.com\/blog\/wp-content\/uploads\/2023\/09\/iNFRA_5-e1761735885940.png\",\"contentUrl\":\"https:\/\/agenciainfra.com\/blog\/wp-content\/uploads\/2023\/09\/iNFRA_5-e1761735885940.png\",\"width\":1672,\"height\":454,\"caption\":\"Ag\u00eancia iNFRA\"},\"image\":{\"@id\":\"https:\/\/agenciainfra.com\/blog\/#\/schema\/logo\/image\/\"},\"sameAs\":[\"https:\/\/www.facebook.com\/ageninfra\",\"https:\/\/x.com\/agencia_infra\",\"https:\/\/www.linkedin.com\/company\/ag\u00eanciainfra\/\",\"https:\/\/www.instagram.com\/agenciainfra\/\"]},{\"@type\":\"Person\",\"@id\":\"https:\/\/agenciainfra.com\/blog\/#\/schema\/person\/34af08dff6adea4cb22b06612ba7acfa\",\"name\":\"Ag\u00eancia iNFRA\",\"image\":{\"@type\":\"ImageObject\",\"inLanguage\":\"pt-BR\",\"@id\":\"https:\/\/agenciainfra.com\/blog\/#\/schema\/person\/image\/\",\"url\":\"https:\/\/secure.gravatar.com\/avatar\/d189e01678f06d8eb84d4e01f08eb848b3fffe3f8443818d3c356c66892f5be8?s=96&d=mm&r=g\",\"contentUrl\":\"https:\/\/secure.gravatar.com\/avatar\/d189e01678f06d8eb84d4e01f08eb848b3fffe3f8443818d3c356c66892f5be8?s=96&d=mm&r=g\",\"caption\":\"Ag\u00eancia iNFRA\"},\"url\":\"https:\/\/agenciainfra.com\/blog\/author\/admin\/\"}]}<\/script>\n<!-- \/ Yoast SEO Premium plugin. -->","yoast_head_json":{"title":"Porto de Itaja\u00ed inaugura primeiro boulevard n\u00e1utico com apoio federal - Ag\u00eancia iNFRA","robots":{"index":"index","follow":"follow","max-snippet":"max-snippet:-1","max-image-preview":"max-image-preview:large","max-video-preview":"max-video-preview:-1"},"canonical":"https:\/\/agenciainfra.com\/blog\/porto-de-itajai-inaugura-primeiro-boulevard-nautico-com-apoio-federal\/","og_locale":"pt_BR","og_type":"article","og_title":"Porto de Itaja\u00ed inaugura primeiro boulevard n\u00e1utico com apoio federal","og_description":"da Ag\u00eancia iNFRA Com investimento de R$ 100 milh\u00f5es, entre p\u00fablicos e privados, foi inaugurado nesta quinta-feira (3) o Boulevard Marina Itaja\u00ed, primeiro complexo n\u00e1utico multifuncional do Porto de Itaja\u00ed, em Santa Catarina. Com 38 mil metros quadrados de \u00e1rea constru\u00edda, o projeto integra infraestrutura para embarca\u00e7\u00f5es, com\u00e9rcio, hotelaria e lazer. S\u00e3o 78 opera\u00e7\u00f5es comerciais, [&hellip;]","og_url":"https:\/\/agenciainfra.com\/blog\/porto-de-itajai-inaugura-primeiro-boulevard-nautico-com-apoio-federal\/","og_site_name":"Ag\u00eancia iNFRA","article_publisher":"https:\/\/www.facebook.com\/ageninfra","article_published_time":"2025-07-04T22:31:56+00:00","article_modified_time":"2025-07-04T22:33:54+00:00","og_image":[{"width":768,"height":432,"url":"https:\/\/agenciainfra.com\/blog\/wp-content\/uploads\/2025\/07\/foto-divulgacao-portodeitajai.jpeg","type":"image\/jpeg"}],"author":"Ag\u00eancia iNFRA","twitter_card":"summary_large_image","twitter_creator":"@agencia_infra","twitter_site":"@agencia_infra","twitter_misc":{"Escrito por":"Ag\u00eancia iNFRA","Est. tempo de leitura":"1 minuto"},"schema":{"@context":"https:\/\/schema.org","@graph":[{"@type":"Article","@id":"https:\/\/agenciainfra.com\/blog\/porto-de-itajai-inaugura-primeiro-boulevard-nautico-com-apoio-federal\/#article","isPartOf":{"@id":"https:\/\/agenciainfra.com\/blog\/porto-de-itajai-inaugura-primeiro-boulevard-nautico-com-apoio-federal\/"},"author":{"name":"Ag\u00eancia iNFRA","@id":"https:\/\/agenciainfra.com\/blog\/#\/schema\/person\/34af08dff6adea4cb22b06612ba7acfa"},"headline":"Porto de Itaja\u00ed inaugura primeiro boulevard n\u00e1utico com apoio federal","datePublished":"2025-07-04T22:31:56+00:00","dateModified":"2025-07-04T22:33:54+00:00","mainEntityOfPage":{"@id":"https:\/\/agenciainfra.com\/blog\/porto-de-itajai-inaugura-primeiro-boulevard-nautico-com-apoio-federal\/"},"wordCount":219,"publisher":{"@id":"https:\/\/agenciainfra.com\/blog\/#organization"},"image":{"@id":"https:\/\/agenciainfra.com\/blog\/porto-de-itajai-inaugura-primeiro-boulevard-nautico-com-apoio-federal\/#primaryimage"},"thumbnailUrl":"https:\/\/agenciainfra.com\/blog\/wp-content\/uploads\/2025\/07\/foto-divulgacao-portodeitajai.jpeg","keywords":["Alex \u00c1vila","infraestrutura portu\u00e1ria","Investimentos","Minist\u00e9rio de Portos e Aeroportos","Porto de Itaja\u00ed","portos","Silvio Costa Filho"],"articleSection":["Geral","Giro iNFRA"],"inLanguage":"pt-BR","copyrightYear":"2025","copyrightHolder":{"@id":"https:\/\/agenciainfra.com\/blog\/#organization"}},{"@type":"WebPage","@id":"https:\/\/agenciainfra.com\/blog\/porto-de-itajai-inaugura-primeiro-boulevard-nautico-com-apoio-federal\/","url":"https:\/\/agenciainfra.com\/blog\/porto-de-itajai-inaugura-primeiro-boulevard-nautico-com-apoio-federal\/","name":"Porto de Itaja\u00ed inaugura primeiro boulevard n\u00e1utico com apoio federal - Ag\u00eancia iNFRA","isPartOf":{"@id":"https:\/\/agenciainfra.com\/blog\/#website"},"primaryImageOfPage":{"@id":"https:\/\/agenciainfra.com\/blog\/porto-de-itajai-inaugura-primeiro-boulevard-nautico-com-apoio-federal\/#primaryimage"},"image":{"@id":"https:\/\/agenciainfra.com\/blog\/porto-de-itajai-inaugura-primeiro-boulevard-nautico-com-apoio-federal\/#primaryimage"},"thumbnailUrl":"https:\/\/agenciainfra.com\/blog\/wp-content\/uploads\/2025\/07\/foto-divulgacao-portodeitajai.jpeg","datePublished":"2025-07-04T22:31:56+00:00","dateModified":"2025-07-04T22:33:54+00:00","breadcrumb":{"@id":"https:\/\/agenciainfra.com\/blog\/porto-de-itajai-inaugura-primeiro-boulevard-nautico-com-apoio-federal\/#breadcrumb"},"inLanguage":"pt-BR","potentialAction":[{"@type":"ReadAction","target":["https:\/\/agenciainfra.com\/blog\/porto-de-itajai-inaugura-primeiro-boulevard-nautico-com-apoio-federal\/"]}]},{"@type":"ImageObject","inLanguage":"pt-BR","@id":"https:\/\/agenciainfra.com\/blog\/porto-de-itajai-inaugura-primeiro-boulevard-nautico-com-apoio-federal\/#primaryimage","url":"https:\/\/agenciainfra.com\/blog\/wp-content\/uploads\/2025\/07\/foto-divulgacao-portodeitajai.jpeg","contentUrl":"https:\/\/agenciainfra.com\/blog\/wp-content\/uploads\/2025\/07\/foto-divulgacao-portodeitajai.jpeg","width":768,"height":432,"caption":"Foto: Porto de Itaja\u00ed\/Divulga\u00e7\u00e3o"},{"@type":"BreadcrumbList","@id":"https:\/\/agenciainfra.com\/blog\/porto-de-itajai-inaugura-primeiro-boulevard-nautico-com-apoio-federal\/#breadcrumb","itemListElement":[{"@type":"ListItem","position":1,"name":"In\u00edcio","item":"https:\/\/agenciainfra.com\/blog\/"},{"@type":"ListItem","position":2,"name":"Porto de Itaja\u00ed inaugura primeiro boulevard n\u00e1utico com apoio federal"}]},{"@type":"WebSite","@id":"https:\/\/agenciainfra.com\/blog\/#website","url":"https:\/\/agenciainfra.com\/blog\/","name":"Ag\u00eancia iNFRA","description":"Multiplataforma de informa\u00e7\u00e3o jornal\u00edstica refer\u00eancia na \u00e1rea de infraestrutura no Brasil!","publisher":{"@id":"https:\/\/agenciainfra.com\/blog\/#organization"},"potentialAction":[{"@type":"SearchAction","target":{"@type":"EntryPoint","urlTemplate":"https:\/\/agenciainfra.com\/blog\/?s={search_term_string}"},"query-input":{"@type":"PropertyValueSpecification","valueRequired":true,"valueName":"search_term_string"}}],"inLanguage":"pt-BR"},{"@type":"Organization","@id":"https:\/\/agenciainfra.com\/blog\/#organization","name":"Ag\u00eancia iNFRA","url":"https:\/\/agenciainfra.com\/blog\/","logo":{"@type":"ImageObject","inLanguage":"pt-BR","@id":"https:\/\/agenciainfra.com\/blog\/#\/schema\/logo\/image\/","url":"https:\/\/agenciainfra.com\/blog\/wp-content\/uploads\/2023\/09\/iNFRA_5-e1761735885940.png","contentUrl":"https:\/\/agenciainfra.com\/blog\/wp-content\/uploads\/2023\/09\/iNFRA_5-e1761735885940.png","width":1672,"height":454,"caption":"Ag\u00eancia iNFRA"},"image":{"@id":"https:\/\/agenciainfra.com\/blog\/#\/schema\/logo\/image\/"},"sameAs":["https:\/\/www.facebook.com\/ageninfra","https:\/\/x.com\/agencia_infra","https:\/\/www.linkedin.com\/company\/ag\u00eanciainfra\/","https:\/\/www.instagram.com\/agenciainfra\/"]},{"@type":"Person","@id":"https:\/\/agenciainfra.com\/blog\/#\/schema\/person\/34af08dff6adea4cb22b06612ba7acfa","name":"Ag\u00eancia iNFRA","image":{"@type":"ImageObject","inLanguage":"pt-BR","@id":"https:\/\/agenciainfra.com\/blog\/#\/schema\/person\/image\/","url":"https:\/\/secure.gravatar.com\/avatar\/d189e01678f06d8eb84d4e01f08eb848b3fffe3f8443818d3c356c66892f5be8?s=96&d=mm&r=g","contentUrl":"https:\/\/secure.gravatar.com\/avatar\/d189e01678f06d8eb84d4e01f08eb848b3fffe3f8443818d3c356c66892f5be8?s=96&d=mm&r=g","caption":"Ag\u00eancia iNFRA"},"url":"https:\/\/agenciainfra.com\/blog\/author\/admin\/"}]}},"_links":{"self":[{"href":"https:\/\/agenciainfra.com\/blog\/wp-json\/wp\/v2\/posts\/24118","targetHints":{"allow":["GET"]}}],"collection":[{"href":"https:\/\/agenciainfra.com\/blog\/wp-json\/wp\/v2\/posts"}],"about":[{"href":"https:\/\/agenciainfra.com\/blog\/wp-json\/wp\/v2\/types\/post"}],"author":[{"embeddable":true,"href":"https:\/\/agenciainfra.com\/blog\/wp-json\/wp\/v2\/users\/1"}],"replies":[{"embeddable":true,"href":"https:\/\/agenciainfra.com\/blog\/wp-json\/wp\/v2\/comments?post=24118"}],"version-history":[{"count":4,"href":"https:\/\/agenciainfra.com\/blog\/wp-json\/wp\/v2\/posts\/24118\/revisions"}],"predecessor-version":[{"id":24128,"href":"https:\/\/agenciainfra.com\/blog\/wp-json\/wp\/v2\/posts\/24118\/revisions\/24128"}],"wp:featuredmedia":[{"embeddable":true,"href":"https:\/\/agenciainfra.com\/blog\/wp-json\/wp\/v2\/media\/24120"}],"wp:attachment":[{"href":"https:\/\/agenciainfra.com\/blog\/wp-json\/wp\/v2\/media?parent=24118"}],"wp:term":[{"taxonomy":"category","embeddable":true,"href":"https:\/\/agenciainfra.com\/blog\/wp-json\/wp\/v2\/categories?post=24118"},{"taxonomy":"post_tag","embeddable":true,"href":"https:\/\/agenciainfra.com\/blog\/wp-json\/wp\/v2\/tags?post=24118"}],"curies":[{"name":"wp","href":"https:\/\/api.w.org\/{rel}","templated":true}]}}