{"id":24143,"date":"2025-07-07T09:04:09","date_gmt":"2025-07-07T12:04:09","guid":{"rendered":"https:\/\/agenciainfra.com\/blog\/?p=24143"},"modified":"2025-07-07T11:59:42","modified_gmt":"2025-07-07T14:59:42","slug":"marco-neves-e-nazareno-araujo-assumem-novamente-como-diretores-interinos-da-ana","status":"publish","type":"post","link":"https:\/\/agenciainfra.com\/blog\/marco-neves-e-nazareno-araujo-assumem-novamente-como-diretores-interinos-da-ana\/","title":{"rendered":"Marco Neves e Nazareno Ara\u00fajo assumem novamente como diretores interinos da ANA"},"content":{"rendered":"\n<p class=\"has-text-align-right\"><strong>da Ag\u00eancia iNFRA<\/strong><\/p>\n\n\n\n<p>Marco Jos\u00e9 Melo Neves e Nazareno Marques de Ara\u00fajo foram designados para exercer, interinamente, cargos na diretoria da ANA (Ag\u00eancia Nacional de \u00c1guas e Saneamento B\u00e1sico). As nomea\u00e7\u00f5es foram publicadas no Di\u00e1rio Oficial da Uni\u00e3o desta segunda-feira (7).<\/p>\n\n\n\n<p>Ambos integram a lista tr\u00edplice de substitui\u00e7\u00e3o da diretoria colegiada, em vig\u00eancia desde outubro de 2023. Sendo que, desde janeiro deste ano, a diretoria est\u00e1 ocupada por duas diretoras com mandato das cinco vagas.<\/p>\n\n\n\n<p>O superintendente de Regula\u00e7\u00e3o de Usos de Recursos H\u00eddricos, Marco Neves, <a href=\"https:\/\/www.in.gov.br\/en\/web\/dou\/-\/portaria-ana-n-391-de-25-de-junho-de-2025-640323774\">assumir\u00e1<\/a> a fun\u00e7\u00e3o entre 15 de julho de 2025 e 10 de janeiro de 2026, na vaga deixada por Mauricio Abijaodi.<\/p>\n\n\n\n<p>J\u00e1 o superintendente de Planos, Programas e Projetos da ag\u00eancia, Nazareno Ara\u00fajo, <a href=\"https:\/\/www.in.gov.br\/en\/web\/dou\/-\/portaria-ana-n-392-de-25-de-junho-de-2025-640296442\">atuar\u00e1<\/a> de 16 de julho de 2025 a 11 de janeiro de 2026, na vaga decorrente do t\u00e9rmino do mandato de Filipe Sampaio Cunha.<\/p>\n\n\n\n<p>Tamb\u00e9m foi publicada nesta segunda-feira a <a href=\"https:\/\/www.in.gov.br\/en\/web\/dou\/-\/portaria-ana-n-398-de-2-de-julho-de-2025-640327425\">exonera\u00e7\u00e3o<\/a>, a pedido, de C\u00edntia Leal do cargo de superintendente de Regula\u00e7\u00e3o de Saneamento B\u00e1sico. A servidora tamb\u00e9m <a href=\"https:\/\/www.in.gov.br\/en\/web\/dou\/-\/portaria-ana-n-399-de-2-de-julho-de-2025-640279431\">foi autorizada<\/a> a se afastar da autarquia por tr\u00eas anos para tratar de interesses particulares.<\/p>\n\n\n\n<p><sup><em>A reportagem foi atualizada para corre\u00e7\u00e3o do cargo do diretor interino Nazareno Ara\u00fajo. <\/em><\/sup><\/p>\n\n\n\n<p><\/p>\n","protected":false},"excerpt":{"rendered":"<p>da Ag\u00eancia iNFRA Marco Jos\u00e9 Melo Neves e Nazareno Marques de Ara\u00fajo foram designados para exercer, interinamente, cargos na diretoria da ANA (Ag\u00eancia Nacional de \u00c1guas e Saneamento B\u00e1sico). As nomea\u00e7\u00f5es foram publicadas no Di\u00e1rio Oficial da Uni\u00e3o desta segunda-feira (7). Ambos integram a lista tr\u00edplice de substitui\u00e7\u00e3o da diretoria colegiada, em vig\u00eancia desde outubro [&hellip;]<\/p>\n","protected":false},"author":1,"featured_media":24144,"comment_status":"closed","ping_status":"closed","sticky":false,"template":"","format":"standard","meta":{"_monsterinsights_skip_tracking":false,"_monsterinsights_sitenote_active":false,"_monsterinsights_sitenote_note":"","_monsterinsights_sitenote_category":0,"footnotes":""},"categories":[1,13576],"tags":[9430,14189,12759,14188,14187,8405,8966],"class_list":["post-24143","post","type-post","status-publish","format-standard","has-post-thumbnail","hentry","category-geral","category-giro-infra","tag-agencia-de-aguas","tag-cintia-leal-exonerada","tag-diretoria-ana","tag-marco-jose-melo-neves","tag-marco-neves","tag-nazareno-araujo","tag-nazareno-marques-de-araujo"],"yoast_head":"<!-- This site is optimized with the Yoast SEO Premium plugin v25.4 (Yoast SEO v26.0) - https:\/\/yoast.com\/wordpress\/plugins\/seo\/ -->\n<title>Marco Neves e Nazareno Ara\u00fajo assumem novamente como diretores interinos da ANA - Ag\u00eancia iNFRA<\/title>\n<meta name=\"robots\" content=\"index, follow, max-snippet:-1, max-image-preview:large, max-video-preview:-1\" \/>\n<link rel=\"canonical\" href=\"https:\/\/agenciainfra.com\/blog\/marco-neves-e-nazareno-araujo-assumem-novamente-como-diretores-interinos-da-ana\/\" \/>\n<meta property=\"og:locale\" content=\"pt_BR\" \/>\n<meta property=\"og:type\" content=\"article\" \/>\n<meta property=\"og:title\" content=\"Marco Neves e Nazareno Ara\u00fajo assumem novamente como diretores interinos da ANA\" \/>\n<meta property=\"og:description\" content=\"da Ag\u00eancia iNFRA Marco Jos\u00e9 Melo Neves e Nazareno Marques de Ara\u00fajo foram designados para exercer, interinamente, cargos na diretoria da ANA (Ag\u00eancia Nacional de \u00c1guas e Saneamento B\u00e1sico). As nomea\u00e7\u00f5es foram publicadas no Di\u00e1rio Oficial da Uni\u00e3o desta segunda-feira (7). Ambos integram a lista tr\u00edplice de substitui\u00e7\u00e3o da diretoria colegiada, em vig\u00eancia desde outubro [&hellip;]\" \/>\n<meta property=\"og:url\" content=\"https:\/\/agenciainfra.com\/blog\/marco-neves-e-nazareno-araujo-assumem-novamente-como-diretores-interinos-da-ana\/\" \/>\n<meta property=\"og:site_name\" content=\"Ag\u00eancia iNFRA\" \/>\n<meta property=\"article:publisher\" content=\"https:\/\/www.facebook.com\/ageninfra\" \/>\n<meta property=\"article:published_time\" content=\"2025-07-07T12:04:09+00:00\" \/>\n<meta property=\"article:modified_time\" content=\"2025-07-07T14:59:42+00:00\" \/>\n<meta property=\"og:image\" content=\"https:\/\/agenciainfra.com\/blog\/wp-content\/uploads\/2025\/07\/marco_neves-e-nazareno_araujo-montagem_ANA.jpg\" \/>\n\t<meta property=\"og:image:width\" content=\"1278\" \/>\n\t<meta property=\"og:image:height\" content=\"778\" \/>\n\t<meta property=\"og:image:type\" content=\"image\/jpeg\" \/>\n<meta name=\"author\" content=\"Ag\u00eancia iNFRA\" \/>\n<meta name=\"twitter:card\" content=\"summary_large_image\" \/>\n<meta name=\"twitter:creator\" content=\"@agencia_infra\" \/>\n<meta name=\"twitter:site\" content=\"@agencia_infra\" \/>\n<meta name=\"twitter:label1\" content=\"Escrito por\" \/>\n\t<meta name=\"twitter:data1\" content=\"Ag\u00eancia iNFRA\" \/>\n\t<meta name=\"twitter:label2\" content=\"Est. tempo de leitura\" \/>\n\t<meta name=\"twitter:data2\" content=\"1 minuto\" \/>\n<script type=\"application\/ld+json\" class=\"yoast-schema-graph\">{\"@context\":\"https:\/\/schema.org\",\"@graph\":[{\"@type\":\"Article\",\"@id\":\"https:\/\/agenciainfra.com\/blog\/marco-neves-e-nazareno-araujo-assumem-novamente-como-diretores-interinos-da-ana\/#article\",\"isPartOf\":{\"@id\":\"https:\/\/agenciainfra.com\/blog\/marco-neves-e-nazareno-araujo-assumem-novamente-como-diretores-interinos-da-ana\/\"},\"author\":{\"name\":\"Ag\u00eancia iNFRA\",\"@id\":\"https:\/\/agenciainfra.com\/blog\/#\/schema\/person\/34af08dff6adea4cb22b06612ba7acfa\"},\"headline\":\"Marco Neves e Nazareno Ara\u00fajo assumem novamente como diretores interinos da ANA\",\"datePublished\":\"2025-07-07T12:04:09+00:00\",\"dateModified\":\"2025-07-07T14:59:42+00:00\",\"mainEntityOfPage\":{\"@id\":\"https:\/\/agenciainfra.com\/blog\/marco-neves-e-nazareno-araujo-assumem-novamente-como-diretores-interinos-da-ana\/\"},\"wordCount\":223,\"publisher\":{\"@id\":\"https:\/\/agenciainfra.com\/blog\/#organization\"},\"image\":{\"@id\":\"https:\/\/agenciainfra.com\/blog\/marco-neves-e-nazareno-araujo-assumem-novamente-como-diretores-interinos-da-ana\/#primaryimage\"},\"thumbnailUrl\":\"https:\/\/agenciainfra.com\/blog\/wp-content\/uploads\/2025\/07\/marco_neves-e-nazareno_araujo-montagem_ANA.jpg\",\"keywords\":[\"Ag\u00eancia de \u00e1guas\",\"c\u00edntia leal exonerada\",\"diretoria ana\",\"Marco Jos\u00e9 Melo Neves\",\"marco neves\",\"Nazareno Ara\u00fajo\",\"Nazareno Marques de Ara\u00fajo\"],\"articleSection\":[\"Geral\",\"Giro iNFRA\"],\"inLanguage\":\"pt-BR\",\"copyrightYear\":\"2025\",\"copyrightHolder\":{\"@id\":\"https:\/\/agenciainfra.com\/blog\/#organization\"}},{\"@type\":\"WebPage\",\"@id\":\"https:\/\/agenciainfra.com\/blog\/marco-neves-e-nazareno-araujo-assumem-novamente-como-diretores-interinos-da-ana\/\",\"url\":\"https:\/\/agenciainfra.com\/blog\/marco-neves-e-nazareno-araujo-assumem-novamente-como-diretores-interinos-da-ana\/\",\"name\":\"Marco Neves e Nazareno Ara\u00fajo assumem novamente como diretores interinos da ANA - Ag\u00eancia iNFRA\",\"isPartOf\":{\"@id\":\"https:\/\/agenciainfra.com\/blog\/#website\"},\"primaryImageOfPage\":{\"@id\":\"https:\/\/agenciainfra.com\/blog\/marco-neves-e-nazareno-araujo-assumem-novamente-como-diretores-interinos-da-ana\/#primaryimage\"},\"image\":{\"@id\":\"https:\/\/agenciainfra.com\/blog\/marco-neves-e-nazareno-araujo-assumem-novamente-como-diretores-interinos-da-ana\/#primaryimage\"},\"thumbnailUrl\":\"https:\/\/agenciainfra.com\/blog\/wp-content\/uploads\/2025\/07\/marco_neves-e-nazareno_araujo-montagem_ANA.jpg\",\"datePublished\":\"2025-07-07T12:04:09+00:00\",\"dateModified\":\"2025-07-07T14:59:42+00:00\",\"breadcrumb\":{\"@id\":\"https:\/\/agenciainfra.com\/blog\/marco-neves-e-nazareno-araujo-assumem-novamente-como-diretores-interinos-da-ana\/#breadcrumb\"},\"inLanguage\":\"pt-BR\",\"potentialAction\":[{\"@type\":\"ReadAction\",\"target\":[\"https:\/\/agenciainfra.com\/blog\/marco-neves-e-nazareno-araujo-assumem-novamente-como-diretores-interinos-da-ana\/\"]}]},{\"@type\":\"ImageObject\",\"inLanguage\":\"pt-BR\",\"@id\":\"https:\/\/agenciainfra.com\/blog\/marco-neves-e-nazareno-araujo-assumem-novamente-como-diretores-interinos-da-ana\/#primaryimage\",\"url\":\"https:\/\/agenciainfra.com\/blog\/wp-content\/uploads\/2025\/07\/marco_neves-e-nazareno_araujo-montagem_ANA.jpg\",\"contentUrl\":\"https:\/\/agenciainfra.com\/blog\/wp-content\/uploads\/2025\/07\/marco_neves-e-nazareno_araujo-montagem_ANA.jpg\",\"width\":1278,\"height\":778,\"caption\":\"Fotos: ANA\/Divulga\u00e7\u00e3o\"},{\"@type\":\"BreadcrumbList\",\"@id\":\"https:\/\/agenciainfra.com\/blog\/marco-neves-e-nazareno-araujo-assumem-novamente-como-diretores-interinos-da-ana\/#breadcrumb\",\"itemListElement\":[{\"@type\":\"ListItem\",\"position\":1,\"name\":\"In\u00edcio\",\"item\":\"https:\/\/agenciainfra.com\/blog\/\"},{\"@type\":\"ListItem\",\"position\":2,\"name\":\"Marco Neves e Nazareno Ara\u00fajo assumem novamente como diretores interinos da ANA\"}]},{\"@type\":\"WebSite\",\"@id\":\"https:\/\/agenciainfra.com\/blog\/#website\",\"url\":\"https:\/\/agenciainfra.com\/blog\/\",\"name\":\"Ag\u00eancia iNFRA\",\"description\":\"Multiplataforma de informa\u00e7\u00e3o jornal\u00edstica refer\u00eancia na \u00e1rea de infraestrutura no Brasil!\",\"publisher\":{\"@id\":\"https:\/\/agenciainfra.com\/blog\/#organization\"},\"potentialAction\":[{\"@type\":\"SearchAction\",\"target\":{\"@type\":\"EntryPoint\",\"urlTemplate\":\"https:\/\/agenciainfra.com\/blog\/?s={search_term_string}\"},\"query-input\":{\"@type\":\"PropertyValueSpecification\",\"valueRequired\":true,\"valueName\":\"search_term_string\"}}],\"inLanguage\":\"pt-BR\"},{\"@type\":\"Organization\",\"@id\":\"https:\/\/agenciainfra.com\/blog\/#organization\",\"name\":\"Ag\u00eancia iNFRA\",\"url\":\"https:\/\/agenciainfra.com\/blog\/\",\"logo\":{\"@type\":\"ImageObject\",\"inLanguage\":\"pt-BR\",\"@id\":\"https:\/\/agenciainfra.com\/blog\/#\/schema\/logo\/image\/\",\"url\":\"https:\/\/agenciainfra.com\/blog\/wp-content\/uploads\/2023\/09\/iNFRA_5-e1761735885940.png\",\"contentUrl\":\"https:\/\/agenciainfra.com\/blog\/wp-content\/uploads\/2023\/09\/iNFRA_5-e1761735885940.png\",\"width\":1672,\"height\":454,\"caption\":\"Ag\u00eancia iNFRA\"},\"image\":{\"@id\":\"https:\/\/agenciainfra.com\/blog\/#\/schema\/logo\/image\/\"},\"sameAs\":[\"https:\/\/www.facebook.com\/ageninfra\",\"https:\/\/x.com\/agencia_infra\",\"https:\/\/www.linkedin.com\/company\/ag\u00eanciainfra\/\",\"https:\/\/www.instagram.com\/agenciainfra\/\"]},{\"@type\":\"Person\",\"@id\":\"https:\/\/agenciainfra.com\/blog\/#\/schema\/person\/34af08dff6adea4cb22b06612ba7acfa\",\"name\":\"Ag\u00eancia iNFRA\",\"image\":{\"@type\":\"ImageObject\",\"inLanguage\":\"pt-BR\",\"@id\":\"https:\/\/agenciainfra.com\/blog\/#\/schema\/person\/image\/\",\"url\":\"https:\/\/secure.gravatar.com\/avatar\/d189e01678f06d8eb84d4e01f08eb848b3fffe3f8443818d3c356c66892f5be8?s=96&d=mm&r=g\",\"contentUrl\":\"https:\/\/secure.gravatar.com\/avatar\/d189e01678f06d8eb84d4e01f08eb848b3fffe3f8443818d3c356c66892f5be8?s=96&d=mm&r=g\",\"caption\":\"Ag\u00eancia iNFRA\"},\"url\":\"https:\/\/agenciainfra.com\/blog\/author\/admin\/\"}]}<\/script>\n<!-- \/ Yoast SEO Premium plugin. -->","yoast_head_json":{"title":"Marco Neves e Nazareno Ara\u00fajo assumem novamente como diretores interinos da ANA - Ag\u00eancia iNFRA","robots":{"index":"index","follow":"follow","max-snippet":"max-snippet:-1","max-image-preview":"max-image-preview:large","max-video-preview":"max-video-preview:-1"},"canonical":"https:\/\/agenciainfra.com\/blog\/marco-neves-e-nazareno-araujo-assumem-novamente-como-diretores-interinos-da-ana\/","og_locale":"pt_BR","og_type":"article","og_title":"Marco Neves e Nazareno Ara\u00fajo assumem novamente como diretores interinos da ANA","og_description":"da Ag\u00eancia iNFRA Marco Jos\u00e9 Melo Neves e Nazareno Marques de Ara\u00fajo foram designados para exercer, interinamente, cargos na diretoria da ANA (Ag\u00eancia Nacional de \u00c1guas e Saneamento B\u00e1sico). As nomea\u00e7\u00f5es foram publicadas no Di\u00e1rio Oficial da Uni\u00e3o desta segunda-feira (7). Ambos integram a lista tr\u00edplice de substitui\u00e7\u00e3o da diretoria colegiada, em vig\u00eancia desde outubro [&hellip;]","og_url":"https:\/\/agenciainfra.com\/blog\/marco-neves-e-nazareno-araujo-assumem-novamente-como-diretores-interinos-da-ana\/","og_site_name":"Ag\u00eancia iNFRA","article_publisher":"https:\/\/www.facebook.com\/ageninfra","article_published_time":"2025-07-07T12:04:09+00:00","article_modified_time":"2025-07-07T14:59:42+00:00","og_image":[{"width":1278,"height":778,"url":"https:\/\/agenciainfra.com\/blog\/wp-content\/uploads\/2025\/07\/marco_neves-e-nazareno_araujo-montagem_ANA.jpg","type":"image\/jpeg"}],"author":"Ag\u00eancia iNFRA","twitter_card":"summary_large_image","twitter_creator":"@agencia_infra","twitter_site":"@agencia_infra","twitter_misc":{"Escrito por":"Ag\u00eancia iNFRA","Est. tempo de leitura":"1 minuto"},"schema":{"@context":"https:\/\/schema.org","@graph":[{"@type":"Article","@id":"https:\/\/agenciainfra.com\/blog\/marco-neves-e-nazareno-araujo-assumem-novamente-como-diretores-interinos-da-ana\/#article","isPartOf":{"@id":"https:\/\/agenciainfra.com\/blog\/marco-neves-e-nazareno-araujo-assumem-novamente-como-diretores-interinos-da-ana\/"},"author":{"name":"Ag\u00eancia iNFRA","@id":"https:\/\/agenciainfra.com\/blog\/#\/schema\/person\/34af08dff6adea4cb22b06612ba7acfa"},"headline":"Marco Neves e Nazareno Ara\u00fajo assumem novamente como diretores interinos da ANA","datePublished":"2025-07-07T12:04:09+00:00","dateModified":"2025-07-07T14:59:42+00:00","mainEntityOfPage":{"@id":"https:\/\/agenciainfra.com\/blog\/marco-neves-e-nazareno-araujo-assumem-novamente-como-diretores-interinos-da-ana\/"},"wordCount":223,"publisher":{"@id":"https:\/\/agenciainfra.com\/blog\/#organization"},"image":{"@id":"https:\/\/agenciainfra.com\/blog\/marco-neves-e-nazareno-araujo-assumem-novamente-como-diretores-interinos-da-ana\/#primaryimage"},"thumbnailUrl":"https:\/\/agenciainfra.com\/blog\/wp-content\/uploads\/2025\/07\/marco_neves-e-nazareno_araujo-montagem_ANA.jpg","keywords":["Ag\u00eancia de \u00e1guas","c\u00edntia leal exonerada","diretoria ana","Marco Jos\u00e9 Melo Neves","marco neves","Nazareno Ara\u00fajo","Nazareno Marques de Ara\u00fajo"],"articleSection":["Geral","Giro iNFRA"],"inLanguage":"pt-BR","copyrightYear":"2025","copyrightHolder":{"@id":"https:\/\/agenciainfra.com\/blog\/#organization"}},{"@type":"WebPage","@id":"https:\/\/agenciainfra.com\/blog\/marco-neves-e-nazareno-araujo-assumem-novamente-como-diretores-interinos-da-ana\/","url":"https:\/\/agenciainfra.com\/blog\/marco-neves-e-nazareno-araujo-assumem-novamente-como-diretores-interinos-da-ana\/","name":"Marco Neves e Nazareno Ara\u00fajo assumem novamente como diretores interinos da ANA - Ag\u00eancia iNFRA","isPartOf":{"@id":"https:\/\/agenciainfra.com\/blog\/#website"},"primaryImageOfPage":{"@id":"https:\/\/agenciainfra.com\/blog\/marco-neves-e-nazareno-araujo-assumem-novamente-como-diretores-interinos-da-ana\/#primaryimage"},"image":{"@id":"https:\/\/agenciainfra.com\/blog\/marco-neves-e-nazareno-araujo-assumem-novamente-como-diretores-interinos-da-ana\/#primaryimage"},"thumbnailUrl":"https:\/\/agenciainfra.com\/blog\/wp-content\/uploads\/2025\/07\/marco_neves-e-nazareno_araujo-montagem_ANA.jpg","datePublished":"2025-07-07T12:04:09+00:00","dateModified":"2025-07-07T14:59:42+00:00","breadcrumb":{"@id":"https:\/\/agenciainfra.com\/blog\/marco-neves-e-nazareno-araujo-assumem-novamente-como-diretores-interinos-da-ana\/#breadcrumb"},"inLanguage":"pt-BR","potentialAction":[{"@type":"ReadAction","target":["https:\/\/agenciainfra.com\/blog\/marco-neves-e-nazareno-araujo-assumem-novamente-como-diretores-interinos-da-ana\/"]}]},{"@type":"ImageObject","inLanguage":"pt-BR","@id":"https:\/\/agenciainfra.com\/blog\/marco-neves-e-nazareno-araujo-assumem-novamente-como-diretores-interinos-da-ana\/#primaryimage","url":"https:\/\/agenciainfra.com\/blog\/wp-content\/uploads\/2025\/07\/marco_neves-e-nazareno_araujo-montagem_ANA.jpg","contentUrl":"https:\/\/agenciainfra.com\/blog\/wp-content\/uploads\/2025\/07\/marco_neves-e-nazareno_araujo-montagem_ANA.jpg","width":1278,"height":778,"caption":"Fotos: ANA\/Divulga\u00e7\u00e3o"},{"@type":"BreadcrumbList","@id":"https:\/\/agenciainfra.com\/blog\/marco-neves-e-nazareno-araujo-assumem-novamente-como-diretores-interinos-da-ana\/#breadcrumb","itemListElement":[{"@type":"ListItem","position":1,"name":"In\u00edcio","item":"https:\/\/agenciainfra.com\/blog\/"},{"@type":"ListItem","position":2,"name":"Marco Neves e Nazareno Ara\u00fajo assumem novamente como diretores interinos da ANA"}]},{"@type":"WebSite","@id":"https:\/\/agenciainfra.com\/blog\/#website","url":"https:\/\/agenciainfra.com\/blog\/","name":"Ag\u00eancia iNFRA","description":"Multiplataforma de informa\u00e7\u00e3o jornal\u00edstica refer\u00eancia na \u00e1rea de infraestrutura no Brasil!","publisher":{"@id":"https:\/\/agenciainfra.com\/blog\/#organization"},"potentialAction":[{"@type":"SearchAction","target":{"@type":"EntryPoint","urlTemplate":"https:\/\/agenciainfra.com\/blog\/?s={search_term_string}"},"query-input":{"@type":"PropertyValueSpecification","valueRequired":true,"valueName":"search_term_string"}}],"inLanguage":"pt-BR"},{"@type":"Organization","@id":"https:\/\/agenciainfra.com\/blog\/#organization","name":"Ag\u00eancia iNFRA","url":"https:\/\/agenciainfra.com\/blog\/","logo":{"@type":"ImageObject","inLanguage":"pt-BR","@id":"https:\/\/agenciainfra.com\/blog\/#\/schema\/logo\/image\/","url":"https:\/\/agenciainfra.com\/blog\/wp-content\/uploads\/2023\/09\/iNFRA_5-e1761735885940.png","contentUrl":"https:\/\/agenciainfra.com\/blog\/wp-content\/uploads\/2023\/09\/iNFRA_5-e1761735885940.png","width":1672,"height":454,"caption":"Ag\u00eancia iNFRA"},"image":{"@id":"https:\/\/agenciainfra.com\/blog\/#\/schema\/logo\/image\/"},"sameAs":["https:\/\/www.facebook.com\/ageninfra","https:\/\/x.com\/agencia_infra","https:\/\/www.linkedin.com\/company\/ag\u00eanciainfra\/","https:\/\/www.instagram.com\/agenciainfra\/"]},{"@type":"Person","@id":"https:\/\/agenciainfra.com\/blog\/#\/schema\/person\/34af08dff6adea4cb22b06612ba7acfa","name":"Ag\u00eancia iNFRA","image":{"@type":"ImageObject","inLanguage":"pt-BR","@id":"https:\/\/agenciainfra.com\/blog\/#\/schema\/person\/image\/","url":"https:\/\/secure.gravatar.com\/avatar\/d189e01678f06d8eb84d4e01f08eb848b3fffe3f8443818d3c356c66892f5be8?s=96&d=mm&r=g","contentUrl":"https:\/\/secure.gravatar.com\/avatar\/d189e01678f06d8eb84d4e01f08eb848b3fffe3f8443818d3c356c66892f5be8?s=96&d=mm&r=g","caption":"Ag\u00eancia iNFRA"},"url":"https:\/\/agenciainfra.com\/blog\/author\/admin\/"}]}},"_links":{"self":[{"href":"https:\/\/agenciainfra.com\/blog\/wp-json\/wp\/v2\/posts\/24143","targetHints":{"allow":["GET"]}}],"collection":[{"href":"https:\/\/agenciainfra.com\/blog\/wp-json\/wp\/v2\/posts"}],"about":[{"href":"https:\/\/agenciainfra.com\/blog\/wp-json\/wp\/v2\/types\/post"}],"author":[{"embeddable":true,"href":"https:\/\/agenciainfra.com\/blog\/wp-json\/wp\/v2\/users\/1"}],"replies":[{"embeddable":true,"href":"https:\/\/agenciainfra.com\/blog\/wp-json\/wp\/v2\/comments?post=24143"}],"version-history":[{"count":4,"href":"https:\/\/agenciainfra.com\/blog\/wp-json\/wp\/v2\/posts\/24143\/revisions"}],"predecessor-version":[{"id":24167,"href":"https:\/\/agenciainfra.com\/blog\/wp-json\/wp\/v2\/posts\/24143\/revisions\/24167"}],"wp:featuredmedia":[{"embeddable":true,"href":"https:\/\/agenciainfra.com\/blog\/wp-json\/wp\/v2\/media\/24144"}],"wp:attachment":[{"href":"https:\/\/agenciainfra.com\/blog\/wp-json\/wp\/v2\/media?parent=24143"}],"wp:term":[{"taxonomy":"category","embeddable":true,"href":"https:\/\/agenciainfra.com\/blog\/wp-json\/wp\/v2\/categories?post=24143"},{"taxonomy":"post_tag","embeddable":true,"href":"https:\/\/agenciainfra.com\/blog\/wp-json\/wp\/v2\/tags?post=24143"}],"curies":[{"name":"wp","href":"https:\/\/api.w.org\/{rel}","templated":true}]}}