{"id":24190,"date":"2025-07-07T19:02:29","date_gmt":"2025-07-07T22:02:29","guid":{"rendered":"https:\/\/agenciainfra.com\/blog\/?p=24190"},"modified":"2025-07-07T19:02:29","modified_gmt":"2025-07-07T22:02:29","slug":"vli-inicia-operacao-como-agente-transportador-em-ferrovia-da-vale","status":"publish","type":"post","link":"https:\/\/agenciainfra.com\/blog\/vli-inicia-operacao-como-agente-transportador-em-ferrovia-da-vale\/","title":{"rendered":"VLI inicia opera\u00e7\u00e3o como agente transportador em ferrovia da Vale"},"content":{"rendered":"\n<p class=\"has-text-align-right\"><strong>da Ag\u00eancia iNFRA<\/strong><\/p>\n\n\n\n<p>A VLI anunciou que dar\u00e1 in\u00edcio \u00e0 sua opera\u00e7\u00e3o como ATF-C (Agente Transportador Ferrovi\u00e1rio de Cargas) na EFVM (Estrada de Ferro Vit\u00f3ria a Minas), cuja concess\u00e3o \u00e9 controlada pela Vale. Segundo a companhia, ser\u00e1 a primeira opera\u00e7\u00e3o no modelo, que permite \u00e0 empresa fazer o transporte de carga de forma desvinculada da explora\u00e7\u00e3o da infraestrutura ferrovi\u00e1ria.<\/p>\n\n\n\n<p>A opera\u00e7\u00e3o foi autorizada pelo Cade (Conselho Administrativo de Defesa Econ\u00f4mica) e consiste no transporte de carga geral em composi\u00e7\u00f5es pr\u00f3prias da VLI na EFVM, o que envolver\u00e1 o investimento de aproximadamente R$ 600 milh\u00f5es para a compra de novas locomotivas e vag\u00f5es, e contrata\u00e7\u00e3o de mais de 700 pessoas e Minas Gerais e no Esp\u00edrito Santo. A companhia estima que at\u00e9 o segundo semestre de 2026 esteja com a opera\u00e7\u00e3o completamente estruturada.<\/p>\n\n\n\n<p><strong>Autonomia<\/strong><br>Para o CEO da VLI, F\u00e1bio Marchiori, o novo modelo d\u00e1 mais autonomia na programa\u00e7\u00e3o de composi\u00e7\u00f5es e diminui os tempos de parada para troca de equipes e maquin\u00e1rios. O registro para esse tipo de transporte foi feito junto \u00e0 ANTT (Ag\u00eancia Nacional de Transportes Terrestres) em janeiro deste ano.<\/p>\n\n\n\n<p>Com isso, a VLI pode negociar com outros players, por meio de COEs (Contratos Operacionais Espec\u00edficos), para realizar o transporte direto de cargas em trechos ferrovi\u00e1rios por meio de compartilhamento. O mecanismo foi criado no \u00e2mbito da Lei das Ferrovias, de 2021 (Lei 14.273).<\/p>\n\n\n\n<p>Jo\u00e3o Falc\u00e3o, diretor da EFVM, afirmou que o novo modelo n\u00e3o altera as obriga\u00e7\u00f5es contratuais da Vale, enquanto concession\u00e1ria da ferrovia, &#8220;especialmente as responsabilidades financeiras, de investimentos, de presta\u00e7\u00e3o de informa\u00e7\u00e3o e de manuten\u00e7\u00e3o da infraestrutura ferrovi\u00e1ria, assim como o transporte de passageiros, cargas gerais e min\u00e9rio de ferro&#8221;. &#8220;Mantemos nosso compromisso com nossos empregados e com a sociedade&#8221;, disse.<\/p>\n","protected":false},"excerpt":{"rendered":"<p>da Ag\u00eancia iNFRA A VLI anunciou que dar\u00e1 in\u00edcio \u00e0 sua opera\u00e7\u00e3o como ATF-C (Agente Transportador Ferrovi\u00e1rio de Cargas) na EFVM (Estrada de Ferro Vit\u00f3ria a Minas), cuja concess\u00e3o \u00e9 controlada pela Vale. Segundo a companhia, ser\u00e1 a primeira opera\u00e7\u00e3o no modelo, que permite \u00e0 empresa fazer o transporte de carga de forma desvinculada da [&hellip;]<\/p>\n","protected":false},"author":1,"featured_media":0,"comment_status":"closed","ping_status":"closed","sticky":false,"template":"","format":"standard","meta":{"_monsterinsights_skip_tracking":false,"_monsterinsights_sitenote_active":false,"_monsterinsights_sitenote_note":"","_monsterinsights_sitenote_category":0,"footnotes":""},"categories":[1,13576],"tags":[14205,19,14204,371,228,1419,11469,14206,83,82],"class_list":["post-24190","post","type-post","status-publish","format-standard","hentry","category-geral","category-giro-infra","tag-agente-transportador-ferroviario-de-cargas","tag-antt","tag-atf-c","tag-cade","tag-efvm","tag-estrada-de-ferro-vitoria-a-minas","tag-fabio-marchiori","tag-joao-falcao","tag-vale","tag-vli"],"yoast_head":"<!-- This site is optimized with the Yoast SEO Premium plugin v25.4 (Yoast SEO v26.0) - https:\/\/yoast.com\/wordpress\/plugins\/seo\/ -->\n<title>VLI inicia opera\u00e7\u00e3o como agente transportador em ferrovia da Vale - Ag\u00eancia iNFRA<\/title>\n<meta name=\"robots\" content=\"index, follow, max-snippet:-1, max-image-preview:large, max-video-preview:-1\" \/>\n<link rel=\"canonical\" href=\"https:\/\/agenciainfra.com\/blog\/vli-inicia-operacao-como-agente-transportador-em-ferrovia-da-vale\/\" \/>\n<meta property=\"og:locale\" content=\"pt_BR\" \/>\n<meta property=\"og:type\" content=\"article\" \/>\n<meta property=\"og:title\" content=\"VLI inicia opera\u00e7\u00e3o como agente transportador em ferrovia da Vale\" \/>\n<meta property=\"og:description\" content=\"da Ag\u00eancia iNFRA A VLI anunciou que dar\u00e1 in\u00edcio \u00e0 sua opera\u00e7\u00e3o como ATF-C (Agente Transportador Ferrovi\u00e1rio de Cargas) na EFVM (Estrada de Ferro Vit\u00f3ria a Minas), cuja concess\u00e3o \u00e9 controlada pela Vale. Segundo a companhia, ser\u00e1 a primeira opera\u00e7\u00e3o no modelo, que permite \u00e0 empresa fazer o transporte de carga de forma desvinculada da [&hellip;]\" \/>\n<meta property=\"og:url\" content=\"https:\/\/agenciainfra.com\/blog\/vli-inicia-operacao-como-agente-transportador-em-ferrovia-da-vale\/\" \/>\n<meta property=\"og:site_name\" content=\"Ag\u00eancia iNFRA\" \/>\n<meta property=\"article:publisher\" content=\"https:\/\/www.facebook.com\/ageninfra\" \/>\n<meta property=\"article:published_time\" content=\"2025-07-07T22:02:29+00:00\" \/>\n<meta name=\"author\" content=\"Ag\u00eancia iNFRA\" \/>\n<meta name=\"twitter:card\" content=\"summary_large_image\" \/>\n<meta name=\"twitter:creator\" content=\"@agencia_infra\" \/>\n<meta name=\"twitter:site\" content=\"@agencia_infra\" \/>\n<meta name=\"twitter:label1\" content=\"Escrito por\" \/>\n\t<meta name=\"twitter:data1\" content=\"Ag\u00eancia iNFRA\" \/>\n\t<meta name=\"twitter:label2\" content=\"Est. tempo de leitura\" \/>\n\t<meta name=\"twitter:data2\" content=\"2 minutos\" \/>\n<script type=\"application\/ld+json\" class=\"yoast-schema-graph\">{\"@context\":\"https:\/\/schema.org\",\"@graph\":[{\"@type\":\"Article\",\"@id\":\"https:\/\/agenciainfra.com\/blog\/vli-inicia-operacao-como-agente-transportador-em-ferrovia-da-vale\/#article\",\"isPartOf\":{\"@id\":\"https:\/\/agenciainfra.com\/blog\/vli-inicia-operacao-como-agente-transportador-em-ferrovia-da-vale\/\"},\"author\":{\"name\":\"Ag\u00eancia iNFRA\",\"@id\":\"https:\/\/agenciainfra.com\/blog\/#\/schema\/person\/34af08dff6adea4cb22b06612ba7acfa\"},\"headline\":\"VLI inicia opera\u00e7\u00e3o como agente transportador em ferrovia da Vale\",\"datePublished\":\"2025-07-07T22:02:29+00:00\",\"mainEntityOfPage\":{\"@id\":\"https:\/\/agenciainfra.com\/blog\/vli-inicia-operacao-como-agente-transportador-em-ferrovia-da-vale\/\"},\"wordCount\":324,\"publisher\":{\"@id\":\"https:\/\/agenciainfra.com\/blog\/#organization\"},\"keywords\":[\"Agente Transportador Ferrovi\u00e1rio de Cargas\",\"ANTT\",\"ATF-C\",\"Cade\",\"EFVM\",\"Estrada de Ferro Vit\u00f3ria a Minas\",\"F\u00e1bio Marchiori\",\"Jo\u00e3o Falc\u00e3o\",\"Vale\",\"VLI\"],\"articleSection\":[\"Geral\",\"Giro iNFRA\"],\"inLanguage\":\"pt-BR\",\"copyrightYear\":\"2025\",\"copyrightHolder\":{\"@id\":\"https:\/\/agenciainfra.com\/blog\/#organization\"}},{\"@type\":\"WebPage\",\"@id\":\"https:\/\/agenciainfra.com\/blog\/vli-inicia-operacao-como-agente-transportador-em-ferrovia-da-vale\/\",\"url\":\"https:\/\/agenciainfra.com\/blog\/vli-inicia-operacao-como-agente-transportador-em-ferrovia-da-vale\/\",\"name\":\"VLI inicia opera\u00e7\u00e3o como agente transportador em ferrovia da Vale - Ag\u00eancia iNFRA\",\"isPartOf\":{\"@id\":\"https:\/\/agenciainfra.com\/blog\/#website\"},\"datePublished\":\"2025-07-07T22:02:29+00:00\",\"breadcrumb\":{\"@id\":\"https:\/\/agenciainfra.com\/blog\/vli-inicia-operacao-como-agente-transportador-em-ferrovia-da-vale\/#breadcrumb\"},\"inLanguage\":\"pt-BR\",\"potentialAction\":[{\"@type\":\"ReadAction\",\"target\":[\"https:\/\/agenciainfra.com\/blog\/vli-inicia-operacao-como-agente-transportador-em-ferrovia-da-vale\/\"]}]},{\"@type\":\"BreadcrumbList\",\"@id\":\"https:\/\/agenciainfra.com\/blog\/vli-inicia-operacao-como-agente-transportador-em-ferrovia-da-vale\/#breadcrumb\",\"itemListElement\":[{\"@type\":\"ListItem\",\"position\":1,\"name\":\"In\u00edcio\",\"item\":\"https:\/\/agenciainfra.com\/blog\/\"},{\"@type\":\"ListItem\",\"position\":2,\"name\":\"VLI inicia opera\u00e7\u00e3o como agente transportador em ferrovia da Vale\"}]},{\"@type\":\"WebSite\",\"@id\":\"https:\/\/agenciainfra.com\/blog\/#website\",\"url\":\"https:\/\/agenciainfra.com\/blog\/\",\"name\":\"Ag\u00eancia iNFRA\",\"description\":\"Multiplataforma de informa\u00e7\u00e3o jornal\u00edstica refer\u00eancia na \u00e1rea de infraestrutura no Brasil!\",\"publisher\":{\"@id\":\"https:\/\/agenciainfra.com\/blog\/#organization\"},\"potentialAction\":[{\"@type\":\"SearchAction\",\"target\":{\"@type\":\"EntryPoint\",\"urlTemplate\":\"https:\/\/agenciainfra.com\/blog\/?s={search_term_string}\"},\"query-input\":{\"@type\":\"PropertyValueSpecification\",\"valueRequired\":true,\"valueName\":\"search_term_string\"}}],\"inLanguage\":\"pt-BR\"},{\"@type\":\"Organization\",\"@id\":\"https:\/\/agenciainfra.com\/blog\/#organization\",\"name\":\"Ag\u00eancia iNFRA\",\"url\":\"https:\/\/agenciainfra.com\/blog\/\",\"logo\":{\"@type\":\"ImageObject\",\"inLanguage\":\"pt-BR\",\"@id\":\"https:\/\/agenciainfra.com\/blog\/#\/schema\/logo\/image\/\",\"url\":\"https:\/\/agenciainfra.com\/blog\/wp-content\/uploads\/2023\/09\/iNFRA_5-e1761735885940.png\",\"contentUrl\":\"https:\/\/agenciainfra.com\/blog\/wp-content\/uploads\/2023\/09\/iNFRA_5-e1761735885940.png\",\"width\":1672,\"height\":454,\"caption\":\"Ag\u00eancia iNFRA\"},\"image\":{\"@id\":\"https:\/\/agenciainfra.com\/blog\/#\/schema\/logo\/image\/\"},\"sameAs\":[\"https:\/\/www.facebook.com\/ageninfra\",\"https:\/\/x.com\/agencia_infra\",\"https:\/\/www.linkedin.com\/company\/ag\u00eanciainfra\/\",\"https:\/\/www.instagram.com\/agenciainfra\/\"]},{\"@type\":\"Person\",\"@id\":\"https:\/\/agenciainfra.com\/blog\/#\/schema\/person\/34af08dff6adea4cb22b06612ba7acfa\",\"name\":\"Ag\u00eancia iNFRA\",\"image\":{\"@type\":\"ImageObject\",\"inLanguage\":\"pt-BR\",\"@id\":\"https:\/\/agenciainfra.com\/blog\/#\/schema\/person\/image\/\",\"url\":\"https:\/\/secure.gravatar.com\/avatar\/d189e01678f06d8eb84d4e01f08eb848b3fffe3f8443818d3c356c66892f5be8?s=96&d=mm&r=g\",\"contentUrl\":\"https:\/\/secure.gravatar.com\/avatar\/d189e01678f06d8eb84d4e01f08eb848b3fffe3f8443818d3c356c66892f5be8?s=96&d=mm&r=g\",\"caption\":\"Ag\u00eancia iNFRA\"},\"url\":\"https:\/\/agenciainfra.com\/blog\/author\/admin\/\"}]}<\/script>\n<!-- \/ Yoast SEO Premium plugin. -->","yoast_head_json":{"title":"VLI inicia opera\u00e7\u00e3o como agente transportador em ferrovia da Vale - Ag\u00eancia iNFRA","robots":{"index":"index","follow":"follow","max-snippet":"max-snippet:-1","max-image-preview":"max-image-preview:large","max-video-preview":"max-video-preview:-1"},"canonical":"https:\/\/agenciainfra.com\/blog\/vli-inicia-operacao-como-agente-transportador-em-ferrovia-da-vale\/","og_locale":"pt_BR","og_type":"article","og_title":"VLI inicia opera\u00e7\u00e3o como agente transportador em ferrovia da Vale","og_description":"da Ag\u00eancia iNFRA A VLI anunciou que dar\u00e1 in\u00edcio \u00e0 sua opera\u00e7\u00e3o como ATF-C (Agente Transportador Ferrovi\u00e1rio de Cargas) na EFVM (Estrada de Ferro Vit\u00f3ria a Minas), cuja concess\u00e3o \u00e9 controlada pela Vale. Segundo a companhia, ser\u00e1 a primeira opera\u00e7\u00e3o no modelo, que permite \u00e0 empresa fazer o transporte de carga de forma desvinculada da [&hellip;]","og_url":"https:\/\/agenciainfra.com\/blog\/vli-inicia-operacao-como-agente-transportador-em-ferrovia-da-vale\/","og_site_name":"Ag\u00eancia iNFRA","article_publisher":"https:\/\/www.facebook.com\/ageninfra","article_published_time":"2025-07-07T22:02:29+00:00","author":"Ag\u00eancia iNFRA","twitter_card":"summary_large_image","twitter_creator":"@agencia_infra","twitter_site":"@agencia_infra","twitter_misc":{"Escrito por":"Ag\u00eancia iNFRA","Est. tempo de leitura":"2 minutos"},"schema":{"@context":"https:\/\/schema.org","@graph":[{"@type":"Article","@id":"https:\/\/agenciainfra.com\/blog\/vli-inicia-operacao-como-agente-transportador-em-ferrovia-da-vale\/#article","isPartOf":{"@id":"https:\/\/agenciainfra.com\/blog\/vli-inicia-operacao-como-agente-transportador-em-ferrovia-da-vale\/"},"author":{"name":"Ag\u00eancia iNFRA","@id":"https:\/\/agenciainfra.com\/blog\/#\/schema\/person\/34af08dff6adea4cb22b06612ba7acfa"},"headline":"VLI inicia opera\u00e7\u00e3o como agente transportador em ferrovia da Vale","datePublished":"2025-07-07T22:02:29+00:00","mainEntityOfPage":{"@id":"https:\/\/agenciainfra.com\/blog\/vli-inicia-operacao-como-agente-transportador-em-ferrovia-da-vale\/"},"wordCount":324,"publisher":{"@id":"https:\/\/agenciainfra.com\/blog\/#organization"},"keywords":["Agente Transportador Ferrovi\u00e1rio de Cargas","ANTT","ATF-C","Cade","EFVM","Estrada de Ferro Vit\u00f3ria a Minas","F\u00e1bio Marchiori","Jo\u00e3o Falc\u00e3o","Vale","VLI"],"articleSection":["Geral","Giro iNFRA"],"inLanguage":"pt-BR","copyrightYear":"2025","copyrightHolder":{"@id":"https:\/\/agenciainfra.com\/blog\/#organization"}},{"@type":"WebPage","@id":"https:\/\/agenciainfra.com\/blog\/vli-inicia-operacao-como-agente-transportador-em-ferrovia-da-vale\/","url":"https:\/\/agenciainfra.com\/blog\/vli-inicia-operacao-como-agente-transportador-em-ferrovia-da-vale\/","name":"VLI inicia opera\u00e7\u00e3o como agente transportador em ferrovia da Vale - Ag\u00eancia iNFRA","isPartOf":{"@id":"https:\/\/agenciainfra.com\/blog\/#website"},"datePublished":"2025-07-07T22:02:29+00:00","breadcrumb":{"@id":"https:\/\/agenciainfra.com\/blog\/vli-inicia-operacao-como-agente-transportador-em-ferrovia-da-vale\/#breadcrumb"},"inLanguage":"pt-BR","potentialAction":[{"@type":"ReadAction","target":["https:\/\/agenciainfra.com\/blog\/vli-inicia-operacao-como-agente-transportador-em-ferrovia-da-vale\/"]}]},{"@type":"BreadcrumbList","@id":"https:\/\/agenciainfra.com\/blog\/vli-inicia-operacao-como-agente-transportador-em-ferrovia-da-vale\/#breadcrumb","itemListElement":[{"@type":"ListItem","position":1,"name":"In\u00edcio","item":"https:\/\/agenciainfra.com\/blog\/"},{"@type":"ListItem","position":2,"name":"VLI inicia opera\u00e7\u00e3o como agente transportador em ferrovia da Vale"}]},{"@type":"WebSite","@id":"https:\/\/agenciainfra.com\/blog\/#website","url":"https:\/\/agenciainfra.com\/blog\/","name":"Ag\u00eancia iNFRA","description":"Multiplataforma de informa\u00e7\u00e3o jornal\u00edstica refer\u00eancia na \u00e1rea de infraestrutura no Brasil!","publisher":{"@id":"https:\/\/agenciainfra.com\/blog\/#organization"},"potentialAction":[{"@type":"SearchAction","target":{"@type":"EntryPoint","urlTemplate":"https:\/\/agenciainfra.com\/blog\/?s={search_term_string}"},"query-input":{"@type":"PropertyValueSpecification","valueRequired":true,"valueName":"search_term_string"}}],"inLanguage":"pt-BR"},{"@type":"Organization","@id":"https:\/\/agenciainfra.com\/blog\/#organization","name":"Ag\u00eancia iNFRA","url":"https:\/\/agenciainfra.com\/blog\/","logo":{"@type":"ImageObject","inLanguage":"pt-BR","@id":"https:\/\/agenciainfra.com\/blog\/#\/schema\/logo\/image\/","url":"https:\/\/agenciainfra.com\/blog\/wp-content\/uploads\/2023\/09\/iNFRA_5-e1761735885940.png","contentUrl":"https:\/\/agenciainfra.com\/blog\/wp-content\/uploads\/2023\/09\/iNFRA_5-e1761735885940.png","width":1672,"height":454,"caption":"Ag\u00eancia iNFRA"},"image":{"@id":"https:\/\/agenciainfra.com\/blog\/#\/schema\/logo\/image\/"},"sameAs":["https:\/\/www.facebook.com\/ageninfra","https:\/\/x.com\/agencia_infra","https:\/\/www.linkedin.com\/company\/ag\u00eanciainfra\/","https:\/\/www.instagram.com\/agenciainfra\/"]},{"@type":"Person","@id":"https:\/\/agenciainfra.com\/blog\/#\/schema\/person\/34af08dff6adea4cb22b06612ba7acfa","name":"Ag\u00eancia iNFRA","image":{"@type":"ImageObject","inLanguage":"pt-BR","@id":"https:\/\/agenciainfra.com\/blog\/#\/schema\/person\/image\/","url":"https:\/\/secure.gravatar.com\/avatar\/d189e01678f06d8eb84d4e01f08eb848b3fffe3f8443818d3c356c66892f5be8?s=96&d=mm&r=g","contentUrl":"https:\/\/secure.gravatar.com\/avatar\/d189e01678f06d8eb84d4e01f08eb848b3fffe3f8443818d3c356c66892f5be8?s=96&d=mm&r=g","caption":"Ag\u00eancia iNFRA"},"url":"https:\/\/agenciainfra.com\/blog\/author\/admin\/"}]}},"_links":{"self":[{"href":"https:\/\/agenciainfra.com\/blog\/wp-json\/wp\/v2\/posts\/24190","targetHints":{"allow":["GET"]}}],"collection":[{"href":"https:\/\/agenciainfra.com\/blog\/wp-json\/wp\/v2\/posts"}],"about":[{"href":"https:\/\/agenciainfra.com\/blog\/wp-json\/wp\/v2\/types\/post"}],"author":[{"embeddable":true,"href":"https:\/\/agenciainfra.com\/blog\/wp-json\/wp\/v2\/users\/1"}],"replies":[{"embeddable":true,"href":"https:\/\/agenciainfra.com\/blog\/wp-json\/wp\/v2\/comments?post=24190"}],"version-history":[{"count":1,"href":"https:\/\/agenciainfra.com\/blog\/wp-json\/wp\/v2\/posts\/24190\/revisions"}],"predecessor-version":[{"id":24192,"href":"https:\/\/agenciainfra.com\/blog\/wp-json\/wp\/v2\/posts\/24190\/revisions\/24192"}],"wp:attachment":[{"href":"https:\/\/agenciainfra.com\/blog\/wp-json\/wp\/v2\/media?parent=24190"}],"wp:term":[{"taxonomy":"category","embeddable":true,"href":"https:\/\/agenciainfra.com\/blog\/wp-json\/wp\/v2\/categories?post=24190"},{"taxonomy":"post_tag","embeddable":true,"href":"https:\/\/agenciainfra.com\/blog\/wp-json\/wp\/v2\/tags?post=24190"}],"curies":[{"name":"wp","href":"https:\/\/api.w.org\/{rel}","templated":true}]}}