{"id":24215,"date":"2025-07-08T09:00:00","date_gmt":"2025-07-08T12:00:00","guid":{"rendered":"https:\/\/agenciainfra.com\/blog\/?p=24215"},"modified":"2025-07-08T20:12:14","modified_gmt":"2025-07-08T23:12:14","slug":"curtailment-de-solar-bate-recorde-e-chega-a-28-com-perspectiva-de-piora-diz-banco","status":"publish","type":"post","link":"https:\/\/agenciainfra.com\/blog\/curtailment-de-solar-bate-recorde-e-chega-a-28-com-perspectiva-de-piora-diz-banco\/","title":{"rendered":"Curtailment de solar bate recorde e chega a 28%, com perspectiva de piora, diz banco"},"content":{"rendered":"\n<p class=\"has-text-align-right\"><strong>Marisa Wanzeller, Geraldo Campos Jr. e Lais Carregosa, da Ag\u00eancia iNFRA<\/strong><\/p>\n\n\n\n<p>Os cortes de gera\u00e7\u00e3o de energia obrigat\u00f3rios, conhecidos como curtailment, atingiram 28% da produ\u00e7\u00e3o solar centralizada em junho de 2025, um recorde para o segmento. O curtailment normalmente ocorre por falta de demanda suficiente para o excesso de produ\u00e7\u00e3o, ou por falta de infraestrutura para escoamento&nbsp;da energia. Os dados s\u00e3o do Bradesco BBI, \u00e1rea de investimentos do banco, em relat\u00f3rio distribu\u00eddo aos clientes.<br><br>No segundo trimestre (de abril a junho), a m\u00e9dia de cortes solares sem compensa\u00e7\u00e3o aos geradores foi de 21% da produ\u00e7\u00e3o,&nbsp;alta expressiva em compara\u00e7\u00e3o com o mesmo per\u00edodo de 2024, quando o percentual ficou em 7%. J\u00e1 a gera\u00e7\u00e3o e\u00f3lica registrou cortes na casa de 11% no segundo trimestre, de acordo com o texto, que tem como base os dados do ONS (Operador Nacional do Sistema El\u00e9trico).&nbsp;Segundo a institui\u00e7\u00e3o, a perspectiva \u00e9 de que os cortes continuem em crescimento neste segundo semestre, sem expectativa de melhora sobretudo para o segmento solar.<br><br>O Bradesco BBI destaca que h\u00e1 perspectiva de n\u00edveis de restri\u00e7\u00f5es&nbsp;ainda maiores no segundo&nbsp;semestre de 2025, o que pode levar a um \u201cresultado catastr\u00f3fico\u201d, especialmente para os ativos de energia solar.<br><br><strong>Medidas mitigadoras<\/strong><br>O banco aponta que a expectativa de alta do curtailment a partir de agora&nbsp;tem preocupado os players do setor, que esperam uma proposta de solu\u00e7\u00e3o em breve. Para o segmento solar, o relat\u00f3rio destaca que n\u00e3o h\u00e1 nenhuma medida mitigadora em vig\u00eancia at\u00e9 o momento nem qualquer vislumbre de solu\u00e7\u00e3o no curto prazo.<br><br>J\u00e1 o segmento e\u00f3lico foi beneficiado com a medida do ONS que aumentou o interc\u00e2mbio de energia entre Nordeste e Sudeste no per\u00edodo noturno, momento em que se concentra o maior fluxo de ventos. No entanto, ressalta-se que n\u00e3o ser\u00e1 suficiente para atravessar a chamada \u201csafra dos ventos\u201d \u2013 concentrada na segunda metade do ano.<br><br><strong>Solu\u00e7\u00f5es<\/strong><br>O relat\u00f3rio elenca algumas solu\u00e7\u00f5es j\u00e1 aventadas para o problema do curtailment. Uma delas, que trata da possibilidade de repassar todo o preju\u00edzo dos geradores para a tarifa dos consumidores, o banco avalia que teria \u201cbaixa chance de sucesso\u201d por encontrar forte oposi\u00e7\u00e3o pol\u00edtica ao aumento do pre\u00e7o da energia.<br><br>Uma alternativa mais equilibrada, conforme avaliam os especialistas do Bradesco BBI, seria repassar ao consumidor&nbsp;apenas a parte \u201creembols\u00e1vel\u201d dos cortes. No entanto, essa parte representa apenas uma pequena parcela do problema total.&nbsp;<br><br>Uma terceira solu\u00e7\u00e3o que vem sendo discutida, como pontua o relat\u00f3rio, \u00e9 a inclus\u00e3o da MMGD (Micro e Minigera\u00e7\u00e3o Distribu\u00edda) no curtailment \u2013 com o compartilhamento do problema com esse segmento de pain\u00e9is solares de pequeno porte. Por fim, os analistas tamb\u00e9m citam a possibilidade de encontrar meios de redistribuir as perdas entre geradores e\u00f3licos e solares de uma forma mais balanceada, o que n\u00e3o \u00e9 feito atualmente.&nbsp;<br><br><strong>Ranking<\/strong><br>Lidera o \u00edndice de preju\u00edzo em ambos os segmentos a empresa Alupar, que teve 37% de sua gera\u00e7\u00e3o solar cortada no segundo trimestre do ano, sem direito a ressarcimento; e 22% da gera\u00e7\u00e3o e\u00f3lica. Outras empresas que ocupam o ranking de curtailment n\u00e3o ressarcido s\u00e3o: Equatorial e Auren, no segmento fotovoltaico, com 32% e 31% de corte respectivamente; e CPFL e Copel, no segmento e\u00f3lico, com 19% e 15% de corte, respectivamente. As informa\u00e7\u00f5es constam na an\u00e1lise.&nbsp;<br><br>No segundo trimestre de 2025, os estados com maiores n\u00edveis de curtailment de gera\u00e7\u00e3o solar foram: Minas Gerais (25%), Bahia (24%), Pernambuco (20%), Piau\u00ed (19%), Cear\u00e1 (16%), Rio Grande do Norte (16%), S\u00e3o Paulo (11%) e Para\u00edba (7%).<br><br>No caso da gera\u00e7\u00e3o e\u00f3lica, comp\u00f5em o ranking no segundo trimestre: Rio Grande do Norte (21%), Cear\u00e1 (15%), Bahia (15%), Piau\u00ed (9%), Pernambuco (8%), Rio Grande do Sul (7%), Maranh\u00e3o (6%), Para\u00edba (2%) e Santa Catarina (1%).<\/p>\n","protected":false},"excerpt":{"rendered":"<p>Marisa Wanzeller, Geraldo Campos Jr. e Lais Carregosa, da Ag\u00eancia iNFRA Os cortes de gera\u00e7\u00e3o de energia obrigat\u00f3rios, conhecidos como curtailment, atingiram 28% da produ\u00e7\u00e3o solar centralizada em junho de 2025, um recorde para o segmento. O curtailment normalmente ocorre por falta de demanda suficiente para o excesso de produ\u00e7\u00e3o, ou por falta de infraestrutura [&hellip;]<\/p>\n","protected":false},"author":1,"featured_media":7157,"comment_status":"closed","ping_status":"closed","sticky":false,"template":"","format":"standard","meta":{"_monsterinsights_skip_tracking":false,"_monsterinsights_sitenote_active":false,"_monsterinsights_sitenote_note":"","_monsterinsights_sitenote_category":0,"footnotes":""},"categories":[1,10],"tags":[14214,12154,14213,11474,14212,25,1093,12591,2803,11594,13132,7366],"class_list":["post-24215","post","type-post","status-publish","format-standard","has-post-thumbnail","hentry","category-geral","category-infraenergia","tag-bradesco-bbi","tag-cortes-de-geracao","tag-cortes-solares","tag-curtailment","tag-curtailment-de-solar","tag-energia","tag-energia-solar","tag-escoamento-de-energia","tag-geracao-de-energia","tag-geraldo-campos-jr","tag-lais-carregosa","tag-marisa-wanzeller"],"yoast_head":"<!-- This site is optimized with the Yoast SEO Premium plugin v25.4 (Yoast SEO v26.0) - https:\/\/yoast.com\/wordpress\/plugins\/seo\/ -->\n<title>Curtailment de solar bate recorde e chega a 28%, com perspectiva de piora, diz banco - Ag\u00eancia iNFRA<\/title>\n<meta name=\"robots\" content=\"index, follow, max-snippet:-1, max-image-preview:large, max-video-preview:-1\" \/>\n<link rel=\"canonical\" href=\"https:\/\/agenciainfra.com\/blog\/curtailment-de-solar-bate-recorde-e-chega-a-28-com-perspectiva-de-piora-diz-banco\/\" \/>\n<meta property=\"og:locale\" content=\"pt_BR\" \/>\n<meta property=\"og:type\" content=\"article\" \/>\n<meta property=\"og:title\" content=\"Curtailment de solar bate recorde e chega a 28%, com perspectiva de piora, diz banco\" \/>\n<meta property=\"og:description\" content=\"Marisa Wanzeller, Geraldo Campos Jr. e Lais Carregosa, da Ag\u00eancia iNFRA Os cortes de gera\u00e7\u00e3o de energia obrigat\u00f3rios, conhecidos como curtailment, atingiram 28% da produ\u00e7\u00e3o solar centralizada em junho de 2025, um recorde para o segmento. O curtailment normalmente ocorre por falta de demanda suficiente para o excesso de produ\u00e7\u00e3o, ou por falta de infraestrutura [&hellip;]\" \/>\n<meta property=\"og:url\" content=\"https:\/\/agenciainfra.com\/blog\/curtailment-de-solar-bate-recorde-e-chega-a-28-com-perspectiva-de-piora-diz-banco\/\" \/>\n<meta property=\"og:site_name\" content=\"Ag\u00eancia iNFRA\" \/>\n<meta property=\"article:publisher\" content=\"https:\/\/www.facebook.com\/ageninfra\" \/>\n<meta property=\"article:published_time\" content=\"2025-07-08T12:00:00+00:00\" \/>\n<meta property=\"article:modified_time\" content=\"2025-07-08T23:12:14+00:00\" \/>\n<meta property=\"og:image\" content=\"https:\/\/agenciainfra.com\/blog\/wp-content\/uploads\/2021\/04\/painel-solar-foto-dominio-publico-e1751971134999.jpeg\" \/>\n\t<meta property=\"og:image:width\" content=\"1280\" \/>\n\t<meta property=\"og:image:height\" content=\"774\" \/>\n\t<meta property=\"og:image:type\" content=\"image\/jpeg\" \/>\n<meta name=\"author\" content=\"Ag\u00eancia iNFRA\" \/>\n<meta name=\"twitter:card\" content=\"summary_large_image\" \/>\n<meta name=\"twitter:creator\" content=\"@agencia_infra\" \/>\n<meta name=\"twitter:site\" content=\"@agencia_infra\" \/>\n<meta name=\"twitter:label1\" content=\"Escrito por\" \/>\n\t<meta name=\"twitter:data1\" content=\"Ag\u00eancia iNFRA\" \/>\n\t<meta name=\"twitter:label2\" content=\"Est. tempo de leitura\" \/>\n\t<meta name=\"twitter:data2\" content=\"3 minutos\" \/>\n<script type=\"application\/ld+json\" class=\"yoast-schema-graph\">{\"@context\":\"https:\/\/schema.org\",\"@graph\":[{\"@type\":\"Article\",\"@id\":\"https:\/\/agenciainfra.com\/blog\/curtailment-de-solar-bate-recorde-e-chega-a-28-com-perspectiva-de-piora-diz-banco\/#article\",\"isPartOf\":{\"@id\":\"https:\/\/agenciainfra.com\/blog\/curtailment-de-solar-bate-recorde-e-chega-a-28-com-perspectiva-de-piora-diz-banco\/\"},\"author\":{\"name\":\"Ag\u00eancia iNFRA\",\"@id\":\"https:\/\/agenciainfra.com\/blog\/#\/schema\/person\/34af08dff6adea4cb22b06612ba7acfa\"},\"headline\":\"Curtailment de solar bate recorde e chega a 28%, com perspectiva de piora, diz banco\",\"datePublished\":\"2025-07-08T12:00:00+00:00\",\"dateModified\":\"2025-07-08T23:12:14+00:00\",\"mainEntityOfPage\":{\"@id\":\"https:\/\/agenciainfra.com\/blog\/curtailment-de-solar-bate-recorde-e-chega-a-28-com-perspectiva-de-piora-diz-banco\/\"},\"wordCount\":669,\"publisher\":{\"@id\":\"https:\/\/agenciainfra.com\/blog\/#organization\"},\"image\":{\"@id\":\"https:\/\/agenciainfra.com\/blog\/curtailment-de-solar-bate-recorde-e-chega-a-28-com-perspectiva-de-piora-diz-banco\/#primaryimage\"},\"thumbnailUrl\":\"https:\/\/agenciainfra.com\/blog\/wp-content\/uploads\/2021\/04\/painel-solar-foto-dominio-publico-e1751971134999.jpeg\",\"keywords\":[\"bradesco bbi\",\"cortes de gera\u00e7\u00e3o\",\"cortes solares\",\"curtailment\",\"curtailment de solar\",\"energia\",\"energia solar\",\"escoamento de energia\",\"gera\u00e7\u00e3o de energia\",\"Geraldo Campos Jr.\",\"Lais Carregosa\",\"Marisa Wanzeller\"],\"articleSection\":[\"Geral\",\"iNFRAEnergia\"],\"inLanguage\":\"pt-BR\",\"copyrightYear\":\"2025\",\"copyrightHolder\":{\"@id\":\"https:\/\/agenciainfra.com\/blog\/#organization\"}},{\"@type\":\"WebPage\",\"@id\":\"https:\/\/agenciainfra.com\/blog\/curtailment-de-solar-bate-recorde-e-chega-a-28-com-perspectiva-de-piora-diz-banco\/\",\"url\":\"https:\/\/agenciainfra.com\/blog\/curtailment-de-solar-bate-recorde-e-chega-a-28-com-perspectiva-de-piora-diz-banco\/\",\"name\":\"Curtailment de solar bate recorde e chega a 28%, com perspectiva de piora, diz banco - Ag\u00eancia iNFRA\",\"isPartOf\":{\"@id\":\"https:\/\/agenciainfra.com\/blog\/#website\"},\"primaryImageOfPage\":{\"@id\":\"https:\/\/agenciainfra.com\/blog\/curtailment-de-solar-bate-recorde-e-chega-a-28-com-perspectiva-de-piora-diz-banco\/#primaryimage\"},\"image\":{\"@id\":\"https:\/\/agenciainfra.com\/blog\/curtailment-de-solar-bate-recorde-e-chega-a-28-com-perspectiva-de-piora-diz-banco\/#primaryimage\"},\"thumbnailUrl\":\"https:\/\/agenciainfra.com\/blog\/wp-content\/uploads\/2021\/04\/painel-solar-foto-dominio-publico-e1751971134999.jpeg\",\"datePublished\":\"2025-07-08T12:00:00+00:00\",\"dateModified\":\"2025-07-08T23:12:14+00:00\",\"breadcrumb\":{\"@id\":\"https:\/\/agenciainfra.com\/blog\/curtailment-de-solar-bate-recorde-e-chega-a-28-com-perspectiva-de-piora-diz-banco\/#breadcrumb\"},\"inLanguage\":\"pt-BR\",\"potentialAction\":[{\"@type\":\"ReadAction\",\"target\":[\"https:\/\/agenciainfra.com\/blog\/curtailment-de-solar-bate-recorde-e-chega-a-28-com-perspectiva-de-piora-diz-banco\/\"]}]},{\"@type\":\"ImageObject\",\"inLanguage\":\"pt-BR\",\"@id\":\"https:\/\/agenciainfra.com\/blog\/curtailment-de-solar-bate-recorde-e-chega-a-28-com-perspectiva-de-piora-diz-banco\/#primaryimage\",\"url\":\"https:\/\/agenciainfra.com\/blog\/wp-content\/uploads\/2021\/04\/painel-solar-foto-dominio-publico-e1751971134999.jpeg\",\"contentUrl\":\"https:\/\/agenciainfra.com\/blog\/wp-content\/uploads\/2021\/04\/painel-solar-foto-dominio-publico-e1751971134999.jpeg\",\"width\":1280,\"height\":774,\"caption\":\"Foto: Dom\u00ednio P\u00fablico\"},{\"@type\":\"BreadcrumbList\",\"@id\":\"https:\/\/agenciainfra.com\/blog\/curtailment-de-solar-bate-recorde-e-chega-a-28-com-perspectiva-de-piora-diz-banco\/#breadcrumb\",\"itemListElement\":[{\"@type\":\"ListItem\",\"position\":1,\"name\":\"In\u00edcio\",\"item\":\"https:\/\/agenciainfra.com\/blog\/\"},{\"@type\":\"ListItem\",\"position\":2,\"name\":\"Curtailment de solar bate recorde e chega a 28%, com perspectiva de piora, diz banco\"}]},{\"@type\":\"WebSite\",\"@id\":\"https:\/\/agenciainfra.com\/blog\/#website\",\"url\":\"https:\/\/agenciainfra.com\/blog\/\",\"name\":\"Ag\u00eancia iNFRA\",\"description\":\"Multiplataforma de informa\u00e7\u00e3o jornal\u00edstica refer\u00eancia na \u00e1rea de infraestrutura no Brasil!\",\"publisher\":{\"@id\":\"https:\/\/agenciainfra.com\/blog\/#organization\"},\"potentialAction\":[{\"@type\":\"SearchAction\",\"target\":{\"@type\":\"EntryPoint\",\"urlTemplate\":\"https:\/\/agenciainfra.com\/blog\/?s={search_term_string}\"},\"query-input\":{\"@type\":\"PropertyValueSpecification\",\"valueRequired\":true,\"valueName\":\"search_term_string\"}}],\"inLanguage\":\"pt-BR\"},{\"@type\":\"Organization\",\"@id\":\"https:\/\/agenciainfra.com\/blog\/#organization\",\"name\":\"Ag\u00eancia iNFRA\",\"url\":\"https:\/\/agenciainfra.com\/blog\/\",\"logo\":{\"@type\":\"ImageObject\",\"inLanguage\":\"pt-BR\",\"@id\":\"https:\/\/agenciainfra.com\/blog\/#\/schema\/logo\/image\/\",\"url\":\"https:\/\/agenciainfra.com\/blog\/wp-content\/uploads\/2023\/09\/iNFRA_5-e1761735885940.png\",\"contentUrl\":\"https:\/\/agenciainfra.com\/blog\/wp-content\/uploads\/2023\/09\/iNFRA_5-e1761735885940.png\",\"width\":1672,\"height\":454,\"caption\":\"Ag\u00eancia iNFRA\"},\"image\":{\"@id\":\"https:\/\/agenciainfra.com\/blog\/#\/schema\/logo\/image\/\"},\"sameAs\":[\"https:\/\/www.facebook.com\/ageninfra\",\"https:\/\/x.com\/agencia_infra\",\"https:\/\/www.linkedin.com\/company\/ag\u00eanciainfra\/\",\"https:\/\/www.instagram.com\/agenciainfra\/\"]},{\"@type\":\"Person\",\"@id\":\"https:\/\/agenciainfra.com\/blog\/#\/schema\/person\/34af08dff6adea4cb22b06612ba7acfa\",\"name\":\"Ag\u00eancia iNFRA\",\"image\":{\"@type\":\"ImageObject\",\"inLanguage\":\"pt-BR\",\"@id\":\"https:\/\/agenciainfra.com\/blog\/#\/schema\/person\/image\/\",\"url\":\"https:\/\/secure.gravatar.com\/avatar\/d189e01678f06d8eb84d4e01f08eb848b3fffe3f8443818d3c356c66892f5be8?s=96&d=mm&r=g\",\"contentUrl\":\"https:\/\/secure.gravatar.com\/avatar\/d189e01678f06d8eb84d4e01f08eb848b3fffe3f8443818d3c356c66892f5be8?s=96&d=mm&r=g\",\"caption\":\"Ag\u00eancia iNFRA\"},\"url\":\"https:\/\/agenciainfra.com\/blog\/author\/admin\/\"}]}<\/script>\n<!-- \/ Yoast SEO Premium plugin. -->","yoast_head_json":{"title":"Curtailment de solar bate recorde e chega a 28%, com perspectiva de piora, diz banco - Ag\u00eancia iNFRA","robots":{"index":"index","follow":"follow","max-snippet":"max-snippet:-1","max-image-preview":"max-image-preview:large","max-video-preview":"max-video-preview:-1"},"canonical":"https:\/\/agenciainfra.com\/blog\/curtailment-de-solar-bate-recorde-e-chega-a-28-com-perspectiva-de-piora-diz-banco\/","og_locale":"pt_BR","og_type":"article","og_title":"Curtailment de solar bate recorde e chega a 28%, com perspectiva de piora, diz banco","og_description":"Marisa Wanzeller, Geraldo Campos Jr. e Lais Carregosa, da Ag\u00eancia iNFRA Os cortes de gera\u00e7\u00e3o de energia obrigat\u00f3rios, conhecidos como curtailment, atingiram 28% da produ\u00e7\u00e3o solar centralizada em junho de 2025, um recorde para o segmento. O curtailment normalmente ocorre por falta de demanda suficiente para o excesso de produ\u00e7\u00e3o, ou por falta de infraestrutura [&hellip;]","og_url":"https:\/\/agenciainfra.com\/blog\/curtailment-de-solar-bate-recorde-e-chega-a-28-com-perspectiva-de-piora-diz-banco\/","og_site_name":"Ag\u00eancia iNFRA","article_publisher":"https:\/\/www.facebook.com\/ageninfra","article_published_time":"2025-07-08T12:00:00+00:00","article_modified_time":"2025-07-08T23:12:14+00:00","og_image":[{"width":1280,"height":774,"url":"https:\/\/agenciainfra.com\/blog\/wp-content\/uploads\/2021\/04\/painel-solar-foto-dominio-publico-e1751971134999.jpeg","type":"image\/jpeg"}],"author":"Ag\u00eancia iNFRA","twitter_card":"summary_large_image","twitter_creator":"@agencia_infra","twitter_site":"@agencia_infra","twitter_misc":{"Escrito por":"Ag\u00eancia iNFRA","Est. tempo de leitura":"3 minutos"},"schema":{"@context":"https:\/\/schema.org","@graph":[{"@type":"Article","@id":"https:\/\/agenciainfra.com\/blog\/curtailment-de-solar-bate-recorde-e-chega-a-28-com-perspectiva-de-piora-diz-banco\/#article","isPartOf":{"@id":"https:\/\/agenciainfra.com\/blog\/curtailment-de-solar-bate-recorde-e-chega-a-28-com-perspectiva-de-piora-diz-banco\/"},"author":{"name":"Ag\u00eancia iNFRA","@id":"https:\/\/agenciainfra.com\/blog\/#\/schema\/person\/34af08dff6adea4cb22b06612ba7acfa"},"headline":"Curtailment de solar bate recorde e chega a 28%, com perspectiva de piora, diz banco","datePublished":"2025-07-08T12:00:00+00:00","dateModified":"2025-07-08T23:12:14+00:00","mainEntityOfPage":{"@id":"https:\/\/agenciainfra.com\/blog\/curtailment-de-solar-bate-recorde-e-chega-a-28-com-perspectiva-de-piora-diz-banco\/"},"wordCount":669,"publisher":{"@id":"https:\/\/agenciainfra.com\/blog\/#organization"},"image":{"@id":"https:\/\/agenciainfra.com\/blog\/curtailment-de-solar-bate-recorde-e-chega-a-28-com-perspectiva-de-piora-diz-banco\/#primaryimage"},"thumbnailUrl":"https:\/\/agenciainfra.com\/blog\/wp-content\/uploads\/2021\/04\/painel-solar-foto-dominio-publico-e1751971134999.jpeg","keywords":["bradesco bbi","cortes de gera\u00e7\u00e3o","cortes solares","curtailment","curtailment de solar","energia","energia solar","escoamento de energia","gera\u00e7\u00e3o de energia","Geraldo Campos Jr.","Lais Carregosa","Marisa Wanzeller"],"articleSection":["Geral","iNFRAEnergia"],"inLanguage":"pt-BR","copyrightYear":"2025","copyrightHolder":{"@id":"https:\/\/agenciainfra.com\/blog\/#organization"}},{"@type":"WebPage","@id":"https:\/\/agenciainfra.com\/blog\/curtailment-de-solar-bate-recorde-e-chega-a-28-com-perspectiva-de-piora-diz-banco\/","url":"https:\/\/agenciainfra.com\/blog\/curtailment-de-solar-bate-recorde-e-chega-a-28-com-perspectiva-de-piora-diz-banco\/","name":"Curtailment de solar bate recorde e chega a 28%, com perspectiva de piora, diz banco - Ag\u00eancia iNFRA","isPartOf":{"@id":"https:\/\/agenciainfra.com\/blog\/#website"},"primaryImageOfPage":{"@id":"https:\/\/agenciainfra.com\/blog\/curtailment-de-solar-bate-recorde-e-chega-a-28-com-perspectiva-de-piora-diz-banco\/#primaryimage"},"image":{"@id":"https:\/\/agenciainfra.com\/blog\/curtailment-de-solar-bate-recorde-e-chega-a-28-com-perspectiva-de-piora-diz-banco\/#primaryimage"},"thumbnailUrl":"https:\/\/agenciainfra.com\/blog\/wp-content\/uploads\/2021\/04\/painel-solar-foto-dominio-publico-e1751971134999.jpeg","datePublished":"2025-07-08T12:00:00+00:00","dateModified":"2025-07-08T23:12:14+00:00","breadcrumb":{"@id":"https:\/\/agenciainfra.com\/blog\/curtailment-de-solar-bate-recorde-e-chega-a-28-com-perspectiva-de-piora-diz-banco\/#breadcrumb"},"inLanguage":"pt-BR","potentialAction":[{"@type":"ReadAction","target":["https:\/\/agenciainfra.com\/blog\/curtailment-de-solar-bate-recorde-e-chega-a-28-com-perspectiva-de-piora-diz-banco\/"]}]},{"@type":"ImageObject","inLanguage":"pt-BR","@id":"https:\/\/agenciainfra.com\/blog\/curtailment-de-solar-bate-recorde-e-chega-a-28-com-perspectiva-de-piora-diz-banco\/#primaryimage","url":"https:\/\/agenciainfra.com\/blog\/wp-content\/uploads\/2021\/04\/painel-solar-foto-dominio-publico-e1751971134999.jpeg","contentUrl":"https:\/\/agenciainfra.com\/blog\/wp-content\/uploads\/2021\/04\/painel-solar-foto-dominio-publico-e1751971134999.jpeg","width":1280,"height":774,"caption":"Foto: Dom\u00ednio P\u00fablico"},{"@type":"BreadcrumbList","@id":"https:\/\/agenciainfra.com\/blog\/curtailment-de-solar-bate-recorde-e-chega-a-28-com-perspectiva-de-piora-diz-banco\/#breadcrumb","itemListElement":[{"@type":"ListItem","position":1,"name":"In\u00edcio","item":"https:\/\/agenciainfra.com\/blog\/"},{"@type":"ListItem","position":2,"name":"Curtailment de solar bate recorde e chega a 28%, com perspectiva de piora, diz banco"}]},{"@type":"WebSite","@id":"https:\/\/agenciainfra.com\/blog\/#website","url":"https:\/\/agenciainfra.com\/blog\/","name":"Ag\u00eancia iNFRA","description":"Multiplataforma de informa\u00e7\u00e3o jornal\u00edstica refer\u00eancia na \u00e1rea de infraestrutura no Brasil!","publisher":{"@id":"https:\/\/agenciainfra.com\/blog\/#organization"},"potentialAction":[{"@type":"SearchAction","target":{"@type":"EntryPoint","urlTemplate":"https:\/\/agenciainfra.com\/blog\/?s={search_term_string}"},"query-input":{"@type":"PropertyValueSpecification","valueRequired":true,"valueName":"search_term_string"}}],"inLanguage":"pt-BR"},{"@type":"Organization","@id":"https:\/\/agenciainfra.com\/blog\/#organization","name":"Ag\u00eancia iNFRA","url":"https:\/\/agenciainfra.com\/blog\/","logo":{"@type":"ImageObject","inLanguage":"pt-BR","@id":"https:\/\/agenciainfra.com\/blog\/#\/schema\/logo\/image\/","url":"https:\/\/agenciainfra.com\/blog\/wp-content\/uploads\/2023\/09\/iNFRA_5-e1761735885940.png","contentUrl":"https:\/\/agenciainfra.com\/blog\/wp-content\/uploads\/2023\/09\/iNFRA_5-e1761735885940.png","width":1672,"height":454,"caption":"Ag\u00eancia iNFRA"},"image":{"@id":"https:\/\/agenciainfra.com\/blog\/#\/schema\/logo\/image\/"},"sameAs":["https:\/\/www.facebook.com\/ageninfra","https:\/\/x.com\/agencia_infra","https:\/\/www.linkedin.com\/company\/ag\u00eanciainfra\/","https:\/\/www.instagram.com\/agenciainfra\/"]},{"@type":"Person","@id":"https:\/\/agenciainfra.com\/blog\/#\/schema\/person\/34af08dff6adea4cb22b06612ba7acfa","name":"Ag\u00eancia iNFRA","image":{"@type":"ImageObject","inLanguage":"pt-BR","@id":"https:\/\/agenciainfra.com\/blog\/#\/schema\/person\/image\/","url":"https:\/\/secure.gravatar.com\/avatar\/d189e01678f06d8eb84d4e01f08eb848b3fffe3f8443818d3c356c66892f5be8?s=96&d=mm&r=g","contentUrl":"https:\/\/secure.gravatar.com\/avatar\/d189e01678f06d8eb84d4e01f08eb848b3fffe3f8443818d3c356c66892f5be8?s=96&d=mm&r=g","caption":"Ag\u00eancia iNFRA"},"url":"https:\/\/agenciainfra.com\/blog\/author\/admin\/"}]}},"_links":{"self":[{"href":"https:\/\/agenciainfra.com\/blog\/wp-json\/wp\/v2\/posts\/24215","targetHints":{"allow":["GET"]}}],"collection":[{"href":"https:\/\/agenciainfra.com\/blog\/wp-json\/wp\/v2\/posts"}],"about":[{"href":"https:\/\/agenciainfra.com\/blog\/wp-json\/wp\/v2\/types\/post"}],"author":[{"embeddable":true,"href":"https:\/\/agenciainfra.com\/blog\/wp-json\/wp\/v2\/users\/1"}],"replies":[{"embeddable":true,"href":"https:\/\/agenciainfra.com\/blog\/wp-json\/wp\/v2\/comments?post=24215"}],"version-history":[{"count":1,"href":"https:\/\/agenciainfra.com\/blog\/wp-json\/wp\/v2\/posts\/24215\/revisions"}],"predecessor-version":[{"id":24216,"href":"https:\/\/agenciainfra.com\/blog\/wp-json\/wp\/v2\/posts\/24215\/revisions\/24216"}],"wp:featuredmedia":[{"embeddable":true,"href":"https:\/\/agenciainfra.com\/blog\/wp-json\/wp\/v2\/media\/7157"}],"wp:attachment":[{"href":"https:\/\/agenciainfra.com\/blog\/wp-json\/wp\/v2\/media?parent=24215"}],"wp:term":[{"taxonomy":"category","embeddable":true,"href":"https:\/\/agenciainfra.com\/blog\/wp-json\/wp\/v2\/categories?post=24215"},{"taxonomy":"post_tag","embeddable":true,"href":"https:\/\/agenciainfra.com\/blog\/wp-json\/wp\/v2\/tags?post=24215"}],"curies":[{"name":"wp","href":"https:\/\/api.w.org\/{rel}","templated":true}]}}