{"id":24224,"date":"2025-07-09T08:02:00","date_gmt":"2025-07-09T11:02:00","guid":{"rendered":"https:\/\/agenciainfra.com\/blog\/?p=24224"},"modified":"2025-07-09T16:26:58","modified_gmt":"2025-07-09T19:26:58","slug":"minas-vai-lancar-concessao-de-bloco-de-saneamento-com-r-75-bilhoes-de-aporte-para-atender-200-cidades","status":"publish","type":"post","link":"https:\/\/agenciainfra.com\/blog\/minas-vai-lancar-concessao-de-bloco-de-saneamento-com-r-75-bilhoes-de-aporte-para-atender-200-cidades\/","title":{"rendered":"Minas vai lan\u00e7ar concess\u00e3o de bloco de saneamento com R$ 7,5 bilh\u00f5es de aporte para atender 200 cidades"},"content":{"rendered":"\n<p class=\"has-text-align-right\"><strong>Amanda Pupo, da Ag\u00eancia iNFRA<\/strong><\/p>\n\n\n\n<p>O governo de Minas Gerais estrutura para leiloar no pr\u00f3ximo ano a concess\u00e3o dos servi\u00e7os de saneamento de um bloco de cerca de 200 munic\u00edpios que est\u00e3o na regi\u00e3o de influ\u00eancia da Bacia do Rio Doce. Embora n\u00e3o seja caracterizado como uma PPP (Parceria P\u00fablico-Privada), o projeto vai contar com um aporte de R$ 7,5 bilh\u00f5es, previs\u00e3o que, para o Executivo mineiro, vai gerar o interesse inclusive de players internacionais no certame.\u00a0<br><br>O plano de estrutura\u00e7\u00e3o foi detalhado \u00e0\u00a0<strong>Ag\u00eancia iNFRA<\/strong>\u00a0pelo vice-governador de Minas, Mateus Sim\u00f5es. O desembolso bilion\u00e1rio vir\u00e1 do acordo fechado entre o Poder P\u00fablico e a mineradora Samarco como parte de indeniza\u00e7\u00e3o pelo rompimento da barragem em Mariana (MG), que ocorreu em 2015.\u00a0A previs\u00e3o inicial j\u00e1 era de que, do lado mineiro, R$ 7,5 bilh\u00f5es fossem destinados \u00e0 universaliza\u00e7\u00e3o do atendimento de \u00e1gua e esgoto na bacia.\u00a0<br><br>A partir disso, a decis\u00e3o do governo estadual \u00e9 de injetar o montante num bloco de saneamento e acelerar a cobertura na regi\u00e3o. Segundo Sim\u00f5es, o dinheiro ser\u00e1 liberado num fluxo de sete anos, obedecendo o cronograma de pagamentos da Samarco, joint venture da BHP Brasil e Vale. O dinheiro n\u00e3o ir\u00e1 transitar no or\u00e7amento estadual, fluindo da conta judicial diretamente para a concess\u00e3o, que precisar\u00e1 cumprir crit\u00e9rios contratuais para ter acesso aos recursos.<br><br>\u201cPelo que temos conversado, entendo inclusive que operadores estrangeiros v\u00e3o se interessar. Eu passo a ter um mecanismo de financiamento muito melhor do que as outras concess\u00f5es que est\u00e3o sendo feitas\u201d, afirmou o n\u00famero 2 do governo de\u00a0Romeu Zema.<br><br>As concess\u00f5es de servi\u00e7o de \u00e1gua e esgotamento sanit\u00e1rio de cidades em bloco foram impulsionadas pelo marco legal do saneamento, de 2020, que previu a modalidade para dar viabilidade econ\u00f4mico-financeira aos projetos, reunindo cidades menos e mais rent\u00e1veis. De acordo com\u00a0o vice-governador, o n\u00edvel atual de atendimento do grupo de munic\u00edpios em estrutura\u00e7\u00e3o \u00e9 variado, apesar de n\u00e3o ser um \u201cfil\u00e9 com osso mais duro\u201d.\u00a0<br><br>No vale\u00a0do Rio Doce, quase nenhuma cidade n\u00e3o \u00e9 atendida com \u00e1gua tratada, diferente da regi\u00e3o norte do estado, apontou.\u00a0\u201cE n\u00f3s temos mais da metade dessas cidades com algum servi\u00e7o de esgoto j\u00e1 instalado, mas universaliza\u00e7\u00e3o em quase nenhuma\u201d, explicou Sim\u00f5es,\u00a0segundo quem a modelagem \u00e9 estruturada em parceria com o Banco Mundial.\u00a0<br><br><strong>Aceite\u00a0dos munic\u00edpios<\/strong><br>O governo mineiro planeja fazer nas pr\u00f3ximas semanas um evento para explicar a concess\u00e3o aos 200 munic\u00edpios que pretende\u00a0incluir no bloco. Como os servi\u00e7os s\u00e3o de titularidade municipal, as prefeituras\u00a0poder\u00e3o dizer se querem ou n\u00e3o entrar na regionaliza\u00e7\u00e3o. Mas o vice-governador acredita que a ades\u00e3o ser\u00e1 positiva, especialmente pelo chamariz do aporte bilion\u00e1rio no projeto.\u00a0<br><br>A ideia \u00e9 que, com esses recursos, os munic\u00edpios\u00a0tamb\u00e9m n\u00e3o precisem arcar com os custos de indeniza\u00e7\u00e3o se precisarem romper contratos de presta\u00e7\u00e3o de servi\u00e7os j\u00e1 em andamento \u2013 inclusive com a Copasa (Companhia de Saneamento de Minas Gerais). A estatal, que o governo estadual quer privatizar, atende por conv\u00eanios quase metade das cidades\u00a0almejadas para o bloco.\u00a0<br><br>Segundo o vice-governador, essa poss\u00edvel perda de contratos pela companhia n\u00e3o vai afetar a estrutura\u00e7\u00e3o da venda, cujo aval ainda precisa passar pelo Legislativo. \u201cA grande cidade da regi\u00e3o, que \u00e9 Governador Valadares, a Copasa j\u00e1 perdeu h\u00e1 alguns anos\u201d, explicou.\u00a0<br><br><strong>Apetite<\/strong><br>O tamanho do capex (investimento) que ser\u00e1 demandado na concess\u00e3o ainda est\u00e1 sob avalia\u00e7\u00e3o, mas a expectativa \u00e9 de que o valor esteja definido entre julho e agosto. Com esse e outros pontos acertados, o governo mineiro quer abrir a consulta p\u00fablica sobre o projeto no segundo semestre, o que daria condi\u00e7\u00f5es para o leil\u00e3o ser realizado em 2026, j\u00e1 com o primeiro dep\u00f3sito viabilizado pelo acordo com a Samarco.\u00a0<br><br>\u201cA empresa j\u00e1 entra com a primeira parcela liberada, esse tamb\u00e9m deixa o leil\u00e3o mais competitivo\u201d, disse Sim\u00f5es, segundo quem, a princ\u00edpio, o certame deve ser decidido pelo des\u00e1gio tarif\u00e1rio ofertado. \u00a0<br><br>At\u00e9 o momento, o vice-governador v\u00ea dois concorrentes mais fortes para disputar a concess\u00e3o: a \u00c1gua de Valadares, da Aegea, que arrematou a concess\u00e3o de Governador Valadares no final de 2023, e a pr\u00f3pria Copasa. A entrada da estatal na concorr\u00eancia, contudo, deve depender do plano de privatiza\u00e7\u00e3o, antecipou Sim\u00f5es.\u00a0<br><br>\u201cSe conseguirmos a venda do controle acion\u00e1rio antes dessa opera\u00e7\u00e3o, a nova Copasa passa a ser a principal concorrente nessa poss\u00edvel concess\u00e3o. No formato atual, n\u00e3o, porque n\u00e3o temos competitividade nem apetite para expandir a Copasa no formato que ela tem hoje\u201d, afirmou o vice, para quem \u201ccertamente\u201d o leil\u00e3o ter\u00e1 mais que esses dois players.<\/p>\n","protected":false},"excerpt":{"rendered":"<p>Amanda Pupo, da Ag\u00eancia iNFRA O governo de Minas Gerais estrutura para leiloar no pr\u00f3ximo ano a concess\u00e3o dos servi\u00e7os de saneamento de um bloco de cerca de 200 munic\u00edpios que est\u00e3o na regi\u00e3o de influ\u00eancia da Bacia do Rio Doce. Embora n\u00e3o seja caracterizado como uma PPP (Parceria P\u00fablico-Privada), o projeto vai contar com [&hellip;]<\/p>\n","protected":false},"author":1,"featured_media":5534,"comment_status":"closed","ping_status":"closed","sticky":false,"template":"","format":"standard","meta":{"_monsterinsights_skip_tracking":false,"_monsterinsights_sitenote_active":false,"_monsterinsights_sitenote_note":"","_monsterinsights_sitenote_category":0,"footnotes":""},"categories":[1,7827],"tags":[13354,12869,1985,97,73,14223],"class_list":["post-24224","post","type-post","status-publish","format-standard","has-post-thumbnail","hentry","category-geral","category-infrasaneamento","tag-amanda-pupo","tag-concessao-de-saneamento","tag-minas-gerais","tag-ppp","tag-saneamento-basico","tag-saneamento-minas-gerais"],"yoast_head":"<!-- This site is optimized with the Yoast SEO Premium plugin v25.4 (Yoast SEO v26.0) - https:\/\/yoast.com\/wordpress\/plugins\/seo\/ -->\n<title>Minas vai lan\u00e7ar concess\u00e3o de bloco de saneamento com R$ 7,5 bilh\u00f5es de aporte para atender 200 cidades - Ag\u00eancia iNFRA<\/title>\n<meta name=\"robots\" content=\"index, follow, max-snippet:-1, max-image-preview:large, max-video-preview:-1\" \/>\n<link rel=\"canonical\" href=\"https:\/\/agenciainfra.com\/blog\/minas-vai-lancar-concessao-de-bloco-de-saneamento-com-r-75-bilhoes-de-aporte-para-atender-200-cidades\/\" \/>\n<meta property=\"og:locale\" content=\"pt_BR\" \/>\n<meta property=\"og:type\" content=\"article\" \/>\n<meta property=\"og:title\" content=\"Minas vai lan\u00e7ar concess\u00e3o de bloco de saneamento com R$ 7,5 bilh\u00f5es de aporte para atender 200 cidades\" \/>\n<meta property=\"og:description\" content=\"Amanda Pupo, da Ag\u00eancia iNFRA O governo de Minas Gerais estrutura para leiloar no pr\u00f3ximo ano a concess\u00e3o dos servi\u00e7os de saneamento de um bloco de cerca de 200 munic\u00edpios que est\u00e3o na regi\u00e3o de influ\u00eancia da Bacia do Rio Doce. Embora n\u00e3o seja caracterizado como uma PPP (Parceria P\u00fablico-Privada), o projeto vai contar com [&hellip;]\" \/>\n<meta property=\"og:url\" content=\"https:\/\/agenciainfra.com\/blog\/minas-vai-lancar-concessao-de-bloco-de-saneamento-com-r-75-bilhoes-de-aporte-para-atender-200-cidades\/\" \/>\n<meta property=\"og:site_name\" content=\"Ag\u00eancia iNFRA\" \/>\n<meta property=\"article:publisher\" content=\"https:\/\/www.facebook.com\/ageninfra\" \/>\n<meta property=\"article:published_time\" content=\"2025-07-09T11:02:00+00:00\" \/>\n<meta property=\"article:modified_time\" content=\"2025-07-09T19:26:58+00:00\" \/>\n<meta property=\"og:image\" content=\"https:\/\/agenciainfra.com\/blog\/wp-content\/uploads\/2020\/07\/saneamento-foto-mdr.jpg\" \/>\n\t<meta property=\"og:image:width\" content=\"1280\" \/>\n\t<meta property=\"og:image:height\" content=\"734\" \/>\n\t<meta property=\"og:image:type\" content=\"image\/jpeg\" \/>\n<meta name=\"author\" content=\"Ag\u00eancia iNFRA\" \/>\n<meta name=\"twitter:card\" content=\"summary_large_image\" \/>\n<meta name=\"twitter:creator\" content=\"@agencia_infra\" \/>\n<meta name=\"twitter:site\" content=\"@agencia_infra\" \/>\n<meta name=\"twitter:label1\" content=\"Escrito por\" \/>\n\t<meta name=\"twitter:data1\" content=\"Ag\u00eancia iNFRA\" \/>\n\t<meta name=\"twitter:label2\" content=\"Est. tempo de leitura\" \/>\n\t<meta name=\"twitter:data2\" content=\"4 minutos\" \/>\n<script type=\"application\/ld+json\" class=\"yoast-schema-graph\">{\"@context\":\"https:\/\/schema.org\",\"@graph\":[{\"@type\":\"Article\",\"@id\":\"https:\/\/agenciainfra.com\/blog\/minas-vai-lancar-concessao-de-bloco-de-saneamento-com-r-75-bilhoes-de-aporte-para-atender-200-cidades\/#article\",\"isPartOf\":{\"@id\":\"https:\/\/agenciainfra.com\/blog\/minas-vai-lancar-concessao-de-bloco-de-saneamento-com-r-75-bilhoes-de-aporte-para-atender-200-cidades\/\"},\"author\":{\"name\":\"Ag\u00eancia iNFRA\",\"@id\":\"https:\/\/agenciainfra.com\/blog\/#\/schema\/person\/34af08dff6adea4cb22b06612ba7acfa\"},\"headline\":\"Minas vai lan\u00e7ar concess\u00e3o de bloco de saneamento com R$ 7,5 bilh\u00f5es de aporte para atender 200 cidades\",\"datePublished\":\"2025-07-09T11:02:00+00:00\",\"dateModified\":\"2025-07-09T19:26:58+00:00\",\"mainEntityOfPage\":{\"@id\":\"https:\/\/agenciainfra.com\/blog\/minas-vai-lancar-concessao-de-bloco-de-saneamento-com-r-75-bilhoes-de-aporte-para-atender-200-cidades\/\"},\"wordCount\":844,\"publisher\":{\"@id\":\"https:\/\/agenciainfra.com\/blog\/#organization\"},\"image\":{\"@id\":\"https:\/\/agenciainfra.com\/blog\/minas-vai-lancar-concessao-de-bloco-de-saneamento-com-r-75-bilhoes-de-aporte-para-atender-200-cidades\/#primaryimage\"},\"thumbnailUrl\":\"https:\/\/agenciainfra.com\/blog\/wp-content\/uploads\/2020\/07\/saneamento-foto-mdr.jpg\",\"keywords\":[\"Amanda Pupo\",\"concess\u00e3o de saneamento\",\"Minas Gerais\",\"PPP\",\"Saneamento B\u00e1sico\",\"saneamento minas gerais\"],\"articleSection\":[\"Geral\",\"iNFRASaneamento\"],\"inLanguage\":\"pt-BR\",\"copyrightYear\":\"2025\",\"copyrightHolder\":{\"@id\":\"https:\/\/agenciainfra.com\/blog\/#organization\"}},{\"@type\":\"WebPage\",\"@id\":\"https:\/\/agenciainfra.com\/blog\/minas-vai-lancar-concessao-de-bloco-de-saneamento-com-r-75-bilhoes-de-aporte-para-atender-200-cidades\/\",\"url\":\"https:\/\/agenciainfra.com\/blog\/minas-vai-lancar-concessao-de-bloco-de-saneamento-com-r-75-bilhoes-de-aporte-para-atender-200-cidades\/\",\"name\":\"Minas vai lan\u00e7ar concess\u00e3o de bloco de saneamento com R$ 7,5 bilh\u00f5es de aporte para atender 200 cidades - Ag\u00eancia iNFRA\",\"isPartOf\":{\"@id\":\"https:\/\/agenciainfra.com\/blog\/#website\"},\"primaryImageOfPage\":{\"@id\":\"https:\/\/agenciainfra.com\/blog\/minas-vai-lancar-concessao-de-bloco-de-saneamento-com-r-75-bilhoes-de-aporte-para-atender-200-cidades\/#primaryimage\"},\"image\":{\"@id\":\"https:\/\/agenciainfra.com\/blog\/minas-vai-lancar-concessao-de-bloco-de-saneamento-com-r-75-bilhoes-de-aporte-para-atender-200-cidades\/#primaryimage\"},\"thumbnailUrl\":\"https:\/\/agenciainfra.com\/blog\/wp-content\/uploads\/2020\/07\/saneamento-foto-mdr.jpg\",\"datePublished\":\"2025-07-09T11:02:00+00:00\",\"dateModified\":\"2025-07-09T19:26:58+00:00\",\"breadcrumb\":{\"@id\":\"https:\/\/agenciainfra.com\/blog\/minas-vai-lancar-concessao-de-bloco-de-saneamento-com-r-75-bilhoes-de-aporte-para-atender-200-cidades\/#breadcrumb\"},\"inLanguage\":\"pt-BR\",\"potentialAction\":[{\"@type\":\"ReadAction\",\"target\":[\"https:\/\/agenciainfra.com\/blog\/minas-vai-lancar-concessao-de-bloco-de-saneamento-com-r-75-bilhoes-de-aporte-para-atender-200-cidades\/\"]}]},{\"@type\":\"ImageObject\",\"inLanguage\":\"pt-BR\",\"@id\":\"https:\/\/agenciainfra.com\/blog\/minas-vai-lancar-concessao-de-bloco-de-saneamento-com-r-75-bilhoes-de-aporte-para-atender-200-cidades\/#primaryimage\",\"url\":\"https:\/\/agenciainfra.com\/blog\/wp-content\/uploads\/2020\/07\/saneamento-foto-mdr.jpg\",\"contentUrl\":\"https:\/\/agenciainfra.com\/blog\/wp-content\/uploads\/2020\/07\/saneamento-foto-mdr.jpg\",\"width\":1280,\"height\":734,\"caption\":\"Foto: Minist\u00e9rio do Desenvolvimento Regional\"},{\"@type\":\"BreadcrumbList\",\"@id\":\"https:\/\/agenciainfra.com\/blog\/minas-vai-lancar-concessao-de-bloco-de-saneamento-com-r-75-bilhoes-de-aporte-para-atender-200-cidades\/#breadcrumb\",\"itemListElement\":[{\"@type\":\"ListItem\",\"position\":1,\"name\":\"In\u00edcio\",\"item\":\"https:\/\/agenciainfra.com\/blog\/\"},{\"@type\":\"ListItem\",\"position\":2,\"name\":\"Minas vai lan\u00e7ar concess\u00e3o de bloco de saneamento com R$ 7,5 bilh\u00f5es de aporte para atender 200 cidades\"}]},{\"@type\":\"WebSite\",\"@id\":\"https:\/\/agenciainfra.com\/blog\/#website\",\"url\":\"https:\/\/agenciainfra.com\/blog\/\",\"name\":\"Ag\u00eancia iNFRA\",\"description\":\"Multiplataforma de informa\u00e7\u00e3o jornal\u00edstica refer\u00eancia na \u00e1rea de infraestrutura no Brasil!\",\"publisher\":{\"@id\":\"https:\/\/agenciainfra.com\/blog\/#organization\"},\"potentialAction\":[{\"@type\":\"SearchAction\",\"target\":{\"@type\":\"EntryPoint\",\"urlTemplate\":\"https:\/\/agenciainfra.com\/blog\/?s={search_term_string}\"},\"query-input\":{\"@type\":\"PropertyValueSpecification\",\"valueRequired\":true,\"valueName\":\"search_term_string\"}}],\"inLanguage\":\"pt-BR\"},{\"@type\":\"Organization\",\"@id\":\"https:\/\/agenciainfra.com\/blog\/#organization\",\"name\":\"Ag\u00eancia iNFRA\",\"url\":\"https:\/\/agenciainfra.com\/blog\/\",\"logo\":{\"@type\":\"ImageObject\",\"inLanguage\":\"pt-BR\",\"@id\":\"https:\/\/agenciainfra.com\/blog\/#\/schema\/logo\/image\/\",\"url\":\"https:\/\/agenciainfra.com\/blog\/wp-content\/uploads\/2023\/09\/iNFRA_5-e1761735885940.png\",\"contentUrl\":\"https:\/\/agenciainfra.com\/blog\/wp-content\/uploads\/2023\/09\/iNFRA_5-e1761735885940.png\",\"width\":1672,\"height\":454,\"caption\":\"Ag\u00eancia iNFRA\"},\"image\":{\"@id\":\"https:\/\/agenciainfra.com\/blog\/#\/schema\/logo\/image\/\"},\"sameAs\":[\"https:\/\/www.facebook.com\/ageninfra\",\"https:\/\/x.com\/agencia_infra\",\"https:\/\/www.linkedin.com\/company\/ag\u00eanciainfra\/\",\"https:\/\/www.instagram.com\/agenciainfra\/\"]},{\"@type\":\"Person\",\"@id\":\"https:\/\/agenciainfra.com\/blog\/#\/schema\/person\/34af08dff6adea4cb22b06612ba7acfa\",\"name\":\"Ag\u00eancia iNFRA\",\"image\":{\"@type\":\"ImageObject\",\"inLanguage\":\"pt-BR\",\"@id\":\"https:\/\/agenciainfra.com\/blog\/#\/schema\/person\/image\/\",\"url\":\"https:\/\/secure.gravatar.com\/avatar\/d189e01678f06d8eb84d4e01f08eb848b3fffe3f8443818d3c356c66892f5be8?s=96&d=mm&r=g\",\"contentUrl\":\"https:\/\/secure.gravatar.com\/avatar\/d189e01678f06d8eb84d4e01f08eb848b3fffe3f8443818d3c356c66892f5be8?s=96&d=mm&r=g\",\"caption\":\"Ag\u00eancia iNFRA\"},\"url\":\"https:\/\/agenciainfra.com\/blog\/author\/admin\/\"}]}<\/script>\n<!-- \/ Yoast SEO Premium plugin. -->","yoast_head_json":{"title":"Minas vai lan\u00e7ar concess\u00e3o de bloco de saneamento com R$ 7,5 bilh\u00f5es de aporte para atender 200 cidades - Ag\u00eancia iNFRA","robots":{"index":"index","follow":"follow","max-snippet":"max-snippet:-1","max-image-preview":"max-image-preview:large","max-video-preview":"max-video-preview:-1"},"canonical":"https:\/\/agenciainfra.com\/blog\/minas-vai-lancar-concessao-de-bloco-de-saneamento-com-r-75-bilhoes-de-aporte-para-atender-200-cidades\/","og_locale":"pt_BR","og_type":"article","og_title":"Minas vai lan\u00e7ar concess\u00e3o de bloco de saneamento com R$ 7,5 bilh\u00f5es de aporte para atender 200 cidades","og_description":"Amanda Pupo, da Ag\u00eancia iNFRA O governo de Minas Gerais estrutura para leiloar no pr\u00f3ximo ano a concess\u00e3o dos servi\u00e7os de saneamento de um bloco de cerca de 200 munic\u00edpios que est\u00e3o na regi\u00e3o de influ\u00eancia da Bacia do Rio Doce. Embora n\u00e3o seja caracterizado como uma PPP (Parceria P\u00fablico-Privada), o projeto vai contar com [&hellip;]","og_url":"https:\/\/agenciainfra.com\/blog\/minas-vai-lancar-concessao-de-bloco-de-saneamento-com-r-75-bilhoes-de-aporte-para-atender-200-cidades\/","og_site_name":"Ag\u00eancia iNFRA","article_publisher":"https:\/\/www.facebook.com\/ageninfra","article_published_time":"2025-07-09T11:02:00+00:00","article_modified_time":"2025-07-09T19:26:58+00:00","og_image":[{"width":1280,"height":734,"url":"https:\/\/agenciainfra.com\/blog\/wp-content\/uploads\/2020\/07\/saneamento-foto-mdr.jpg","type":"image\/jpeg"}],"author":"Ag\u00eancia iNFRA","twitter_card":"summary_large_image","twitter_creator":"@agencia_infra","twitter_site":"@agencia_infra","twitter_misc":{"Escrito por":"Ag\u00eancia iNFRA","Est. tempo de leitura":"4 minutos"},"schema":{"@context":"https:\/\/schema.org","@graph":[{"@type":"Article","@id":"https:\/\/agenciainfra.com\/blog\/minas-vai-lancar-concessao-de-bloco-de-saneamento-com-r-75-bilhoes-de-aporte-para-atender-200-cidades\/#article","isPartOf":{"@id":"https:\/\/agenciainfra.com\/blog\/minas-vai-lancar-concessao-de-bloco-de-saneamento-com-r-75-bilhoes-de-aporte-para-atender-200-cidades\/"},"author":{"name":"Ag\u00eancia iNFRA","@id":"https:\/\/agenciainfra.com\/blog\/#\/schema\/person\/34af08dff6adea4cb22b06612ba7acfa"},"headline":"Minas vai lan\u00e7ar concess\u00e3o de bloco de saneamento com R$ 7,5 bilh\u00f5es de aporte para atender 200 cidades","datePublished":"2025-07-09T11:02:00+00:00","dateModified":"2025-07-09T19:26:58+00:00","mainEntityOfPage":{"@id":"https:\/\/agenciainfra.com\/blog\/minas-vai-lancar-concessao-de-bloco-de-saneamento-com-r-75-bilhoes-de-aporte-para-atender-200-cidades\/"},"wordCount":844,"publisher":{"@id":"https:\/\/agenciainfra.com\/blog\/#organization"},"image":{"@id":"https:\/\/agenciainfra.com\/blog\/minas-vai-lancar-concessao-de-bloco-de-saneamento-com-r-75-bilhoes-de-aporte-para-atender-200-cidades\/#primaryimage"},"thumbnailUrl":"https:\/\/agenciainfra.com\/blog\/wp-content\/uploads\/2020\/07\/saneamento-foto-mdr.jpg","keywords":["Amanda Pupo","concess\u00e3o de saneamento","Minas Gerais","PPP","Saneamento B\u00e1sico","saneamento minas gerais"],"articleSection":["Geral","iNFRASaneamento"],"inLanguage":"pt-BR","copyrightYear":"2025","copyrightHolder":{"@id":"https:\/\/agenciainfra.com\/blog\/#organization"}},{"@type":"WebPage","@id":"https:\/\/agenciainfra.com\/blog\/minas-vai-lancar-concessao-de-bloco-de-saneamento-com-r-75-bilhoes-de-aporte-para-atender-200-cidades\/","url":"https:\/\/agenciainfra.com\/blog\/minas-vai-lancar-concessao-de-bloco-de-saneamento-com-r-75-bilhoes-de-aporte-para-atender-200-cidades\/","name":"Minas vai lan\u00e7ar concess\u00e3o de bloco de saneamento com R$ 7,5 bilh\u00f5es de aporte para atender 200 cidades - Ag\u00eancia iNFRA","isPartOf":{"@id":"https:\/\/agenciainfra.com\/blog\/#website"},"primaryImageOfPage":{"@id":"https:\/\/agenciainfra.com\/blog\/minas-vai-lancar-concessao-de-bloco-de-saneamento-com-r-75-bilhoes-de-aporte-para-atender-200-cidades\/#primaryimage"},"image":{"@id":"https:\/\/agenciainfra.com\/blog\/minas-vai-lancar-concessao-de-bloco-de-saneamento-com-r-75-bilhoes-de-aporte-para-atender-200-cidades\/#primaryimage"},"thumbnailUrl":"https:\/\/agenciainfra.com\/blog\/wp-content\/uploads\/2020\/07\/saneamento-foto-mdr.jpg","datePublished":"2025-07-09T11:02:00+00:00","dateModified":"2025-07-09T19:26:58+00:00","breadcrumb":{"@id":"https:\/\/agenciainfra.com\/blog\/minas-vai-lancar-concessao-de-bloco-de-saneamento-com-r-75-bilhoes-de-aporte-para-atender-200-cidades\/#breadcrumb"},"inLanguage":"pt-BR","potentialAction":[{"@type":"ReadAction","target":["https:\/\/agenciainfra.com\/blog\/minas-vai-lancar-concessao-de-bloco-de-saneamento-com-r-75-bilhoes-de-aporte-para-atender-200-cidades\/"]}]},{"@type":"ImageObject","inLanguage":"pt-BR","@id":"https:\/\/agenciainfra.com\/blog\/minas-vai-lancar-concessao-de-bloco-de-saneamento-com-r-75-bilhoes-de-aporte-para-atender-200-cidades\/#primaryimage","url":"https:\/\/agenciainfra.com\/blog\/wp-content\/uploads\/2020\/07\/saneamento-foto-mdr.jpg","contentUrl":"https:\/\/agenciainfra.com\/blog\/wp-content\/uploads\/2020\/07\/saneamento-foto-mdr.jpg","width":1280,"height":734,"caption":"Foto: Minist\u00e9rio do Desenvolvimento Regional"},{"@type":"BreadcrumbList","@id":"https:\/\/agenciainfra.com\/blog\/minas-vai-lancar-concessao-de-bloco-de-saneamento-com-r-75-bilhoes-de-aporte-para-atender-200-cidades\/#breadcrumb","itemListElement":[{"@type":"ListItem","position":1,"name":"In\u00edcio","item":"https:\/\/agenciainfra.com\/blog\/"},{"@type":"ListItem","position":2,"name":"Minas vai lan\u00e7ar concess\u00e3o de bloco de saneamento com R$ 7,5 bilh\u00f5es de aporte para atender 200 cidades"}]},{"@type":"WebSite","@id":"https:\/\/agenciainfra.com\/blog\/#website","url":"https:\/\/agenciainfra.com\/blog\/","name":"Ag\u00eancia iNFRA","description":"Multiplataforma de informa\u00e7\u00e3o jornal\u00edstica refer\u00eancia na \u00e1rea de infraestrutura no Brasil!","publisher":{"@id":"https:\/\/agenciainfra.com\/blog\/#organization"},"potentialAction":[{"@type":"SearchAction","target":{"@type":"EntryPoint","urlTemplate":"https:\/\/agenciainfra.com\/blog\/?s={search_term_string}"},"query-input":{"@type":"PropertyValueSpecification","valueRequired":true,"valueName":"search_term_string"}}],"inLanguage":"pt-BR"},{"@type":"Organization","@id":"https:\/\/agenciainfra.com\/blog\/#organization","name":"Ag\u00eancia iNFRA","url":"https:\/\/agenciainfra.com\/blog\/","logo":{"@type":"ImageObject","inLanguage":"pt-BR","@id":"https:\/\/agenciainfra.com\/blog\/#\/schema\/logo\/image\/","url":"https:\/\/agenciainfra.com\/blog\/wp-content\/uploads\/2023\/09\/iNFRA_5-e1761735885940.png","contentUrl":"https:\/\/agenciainfra.com\/blog\/wp-content\/uploads\/2023\/09\/iNFRA_5-e1761735885940.png","width":1672,"height":454,"caption":"Ag\u00eancia iNFRA"},"image":{"@id":"https:\/\/agenciainfra.com\/blog\/#\/schema\/logo\/image\/"},"sameAs":["https:\/\/www.facebook.com\/ageninfra","https:\/\/x.com\/agencia_infra","https:\/\/www.linkedin.com\/company\/ag\u00eanciainfra\/","https:\/\/www.instagram.com\/agenciainfra\/"]},{"@type":"Person","@id":"https:\/\/agenciainfra.com\/blog\/#\/schema\/person\/34af08dff6adea4cb22b06612ba7acfa","name":"Ag\u00eancia iNFRA","image":{"@type":"ImageObject","inLanguage":"pt-BR","@id":"https:\/\/agenciainfra.com\/blog\/#\/schema\/person\/image\/","url":"https:\/\/secure.gravatar.com\/avatar\/d189e01678f06d8eb84d4e01f08eb848b3fffe3f8443818d3c356c66892f5be8?s=96&d=mm&r=g","contentUrl":"https:\/\/secure.gravatar.com\/avatar\/d189e01678f06d8eb84d4e01f08eb848b3fffe3f8443818d3c356c66892f5be8?s=96&d=mm&r=g","caption":"Ag\u00eancia iNFRA"},"url":"https:\/\/agenciainfra.com\/blog\/author\/admin\/"}]}},"_links":{"self":[{"href":"https:\/\/agenciainfra.com\/blog\/wp-json\/wp\/v2\/posts\/24224","targetHints":{"allow":["GET"]}}],"collection":[{"href":"https:\/\/agenciainfra.com\/blog\/wp-json\/wp\/v2\/posts"}],"about":[{"href":"https:\/\/agenciainfra.com\/blog\/wp-json\/wp\/v2\/types\/post"}],"author":[{"embeddable":true,"href":"https:\/\/agenciainfra.com\/blog\/wp-json\/wp\/v2\/users\/1"}],"replies":[{"embeddable":true,"href":"https:\/\/agenciainfra.com\/blog\/wp-json\/wp\/v2\/comments?post=24224"}],"version-history":[{"count":2,"href":"https:\/\/agenciainfra.com\/blog\/wp-json\/wp\/v2\/posts\/24224\/revisions"}],"predecessor-version":[{"id":24255,"href":"https:\/\/agenciainfra.com\/blog\/wp-json\/wp\/v2\/posts\/24224\/revisions\/24255"}],"wp:featuredmedia":[{"embeddable":true,"href":"https:\/\/agenciainfra.com\/blog\/wp-json\/wp\/v2\/media\/5534"}],"wp:attachment":[{"href":"https:\/\/agenciainfra.com\/blog\/wp-json\/wp\/v2\/media?parent=24224"}],"wp:term":[{"taxonomy":"category","embeddable":true,"href":"https:\/\/agenciainfra.com\/blog\/wp-json\/wp\/v2\/categories?post=24224"},{"taxonomy":"post_tag","embeddable":true,"href":"https:\/\/agenciainfra.com\/blog\/wp-json\/wp\/v2\/tags?post=24224"}],"curies":[{"name":"wp","href":"https:\/\/api.w.org\/{rel}","templated":true}]}}