{"id":24240,"date":"2025-07-08T12:42:32","date_gmt":"2025-07-08T15:42:32","guid":{"rendered":"https:\/\/agenciainfra.com\/blog\/?p=24240"},"modified":"2025-07-09T12:10:41","modified_gmt":"2025-07-09T15:10:41","slug":"auditoria-no-tcu-ve-declinio-em-reguladoras-com-pouco-orcamento-e-diretorias-incompletas-diz-secretario-do-tribunal","status":"publish","type":"post","link":"https:\/\/agenciainfra.com\/blog\/auditoria-no-tcu-ve-declinio-em-reguladoras-com-pouco-orcamento-e-diretorias-incompletas-diz-secretario-do-tribunal\/","title":{"rendered":"Auditoria no TCU v\u00ea decl\u00ednio em reguladoras com pouco or\u00e7amento e diretorias incompletas, diz secret\u00e1rio do Tribunal"},"content":{"rendered":"\n<p class=\"has-text-align-right\"><strong>Lais Carregosa, da Ag\u00eancia iNFRA<\/strong><\/p>\n\n\n\n<p>Auditoria em andamento no TCU (Tribunal de Contas da Uni\u00e3o) constata um \u201cdecl\u00ednio\u201d no andamento das agendas de quatro ag\u00eancias reguladoras por conta das restri\u00e7\u00f5es or\u00e7ament\u00e1rias e de pessoal, disse o secret\u00e1rio da SecexEnergia, Alexandre Figueiredo, nesta ter\u00e7a-feira (8).<\/p>\n\n\n\n<p>A fiscaliza\u00e7\u00e3o analisa ANEEL (Ag\u00eancia Nacional de Energia El\u00e9trica), ANP (Ag\u00eancia Nacional do Petr\u00f3leo, G\u00e1s Natural e Biocombust\u00edveis), ANM (Ag\u00eancia Nacional de Minera\u00e7\u00e3o) e Anatel (Ag\u00eancia Nacional de Telecomunica\u00e7\u00f5es) e faz parte de uma auditoria-piloto solicitada pelo presidente da Corte, Vital do R\u00eago, que ser\u00e1 estendida \u00e0s demais ag\u00eancias reguladoras. O processo \u00e9 relatado pelo ministro Jorge Oliveira. Segundo o secret\u00e1rio da SecexEnergia, o relat\u00f3rio da auditoria estar\u00e1 pronto at\u00e9 o fim de julho e o processo dever\u00e1 ser pautado em plen\u00e1rio nos pr\u00f3ximos meses.<\/p>\n\n\n\n<p>\u201cAno ap\u00f3s ano temos visto um decl\u00ednio no cumprimento dessa agenda regulat\u00f3ria, o que tem sido constante motivo para debates at\u00e9 institucionais relacionados inclusive a essa quest\u00e3o or\u00e7ament\u00e1ria, financeira e de pessoal das ag\u00eancias. Mas \u00e9 um crit\u00e9rio bastante objetivo porque demonstra de fato que a ag\u00eancia n\u00e3o consegue entregar o que ela mesma, com a participa\u00e7\u00e3o de agentes setoriais, se prop\u00f5e a entregar para o setor regulado\u201d, disse em audi\u00eancia p\u00fablica na CI (Comiss\u00e3o de Servi\u00e7os de Infraestrutura) do Senado.<\/p>\n\n\n\n<p>De acordo com o secret\u00e1rio do TCU, as ag\u00eancias arrecadam para o seu custeio um valor cerca de seis vezes maior do que \u00e9 disponibilizado pelo Or\u00e7amento da Uni\u00e3o. Os colegiados incompletos tamb\u00e9m foram um ponto levantado pela auditoria. Segundo o secret\u00e1rio, uma pesquisa feita junto a agentes dos setores regulados aponta que 43% deles acreditam que vac\u00e2ncias nas diretorias pejudicam a seguran\u00e7a setorial.<\/p>\n","protected":false},"excerpt":{"rendered":"<p>Lais Carregosa, da Ag\u00eancia iNFRA Auditoria em andamento no TCU (Tribunal de Contas da Uni\u00e3o) constata um \u201cdecl\u00ednio\u201d no andamento das agendas de quatro ag\u00eancias reguladoras por conta das restri\u00e7\u00f5es or\u00e7ament\u00e1rias e de pessoal, disse o secret\u00e1rio da SecexEnergia, Alexandre Figueiredo, nesta ter\u00e7a-feira (8). A fiscaliza\u00e7\u00e3o analisa ANEEL (Ag\u00eancia Nacional de Energia El\u00e9trica), ANP (Ag\u00eancia [&hellip;]<\/p>\n","protected":false},"author":1,"featured_media":24241,"comment_status":"closed","ping_status":"closed","sticky":false,"template":"","format":"standard","meta":{"_monsterinsights_skip_tracking":false,"_monsterinsights_sitenote_active":false,"_monsterinsights_sitenote_note":"","_monsterinsights_sitenote_category":0,"footnotes":""},"categories":[7250,1,7],"tags":[46,14225,2234,53,340,1101,13132,13038,18,927],"class_list":["post-24240","post","type-post","status-publish","format-standard","has-post-thumbnail","hentry","category-destaque-lista","category-geral","category-infratransporte","tag-agencias-reguladoras","tag-alexandre-figueiredo","tag-anatel","tag-aneel","tag-anm","tag-anp","tag-lais-carregosa","tag-secexenergia","tag-tcu","tag-tribunal-de-contas-da-uniao"],"yoast_head":"<!-- This site is optimized with the Yoast SEO Premium plugin v25.4 (Yoast SEO v26.0) - https:\/\/yoast.com\/wordpress\/plugins\/seo\/ -->\n<title>Auditoria no TCU v\u00ea decl\u00ednio em reguladoras com pouco or\u00e7amento e diretorias incompletas, diz secret\u00e1rio do Tribunal - Ag\u00eancia iNFRA<\/title>\n<meta name=\"robots\" content=\"index, follow, max-snippet:-1, max-image-preview:large, max-video-preview:-1\" \/>\n<link rel=\"canonical\" href=\"https:\/\/agenciainfra.com\/blog\/auditoria-no-tcu-ve-declinio-em-reguladoras-com-pouco-orcamento-e-diretorias-incompletas-diz-secretario-do-tribunal\/\" \/>\n<meta property=\"og:locale\" content=\"pt_BR\" \/>\n<meta property=\"og:type\" content=\"article\" \/>\n<meta property=\"og:title\" content=\"Auditoria no TCU v\u00ea decl\u00ednio em reguladoras com pouco or\u00e7amento e diretorias incompletas, diz secret\u00e1rio do Tribunal\" \/>\n<meta property=\"og:description\" content=\"Lais Carregosa, da Ag\u00eancia iNFRA Auditoria em andamento no TCU (Tribunal de Contas da Uni\u00e3o) constata um \u201cdecl\u00ednio\u201d no andamento das agendas de quatro ag\u00eancias reguladoras por conta das restri\u00e7\u00f5es or\u00e7ament\u00e1rias e de pessoal, disse o secret\u00e1rio da SecexEnergia, Alexandre Figueiredo, nesta ter\u00e7a-feira (8). A fiscaliza\u00e7\u00e3o analisa ANEEL (Ag\u00eancia Nacional de Energia El\u00e9trica), ANP (Ag\u00eancia [&hellip;]\" \/>\n<meta property=\"og:url\" content=\"https:\/\/agenciainfra.com\/blog\/auditoria-no-tcu-ve-declinio-em-reguladoras-com-pouco-orcamento-e-diretorias-incompletas-diz-secretario-do-tribunal\/\" \/>\n<meta property=\"og:site_name\" content=\"Ag\u00eancia iNFRA\" \/>\n<meta property=\"article:publisher\" content=\"https:\/\/www.facebook.com\/ageninfra\" \/>\n<meta property=\"article:published_time\" content=\"2025-07-08T15:42:32+00:00\" \/>\n<meta property=\"article:modified_time\" content=\"2025-07-09T15:10:41+00:00\" \/>\n<meta property=\"og:image\" content=\"https:\/\/agenciainfra.com\/blog\/wp-content\/uploads\/2025\/07\/comissao-infraestrutura-foto-saulo-cruz-agencia-senado.jpg\" \/>\n\t<meta property=\"og:image:width\" content=\"1280\" \/>\n\t<meta property=\"og:image:height\" content=\"853\" \/>\n\t<meta property=\"og:image:type\" content=\"image\/jpeg\" \/>\n<meta name=\"author\" content=\"Ag\u00eancia iNFRA\" \/>\n<meta name=\"twitter:card\" content=\"summary_large_image\" \/>\n<meta name=\"twitter:creator\" content=\"@agencia_infra\" \/>\n<meta name=\"twitter:site\" content=\"@agencia_infra\" \/>\n<meta name=\"twitter:label1\" content=\"Escrito por\" \/>\n\t<meta name=\"twitter:data1\" content=\"Ag\u00eancia iNFRA\" \/>\n\t<meta name=\"twitter:label2\" content=\"Est. tempo de leitura\" \/>\n\t<meta name=\"twitter:data2\" content=\"2 minutos\" \/>\n<script type=\"application\/ld+json\" class=\"yoast-schema-graph\">{\"@context\":\"https:\/\/schema.org\",\"@graph\":[{\"@type\":\"Article\",\"@id\":\"https:\/\/agenciainfra.com\/blog\/auditoria-no-tcu-ve-declinio-em-reguladoras-com-pouco-orcamento-e-diretorias-incompletas-diz-secretario-do-tribunal\/#article\",\"isPartOf\":{\"@id\":\"https:\/\/agenciainfra.com\/blog\/auditoria-no-tcu-ve-declinio-em-reguladoras-com-pouco-orcamento-e-diretorias-incompletas-diz-secretario-do-tribunal\/\"},\"author\":{\"name\":\"Ag\u00eancia iNFRA\",\"@id\":\"https:\/\/agenciainfra.com\/blog\/#\/schema\/person\/34af08dff6adea4cb22b06612ba7acfa\"},\"headline\":\"Auditoria no TCU v\u00ea decl\u00ednio em reguladoras com pouco or\u00e7amento e diretorias incompletas, diz secret\u00e1rio do Tribunal\",\"datePublished\":\"2025-07-08T15:42:32+00:00\",\"dateModified\":\"2025-07-09T15:10:41+00:00\",\"mainEntityOfPage\":{\"@id\":\"https:\/\/agenciainfra.com\/blog\/auditoria-no-tcu-ve-declinio-em-reguladoras-com-pouco-orcamento-e-diretorias-incompletas-diz-secretario-do-tribunal\/\"},\"wordCount\":339,\"publisher\":{\"@id\":\"https:\/\/agenciainfra.com\/blog\/#organization\"},\"image\":{\"@id\":\"https:\/\/agenciainfra.com\/blog\/auditoria-no-tcu-ve-declinio-em-reguladoras-com-pouco-orcamento-e-diretorias-incompletas-diz-secretario-do-tribunal\/#primaryimage\"},\"thumbnailUrl\":\"https:\/\/agenciainfra.com\/blog\/wp-content\/uploads\/2025\/07\/comissao-infraestrutura-foto-saulo-cruz-agencia-senado.jpg\",\"keywords\":[\"Ag\u00eancias Reguladoras\",\"Alexandre Figueiredo\",\"Anatel\",\"ANEEL\",\"ANM\",\"ANP\",\"Lais Carregosa\",\"secexenergia\",\"TCU\",\"Tribunal de Contas da Uni\u00e3o\"],\"articleSection\":[\"Destaque lista\",\"Geral\",\"iNFRATransporte\"],\"inLanguage\":\"pt-BR\",\"copyrightYear\":\"2025\",\"copyrightHolder\":{\"@id\":\"https:\/\/agenciainfra.com\/blog\/#organization\"}},{\"@type\":\"WebPage\",\"@id\":\"https:\/\/agenciainfra.com\/blog\/auditoria-no-tcu-ve-declinio-em-reguladoras-com-pouco-orcamento-e-diretorias-incompletas-diz-secretario-do-tribunal\/\",\"url\":\"https:\/\/agenciainfra.com\/blog\/auditoria-no-tcu-ve-declinio-em-reguladoras-com-pouco-orcamento-e-diretorias-incompletas-diz-secretario-do-tribunal\/\",\"name\":\"Auditoria no TCU v\u00ea decl\u00ednio em reguladoras com pouco or\u00e7amento e diretorias incompletas, diz secret\u00e1rio do Tribunal - Ag\u00eancia iNFRA\",\"isPartOf\":{\"@id\":\"https:\/\/agenciainfra.com\/blog\/#website\"},\"primaryImageOfPage\":{\"@id\":\"https:\/\/agenciainfra.com\/blog\/auditoria-no-tcu-ve-declinio-em-reguladoras-com-pouco-orcamento-e-diretorias-incompletas-diz-secretario-do-tribunal\/#primaryimage\"},\"image\":{\"@id\":\"https:\/\/agenciainfra.com\/blog\/auditoria-no-tcu-ve-declinio-em-reguladoras-com-pouco-orcamento-e-diretorias-incompletas-diz-secretario-do-tribunal\/#primaryimage\"},\"thumbnailUrl\":\"https:\/\/agenciainfra.com\/blog\/wp-content\/uploads\/2025\/07\/comissao-infraestrutura-foto-saulo-cruz-agencia-senado.jpg\",\"datePublished\":\"2025-07-08T15:42:32+00:00\",\"dateModified\":\"2025-07-09T15:10:41+00:00\",\"breadcrumb\":{\"@id\":\"https:\/\/agenciainfra.com\/blog\/auditoria-no-tcu-ve-declinio-em-reguladoras-com-pouco-orcamento-e-diretorias-incompletas-diz-secretario-do-tribunal\/#breadcrumb\"},\"inLanguage\":\"pt-BR\",\"potentialAction\":[{\"@type\":\"ReadAction\",\"target\":[\"https:\/\/agenciainfra.com\/blog\/auditoria-no-tcu-ve-declinio-em-reguladoras-com-pouco-orcamento-e-diretorias-incompletas-diz-secretario-do-tribunal\/\"]}]},{\"@type\":\"ImageObject\",\"inLanguage\":\"pt-BR\",\"@id\":\"https:\/\/agenciainfra.com\/blog\/auditoria-no-tcu-ve-declinio-em-reguladoras-com-pouco-orcamento-e-diretorias-incompletas-diz-secretario-do-tribunal\/#primaryimage\",\"url\":\"https:\/\/agenciainfra.com\/blog\/wp-content\/uploads\/2025\/07\/comissao-infraestrutura-foto-saulo-cruz-agencia-senado.jpg\",\"contentUrl\":\"https:\/\/agenciainfra.com\/blog\/wp-content\/uploads\/2025\/07\/comissao-infraestrutura-foto-saulo-cruz-agencia-senado.jpg\",\"width\":1280,\"height\":853,\"caption\":\"Foto: Saulo Cruz\/Ag\u00eancia Senado\"},{\"@type\":\"BreadcrumbList\",\"@id\":\"https:\/\/agenciainfra.com\/blog\/auditoria-no-tcu-ve-declinio-em-reguladoras-com-pouco-orcamento-e-diretorias-incompletas-diz-secretario-do-tribunal\/#breadcrumb\",\"itemListElement\":[{\"@type\":\"ListItem\",\"position\":1,\"name\":\"In\u00edcio\",\"item\":\"https:\/\/agenciainfra.com\/blog\/\"},{\"@type\":\"ListItem\",\"position\":2,\"name\":\"Auditoria no TCU v\u00ea decl\u00ednio em reguladoras com pouco or\u00e7amento e diretorias incompletas, diz secret\u00e1rio do Tribunal\"}]},{\"@type\":\"WebSite\",\"@id\":\"https:\/\/agenciainfra.com\/blog\/#website\",\"url\":\"https:\/\/agenciainfra.com\/blog\/\",\"name\":\"Ag\u00eancia iNFRA\",\"description\":\"Multiplataforma de informa\u00e7\u00e3o jornal\u00edstica refer\u00eancia na \u00e1rea de infraestrutura no Brasil!\",\"publisher\":{\"@id\":\"https:\/\/agenciainfra.com\/blog\/#organization\"},\"potentialAction\":[{\"@type\":\"SearchAction\",\"target\":{\"@type\":\"EntryPoint\",\"urlTemplate\":\"https:\/\/agenciainfra.com\/blog\/?s={search_term_string}\"},\"query-input\":{\"@type\":\"PropertyValueSpecification\",\"valueRequired\":true,\"valueName\":\"search_term_string\"}}],\"inLanguage\":\"pt-BR\"},{\"@type\":\"Organization\",\"@id\":\"https:\/\/agenciainfra.com\/blog\/#organization\",\"name\":\"Ag\u00eancia iNFRA\",\"url\":\"https:\/\/agenciainfra.com\/blog\/\",\"logo\":{\"@type\":\"ImageObject\",\"inLanguage\":\"pt-BR\",\"@id\":\"https:\/\/agenciainfra.com\/blog\/#\/schema\/logo\/image\/\",\"url\":\"https:\/\/agenciainfra.com\/blog\/wp-content\/uploads\/2023\/09\/iNFRA_5-e1761735885940.png\",\"contentUrl\":\"https:\/\/agenciainfra.com\/blog\/wp-content\/uploads\/2023\/09\/iNFRA_5-e1761735885940.png\",\"width\":1672,\"height\":454,\"caption\":\"Ag\u00eancia iNFRA\"},\"image\":{\"@id\":\"https:\/\/agenciainfra.com\/blog\/#\/schema\/logo\/image\/\"},\"sameAs\":[\"https:\/\/www.facebook.com\/ageninfra\",\"https:\/\/x.com\/agencia_infra\",\"https:\/\/www.linkedin.com\/company\/ag\u00eanciainfra\/\",\"https:\/\/www.instagram.com\/agenciainfra\/\"]},{\"@type\":\"Person\",\"@id\":\"https:\/\/agenciainfra.com\/blog\/#\/schema\/person\/34af08dff6adea4cb22b06612ba7acfa\",\"name\":\"Ag\u00eancia iNFRA\",\"image\":{\"@type\":\"ImageObject\",\"inLanguage\":\"pt-BR\",\"@id\":\"https:\/\/agenciainfra.com\/blog\/#\/schema\/person\/image\/\",\"url\":\"https:\/\/secure.gravatar.com\/avatar\/d189e01678f06d8eb84d4e01f08eb848b3fffe3f8443818d3c356c66892f5be8?s=96&d=mm&r=g\",\"contentUrl\":\"https:\/\/secure.gravatar.com\/avatar\/d189e01678f06d8eb84d4e01f08eb848b3fffe3f8443818d3c356c66892f5be8?s=96&d=mm&r=g\",\"caption\":\"Ag\u00eancia iNFRA\"},\"url\":\"https:\/\/agenciainfra.com\/blog\/author\/admin\/\"}]}<\/script>\n<!-- \/ Yoast SEO Premium plugin. -->","yoast_head_json":{"title":"Auditoria no TCU v\u00ea decl\u00ednio em reguladoras com pouco or\u00e7amento e diretorias incompletas, diz secret\u00e1rio do Tribunal - Ag\u00eancia iNFRA","robots":{"index":"index","follow":"follow","max-snippet":"max-snippet:-1","max-image-preview":"max-image-preview:large","max-video-preview":"max-video-preview:-1"},"canonical":"https:\/\/agenciainfra.com\/blog\/auditoria-no-tcu-ve-declinio-em-reguladoras-com-pouco-orcamento-e-diretorias-incompletas-diz-secretario-do-tribunal\/","og_locale":"pt_BR","og_type":"article","og_title":"Auditoria no TCU v\u00ea decl\u00ednio em reguladoras com pouco or\u00e7amento e diretorias incompletas, diz secret\u00e1rio do Tribunal","og_description":"Lais Carregosa, da Ag\u00eancia iNFRA Auditoria em andamento no TCU (Tribunal de Contas da Uni\u00e3o) constata um \u201cdecl\u00ednio\u201d no andamento das agendas de quatro ag\u00eancias reguladoras por conta das restri\u00e7\u00f5es or\u00e7ament\u00e1rias e de pessoal, disse o secret\u00e1rio da SecexEnergia, Alexandre Figueiredo, nesta ter\u00e7a-feira (8). A fiscaliza\u00e7\u00e3o analisa ANEEL (Ag\u00eancia Nacional de Energia El\u00e9trica), ANP (Ag\u00eancia [&hellip;]","og_url":"https:\/\/agenciainfra.com\/blog\/auditoria-no-tcu-ve-declinio-em-reguladoras-com-pouco-orcamento-e-diretorias-incompletas-diz-secretario-do-tribunal\/","og_site_name":"Ag\u00eancia iNFRA","article_publisher":"https:\/\/www.facebook.com\/ageninfra","article_published_time":"2025-07-08T15:42:32+00:00","article_modified_time":"2025-07-09T15:10:41+00:00","og_image":[{"width":1280,"height":853,"url":"https:\/\/agenciainfra.com\/blog\/wp-content\/uploads\/2025\/07\/comissao-infraestrutura-foto-saulo-cruz-agencia-senado.jpg","type":"image\/jpeg"}],"author":"Ag\u00eancia iNFRA","twitter_card":"summary_large_image","twitter_creator":"@agencia_infra","twitter_site":"@agencia_infra","twitter_misc":{"Escrito por":"Ag\u00eancia iNFRA","Est. tempo de leitura":"2 minutos"},"schema":{"@context":"https:\/\/schema.org","@graph":[{"@type":"Article","@id":"https:\/\/agenciainfra.com\/blog\/auditoria-no-tcu-ve-declinio-em-reguladoras-com-pouco-orcamento-e-diretorias-incompletas-diz-secretario-do-tribunal\/#article","isPartOf":{"@id":"https:\/\/agenciainfra.com\/blog\/auditoria-no-tcu-ve-declinio-em-reguladoras-com-pouco-orcamento-e-diretorias-incompletas-diz-secretario-do-tribunal\/"},"author":{"name":"Ag\u00eancia iNFRA","@id":"https:\/\/agenciainfra.com\/blog\/#\/schema\/person\/34af08dff6adea4cb22b06612ba7acfa"},"headline":"Auditoria no TCU v\u00ea decl\u00ednio em reguladoras com pouco or\u00e7amento e diretorias incompletas, diz secret\u00e1rio do Tribunal","datePublished":"2025-07-08T15:42:32+00:00","dateModified":"2025-07-09T15:10:41+00:00","mainEntityOfPage":{"@id":"https:\/\/agenciainfra.com\/blog\/auditoria-no-tcu-ve-declinio-em-reguladoras-com-pouco-orcamento-e-diretorias-incompletas-diz-secretario-do-tribunal\/"},"wordCount":339,"publisher":{"@id":"https:\/\/agenciainfra.com\/blog\/#organization"},"image":{"@id":"https:\/\/agenciainfra.com\/blog\/auditoria-no-tcu-ve-declinio-em-reguladoras-com-pouco-orcamento-e-diretorias-incompletas-diz-secretario-do-tribunal\/#primaryimage"},"thumbnailUrl":"https:\/\/agenciainfra.com\/blog\/wp-content\/uploads\/2025\/07\/comissao-infraestrutura-foto-saulo-cruz-agencia-senado.jpg","keywords":["Ag\u00eancias Reguladoras","Alexandre Figueiredo","Anatel","ANEEL","ANM","ANP","Lais Carregosa","secexenergia","TCU","Tribunal de Contas da Uni\u00e3o"],"articleSection":["Destaque lista","Geral","iNFRATransporte"],"inLanguage":"pt-BR","copyrightYear":"2025","copyrightHolder":{"@id":"https:\/\/agenciainfra.com\/blog\/#organization"}},{"@type":"WebPage","@id":"https:\/\/agenciainfra.com\/blog\/auditoria-no-tcu-ve-declinio-em-reguladoras-com-pouco-orcamento-e-diretorias-incompletas-diz-secretario-do-tribunal\/","url":"https:\/\/agenciainfra.com\/blog\/auditoria-no-tcu-ve-declinio-em-reguladoras-com-pouco-orcamento-e-diretorias-incompletas-diz-secretario-do-tribunal\/","name":"Auditoria no TCU v\u00ea decl\u00ednio em reguladoras com pouco or\u00e7amento e diretorias incompletas, diz secret\u00e1rio do Tribunal - Ag\u00eancia iNFRA","isPartOf":{"@id":"https:\/\/agenciainfra.com\/blog\/#website"},"primaryImageOfPage":{"@id":"https:\/\/agenciainfra.com\/blog\/auditoria-no-tcu-ve-declinio-em-reguladoras-com-pouco-orcamento-e-diretorias-incompletas-diz-secretario-do-tribunal\/#primaryimage"},"image":{"@id":"https:\/\/agenciainfra.com\/blog\/auditoria-no-tcu-ve-declinio-em-reguladoras-com-pouco-orcamento-e-diretorias-incompletas-diz-secretario-do-tribunal\/#primaryimage"},"thumbnailUrl":"https:\/\/agenciainfra.com\/blog\/wp-content\/uploads\/2025\/07\/comissao-infraestrutura-foto-saulo-cruz-agencia-senado.jpg","datePublished":"2025-07-08T15:42:32+00:00","dateModified":"2025-07-09T15:10:41+00:00","breadcrumb":{"@id":"https:\/\/agenciainfra.com\/blog\/auditoria-no-tcu-ve-declinio-em-reguladoras-com-pouco-orcamento-e-diretorias-incompletas-diz-secretario-do-tribunal\/#breadcrumb"},"inLanguage":"pt-BR","potentialAction":[{"@type":"ReadAction","target":["https:\/\/agenciainfra.com\/blog\/auditoria-no-tcu-ve-declinio-em-reguladoras-com-pouco-orcamento-e-diretorias-incompletas-diz-secretario-do-tribunal\/"]}]},{"@type":"ImageObject","inLanguage":"pt-BR","@id":"https:\/\/agenciainfra.com\/blog\/auditoria-no-tcu-ve-declinio-em-reguladoras-com-pouco-orcamento-e-diretorias-incompletas-diz-secretario-do-tribunal\/#primaryimage","url":"https:\/\/agenciainfra.com\/blog\/wp-content\/uploads\/2025\/07\/comissao-infraestrutura-foto-saulo-cruz-agencia-senado.jpg","contentUrl":"https:\/\/agenciainfra.com\/blog\/wp-content\/uploads\/2025\/07\/comissao-infraestrutura-foto-saulo-cruz-agencia-senado.jpg","width":1280,"height":853,"caption":"Foto: Saulo Cruz\/Ag\u00eancia Senado"},{"@type":"BreadcrumbList","@id":"https:\/\/agenciainfra.com\/blog\/auditoria-no-tcu-ve-declinio-em-reguladoras-com-pouco-orcamento-e-diretorias-incompletas-diz-secretario-do-tribunal\/#breadcrumb","itemListElement":[{"@type":"ListItem","position":1,"name":"In\u00edcio","item":"https:\/\/agenciainfra.com\/blog\/"},{"@type":"ListItem","position":2,"name":"Auditoria no TCU v\u00ea decl\u00ednio em reguladoras com pouco or\u00e7amento e diretorias incompletas, diz secret\u00e1rio do Tribunal"}]},{"@type":"WebSite","@id":"https:\/\/agenciainfra.com\/blog\/#website","url":"https:\/\/agenciainfra.com\/blog\/","name":"Ag\u00eancia iNFRA","description":"Multiplataforma de informa\u00e7\u00e3o jornal\u00edstica refer\u00eancia na \u00e1rea de infraestrutura no Brasil!","publisher":{"@id":"https:\/\/agenciainfra.com\/blog\/#organization"},"potentialAction":[{"@type":"SearchAction","target":{"@type":"EntryPoint","urlTemplate":"https:\/\/agenciainfra.com\/blog\/?s={search_term_string}"},"query-input":{"@type":"PropertyValueSpecification","valueRequired":true,"valueName":"search_term_string"}}],"inLanguage":"pt-BR"},{"@type":"Organization","@id":"https:\/\/agenciainfra.com\/blog\/#organization","name":"Ag\u00eancia iNFRA","url":"https:\/\/agenciainfra.com\/blog\/","logo":{"@type":"ImageObject","inLanguage":"pt-BR","@id":"https:\/\/agenciainfra.com\/blog\/#\/schema\/logo\/image\/","url":"https:\/\/agenciainfra.com\/blog\/wp-content\/uploads\/2023\/09\/iNFRA_5-e1761735885940.png","contentUrl":"https:\/\/agenciainfra.com\/blog\/wp-content\/uploads\/2023\/09\/iNFRA_5-e1761735885940.png","width":1672,"height":454,"caption":"Ag\u00eancia iNFRA"},"image":{"@id":"https:\/\/agenciainfra.com\/blog\/#\/schema\/logo\/image\/"},"sameAs":["https:\/\/www.facebook.com\/ageninfra","https:\/\/x.com\/agencia_infra","https:\/\/www.linkedin.com\/company\/ag\u00eanciainfra\/","https:\/\/www.instagram.com\/agenciainfra\/"]},{"@type":"Person","@id":"https:\/\/agenciainfra.com\/blog\/#\/schema\/person\/34af08dff6adea4cb22b06612ba7acfa","name":"Ag\u00eancia iNFRA","image":{"@type":"ImageObject","inLanguage":"pt-BR","@id":"https:\/\/agenciainfra.com\/blog\/#\/schema\/person\/image\/","url":"https:\/\/secure.gravatar.com\/avatar\/d189e01678f06d8eb84d4e01f08eb848b3fffe3f8443818d3c356c66892f5be8?s=96&d=mm&r=g","contentUrl":"https:\/\/secure.gravatar.com\/avatar\/d189e01678f06d8eb84d4e01f08eb848b3fffe3f8443818d3c356c66892f5be8?s=96&d=mm&r=g","caption":"Ag\u00eancia iNFRA"},"url":"https:\/\/agenciainfra.com\/blog\/author\/admin\/"}]}},"_links":{"self":[{"href":"https:\/\/agenciainfra.com\/blog\/wp-json\/wp\/v2\/posts\/24240","targetHints":{"allow":["GET"]}}],"collection":[{"href":"https:\/\/agenciainfra.com\/blog\/wp-json\/wp\/v2\/posts"}],"about":[{"href":"https:\/\/agenciainfra.com\/blog\/wp-json\/wp\/v2\/types\/post"}],"author":[{"embeddable":true,"href":"https:\/\/agenciainfra.com\/blog\/wp-json\/wp\/v2\/users\/1"}],"replies":[{"embeddable":true,"href":"https:\/\/agenciainfra.com\/blog\/wp-json\/wp\/v2\/comments?post=24240"}],"version-history":[{"count":3,"href":"https:\/\/agenciainfra.com\/blog\/wp-json\/wp\/v2\/posts\/24240\/revisions"}],"predecessor-version":[{"id":24245,"href":"https:\/\/agenciainfra.com\/blog\/wp-json\/wp\/v2\/posts\/24240\/revisions\/24245"}],"wp:featuredmedia":[{"embeddable":true,"href":"https:\/\/agenciainfra.com\/blog\/wp-json\/wp\/v2\/media\/24241"}],"wp:attachment":[{"href":"https:\/\/agenciainfra.com\/blog\/wp-json\/wp\/v2\/media?parent=24240"}],"wp:term":[{"taxonomy":"category","embeddable":true,"href":"https:\/\/agenciainfra.com\/blog\/wp-json\/wp\/v2\/categories?post=24240"},{"taxonomy":"post_tag","embeddable":true,"href":"https:\/\/agenciainfra.com\/blog\/wp-json\/wp\/v2\/tags?post=24240"}],"curies":[{"name":"wp","href":"https:\/\/api.w.org\/{rel}","templated":true}]}}