{"id":24247,"date":"2025-07-08T13:13:23","date_gmt":"2025-07-08T16:13:23","guid":{"rendered":"https:\/\/agenciainfra.com\/blog\/?p=24247"},"modified":"2025-07-09T07:57:37","modified_gmt":"2025-07-09T10:57:37","slug":"relator-do-pl-do-licenciamento-ambiental-diz-que-apresenta-parecer-a-lideres-da-camara-nesta-terca-8","status":"publish","type":"post","link":"https:\/\/agenciainfra.com\/blog\/relator-do-pl-do-licenciamento-ambiental-diz-que-apresenta-parecer-a-lideres-da-camara-nesta-terca-8\/","title":{"rendered":"Relator do PL do Licenciamento Ambiental diz que vai apresentar parecer a l\u00edderes da C\u00e2mara"},"content":{"rendered":"\n<p class=\"has-text-align-right\"><strong>Geraldo Campos Jr. e Marisa Wanzeller, da Ag\u00eancia iNFRA<\/strong><\/p>\n\n\n\n<p>O relator do Projeto de Lei do Licenciamento Ambiental (<a href=\"https:\/\/www25.senado.leg.br\/web\/atividade\/materias\/-\/materia\/148785\">PL 2.159\/2021<\/a>), deputado Z\u00e9 Vitor (PL-MG), disse que iria apresentar o seu parecer sobre o texto aos l\u00edderes da Casa na ter\u00e7a-feira (8). O parlamentar afirmou a jornalistas que a proposta j\u00e1 poder\u00e1 ser apreciada a partir desta quarta-feira (9) pela Casa, a depender do presidente Hugo Motta (Republicanos-PB), ou possivelmente na pr\u00f3xima semana.<\/p>\n\n\n\n<p>O deputado sinalizou que pontos do texto atual que foi aprovado no Senado podem ficar para ser detalhados em projeto posterior, como sobre a LAE (Licen\u00e7a Ambiental Especial), um procedimento simplificado para empreendimentos considerados estrat\u00e9gicos para o pa\u00eds, e a inclus\u00e3o do setor de minera\u00e7\u00e3o.<\/p>\n\n\n\n<p>Z\u00e9 Vitor participou de reuni\u00e3o na sede da FPA (Frente Parlamentar do Agroneg\u00f3cio) na tarde desta ter\u00e7a. Segundo ele, o governo tem sinalizado concord\u00e2ncia com a maior parte da proposta.<\/p>\n\n\n\n<p>O relator ainda afirmou que h\u00e1 &#8220;pouco espa\u00e7o para mudan\u00e7a no texto&#8221;, mas que eventuais supress\u00f5es ainda podem ser alvo de acordo. Um dos trechos que ele garantiu que ser\u00e1 mantido \u00e9 o que trata da LAC (Licenciamento Ambiental por Ades\u00e3o e Compromisso).<\/p>\n","protected":false},"excerpt":{"rendered":"<p>Geraldo Campos Jr. e Marisa Wanzeller, da Ag\u00eancia iNFRA O relator do Projeto de Lei do Licenciamento Ambiental (PL 2.159\/2021), deputado Z\u00e9 Vitor (PL-MG), disse que iria apresentar o seu parecer sobre o texto aos l\u00edderes da Casa na ter\u00e7a-feira (8). O parlamentar afirmou a jornalistas que a proposta j\u00e1 poder\u00e1 ser apreciada a partir [&hellip;]<\/p>\n","protected":false},"author":1,"featured_media":24248,"comment_status":"closed","ping_status":"closed","sticky":false,"template":"","format":"standard","meta":{"_monsterinsights_skip_tracking":false,"_monsterinsights_sitenote_active":false,"_monsterinsights_sitenote_note":"","_monsterinsights_sitenote_category":0,"footnotes":""},"categories":[1,2052],"tags":[305,2675,11594,14226,14227,223,13266,6105],"class_list":["post-24247","post","type-post","status-publish","format-standard","has-post-thumbnail","hentry","category-geral","category-infra-transicao","tag-camara-dos-deputados","tag-fpa","tag-geraldo-campos-jr","tag-lae","tag-licenca-ambiental-especial","tag-licenciamento-ambiental","tag-pl-do-licenciamento-ambiental","tag-ze-vitor"],"yoast_head":"<!-- This site is optimized with the Yoast SEO Premium plugin v25.4 (Yoast SEO v26.0) - https:\/\/yoast.com\/wordpress\/plugins\/seo\/ -->\n<title>Relator do PL do Licenciamento Ambiental diz que vai apresentar parecer a l\u00edderes da C\u00e2mara - Ag\u00eancia iNFRA<\/title>\n<meta name=\"robots\" content=\"index, follow, max-snippet:-1, max-image-preview:large, max-video-preview:-1\" \/>\n<link rel=\"canonical\" href=\"https:\/\/agenciainfra.com\/blog\/relator-do-pl-do-licenciamento-ambiental-diz-que-apresenta-parecer-a-lideres-da-camara-nesta-terca-8\/\" \/>\n<meta property=\"og:locale\" content=\"pt_BR\" \/>\n<meta property=\"og:type\" content=\"article\" \/>\n<meta property=\"og:title\" content=\"Relator do PL do Licenciamento Ambiental diz que vai apresentar parecer a l\u00edderes da C\u00e2mara\" \/>\n<meta property=\"og:description\" content=\"Geraldo Campos Jr. e Marisa Wanzeller, da Ag\u00eancia iNFRA O relator do Projeto de Lei do Licenciamento Ambiental (PL 2.159\/2021), deputado Z\u00e9 Vitor (PL-MG), disse que iria apresentar o seu parecer sobre o texto aos l\u00edderes da Casa na ter\u00e7a-feira (8). O parlamentar afirmou a jornalistas que a proposta j\u00e1 poder\u00e1 ser apreciada a partir [&hellip;]\" \/>\n<meta property=\"og:url\" content=\"https:\/\/agenciainfra.com\/blog\/relator-do-pl-do-licenciamento-ambiental-diz-que-apresenta-parecer-a-lideres-da-camara-nesta-terca-8\/\" \/>\n<meta property=\"og:site_name\" content=\"Ag\u00eancia iNFRA\" \/>\n<meta property=\"article:publisher\" content=\"https:\/\/www.facebook.com\/ageninfra\" \/>\n<meta property=\"article:published_time\" content=\"2025-07-08T16:13:23+00:00\" \/>\n<meta property=\"article:modified_time\" content=\"2025-07-09T10:57:37+00:00\" \/>\n<meta property=\"og:image\" content=\"https:\/\/agenciainfra.com\/blog\/wp-content\/uploads\/2025\/07\/img20250506155551911-scaled.jpg\" \/>\n\t<meta property=\"og:image:width\" content=\"2560\" \/>\n\t<meta property=\"og:image:height\" content=\"1578\" \/>\n\t<meta property=\"og:image:type\" content=\"image\/jpeg\" \/>\n<meta name=\"author\" content=\"Ag\u00eancia iNFRA\" \/>\n<meta name=\"twitter:card\" content=\"summary_large_image\" \/>\n<meta name=\"twitter:creator\" content=\"@agencia_infra\" \/>\n<meta name=\"twitter:site\" content=\"@agencia_infra\" \/>\n<meta name=\"twitter:label1\" content=\"Escrito por\" \/>\n\t<meta name=\"twitter:data1\" content=\"Ag\u00eancia iNFRA\" \/>\n\t<meta name=\"twitter:label2\" content=\"Est. tempo de leitura\" \/>\n\t<meta name=\"twitter:data2\" content=\"1 minuto\" \/>\n<script type=\"application\/ld+json\" class=\"yoast-schema-graph\">{\"@context\":\"https:\/\/schema.org\",\"@graph\":[{\"@type\":\"Article\",\"@id\":\"https:\/\/agenciainfra.com\/blog\/relator-do-pl-do-licenciamento-ambiental-diz-que-apresenta-parecer-a-lideres-da-camara-nesta-terca-8\/#article\",\"isPartOf\":{\"@id\":\"https:\/\/agenciainfra.com\/blog\/relator-do-pl-do-licenciamento-ambiental-diz-que-apresenta-parecer-a-lideres-da-camara-nesta-terca-8\/\"},\"author\":{\"name\":\"Ag\u00eancia iNFRA\",\"@id\":\"https:\/\/agenciainfra.com\/blog\/#\/schema\/person\/34af08dff6adea4cb22b06612ba7acfa\"},\"headline\":\"Relator do PL do Licenciamento Ambiental diz que vai apresentar parecer a l\u00edderes da C\u00e2mara\",\"datePublished\":\"2025-07-08T16:13:23+00:00\",\"dateModified\":\"2025-07-09T10:57:37+00:00\",\"mainEntityOfPage\":{\"@id\":\"https:\/\/agenciainfra.com\/blog\/relator-do-pl-do-licenciamento-ambiental-diz-que-apresenta-parecer-a-lideres-da-camara-nesta-terca-8\/\"},\"wordCount\":220,\"publisher\":{\"@id\":\"https:\/\/agenciainfra.com\/blog\/#organization\"},\"image\":{\"@id\":\"https:\/\/agenciainfra.com\/blog\/relator-do-pl-do-licenciamento-ambiental-diz-que-apresenta-parecer-a-lideres-da-camara-nesta-terca-8\/#primaryimage\"},\"thumbnailUrl\":\"https:\/\/agenciainfra.com\/blog\/wp-content\/uploads\/2025\/07\/img20250506155551911-scaled.jpg\",\"keywords\":[\"C\u00e2mara dos Deputados\",\"FPA\",\"Geraldo Campos Jr.\",\"LAE\",\"Licen\u00e7a Ambiental Especial\",\"Licenciamento ambiental\",\"pl do licenciamento ambiental\",\"Z\u00e9 Vitor\"],\"articleSection\":[\"Geral\",\"iNFRA Na Transi\u00e7\u00e3o\"],\"inLanguage\":\"pt-BR\",\"copyrightYear\":\"2025\",\"copyrightHolder\":{\"@id\":\"https:\/\/agenciainfra.com\/blog\/#organization\"}},{\"@type\":\"WebPage\",\"@id\":\"https:\/\/agenciainfra.com\/blog\/relator-do-pl-do-licenciamento-ambiental-diz-que-apresenta-parecer-a-lideres-da-camara-nesta-terca-8\/\",\"url\":\"https:\/\/agenciainfra.com\/blog\/relator-do-pl-do-licenciamento-ambiental-diz-que-apresenta-parecer-a-lideres-da-camara-nesta-terca-8\/\",\"name\":\"Relator do PL do Licenciamento Ambiental diz que vai apresentar parecer a l\u00edderes da C\u00e2mara - Ag\u00eancia iNFRA\",\"isPartOf\":{\"@id\":\"https:\/\/agenciainfra.com\/blog\/#website\"},\"primaryImageOfPage\":{\"@id\":\"https:\/\/agenciainfra.com\/blog\/relator-do-pl-do-licenciamento-ambiental-diz-que-apresenta-parecer-a-lideres-da-camara-nesta-terca-8\/#primaryimage\"},\"image\":{\"@id\":\"https:\/\/agenciainfra.com\/blog\/relator-do-pl-do-licenciamento-ambiental-diz-que-apresenta-parecer-a-lideres-da-camara-nesta-terca-8\/#primaryimage\"},\"thumbnailUrl\":\"https:\/\/agenciainfra.com\/blog\/wp-content\/uploads\/2025\/07\/img20250506155551911-scaled.jpg\",\"datePublished\":\"2025-07-08T16:13:23+00:00\",\"dateModified\":\"2025-07-09T10:57:37+00:00\",\"breadcrumb\":{\"@id\":\"https:\/\/agenciainfra.com\/blog\/relator-do-pl-do-licenciamento-ambiental-diz-que-apresenta-parecer-a-lideres-da-camara-nesta-terca-8\/#breadcrumb\"},\"inLanguage\":\"pt-BR\",\"potentialAction\":[{\"@type\":\"ReadAction\",\"target\":[\"https:\/\/agenciainfra.com\/blog\/relator-do-pl-do-licenciamento-ambiental-diz-que-apresenta-parecer-a-lideres-da-camara-nesta-terca-8\/\"]}]},{\"@type\":\"ImageObject\",\"inLanguage\":\"pt-BR\",\"@id\":\"https:\/\/agenciainfra.com\/blog\/relator-do-pl-do-licenciamento-ambiental-diz-que-apresenta-parecer-a-lideres-da-camara-nesta-terca-8\/#primaryimage\",\"url\":\"https:\/\/agenciainfra.com\/blog\/wp-content\/uploads\/2025\/07\/img20250506155551911-scaled.jpg\",\"contentUrl\":\"https:\/\/agenciainfra.com\/blog\/wp-content\/uploads\/2025\/07\/img20250506155551911-scaled.jpg\",\"width\":2560,\"height\":1578,\"caption\":\"Foto: Kayo Magalh\u00e3es\/C\u00e2mara dos Deputados\"},{\"@type\":\"BreadcrumbList\",\"@id\":\"https:\/\/agenciainfra.com\/blog\/relator-do-pl-do-licenciamento-ambiental-diz-que-apresenta-parecer-a-lideres-da-camara-nesta-terca-8\/#breadcrumb\",\"itemListElement\":[{\"@type\":\"ListItem\",\"position\":1,\"name\":\"In\u00edcio\",\"item\":\"https:\/\/agenciainfra.com\/blog\/\"},{\"@type\":\"ListItem\",\"position\":2,\"name\":\"Relator do PL do Licenciamento Ambiental diz que vai apresentar parecer a l\u00edderes da C\u00e2mara\"}]},{\"@type\":\"WebSite\",\"@id\":\"https:\/\/agenciainfra.com\/blog\/#website\",\"url\":\"https:\/\/agenciainfra.com\/blog\/\",\"name\":\"Ag\u00eancia iNFRA\",\"description\":\"Multiplataforma de informa\u00e7\u00e3o jornal\u00edstica refer\u00eancia na \u00e1rea de infraestrutura no Brasil!\",\"publisher\":{\"@id\":\"https:\/\/agenciainfra.com\/blog\/#organization\"},\"potentialAction\":[{\"@type\":\"SearchAction\",\"target\":{\"@type\":\"EntryPoint\",\"urlTemplate\":\"https:\/\/agenciainfra.com\/blog\/?s={search_term_string}\"},\"query-input\":{\"@type\":\"PropertyValueSpecification\",\"valueRequired\":true,\"valueName\":\"search_term_string\"}}],\"inLanguage\":\"pt-BR\"},{\"@type\":\"Organization\",\"@id\":\"https:\/\/agenciainfra.com\/blog\/#organization\",\"name\":\"Ag\u00eancia iNFRA\",\"url\":\"https:\/\/agenciainfra.com\/blog\/\",\"logo\":{\"@type\":\"ImageObject\",\"inLanguage\":\"pt-BR\",\"@id\":\"https:\/\/agenciainfra.com\/blog\/#\/schema\/logo\/image\/\",\"url\":\"https:\/\/agenciainfra.com\/blog\/wp-content\/uploads\/2023\/09\/iNFRA_5-e1761735885940.png\",\"contentUrl\":\"https:\/\/agenciainfra.com\/blog\/wp-content\/uploads\/2023\/09\/iNFRA_5-e1761735885940.png\",\"width\":1672,\"height\":454,\"caption\":\"Ag\u00eancia iNFRA\"},\"image\":{\"@id\":\"https:\/\/agenciainfra.com\/blog\/#\/schema\/logo\/image\/\"},\"sameAs\":[\"https:\/\/www.facebook.com\/ageninfra\",\"https:\/\/x.com\/agencia_infra\",\"https:\/\/www.linkedin.com\/company\/ag\u00eanciainfra\/\",\"https:\/\/www.instagram.com\/agenciainfra\/\"]},{\"@type\":\"Person\",\"@id\":\"https:\/\/agenciainfra.com\/blog\/#\/schema\/person\/34af08dff6adea4cb22b06612ba7acfa\",\"name\":\"Ag\u00eancia iNFRA\",\"image\":{\"@type\":\"ImageObject\",\"inLanguage\":\"pt-BR\",\"@id\":\"https:\/\/agenciainfra.com\/blog\/#\/schema\/person\/image\/\",\"url\":\"https:\/\/secure.gravatar.com\/avatar\/d189e01678f06d8eb84d4e01f08eb848b3fffe3f8443818d3c356c66892f5be8?s=96&d=mm&r=g\",\"contentUrl\":\"https:\/\/secure.gravatar.com\/avatar\/d189e01678f06d8eb84d4e01f08eb848b3fffe3f8443818d3c356c66892f5be8?s=96&d=mm&r=g\",\"caption\":\"Ag\u00eancia iNFRA\"},\"url\":\"https:\/\/agenciainfra.com\/blog\/author\/admin\/\"}]}<\/script>\n<!-- \/ Yoast SEO Premium plugin. -->","yoast_head_json":{"title":"Relator do PL do Licenciamento Ambiental diz que vai apresentar parecer a l\u00edderes da C\u00e2mara - Ag\u00eancia iNFRA","robots":{"index":"index","follow":"follow","max-snippet":"max-snippet:-1","max-image-preview":"max-image-preview:large","max-video-preview":"max-video-preview:-1"},"canonical":"https:\/\/agenciainfra.com\/blog\/relator-do-pl-do-licenciamento-ambiental-diz-que-apresenta-parecer-a-lideres-da-camara-nesta-terca-8\/","og_locale":"pt_BR","og_type":"article","og_title":"Relator do PL do Licenciamento Ambiental diz que vai apresentar parecer a l\u00edderes da C\u00e2mara","og_description":"Geraldo Campos Jr. e Marisa Wanzeller, da Ag\u00eancia iNFRA O relator do Projeto de Lei do Licenciamento Ambiental (PL 2.159\/2021), deputado Z\u00e9 Vitor (PL-MG), disse que iria apresentar o seu parecer sobre o texto aos l\u00edderes da Casa na ter\u00e7a-feira (8). O parlamentar afirmou a jornalistas que a proposta j\u00e1 poder\u00e1 ser apreciada a partir [&hellip;]","og_url":"https:\/\/agenciainfra.com\/blog\/relator-do-pl-do-licenciamento-ambiental-diz-que-apresenta-parecer-a-lideres-da-camara-nesta-terca-8\/","og_site_name":"Ag\u00eancia iNFRA","article_publisher":"https:\/\/www.facebook.com\/ageninfra","article_published_time":"2025-07-08T16:13:23+00:00","article_modified_time":"2025-07-09T10:57:37+00:00","og_image":[{"width":2560,"height":1578,"url":"https:\/\/agenciainfra.com\/blog\/wp-content\/uploads\/2025\/07\/img20250506155551911-scaled.jpg","type":"image\/jpeg"}],"author":"Ag\u00eancia iNFRA","twitter_card":"summary_large_image","twitter_creator":"@agencia_infra","twitter_site":"@agencia_infra","twitter_misc":{"Escrito por":"Ag\u00eancia iNFRA","Est. tempo de leitura":"1 minuto"},"schema":{"@context":"https:\/\/schema.org","@graph":[{"@type":"Article","@id":"https:\/\/agenciainfra.com\/blog\/relator-do-pl-do-licenciamento-ambiental-diz-que-apresenta-parecer-a-lideres-da-camara-nesta-terca-8\/#article","isPartOf":{"@id":"https:\/\/agenciainfra.com\/blog\/relator-do-pl-do-licenciamento-ambiental-diz-que-apresenta-parecer-a-lideres-da-camara-nesta-terca-8\/"},"author":{"name":"Ag\u00eancia iNFRA","@id":"https:\/\/agenciainfra.com\/blog\/#\/schema\/person\/34af08dff6adea4cb22b06612ba7acfa"},"headline":"Relator do PL do Licenciamento Ambiental diz que vai apresentar parecer a l\u00edderes da C\u00e2mara","datePublished":"2025-07-08T16:13:23+00:00","dateModified":"2025-07-09T10:57:37+00:00","mainEntityOfPage":{"@id":"https:\/\/agenciainfra.com\/blog\/relator-do-pl-do-licenciamento-ambiental-diz-que-apresenta-parecer-a-lideres-da-camara-nesta-terca-8\/"},"wordCount":220,"publisher":{"@id":"https:\/\/agenciainfra.com\/blog\/#organization"},"image":{"@id":"https:\/\/agenciainfra.com\/blog\/relator-do-pl-do-licenciamento-ambiental-diz-que-apresenta-parecer-a-lideres-da-camara-nesta-terca-8\/#primaryimage"},"thumbnailUrl":"https:\/\/agenciainfra.com\/blog\/wp-content\/uploads\/2025\/07\/img20250506155551911-scaled.jpg","keywords":["C\u00e2mara dos Deputados","FPA","Geraldo Campos Jr.","LAE","Licen\u00e7a Ambiental Especial","Licenciamento ambiental","pl do licenciamento ambiental","Z\u00e9 Vitor"],"articleSection":["Geral","iNFRA Na Transi\u00e7\u00e3o"],"inLanguage":"pt-BR","copyrightYear":"2025","copyrightHolder":{"@id":"https:\/\/agenciainfra.com\/blog\/#organization"}},{"@type":"WebPage","@id":"https:\/\/agenciainfra.com\/blog\/relator-do-pl-do-licenciamento-ambiental-diz-que-apresenta-parecer-a-lideres-da-camara-nesta-terca-8\/","url":"https:\/\/agenciainfra.com\/blog\/relator-do-pl-do-licenciamento-ambiental-diz-que-apresenta-parecer-a-lideres-da-camara-nesta-terca-8\/","name":"Relator do PL do Licenciamento Ambiental diz que vai apresentar parecer a l\u00edderes da C\u00e2mara - Ag\u00eancia iNFRA","isPartOf":{"@id":"https:\/\/agenciainfra.com\/blog\/#website"},"primaryImageOfPage":{"@id":"https:\/\/agenciainfra.com\/blog\/relator-do-pl-do-licenciamento-ambiental-diz-que-apresenta-parecer-a-lideres-da-camara-nesta-terca-8\/#primaryimage"},"image":{"@id":"https:\/\/agenciainfra.com\/blog\/relator-do-pl-do-licenciamento-ambiental-diz-que-apresenta-parecer-a-lideres-da-camara-nesta-terca-8\/#primaryimage"},"thumbnailUrl":"https:\/\/agenciainfra.com\/blog\/wp-content\/uploads\/2025\/07\/img20250506155551911-scaled.jpg","datePublished":"2025-07-08T16:13:23+00:00","dateModified":"2025-07-09T10:57:37+00:00","breadcrumb":{"@id":"https:\/\/agenciainfra.com\/blog\/relator-do-pl-do-licenciamento-ambiental-diz-que-apresenta-parecer-a-lideres-da-camara-nesta-terca-8\/#breadcrumb"},"inLanguage":"pt-BR","potentialAction":[{"@type":"ReadAction","target":["https:\/\/agenciainfra.com\/blog\/relator-do-pl-do-licenciamento-ambiental-diz-que-apresenta-parecer-a-lideres-da-camara-nesta-terca-8\/"]}]},{"@type":"ImageObject","inLanguage":"pt-BR","@id":"https:\/\/agenciainfra.com\/blog\/relator-do-pl-do-licenciamento-ambiental-diz-que-apresenta-parecer-a-lideres-da-camara-nesta-terca-8\/#primaryimage","url":"https:\/\/agenciainfra.com\/blog\/wp-content\/uploads\/2025\/07\/img20250506155551911-scaled.jpg","contentUrl":"https:\/\/agenciainfra.com\/blog\/wp-content\/uploads\/2025\/07\/img20250506155551911-scaled.jpg","width":2560,"height":1578,"caption":"Foto: Kayo Magalh\u00e3es\/C\u00e2mara dos Deputados"},{"@type":"BreadcrumbList","@id":"https:\/\/agenciainfra.com\/blog\/relator-do-pl-do-licenciamento-ambiental-diz-que-apresenta-parecer-a-lideres-da-camara-nesta-terca-8\/#breadcrumb","itemListElement":[{"@type":"ListItem","position":1,"name":"In\u00edcio","item":"https:\/\/agenciainfra.com\/blog\/"},{"@type":"ListItem","position":2,"name":"Relator do PL do Licenciamento Ambiental diz que vai apresentar parecer a l\u00edderes da C\u00e2mara"}]},{"@type":"WebSite","@id":"https:\/\/agenciainfra.com\/blog\/#website","url":"https:\/\/agenciainfra.com\/blog\/","name":"Ag\u00eancia iNFRA","description":"Multiplataforma de informa\u00e7\u00e3o jornal\u00edstica refer\u00eancia na \u00e1rea de infraestrutura no Brasil!","publisher":{"@id":"https:\/\/agenciainfra.com\/blog\/#organization"},"potentialAction":[{"@type":"SearchAction","target":{"@type":"EntryPoint","urlTemplate":"https:\/\/agenciainfra.com\/blog\/?s={search_term_string}"},"query-input":{"@type":"PropertyValueSpecification","valueRequired":true,"valueName":"search_term_string"}}],"inLanguage":"pt-BR"},{"@type":"Organization","@id":"https:\/\/agenciainfra.com\/blog\/#organization","name":"Ag\u00eancia iNFRA","url":"https:\/\/agenciainfra.com\/blog\/","logo":{"@type":"ImageObject","inLanguage":"pt-BR","@id":"https:\/\/agenciainfra.com\/blog\/#\/schema\/logo\/image\/","url":"https:\/\/agenciainfra.com\/blog\/wp-content\/uploads\/2023\/09\/iNFRA_5-e1761735885940.png","contentUrl":"https:\/\/agenciainfra.com\/blog\/wp-content\/uploads\/2023\/09\/iNFRA_5-e1761735885940.png","width":1672,"height":454,"caption":"Ag\u00eancia iNFRA"},"image":{"@id":"https:\/\/agenciainfra.com\/blog\/#\/schema\/logo\/image\/"},"sameAs":["https:\/\/www.facebook.com\/ageninfra","https:\/\/x.com\/agencia_infra","https:\/\/www.linkedin.com\/company\/ag\u00eanciainfra\/","https:\/\/www.instagram.com\/agenciainfra\/"]},{"@type":"Person","@id":"https:\/\/agenciainfra.com\/blog\/#\/schema\/person\/34af08dff6adea4cb22b06612ba7acfa","name":"Ag\u00eancia iNFRA","image":{"@type":"ImageObject","inLanguage":"pt-BR","@id":"https:\/\/agenciainfra.com\/blog\/#\/schema\/person\/image\/","url":"https:\/\/secure.gravatar.com\/avatar\/d189e01678f06d8eb84d4e01f08eb848b3fffe3f8443818d3c356c66892f5be8?s=96&d=mm&r=g","contentUrl":"https:\/\/secure.gravatar.com\/avatar\/d189e01678f06d8eb84d4e01f08eb848b3fffe3f8443818d3c356c66892f5be8?s=96&d=mm&r=g","caption":"Ag\u00eancia iNFRA"},"url":"https:\/\/agenciainfra.com\/blog\/author\/admin\/"}]}},"_links":{"self":[{"href":"https:\/\/agenciainfra.com\/blog\/wp-json\/wp\/v2\/posts\/24247","targetHints":{"allow":["GET"]}}],"collection":[{"href":"https:\/\/agenciainfra.com\/blog\/wp-json\/wp\/v2\/posts"}],"about":[{"href":"https:\/\/agenciainfra.com\/blog\/wp-json\/wp\/v2\/types\/post"}],"author":[{"embeddable":true,"href":"https:\/\/agenciainfra.com\/blog\/wp-json\/wp\/v2\/users\/1"}],"replies":[{"embeddable":true,"href":"https:\/\/agenciainfra.com\/blog\/wp-json\/wp\/v2\/comments?post=24247"}],"version-history":[{"count":3,"href":"https:\/\/agenciainfra.com\/blog\/wp-json\/wp\/v2\/posts\/24247\/revisions"}],"predecessor-version":[{"id":24322,"href":"https:\/\/agenciainfra.com\/blog\/wp-json\/wp\/v2\/posts\/24247\/revisions\/24322"}],"wp:featuredmedia":[{"embeddable":true,"href":"https:\/\/agenciainfra.com\/blog\/wp-json\/wp\/v2\/media\/24248"}],"wp:attachment":[{"href":"https:\/\/agenciainfra.com\/blog\/wp-json\/wp\/v2\/media?parent=24247"}],"wp:term":[{"taxonomy":"category","embeddable":true,"href":"https:\/\/agenciainfra.com\/blog\/wp-json\/wp\/v2\/categories?post=24247"},{"taxonomy":"post_tag","embeddable":true,"href":"https:\/\/agenciainfra.com\/blog\/wp-json\/wp\/v2\/tags?post=24247"}],"curies":[{"name":"wp","href":"https:\/\/api.w.org\/{rel}","templated":true}]}}