{"id":24262,"date":"2025-07-08T15:44:56","date_gmt":"2025-07-08T18:44:56","guid":{"rendered":"https:\/\/agenciainfra.com\/blog\/?p=24262"},"modified":"2025-07-09T12:44:22","modified_gmt":"2025-07-09T15:44:22","slug":"anm-pode-dobrar-arrecadacao-de-royalties-se-for-reestruturada-disse-diretor-no-senado","status":"publish","type":"post","link":"https:\/\/agenciainfra.com\/blog\/anm-pode-dobrar-arrecadacao-de-royalties-se-for-reestruturada-disse-diretor-no-senado\/","title":{"rendered":"ANM pode dobrar arrecada\u00e7\u00e3o de royalties se for reestruturada, disse diretor no Senado"},"content":{"rendered":"\n<p class=\"has-text-align-right\"><strong>Rafael Bitencourt e Lais Carregosa, da Ag\u00eancia iNFRA<\/strong><\/p>\n\n\n\n<p>O diretor-geral da ANM (Ag\u00eancia Nacional de Minera\u00e7\u00e3o), Mauro Henrique Sousa, disse nesta ter\u00e7a-feira (8) que a reguladora fica em segundo lugar no ranking de arrecada\u00e7\u00e3o dos setores regulados, com R$ 3,2 bilh\u00f5es em royalties arrecadados no ano passado, perdendo apenas para a ANP (Ag\u00eancia Nacional do Petr\u00f3leo, G\u00e1s Natural e Biocombust\u00edveis).<\/p>\n\n\n\n<p>Segundo ele, a ANM tem potencial para dobrar a arrecada\u00e7\u00e3o no setor se contar com refor\u00e7o no or\u00e7amento, levar \u00e0 frente o projeto de moderniza\u00e7\u00e3o da estrutura de funcionamento e confirmar a reposi\u00e7\u00e3o do quadro de servidores. No entanto, a situa\u00e7\u00e3o da ag\u00eancia \u00e9 agravada com medidas de corte no or\u00e7amento.<\/p>\n\n\n\n<p>\u201cN\u00f3s somos a ag\u00eancia que, no ranking, \u00e9 a que mais arrecada depois da ANP. A ANP \u00e9 campe\u00e3 disparada, mas a ANM, no ano passado, s\u00f3 em royalties, n\u00f3s batemos a casa de R$ 3,2 bilh\u00f5es. Com os nossos projetos, a gente estima que, em tr\u00eas, quatro anos, a gente consiga dobrar\u201d, informou Sousa, ao participar de audi\u00eancia p\u00fablica no Senado.<\/p>\n\n\n\n<p>Segundo ele, a ag\u00eancia pediu ao MGI (Minist\u00e9rio da Gest\u00e3o e da Inova\u00e7\u00e3o em Servi\u00e7os P\u00fablicos) a reposi\u00e7\u00e3o de 1.073 vagas, mas foram aprovadas apenas 220, j\u00e1 contempladas em concurso realizado. Mais recentemente, o minist\u00e9rio autorizou outras 80 vagas para um concurso unificado para cargos de n\u00edvel m\u00e9dio, somando um refor\u00e7o de 300 novos servidores.<\/p>\n\n\n\n<p>O diretor da ANM citou resultado de levantamento do TCU (Tribunal de Contas da Uni\u00e3o) para indicar que, entre 2017 e 2022, cerca de R$ 20 bilh\u00f5es deixaram de ser arrecadados pela ag\u00eancia no setor de minera\u00e7\u00e3o.<\/p>\n\n\n\n<p><strong>\u201cPrecariedade\u201d<\/strong><br>Na audi\u00eancia, realizada pela CI (Comiss\u00e3o de Servi\u00e7os de Infraestrutura), Sousa relatou que a ANM foi a \u201c\u00faltima ag\u00eancia criada\u201d, h\u00e1 cerca de seis anos, e enfrenta uma condi\u00e7\u00e3o de \u201cprecariedade\u201d para desempenhar seu papel institucional. \u201cTrabalhamos com apenas 30% do n\u00famero de servidores que dever\u00edamos ter pela lei\u201d, disse, segundo ele, cerca de 200 servidores est\u00e3o em abono de perman\u00eancia, com perspectiva de aposentadoria.<\/p>\n\n\n\n<p>Ainda sobre a arrecada\u00e7\u00e3o, o diretor da ANM afirmou que o \u00f3rg\u00e3o conta com apenas quatro servidores para fiscalizar o recolhimento e distribui\u00e7\u00e3o de royalties \u201cno Brasil como um todo\u201d. Existe, segundo ele, um \u201cpassivo\u201d de arrecada\u00e7\u00e3o de valores, inscritos em d\u00edvidas ativas e outros est\u00e1gios de tramita\u00e7\u00e3o, que somam outros R$ 20 bilh\u00f5es.<\/p>\n\n\n\n<p>Em rela\u00e7\u00e3o \u00e0 estrutura do \u00f3rg\u00e3o, Sousa chamou aten\u00e7\u00e3o para o fato da ANM conviver com uma \u201cdefasagem expressiva\u201d no uso de tecnologias para melhorar a efici\u00eancia do trabalho. \u201cN\u00f3s temos um portf\u00f3lio de projetos bem ambicioso de transforma\u00e7\u00e3o digital, mas hoje opera com um sistema baseado em Excel [com atualiza\u00e7\u00e3o de planilhas], que j\u00e1 est\u00e1 h\u00e1 20 anos\u201d, afirmou. \u201cA gente tem que fazer remendos\u201d, acrescentou.<\/p>\n\n\n\n<p>Para o diretor da ANM, existe a possibilidade de agravar a situa\u00e7\u00e3o da ag\u00eancia diante da medida de contingenciamento de recursos. \u201cAgora, temos a tend\u00eancia de diminuir ou at\u00e9 suspender determinadas vistorias, determinadas fiscaliza\u00e7\u00f5es, porque n\u00e3o vamos ter recursos suficientes\u201d, alertou.<\/p>\n","protected":false},"excerpt":{"rendered":"<p>Rafael Bitencourt e Lais Carregosa, da Ag\u00eancia iNFRA O diretor-geral da ANM (Ag\u00eancia Nacional de Minera\u00e7\u00e3o), Mauro Henrique Sousa, disse nesta ter\u00e7a-feira (8) que a reguladora fica em segundo lugar no ranking de arrecada\u00e7\u00e3o dos setores regulados, com R$ 3,2 bilh\u00f5es em royalties arrecadados no ano passado, perdendo apenas para a ANP (Ag\u00eancia Nacional do [&hellip;]<\/p>\n","protected":false},"author":1,"featured_media":24278,"comment_status":"closed","ping_status":"closed","sticky":false,"template":"","format":"standard","meta":{"_monsterinsights_skip_tracking":false,"_monsterinsights_sitenote_active":false,"_monsterinsights_sitenote_note":"","_monsterinsights_sitenote_category":0,"footnotes":""},"categories":[7250,1,13239],"tags":[340,13132,14232,839,13228,13749,14231,13813],"class_list":["post-24262","post","type-post","status-publish","format-standard","has-post-thumbnail","hentry","category-destaque-lista","category-geral","category-mineracao","tag-anm","tag-lais-carregosa","tag-mauro-sousa-anm","tag-mineracao","tag-minerais-criticos","tag-minerais-estrategicos","tag-plano-nacional-de-mineracao","tag-rafael-bitencourt"],"yoast_head":"<!-- This site is optimized with the Yoast SEO Premium plugin v25.4 (Yoast SEO v26.0) - https:\/\/yoast.com\/wordpress\/plugins\/seo\/ -->\n<title>ANM pode dobrar arrecada\u00e7\u00e3o de royalties se for reestruturada, disse diretor no Senado - Ag\u00eancia iNFRA<\/title>\n<meta name=\"robots\" content=\"index, follow, max-snippet:-1, max-image-preview:large, max-video-preview:-1\" \/>\n<link rel=\"canonical\" href=\"https:\/\/agenciainfra.com\/blog\/anm-pode-dobrar-arrecadacao-de-royalties-se-for-reestruturada-disse-diretor-no-senado\/\" \/>\n<meta property=\"og:locale\" content=\"pt_BR\" \/>\n<meta property=\"og:type\" content=\"article\" \/>\n<meta property=\"og:title\" content=\"ANM pode dobrar arrecada\u00e7\u00e3o de royalties se for reestruturada, disse diretor no Senado\" \/>\n<meta property=\"og:description\" content=\"Rafael Bitencourt e Lais Carregosa, da Ag\u00eancia iNFRA O diretor-geral da ANM (Ag\u00eancia Nacional de Minera\u00e7\u00e3o), Mauro Henrique Sousa, disse nesta ter\u00e7a-feira (8) que a reguladora fica em segundo lugar no ranking de arrecada\u00e7\u00e3o dos setores regulados, com R$ 3,2 bilh\u00f5es em royalties arrecadados no ano passado, perdendo apenas para a ANP (Ag\u00eancia Nacional do [&hellip;]\" \/>\n<meta property=\"og:url\" content=\"https:\/\/agenciainfra.com\/blog\/anm-pode-dobrar-arrecadacao-de-royalties-se-for-reestruturada-disse-diretor-no-senado\/\" \/>\n<meta property=\"og:site_name\" content=\"Ag\u00eancia iNFRA\" \/>\n<meta property=\"article:publisher\" content=\"https:\/\/www.facebook.com\/ageninfra\" \/>\n<meta property=\"article:published_time\" content=\"2025-07-08T18:44:56+00:00\" \/>\n<meta property=\"article:modified_time\" content=\"2025-07-09T15:44:22+00:00\" \/>\n<meta property=\"og:image\" content=\"https:\/\/agenciainfra.com\/blog\/wp-content\/uploads\/2025\/07\/mauro-sousa-anm-foto-pedro_franca-agenciasenado.jpg\" \/>\n\t<meta property=\"og:image:width\" content=\"1024\" \/>\n\t<meta property=\"og:image:height\" content=\"683\" \/>\n\t<meta property=\"og:image:type\" content=\"image\/jpeg\" \/>\n<meta name=\"author\" content=\"Ag\u00eancia iNFRA\" \/>\n<meta name=\"twitter:card\" content=\"summary_large_image\" \/>\n<meta name=\"twitter:creator\" content=\"@agencia_infra\" \/>\n<meta name=\"twitter:site\" content=\"@agencia_infra\" \/>\n<meta name=\"twitter:label1\" content=\"Escrito por\" \/>\n\t<meta name=\"twitter:data1\" content=\"Ag\u00eancia iNFRA\" \/>\n\t<meta name=\"twitter:label2\" content=\"Est. tempo de leitura\" \/>\n\t<meta name=\"twitter:data2\" content=\"3 minutos\" \/>\n<script type=\"application\/ld+json\" class=\"yoast-schema-graph\">{\"@context\":\"https:\/\/schema.org\",\"@graph\":[{\"@type\":\"Article\",\"@id\":\"https:\/\/agenciainfra.com\/blog\/anm-pode-dobrar-arrecadacao-de-royalties-se-for-reestruturada-disse-diretor-no-senado\/#article\",\"isPartOf\":{\"@id\":\"https:\/\/agenciainfra.com\/blog\/anm-pode-dobrar-arrecadacao-de-royalties-se-for-reestruturada-disse-diretor-no-senado\/\"},\"author\":{\"name\":\"Ag\u00eancia iNFRA\",\"@id\":\"https:\/\/agenciainfra.com\/blog\/#\/schema\/person\/34af08dff6adea4cb22b06612ba7acfa\"},\"headline\":\"ANM pode dobrar arrecada\u00e7\u00e3o de royalties se for reestruturada, disse diretor no Senado\",\"datePublished\":\"2025-07-08T18:44:56+00:00\",\"dateModified\":\"2025-07-09T15:44:22+00:00\",\"mainEntityOfPage\":{\"@id\":\"https:\/\/agenciainfra.com\/blog\/anm-pode-dobrar-arrecadacao-de-royalties-se-for-reestruturada-disse-diretor-no-senado\/\"},\"wordCount\":558,\"publisher\":{\"@id\":\"https:\/\/agenciainfra.com\/blog\/#organization\"},\"image\":{\"@id\":\"https:\/\/agenciainfra.com\/blog\/anm-pode-dobrar-arrecadacao-de-royalties-se-for-reestruturada-disse-diretor-no-senado\/#primaryimage\"},\"thumbnailUrl\":\"https:\/\/agenciainfra.com\/blog\/wp-content\/uploads\/2025\/07\/mauro-sousa-anm-foto-pedro_franca-agenciasenado.jpg\",\"keywords\":[\"ANM\",\"Lais Carregosa\",\"Mauro sousa anm\",\"minera\u00e7\u00e3o\",\"minerais cr\u00edticos\",\"minerais estrat\u00e9gicos\",\"Plano nacional de minera\u00e7\u00e3o\",\"Rafael Bitencourt\"],\"articleSection\":[\"Destaque lista\",\"Geral\",\"Minera\u00e7\u00e3o\"],\"inLanguage\":\"pt-BR\",\"copyrightYear\":\"2025\",\"copyrightHolder\":{\"@id\":\"https:\/\/agenciainfra.com\/blog\/#organization\"}},{\"@type\":\"WebPage\",\"@id\":\"https:\/\/agenciainfra.com\/blog\/anm-pode-dobrar-arrecadacao-de-royalties-se-for-reestruturada-disse-diretor-no-senado\/\",\"url\":\"https:\/\/agenciainfra.com\/blog\/anm-pode-dobrar-arrecadacao-de-royalties-se-for-reestruturada-disse-diretor-no-senado\/\",\"name\":\"ANM pode dobrar arrecada\u00e7\u00e3o de royalties se for reestruturada, disse diretor no Senado - Ag\u00eancia iNFRA\",\"isPartOf\":{\"@id\":\"https:\/\/agenciainfra.com\/blog\/#website\"},\"primaryImageOfPage\":{\"@id\":\"https:\/\/agenciainfra.com\/blog\/anm-pode-dobrar-arrecadacao-de-royalties-se-for-reestruturada-disse-diretor-no-senado\/#primaryimage\"},\"image\":{\"@id\":\"https:\/\/agenciainfra.com\/blog\/anm-pode-dobrar-arrecadacao-de-royalties-se-for-reestruturada-disse-diretor-no-senado\/#primaryimage\"},\"thumbnailUrl\":\"https:\/\/agenciainfra.com\/blog\/wp-content\/uploads\/2025\/07\/mauro-sousa-anm-foto-pedro_franca-agenciasenado.jpg\",\"datePublished\":\"2025-07-08T18:44:56+00:00\",\"dateModified\":\"2025-07-09T15:44:22+00:00\",\"breadcrumb\":{\"@id\":\"https:\/\/agenciainfra.com\/blog\/anm-pode-dobrar-arrecadacao-de-royalties-se-for-reestruturada-disse-diretor-no-senado\/#breadcrumb\"},\"inLanguage\":\"pt-BR\",\"potentialAction\":[{\"@type\":\"ReadAction\",\"target\":[\"https:\/\/agenciainfra.com\/blog\/anm-pode-dobrar-arrecadacao-de-royalties-se-for-reestruturada-disse-diretor-no-senado\/\"]}]},{\"@type\":\"ImageObject\",\"inLanguage\":\"pt-BR\",\"@id\":\"https:\/\/agenciainfra.com\/blog\/anm-pode-dobrar-arrecadacao-de-royalties-se-for-reestruturada-disse-diretor-no-senado\/#primaryimage\",\"url\":\"https:\/\/agenciainfra.com\/blog\/wp-content\/uploads\/2025\/07\/mauro-sousa-anm-foto-pedro_franca-agenciasenado.jpg\",\"contentUrl\":\"https:\/\/agenciainfra.com\/blog\/wp-content\/uploads\/2025\/07\/mauro-sousa-anm-foto-pedro_franca-agenciasenado.jpg\",\"width\":1024,\"height\":683,\"caption\":\"Foto: Pedro Fran\u00e7a\/Ag\u00eancia Senado\"},{\"@type\":\"BreadcrumbList\",\"@id\":\"https:\/\/agenciainfra.com\/blog\/anm-pode-dobrar-arrecadacao-de-royalties-se-for-reestruturada-disse-diretor-no-senado\/#breadcrumb\",\"itemListElement\":[{\"@type\":\"ListItem\",\"position\":1,\"name\":\"In\u00edcio\",\"item\":\"https:\/\/agenciainfra.com\/blog\/\"},{\"@type\":\"ListItem\",\"position\":2,\"name\":\"ANM pode dobrar arrecada\u00e7\u00e3o de royalties se for reestruturada, disse diretor no Senado\"}]},{\"@type\":\"WebSite\",\"@id\":\"https:\/\/agenciainfra.com\/blog\/#website\",\"url\":\"https:\/\/agenciainfra.com\/blog\/\",\"name\":\"Ag\u00eancia iNFRA\",\"description\":\"Multiplataforma de informa\u00e7\u00e3o jornal\u00edstica refer\u00eancia na \u00e1rea de infraestrutura no Brasil!\",\"publisher\":{\"@id\":\"https:\/\/agenciainfra.com\/blog\/#organization\"},\"potentialAction\":[{\"@type\":\"SearchAction\",\"target\":{\"@type\":\"EntryPoint\",\"urlTemplate\":\"https:\/\/agenciainfra.com\/blog\/?s={search_term_string}\"},\"query-input\":{\"@type\":\"PropertyValueSpecification\",\"valueRequired\":true,\"valueName\":\"search_term_string\"}}],\"inLanguage\":\"pt-BR\"},{\"@type\":\"Organization\",\"@id\":\"https:\/\/agenciainfra.com\/blog\/#organization\",\"name\":\"Ag\u00eancia iNFRA\",\"url\":\"https:\/\/agenciainfra.com\/blog\/\",\"logo\":{\"@type\":\"ImageObject\",\"inLanguage\":\"pt-BR\",\"@id\":\"https:\/\/agenciainfra.com\/blog\/#\/schema\/logo\/image\/\",\"url\":\"https:\/\/agenciainfra.com\/blog\/wp-content\/uploads\/2023\/09\/iNFRA_5-e1761735885940.png\",\"contentUrl\":\"https:\/\/agenciainfra.com\/blog\/wp-content\/uploads\/2023\/09\/iNFRA_5-e1761735885940.png\",\"width\":1672,\"height\":454,\"caption\":\"Ag\u00eancia iNFRA\"},\"image\":{\"@id\":\"https:\/\/agenciainfra.com\/blog\/#\/schema\/logo\/image\/\"},\"sameAs\":[\"https:\/\/www.facebook.com\/ageninfra\",\"https:\/\/x.com\/agencia_infra\",\"https:\/\/www.linkedin.com\/company\/ag\u00eanciainfra\/\",\"https:\/\/www.instagram.com\/agenciainfra\/\"]},{\"@type\":\"Person\",\"@id\":\"https:\/\/agenciainfra.com\/blog\/#\/schema\/person\/34af08dff6adea4cb22b06612ba7acfa\",\"name\":\"Ag\u00eancia iNFRA\",\"image\":{\"@type\":\"ImageObject\",\"inLanguage\":\"pt-BR\",\"@id\":\"https:\/\/agenciainfra.com\/blog\/#\/schema\/person\/image\/\",\"url\":\"https:\/\/secure.gravatar.com\/avatar\/d189e01678f06d8eb84d4e01f08eb848b3fffe3f8443818d3c356c66892f5be8?s=96&d=mm&r=g\",\"contentUrl\":\"https:\/\/secure.gravatar.com\/avatar\/d189e01678f06d8eb84d4e01f08eb848b3fffe3f8443818d3c356c66892f5be8?s=96&d=mm&r=g\",\"caption\":\"Ag\u00eancia iNFRA\"},\"url\":\"https:\/\/agenciainfra.com\/blog\/author\/admin\/\"}]}<\/script>\n<!-- \/ Yoast SEO Premium plugin. -->","yoast_head_json":{"title":"ANM pode dobrar arrecada\u00e7\u00e3o de royalties se for reestruturada, disse diretor no Senado - Ag\u00eancia iNFRA","robots":{"index":"index","follow":"follow","max-snippet":"max-snippet:-1","max-image-preview":"max-image-preview:large","max-video-preview":"max-video-preview:-1"},"canonical":"https:\/\/agenciainfra.com\/blog\/anm-pode-dobrar-arrecadacao-de-royalties-se-for-reestruturada-disse-diretor-no-senado\/","og_locale":"pt_BR","og_type":"article","og_title":"ANM pode dobrar arrecada\u00e7\u00e3o de royalties se for reestruturada, disse diretor no Senado","og_description":"Rafael Bitencourt e Lais Carregosa, da Ag\u00eancia iNFRA O diretor-geral da ANM (Ag\u00eancia Nacional de Minera\u00e7\u00e3o), Mauro Henrique Sousa, disse nesta ter\u00e7a-feira (8) que a reguladora fica em segundo lugar no ranking de arrecada\u00e7\u00e3o dos setores regulados, com R$ 3,2 bilh\u00f5es em royalties arrecadados no ano passado, perdendo apenas para a ANP (Ag\u00eancia Nacional do [&hellip;]","og_url":"https:\/\/agenciainfra.com\/blog\/anm-pode-dobrar-arrecadacao-de-royalties-se-for-reestruturada-disse-diretor-no-senado\/","og_site_name":"Ag\u00eancia iNFRA","article_publisher":"https:\/\/www.facebook.com\/ageninfra","article_published_time":"2025-07-08T18:44:56+00:00","article_modified_time":"2025-07-09T15:44:22+00:00","og_image":[{"width":1024,"height":683,"url":"https:\/\/agenciainfra.com\/blog\/wp-content\/uploads\/2025\/07\/mauro-sousa-anm-foto-pedro_franca-agenciasenado.jpg","type":"image\/jpeg"}],"author":"Ag\u00eancia iNFRA","twitter_card":"summary_large_image","twitter_creator":"@agencia_infra","twitter_site":"@agencia_infra","twitter_misc":{"Escrito por":"Ag\u00eancia iNFRA","Est. tempo de leitura":"3 minutos"},"schema":{"@context":"https:\/\/schema.org","@graph":[{"@type":"Article","@id":"https:\/\/agenciainfra.com\/blog\/anm-pode-dobrar-arrecadacao-de-royalties-se-for-reestruturada-disse-diretor-no-senado\/#article","isPartOf":{"@id":"https:\/\/agenciainfra.com\/blog\/anm-pode-dobrar-arrecadacao-de-royalties-se-for-reestruturada-disse-diretor-no-senado\/"},"author":{"name":"Ag\u00eancia iNFRA","@id":"https:\/\/agenciainfra.com\/blog\/#\/schema\/person\/34af08dff6adea4cb22b06612ba7acfa"},"headline":"ANM pode dobrar arrecada\u00e7\u00e3o de royalties se for reestruturada, disse diretor no Senado","datePublished":"2025-07-08T18:44:56+00:00","dateModified":"2025-07-09T15:44:22+00:00","mainEntityOfPage":{"@id":"https:\/\/agenciainfra.com\/blog\/anm-pode-dobrar-arrecadacao-de-royalties-se-for-reestruturada-disse-diretor-no-senado\/"},"wordCount":558,"publisher":{"@id":"https:\/\/agenciainfra.com\/blog\/#organization"},"image":{"@id":"https:\/\/agenciainfra.com\/blog\/anm-pode-dobrar-arrecadacao-de-royalties-se-for-reestruturada-disse-diretor-no-senado\/#primaryimage"},"thumbnailUrl":"https:\/\/agenciainfra.com\/blog\/wp-content\/uploads\/2025\/07\/mauro-sousa-anm-foto-pedro_franca-agenciasenado.jpg","keywords":["ANM","Lais Carregosa","Mauro sousa anm","minera\u00e7\u00e3o","minerais cr\u00edticos","minerais estrat\u00e9gicos","Plano nacional de minera\u00e7\u00e3o","Rafael Bitencourt"],"articleSection":["Destaque lista","Geral","Minera\u00e7\u00e3o"],"inLanguage":"pt-BR","copyrightYear":"2025","copyrightHolder":{"@id":"https:\/\/agenciainfra.com\/blog\/#organization"}},{"@type":"WebPage","@id":"https:\/\/agenciainfra.com\/blog\/anm-pode-dobrar-arrecadacao-de-royalties-se-for-reestruturada-disse-diretor-no-senado\/","url":"https:\/\/agenciainfra.com\/blog\/anm-pode-dobrar-arrecadacao-de-royalties-se-for-reestruturada-disse-diretor-no-senado\/","name":"ANM pode dobrar arrecada\u00e7\u00e3o de royalties se for reestruturada, disse diretor no Senado - Ag\u00eancia iNFRA","isPartOf":{"@id":"https:\/\/agenciainfra.com\/blog\/#website"},"primaryImageOfPage":{"@id":"https:\/\/agenciainfra.com\/blog\/anm-pode-dobrar-arrecadacao-de-royalties-se-for-reestruturada-disse-diretor-no-senado\/#primaryimage"},"image":{"@id":"https:\/\/agenciainfra.com\/blog\/anm-pode-dobrar-arrecadacao-de-royalties-se-for-reestruturada-disse-diretor-no-senado\/#primaryimage"},"thumbnailUrl":"https:\/\/agenciainfra.com\/blog\/wp-content\/uploads\/2025\/07\/mauro-sousa-anm-foto-pedro_franca-agenciasenado.jpg","datePublished":"2025-07-08T18:44:56+00:00","dateModified":"2025-07-09T15:44:22+00:00","breadcrumb":{"@id":"https:\/\/agenciainfra.com\/blog\/anm-pode-dobrar-arrecadacao-de-royalties-se-for-reestruturada-disse-diretor-no-senado\/#breadcrumb"},"inLanguage":"pt-BR","potentialAction":[{"@type":"ReadAction","target":["https:\/\/agenciainfra.com\/blog\/anm-pode-dobrar-arrecadacao-de-royalties-se-for-reestruturada-disse-diretor-no-senado\/"]}]},{"@type":"ImageObject","inLanguage":"pt-BR","@id":"https:\/\/agenciainfra.com\/blog\/anm-pode-dobrar-arrecadacao-de-royalties-se-for-reestruturada-disse-diretor-no-senado\/#primaryimage","url":"https:\/\/agenciainfra.com\/blog\/wp-content\/uploads\/2025\/07\/mauro-sousa-anm-foto-pedro_franca-agenciasenado.jpg","contentUrl":"https:\/\/agenciainfra.com\/blog\/wp-content\/uploads\/2025\/07\/mauro-sousa-anm-foto-pedro_franca-agenciasenado.jpg","width":1024,"height":683,"caption":"Foto: Pedro Fran\u00e7a\/Ag\u00eancia Senado"},{"@type":"BreadcrumbList","@id":"https:\/\/agenciainfra.com\/blog\/anm-pode-dobrar-arrecadacao-de-royalties-se-for-reestruturada-disse-diretor-no-senado\/#breadcrumb","itemListElement":[{"@type":"ListItem","position":1,"name":"In\u00edcio","item":"https:\/\/agenciainfra.com\/blog\/"},{"@type":"ListItem","position":2,"name":"ANM pode dobrar arrecada\u00e7\u00e3o de royalties se for reestruturada, disse diretor no Senado"}]},{"@type":"WebSite","@id":"https:\/\/agenciainfra.com\/blog\/#website","url":"https:\/\/agenciainfra.com\/blog\/","name":"Ag\u00eancia iNFRA","description":"Multiplataforma de informa\u00e7\u00e3o jornal\u00edstica refer\u00eancia na \u00e1rea de infraestrutura no Brasil!","publisher":{"@id":"https:\/\/agenciainfra.com\/blog\/#organization"},"potentialAction":[{"@type":"SearchAction","target":{"@type":"EntryPoint","urlTemplate":"https:\/\/agenciainfra.com\/blog\/?s={search_term_string}"},"query-input":{"@type":"PropertyValueSpecification","valueRequired":true,"valueName":"search_term_string"}}],"inLanguage":"pt-BR"},{"@type":"Organization","@id":"https:\/\/agenciainfra.com\/blog\/#organization","name":"Ag\u00eancia iNFRA","url":"https:\/\/agenciainfra.com\/blog\/","logo":{"@type":"ImageObject","inLanguage":"pt-BR","@id":"https:\/\/agenciainfra.com\/blog\/#\/schema\/logo\/image\/","url":"https:\/\/agenciainfra.com\/blog\/wp-content\/uploads\/2023\/09\/iNFRA_5-e1761735885940.png","contentUrl":"https:\/\/agenciainfra.com\/blog\/wp-content\/uploads\/2023\/09\/iNFRA_5-e1761735885940.png","width":1672,"height":454,"caption":"Ag\u00eancia iNFRA"},"image":{"@id":"https:\/\/agenciainfra.com\/blog\/#\/schema\/logo\/image\/"},"sameAs":["https:\/\/www.facebook.com\/ageninfra","https:\/\/x.com\/agencia_infra","https:\/\/www.linkedin.com\/company\/ag\u00eanciainfra\/","https:\/\/www.instagram.com\/agenciainfra\/"]},{"@type":"Person","@id":"https:\/\/agenciainfra.com\/blog\/#\/schema\/person\/34af08dff6adea4cb22b06612ba7acfa","name":"Ag\u00eancia iNFRA","image":{"@type":"ImageObject","inLanguage":"pt-BR","@id":"https:\/\/agenciainfra.com\/blog\/#\/schema\/person\/image\/","url":"https:\/\/secure.gravatar.com\/avatar\/d189e01678f06d8eb84d4e01f08eb848b3fffe3f8443818d3c356c66892f5be8?s=96&d=mm&r=g","contentUrl":"https:\/\/secure.gravatar.com\/avatar\/d189e01678f06d8eb84d4e01f08eb848b3fffe3f8443818d3c356c66892f5be8?s=96&d=mm&r=g","caption":"Ag\u00eancia iNFRA"},"url":"https:\/\/agenciainfra.com\/blog\/author\/admin\/"}]}},"_links":{"self":[{"href":"https:\/\/agenciainfra.com\/blog\/wp-json\/wp\/v2\/posts\/24262","targetHints":{"allow":["GET"]}}],"collection":[{"href":"https:\/\/agenciainfra.com\/blog\/wp-json\/wp\/v2\/posts"}],"about":[{"href":"https:\/\/agenciainfra.com\/blog\/wp-json\/wp\/v2\/types\/post"}],"author":[{"embeddable":true,"href":"https:\/\/agenciainfra.com\/blog\/wp-json\/wp\/v2\/users\/1"}],"replies":[{"embeddable":true,"href":"https:\/\/agenciainfra.com\/blog\/wp-json\/wp\/v2\/comments?post=24262"}],"version-history":[{"count":2,"href":"https:\/\/agenciainfra.com\/blog\/wp-json\/wp\/v2\/posts\/24262\/revisions"}],"predecessor-version":[{"id":24267,"href":"https:\/\/agenciainfra.com\/blog\/wp-json\/wp\/v2\/posts\/24262\/revisions\/24267"}],"wp:featuredmedia":[{"embeddable":true,"href":"https:\/\/agenciainfra.com\/blog\/wp-json\/wp\/v2\/media\/24278"}],"wp:attachment":[{"href":"https:\/\/agenciainfra.com\/blog\/wp-json\/wp\/v2\/media?parent=24262"}],"wp:term":[{"taxonomy":"category","embeddable":true,"href":"https:\/\/agenciainfra.com\/blog\/wp-json\/wp\/v2\/categories?post=24262"},{"taxonomy":"post_tag","embeddable":true,"href":"https:\/\/agenciainfra.com\/blog\/wp-json\/wp\/v2\/tags?post=24262"}],"curies":[{"name":"wp","href":"https:\/\/api.w.org\/{rel}","templated":true}]}}