{"id":2427,"date":"2018-09-13T05:00:33","date_gmt":"2018-09-13T08:00:33","guid":{"rendered":"http:\/\/www.agenciainfra.com\/blog\/?p=2427"},"modified":"2018-09-12T16:51:50","modified_gmt":"2018-09-12T19:51:50","slug":"termica-de-uruguaiana-deve-voltar-a-operar-com-gas-argentino-e-sem-intermedio-da-petrobras","status":"publish","type":"post","link":"https:\/\/agenciainfra.com\/blog\/termica-de-uruguaiana-deve-voltar-a-operar-com-gas-argentino-e-sem-intermedio-da-petrobras\/","title":{"rendered":"T\u00e9rmica de Uruguaiana deve voltar a operar com g\u00e1s argentino e sem interm\u00e9dio da Petrobras"},"content":{"rendered":"<p>&nbsp;<\/p>\n<h5 style=\"text-align: right;\"><strong>Leila Coimbra, da Ag\u00eancia iNFRA<\/strong><\/h5>\n<p>A AES Uruguaiana, dona da termel\u00e9trica de\u00a0mesmo nome, situada na fronteira entre o Brasil e a Argentina, negocia diretamente com o pa\u00eds vizinho a compra de g\u00e1s natural para que a usina voltar a operar e gerar energia no mercado brasileiro, disseram fontes \u00e0\u00a0<strong>Ag\u00eancia iNFRA<\/strong>.<\/p>\n<p>A negocia\u00e7\u00e3o de compra do insumo desta vez n\u00e3o conta com o interm\u00e9dio da Petrobras, como nas vezes anteriores em que a usina entrou em funcionamento. Nas opera\u00e7\u00f5es em que a Petrobras foi envolvida, a estatal foi respons\u00e1vel pela entrega do g\u00e1s na Argentina, que por sua vez cobrava apenas pelo transporte. Dessa vez, tanto o\u00a0transporte como a\u00a0mol\u00e9cula s\u00e3o argentinos.<\/p>\n<p>A t\u00e9rmica est\u00e1 em \u201chiberna\u00e7\u00e3o\u201d desde 2008 por conta de problemas de fornecimento do insumo para produzir energia el\u00e9trica. Desde ent\u00e3o, operou por tr\u00eas vezes em car\u00e1ter emergencial: em 2013, 2014 e 2015, por per\u00edodos de dois a tr\u00eas meses em cada ano.<\/p>\n<p><strong>Log\u00edstica complicada<\/strong><br \/>\nNestas tr\u00eas ocasi\u00f5es, o g\u00e1s foi fornecido pela Petrobras, em uma log\u00edstica complexa que envolveu uma s\u00e9rie de empresas que intermediaram o transporte do g\u00e1s at\u00e9 a usina.<\/p>\n<p>Navios com GNL (g\u00e1s natural liquefeito) foram afretados\u00a0pela Petrobras no mercado internacional \u2013 com entrega na Bahia de Guanabara, no Rio de Janeiro \u2013 e se deslocaram at\u00e9 os terminais de regaseifica\u00e7\u00e3o na Argentina, onde a mol\u00e9cula foi ent\u00e3o novamente transformada\u00a0do estado l\u00edquido para o gasoso.<\/p>\n<p>A partir desta etapa, a Enarsa, empresa estatal argentina de g\u00e1s, recebeu a commodity e por sua vez a injetou na malha de tr\u00eas companhias argentinas donas de gasodutos: TGS (Transportadora de G\u00e1s Del Sur); TGN (Transportadora de G\u00e1s Del Norte) e TGM (Transportadora de G\u00e1s Del Mercosul).<\/p>\n<p>Ao ingressar no Brasil, o g\u00e1s foi ent\u00e3o levado pela TSB (Transportadora Sulbrasileira), dona da malha de transporte que atende a termel\u00e9trica de Uruguaiana, e que pertence \u00e0 Petrobras e outros s\u00f3cios.<\/p>\n<p><strong>Sulg\u00e1s era a respons\u00e1vel<\/strong><br \/>\nMas a respons\u00e1vel por todos os contratos at\u00e9 a chegada \u00e0 usina n\u00e3o estava\u00a0a cargo da Petrobras, mas da Sulg\u00e1s, que foi designada pelo governo brasileiro como a distribuidora respons\u00e1vel pela comercializa\u00e7\u00e3o.<\/p>\n<p>Todos esses custos: de transporte mar\u00edtimo at\u00e9 a Argentina, regaseifica\u00e7\u00e3o e transporte da mol\u00e9cula via gasodutos foram acrescentados ao pre\u00e7o final do GNL comprado originalmente pela Petrobras, assim como impostos pela internaliza\u00e7\u00e3o da commodity na Argentina.<\/p>\n<p><strong>CVU de R$ 922 o MWh<\/strong><br \/>\nIsso encareceu a energia produzida pela\u00a0da usina, que gerou apenas para a comercializa\u00e7\u00e3o direta no mercado de curto prazo, onde os pre\u00e7os altos viabilizaram a opera\u00e7\u00e3o. O CVU (custo vari\u00e1vel unit\u00e1rio) da energia de Uruguaiana variou na \u00e9poca entre R$ 700 e R$ 922 o MWh.<\/p>\n<p><strong>Orienta\u00e7\u00e3o do CMSE<\/strong><br \/>\nO despacho de Uruguaiana no passado ocorreu por determina\u00e7\u00e3o do CMSE (Comit\u00ea de Monitoramento do Setor El\u00e9trico). Na \u00e9poca, Uruguaiana iniciou a gera\u00e7\u00e3o com 164 MW e atingiu posteriormente 244 MW em ciclo combinado, aproveitando menos combust\u00edvel e tamb\u00e9m vapor para a produ\u00e7\u00e3o de energia.<\/p>\n<p><strong>Projeto original era g\u00e1s da Argentina<\/strong><br \/>\nO projeto original da UTE Uruguaiana previa somente o uso de g\u00e1s argentino. A usina foi inaugurada em dezembro de 2000 e operou sem grandes problemas at\u00e9 2004, quando ent\u00e3o come\u00e7ou uma crise energ\u00e9tica na Argentina.<\/p>\n<p>O contrato de suprimento de g\u00e1s, firmado com a Repsol\/YFP, come\u00e7ou a ser\u00a0descumprido a partir da\u00ed e foi totalmente rompido, unilateralmente pela YPF, em 2008. A partir de ent\u00e3o,\u00a0teve in\u00edcio uma disputa comercial internacional, mas a t\u00e9rmica ficou parada, gerando apenas nas vezes em que a Petrobras foi a fornecedora de GNL.<\/p>\n<p><strong>A vers\u00e3o da AES<\/strong><br \/>\nProcurada pela reportagem, empresa mandou o seguinte comunicado, por email: \u201cA AES Uruguaiana tem interesse em retomar opera\u00e7\u00e3o, mas no momento n\u00e3o h\u00e1 nada de concreto para comunicar, inclusive em rela\u00e7\u00e3o ao fornecimento de g\u00e1s\u201d.<\/p>\n","protected":false},"excerpt":{"rendered":"<p>&nbsp; Leila Coimbra, da Ag\u00eancia iNFRA A AES Uruguaiana, dona da termel\u00e9trica de\u00a0mesmo nome, situada na fronteira entre o Brasil e a Argentina, negocia diretamente com o pa\u00eds vizinho a compra de g\u00e1s natural para que a usina voltar a operar e gerar energia no mercado brasileiro, disseram fontes \u00e0\u00a0Ag\u00eancia iNFRA. A negocia\u00e7\u00e3o de compra [&hellip;]<\/p>\n","protected":false},"author":1,"featured_media":2428,"comment_status":"closed","ping_status":"open","sticky":false,"template":"","format":"standard","meta":{"_monsterinsights_skip_tracking":false,"_monsterinsights_sitenote_active":false,"_monsterinsights_sitenote_note":"","_monsterinsights_sitenote_category":0,"footnotes":""},"categories":[10],"tags":[612,53,25,343],"class_list":["post-2427","post","type-post","status-publish","format-standard","has-post-thumbnail","hentry","category-infraenergia","tag-aes-petrobras","tag-aneel","tag-energia","tag-gas"],"yoast_head":"<!-- This site is optimized with the Yoast SEO Premium plugin v25.4 (Yoast SEO v26.0) - https:\/\/yoast.com\/wordpress\/plugins\/seo\/ -->\n<title>T\u00e9rmica de Uruguaiana deve voltar a operar com g\u00e1s argentino e sem interm\u00e9dio da Petrobras - Ag\u00eancia iNFRA<\/title>\n<meta name=\"robots\" content=\"index, follow, max-snippet:-1, max-image-preview:large, max-video-preview:-1\" \/>\n<link rel=\"canonical\" href=\"https:\/\/agenciainfra.com\/blog\/termica-de-uruguaiana-deve-voltar-a-operar-com-gas-argentino-e-sem-intermedio-da-petrobras\/\" \/>\n<meta property=\"og:locale\" content=\"pt_BR\" \/>\n<meta property=\"og:type\" content=\"article\" \/>\n<meta property=\"og:title\" content=\"T\u00e9rmica de Uruguaiana deve voltar a operar com g\u00e1s argentino e sem interm\u00e9dio da Petrobras\" \/>\n<meta property=\"og:description\" content=\"&nbsp; Leila Coimbra, da Ag\u00eancia iNFRA A AES Uruguaiana, dona da termel\u00e9trica de\u00a0mesmo nome, situada na fronteira entre o Brasil e a Argentina, negocia diretamente com o pa\u00eds vizinho a compra de g\u00e1s natural para que a usina voltar a operar e gerar energia no mercado brasileiro, disseram fontes \u00e0\u00a0Ag\u00eancia iNFRA. A negocia\u00e7\u00e3o de compra [&hellip;]\" \/>\n<meta property=\"og:url\" content=\"https:\/\/agenciainfra.com\/blog\/termica-de-uruguaiana-deve-voltar-a-operar-com-gas-argentino-e-sem-intermedio-da-petrobras\/\" \/>\n<meta property=\"og:site_name\" content=\"Ag\u00eancia iNFRA\" \/>\n<meta property=\"article:publisher\" content=\"https:\/\/www.facebook.com\/ageninfra\" \/>\n<meta property=\"article:published_time\" content=\"2018-09-13T08:00:33+00:00\" \/>\n<meta property=\"og:image\" content=\"https:\/\/agenciainfra.com\/blog\/wp-content\/uploads\/2018\/09\/aes.jpg\" \/>\n\t<meta property=\"og:image:width\" content=\"340\" \/>\n\t<meta property=\"og:image:height\" content=\"140\" \/>\n\t<meta property=\"og:image:type\" content=\"image\/jpeg\" \/>\n<meta name=\"author\" content=\"Ag\u00eancia iNFRA\" \/>\n<meta name=\"twitter:card\" content=\"summary_large_image\" \/>\n<meta name=\"twitter:creator\" content=\"@agencia_infra\" \/>\n<meta name=\"twitter:site\" content=\"@agencia_infra\" \/>\n<meta name=\"twitter:label1\" content=\"Escrito por\" \/>\n\t<meta name=\"twitter:data1\" content=\"Ag\u00eancia iNFRA\" \/>\n\t<meta name=\"twitter:label2\" content=\"Est. tempo de leitura\" \/>\n\t<meta name=\"twitter:data2\" content=\"3 minutos\" \/>\n<script type=\"application\/ld+json\" class=\"yoast-schema-graph\">{\"@context\":\"https:\/\/schema.org\",\"@graph\":[{\"@type\":\"Article\",\"@id\":\"https:\/\/agenciainfra.com\/blog\/termica-de-uruguaiana-deve-voltar-a-operar-com-gas-argentino-e-sem-intermedio-da-petrobras\/#article\",\"isPartOf\":{\"@id\":\"https:\/\/agenciainfra.com\/blog\/termica-de-uruguaiana-deve-voltar-a-operar-com-gas-argentino-e-sem-intermedio-da-petrobras\/\"},\"author\":{\"name\":\"Ag\u00eancia iNFRA\",\"@id\":\"https:\/\/agenciainfra.com\/blog\/#\/schema\/person\/34af08dff6adea4cb22b06612ba7acfa\"},\"headline\":\"T\u00e9rmica de Uruguaiana deve voltar a operar com g\u00e1s argentino e sem interm\u00e9dio da Petrobras\",\"datePublished\":\"2018-09-13T08:00:33+00:00\",\"mainEntityOfPage\":{\"@id\":\"https:\/\/agenciainfra.com\/blog\/termica-de-uruguaiana-deve-voltar-a-operar-com-gas-argentino-e-sem-intermedio-da-petrobras\/\"},\"wordCount\":708,\"publisher\":{\"@id\":\"https:\/\/agenciainfra.com\/blog\/#organization\"},\"image\":{\"@id\":\"https:\/\/agenciainfra.com\/blog\/termica-de-uruguaiana-deve-voltar-a-operar-com-gas-argentino-e-sem-intermedio-da-petrobras\/#primaryimage\"},\"thumbnailUrl\":\"https:\/\/agenciainfra.com\/blog\/wp-content\/uploads\/2018\/09\/aes.jpg\",\"keywords\":[\"AES. Petrobras\",\"ANEEL\",\"energia\",\"g\u00e1s\"],\"articleSection\":[\"iNFRAEnergia\"],\"inLanguage\":\"pt-BR\",\"copyrightYear\":\"2018\",\"copyrightHolder\":{\"@id\":\"https:\/\/agenciainfra.com\/blog\/#organization\"}},{\"@type\":\"WebPage\",\"@id\":\"https:\/\/agenciainfra.com\/blog\/termica-de-uruguaiana-deve-voltar-a-operar-com-gas-argentino-e-sem-intermedio-da-petrobras\/\",\"url\":\"https:\/\/agenciainfra.com\/blog\/termica-de-uruguaiana-deve-voltar-a-operar-com-gas-argentino-e-sem-intermedio-da-petrobras\/\",\"name\":\"T\u00e9rmica de Uruguaiana deve voltar a operar com g\u00e1s argentino e sem interm\u00e9dio da Petrobras - Ag\u00eancia iNFRA\",\"isPartOf\":{\"@id\":\"https:\/\/agenciainfra.com\/blog\/#website\"},\"primaryImageOfPage\":{\"@id\":\"https:\/\/agenciainfra.com\/blog\/termica-de-uruguaiana-deve-voltar-a-operar-com-gas-argentino-e-sem-intermedio-da-petrobras\/#primaryimage\"},\"image\":{\"@id\":\"https:\/\/agenciainfra.com\/blog\/termica-de-uruguaiana-deve-voltar-a-operar-com-gas-argentino-e-sem-intermedio-da-petrobras\/#primaryimage\"},\"thumbnailUrl\":\"https:\/\/agenciainfra.com\/blog\/wp-content\/uploads\/2018\/09\/aes.jpg\",\"datePublished\":\"2018-09-13T08:00:33+00:00\",\"breadcrumb\":{\"@id\":\"https:\/\/agenciainfra.com\/blog\/termica-de-uruguaiana-deve-voltar-a-operar-com-gas-argentino-e-sem-intermedio-da-petrobras\/#breadcrumb\"},\"inLanguage\":\"pt-BR\",\"potentialAction\":[{\"@type\":\"ReadAction\",\"target\":[\"https:\/\/agenciainfra.com\/blog\/termica-de-uruguaiana-deve-voltar-a-operar-com-gas-argentino-e-sem-intermedio-da-petrobras\/\"]}]},{\"@type\":\"ImageObject\",\"inLanguage\":\"pt-BR\",\"@id\":\"https:\/\/agenciainfra.com\/blog\/termica-de-uruguaiana-deve-voltar-a-operar-com-gas-argentino-e-sem-intermedio-da-petrobras\/#primaryimage\",\"url\":\"https:\/\/agenciainfra.com\/blog\/wp-content\/uploads\/2018\/09\/aes.jpg\",\"contentUrl\":\"https:\/\/agenciainfra.com\/blog\/wp-content\/uploads\/2018\/09\/aes.jpg\",\"width\":340,\"height\":140},{\"@type\":\"BreadcrumbList\",\"@id\":\"https:\/\/agenciainfra.com\/blog\/termica-de-uruguaiana-deve-voltar-a-operar-com-gas-argentino-e-sem-intermedio-da-petrobras\/#breadcrumb\",\"itemListElement\":[{\"@type\":\"ListItem\",\"position\":1,\"name\":\"In\u00edcio\",\"item\":\"https:\/\/agenciainfra.com\/blog\/\"},{\"@type\":\"ListItem\",\"position\":2,\"name\":\"T\u00e9rmica de Uruguaiana deve voltar a operar com g\u00e1s argentino e sem interm\u00e9dio da Petrobras\"}]},{\"@type\":\"WebSite\",\"@id\":\"https:\/\/agenciainfra.com\/blog\/#website\",\"url\":\"https:\/\/agenciainfra.com\/blog\/\",\"name\":\"Ag\u00eancia iNFRA\",\"description\":\"Multiplataforma de informa\u00e7\u00e3o jornal\u00edstica refer\u00eancia na \u00e1rea de infraestrutura no Brasil!\",\"publisher\":{\"@id\":\"https:\/\/agenciainfra.com\/blog\/#organization\"},\"potentialAction\":[{\"@type\":\"SearchAction\",\"target\":{\"@type\":\"EntryPoint\",\"urlTemplate\":\"https:\/\/agenciainfra.com\/blog\/?s={search_term_string}\"},\"query-input\":{\"@type\":\"PropertyValueSpecification\",\"valueRequired\":true,\"valueName\":\"search_term_string\"}}],\"inLanguage\":\"pt-BR\"},{\"@type\":\"Organization\",\"@id\":\"https:\/\/agenciainfra.com\/blog\/#organization\",\"name\":\"Ag\u00eancia iNFRA\",\"url\":\"https:\/\/agenciainfra.com\/blog\/\",\"logo\":{\"@type\":\"ImageObject\",\"inLanguage\":\"pt-BR\",\"@id\":\"https:\/\/agenciainfra.com\/blog\/#\/schema\/logo\/image\/\",\"url\":\"https:\/\/agenciainfra.com\/blog\/wp-content\/uploads\/2023\/09\/iNFRA_5-e1761735885940.png\",\"contentUrl\":\"https:\/\/agenciainfra.com\/blog\/wp-content\/uploads\/2023\/09\/iNFRA_5-e1761735885940.png\",\"width\":1672,\"height\":454,\"caption\":\"Ag\u00eancia iNFRA\"},\"image\":{\"@id\":\"https:\/\/agenciainfra.com\/blog\/#\/schema\/logo\/image\/\"},\"sameAs\":[\"https:\/\/www.facebook.com\/ageninfra\",\"https:\/\/x.com\/agencia_infra\",\"https:\/\/www.linkedin.com\/company\/ag\u00eanciainfra\/\",\"https:\/\/www.instagram.com\/agenciainfra\/\"]},{\"@type\":\"Person\",\"@id\":\"https:\/\/agenciainfra.com\/blog\/#\/schema\/person\/34af08dff6adea4cb22b06612ba7acfa\",\"name\":\"Ag\u00eancia iNFRA\",\"image\":{\"@type\":\"ImageObject\",\"inLanguage\":\"pt-BR\",\"@id\":\"https:\/\/agenciainfra.com\/blog\/#\/schema\/person\/image\/\",\"url\":\"https:\/\/secure.gravatar.com\/avatar\/d189e01678f06d8eb84d4e01f08eb848b3fffe3f8443818d3c356c66892f5be8?s=96&d=mm&r=g\",\"contentUrl\":\"https:\/\/secure.gravatar.com\/avatar\/d189e01678f06d8eb84d4e01f08eb848b3fffe3f8443818d3c356c66892f5be8?s=96&d=mm&r=g\",\"caption\":\"Ag\u00eancia iNFRA\"},\"url\":\"https:\/\/agenciainfra.com\/blog\/author\/admin\/\"}]}<\/script>\n<!-- \/ Yoast SEO Premium plugin. -->","yoast_head_json":{"title":"T\u00e9rmica de Uruguaiana deve voltar a operar com g\u00e1s argentino e sem interm\u00e9dio da Petrobras - Ag\u00eancia iNFRA","robots":{"index":"index","follow":"follow","max-snippet":"max-snippet:-1","max-image-preview":"max-image-preview:large","max-video-preview":"max-video-preview:-1"},"canonical":"https:\/\/agenciainfra.com\/blog\/termica-de-uruguaiana-deve-voltar-a-operar-com-gas-argentino-e-sem-intermedio-da-petrobras\/","og_locale":"pt_BR","og_type":"article","og_title":"T\u00e9rmica de Uruguaiana deve voltar a operar com g\u00e1s argentino e sem interm\u00e9dio da Petrobras","og_description":"&nbsp; Leila Coimbra, da Ag\u00eancia iNFRA A AES Uruguaiana, dona da termel\u00e9trica de\u00a0mesmo nome, situada na fronteira entre o Brasil e a Argentina, negocia diretamente com o pa\u00eds vizinho a compra de g\u00e1s natural para que a usina voltar a operar e gerar energia no mercado brasileiro, disseram fontes \u00e0\u00a0Ag\u00eancia iNFRA. A negocia\u00e7\u00e3o de compra [&hellip;]","og_url":"https:\/\/agenciainfra.com\/blog\/termica-de-uruguaiana-deve-voltar-a-operar-com-gas-argentino-e-sem-intermedio-da-petrobras\/","og_site_name":"Ag\u00eancia iNFRA","article_publisher":"https:\/\/www.facebook.com\/ageninfra","article_published_time":"2018-09-13T08:00:33+00:00","og_image":[{"width":340,"height":140,"url":"https:\/\/agenciainfra.com\/blog\/wp-content\/uploads\/2018\/09\/aes.jpg","type":"image\/jpeg"}],"author":"Ag\u00eancia iNFRA","twitter_card":"summary_large_image","twitter_creator":"@agencia_infra","twitter_site":"@agencia_infra","twitter_misc":{"Escrito por":"Ag\u00eancia iNFRA","Est. tempo de leitura":"3 minutos"},"schema":{"@context":"https:\/\/schema.org","@graph":[{"@type":"Article","@id":"https:\/\/agenciainfra.com\/blog\/termica-de-uruguaiana-deve-voltar-a-operar-com-gas-argentino-e-sem-intermedio-da-petrobras\/#article","isPartOf":{"@id":"https:\/\/agenciainfra.com\/blog\/termica-de-uruguaiana-deve-voltar-a-operar-com-gas-argentino-e-sem-intermedio-da-petrobras\/"},"author":{"name":"Ag\u00eancia iNFRA","@id":"https:\/\/agenciainfra.com\/blog\/#\/schema\/person\/34af08dff6adea4cb22b06612ba7acfa"},"headline":"T\u00e9rmica de Uruguaiana deve voltar a operar com g\u00e1s argentino e sem interm\u00e9dio da Petrobras","datePublished":"2018-09-13T08:00:33+00:00","mainEntityOfPage":{"@id":"https:\/\/agenciainfra.com\/blog\/termica-de-uruguaiana-deve-voltar-a-operar-com-gas-argentino-e-sem-intermedio-da-petrobras\/"},"wordCount":708,"publisher":{"@id":"https:\/\/agenciainfra.com\/blog\/#organization"},"image":{"@id":"https:\/\/agenciainfra.com\/blog\/termica-de-uruguaiana-deve-voltar-a-operar-com-gas-argentino-e-sem-intermedio-da-petrobras\/#primaryimage"},"thumbnailUrl":"https:\/\/agenciainfra.com\/blog\/wp-content\/uploads\/2018\/09\/aes.jpg","keywords":["AES. Petrobras","ANEEL","energia","g\u00e1s"],"articleSection":["iNFRAEnergia"],"inLanguage":"pt-BR","copyrightYear":"2018","copyrightHolder":{"@id":"https:\/\/agenciainfra.com\/blog\/#organization"}},{"@type":"WebPage","@id":"https:\/\/agenciainfra.com\/blog\/termica-de-uruguaiana-deve-voltar-a-operar-com-gas-argentino-e-sem-intermedio-da-petrobras\/","url":"https:\/\/agenciainfra.com\/blog\/termica-de-uruguaiana-deve-voltar-a-operar-com-gas-argentino-e-sem-intermedio-da-petrobras\/","name":"T\u00e9rmica de Uruguaiana deve voltar a operar com g\u00e1s argentino e sem interm\u00e9dio da Petrobras - Ag\u00eancia iNFRA","isPartOf":{"@id":"https:\/\/agenciainfra.com\/blog\/#website"},"primaryImageOfPage":{"@id":"https:\/\/agenciainfra.com\/blog\/termica-de-uruguaiana-deve-voltar-a-operar-com-gas-argentino-e-sem-intermedio-da-petrobras\/#primaryimage"},"image":{"@id":"https:\/\/agenciainfra.com\/blog\/termica-de-uruguaiana-deve-voltar-a-operar-com-gas-argentino-e-sem-intermedio-da-petrobras\/#primaryimage"},"thumbnailUrl":"https:\/\/agenciainfra.com\/blog\/wp-content\/uploads\/2018\/09\/aes.jpg","datePublished":"2018-09-13T08:00:33+00:00","breadcrumb":{"@id":"https:\/\/agenciainfra.com\/blog\/termica-de-uruguaiana-deve-voltar-a-operar-com-gas-argentino-e-sem-intermedio-da-petrobras\/#breadcrumb"},"inLanguage":"pt-BR","potentialAction":[{"@type":"ReadAction","target":["https:\/\/agenciainfra.com\/blog\/termica-de-uruguaiana-deve-voltar-a-operar-com-gas-argentino-e-sem-intermedio-da-petrobras\/"]}]},{"@type":"ImageObject","inLanguage":"pt-BR","@id":"https:\/\/agenciainfra.com\/blog\/termica-de-uruguaiana-deve-voltar-a-operar-com-gas-argentino-e-sem-intermedio-da-petrobras\/#primaryimage","url":"https:\/\/agenciainfra.com\/blog\/wp-content\/uploads\/2018\/09\/aes.jpg","contentUrl":"https:\/\/agenciainfra.com\/blog\/wp-content\/uploads\/2018\/09\/aes.jpg","width":340,"height":140},{"@type":"BreadcrumbList","@id":"https:\/\/agenciainfra.com\/blog\/termica-de-uruguaiana-deve-voltar-a-operar-com-gas-argentino-e-sem-intermedio-da-petrobras\/#breadcrumb","itemListElement":[{"@type":"ListItem","position":1,"name":"In\u00edcio","item":"https:\/\/agenciainfra.com\/blog\/"},{"@type":"ListItem","position":2,"name":"T\u00e9rmica de Uruguaiana deve voltar a operar com g\u00e1s argentino e sem interm\u00e9dio da Petrobras"}]},{"@type":"WebSite","@id":"https:\/\/agenciainfra.com\/blog\/#website","url":"https:\/\/agenciainfra.com\/blog\/","name":"Ag\u00eancia iNFRA","description":"Multiplataforma de informa\u00e7\u00e3o jornal\u00edstica refer\u00eancia na \u00e1rea de infraestrutura no Brasil!","publisher":{"@id":"https:\/\/agenciainfra.com\/blog\/#organization"},"potentialAction":[{"@type":"SearchAction","target":{"@type":"EntryPoint","urlTemplate":"https:\/\/agenciainfra.com\/blog\/?s={search_term_string}"},"query-input":{"@type":"PropertyValueSpecification","valueRequired":true,"valueName":"search_term_string"}}],"inLanguage":"pt-BR"},{"@type":"Organization","@id":"https:\/\/agenciainfra.com\/blog\/#organization","name":"Ag\u00eancia iNFRA","url":"https:\/\/agenciainfra.com\/blog\/","logo":{"@type":"ImageObject","inLanguage":"pt-BR","@id":"https:\/\/agenciainfra.com\/blog\/#\/schema\/logo\/image\/","url":"https:\/\/agenciainfra.com\/blog\/wp-content\/uploads\/2023\/09\/iNFRA_5-e1761735885940.png","contentUrl":"https:\/\/agenciainfra.com\/blog\/wp-content\/uploads\/2023\/09\/iNFRA_5-e1761735885940.png","width":1672,"height":454,"caption":"Ag\u00eancia iNFRA"},"image":{"@id":"https:\/\/agenciainfra.com\/blog\/#\/schema\/logo\/image\/"},"sameAs":["https:\/\/www.facebook.com\/ageninfra","https:\/\/x.com\/agencia_infra","https:\/\/www.linkedin.com\/company\/ag\u00eanciainfra\/","https:\/\/www.instagram.com\/agenciainfra\/"]},{"@type":"Person","@id":"https:\/\/agenciainfra.com\/blog\/#\/schema\/person\/34af08dff6adea4cb22b06612ba7acfa","name":"Ag\u00eancia iNFRA","image":{"@type":"ImageObject","inLanguage":"pt-BR","@id":"https:\/\/agenciainfra.com\/blog\/#\/schema\/person\/image\/","url":"https:\/\/secure.gravatar.com\/avatar\/d189e01678f06d8eb84d4e01f08eb848b3fffe3f8443818d3c356c66892f5be8?s=96&d=mm&r=g","contentUrl":"https:\/\/secure.gravatar.com\/avatar\/d189e01678f06d8eb84d4e01f08eb848b3fffe3f8443818d3c356c66892f5be8?s=96&d=mm&r=g","caption":"Ag\u00eancia iNFRA"},"url":"https:\/\/agenciainfra.com\/blog\/author\/admin\/"}]}},"_links":{"self":[{"href":"https:\/\/agenciainfra.com\/blog\/wp-json\/wp\/v2\/posts\/2427","targetHints":{"allow":["GET"]}}],"collection":[{"href":"https:\/\/agenciainfra.com\/blog\/wp-json\/wp\/v2\/posts"}],"about":[{"href":"https:\/\/agenciainfra.com\/blog\/wp-json\/wp\/v2\/types\/post"}],"author":[{"embeddable":true,"href":"https:\/\/agenciainfra.com\/blog\/wp-json\/wp\/v2\/users\/1"}],"replies":[{"embeddable":true,"href":"https:\/\/agenciainfra.com\/blog\/wp-json\/wp\/v2\/comments?post=2427"}],"version-history":[{"count":0,"href":"https:\/\/agenciainfra.com\/blog\/wp-json\/wp\/v2\/posts\/2427\/revisions"}],"wp:featuredmedia":[{"embeddable":true,"href":"https:\/\/agenciainfra.com\/blog\/wp-json\/wp\/v2\/media\/2428"}],"wp:attachment":[{"href":"https:\/\/agenciainfra.com\/blog\/wp-json\/wp\/v2\/media?parent=2427"}],"wp:term":[{"taxonomy":"category","embeddable":true,"href":"https:\/\/agenciainfra.com\/blog\/wp-json\/wp\/v2\/categories?post=2427"},{"taxonomy":"post_tag","embeddable":true,"href":"https:\/\/agenciainfra.com\/blog\/wp-json\/wp\/v2\/tags?post=2427"}],"curies":[{"name":"wp","href":"https:\/\/api.w.org\/{rel}","templated":true}]}}