{"id":24334,"date":"2025-07-09T12:10:00","date_gmt":"2025-07-09T15:10:00","guid":{"rendered":"https:\/\/agenciainfra.com\/blog\/?p=24334"},"modified":"2025-07-10T07:59:35","modified_gmt":"2025-07-10T10:59:35","slug":"governo-estuda-meio-de-executar-luz-para-todos-sem-passar-pela-amazonas-energia-diz-secretario","status":"publish","type":"post","link":"https:\/\/agenciainfra.com\/blog\/governo-estuda-meio-de-executar-luz-para-todos-sem-passar-pela-amazonas-energia-diz-secretario\/","title":{"rendered":"Governo estuda meio de executar Luz para Todos sem passar pela Amazonas Energia, diz secret\u00e1rio"},"content":{"rendered":"\n<p class=\"has-text-align-right\"><strong>Geraldo Campos Jr. e Lais Carregosa, da Ag\u00eancia iNFRA<\/strong><\/p>\n\n\n\n<p>O secret\u00e1rio nacional de Energia El\u00e9trica, Gentil Nogueira, disse nesta quarta-feira (9) que o governo busca um meio para executar o programa Luz para Todos no estado do Amazonas sem ter que passar os recursos para a Amazonas Energia, distribuidora de energia el\u00e9trica do estado, que enfrenta dificuldades financeiras.<\/p>\n\n\n\n<p>Ele afirmou que a transfer\u00eancia da distribuidora para a \u00c2mbar Energia, do grupo J&amp;F (dos irm\u00e3os Wesley e Joesley Batista), depende de desfecho judicial e que houve uma proposta de acordo que est\u00e1 na ANEEL (Ag\u00eancia Nacional de Energia El\u00e9trica), mas que o governo n\u00e3o tem detalhes.<\/p>\n\n\n\n<p>\u201cDiante da situa\u00e7\u00e3o falimentar da empresa, isso tem dificultado a implementa\u00e7\u00e3o do Luz para Todos no Amazonas. Temos um esfor\u00e7o para fazer a opera\u00e7\u00e3o direta do programa no estado diante do risco que seria repassar para uma distribuidora naquelas condi\u00e7\u00f5es. Estamos tentando fazer isso via ENBPar\u201d, disse.<\/p>\n\n\n\n<p>Gentil Nogueira substituiu o ministro Alexandre Silveira na audi\u00eancia da CME (Comiss\u00e3o de Minas e Energia) da C\u00e2mara dos Deputados, que interrompeu a participa\u00e7\u00e3o para comparecer a evento no Pal\u00e1cio do Planalto.<\/p>\n","protected":false},"excerpt":{"rendered":"<p>Geraldo Campos Jr. e Lais Carregosa, da Ag\u00eancia iNFRA O secret\u00e1rio nacional de Energia El\u00e9trica, Gentil Nogueira, disse nesta quarta-feira (9) que o governo busca um meio para executar o programa Luz para Todos no estado do Amazonas sem ter que passar os recursos para a Amazonas Energia, distribuidora de energia el\u00e9trica do estado, que [&hellip;]<\/p>\n","protected":false},"author":1,"featured_media":24336,"comment_status":"closed","ping_status":"closed","sticky":false,"template":"","format":"standard","meta":{"_monsterinsights_skip_tracking":false,"_monsterinsights_sitenote_active":false,"_monsterinsights_sitenote_note":"","_monsterinsights_sitenote_category":0,"footnotes":""},"categories":[7250,1,10],"tags":[12462,144,5481,53,282,6781,11594,10323,13132,195,14250],"class_list":["post-24334","post","type-post","status-publish","format-standard","has-post-thumbnail","hentry","category-destaque-lista","category-geral","category-infraenergia","tag-alexandre-silveira-mme","tag-amazonas-energia","tag-ambar-energia","tag-aneel","tag-energia-eletrica","tag-gentil-nogueira","tag-geraldo-campos-jr","tag-grupo-jf","tag-lais-carregosa","tag-luz-para-todos","tag-programa-luz-para-todos"],"yoast_head":"<!-- This site is optimized with the Yoast SEO Premium plugin v25.4 (Yoast SEO v26.0) - https:\/\/yoast.com\/wordpress\/plugins\/seo\/ -->\n<title>Governo estuda meio de executar Luz para Todos sem passar pela Amazonas Energia, diz secret\u00e1rio - Ag\u00eancia iNFRA<\/title>\n<meta name=\"robots\" content=\"index, follow, max-snippet:-1, max-image-preview:large, max-video-preview:-1\" \/>\n<link rel=\"canonical\" href=\"https:\/\/agenciainfra.com\/blog\/governo-estuda-meio-de-executar-luz-para-todos-sem-passar-pela-amazonas-energia-diz-secretario\/\" \/>\n<meta property=\"og:locale\" content=\"pt_BR\" \/>\n<meta property=\"og:type\" content=\"article\" \/>\n<meta property=\"og:title\" content=\"Governo estuda meio de executar Luz para Todos sem passar pela Amazonas Energia, diz secret\u00e1rio\" \/>\n<meta property=\"og:description\" content=\"Geraldo Campos Jr. e Lais Carregosa, da Ag\u00eancia iNFRA O secret\u00e1rio nacional de Energia El\u00e9trica, Gentil Nogueira, disse nesta quarta-feira (9) que o governo busca um meio para executar o programa Luz para Todos no estado do Amazonas sem ter que passar os recursos para a Amazonas Energia, distribuidora de energia el\u00e9trica do estado, que [&hellip;]\" \/>\n<meta property=\"og:url\" content=\"https:\/\/agenciainfra.com\/blog\/governo-estuda-meio-de-executar-luz-para-todos-sem-passar-pela-amazonas-energia-diz-secretario\/\" \/>\n<meta property=\"og:site_name\" content=\"Ag\u00eancia iNFRA\" \/>\n<meta property=\"article:publisher\" content=\"https:\/\/www.facebook.com\/ageninfra\" \/>\n<meta property=\"article:published_time\" content=\"2025-07-09T15:10:00+00:00\" \/>\n<meta property=\"article:modified_time\" content=\"2025-07-10T10:59:35+00:00\" \/>\n<meta property=\"og:image\" content=\"https:\/\/agenciainfra.com\/blog\/wp-content\/uploads\/2025\/07\/gentil-nogueira_foto_ricardo-botelho-MME-e1752073577302.png\" \/>\n\t<meta property=\"og:image:width\" content=\"1279\" \/>\n\t<meta property=\"og:image:height\" content=\"765\" \/>\n\t<meta property=\"og:image:type\" content=\"image\/png\" \/>\n<meta name=\"author\" content=\"Ag\u00eancia iNFRA\" \/>\n<meta name=\"twitter:card\" content=\"summary_large_image\" \/>\n<meta name=\"twitter:creator\" content=\"@agencia_infra\" \/>\n<meta name=\"twitter:site\" content=\"@agencia_infra\" \/>\n<meta name=\"twitter:label1\" content=\"Escrito por\" \/>\n\t<meta name=\"twitter:data1\" content=\"Ag\u00eancia iNFRA\" \/>\n\t<meta name=\"twitter:label2\" content=\"Est. tempo de leitura\" \/>\n\t<meta name=\"twitter:data2\" content=\"1 minuto\" \/>\n<script type=\"application\/ld+json\" class=\"yoast-schema-graph\">{\"@context\":\"https:\/\/schema.org\",\"@graph\":[{\"@type\":\"Article\",\"@id\":\"https:\/\/agenciainfra.com\/blog\/governo-estuda-meio-de-executar-luz-para-todos-sem-passar-pela-amazonas-energia-diz-secretario\/#article\",\"isPartOf\":{\"@id\":\"https:\/\/agenciainfra.com\/blog\/governo-estuda-meio-de-executar-luz-para-todos-sem-passar-pela-amazonas-energia-diz-secretario\/\"},\"author\":{\"name\":\"Ag\u00eancia iNFRA\",\"@id\":\"https:\/\/agenciainfra.com\/blog\/#\/schema\/person\/34af08dff6adea4cb22b06612ba7acfa\"},\"headline\":\"Governo estuda meio de executar Luz para Todos sem passar pela Amazonas Energia, diz secret\u00e1rio\",\"datePublished\":\"2025-07-09T15:10:00+00:00\",\"dateModified\":\"2025-07-10T10:59:35+00:00\",\"mainEntityOfPage\":{\"@id\":\"https:\/\/agenciainfra.com\/blog\/governo-estuda-meio-de-executar-luz-para-todos-sem-passar-pela-amazonas-energia-diz-secretario\/\"},\"wordCount\":220,\"publisher\":{\"@id\":\"https:\/\/agenciainfra.com\/blog\/#organization\"},\"image\":{\"@id\":\"https:\/\/agenciainfra.com\/blog\/governo-estuda-meio-de-executar-luz-para-todos-sem-passar-pela-amazonas-energia-diz-secretario\/#primaryimage\"},\"thumbnailUrl\":\"https:\/\/agenciainfra.com\/blog\/wp-content\/uploads\/2025\/07\/gentil-nogueira_foto_ricardo-botelho-MME-e1752073577302.png\",\"keywords\":[\"Alexandre Silveira MME\",\"Amazonas Energia\",\"\u00c2mbar Energia\",\"ANEEL\",\"energia el\u00e9trica\",\"Gentil Nogueira\",\"Geraldo Campos Jr.\",\"Grupo J&amp;F\",\"Lais Carregosa\",\"Luz para todos\",\"programa luz para todos\"],\"articleSection\":[\"Destaque lista\",\"Geral\",\"iNFRAEnergia\"],\"inLanguage\":\"pt-BR\",\"copyrightYear\":\"2025\",\"copyrightHolder\":{\"@id\":\"https:\/\/agenciainfra.com\/blog\/#organization\"}},{\"@type\":\"WebPage\",\"@id\":\"https:\/\/agenciainfra.com\/blog\/governo-estuda-meio-de-executar-luz-para-todos-sem-passar-pela-amazonas-energia-diz-secretario\/\",\"url\":\"https:\/\/agenciainfra.com\/blog\/governo-estuda-meio-de-executar-luz-para-todos-sem-passar-pela-amazonas-energia-diz-secretario\/\",\"name\":\"Governo estuda meio de executar Luz para Todos sem passar pela Amazonas Energia, diz secret\u00e1rio - Ag\u00eancia iNFRA\",\"isPartOf\":{\"@id\":\"https:\/\/agenciainfra.com\/blog\/#website\"},\"primaryImageOfPage\":{\"@id\":\"https:\/\/agenciainfra.com\/blog\/governo-estuda-meio-de-executar-luz-para-todos-sem-passar-pela-amazonas-energia-diz-secretario\/#primaryimage\"},\"image\":{\"@id\":\"https:\/\/agenciainfra.com\/blog\/governo-estuda-meio-de-executar-luz-para-todos-sem-passar-pela-amazonas-energia-diz-secretario\/#primaryimage\"},\"thumbnailUrl\":\"https:\/\/agenciainfra.com\/blog\/wp-content\/uploads\/2025\/07\/gentil-nogueira_foto_ricardo-botelho-MME-e1752073577302.png\",\"datePublished\":\"2025-07-09T15:10:00+00:00\",\"dateModified\":\"2025-07-10T10:59:35+00:00\",\"breadcrumb\":{\"@id\":\"https:\/\/agenciainfra.com\/blog\/governo-estuda-meio-de-executar-luz-para-todos-sem-passar-pela-amazonas-energia-diz-secretario\/#breadcrumb\"},\"inLanguage\":\"pt-BR\",\"potentialAction\":[{\"@type\":\"ReadAction\",\"target\":[\"https:\/\/agenciainfra.com\/blog\/governo-estuda-meio-de-executar-luz-para-todos-sem-passar-pela-amazonas-energia-diz-secretario\/\"]}]},{\"@type\":\"ImageObject\",\"inLanguage\":\"pt-BR\",\"@id\":\"https:\/\/agenciainfra.com\/blog\/governo-estuda-meio-de-executar-luz-para-todos-sem-passar-pela-amazonas-energia-diz-secretario\/#primaryimage\",\"url\":\"https:\/\/agenciainfra.com\/blog\/wp-content\/uploads\/2025\/07\/gentil-nogueira_foto_ricardo-botelho-MME-e1752073577302.png\",\"contentUrl\":\"https:\/\/agenciainfra.com\/blog\/wp-content\/uploads\/2025\/07\/gentil-nogueira_foto_ricardo-botelho-MME-e1752073577302.png\",\"width\":1279,\"height\":765,\"caption\":\"Foto: Ricardo Botelho\/MME\"},{\"@type\":\"BreadcrumbList\",\"@id\":\"https:\/\/agenciainfra.com\/blog\/governo-estuda-meio-de-executar-luz-para-todos-sem-passar-pela-amazonas-energia-diz-secretario\/#breadcrumb\",\"itemListElement\":[{\"@type\":\"ListItem\",\"position\":1,\"name\":\"In\u00edcio\",\"item\":\"https:\/\/agenciainfra.com\/blog\/\"},{\"@type\":\"ListItem\",\"position\":2,\"name\":\"Governo estuda meio de executar Luz para Todos sem passar pela Amazonas Energia, diz secret\u00e1rio\"}]},{\"@type\":\"WebSite\",\"@id\":\"https:\/\/agenciainfra.com\/blog\/#website\",\"url\":\"https:\/\/agenciainfra.com\/blog\/\",\"name\":\"Ag\u00eancia iNFRA\",\"description\":\"Multiplataforma de informa\u00e7\u00e3o jornal\u00edstica refer\u00eancia na \u00e1rea de infraestrutura no Brasil!\",\"publisher\":{\"@id\":\"https:\/\/agenciainfra.com\/blog\/#organization\"},\"potentialAction\":[{\"@type\":\"SearchAction\",\"target\":{\"@type\":\"EntryPoint\",\"urlTemplate\":\"https:\/\/agenciainfra.com\/blog\/?s={search_term_string}\"},\"query-input\":{\"@type\":\"PropertyValueSpecification\",\"valueRequired\":true,\"valueName\":\"search_term_string\"}}],\"inLanguage\":\"pt-BR\"},{\"@type\":\"Organization\",\"@id\":\"https:\/\/agenciainfra.com\/blog\/#organization\",\"name\":\"Ag\u00eancia iNFRA\",\"url\":\"https:\/\/agenciainfra.com\/blog\/\",\"logo\":{\"@type\":\"ImageObject\",\"inLanguage\":\"pt-BR\",\"@id\":\"https:\/\/agenciainfra.com\/blog\/#\/schema\/logo\/image\/\",\"url\":\"https:\/\/agenciainfra.com\/blog\/wp-content\/uploads\/2023\/09\/iNFRA_5-e1761735885940.png\",\"contentUrl\":\"https:\/\/agenciainfra.com\/blog\/wp-content\/uploads\/2023\/09\/iNFRA_5-e1761735885940.png\",\"width\":1672,\"height\":454,\"caption\":\"Ag\u00eancia iNFRA\"},\"image\":{\"@id\":\"https:\/\/agenciainfra.com\/blog\/#\/schema\/logo\/image\/\"},\"sameAs\":[\"https:\/\/www.facebook.com\/ageninfra\",\"https:\/\/x.com\/agencia_infra\",\"https:\/\/www.linkedin.com\/company\/ag\u00eanciainfra\/\",\"https:\/\/www.instagram.com\/agenciainfra\/\"]},{\"@type\":\"Person\",\"@id\":\"https:\/\/agenciainfra.com\/blog\/#\/schema\/person\/34af08dff6adea4cb22b06612ba7acfa\",\"name\":\"Ag\u00eancia iNFRA\",\"image\":{\"@type\":\"ImageObject\",\"inLanguage\":\"pt-BR\",\"@id\":\"https:\/\/agenciainfra.com\/blog\/#\/schema\/person\/image\/\",\"url\":\"https:\/\/secure.gravatar.com\/avatar\/d189e01678f06d8eb84d4e01f08eb848b3fffe3f8443818d3c356c66892f5be8?s=96&d=mm&r=g\",\"contentUrl\":\"https:\/\/secure.gravatar.com\/avatar\/d189e01678f06d8eb84d4e01f08eb848b3fffe3f8443818d3c356c66892f5be8?s=96&d=mm&r=g\",\"caption\":\"Ag\u00eancia iNFRA\"},\"url\":\"https:\/\/agenciainfra.com\/blog\/author\/admin\/\"}]}<\/script>\n<!-- \/ Yoast SEO Premium plugin. -->","yoast_head_json":{"title":"Governo estuda meio de executar Luz para Todos sem passar pela Amazonas Energia, diz secret\u00e1rio - Ag\u00eancia iNFRA","robots":{"index":"index","follow":"follow","max-snippet":"max-snippet:-1","max-image-preview":"max-image-preview:large","max-video-preview":"max-video-preview:-1"},"canonical":"https:\/\/agenciainfra.com\/blog\/governo-estuda-meio-de-executar-luz-para-todos-sem-passar-pela-amazonas-energia-diz-secretario\/","og_locale":"pt_BR","og_type":"article","og_title":"Governo estuda meio de executar Luz para Todos sem passar pela Amazonas Energia, diz secret\u00e1rio","og_description":"Geraldo Campos Jr. e Lais Carregosa, da Ag\u00eancia iNFRA O secret\u00e1rio nacional de Energia El\u00e9trica, Gentil Nogueira, disse nesta quarta-feira (9) que o governo busca um meio para executar o programa Luz para Todos no estado do Amazonas sem ter que passar os recursos para a Amazonas Energia, distribuidora de energia el\u00e9trica do estado, que [&hellip;]","og_url":"https:\/\/agenciainfra.com\/blog\/governo-estuda-meio-de-executar-luz-para-todos-sem-passar-pela-amazonas-energia-diz-secretario\/","og_site_name":"Ag\u00eancia iNFRA","article_publisher":"https:\/\/www.facebook.com\/ageninfra","article_published_time":"2025-07-09T15:10:00+00:00","article_modified_time":"2025-07-10T10:59:35+00:00","og_image":[{"width":1279,"height":765,"url":"https:\/\/agenciainfra.com\/blog\/wp-content\/uploads\/2025\/07\/gentil-nogueira_foto_ricardo-botelho-MME-e1752073577302.png","type":"image\/png"}],"author":"Ag\u00eancia iNFRA","twitter_card":"summary_large_image","twitter_creator":"@agencia_infra","twitter_site":"@agencia_infra","twitter_misc":{"Escrito por":"Ag\u00eancia iNFRA","Est. tempo de leitura":"1 minuto"},"schema":{"@context":"https:\/\/schema.org","@graph":[{"@type":"Article","@id":"https:\/\/agenciainfra.com\/blog\/governo-estuda-meio-de-executar-luz-para-todos-sem-passar-pela-amazonas-energia-diz-secretario\/#article","isPartOf":{"@id":"https:\/\/agenciainfra.com\/blog\/governo-estuda-meio-de-executar-luz-para-todos-sem-passar-pela-amazonas-energia-diz-secretario\/"},"author":{"name":"Ag\u00eancia iNFRA","@id":"https:\/\/agenciainfra.com\/blog\/#\/schema\/person\/34af08dff6adea4cb22b06612ba7acfa"},"headline":"Governo estuda meio de executar Luz para Todos sem passar pela Amazonas Energia, diz secret\u00e1rio","datePublished":"2025-07-09T15:10:00+00:00","dateModified":"2025-07-10T10:59:35+00:00","mainEntityOfPage":{"@id":"https:\/\/agenciainfra.com\/blog\/governo-estuda-meio-de-executar-luz-para-todos-sem-passar-pela-amazonas-energia-diz-secretario\/"},"wordCount":220,"publisher":{"@id":"https:\/\/agenciainfra.com\/blog\/#organization"},"image":{"@id":"https:\/\/agenciainfra.com\/blog\/governo-estuda-meio-de-executar-luz-para-todos-sem-passar-pela-amazonas-energia-diz-secretario\/#primaryimage"},"thumbnailUrl":"https:\/\/agenciainfra.com\/blog\/wp-content\/uploads\/2025\/07\/gentil-nogueira_foto_ricardo-botelho-MME-e1752073577302.png","keywords":["Alexandre Silveira MME","Amazonas Energia","\u00c2mbar Energia","ANEEL","energia el\u00e9trica","Gentil Nogueira","Geraldo Campos Jr.","Grupo J&amp;F","Lais Carregosa","Luz para todos","programa luz para todos"],"articleSection":["Destaque lista","Geral","iNFRAEnergia"],"inLanguage":"pt-BR","copyrightYear":"2025","copyrightHolder":{"@id":"https:\/\/agenciainfra.com\/blog\/#organization"}},{"@type":"WebPage","@id":"https:\/\/agenciainfra.com\/blog\/governo-estuda-meio-de-executar-luz-para-todos-sem-passar-pela-amazonas-energia-diz-secretario\/","url":"https:\/\/agenciainfra.com\/blog\/governo-estuda-meio-de-executar-luz-para-todos-sem-passar-pela-amazonas-energia-diz-secretario\/","name":"Governo estuda meio de executar Luz para Todos sem passar pela Amazonas Energia, diz secret\u00e1rio - Ag\u00eancia iNFRA","isPartOf":{"@id":"https:\/\/agenciainfra.com\/blog\/#website"},"primaryImageOfPage":{"@id":"https:\/\/agenciainfra.com\/blog\/governo-estuda-meio-de-executar-luz-para-todos-sem-passar-pela-amazonas-energia-diz-secretario\/#primaryimage"},"image":{"@id":"https:\/\/agenciainfra.com\/blog\/governo-estuda-meio-de-executar-luz-para-todos-sem-passar-pela-amazonas-energia-diz-secretario\/#primaryimage"},"thumbnailUrl":"https:\/\/agenciainfra.com\/blog\/wp-content\/uploads\/2025\/07\/gentil-nogueira_foto_ricardo-botelho-MME-e1752073577302.png","datePublished":"2025-07-09T15:10:00+00:00","dateModified":"2025-07-10T10:59:35+00:00","breadcrumb":{"@id":"https:\/\/agenciainfra.com\/blog\/governo-estuda-meio-de-executar-luz-para-todos-sem-passar-pela-amazonas-energia-diz-secretario\/#breadcrumb"},"inLanguage":"pt-BR","potentialAction":[{"@type":"ReadAction","target":["https:\/\/agenciainfra.com\/blog\/governo-estuda-meio-de-executar-luz-para-todos-sem-passar-pela-amazonas-energia-diz-secretario\/"]}]},{"@type":"ImageObject","inLanguage":"pt-BR","@id":"https:\/\/agenciainfra.com\/blog\/governo-estuda-meio-de-executar-luz-para-todos-sem-passar-pela-amazonas-energia-diz-secretario\/#primaryimage","url":"https:\/\/agenciainfra.com\/blog\/wp-content\/uploads\/2025\/07\/gentil-nogueira_foto_ricardo-botelho-MME-e1752073577302.png","contentUrl":"https:\/\/agenciainfra.com\/blog\/wp-content\/uploads\/2025\/07\/gentil-nogueira_foto_ricardo-botelho-MME-e1752073577302.png","width":1279,"height":765,"caption":"Foto: Ricardo Botelho\/MME"},{"@type":"BreadcrumbList","@id":"https:\/\/agenciainfra.com\/blog\/governo-estuda-meio-de-executar-luz-para-todos-sem-passar-pela-amazonas-energia-diz-secretario\/#breadcrumb","itemListElement":[{"@type":"ListItem","position":1,"name":"In\u00edcio","item":"https:\/\/agenciainfra.com\/blog\/"},{"@type":"ListItem","position":2,"name":"Governo estuda meio de executar Luz para Todos sem passar pela Amazonas Energia, diz secret\u00e1rio"}]},{"@type":"WebSite","@id":"https:\/\/agenciainfra.com\/blog\/#website","url":"https:\/\/agenciainfra.com\/blog\/","name":"Ag\u00eancia iNFRA","description":"Multiplataforma de informa\u00e7\u00e3o jornal\u00edstica refer\u00eancia na \u00e1rea de infraestrutura no Brasil!","publisher":{"@id":"https:\/\/agenciainfra.com\/blog\/#organization"},"potentialAction":[{"@type":"SearchAction","target":{"@type":"EntryPoint","urlTemplate":"https:\/\/agenciainfra.com\/blog\/?s={search_term_string}"},"query-input":{"@type":"PropertyValueSpecification","valueRequired":true,"valueName":"search_term_string"}}],"inLanguage":"pt-BR"},{"@type":"Organization","@id":"https:\/\/agenciainfra.com\/blog\/#organization","name":"Ag\u00eancia iNFRA","url":"https:\/\/agenciainfra.com\/blog\/","logo":{"@type":"ImageObject","inLanguage":"pt-BR","@id":"https:\/\/agenciainfra.com\/blog\/#\/schema\/logo\/image\/","url":"https:\/\/agenciainfra.com\/blog\/wp-content\/uploads\/2023\/09\/iNFRA_5-e1761735885940.png","contentUrl":"https:\/\/agenciainfra.com\/blog\/wp-content\/uploads\/2023\/09\/iNFRA_5-e1761735885940.png","width":1672,"height":454,"caption":"Ag\u00eancia iNFRA"},"image":{"@id":"https:\/\/agenciainfra.com\/blog\/#\/schema\/logo\/image\/"},"sameAs":["https:\/\/www.facebook.com\/ageninfra","https:\/\/x.com\/agencia_infra","https:\/\/www.linkedin.com\/company\/ag\u00eanciainfra\/","https:\/\/www.instagram.com\/agenciainfra\/"]},{"@type":"Person","@id":"https:\/\/agenciainfra.com\/blog\/#\/schema\/person\/34af08dff6adea4cb22b06612ba7acfa","name":"Ag\u00eancia iNFRA","image":{"@type":"ImageObject","inLanguage":"pt-BR","@id":"https:\/\/agenciainfra.com\/blog\/#\/schema\/person\/image\/","url":"https:\/\/secure.gravatar.com\/avatar\/d189e01678f06d8eb84d4e01f08eb848b3fffe3f8443818d3c356c66892f5be8?s=96&d=mm&r=g","contentUrl":"https:\/\/secure.gravatar.com\/avatar\/d189e01678f06d8eb84d4e01f08eb848b3fffe3f8443818d3c356c66892f5be8?s=96&d=mm&r=g","caption":"Ag\u00eancia iNFRA"},"url":"https:\/\/agenciainfra.com\/blog\/author\/admin\/"}]}},"_links":{"self":[{"href":"https:\/\/agenciainfra.com\/blog\/wp-json\/wp\/v2\/posts\/24334","targetHints":{"allow":["GET"]}}],"collection":[{"href":"https:\/\/agenciainfra.com\/blog\/wp-json\/wp\/v2\/posts"}],"about":[{"href":"https:\/\/agenciainfra.com\/blog\/wp-json\/wp\/v2\/types\/post"}],"author":[{"embeddable":true,"href":"https:\/\/agenciainfra.com\/blog\/wp-json\/wp\/v2\/users\/1"}],"replies":[{"embeddable":true,"href":"https:\/\/agenciainfra.com\/blog\/wp-json\/wp\/v2\/comments?post=24334"}],"version-history":[{"count":3,"href":"https:\/\/agenciainfra.com\/blog\/wp-json\/wp\/v2\/posts\/24334\/revisions"}],"predecessor-version":[{"id":24367,"href":"https:\/\/agenciainfra.com\/blog\/wp-json\/wp\/v2\/posts\/24334\/revisions\/24367"}],"wp:featuredmedia":[{"embeddable":true,"href":"https:\/\/agenciainfra.com\/blog\/wp-json\/wp\/v2\/media\/24336"}],"wp:attachment":[{"href":"https:\/\/agenciainfra.com\/blog\/wp-json\/wp\/v2\/media?parent=24334"}],"wp:term":[{"taxonomy":"category","embeddable":true,"href":"https:\/\/agenciainfra.com\/blog\/wp-json\/wp\/v2\/categories?post=24334"},{"taxonomy":"post_tag","embeddable":true,"href":"https:\/\/agenciainfra.com\/blog\/wp-json\/wp\/v2\/tags?post=24334"}],"curies":[{"name":"wp","href":"https:\/\/api.w.org\/{rel}","templated":true}]}}