{"id":24348,"date":"2025-07-09T14:46:09","date_gmt":"2025-07-09T17:46:09","guid":{"rendered":"https:\/\/agenciainfra.com\/blog\/?p=24348"},"modified":"2025-07-09T14:46:11","modified_gmt":"2025-07-09T17:46:11","slug":"pl-do-licenciamento-em-carta-a-hugo-motta-setor-energetico-defende-manutencao-de-texto-votado-pelo-senado","status":"publish","type":"post","link":"https:\/\/agenciainfra.com\/blog\/pl-do-licenciamento-em-carta-a-hugo-motta-setor-energetico-defende-manutencao-de-texto-votado-pelo-senado\/","title":{"rendered":"PL do Licenciamento: Em carta a Hugo Motta, setor energ\u00e9tico defende manuten\u00e7\u00e3o de texto votado pelo Senado"},"content":{"rendered":"\n<p class=\"has-text-align-right\"><strong>da Ag\u00eancia iNFRA<\/strong><\/p>\n\n\n\n<p>A Coaliz\u00e3o Converg\u00eancia Brasil, que re\u00fane associa\u00e7\u00f5es do setor energ\u00e9tico, enviou nesta ter\u00e7a-feira (8) <a href=\"https:\/\/agenciainfra.com\/blog\/wp-content\/uploads\/2025\/07\/Carta-Hugo-Motta-Coalizao-Convergencia-Brasil-rev-Abrage.pdf\">carta<\/a> ao presidente da C\u00e2mara dos Deputados, Hugo Motta (Republicanos-PB), de apoio \u00e0 aprova\u00e7\u00e3o do PL (Projeto de Lei) 2.159\/2021, do licenciamento ambiental, com as medidas introduzidas pelos senadores. Os dispositivos tratam das atividades de minera\u00e7\u00e3o, petr\u00f3leo, g\u00e1s e energia, e versam sobre tratamentos diferenciados para projetos estrat\u00e9gicos.<\/p>\n\n\n\n<p>A C\u00e2mara dos Deputados vem sinalizando que pode rever pontos que, para a Coaliz\u00e3o, s\u00e3o considerados como centrais. Na noite de ter\u00e7a-feira, o deputado Z\u00e9 Vitor (PL-MG), relator da proposta na C\u00e2mara, <a href=\"https:\/\/agenciainfra.com\/blog\/em-parecer-preliminar-relator-na-camara-rejeita-tres-dispositivos-do-senado-da-nova-lei-de-licenciamento-ambiental\/\">rejeitou<\/a> integralmente tr\u00eas emendas aprovadas no Senado \u00e0 proposta original da Casa. O parlamentar tamb\u00e9m rejeitou uma emenda parcialmente e fez duas mudan\u00e7as de reda\u00e7\u00e3o. Uma das emendas retiradas \u00e9 a que facilita o licenciamento ambiental de minera\u00e7\u00e3o de grande porte e alto risco.<\/p>\n\n\n\n<p>A Converg\u00eancia Brasil \u00e9 composta por Instituto Pensar Energia, Abrage, ABCS, Apine, Abraget e Abrat. Na carta, as entidades alertam para o risco da retomada de uma vers\u00e3o mais gen\u00e9rica do texto e destacam que projetos voltados \u00e0 transi\u00e7\u00e3o energ\u00e9tica e \u00e0 expans\u00e3o de fontes renov\u00e1veis e infraestrutura cr\u00edtica podem ser afetados. Para o grupo, o texto aprovado no Senado representa um ponto de equil\u00edbrio entre rigor t\u00e9cnico, agilidade e interesse p\u00fablico.<\/p>\n","protected":false},"excerpt":{"rendered":"<p>da Ag\u00eancia iNFRA A Coaliz\u00e3o Converg\u00eancia Brasil, que re\u00fane associa\u00e7\u00f5es do setor energ\u00e9tico, enviou nesta ter\u00e7a-feira (8) carta ao presidente da C\u00e2mara dos Deputados, Hugo Motta (Republicanos-PB), de apoio \u00e0 aprova\u00e7\u00e3o do PL (Projeto de Lei) 2.159\/2021, do licenciamento ambiental, com as medidas introduzidas pelos senadores. Os dispositivos tratam das atividades de minera\u00e7\u00e3o, petr\u00f3leo, g\u00e1s [&hellip;]<\/p>\n","protected":false},"author":1,"featured_media":24351,"comment_status":"closed","ping_status":"closed","sticky":false,"template":"","format":"standard","meta":{"_monsterinsights_skip_tracking":false,"_monsterinsights_sitenote_active":false,"_monsterinsights_sitenote_note":"","_monsterinsights_sitenote_category":0,"footnotes":""},"categories":[1,13576],"tags":[11330,1335,724,14258,1197,305,14257,2415,13434,223,4457,4354,6105],"class_list":["post-24348","post","type-post","status-publish","format-standard","has-post-thumbnail","hentry","category-geral","category-giro-infra","tag-abcs","tag-abrage","tag-abraget","tag-abrat","tag-apine","tag-camara-dos-deputados","tag-coalizao-convergencia-brasil","tag-hugo-motta","tag-instituto-pensar-energia","tag-licenciamento-ambiental","tag-pl-2-159-2021","tag-senado-federal","tag-ze-vitor"],"yoast_head":"<!-- This site is optimized with the Yoast SEO Premium plugin v25.4 (Yoast SEO v26.0) - https:\/\/yoast.com\/wordpress\/plugins\/seo\/ -->\n<title>PL do Licenciamento: Em carta a Hugo Motta, setor energ\u00e9tico defende manuten\u00e7\u00e3o de texto votado pelo Senado - Ag\u00eancia iNFRA<\/title>\n<meta name=\"robots\" content=\"index, follow, max-snippet:-1, max-image-preview:large, max-video-preview:-1\" \/>\n<link rel=\"canonical\" href=\"https:\/\/agenciainfra.com\/blog\/pl-do-licenciamento-em-carta-a-hugo-motta-setor-energetico-defende-manutencao-de-texto-votado-pelo-senado\/\" \/>\n<meta property=\"og:locale\" content=\"pt_BR\" \/>\n<meta property=\"og:type\" content=\"article\" \/>\n<meta property=\"og:title\" content=\"PL do Licenciamento: Em carta a Hugo Motta, setor energ\u00e9tico defende manuten\u00e7\u00e3o de texto votado pelo Senado\" \/>\n<meta property=\"og:description\" content=\"da Ag\u00eancia iNFRA A Coaliz\u00e3o Converg\u00eancia Brasil, que re\u00fane associa\u00e7\u00f5es do setor energ\u00e9tico, enviou nesta ter\u00e7a-feira (8) carta ao presidente da C\u00e2mara dos Deputados, Hugo Motta (Republicanos-PB), de apoio \u00e0 aprova\u00e7\u00e3o do PL (Projeto de Lei) 2.159\/2021, do licenciamento ambiental, com as medidas introduzidas pelos senadores. Os dispositivos tratam das atividades de minera\u00e7\u00e3o, petr\u00f3leo, g\u00e1s [&hellip;]\" \/>\n<meta property=\"og:url\" content=\"https:\/\/agenciainfra.com\/blog\/pl-do-licenciamento-em-carta-a-hugo-motta-setor-energetico-defende-manutencao-de-texto-votado-pelo-senado\/\" \/>\n<meta property=\"og:site_name\" content=\"Ag\u00eancia iNFRA\" \/>\n<meta property=\"article:publisher\" content=\"https:\/\/www.facebook.com\/ageninfra\" \/>\n<meta property=\"article:published_time\" content=\"2025-07-09T17:46:09+00:00\" \/>\n<meta property=\"article:modified_time\" content=\"2025-07-09T17:46:11+00:00\" \/>\n<meta property=\"og:image\" content=\"https:\/\/agenciainfra.com\/blog\/wp-content\/uploads\/2025\/07\/hugo-motta-foto-bruno-spada-camara-dos-deputados.jpg\" \/>\n\t<meta property=\"og:image:width\" content=\"1280\" \/>\n\t<meta property=\"og:image:height\" content=\"789\" \/>\n\t<meta property=\"og:image:type\" content=\"image\/jpeg\" \/>\n<meta name=\"author\" content=\"Ag\u00eancia iNFRA\" \/>\n<meta name=\"twitter:card\" content=\"summary_large_image\" \/>\n<meta name=\"twitter:creator\" content=\"@agencia_infra\" \/>\n<meta name=\"twitter:site\" content=\"@agencia_infra\" \/>\n<meta name=\"twitter:label1\" content=\"Escrito por\" \/>\n\t<meta name=\"twitter:data1\" content=\"Ag\u00eancia iNFRA\" \/>\n\t<meta name=\"twitter:label2\" content=\"Est. tempo de leitura\" \/>\n\t<meta name=\"twitter:data2\" content=\"1 minuto\" \/>\n<script type=\"application\/ld+json\" class=\"yoast-schema-graph\">{\"@context\":\"https:\/\/schema.org\",\"@graph\":[{\"@type\":\"Article\",\"@id\":\"https:\/\/agenciainfra.com\/blog\/pl-do-licenciamento-em-carta-a-hugo-motta-setor-energetico-defende-manutencao-de-texto-votado-pelo-senado\/#article\",\"isPartOf\":{\"@id\":\"https:\/\/agenciainfra.com\/blog\/pl-do-licenciamento-em-carta-a-hugo-motta-setor-energetico-defende-manutencao-de-texto-votado-pelo-senado\/\"},\"author\":{\"name\":\"Ag\u00eancia iNFRA\",\"@id\":\"https:\/\/agenciainfra.com\/blog\/#\/schema\/person\/34af08dff6adea4cb22b06612ba7acfa\"},\"headline\":\"PL do Licenciamento: Em carta a Hugo Motta, setor energ\u00e9tico defende manuten\u00e7\u00e3o de texto votado pelo Senado\",\"datePublished\":\"2025-07-09T17:46:09+00:00\",\"dateModified\":\"2025-07-09T17:46:11+00:00\",\"mainEntityOfPage\":{\"@id\":\"https:\/\/agenciainfra.com\/blog\/pl-do-licenciamento-em-carta-a-hugo-motta-setor-energetico-defende-manutencao-de-texto-votado-pelo-senado\/\"},\"wordCount\":258,\"publisher\":{\"@id\":\"https:\/\/agenciainfra.com\/blog\/#organization\"},\"image\":{\"@id\":\"https:\/\/agenciainfra.com\/blog\/pl-do-licenciamento-em-carta-a-hugo-motta-setor-energetico-defende-manutencao-de-texto-votado-pelo-senado\/#primaryimage\"},\"thumbnailUrl\":\"https:\/\/agenciainfra.com\/blog\/wp-content\/uploads\/2025\/07\/hugo-motta-foto-bruno-spada-camara-dos-deputados.jpg\",\"keywords\":[\"ABCS\",\"Abrage\",\"abraget\",\"Abrat\",\"Apine\",\"C\u00e2mara dos Deputados\",\"Coaliz\u00e3o Converg\u00eancia Brasil\",\"Hugo Motta\",\"Instituto Pensar Energia\",\"Licenciamento ambiental\",\"PL 2.159\/2021\",\"Senado Federal\",\"Z\u00e9 Vitor\"],\"articleSection\":[\"Geral\",\"Giro iNFRA\"],\"inLanguage\":\"pt-BR\",\"copyrightYear\":\"2025\",\"copyrightHolder\":{\"@id\":\"https:\/\/agenciainfra.com\/blog\/#organization\"}},{\"@type\":\"WebPage\",\"@id\":\"https:\/\/agenciainfra.com\/blog\/pl-do-licenciamento-em-carta-a-hugo-motta-setor-energetico-defende-manutencao-de-texto-votado-pelo-senado\/\",\"url\":\"https:\/\/agenciainfra.com\/blog\/pl-do-licenciamento-em-carta-a-hugo-motta-setor-energetico-defende-manutencao-de-texto-votado-pelo-senado\/\",\"name\":\"PL do Licenciamento: Em carta a Hugo Motta, setor energ\u00e9tico defende manuten\u00e7\u00e3o de texto votado pelo Senado - Ag\u00eancia iNFRA\",\"isPartOf\":{\"@id\":\"https:\/\/agenciainfra.com\/blog\/#website\"},\"primaryImageOfPage\":{\"@id\":\"https:\/\/agenciainfra.com\/blog\/pl-do-licenciamento-em-carta-a-hugo-motta-setor-energetico-defende-manutencao-de-texto-votado-pelo-senado\/#primaryimage\"},\"image\":{\"@id\":\"https:\/\/agenciainfra.com\/blog\/pl-do-licenciamento-em-carta-a-hugo-motta-setor-energetico-defende-manutencao-de-texto-votado-pelo-senado\/#primaryimage\"},\"thumbnailUrl\":\"https:\/\/agenciainfra.com\/blog\/wp-content\/uploads\/2025\/07\/hugo-motta-foto-bruno-spada-camara-dos-deputados.jpg\",\"datePublished\":\"2025-07-09T17:46:09+00:00\",\"dateModified\":\"2025-07-09T17:46:11+00:00\",\"breadcrumb\":{\"@id\":\"https:\/\/agenciainfra.com\/blog\/pl-do-licenciamento-em-carta-a-hugo-motta-setor-energetico-defende-manutencao-de-texto-votado-pelo-senado\/#breadcrumb\"},\"inLanguage\":\"pt-BR\",\"potentialAction\":[{\"@type\":\"ReadAction\",\"target\":[\"https:\/\/agenciainfra.com\/blog\/pl-do-licenciamento-em-carta-a-hugo-motta-setor-energetico-defende-manutencao-de-texto-votado-pelo-senado\/\"]}]},{\"@type\":\"ImageObject\",\"inLanguage\":\"pt-BR\",\"@id\":\"https:\/\/agenciainfra.com\/blog\/pl-do-licenciamento-em-carta-a-hugo-motta-setor-energetico-defende-manutencao-de-texto-votado-pelo-senado\/#primaryimage\",\"url\":\"https:\/\/agenciainfra.com\/blog\/wp-content\/uploads\/2025\/07\/hugo-motta-foto-bruno-spada-camara-dos-deputados.jpg\",\"contentUrl\":\"https:\/\/agenciainfra.com\/blog\/wp-content\/uploads\/2025\/07\/hugo-motta-foto-bruno-spada-camara-dos-deputados.jpg\",\"width\":1280,\"height\":789,\"caption\":\"Foto: Bruno Spada\/C\u00e2mara dos Deputados\"},{\"@type\":\"BreadcrumbList\",\"@id\":\"https:\/\/agenciainfra.com\/blog\/pl-do-licenciamento-em-carta-a-hugo-motta-setor-energetico-defende-manutencao-de-texto-votado-pelo-senado\/#breadcrumb\",\"itemListElement\":[{\"@type\":\"ListItem\",\"position\":1,\"name\":\"In\u00edcio\",\"item\":\"https:\/\/agenciainfra.com\/blog\/\"},{\"@type\":\"ListItem\",\"position\":2,\"name\":\"PL do Licenciamento: Em carta a Hugo Motta, setor energ\u00e9tico defende manuten\u00e7\u00e3o de texto votado pelo Senado\"}]},{\"@type\":\"WebSite\",\"@id\":\"https:\/\/agenciainfra.com\/blog\/#website\",\"url\":\"https:\/\/agenciainfra.com\/blog\/\",\"name\":\"Ag\u00eancia iNFRA\",\"description\":\"Multiplataforma de informa\u00e7\u00e3o jornal\u00edstica refer\u00eancia na \u00e1rea de infraestrutura no Brasil!\",\"publisher\":{\"@id\":\"https:\/\/agenciainfra.com\/blog\/#organization\"},\"potentialAction\":[{\"@type\":\"SearchAction\",\"target\":{\"@type\":\"EntryPoint\",\"urlTemplate\":\"https:\/\/agenciainfra.com\/blog\/?s={search_term_string}\"},\"query-input\":{\"@type\":\"PropertyValueSpecification\",\"valueRequired\":true,\"valueName\":\"search_term_string\"}}],\"inLanguage\":\"pt-BR\"},{\"@type\":\"Organization\",\"@id\":\"https:\/\/agenciainfra.com\/blog\/#organization\",\"name\":\"Ag\u00eancia iNFRA\",\"url\":\"https:\/\/agenciainfra.com\/blog\/\",\"logo\":{\"@type\":\"ImageObject\",\"inLanguage\":\"pt-BR\",\"@id\":\"https:\/\/agenciainfra.com\/blog\/#\/schema\/logo\/image\/\",\"url\":\"https:\/\/agenciainfra.com\/blog\/wp-content\/uploads\/2023\/09\/iNFRA_5-e1761735885940.png\",\"contentUrl\":\"https:\/\/agenciainfra.com\/blog\/wp-content\/uploads\/2023\/09\/iNFRA_5-e1761735885940.png\",\"width\":1672,\"height\":454,\"caption\":\"Ag\u00eancia iNFRA\"},\"image\":{\"@id\":\"https:\/\/agenciainfra.com\/blog\/#\/schema\/logo\/image\/\"},\"sameAs\":[\"https:\/\/www.facebook.com\/ageninfra\",\"https:\/\/x.com\/agencia_infra\",\"https:\/\/www.linkedin.com\/company\/ag\u00eanciainfra\/\",\"https:\/\/www.instagram.com\/agenciainfra\/\"]},{\"@type\":\"Person\",\"@id\":\"https:\/\/agenciainfra.com\/blog\/#\/schema\/person\/34af08dff6adea4cb22b06612ba7acfa\",\"name\":\"Ag\u00eancia iNFRA\",\"image\":{\"@type\":\"ImageObject\",\"inLanguage\":\"pt-BR\",\"@id\":\"https:\/\/agenciainfra.com\/blog\/#\/schema\/person\/image\/\",\"url\":\"https:\/\/secure.gravatar.com\/avatar\/d189e01678f06d8eb84d4e01f08eb848b3fffe3f8443818d3c356c66892f5be8?s=96&d=mm&r=g\",\"contentUrl\":\"https:\/\/secure.gravatar.com\/avatar\/d189e01678f06d8eb84d4e01f08eb848b3fffe3f8443818d3c356c66892f5be8?s=96&d=mm&r=g\",\"caption\":\"Ag\u00eancia iNFRA\"},\"url\":\"https:\/\/agenciainfra.com\/blog\/author\/admin\/\"}]}<\/script>\n<!-- \/ Yoast SEO Premium plugin. -->","yoast_head_json":{"title":"PL do Licenciamento: Em carta a Hugo Motta, setor energ\u00e9tico defende manuten\u00e7\u00e3o de texto votado pelo Senado - Ag\u00eancia iNFRA","robots":{"index":"index","follow":"follow","max-snippet":"max-snippet:-1","max-image-preview":"max-image-preview:large","max-video-preview":"max-video-preview:-1"},"canonical":"https:\/\/agenciainfra.com\/blog\/pl-do-licenciamento-em-carta-a-hugo-motta-setor-energetico-defende-manutencao-de-texto-votado-pelo-senado\/","og_locale":"pt_BR","og_type":"article","og_title":"PL do Licenciamento: Em carta a Hugo Motta, setor energ\u00e9tico defende manuten\u00e7\u00e3o de texto votado pelo Senado","og_description":"da Ag\u00eancia iNFRA A Coaliz\u00e3o Converg\u00eancia Brasil, que re\u00fane associa\u00e7\u00f5es do setor energ\u00e9tico, enviou nesta ter\u00e7a-feira (8) carta ao presidente da C\u00e2mara dos Deputados, Hugo Motta (Republicanos-PB), de apoio \u00e0 aprova\u00e7\u00e3o do PL (Projeto de Lei) 2.159\/2021, do licenciamento ambiental, com as medidas introduzidas pelos senadores. Os dispositivos tratam das atividades de minera\u00e7\u00e3o, petr\u00f3leo, g\u00e1s [&hellip;]","og_url":"https:\/\/agenciainfra.com\/blog\/pl-do-licenciamento-em-carta-a-hugo-motta-setor-energetico-defende-manutencao-de-texto-votado-pelo-senado\/","og_site_name":"Ag\u00eancia iNFRA","article_publisher":"https:\/\/www.facebook.com\/ageninfra","article_published_time":"2025-07-09T17:46:09+00:00","article_modified_time":"2025-07-09T17:46:11+00:00","og_image":[{"width":1280,"height":789,"url":"https:\/\/agenciainfra.com\/blog\/wp-content\/uploads\/2025\/07\/hugo-motta-foto-bruno-spada-camara-dos-deputados.jpg","type":"image\/jpeg"}],"author":"Ag\u00eancia iNFRA","twitter_card":"summary_large_image","twitter_creator":"@agencia_infra","twitter_site":"@agencia_infra","twitter_misc":{"Escrito por":"Ag\u00eancia iNFRA","Est. tempo de leitura":"1 minuto"},"schema":{"@context":"https:\/\/schema.org","@graph":[{"@type":"Article","@id":"https:\/\/agenciainfra.com\/blog\/pl-do-licenciamento-em-carta-a-hugo-motta-setor-energetico-defende-manutencao-de-texto-votado-pelo-senado\/#article","isPartOf":{"@id":"https:\/\/agenciainfra.com\/blog\/pl-do-licenciamento-em-carta-a-hugo-motta-setor-energetico-defende-manutencao-de-texto-votado-pelo-senado\/"},"author":{"name":"Ag\u00eancia iNFRA","@id":"https:\/\/agenciainfra.com\/blog\/#\/schema\/person\/34af08dff6adea4cb22b06612ba7acfa"},"headline":"PL do Licenciamento: Em carta a Hugo Motta, setor energ\u00e9tico defende manuten\u00e7\u00e3o de texto votado pelo Senado","datePublished":"2025-07-09T17:46:09+00:00","dateModified":"2025-07-09T17:46:11+00:00","mainEntityOfPage":{"@id":"https:\/\/agenciainfra.com\/blog\/pl-do-licenciamento-em-carta-a-hugo-motta-setor-energetico-defende-manutencao-de-texto-votado-pelo-senado\/"},"wordCount":258,"publisher":{"@id":"https:\/\/agenciainfra.com\/blog\/#organization"},"image":{"@id":"https:\/\/agenciainfra.com\/blog\/pl-do-licenciamento-em-carta-a-hugo-motta-setor-energetico-defende-manutencao-de-texto-votado-pelo-senado\/#primaryimage"},"thumbnailUrl":"https:\/\/agenciainfra.com\/blog\/wp-content\/uploads\/2025\/07\/hugo-motta-foto-bruno-spada-camara-dos-deputados.jpg","keywords":["ABCS","Abrage","abraget","Abrat","Apine","C\u00e2mara dos Deputados","Coaliz\u00e3o Converg\u00eancia Brasil","Hugo Motta","Instituto Pensar Energia","Licenciamento ambiental","PL 2.159\/2021","Senado Federal","Z\u00e9 Vitor"],"articleSection":["Geral","Giro iNFRA"],"inLanguage":"pt-BR","copyrightYear":"2025","copyrightHolder":{"@id":"https:\/\/agenciainfra.com\/blog\/#organization"}},{"@type":"WebPage","@id":"https:\/\/agenciainfra.com\/blog\/pl-do-licenciamento-em-carta-a-hugo-motta-setor-energetico-defende-manutencao-de-texto-votado-pelo-senado\/","url":"https:\/\/agenciainfra.com\/blog\/pl-do-licenciamento-em-carta-a-hugo-motta-setor-energetico-defende-manutencao-de-texto-votado-pelo-senado\/","name":"PL do Licenciamento: Em carta a Hugo Motta, setor energ\u00e9tico defende manuten\u00e7\u00e3o de texto votado pelo Senado - Ag\u00eancia iNFRA","isPartOf":{"@id":"https:\/\/agenciainfra.com\/blog\/#website"},"primaryImageOfPage":{"@id":"https:\/\/agenciainfra.com\/blog\/pl-do-licenciamento-em-carta-a-hugo-motta-setor-energetico-defende-manutencao-de-texto-votado-pelo-senado\/#primaryimage"},"image":{"@id":"https:\/\/agenciainfra.com\/blog\/pl-do-licenciamento-em-carta-a-hugo-motta-setor-energetico-defende-manutencao-de-texto-votado-pelo-senado\/#primaryimage"},"thumbnailUrl":"https:\/\/agenciainfra.com\/blog\/wp-content\/uploads\/2025\/07\/hugo-motta-foto-bruno-spada-camara-dos-deputados.jpg","datePublished":"2025-07-09T17:46:09+00:00","dateModified":"2025-07-09T17:46:11+00:00","breadcrumb":{"@id":"https:\/\/agenciainfra.com\/blog\/pl-do-licenciamento-em-carta-a-hugo-motta-setor-energetico-defende-manutencao-de-texto-votado-pelo-senado\/#breadcrumb"},"inLanguage":"pt-BR","potentialAction":[{"@type":"ReadAction","target":["https:\/\/agenciainfra.com\/blog\/pl-do-licenciamento-em-carta-a-hugo-motta-setor-energetico-defende-manutencao-de-texto-votado-pelo-senado\/"]}]},{"@type":"ImageObject","inLanguage":"pt-BR","@id":"https:\/\/agenciainfra.com\/blog\/pl-do-licenciamento-em-carta-a-hugo-motta-setor-energetico-defende-manutencao-de-texto-votado-pelo-senado\/#primaryimage","url":"https:\/\/agenciainfra.com\/blog\/wp-content\/uploads\/2025\/07\/hugo-motta-foto-bruno-spada-camara-dos-deputados.jpg","contentUrl":"https:\/\/agenciainfra.com\/blog\/wp-content\/uploads\/2025\/07\/hugo-motta-foto-bruno-spada-camara-dos-deputados.jpg","width":1280,"height":789,"caption":"Foto: Bruno Spada\/C\u00e2mara dos Deputados"},{"@type":"BreadcrumbList","@id":"https:\/\/agenciainfra.com\/blog\/pl-do-licenciamento-em-carta-a-hugo-motta-setor-energetico-defende-manutencao-de-texto-votado-pelo-senado\/#breadcrumb","itemListElement":[{"@type":"ListItem","position":1,"name":"In\u00edcio","item":"https:\/\/agenciainfra.com\/blog\/"},{"@type":"ListItem","position":2,"name":"PL do Licenciamento: Em carta a Hugo Motta, setor energ\u00e9tico defende manuten\u00e7\u00e3o de texto votado pelo Senado"}]},{"@type":"WebSite","@id":"https:\/\/agenciainfra.com\/blog\/#website","url":"https:\/\/agenciainfra.com\/blog\/","name":"Ag\u00eancia iNFRA","description":"Multiplataforma de informa\u00e7\u00e3o jornal\u00edstica refer\u00eancia na \u00e1rea de infraestrutura no Brasil!","publisher":{"@id":"https:\/\/agenciainfra.com\/blog\/#organization"},"potentialAction":[{"@type":"SearchAction","target":{"@type":"EntryPoint","urlTemplate":"https:\/\/agenciainfra.com\/blog\/?s={search_term_string}"},"query-input":{"@type":"PropertyValueSpecification","valueRequired":true,"valueName":"search_term_string"}}],"inLanguage":"pt-BR"},{"@type":"Organization","@id":"https:\/\/agenciainfra.com\/blog\/#organization","name":"Ag\u00eancia iNFRA","url":"https:\/\/agenciainfra.com\/blog\/","logo":{"@type":"ImageObject","inLanguage":"pt-BR","@id":"https:\/\/agenciainfra.com\/blog\/#\/schema\/logo\/image\/","url":"https:\/\/agenciainfra.com\/blog\/wp-content\/uploads\/2023\/09\/iNFRA_5-e1761735885940.png","contentUrl":"https:\/\/agenciainfra.com\/blog\/wp-content\/uploads\/2023\/09\/iNFRA_5-e1761735885940.png","width":1672,"height":454,"caption":"Ag\u00eancia iNFRA"},"image":{"@id":"https:\/\/agenciainfra.com\/blog\/#\/schema\/logo\/image\/"},"sameAs":["https:\/\/www.facebook.com\/ageninfra","https:\/\/x.com\/agencia_infra","https:\/\/www.linkedin.com\/company\/ag\u00eanciainfra\/","https:\/\/www.instagram.com\/agenciainfra\/"]},{"@type":"Person","@id":"https:\/\/agenciainfra.com\/blog\/#\/schema\/person\/34af08dff6adea4cb22b06612ba7acfa","name":"Ag\u00eancia iNFRA","image":{"@type":"ImageObject","inLanguage":"pt-BR","@id":"https:\/\/agenciainfra.com\/blog\/#\/schema\/person\/image\/","url":"https:\/\/secure.gravatar.com\/avatar\/d189e01678f06d8eb84d4e01f08eb848b3fffe3f8443818d3c356c66892f5be8?s=96&d=mm&r=g","contentUrl":"https:\/\/secure.gravatar.com\/avatar\/d189e01678f06d8eb84d4e01f08eb848b3fffe3f8443818d3c356c66892f5be8?s=96&d=mm&r=g","caption":"Ag\u00eancia iNFRA"},"url":"https:\/\/agenciainfra.com\/blog\/author\/admin\/"}]}},"_links":{"self":[{"href":"https:\/\/agenciainfra.com\/blog\/wp-json\/wp\/v2\/posts\/24348","targetHints":{"allow":["GET"]}}],"collection":[{"href":"https:\/\/agenciainfra.com\/blog\/wp-json\/wp\/v2\/posts"}],"about":[{"href":"https:\/\/agenciainfra.com\/blog\/wp-json\/wp\/v2\/types\/post"}],"author":[{"embeddable":true,"href":"https:\/\/agenciainfra.com\/blog\/wp-json\/wp\/v2\/users\/1"}],"replies":[{"embeddable":true,"href":"https:\/\/agenciainfra.com\/blog\/wp-json\/wp\/v2\/comments?post=24348"}],"version-history":[{"count":1,"href":"https:\/\/agenciainfra.com\/blog\/wp-json\/wp\/v2\/posts\/24348\/revisions"}],"predecessor-version":[{"id":24352,"href":"https:\/\/agenciainfra.com\/blog\/wp-json\/wp\/v2\/posts\/24348\/revisions\/24352"}],"wp:featuredmedia":[{"embeddable":true,"href":"https:\/\/agenciainfra.com\/blog\/wp-json\/wp\/v2\/media\/24351"}],"wp:attachment":[{"href":"https:\/\/agenciainfra.com\/blog\/wp-json\/wp\/v2\/media?parent=24348"}],"wp:term":[{"taxonomy":"category","embeddable":true,"href":"https:\/\/agenciainfra.com\/blog\/wp-json\/wp\/v2\/categories?post=24348"},{"taxonomy":"post_tag","embeddable":true,"href":"https:\/\/agenciainfra.com\/blog\/wp-json\/wp\/v2\/tags?post=24348"}],"curies":[{"name":"wp","href":"https:\/\/api.w.org\/{rel}","templated":true}]}}