{"id":24353,"date":"2025-07-09T15:52:39","date_gmt":"2025-07-09T18:52:39","guid":{"rendered":"https:\/\/agenciainfra.com\/blog\/?p=24353"},"modified":"2025-07-10T18:30:51","modified_gmt":"2025-07-10T21:30:51","slug":"tcu-da-aval-para-renovacao-da-concessao-da-edp-espirito-santo","status":"publish","type":"post","link":"https:\/\/agenciainfra.com\/blog\/tcu-da-aval-para-renovacao-da-concessao-da-edp-espirito-santo\/","title":{"rendered":"TCU d\u00e1 aval para renova\u00e7\u00e3o da concess\u00e3o da EDP Esp\u00edrito Santo"},"content":{"rendered":"\n<p class=\"has-text-align-right\"><strong>Geraldo Campos Jr., Marisa Wanzeller e Lais Carregosa, da Ag\u00eancia iNFRA<\/strong><\/p>\n\n\n\n<p>O TCU (Tribunal de Contas da Uni\u00e3o) aprovou nesta quarta-feira (9) o prosseguimento do processo de renova\u00e7\u00e3o da concess\u00e3o da EDP Esp\u00edrito Santo. Segundo o relator do processo, ministro Walton Alencar, o MME (Minist\u00e9rio de Minas e Energia) e a ANEEL (Ag\u00eancia Nacional de Energia El\u00e9trica) atenderam aos requisitos previstos para a prorroga\u00e7\u00e3o do contrato. A atual concess\u00e3o da empresa vence em 17 de julho.<\/p>\n\n\n\n<p>Alencar tamb\u00e9m incluiu em seu voto recomenda\u00e7\u00f5es \u00e0 ANEEL para aprimoramento do segmento de distribui\u00e7\u00e3o, como para que as distribuidoras informem aos consumidores sobre seus novos direitos com a renova\u00e7\u00e3o contratual, e que a ag\u00eancia inclua as novas exig\u00eancias contratuais em sua Agenda Regulat\u00f3ria, como o desenvolvimento de indicadores de atendimento do mercado.<\/p>\n\n\n\n<p>Ao MME, o ac\u00f3rd\u00e3o tamb\u00e9m recomendou que seja avaliada a possibilidade de inclus\u00e3o do termo \u201csem aplica\u00e7\u00e3o de expurgos\u201d no contrato. Os expurgos s\u00e3o as interrup\u00e7\u00f5es de fornecimento de energia desconsideradas dos c\u00e1lculos regulat\u00f3rios, por quest\u00f5es como eventos clim\u00e1ticos, por exemplo. O tema foi objeto de discuss\u00e3o quando a ANEEL recomendou a renova\u00e7\u00e3o do contrato da EDP ES.<\/p>\n\n\n\n<p>Fontes do governo afirmaram \u00e0<strong> Ag\u00eancia iNFRA<\/strong> que o MME aguardava as recomenda\u00e7\u00f5es com o objetivo de verificar se seriam necess\u00e1rios ajustes ao contrato para ent\u00e3o convocar a empresa para assinatura.<\/p>\n\n\n\n<p>O presidente da Corte, ministro Vital do R\u00eago, afirmou que o processo da EDP ES servir\u00e1 de base para as pr\u00f3ximas 18 renova\u00e7\u00f5es de distribuidoras que tamb\u00e9m passar\u00e3o pelo TCU.<\/p>\n","protected":false},"excerpt":{"rendered":"<p>Geraldo Campos Jr., Marisa Wanzeller e Lais Carregosa, da Ag\u00eancia iNFRA O TCU (Tribunal de Contas da Uni\u00e3o) aprovou nesta quarta-feira (9) o prosseguimento do processo de renova\u00e7\u00e3o da concess\u00e3o da EDP Esp\u00edrito Santo. Segundo o relator do processo, ministro Walton Alencar, o MME (Minist\u00e9rio de Minas e Energia) e a ANEEL (Ag\u00eancia Nacional de [&hellip;]<\/p>\n","protected":false},"author":1,"featured_media":21054,"comment_status":"closed","ping_status":"closed","sticky":false,"template":"","format":"standard","meta":{"_monsterinsights_skip_tracking":false,"_monsterinsights_sitenote_active":false,"_monsterinsights_sitenote_note":"","_monsterinsights_sitenote_category":0,"footnotes":""},"categories":[1,10],"tags":[852,53,1760,12246,11594,13132,7366,11513,71,14190,7971,18,927,1204],"class_list":["post-24353","post","type-post","status-publish","format-standard","has-post-thumbnail","hentry","category-geral","category-infraenergia","tag-agencia-nacional-de-energia-eletrica","tag-aneel","tag-edp","tag-edp-espirito-santo","tag-geraldo-campos-jr","tag-lais-carregosa","tag-marisa-wanzeller","tag-ministerio-de-minas-de-energia","tag-mme","tag-renovacao-da-edp-es","tag-renovacao-das-distribuidoras","tag-tcu","tag-tribunal-de-contas-da-uniao","tag-walton-alencar"],"yoast_head":"<!-- This site is optimized with the Yoast SEO Premium plugin v25.4 (Yoast SEO v26.0) - https:\/\/yoast.com\/wordpress\/plugins\/seo\/ -->\n<title>TCU d\u00e1 aval para renova\u00e7\u00e3o da concess\u00e3o da EDP Esp\u00edrito Santo - Ag\u00eancia iNFRA<\/title>\n<meta name=\"robots\" content=\"index, follow, max-snippet:-1, max-image-preview:large, max-video-preview:-1\" \/>\n<link rel=\"canonical\" href=\"https:\/\/agenciainfra.com\/blog\/tcu-da-aval-para-renovacao-da-concessao-da-edp-espirito-santo\/\" \/>\n<meta property=\"og:locale\" content=\"pt_BR\" \/>\n<meta property=\"og:type\" content=\"article\" \/>\n<meta property=\"og:title\" content=\"TCU d\u00e1 aval para renova\u00e7\u00e3o da concess\u00e3o da EDP Esp\u00edrito Santo\" \/>\n<meta property=\"og:description\" content=\"Geraldo Campos Jr., Marisa Wanzeller e Lais Carregosa, da Ag\u00eancia iNFRA O TCU (Tribunal de Contas da Uni\u00e3o) aprovou nesta quarta-feira (9) o prosseguimento do processo de renova\u00e7\u00e3o da concess\u00e3o da EDP Esp\u00edrito Santo. Segundo o relator do processo, ministro Walton Alencar, o MME (Minist\u00e9rio de Minas e Energia) e a ANEEL (Ag\u00eancia Nacional de [&hellip;]\" \/>\n<meta property=\"og:url\" content=\"https:\/\/agenciainfra.com\/blog\/tcu-da-aval-para-renovacao-da-concessao-da-edp-espirito-santo\/\" \/>\n<meta property=\"og:site_name\" content=\"Ag\u00eancia iNFRA\" \/>\n<meta property=\"article:publisher\" content=\"https:\/\/www.facebook.com\/ageninfra\" \/>\n<meta property=\"article:published_time\" content=\"2025-07-09T18:52:39+00:00\" \/>\n<meta property=\"article:modified_time\" content=\"2025-07-10T21:30:51+00:00\" \/>\n<meta property=\"og:image\" content=\"https:\/\/agenciainfra.com\/blog\/wp-content\/uploads\/2025\/04\/sede-edp-foto-divulgacao-e1745404670732.jpeg\" \/>\n\t<meta property=\"og:image:width\" content=\"1280\" \/>\n\t<meta property=\"og:image:height\" content=\"717\" \/>\n\t<meta property=\"og:image:type\" content=\"image\/jpeg\" \/>\n<meta name=\"author\" content=\"Ag\u00eancia iNFRA\" \/>\n<meta name=\"twitter:card\" content=\"summary_large_image\" \/>\n<meta name=\"twitter:creator\" content=\"@agencia_infra\" \/>\n<meta name=\"twitter:site\" content=\"@agencia_infra\" \/>\n<meta name=\"twitter:label1\" content=\"Escrito por\" \/>\n\t<meta name=\"twitter:data1\" content=\"Ag\u00eancia iNFRA\" \/>\n\t<meta name=\"twitter:label2\" content=\"Est. tempo de leitura\" \/>\n\t<meta name=\"twitter:data2\" content=\"1 minuto\" \/>\n<script type=\"application\/ld+json\" class=\"yoast-schema-graph\">{\"@context\":\"https:\/\/schema.org\",\"@graph\":[{\"@type\":\"Article\",\"@id\":\"https:\/\/agenciainfra.com\/blog\/tcu-da-aval-para-renovacao-da-concessao-da-edp-espirito-santo\/#article\",\"isPartOf\":{\"@id\":\"https:\/\/agenciainfra.com\/blog\/tcu-da-aval-para-renovacao-da-concessao-da-edp-espirito-santo\/\"},\"author\":{\"name\":\"Ag\u00eancia iNFRA\",\"@id\":\"https:\/\/agenciainfra.com\/blog\/#\/schema\/person\/34af08dff6adea4cb22b06612ba7acfa\"},\"headline\":\"TCU d\u00e1 aval para renova\u00e7\u00e3o da concess\u00e3o da EDP Esp\u00edrito Santo\",\"datePublished\":\"2025-07-09T18:52:39+00:00\",\"dateModified\":\"2025-07-10T21:30:51+00:00\",\"mainEntityOfPage\":{\"@id\":\"https:\/\/agenciainfra.com\/blog\/tcu-da-aval-para-renovacao-da-concessao-da-edp-espirito-santo\/\"},\"wordCount\":296,\"publisher\":{\"@id\":\"https:\/\/agenciainfra.com\/blog\/#organization\"},\"image\":{\"@id\":\"https:\/\/agenciainfra.com\/blog\/tcu-da-aval-para-renovacao-da-concessao-da-edp-espirito-santo\/#primaryimage\"},\"thumbnailUrl\":\"https:\/\/agenciainfra.com\/blog\/wp-content\/uploads\/2025\/04\/sede-edp-foto-divulgacao-e1745404670732.jpeg\",\"keywords\":[\"Ag\u00eancia Nacional de Energia El\u00e9trica\",\"ANEEL\",\"EDP\",\"EDP Esp\u00edrito Santo\",\"Geraldo Campos Jr.\",\"Lais Carregosa\",\"Marisa Wanzeller\",\"Minist\u00e9rio de Minas de Energia\",\"MME\",\"renova\u00e7\u00e3o da EDP ES\",\"Renova\u00e7\u00e3o das distribuidoras\",\"TCU\",\"Tribunal de Contas da Uni\u00e3o\",\"Walton Alencar\"],\"articleSection\":[\"Geral\",\"iNFRAEnergia\"],\"inLanguage\":\"pt-BR\",\"copyrightYear\":\"2025\",\"copyrightHolder\":{\"@id\":\"https:\/\/agenciainfra.com\/blog\/#organization\"}},{\"@type\":\"WebPage\",\"@id\":\"https:\/\/agenciainfra.com\/blog\/tcu-da-aval-para-renovacao-da-concessao-da-edp-espirito-santo\/\",\"url\":\"https:\/\/agenciainfra.com\/blog\/tcu-da-aval-para-renovacao-da-concessao-da-edp-espirito-santo\/\",\"name\":\"TCU d\u00e1 aval para renova\u00e7\u00e3o da concess\u00e3o da EDP Esp\u00edrito Santo - Ag\u00eancia iNFRA\",\"isPartOf\":{\"@id\":\"https:\/\/agenciainfra.com\/blog\/#website\"},\"primaryImageOfPage\":{\"@id\":\"https:\/\/agenciainfra.com\/blog\/tcu-da-aval-para-renovacao-da-concessao-da-edp-espirito-santo\/#primaryimage\"},\"image\":{\"@id\":\"https:\/\/agenciainfra.com\/blog\/tcu-da-aval-para-renovacao-da-concessao-da-edp-espirito-santo\/#primaryimage\"},\"thumbnailUrl\":\"https:\/\/agenciainfra.com\/blog\/wp-content\/uploads\/2025\/04\/sede-edp-foto-divulgacao-e1745404670732.jpeg\",\"datePublished\":\"2025-07-09T18:52:39+00:00\",\"dateModified\":\"2025-07-10T21:30:51+00:00\",\"breadcrumb\":{\"@id\":\"https:\/\/agenciainfra.com\/blog\/tcu-da-aval-para-renovacao-da-concessao-da-edp-espirito-santo\/#breadcrumb\"},\"inLanguage\":\"pt-BR\",\"potentialAction\":[{\"@type\":\"ReadAction\",\"target\":[\"https:\/\/agenciainfra.com\/blog\/tcu-da-aval-para-renovacao-da-concessao-da-edp-espirito-santo\/\"]}]},{\"@type\":\"ImageObject\",\"inLanguage\":\"pt-BR\",\"@id\":\"https:\/\/agenciainfra.com\/blog\/tcu-da-aval-para-renovacao-da-concessao-da-edp-espirito-santo\/#primaryimage\",\"url\":\"https:\/\/agenciainfra.com\/blog\/wp-content\/uploads\/2025\/04\/sede-edp-foto-divulgacao-e1745404670732.jpeg\",\"contentUrl\":\"https:\/\/agenciainfra.com\/blog\/wp-content\/uploads\/2025\/04\/sede-edp-foto-divulgacao-e1745404670732.jpeg\",\"width\":1280,\"height\":717,\"caption\":\"Foto: EDP\"},{\"@type\":\"BreadcrumbList\",\"@id\":\"https:\/\/agenciainfra.com\/blog\/tcu-da-aval-para-renovacao-da-concessao-da-edp-espirito-santo\/#breadcrumb\",\"itemListElement\":[{\"@type\":\"ListItem\",\"position\":1,\"name\":\"In\u00edcio\",\"item\":\"https:\/\/agenciainfra.com\/blog\/\"},{\"@type\":\"ListItem\",\"position\":2,\"name\":\"TCU d\u00e1 aval para renova\u00e7\u00e3o da concess\u00e3o da EDP Esp\u00edrito Santo\"}]},{\"@type\":\"WebSite\",\"@id\":\"https:\/\/agenciainfra.com\/blog\/#website\",\"url\":\"https:\/\/agenciainfra.com\/blog\/\",\"name\":\"Ag\u00eancia iNFRA\",\"description\":\"Multiplataforma de informa\u00e7\u00e3o jornal\u00edstica refer\u00eancia na \u00e1rea de infraestrutura no Brasil!\",\"publisher\":{\"@id\":\"https:\/\/agenciainfra.com\/blog\/#organization\"},\"potentialAction\":[{\"@type\":\"SearchAction\",\"target\":{\"@type\":\"EntryPoint\",\"urlTemplate\":\"https:\/\/agenciainfra.com\/blog\/?s={search_term_string}\"},\"query-input\":{\"@type\":\"PropertyValueSpecification\",\"valueRequired\":true,\"valueName\":\"search_term_string\"}}],\"inLanguage\":\"pt-BR\"},{\"@type\":\"Organization\",\"@id\":\"https:\/\/agenciainfra.com\/blog\/#organization\",\"name\":\"Ag\u00eancia iNFRA\",\"url\":\"https:\/\/agenciainfra.com\/blog\/\",\"logo\":{\"@type\":\"ImageObject\",\"inLanguage\":\"pt-BR\",\"@id\":\"https:\/\/agenciainfra.com\/blog\/#\/schema\/logo\/image\/\",\"url\":\"https:\/\/agenciainfra.com\/blog\/wp-content\/uploads\/2023\/09\/iNFRA_5-e1761735885940.png\",\"contentUrl\":\"https:\/\/agenciainfra.com\/blog\/wp-content\/uploads\/2023\/09\/iNFRA_5-e1761735885940.png\",\"width\":1672,\"height\":454,\"caption\":\"Ag\u00eancia iNFRA\"},\"image\":{\"@id\":\"https:\/\/agenciainfra.com\/blog\/#\/schema\/logo\/image\/\"},\"sameAs\":[\"https:\/\/www.facebook.com\/ageninfra\",\"https:\/\/x.com\/agencia_infra\",\"https:\/\/www.linkedin.com\/company\/ag\u00eanciainfra\/\",\"https:\/\/www.instagram.com\/agenciainfra\/\"]},{\"@type\":\"Person\",\"@id\":\"https:\/\/agenciainfra.com\/blog\/#\/schema\/person\/34af08dff6adea4cb22b06612ba7acfa\",\"name\":\"Ag\u00eancia iNFRA\",\"image\":{\"@type\":\"ImageObject\",\"inLanguage\":\"pt-BR\",\"@id\":\"https:\/\/agenciainfra.com\/blog\/#\/schema\/person\/image\/\",\"url\":\"https:\/\/secure.gravatar.com\/avatar\/d189e01678f06d8eb84d4e01f08eb848b3fffe3f8443818d3c356c66892f5be8?s=96&d=mm&r=g\",\"contentUrl\":\"https:\/\/secure.gravatar.com\/avatar\/d189e01678f06d8eb84d4e01f08eb848b3fffe3f8443818d3c356c66892f5be8?s=96&d=mm&r=g\",\"caption\":\"Ag\u00eancia iNFRA\"},\"url\":\"https:\/\/agenciainfra.com\/blog\/author\/admin\/\"}]}<\/script>\n<!-- \/ Yoast SEO Premium plugin. -->","yoast_head_json":{"title":"TCU d\u00e1 aval para renova\u00e7\u00e3o da concess\u00e3o da EDP Esp\u00edrito Santo - Ag\u00eancia iNFRA","robots":{"index":"index","follow":"follow","max-snippet":"max-snippet:-1","max-image-preview":"max-image-preview:large","max-video-preview":"max-video-preview:-1"},"canonical":"https:\/\/agenciainfra.com\/blog\/tcu-da-aval-para-renovacao-da-concessao-da-edp-espirito-santo\/","og_locale":"pt_BR","og_type":"article","og_title":"TCU d\u00e1 aval para renova\u00e7\u00e3o da concess\u00e3o da EDP Esp\u00edrito Santo","og_description":"Geraldo Campos Jr., Marisa Wanzeller e Lais Carregosa, da Ag\u00eancia iNFRA O TCU (Tribunal de Contas da Uni\u00e3o) aprovou nesta quarta-feira (9) o prosseguimento do processo de renova\u00e7\u00e3o da concess\u00e3o da EDP Esp\u00edrito Santo. Segundo o relator do processo, ministro Walton Alencar, o MME (Minist\u00e9rio de Minas e Energia) e a ANEEL (Ag\u00eancia Nacional de [&hellip;]","og_url":"https:\/\/agenciainfra.com\/blog\/tcu-da-aval-para-renovacao-da-concessao-da-edp-espirito-santo\/","og_site_name":"Ag\u00eancia iNFRA","article_publisher":"https:\/\/www.facebook.com\/ageninfra","article_published_time":"2025-07-09T18:52:39+00:00","article_modified_time":"2025-07-10T21:30:51+00:00","og_image":[{"width":1280,"height":717,"url":"https:\/\/agenciainfra.com\/blog\/wp-content\/uploads\/2025\/04\/sede-edp-foto-divulgacao-e1745404670732.jpeg","type":"image\/jpeg"}],"author":"Ag\u00eancia iNFRA","twitter_card":"summary_large_image","twitter_creator":"@agencia_infra","twitter_site":"@agencia_infra","twitter_misc":{"Escrito por":"Ag\u00eancia iNFRA","Est. tempo de leitura":"1 minuto"},"schema":{"@context":"https:\/\/schema.org","@graph":[{"@type":"Article","@id":"https:\/\/agenciainfra.com\/blog\/tcu-da-aval-para-renovacao-da-concessao-da-edp-espirito-santo\/#article","isPartOf":{"@id":"https:\/\/agenciainfra.com\/blog\/tcu-da-aval-para-renovacao-da-concessao-da-edp-espirito-santo\/"},"author":{"name":"Ag\u00eancia iNFRA","@id":"https:\/\/agenciainfra.com\/blog\/#\/schema\/person\/34af08dff6adea4cb22b06612ba7acfa"},"headline":"TCU d\u00e1 aval para renova\u00e7\u00e3o da concess\u00e3o da EDP Esp\u00edrito Santo","datePublished":"2025-07-09T18:52:39+00:00","dateModified":"2025-07-10T21:30:51+00:00","mainEntityOfPage":{"@id":"https:\/\/agenciainfra.com\/blog\/tcu-da-aval-para-renovacao-da-concessao-da-edp-espirito-santo\/"},"wordCount":296,"publisher":{"@id":"https:\/\/agenciainfra.com\/blog\/#organization"},"image":{"@id":"https:\/\/agenciainfra.com\/blog\/tcu-da-aval-para-renovacao-da-concessao-da-edp-espirito-santo\/#primaryimage"},"thumbnailUrl":"https:\/\/agenciainfra.com\/blog\/wp-content\/uploads\/2025\/04\/sede-edp-foto-divulgacao-e1745404670732.jpeg","keywords":["Ag\u00eancia Nacional de Energia El\u00e9trica","ANEEL","EDP","EDP Esp\u00edrito Santo","Geraldo Campos Jr.","Lais Carregosa","Marisa Wanzeller","Minist\u00e9rio de Minas de Energia","MME","renova\u00e7\u00e3o da EDP ES","Renova\u00e7\u00e3o das distribuidoras","TCU","Tribunal de Contas da Uni\u00e3o","Walton Alencar"],"articleSection":["Geral","iNFRAEnergia"],"inLanguage":"pt-BR","copyrightYear":"2025","copyrightHolder":{"@id":"https:\/\/agenciainfra.com\/blog\/#organization"}},{"@type":"WebPage","@id":"https:\/\/agenciainfra.com\/blog\/tcu-da-aval-para-renovacao-da-concessao-da-edp-espirito-santo\/","url":"https:\/\/agenciainfra.com\/blog\/tcu-da-aval-para-renovacao-da-concessao-da-edp-espirito-santo\/","name":"TCU d\u00e1 aval para renova\u00e7\u00e3o da concess\u00e3o da EDP Esp\u00edrito Santo - Ag\u00eancia iNFRA","isPartOf":{"@id":"https:\/\/agenciainfra.com\/blog\/#website"},"primaryImageOfPage":{"@id":"https:\/\/agenciainfra.com\/blog\/tcu-da-aval-para-renovacao-da-concessao-da-edp-espirito-santo\/#primaryimage"},"image":{"@id":"https:\/\/agenciainfra.com\/blog\/tcu-da-aval-para-renovacao-da-concessao-da-edp-espirito-santo\/#primaryimage"},"thumbnailUrl":"https:\/\/agenciainfra.com\/blog\/wp-content\/uploads\/2025\/04\/sede-edp-foto-divulgacao-e1745404670732.jpeg","datePublished":"2025-07-09T18:52:39+00:00","dateModified":"2025-07-10T21:30:51+00:00","breadcrumb":{"@id":"https:\/\/agenciainfra.com\/blog\/tcu-da-aval-para-renovacao-da-concessao-da-edp-espirito-santo\/#breadcrumb"},"inLanguage":"pt-BR","potentialAction":[{"@type":"ReadAction","target":["https:\/\/agenciainfra.com\/blog\/tcu-da-aval-para-renovacao-da-concessao-da-edp-espirito-santo\/"]}]},{"@type":"ImageObject","inLanguage":"pt-BR","@id":"https:\/\/agenciainfra.com\/blog\/tcu-da-aval-para-renovacao-da-concessao-da-edp-espirito-santo\/#primaryimage","url":"https:\/\/agenciainfra.com\/blog\/wp-content\/uploads\/2025\/04\/sede-edp-foto-divulgacao-e1745404670732.jpeg","contentUrl":"https:\/\/agenciainfra.com\/blog\/wp-content\/uploads\/2025\/04\/sede-edp-foto-divulgacao-e1745404670732.jpeg","width":1280,"height":717,"caption":"Foto: EDP"},{"@type":"BreadcrumbList","@id":"https:\/\/agenciainfra.com\/blog\/tcu-da-aval-para-renovacao-da-concessao-da-edp-espirito-santo\/#breadcrumb","itemListElement":[{"@type":"ListItem","position":1,"name":"In\u00edcio","item":"https:\/\/agenciainfra.com\/blog\/"},{"@type":"ListItem","position":2,"name":"TCU d\u00e1 aval para renova\u00e7\u00e3o da concess\u00e3o da EDP Esp\u00edrito Santo"}]},{"@type":"WebSite","@id":"https:\/\/agenciainfra.com\/blog\/#website","url":"https:\/\/agenciainfra.com\/blog\/","name":"Ag\u00eancia iNFRA","description":"Multiplataforma de informa\u00e7\u00e3o jornal\u00edstica refer\u00eancia na \u00e1rea de infraestrutura no Brasil!","publisher":{"@id":"https:\/\/agenciainfra.com\/blog\/#organization"},"potentialAction":[{"@type":"SearchAction","target":{"@type":"EntryPoint","urlTemplate":"https:\/\/agenciainfra.com\/blog\/?s={search_term_string}"},"query-input":{"@type":"PropertyValueSpecification","valueRequired":true,"valueName":"search_term_string"}}],"inLanguage":"pt-BR"},{"@type":"Organization","@id":"https:\/\/agenciainfra.com\/blog\/#organization","name":"Ag\u00eancia iNFRA","url":"https:\/\/agenciainfra.com\/blog\/","logo":{"@type":"ImageObject","inLanguage":"pt-BR","@id":"https:\/\/agenciainfra.com\/blog\/#\/schema\/logo\/image\/","url":"https:\/\/agenciainfra.com\/blog\/wp-content\/uploads\/2023\/09\/iNFRA_5-e1761735885940.png","contentUrl":"https:\/\/agenciainfra.com\/blog\/wp-content\/uploads\/2023\/09\/iNFRA_5-e1761735885940.png","width":1672,"height":454,"caption":"Ag\u00eancia iNFRA"},"image":{"@id":"https:\/\/agenciainfra.com\/blog\/#\/schema\/logo\/image\/"},"sameAs":["https:\/\/www.facebook.com\/ageninfra","https:\/\/x.com\/agencia_infra","https:\/\/www.linkedin.com\/company\/ag\u00eanciainfra\/","https:\/\/www.instagram.com\/agenciainfra\/"]},{"@type":"Person","@id":"https:\/\/agenciainfra.com\/blog\/#\/schema\/person\/34af08dff6adea4cb22b06612ba7acfa","name":"Ag\u00eancia iNFRA","image":{"@type":"ImageObject","inLanguage":"pt-BR","@id":"https:\/\/agenciainfra.com\/blog\/#\/schema\/person\/image\/","url":"https:\/\/secure.gravatar.com\/avatar\/d189e01678f06d8eb84d4e01f08eb848b3fffe3f8443818d3c356c66892f5be8?s=96&d=mm&r=g","contentUrl":"https:\/\/secure.gravatar.com\/avatar\/d189e01678f06d8eb84d4e01f08eb848b3fffe3f8443818d3c356c66892f5be8?s=96&d=mm&r=g","caption":"Ag\u00eancia iNFRA"},"url":"https:\/\/agenciainfra.com\/blog\/author\/admin\/"}]}},"_links":{"self":[{"href":"https:\/\/agenciainfra.com\/blog\/wp-json\/wp\/v2\/posts\/24353","targetHints":{"allow":["GET"]}}],"collection":[{"href":"https:\/\/agenciainfra.com\/blog\/wp-json\/wp\/v2\/posts"}],"about":[{"href":"https:\/\/agenciainfra.com\/blog\/wp-json\/wp\/v2\/types\/post"}],"author":[{"embeddable":true,"href":"https:\/\/agenciainfra.com\/blog\/wp-json\/wp\/v2\/users\/1"}],"replies":[{"embeddable":true,"href":"https:\/\/agenciainfra.com\/blog\/wp-json\/wp\/v2\/comments?post=24353"}],"version-history":[{"count":1,"href":"https:\/\/agenciainfra.com\/blog\/wp-json\/wp\/v2\/posts\/24353\/revisions"}],"predecessor-version":[{"id":24354,"href":"https:\/\/agenciainfra.com\/blog\/wp-json\/wp\/v2\/posts\/24353\/revisions\/24354"}],"wp:featuredmedia":[{"embeddable":true,"href":"https:\/\/agenciainfra.com\/blog\/wp-json\/wp\/v2\/media\/21054"}],"wp:attachment":[{"href":"https:\/\/agenciainfra.com\/blog\/wp-json\/wp\/v2\/media?parent=24353"}],"wp:term":[{"taxonomy":"category","embeddable":true,"href":"https:\/\/agenciainfra.com\/blog\/wp-json\/wp\/v2\/categories?post=24353"},{"taxonomy":"post_tag","embeddable":true,"href":"https:\/\/agenciainfra.com\/blog\/wp-json\/wp\/v2\/tags?post=24353"}],"curies":[{"name":"wp","href":"https:\/\/api.w.org\/{rel}","templated":true}]}}