{"id":24356,"date":"2025-07-09T16:36:15","date_gmt":"2025-07-09T19:36:15","guid":{"rendered":"https:\/\/agenciainfra.com\/blog\/?p=24356"},"modified":"2025-07-11T07:58:31","modified_gmt":"2025-07-11T10:58:31","slug":"mme-ve-oportunidade-em-parcerias-com-paises-asiaticos-na-producao-de-minerais-criticos-diz-secretaria","status":"publish","type":"post","link":"https:\/\/agenciainfra.com\/blog\/mme-ve-oportunidade-em-parcerias-com-paises-asiaticos-na-producao-de-minerais-criticos-diz-secretaria\/","title":{"rendered":"MME v\u00ea oportunidade em parcerias com pa\u00edses asi\u00e1ticos na produ\u00e7\u00e3o de minerais cr\u00edticos, diz secret\u00e1ria"},"content":{"rendered":"\n<p class=\"has-text-align-right\"><strong>Rafael Bitencourt, da Ag\u00eancia iNFRA<\/strong><\/p>\n\n\n\n<p>A secret\u00e1ria de geologia, minera\u00e7\u00e3o e transforma\u00e7\u00e3o mineral do MME (Minist\u00e9rio de Minas e Energia), Ana Paula Bittencourt, afirmou nesta quarta-feira (9) que o governo enxerga como oportunidades a possibilidade de construir parcerias com pa\u00edses asi\u00e1ticos que concentram quase a totalidade da produ\u00e7\u00e3o mundial de minerais cr\u00edticos \u2014 produtos fortemente demandados pela ind\u00fastria de alta tecnologia e no processo de transi\u00e7\u00e3o energ\u00e9tica.<\/p>\n\n\n\n<p>\u201cPorque com a sensibilidade geopol\u00edtica que o assunto tomou, com essa concentra\u00e7\u00e3o nos pa\u00edses asi\u00e1ticos, o Brasil tem o privil\u00e9gio de herdar hoje uma pol\u00edtica internacional de parceria e muita amizade com todos os pa\u00edses. Ent\u00e3o, a concentra\u00e7\u00e3o nos pa\u00edses asi\u00e1ticos hoje, para n\u00f3s, \u00e9 vista como uma oportunidade porque somos amigos de todos\u201d, disse a secret\u00e1ria, durante audi\u00eancia p\u00fablica na Comiss\u00e3o de Minas e Energia da C\u00e2mara dos Deputados.<\/p>\n\n\n\n<p>A estrat\u00e9gia de buscar parceria com pa\u00edses asi\u00e1ticos vinha sendo considerada pelo governo, especialmente para obter colabora\u00e7\u00e3o nas fases de beneficiamento do min\u00e9rio extra\u00eddo do subsolo. Para a t\u00e9cnica do MME, o Brasil tem desafios que v\u00e3o do investimento em conhecimento geol\u00f3gico, para mapear as reservas minerais, at\u00e9 ao apoio do refino da produ\u00e7\u00e3o.<\/p>\n\n\n\n<p>\u201cQuando a gente est\u00e1 falando de minerais cr\u00edticos, consideramos um potencial hoje que n\u00f3s identificamos, por exemplo, em terras raras. Estamos em segundo no ranking de reservas, mas com um descasamento abissal entre esse potencial e a nossa efetiva produ\u00e7\u00e3o, que \u00e9 irris\u00f3ria\u201d, afirmou a secret\u00e1ria.<\/p>\n\n\n\n<p>Bittencourt relacionou o conjunto de iniciativas que o governo tem tomado para estimular o setor. Entre elas, a cria\u00e7\u00e3o do fundo gerido pelo BNDES (Banco Nacional de Desenvolvimento Econ\u00f4mico e Sustent\u00e1vel) e do PlanGEO (Plano Decenal de Mapeamento Geol\u00f3gico B\u00e1sico e Levantamento de Recursos Minerais).<\/p>\n\n\n\n<p><strong>Restri\u00e7\u00e3o fiscal<br><\/strong>A t\u00e9cnica do governo afirmou que os pa\u00edses com estrat\u00e9gias para diversificar a produ\u00e7\u00e3o mundial de minerais cr\u00edticos est\u00e3o criando algum tipo de benef\u00edcio para a ind\u00fastria. Isso, por\u00e9m, torna-se ainda mais desafiador para o Brasil, disse ela, se considerar cen\u00e1rio de \u201crestri\u00e7\u00e3o fiscal\u201d.<\/p>\n\n\n\n<p>\u201cOs pa\u00edses dispostos a fazer isso hoje est\u00e3o tendo que fazer pol\u00edticas de incentivos num cen\u00e1rio que, a gente sabe, hoje \u00e9 de uma restri\u00e7\u00e3o fiscal desafiadora para o nosso pa\u00eds\u201d, afirmou a secret\u00e1ria. Segundo ela, as sa\u00eddas buscadas pelo MME passam por intensificar \u201cdiscuss\u00f5es com, por exemplo, o Minist\u00e9rio da Fazenda, na busca de outros mecanismos de apoio\u201d.<\/p>\n\n\n\n<p><\/p>\n","protected":false},"excerpt":{"rendered":"<p>Rafael Bitencourt, da Ag\u00eancia iNFRA A secret\u00e1ria de geologia, minera\u00e7\u00e3o e transforma\u00e7\u00e3o mineral do MME (Minist\u00e9rio de Minas e Energia), Ana Paula Bittencourt, afirmou nesta quarta-feira (9) que o governo enxerga como oportunidades a possibilidade de construir parcerias com pa\u00edses asi\u00e1ticos que concentram quase a totalidade da produ\u00e7\u00e3o mundial de minerais cr\u00edticos \u2014 produtos fortemente [&hellip;]<\/p>\n","protected":false},"author":1,"featured_media":24104,"comment_status":"closed","ping_status":"closed","sticky":false,"template":"","format":"standard","meta":{"_monsterinsights_skip_tracking":false,"_monsterinsights_sitenote_active":false,"_monsterinsights_sitenote_note":"","_monsterinsights_sitenote_category":0,"footnotes":""},"categories":[7250,1,13239],"tags":[103,305,1018,1016,96,71,14260,13813],"class_list":["post-24356","post","type-post","status-publish","format-standard","has-post-thumbnail","hentry","category-destaque-lista","category-geral","category-mineracao","tag-bndes","tag-camara-dos-deputados","tag-cme","tag-comissao-de-minas-e-energia","tag-ministerio-de-minas-e-energia","tag-mme","tag-plangeo","tag-rafael-bitencourt"],"yoast_head":"<!-- This site is optimized with the Yoast SEO Premium plugin v25.4 (Yoast SEO v26.0) - https:\/\/yoast.com\/wordpress\/plugins\/seo\/ -->\n<title>MME v\u00ea oportunidade em parcerias com pa\u00edses asi\u00e1ticos na produ\u00e7\u00e3o de minerais cr\u00edticos, diz secret\u00e1ria - Ag\u00eancia iNFRA<\/title>\n<meta name=\"robots\" content=\"index, follow, max-snippet:-1, max-image-preview:large, max-video-preview:-1\" \/>\n<link rel=\"canonical\" href=\"https:\/\/agenciainfra.com\/blog\/mme-ve-oportunidade-em-parcerias-com-paises-asiaticos-na-producao-de-minerais-criticos-diz-secretaria\/\" \/>\n<meta property=\"og:locale\" content=\"pt_BR\" \/>\n<meta property=\"og:type\" content=\"article\" \/>\n<meta property=\"og:title\" content=\"MME v\u00ea oportunidade em parcerias com pa\u00edses asi\u00e1ticos na produ\u00e7\u00e3o de minerais cr\u00edticos, diz secret\u00e1ria\" \/>\n<meta property=\"og:description\" content=\"Rafael Bitencourt, da Ag\u00eancia iNFRA A secret\u00e1ria de geologia, minera\u00e7\u00e3o e transforma\u00e7\u00e3o mineral do MME (Minist\u00e9rio de Minas e Energia), Ana Paula Bittencourt, afirmou nesta quarta-feira (9) que o governo enxerga como oportunidades a possibilidade de construir parcerias com pa\u00edses asi\u00e1ticos que concentram quase a totalidade da produ\u00e7\u00e3o mundial de minerais cr\u00edticos \u2014 produtos fortemente [&hellip;]\" \/>\n<meta property=\"og:url\" content=\"https:\/\/agenciainfra.com\/blog\/mme-ve-oportunidade-em-parcerias-com-paises-asiaticos-na-producao-de-minerais-criticos-diz-secretaria\/\" \/>\n<meta property=\"og:site_name\" content=\"Ag\u00eancia iNFRA\" \/>\n<meta property=\"article:publisher\" content=\"https:\/\/www.facebook.com\/ageninfra\" \/>\n<meta property=\"article:published_time\" content=\"2025-07-09T19:36:15+00:00\" \/>\n<meta property=\"article:modified_time\" content=\"2025-07-11T10:58:31+00:00\" \/>\n<meta property=\"og:image\" content=\"https:\/\/agenciainfra.com\/blog\/wp-content\/uploads\/2025\/07\/ministerio-minas-energia-mme-foto-marcelo-camargo-agencia-brasil.jpg\" \/>\n\t<meta property=\"og:image:width\" content=\"1280\" \/>\n\t<meta property=\"og:image:height\" content=\"853\" \/>\n\t<meta property=\"og:image:type\" content=\"image\/jpeg\" \/>\n<meta name=\"author\" content=\"Ag\u00eancia iNFRA\" \/>\n<meta name=\"twitter:card\" content=\"summary_large_image\" \/>\n<meta name=\"twitter:creator\" content=\"@agencia_infra\" \/>\n<meta name=\"twitter:site\" content=\"@agencia_infra\" \/>\n<meta name=\"twitter:label1\" content=\"Escrito por\" \/>\n\t<meta name=\"twitter:data1\" content=\"Ag\u00eancia iNFRA\" \/>\n\t<meta name=\"twitter:label2\" content=\"Est. tempo de leitura\" \/>\n\t<meta name=\"twitter:data2\" content=\"2 minutos\" \/>\n<script type=\"application\/ld+json\" class=\"yoast-schema-graph\">{\"@context\":\"https:\/\/schema.org\",\"@graph\":[{\"@type\":\"Article\",\"@id\":\"https:\/\/agenciainfra.com\/blog\/mme-ve-oportunidade-em-parcerias-com-paises-asiaticos-na-producao-de-minerais-criticos-diz-secretaria\/#article\",\"isPartOf\":{\"@id\":\"https:\/\/agenciainfra.com\/blog\/mme-ve-oportunidade-em-parcerias-com-paises-asiaticos-na-producao-de-minerais-criticos-diz-secretaria\/\"},\"author\":{\"name\":\"Ag\u00eancia iNFRA\",\"@id\":\"https:\/\/agenciainfra.com\/blog\/#\/schema\/person\/34af08dff6adea4cb22b06612ba7acfa\"},\"headline\":\"MME v\u00ea oportunidade em parcerias com pa\u00edses asi\u00e1ticos na produ\u00e7\u00e3o de minerais cr\u00edticos, diz secret\u00e1ria\",\"datePublished\":\"2025-07-09T19:36:15+00:00\",\"dateModified\":\"2025-07-11T10:58:31+00:00\",\"mainEntityOfPage\":{\"@id\":\"https:\/\/agenciainfra.com\/blog\/mme-ve-oportunidade-em-parcerias-com-paises-asiaticos-na-producao-de-minerais-criticos-diz-secretaria\/\"},\"wordCount\":473,\"publisher\":{\"@id\":\"https:\/\/agenciainfra.com\/blog\/#organization\"},\"image\":{\"@id\":\"https:\/\/agenciainfra.com\/blog\/mme-ve-oportunidade-em-parcerias-com-paises-asiaticos-na-producao-de-minerais-criticos-diz-secretaria\/#primaryimage\"},\"thumbnailUrl\":\"https:\/\/agenciainfra.com\/blog\/wp-content\/uploads\/2025\/07\/ministerio-minas-energia-mme-foto-marcelo-camargo-agencia-brasil.jpg\",\"keywords\":[\"BNDES\",\"C\u00e2mara dos Deputados\",\"CME\",\"Comiss\u00e3o de Minas e Energia\",\"Minist\u00e9rio de Minas e Energia\",\"MME\",\"PlanGEO\",\"Rafael Bitencourt\"],\"articleSection\":[\"Destaque lista\",\"Geral\",\"Minera\u00e7\u00e3o\"],\"inLanguage\":\"pt-BR\",\"copyrightYear\":\"2025\",\"copyrightHolder\":{\"@id\":\"https:\/\/agenciainfra.com\/blog\/#organization\"}},{\"@type\":\"WebPage\",\"@id\":\"https:\/\/agenciainfra.com\/blog\/mme-ve-oportunidade-em-parcerias-com-paises-asiaticos-na-producao-de-minerais-criticos-diz-secretaria\/\",\"url\":\"https:\/\/agenciainfra.com\/blog\/mme-ve-oportunidade-em-parcerias-com-paises-asiaticos-na-producao-de-minerais-criticos-diz-secretaria\/\",\"name\":\"MME v\u00ea oportunidade em parcerias com pa\u00edses asi\u00e1ticos na produ\u00e7\u00e3o de minerais cr\u00edticos, diz secret\u00e1ria - Ag\u00eancia iNFRA\",\"isPartOf\":{\"@id\":\"https:\/\/agenciainfra.com\/blog\/#website\"},\"primaryImageOfPage\":{\"@id\":\"https:\/\/agenciainfra.com\/blog\/mme-ve-oportunidade-em-parcerias-com-paises-asiaticos-na-producao-de-minerais-criticos-diz-secretaria\/#primaryimage\"},\"image\":{\"@id\":\"https:\/\/agenciainfra.com\/blog\/mme-ve-oportunidade-em-parcerias-com-paises-asiaticos-na-producao-de-minerais-criticos-diz-secretaria\/#primaryimage\"},\"thumbnailUrl\":\"https:\/\/agenciainfra.com\/blog\/wp-content\/uploads\/2025\/07\/ministerio-minas-energia-mme-foto-marcelo-camargo-agencia-brasil.jpg\",\"datePublished\":\"2025-07-09T19:36:15+00:00\",\"dateModified\":\"2025-07-11T10:58:31+00:00\",\"breadcrumb\":{\"@id\":\"https:\/\/agenciainfra.com\/blog\/mme-ve-oportunidade-em-parcerias-com-paises-asiaticos-na-producao-de-minerais-criticos-diz-secretaria\/#breadcrumb\"},\"inLanguage\":\"pt-BR\",\"potentialAction\":[{\"@type\":\"ReadAction\",\"target\":[\"https:\/\/agenciainfra.com\/blog\/mme-ve-oportunidade-em-parcerias-com-paises-asiaticos-na-producao-de-minerais-criticos-diz-secretaria\/\"]}]},{\"@type\":\"ImageObject\",\"inLanguage\":\"pt-BR\",\"@id\":\"https:\/\/agenciainfra.com\/blog\/mme-ve-oportunidade-em-parcerias-com-paises-asiaticos-na-producao-de-minerais-criticos-diz-secretaria\/#primaryimage\",\"url\":\"https:\/\/agenciainfra.com\/blog\/wp-content\/uploads\/2025\/07\/ministerio-minas-energia-mme-foto-marcelo-camargo-agencia-brasil.jpg\",\"contentUrl\":\"https:\/\/agenciainfra.com\/blog\/wp-content\/uploads\/2025\/07\/ministerio-minas-energia-mme-foto-marcelo-camargo-agencia-brasil.jpg\",\"width\":1280,\"height\":853,\"caption\":\"Foto: Marcelo Camargo\/Ag\u00eancia Brasil\"},{\"@type\":\"BreadcrumbList\",\"@id\":\"https:\/\/agenciainfra.com\/blog\/mme-ve-oportunidade-em-parcerias-com-paises-asiaticos-na-producao-de-minerais-criticos-diz-secretaria\/#breadcrumb\",\"itemListElement\":[{\"@type\":\"ListItem\",\"position\":1,\"name\":\"In\u00edcio\",\"item\":\"https:\/\/agenciainfra.com\/blog\/\"},{\"@type\":\"ListItem\",\"position\":2,\"name\":\"MME v\u00ea oportunidade em parcerias com pa\u00edses asi\u00e1ticos na produ\u00e7\u00e3o de minerais cr\u00edticos, diz secret\u00e1ria\"}]},{\"@type\":\"WebSite\",\"@id\":\"https:\/\/agenciainfra.com\/blog\/#website\",\"url\":\"https:\/\/agenciainfra.com\/blog\/\",\"name\":\"Ag\u00eancia iNFRA\",\"description\":\"Multiplataforma de informa\u00e7\u00e3o jornal\u00edstica refer\u00eancia na \u00e1rea de infraestrutura no Brasil!\",\"publisher\":{\"@id\":\"https:\/\/agenciainfra.com\/blog\/#organization\"},\"potentialAction\":[{\"@type\":\"SearchAction\",\"target\":{\"@type\":\"EntryPoint\",\"urlTemplate\":\"https:\/\/agenciainfra.com\/blog\/?s={search_term_string}\"},\"query-input\":{\"@type\":\"PropertyValueSpecification\",\"valueRequired\":true,\"valueName\":\"search_term_string\"}}],\"inLanguage\":\"pt-BR\"},{\"@type\":\"Organization\",\"@id\":\"https:\/\/agenciainfra.com\/blog\/#organization\",\"name\":\"Ag\u00eancia iNFRA\",\"url\":\"https:\/\/agenciainfra.com\/blog\/\",\"logo\":{\"@type\":\"ImageObject\",\"inLanguage\":\"pt-BR\",\"@id\":\"https:\/\/agenciainfra.com\/blog\/#\/schema\/logo\/image\/\",\"url\":\"https:\/\/agenciainfra.com\/blog\/wp-content\/uploads\/2023\/09\/iNFRA_5-e1761735885940.png\",\"contentUrl\":\"https:\/\/agenciainfra.com\/blog\/wp-content\/uploads\/2023\/09\/iNFRA_5-e1761735885940.png\",\"width\":1672,\"height\":454,\"caption\":\"Ag\u00eancia iNFRA\"},\"image\":{\"@id\":\"https:\/\/agenciainfra.com\/blog\/#\/schema\/logo\/image\/\"},\"sameAs\":[\"https:\/\/www.facebook.com\/ageninfra\",\"https:\/\/x.com\/agencia_infra\",\"https:\/\/www.linkedin.com\/company\/ag\u00eanciainfra\/\",\"https:\/\/www.instagram.com\/agenciainfra\/\"]},{\"@type\":\"Person\",\"@id\":\"https:\/\/agenciainfra.com\/blog\/#\/schema\/person\/34af08dff6adea4cb22b06612ba7acfa\",\"name\":\"Ag\u00eancia iNFRA\",\"image\":{\"@type\":\"ImageObject\",\"inLanguage\":\"pt-BR\",\"@id\":\"https:\/\/agenciainfra.com\/blog\/#\/schema\/person\/image\/\",\"url\":\"https:\/\/secure.gravatar.com\/avatar\/d189e01678f06d8eb84d4e01f08eb848b3fffe3f8443818d3c356c66892f5be8?s=96&d=mm&r=g\",\"contentUrl\":\"https:\/\/secure.gravatar.com\/avatar\/d189e01678f06d8eb84d4e01f08eb848b3fffe3f8443818d3c356c66892f5be8?s=96&d=mm&r=g\",\"caption\":\"Ag\u00eancia iNFRA\"},\"url\":\"https:\/\/agenciainfra.com\/blog\/author\/admin\/\"}]}<\/script>\n<!-- \/ Yoast SEO Premium plugin. -->","yoast_head_json":{"title":"MME v\u00ea oportunidade em parcerias com pa\u00edses asi\u00e1ticos na produ\u00e7\u00e3o de minerais cr\u00edticos, diz secret\u00e1ria - Ag\u00eancia iNFRA","robots":{"index":"index","follow":"follow","max-snippet":"max-snippet:-1","max-image-preview":"max-image-preview:large","max-video-preview":"max-video-preview:-1"},"canonical":"https:\/\/agenciainfra.com\/blog\/mme-ve-oportunidade-em-parcerias-com-paises-asiaticos-na-producao-de-minerais-criticos-diz-secretaria\/","og_locale":"pt_BR","og_type":"article","og_title":"MME v\u00ea oportunidade em parcerias com pa\u00edses asi\u00e1ticos na produ\u00e7\u00e3o de minerais cr\u00edticos, diz secret\u00e1ria","og_description":"Rafael Bitencourt, da Ag\u00eancia iNFRA A secret\u00e1ria de geologia, minera\u00e7\u00e3o e transforma\u00e7\u00e3o mineral do MME (Minist\u00e9rio de Minas e Energia), Ana Paula Bittencourt, afirmou nesta quarta-feira (9) que o governo enxerga como oportunidades a possibilidade de construir parcerias com pa\u00edses asi\u00e1ticos que concentram quase a totalidade da produ\u00e7\u00e3o mundial de minerais cr\u00edticos \u2014 produtos fortemente [&hellip;]","og_url":"https:\/\/agenciainfra.com\/blog\/mme-ve-oportunidade-em-parcerias-com-paises-asiaticos-na-producao-de-minerais-criticos-diz-secretaria\/","og_site_name":"Ag\u00eancia iNFRA","article_publisher":"https:\/\/www.facebook.com\/ageninfra","article_published_time":"2025-07-09T19:36:15+00:00","article_modified_time":"2025-07-11T10:58:31+00:00","og_image":[{"width":1280,"height":853,"url":"https:\/\/agenciainfra.com\/blog\/wp-content\/uploads\/2025\/07\/ministerio-minas-energia-mme-foto-marcelo-camargo-agencia-brasil.jpg","type":"image\/jpeg"}],"author":"Ag\u00eancia iNFRA","twitter_card":"summary_large_image","twitter_creator":"@agencia_infra","twitter_site":"@agencia_infra","twitter_misc":{"Escrito por":"Ag\u00eancia iNFRA","Est. tempo de leitura":"2 minutos"},"schema":{"@context":"https:\/\/schema.org","@graph":[{"@type":"Article","@id":"https:\/\/agenciainfra.com\/blog\/mme-ve-oportunidade-em-parcerias-com-paises-asiaticos-na-producao-de-minerais-criticos-diz-secretaria\/#article","isPartOf":{"@id":"https:\/\/agenciainfra.com\/blog\/mme-ve-oportunidade-em-parcerias-com-paises-asiaticos-na-producao-de-minerais-criticos-diz-secretaria\/"},"author":{"name":"Ag\u00eancia iNFRA","@id":"https:\/\/agenciainfra.com\/blog\/#\/schema\/person\/34af08dff6adea4cb22b06612ba7acfa"},"headline":"MME v\u00ea oportunidade em parcerias com pa\u00edses asi\u00e1ticos na produ\u00e7\u00e3o de minerais cr\u00edticos, diz secret\u00e1ria","datePublished":"2025-07-09T19:36:15+00:00","dateModified":"2025-07-11T10:58:31+00:00","mainEntityOfPage":{"@id":"https:\/\/agenciainfra.com\/blog\/mme-ve-oportunidade-em-parcerias-com-paises-asiaticos-na-producao-de-minerais-criticos-diz-secretaria\/"},"wordCount":473,"publisher":{"@id":"https:\/\/agenciainfra.com\/blog\/#organization"},"image":{"@id":"https:\/\/agenciainfra.com\/blog\/mme-ve-oportunidade-em-parcerias-com-paises-asiaticos-na-producao-de-minerais-criticos-diz-secretaria\/#primaryimage"},"thumbnailUrl":"https:\/\/agenciainfra.com\/blog\/wp-content\/uploads\/2025\/07\/ministerio-minas-energia-mme-foto-marcelo-camargo-agencia-brasil.jpg","keywords":["BNDES","C\u00e2mara dos Deputados","CME","Comiss\u00e3o de Minas e Energia","Minist\u00e9rio de Minas e Energia","MME","PlanGEO","Rafael Bitencourt"],"articleSection":["Destaque lista","Geral","Minera\u00e7\u00e3o"],"inLanguage":"pt-BR","copyrightYear":"2025","copyrightHolder":{"@id":"https:\/\/agenciainfra.com\/blog\/#organization"}},{"@type":"WebPage","@id":"https:\/\/agenciainfra.com\/blog\/mme-ve-oportunidade-em-parcerias-com-paises-asiaticos-na-producao-de-minerais-criticos-diz-secretaria\/","url":"https:\/\/agenciainfra.com\/blog\/mme-ve-oportunidade-em-parcerias-com-paises-asiaticos-na-producao-de-minerais-criticos-diz-secretaria\/","name":"MME v\u00ea oportunidade em parcerias com pa\u00edses asi\u00e1ticos na produ\u00e7\u00e3o de minerais cr\u00edticos, diz secret\u00e1ria - Ag\u00eancia iNFRA","isPartOf":{"@id":"https:\/\/agenciainfra.com\/blog\/#website"},"primaryImageOfPage":{"@id":"https:\/\/agenciainfra.com\/blog\/mme-ve-oportunidade-em-parcerias-com-paises-asiaticos-na-producao-de-minerais-criticos-diz-secretaria\/#primaryimage"},"image":{"@id":"https:\/\/agenciainfra.com\/blog\/mme-ve-oportunidade-em-parcerias-com-paises-asiaticos-na-producao-de-minerais-criticos-diz-secretaria\/#primaryimage"},"thumbnailUrl":"https:\/\/agenciainfra.com\/blog\/wp-content\/uploads\/2025\/07\/ministerio-minas-energia-mme-foto-marcelo-camargo-agencia-brasil.jpg","datePublished":"2025-07-09T19:36:15+00:00","dateModified":"2025-07-11T10:58:31+00:00","breadcrumb":{"@id":"https:\/\/agenciainfra.com\/blog\/mme-ve-oportunidade-em-parcerias-com-paises-asiaticos-na-producao-de-minerais-criticos-diz-secretaria\/#breadcrumb"},"inLanguage":"pt-BR","potentialAction":[{"@type":"ReadAction","target":["https:\/\/agenciainfra.com\/blog\/mme-ve-oportunidade-em-parcerias-com-paises-asiaticos-na-producao-de-minerais-criticos-diz-secretaria\/"]}]},{"@type":"ImageObject","inLanguage":"pt-BR","@id":"https:\/\/agenciainfra.com\/blog\/mme-ve-oportunidade-em-parcerias-com-paises-asiaticos-na-producao-de-minerais-criticos-diz-secretaria\/#primaryimage","url":"https:\/\/agenciainfra.com\/blog\/wp-content\/uploads\/2025\/07\/ministerio-minas-energia-mme-foto-marcelo-camargo-agencia-brasil.jpg","contentUrl":"https:\/\/agenciainfra.com\/blog\/wp-content\/uploads\/2025\/07\/ministerio-minas-energia-mme-foto-marcelo-camargo-agencia-brasil.jpg","width":1280,"height":853,"caption":"Foto: Marcelo Camargo\/Ag\u00eancia Brasil"},{"@type":"BreadcrumbList","@id":"https:\/\/agenciainfra.com\/blog\/mme-ve-oportunidade-em-parcerias-com-paises-asiaticos-na-producao-de-minerais-criticos-diz-secretaria\/#breadcrumb","itemListElement":[{"@type":"ListItem","position":1,"name":"In\u00edcio","item":"https:\/\/agenciainfra.com\/blog\/"},{"@type":"ListItem","position":2,"name":"MME v\u00ea oportunidade em parcerias com pa\u00edses asi\u00e1ticos na produ\u00e7\u00e3o de minerais cr\u00edticos, diz secret\u00e1ria"}]},{"@type":"WebSite","@id":"https:\/\/agenciainfra.com\/blog\/#website","url":"https:\/\/agenciainfra.com\/blog\/","name":"Ag\u00eancia iNFRA","description":"Multiplataforma de informa\u00e7\u00e3o jornal\u00edstica refer\u00eancia na \u00e1rea de infraestrutura no Brasil!","publisher":{"@id":"https:\/\/agenciainfra.com\/blog\/#organization"},"potentialAction":[{"@type":"SearchAction","target":{"@type":"EntryPoint","urlTemplate":"https:\/\/agenciainfra.com\/blog\/?s={search_term_string}"},"query-input":{"@type":"PropertyValueSpecification","valueRequired":true,"valueName":"search_term_string"}}],"inLanguage":"pt-BR"},{"@type":"Organization","@id":"https:\/\/agenciainfra.com\/blog\/#organization","name":"Ag\u00eancia iNFRA","url":"https:\/\/agenciainfra.com\/blog\/","logo":{"@type":"ImageObject","inLanguage":"pt-BR","@id":"https:\/\/agenciainfra.com\/blog\/#\/schema\/logo\/image\/","url":"https:\/\/agenciainfra.com\/blog\/wp-content\/uploads\/2023\/09\/iNFRA_5-e1761735885940.png","contentUrl":"https:\/\/agenciainfra.com\/blog\/wp-content\/uploads\/2023\/09\/iNFRA_5-e1761735885940.png","width":1672,"height":454,"caption":"Ag\u00eancia iNFRA"},"image":{"@id":"https:\/\/agenciainfra.com\/blog\/#\/schema\/logo\/image\/"},"sameAs":["https:\/\/www.facebook.com\/ageninfra","https:\/\/x.com\/agencia_infra","https:\/\/www.linkedin.com\/company\/ag\u00eanciainfra\/","https:\/\/www.instagram.com\/agenciainfra\/"]},{"@type":"Person","@id":"https:\/\/agenciainfra.com\/blog\/#\/schema\/person\/34af08dff6adea4cb22b06612ba7acfa","name":"Ag\u00eancia iNFRA","image":{"@type":"ImageObject","inLanguage":"pt-BR","@id":"https:\/\/agenciainfra.com\/blog\/#\/schema\/person\/image\/","url":"https:\/\/secure.gravatar.com\/avatar\/d189e01678f06d8eb84d4e01f08eb848b3fffe3f8443818d3c356c66892f5be8?s=96&d=mm&r=g","contentUrl":"https:\/\/secure.gravatar.com\/avatar\/d189e01678f06d8eb84d4e01f08eb848b3fffe3f8443818d3c356c66892f5be8?s=96&d=mm&r=g","caption":"Ag\u00eancia iNFRA"},"url":"https:\/\/agenciainfra.com\/blog\/author\/admin\/"}]}},"_links":{"self":[{"href":"https:\/\/agenciainfra.com\/blog\/wp-json\/wp\/v2\/posts\/24356","targetHints":{"allow":["GET"]}}],"collection":[{"href":"https:\/\/agenciainfra.com\/blog\/wp-json\/wp\/v2\/posts"}],"about":[{"href":"https:\/\/agenciainfra.com\/blog\/wp-json\/wp\/v2\/types\/post"}],"author":[{"embeddable":true,"href":"https:\/\/agenciainfra.com\/blog\/wp-json\/wp\/v2\/users\/1"}],"replies":[{"embeddable":true,"href":"https:\/\/agenciainfra.com\/blog\/wp-json\/wp\/v2\/comments?post=24356"}],"version-history":[{"count":2,"href":"https:\/\/agenciainfra.com\/blog\/wp-json\/wp\/v2\/posts\/24356\/revisions"}],"predecessor-version":[{"id":24362,"href":"https:\/\/agenciainfra.com\/blog\/wp-json\/wp\/v2\/posts\/24356\/revisions\/24362"}],"wp:featuredmedia":[{"embeddable":true,"href":"https:\/\/agenciainfra.com\/blog\/wp-json\/wp\/v2\/media\/24104"}],"wp:attachment":[{"href":"https:\/\/agenciainfra.com\/blog\/wp-json\/wp\/v2\/media?parent=24356"}],"wp:term":[{"taxonomy":"category","embeddable":true,"href":"https:\/\/agenciainfra.com\/blog\/wp-json\/wp\/v2\/categories?post=24356"},{"taxonomy":"post_tag","embeddable":true,"href":"https:\/\/agenciainfra.com\/blog\/wp-json\/wp\/v2\/tags?post=24356"}],"curies":[{"name":"wp","href":"https:\/\/api.w.org\/{rel}","templated":true}]}}