{"id":24448,"date":"2025-07-10T21:57:24","date_gmt":"2025-07-11T00:57:24","guid":{"rendered":"https:\/\/agenciainfra.com\/blog\/?p=24448"},"modified":"2025-07-10T21:58:13","modified_gmt":"2025-07-11T00:58:13","slug":"movimentacao-nos-portos-brasileiros-bate-terceiro-recorde-consecutivo","status":"publish","type":"post","link":"https:\/\/agenciainfra.com\/blog\/movimentacao-nos-portos-brasileiros-bate-terceiro-recorde-consecutivo\/","title":{"rendered":"Movimenta\u00e7\u00e3o nos portos brasileiros bate terceiro recorde consecutivo"},"content":{"rendered":"\n<p class=\"has-text-align-right\"><strong>da Ag\u00eancia iNFRA<\/strong><\/p>\n\n\n\n<p>A movimenta\u00e7\u00e3o de cargas nos portos brasileiros atingiu um novo recorde em maio, com 118,4 milh\u00f5es de toneladas de cargas. Esse volume corresponde a um crescimento de 6,94% na compara\u00e7\u00e3o com o mesmo m\u00eas de 2024. Os dados s\u00e3o do Estat\u00edstico Aquavi\u00e1rio da ANTAQ (Ag\u00eancia Nacional de Transportes Aquavi\u00e1rios).<\/p>\n\n\n\n<p>Este foi o terceiro recorde consecutivo para a movimenta\u00e7\u00e3o total de cargas e tamb\u00e9m foi o maior volume de movimenta\u00e7\u00e3o para maio quando considerados os gran\u00e9is s\u00f3lidos e as cargas conteinerizadas. No primeiro caso, foram movimentadas 73,4 milh\u00f5es de toneladas de cargas, uma alta de 7,62% em rela\u00e7\u00e3o a maio de 2024. No segundo caso, foi registrado um avan\u00e7o de 5,15% (13 milh\u00f5es de toneladas, o que corresponde a 1,2 milh\u00e3o de TEUs).<\/p>\n\n\n\n<p>Gran\u00e9is l\u00edquidos movimentaram 26,5 milh\u00f5es de toneladas (+5,7%), e cargas gerais tiveram movimenta\u00e7\u00e3o de 5,4 milh\u00f5es de toneladas (+8,23%). Na divis\u00e3o percentual das mercadorias movimentadas, carv\u00e3o mineral se destaca, com crescimento de 26,78% (1,5 milh\u00e3o de toneladas de cargas). Fertilizantes apresentaram alta de 16,32% (3,8 milh\u00f5es de toneladas de cargas), e g\u00e1s de petr\u00f3leo subiu 16,31% (0,4 milh\u00e3o de toneladas de cargas).<\/p>\n\n\n\n<p>Segundo os dados da ANTAQ, a navega\u00e7\u00e3o de longo curso movimentou 85,6 milh\u00f5es de toneladas de cargas \u2013 alta de 7,61% na compara\u00e7\u00e3o com o mesmo per\u00edodo do ano anterior. J\u00e1 a cabotagem cresceu, em maio, 3,64%, com 24,6 milh\u00f5es de toneladas de cargas movimentadas. A navega\u00e7\u00e3o interior registrou 7,9 milh\u00f5es de toneladas de cargas: um crescimento de 11,41%.<\/p>\n\n\n\n<p>No recorte entre portos p\u00fablicos e privados, as marcas tamb\u00e9m atingiram a m\u00e1xima da s\u00e9rie hist\u00f3rica. Os portos p\u00fablicos movimentaram 42,3 milh\u00f5es de toneladas de cargas em maio de 2025, uma alta de 4,9% frente ao mesmo per\u00edodo do ano passado. Os terminais privados registraram movimenta\u00e7\u00e3o de 76,1 milh\u00f5es de toneladas de cargas, o que representa um aumento de 8,1% em rela\u00e7\u00e3o a maio de 2024.<\/p>\n","protected":false},"excerpt":{"rendered":"<p>da Ag\u00eancia iNFRA A movimenta\u00e7\u00e3o de cargas nos portos brasileiros atingiu um novo recorde em maio, com 118,4 milh\u00f5es de toneladas de cargas. Esse volume corresponde a um crescimento de 6,94% na compara\u00e7\u00e3o com o mesmo m\u00eas de 2024. Os dados s\u00e3o do Estat\u00edstico Aquavi\u00e1rio da ANTAQ (Ag\u00eancia Nacional de Transportes Aquavi\u00e1rios). Este foi o [&hellip;]<\/p>\n","protected":false},"author":1,"featured_media":7308,"comment_status":"closed","ping_status":"closed","sticky":false,"template":"","format":"standard","meta":{"_monsterinsights_skip_tracking":false,"_monsterinsights_sitenote_active":false,"_monsterinsights_sitenote_note":"","_monsterinsights_sitenote_category":0,"footnotes":""},"categories":[1,13576],"tags":[86,7439,3444,310,1059],"class_list":["post-24448","post","type-post","status-publish","format-standard","has-post-thumbnail","hentry","category-geral","category-giro-infra","tag-antaq","tag-estatistico-aquaviario","tag-movimentacao-de-cargas","tag-portos","tag-transporte-de-cargas"],"yoast_head":"<!-- This site is optimized with the Yoast SEO Premium plugin v25.4 (Yoast SEO v26.0) - https:\/\/yoast.com\/wordpress\/plugins\/seo\/ -->\n<title>Movimenta\u00e7\u00e3o nos portos brasileiros bate terceiro recorde consecutivo - Ag\u00eancia iNFRA<\/title>\n<meta name=\"robots\" content=\"index, follow, max-snippet:-1, max-image-preview:large, max-video-preview:-1\" \/>\n<link rel=\"canonical\" href=\"https:\/\/agenciainfra.com\/blog\/movimentacao-nos-portos-brasileiros-bate-terceiro-recorde-consecutivo\/\" \/>\n<meta property=\"og:locale\" content=\"pt_BR\" \/>\n<meta property=\"og:type\" content=\"article\" \/>\n<meta property=\"og:title\" content=\"Movimenta\u00e7\u00e3o nos portos brasileiros bate terceiro recorde consecutivo\" \/>\n<meta property=\"og:description\" content=\"da Ag\u00eancia iNFRA A movimenta\u00e7\u00e3o de cargas nos portos brasileiros atingiu um novo recorde em maio, com 118,4 milh\u00f5es de toneladas de cargas. Esse volume corresponde a um crescimento de 6,94% na compara\u00e7\u00e3o com o mesmo m\u00eas de 2024. Os dados s\u00e3o do Estat\u00edstico Aquavi\u00e1rio da ANTAQ (Ag\u00eancia Nacional de Transportes Aquavi\u00e1rios). Este foi o [&hellip;]\" \/>\n<meta property=\"og:url\" content=\"https:\/\/agenciainfra.com\/blog\/movimentacao-nos-portos-brasileiros-bate-terceiro-recorde-consecutivo\/\" \/>\n<meta property=\"og:site_name\" content=\"Ag\u00eancia iNFRA\" \/>\n<meta property=\"article:publisher\" content=\"https:\/\/www.facebook.com\/ageninfra\" \/>\n<meta property=\"article:published_time\" content=\"2025-07-11T00:57:24+00:00\" \/>\n<meta property=\"article:modified_time\" content=\"2025-07-11T00:58:13+00:00\" \/>\n<meta property=\"og:image\" content=\"https:\/\/agenciainfra.com\/blog\/wp-content\/uploads\/2021\/05\/porto-foto-claudio-neves-portos-do-parana.jpeg\" \/>\n\t<meta property=\"og:image:width\" content=\"1280\" \/>\n\t<meta property=\"og:image:height\" content=\"852\" \/>\n\t<meta property=\"og:image:type\" content=\"image\/jpeg\" \/>\n<meta name=\"author\" content=\"Ag\u00eancia iNFRA\" \/>\n<meta name=\"twitter:card\" content=\"summary_large_image\" \/>\n<meta name=\"twitter:creator\" content=\"@agencia_infra\" \/>\n<meta name=\"twitter:site\" content=\"@agencia_infra\" \/>\n<meta name=\"twitter:label1\" content=\"Escrito por\" \/>\n\t<meta name=\"twitter:data1\" content=\"Ag\u00eancia iNFRA\" \/>\n\t<meta name=\"twitter:label2\" content=\"Est. tempo de leitura\" \/>\n\t<meta name=\"twitter:data2\" content=\"2 minutos\" \/>\n<script type=\"application\/ld+json\" class=\"yoast-schema-graph\">{\"@context\":\"https:\/\/schema.org\",\"@graph\":[{\"@type\":\"Article\",\"@id\":\"https:\/\/agenciainfra.com\/blog\/movimentacao-nos-portos-brasileiros-bate-terceiro-recorde-consecutivo\/#article\",\"isPartOf\":{\"@id\":\"https:\/\/agenciainfra.com\/blog\/movimentacao-nos-portos-brasileiros-bate-terceiro-recorde-consecutivo\/\"},\"author\":{\"name\":\"Ag\u00eancia iNFRA\",\"@id\":\"https:\/\/agenciainfra.com\/blog\/#\/schema\/person\/34af08dff6adea4cb22b06612ba7acfa\"},\"headline\":\"Movimenta\u00e7\u00e3o nos portos brasileiros bate terceiro recorde consecutivo\",\"datePublished\":\"2025-07-11T00:57:24+00:00\",\"dateModified\":\"2025-07-11T00:58:13+00:00\",\"mainEntityOfPage\":{\"@id\":\"https:\/\/agenciainfra.com\/blog\/movimentacao-nos-portos-brasileiros-bate-terceiro-recorde-consecutivo\/\"},\"wordCount\":339,\"publisher\":{\"@id\":\"https:\/\/agenciainfra.com\/blog\/#organization\"},\"image\":{\"@id\":\"https:\/\/agenciainfra.com\/blog\/movimentacao-nos-portos-brasileiros-bate-terceiro-recorde-consecutivo\/#primaryimage\"},\"thumbnailUrl\":\"https:\/\/agenciainfra.com\/blog\/wp-content\/uploads\/2021\/05\/porto-foto-claudio-neves-portos-do-parana.jpeg\",\"keywords\":[\"ANTAQ\",\"Estat\u00edstico aquavi\u00e1rio\",\"movimenta\u00e7\u00e3o de cargas\",\"portos\",\"transporte de cargas\"],\"articleSection\":[\"Geral\",\"Giro iNFRA\"],\"inLanguage\":\"pt-BR\",\"copyrightYear\":\"2025\",\"copyrightHolder\":{\"@id\":\"https:\/\/agenciainfra.com\/blog\/#organization\"}},{\"@type\":\"WebPage\",\"@id\":\"https:\/\/agenciainfra.com\/blog\/movimentacao-nos-portos-brasileiros-bate-terceiro-recorde-consecutivo\/\",\"url\":\"https:\/\/agenciainfra.com\/blog\/movimentacao-nos-portos-brasileiros-bate-terceiro-recorde-consecutivo\/\",\"name\":\"Movimenta\u00e7\u00e3o nos portos brasileiros bate terceiro recorde consecutivo - Ag\u00eancia iNFRA\",\"isPartOf\":{\"@id\":\"https:\/\/agenciainfra.com\/blog\/#website\"},\"primaryImageOfPage\":{\"@id\":\"https:\/\/agenciainfra.com\/blog\/movimentacao-nos-portos-brasileiros-bate-terceiro-recorde-consecutivo\/#primaryimage\"},\"image\":{\"@id\":\"https:\/\/agenciainfra.com\/blog\/movimentacao-nos-portos-brasileiros-bate-terceiro-recorde-consecutivo\/#primaryimage\"},\"thumbnailUrl\":\"https:\/\/agenciainfra.com\/blog\/wp-content\/uploads\/2021\/05\/porto-foto-claudio-neves-portos-do-parana.jpeg\",\"datePublished\":\"2025-07-11T00:57:24+00:00\",\"dateModified\":\"2025-07-11T00:58:13+00:00\",\"breadcrumb\":{\"@id\":\"https:\/\/agenciainfra.com\/blog\/movimentacao-nos-portos-brasileiros-bate-terceiro-recorde-consecutivo\/#breadcrumb\"},\"inLanguage\":\"pt-BR\",\"potentialAction\":[{\"@type\":\"ReadAction\",\"target\":[\"https:\/\/agenciainfra.com\/blog\/movimentacao-nos-portos-brasileiros-bate-terceiro-recorde-consecutivo\/\"]}]},{\"@type\":\"ImageObject\",\"inLanguage\":\"pt-BR\",\"@id\":\"https:\/\/agenciainfra.com\/blog\/movimentacao-nos-portos-brasileiros-bate-terceiro-recorde-consecutivo\/#primaryimage\",\"url\":\"https:\/\/agenciainfra.com\/blog\/wp-content\/uploads\/2021\/05\/porto-foto-claudio-neves-portos-do-parana.jpeg\",\"contentUrl\":\"https:\/\/agenciainfra.com\/blog\/wp-content\/uploads\/2021\/05\/porto-foto-claudio-neves-portos-do-parana.jpeg\",\"width\":1280,\"height\":852,\"caption\":\"Foto: Cl\u00e1udio Neves\/Portos do Paran\u00e1\"},{\"@type\":\"BreadcrumbList\",\"@id\":\"https:\/\/agenciainfra.com\/blog\/movimentacao-nos-portos-brasileiros-bate-terceiro-recorde-consecutivo\/#breadcrumb\",\"itemListElement\":[{\"@type\":\"ListItem\",\"position\":1,\"name\":\"In\u00edcio\",\"item\":\"https:\/\/agenciainfra.com\/blog\/\"},{\"@type\":\"ListItem\",\"position\":2,\"name\":\"Movimenta\u00e7\u00e3o nos portos brasileiros bate terceiro recorde consecutivo\"}]},{\"@type\":\"WebSite\",\"@id\":\"https:\/\/agenciainfra.com\/blog\/#website\",\"url\":\"https:\/\/agenciainfra.com\/blog\/\",\"name\":\"Ag\u00eancia iNFRA\",\"description\":\"Multiplataforma de informa\u00e7\u00e3o jornal\u00edstica refer\u00eancia na \u00e1rea de infraestrutura no Brasil!\",\"publisher\":{\"@id\":\"https:\/\/agenciainfra.com\/blog\/#organization\"},\"potentialAction\":[{\"@type\":\"SearchAction\",\"target\":{\"@type\":\"EntryPoint\",\"urlTemplate\":\"https:\/\/agenciainfra.com\/blog\/?s={search_term_string}\"},\"query-input\":{\"@type\":\"PropertyValueSpecification\",\"valueRequired\":true,\"valueName\":\"search_term_string\"}}],\"inLanguage\":\"pt-BR\"},{\"@type\":\"Organization\",\"@id\":\"https:\/\/agenciainfra.com\/blog\/#organization\",\"name\":\"Ag\u00eancia iNFRA\",\"url\":\"https:\/\/agenciainfra.com\/blog\/\",\"logo\":{\"@type\":\"ImageObject\",\"inLanguage\":\"pt-BR\",\"@id\":\"https:\/\/agenciainfra.com\/blog\/#\/schema\/logo\/image\/\",\"url\":\"https:\/\/agenciainfra.com\/blog\/wp-content\/uploads\/2023\/09\/iNFRA_5-e1761735885940.png\",\"contentUrl\":\"https:\/\/agenciainfra.com\/blog\/wp-content\/uploads\/2023\/09\/iNFRA_5-e1761735885940.png\",\"width\":1672,\"height\":454,\"caption\":\"Ag\u00eancia iNFRA\"},\"image\":{\"@id\":\"https:\/\/agenciainfra.com\/blog\/#\/schema\/logo\/image\/\"},\"sameAs\":[\"https:\/\/www.facebook.com\/ageninfra\",\"https:\/\/x.com\/agencia_infra\",\"https:\/\/www.linkedin.com\/company\/ag\u00eanciainfra\/\",\"https:\/\/www.instagram.com\/agenciainfra\/\"]},{\"@type\":\"Person\",\"@id\":\"https:\/\/agenciainfra.com\/blog\/#\/schema\/person\/34af08dff6adea4cb22b06612ba7acfa\",\"name\":\"Ag\u00eancia iNFRA\",\"image\":{\"@type\":\"ImageObject\",\"inLanguage\":\"pt-BR\",\"@id\":\"https:\/\/agenciainfra.com\/blog\/#\/schema\/person\/image\/\",\"url\":\"https:\/\/secure.gravatar.com\/avatar\/d189e01678f06d8eb84d4e01f08eb848b3fffe3f8443818d3c356c66892f5be8?s=96&d=mm&r=g\",\"contentUrl\":\"https:\/\/secure.gravatar.com\/avatar\/d189e01678f06d8eb84d4e01f08eb848b3fffe3f8443818d3c356c66892f5be8?s=96&d=mm&r=g\",\"caption\":\"Ag\u00eancia iNFRA\"},\"url\":\"https:\/\/agenciainfra.com\/blog\/author\/admin\/\"}]}<\/script>\n<!-- \/ Yoast SEO Premium plugin. -->","yoast_head_json":{"title":"Movimenta\u00e7\u00e3o nos portos brasileiros bate terceiro recorde consecutivo - Ag\u00eancia iNFRA","robots":{"index":"index","follow":"follow","max-snippet":"max-snippet:-1","max-image-preview":"max-image-preview:large","max-video-preview":"max-video-preview:-1"},"canonical":"https:\/\/agenciainfra.com\/blog\/movimentacao-nos-portos-brasileiros-bate-terceiro-recorde-consecutivo\/","og_locale":"pt_BR","og_type":"article","og_title":"Movimenta\u00e7\u00e3o nos portos brasileiros bate terceiro recorde consecutivo","og_description":"da Ag\u00eancia iNFRA A movimenta\u00e7\u00e3o de cargas nos portos brasileiros atingiu um novo recorde em maio, com 118,4 milh\u00f5es de toneladas de cargas. Esse volume corresponde a um crescimento de 6,94% na compara\u00e7\u00e3o com o mesmo m\u00eas de 2024. Os dados s\u00e3o do Estat\u00edstico Aquavi\u00e1rio da ANTAQ (Ag\u00eancia Nacional de Transportes Aquavi\u00e1rios). Este foi o [&hellip;]","og_url":"https:\/\/agenciainfra.com\/blog\/movimentacao-nos-portos-brasileiros-bate-terceiro-recorde-consecutivo\/","og_site_name":"Ag\u00eancia iNFRA","article_publisher":"https:\/\/www.facebook.com\/ageninfra","article_published_time":"2025-07-11T00:57:24+00:00","article_modified_time":"2025-07-11T00:58:13+00:00","og_image":[{"width":1280,"height":852,"url":"https:\/\/agenciainfra.com\/blog\/wp-content\/uploads\/2021\/05\/porto-foto-claudio-neves-portos-do-parana.jpeg","type":"image\/jpeg"}],"author":"Ag\u00eancia iNFRA","twitter_card":"summary_large_image","twitter_creator":"@agencia_infra","twitter_site":"@agencia_infra","twitter_misc":{"Escrito por":"Ag\u00eancia iNFRA","Est. tempo de leitura":"2 minutos"},"schema":{"@context":"https:\/\/schema.org","@graph":[{"@type":"Article","@id":"https:\/\/agenciainfra.com\/blog\/movimentacao-nos-portos-brasileiros-bate-terceiro-recorde-consecutivo\/#article","isPartOf":{"@id":"https:\/\/agenciainfra.com\/blog\/movimentacao-nos-portos-brasileiros-bate-terceiro-recorde-consecutivo\/"},"author":{"name":"Ag\u00eancia iNFRA","@id":"https:\/\/agenciainfra.com\/blog\/#\/schema\/person\/34af08dff6adea4cb22b06612ba7acfa"},"headline":"Movimenta\u00e7\u00e3o nos portos brasileiros bate terceiro recorde consecutivo","datePublished":"2025-07-11T00:57:24+00:00","dateModified":"2025-07-11T00:58:13+00:00","mainEntityOfPage":{"@id":"https:\/\/agenciainfra.com\/blog\/movimentacao-nos-portos-brasileiros-bate-terceiro-recorde-consecutivo\/"},"wordCount":339,"publisher":{"@id":"https:\/\/agenciainfra.com\/blog\/#organization"},"image":{"@id":"https:\/\/agenciainfra.com\/blog\/movimentacao-nos-portos-brasileiros-bate-terceiro-recorde-consecutivo\/#primaryimage"},"thumbnailUrl":"https:\/\/agenciainfra.com\/blog\/wp-content\/uploads\/2021\/05\/porto-foto-claudio-neves-portos-do-parana.jpeg","keywords":["ANTAQ","Estat\u00edstico aquavi\u00e1rio","movimenta\u00e7\u00e3o de cargas","portos","transporte de cargas"],"articleSection":["Geral","Giro iNFRA"],"inLanguage":"pt-BR","copyrightYear":"2025","copyrightHolder":{"@id":"https:\/\/agenciainfra.com\/blog\/#organization"}},{"@type":"WebPage","@id":"https:\/\/agenciainfra.com\/blog\/movimentacao-nos-portos-brasileiros-bate-terceiro-recorde-consecutivo\/","url":"https:\/\/agenciainfra.com\/blog\/movimentacao-nos-portos-brasileiros-bate-terceiro-recorde-consecutivo\/","name":"Movimenta\u00e7\u00e3o nos portos brasileiros bate terceiro recorde consecutivo - Ag\u00eancia iNFRA","isPartOf":{"@id":"https:\/\/agenciainfra.com\/blog\/#website"},"primaryImageOfPage":{"@id":"https:\/\/agenciainfra.com\/blog\/movimentacao-nos-portos-brasileiros-bate-terceiro-recorde-consecutivo\/#primaryimage"},"image":{"@id":"https:\/\/agenciainfra.com\/blog\/movimentacao-nos-portos-brasileiros-bate-terceiro-recorde-consecutivo\/#primaryimage"},"thumbnailUrl":"https:\/\/agenciainfra.com\/blog\/wp-content\/uploads\/2021\/05\/porto-foto-claudio-neves-portos-do-parana.jpeg","datePublished":"2025-07-11T00:57:24+00:00","dateModified":"2025-07-11T00:58:13+00:00","breadcrumb":{"@id":"https:\/\/agenciainfra.com\/blog\/movimentacao-nos-portos-brasileiros-bate-terceiro-recorde-consecutivo\/#breadcrumb"},"inLanguage":"pt-BR","potentialAction":[{"@type":"ReadAction","target":["https:\/\/agenciainfra.com\/blog\/movimentacao-nos-portos-brasileiros-bate-terceiro-recorde-consecutivo\/"]}]},{"@type":"ImageObject","inLanguage":"pt-BR","@id":"https:\/\/agenciainfra.com\/blog\/movimentacao-nos-portos-brasileiros-bate-terceiro-recorde-consecutivo\/#primaryimage","url":"https:\/\/agenciainfra.com\/blog\/wp-content\/uploads\/2021\/05\/porto-foto-claudio-neves-portos-do-parana.jpeg","contentUrl":"https:\/\/agenciainfra.com\/blog\/wp-content\/uploads\/2021\/05\/porto-foto-claudio-neves-portos-do-parana.jpeg","width":1280,"height":852,"caption":"Foto: Cl\u00e1udio Neves\/Portos do Paran\u00e1"},{"@type":"BreadcrumbList","@id":"https:\/\/agenciainfra.com\/blog\/movimentacao-nos-portos-brasileiros-bate-terceiro-recorde-consecutivo\/#breadcrumb","itemListElement":[{"@type":"ListItem","position":1,"name":"In\u00edcio","item":"https:\/\/agenciainfra.com\/blog\/"},{"@type":"ListItem","position":2,"name":"Movimenta\u00e7\u00e3o nos portos brasileiros bate terceiro recorde consecutivo"}]},{"@type":"WebSite","@id":"https:\/\/agenciainfra.com\/blog\/#website","url":"https:\/\/agenciainfra.com\/blog\/","name":"Ag\u00eancia iNFRA","description":"Multiplataforma de informa\u00e7\u00e3o jornal\u00edstica refer\u00eancia na \u00e1rea de infraestrutura no Brasil!","publisher":{"@id":"https:\/\/agenciainfra.com\/blog\/#organization"},"potentialAction":[{"@type":"SearchAction","target":{"@type":"EntryPoint","urlTemplate":"https:\/\/agenciainfra.com\/blog\/?s={search_term_string}"},"query-input":{"@type":"PropertyValueSpecification","valueRequired":true,"valueName":"search_term_string"}}],"inLanguage":"pt-BR"},{"@type":"Organization","@id":"https:\/\/agenciainfra.com\/blog\/#organization","name":"Ag\u00eancia iNFRA","url":"https:\/\/agenciainfra.com\/blog\/","logo":{"@type":"ImageObject","inLanguage":"pt-BR","@id":"https:\/\/agenciainfra.com\/blog\/#\/schema\/logo\/image\/","url":"https:\/\/agenciainfra.com\/blog\/wp-content\/uploads\/2023\/09\/iNFRA_5-e1761735885940.png","contentUrl":"https:\/\/agenciainfra.com\/blog\/wp-content\/uploads\/2023\/09\/iNFRA_5-e1761735885940.png","width":1672,"height":454,"caption":"Ag\u00eancia iNFRA"},"image":{"@id":"https:\/\/agenciainfra.com\/blog\/#\/schema\/logo\/image\/"},"sameAs":["https:\/\/www.facebook.com\/ageninfra","https:\/\/x.com\/agencia_infra","https:\/\/www.linkedin.com\/company\/ag\u00eanciainfra\/","https:\/\/www.instagram.com\/agenciainfra\/"]},{"@type":"Person","@id":"https:\/\/agenciainfra.com\/blog\/#\/schema\/person\/34af08dff6adea4cb22b06612ba7acfa","name":"Ag\u00eancia iNFRA","image":{"@type":"ImageObject","inLanguage":"pt-BR","@id":"https:\/\/agenciainfra.com\/blog\/#\/schema\/person\/image\/","url":"https:\/\/secure.gravatar.com\/avatar\/d189e01678f06d8eb84d4e01f08eb848b3fffe3f8443818d3c356c66892f5be8?s=96&d=mm&r=g","contentUrl":"https:\/\/secure.gravatar.com\/avatar\/d189e01678f06d8eb84d4e01f08eb848b3fffe3f8443818d3c356c66892f5be8?s=96&d=mm&r=g","caption":"Ag\u00eancia iNFRA"},"url":"https:\/\/agenciainfra.com\/blog\/author\/admin\/"}]}},"_links":{"self":[{"href":"https:\/\/agenciainfra.com\/blog\/wp-json\/wp\/v2\/posts\/24448","targetHints":{"allow":["GET"]}}],"collection":[{"href":"https:\/\/agenciainfra.com\/blog\/wp-json\/wp\/v2\/posts"}],"about":[{"href":"https:\/\/agenciainfra.com\/blog\/wp-json\/wp\/v2\/types\/post"}],"author":[{"embeddable":true,"href":"https:\/\/agenciainfra.com\/blog\/wp-json\/wp\/v2\/users\/1"}],"replies":[{"embeddable":true,"href":"https:\/\/agenciainfra.com\/blog\/wp-json\/wp\/v2\/comments?post=24448"}],"version-history":[{"count":1,"href":"https:\/\/agenciainfra.com\/blog\/wp-json\/wp\/v2\/posts\/24448\/revisions"}],"predecessor-version":[{"id":24449,"href":"https:\/\/agenciainfra.com\/blog\/wp-json\/wp\/v2\/posts\/24448\/revisions\/24449"}],"wp:featuredmedia":[{"embeddable":true,"href":"https:\/\/agenciainfra.com\/blog\/wp-json\/wp\/v2\/media\/7308"}],"wp:attachment":[{"href":"https:\/\/agenciainfra.com\/blog\/wp-json\/wp\/v2\/media?parent=24448"}],"wp:term":[{"taxonomy":"category","embeddable":true,"href":"https:\/\/agenciainfra.com\/blog\/wp-json\/wp\/v2\/categories?post=24448"},{"taxonomy":"post_tag","embeddable":true,"href":"https:\/\/agenciainfra.com\/blog\/wp-json\/wp\/v2\/tags?post=24448"}],"curies":[{"name":"wp","href":"https:\/\/api.w.org\/{rel}","templated":true}]}}