{"id":24463,"date":"2025-07-14T08:00:00","date_gmt":"2025-07-14T11:00:00","guid":{"rendered":"https:\/\/agenciainfra.com\/blog\/?p=24463"},"modified":"2025-07-15T08:00:49","modified_gmt":"2025-07-15T11:00:49","slug":"brasil-propoe-biocombustiveis-na-descarbonizacao-maritima-em-alternativa-que-desperta-oposicoes-na-europa","status":"publish","type":"post","link":"https:\/\/agenciainfra.com\/blog\/brasil-propoe-biocombustiveis-na-descarbonizacao-maritima-em-alternativa-que-desperta-oposicoes-na-europa\/","title":{"rendered":"Brasil prop\u00f5e biocombust\u00edveis na descarboniza\u00e7\u00e3o mar\u00edtima, em alternativa que desperta oposi\u00e7\u00f5es na Europa"},"content":{"rendered":"\n<p class=\"has-text-align-right\"><strong>Mar\u00edlia Sena, da Ag\u00eancia iNFRA<\/strong><\/p>\n\n\n\n<p>O Brasil articula um acordo na IMO (Organiza\u00e7\u00e3o Mar\u00edtima Internacional), \u00f3rg\u00e3o da ONU (Organiza\u00e7\u00e3o das Na\u00e7\u00f5es Unidas), para promover o uso de biocombust\u00edveis como estrat\u00e9gia de descarboniza\u00e7\u00e3o da navega\u00e7\u00e3o. Ao lado de outros pa\u00edses em desenvolvimento, as autoridades brasileiras divergem da posi\u00e7\u00e3o da Europa, que defende o hidrog\u00eanio verde como principal solu\u00e7\u00e3o para a redu\u00e7\u00e3o das emiss\u00f5es de CO\u2082 no segmento.\u00a0<br><br>A Comiss\u00e3o Brasileira Coordenadora para os Assuntos da IMO prepara documentos t\u00e9cnicos e um workshop que ser\u00e3o apresentados na reuni\u00e3o de outubro, quando a proposta ser\u00e1 votada.\u00a0<br><br>Em abril, foi aprovada a cria\u00e7\u00e3o da primeira taxa internacional de carbono voltada a embarca\u00e7\u00f5es, com o objetivo de estimular um padr\u00e3o regulat\u00f3rio para reduzir as emiss\u00f5es no transporte mar\u00edtimo. No encontro de outubro, os pa\u00edses devem selar a previs\u00e3o da cobran\u00e7a, com implementa\u00e7\u00e3o a partir de 2027.\u00a0<br><br>Hoje, as articula\u00e7\u00f5es de autoridades brasileiras est\u00e3o focadas nos poss\u00edveis resultados dessa reuni\u00e3o. Elas enxergam nos biocombust\u00edveis uma oportunidade de fomentar a economia por meio da exporta\u00e7\u00e3o de soja. Al\u00e9m disso, o uso desse tipo de combust\u00edvel pode facilitar a transi\u00e7\u00e3o energ\u00e9tica n\u00e3o apenas para o Brasil, mas tamb\u00e9m para outros pa\u00edses em desenvolvimento.<br><br>O hidrog\u00eanio verde, por sua vez, \u00e9 visto como uma solu\u00e7\u00e3o de alto custo por algumas autoridades envolvidas nas negocia\u00e7\u00f5es. A avalia\u00e7\u00e3o brasileira \u00e9 de que a\u00a0Europa, principal defensora da medida, seria beneficiada com o uso de \u00e1gua e energia el\u00e9trica para abastecer os navios, mas pa\u00edses emergentes poderiam ser prejudicados.\u00a0<br><br>Embora o Brasil tenha grande potencial na produ\u00e7\u00e3o deste combust\u00edvel verde, o desenvolvimento em territ\u00f3rio nacional ainda \u00e9 embrion\u00e1rio, e desafiado pelo custo de investimentos e infraestrutura necess\u00e1ria. J\u00e1 o argumento europeu \u00e9 de que determinadas mat\u00e9rias-primas utilizadas na produ\u00e7\u00e3o de biocombust\u00edveis podem representar o aumento do desmatamento.\u00a0<br><br><strong>Biocombust\u00edveis ser\u00e3o considerados<\/strong><br>O assessor da comiss\u00e3o coordenadora para os assuntos da IMO, Flavio Haruo Mathuiy, explica que alguns pa\u00edses enxergam que os biocombust\u00edveis podem competir com a produ\u00e7\u00e3o de alimentos e n\u00e3o ser uma solu\u00e7\u00e3o sustent\u00e1vel. Para algumas realidades, segundo Mathuiy, a vis\u00e3o pode fazer sentido, j\u00e1 que a Europa tem mais de 30% do territ\u00f3rio ocupado pela floresta. J\u00e1 o Brasil possui menos de 8% do territ\u00f3rio de produ\u00e7\u00e3o agr\u00edcola. \u00a0<br><br>Singapura, por exemplo, j\u00e1 utiliza biocombust\u00edveis, os chamados \u2018uncooked oil\u2019, que s\u00e3o feitos de \u00f3leo de cozinha. Mas o Brasil tenta emplacar os biocombust\u00edveis de \u201cprimeira gera\u00e7\u00e3o\u201d. Para isso, a IMO estabeleceu um grupo de especialistas para verificar as rotas do produto, explicou o assessor. Al\u00e9m disso, a comitiva brasileira tamb\u00e9m encabe\u00e7ou um processo de certifica\u00e7\u00e3o para garantir a sustentabilidade do combust\u00edvel.<br><br>\u201cO que a gente defende \u00e9 o seguinte:\u00a0os biocombust\u00edveis podem ser bons ou ruins. Depende da forma como eles s\u00e3o produzidos e onde eles s\u00e3o produzidos.\u00a0Ent\u00e3o, \u00e9 isso que a gente est\u00e1\u00a0demonstrando\u201d, afirmou Mathuiy.<br><br>O representante do Brasil na IMO afirmou \u00e0\u00a0<strong>Ag\u00eancia iNFRA\u00a0<\/strong>que a expectativa \u00e9 boa para que os biocombust\u00edveis sejam considerados. No entanto, a dificuldade pode ser imposta na certifica\u00e7\u00e3o. Outra preocupa\u00e7\u00e3o \u00e9 a poss\u00edvel discrimina\u00e7\u00e3o a algumas mat\u00e9rias primas, como o \u00f3leo de palma, que nas \u00faltimas d\u00e9cadas acelerou o desmatamento nas florestas na \u00c1sia.<br><br><strong>Sem biocombust\u00edveis, setor de alimentos ser\u00e1 afetado<\/strong><br>A taxa internacional de carbono ser\u00e1 cobrada a partir de 2027, com in\u00edcio dos pagamentos previsto para 2028. A meta de reduzir em 50% as emiss\u00f5es de gases de efeito estufa no setor mar\u00edtimo at\u00e9 2035 \u2013 e zer\u00e1-las at\u00e9 2050 \u2013 pode representar um custo mais elevado para pa\u00edses emergentes, como o Brasil.\u00a0<br><br>Ainda assim, a CNI (Confedera\u00e7\u00e3o Nacional da Ind\u00fastria) avalia que essa \u00e9 uma medida relevante para impulsionar a transi\u00e7\u00e3o energ\u00e9tica global, considerando que mais de 80% do com\u00e9rcio mundial \u00e9 realizado por via mar\u00edtima, segundo a UNCTAD (Confer\u00eancia das Na\u00e7\u00f5es Unidas sobre Com\u00e9rcio e Desenvolvimento). No entanto, sem o uso de biocombust\u00edveis, o desafio pode ser ainda maior.<br><br>Especialistas da confedera\u00e7\u00e3o\u00a0estimam que sem os biocombust\u00edveis o com\u00e9rcio de gr\u00e3os pode ser extremamente impactado com os valores das taxas sendo repassados para os consumidores. Navios que transitam a longa dist\u00e2ncia podem ser prejudicados. \u201cSe a gente puder usar biocombust\u00edvel, \u00e9 uma oportunidade para o Brasil. Se n\u00e3o puder usar biocombust\u00edvel, vai ser ruim. Porque o biocombust\u00edvel \u00e9 um diferencial competitivo para n\u00f3s\u201d, afirmou o especialista em pol\u00edticas e ind\u00fastria na CNI, Danilo Severian da Silva.<br><br>Sem a flexibilidade dos biocombust\u00edveis, seria imposto \u201cum padr\u00e3o tecnol\u00f3gico que \u00e9 de dom\u00ednio europeu\u201d, avalia M\u00e1rcio Guerra Amorim, superintendente do observat\u00f3rio nacional da ind\u00fastria na CNI. \u201cEles [Europa] queriam que as frotas de navios se abastecessem exclusivamente com hidrog\u00eanio verde, metanol verde ou am\u00f4nia verde. No entanto, quem det\u00e9m as tecnologias de produ\u00e7\u00e3o desses combust\u00edveis n\u00e3o somos n\u00f3s. [&#8230;]\u201d, pontuou Amorim.<br><br><strong>Hidrog\u00eanio verde requer novas estruturas portu\u00e1rias<\/strong><br>Mathuiy n\u00e3o descarta que a produ\u00e7\u00e3o de hidrog\u00eanio verde no Brasil possa ser vantajosa ante o mercado internacional. Ele lembra de estudos que indicam que o Nordeste poderia produzir o hidrog\u00eanio verde mais barato do mundo.<br><br>No entanto, a tarefa ainda \u201cn\u00e3o \u00e9 f\u00e1cil\u201d, pois a produ\u00e7\u00e3o carece de novas infraestruturas, o que pode demandar do Brasil mais tempo para a adapta\u00e7\u00e3o de eventuais novas normas \u2013 o que, ao fim, pode encarecer mais o com\u00e9rcio nos portos. De acordo com ele, em alguns portos j\u00e1 existe infraestrutura necess\u00e1ria para o hidrog\u00eanio verde, mas a maioria requer adapta\u00e7\u00e3o.\u00a0<br><br>Na avalia\u00e7\u00e3o do representante do Brasil na IMO, n\u00e3o haver\u00e1 apenas um combust\u00edvel do futuro, e v\u00e1rias rotas devem surgir de acordo com a voca\u00e7\u00e3o de cada porto. Assim, os navios v\u00e3o se instalar conforme suas demandas. Todavia, os biocombust\u00edveis apresentam grandes vantagens devido ao tropim, processo de abastecimento das embarca\u00e7\u00f5es. No navio existente pode-se usar o biodiesel sem precisar de grandes modifica\u00e7\u00f5es, o que geraria economia nos abastecimentos.<br><br>\u201cO que a gente precisa fazer \u00e9 o nosso dever de casa: garantir que esses biocombust\u00edveis sejam sustent\u00e1veis, certificados e que eu consiga produzi-los.\u00a0O armador, que opera o navio, precisa ter a garantia de que, ao chegar ao porto, encontrar\u00e1 esse combust\u00edvel dispon\u00edvel \u2013 seja biodiesel, etanol ou hidrog\u00eanio a bordo. Isso tamb\u00e9m exigir\u00e1 uma adapta\u00e7\u00e3o, com investimentos em infraestrutura portu\u00e1ria\u201d, concluiu Mathuiy.<br><br><strong>Atua\u00e7\u00e3o do Congresso Nacional<\/strong><br>O Legislativo tamb\u00e9m tem demonstrado preocupa\u00e7\u00e3o com a quest\u00e3o. O senador Esperidi\u00e3o Amin (PP-SC) est\u00e1 propondo discuss\u00f5es na Casa para tratar dos poss\u00edveis impactos causados pelo n\u00e3o uso dos biocombust\u00edveis.<\/p>\n\n\n\n<p>No ano passado, a C\u00e2mara dos Deputados realizou audi\u00eancias p\u00fablicas para analisar as medidas propostas pela IMO. A audi\u00eancia p\u00fablica no Senado, por\u00e9m, ainda n\u00e3o tem data definida.<\/p>\n\n\n\n<p>Em abril, o deputado Arnaldo Jardim (Cidadania-SP) promoveu o semin\u00e1rio &#8220;Produ\u00e7\u00e3o dos Novos Combust\u00edveis Mar\u00edtimos&#8221;, na Comiss\u00e3o de Transi\u00e7\u00e3o Energ\u00e9tica. A expectativa \u00e9 realizar tamb\u00e9m uma a\u00e7\u00e3o sobre o tema com a FPPA (Frente Parlamentar de Portos e Aeroportos).<\/p>\n","protected":false},"excerpt":{"rendered":"<p>Mar\u00edlia Sena, da Ag\u00eancia iNFRA O Brasil articula um acordo na IMO (Organiza\u00e7\u00e3o Mar\u00edtima Internacional), \u00f3rg\u00e3o da ONU (Organiza\u00e7\u00e3o das Na\u00e7\u00f5es Unidas), para promover o uso de biocombust\u00edveis como estrat\u00e9gia de descarboniza\u00e7\u00e3o da navega\u00e7\u00e3o. Ao lado de outros pa\u00edses em desenvolvimento, as autoridades brasileiras divergem da posi\u00e7\u00e3o da Europa, que defende o hidrog\u00eanio verde como [&hellip;]<\/p>\n","protected":false},"author":1,"featured_media":8616,"comment_status":"closed","ping_status":"closed","sticky":false,"template":"","format":"standard","meta":{"_monsterinsights_skip_tracking":false,"_monsterinsights_sitenote_active":false,"_monsterinsights_sitenote_note":"","_monsterinsights_sitenote_category":0,"footnotes":""},"categories":[7250,1,2052],"tags":[2474,3361,14288,14290,4535,11654,14291,14289,2006],"class_list":["post-24463","post","type-post","status-publish","format-standard","has-post-thumbnail","hentry","category-destaque-lista","category-geral","category-infra-transicao","tag-biocombustiveis","tag-descarbonizacao","tag-descarbonizacao-maritima","tag-descarbonizacao-na-navegacao","tag-hidrogenio-verde","tag-marilia-sena","tag-navegacao-portuaria","tag-organizacao-maritima-internacional","tag-transicao-energetica"],"yoast_head":"<!-- This site is optimized with the Yoast SEO Premium plugin v25.4 (Yoast SEO v26.0) - https:\/\/yoast.com\/wordpress\/plugins\/seo\/ -->\n<title>Brasil prop\u00f5e biocombust\u00edveis na descarboniza\u00e7\u00e3o mar\u00edtima, em alternativa que desperta oposi\u00e7\u00f5es na Europa - Ag\u00eancia iNFRA<\/title>\n<meta name=\"robots\" content=\"index, follow, max-snippet:-1, max-image-preview:large, max-video-preview:-1\" \/>\n<link rel=\"canonical\" href=\"https:\/\/agenciainfra.com\/blog\/brasil-propoe-biocombustiveis-na-descarbonizacao-maritima-em-alternativa-que-desperta-oposicoes-na-europa\/\" \/>\n<meta property=\"og:locale\" content=\"pt_BR\" \/>\n<meta property=\"og:type\" content=\"article\" \/>\n<meta property=\"og:title\" content=\"Brasil prop\u00f5e biocombust\u00edveis na descarboniza\u00e7\u00e3o mar\u00edtima, em alternativa que desperta oposi\u00e7\u00f5es na Europa\" \/>\n<meta property=\"og:description\" content=\"Mar\u00edlia Sena, da Ag\u00eancia iNFRA O Brasil articula um acordo na IMO (Organiza\u00e7\u00e3o Mar\u00edtima Internacional), \u00f3rg\u00e3o da ONU (Organiza\u00e7\u00e3o das Na\u00e7\u00f5es Unidas), para promover o uso de biocombust\u00edveis como estrat\u00e9gia de descarboniza\u00e7\u00e3o da navega\u00e7\u00e3o. Ao lado de outros pa\u00edses em desenvolvimento, as autoridades brasileiras divergem da posi\u00e7\u00e3o da Europa, que defende o hidrog\u00eanio verde como [&hellip;]\" \/>\n<meta property=\"og:url\" content=\"https:\/\/agenciainfra.com\/blog\/brasil-propoe-biocombustiveis-na-descarbonizacao-maritima-em-alternativa-que-desperta-oposicoes-na-europa\/\" \/>\n<meta property=\"og:site_name\" content=\"Ag\u00eancia iNFRA\" \/>\n<meta property=\"article:publisher\" content=\"https:\/\/www.facebook.com\/ageninfra\" \/>\n<meta property=\"article:published_time\" content=\"2025-07-14T11:00:00+00:00\" \/>\n<meta property=\"article:modified_time\" content=\"2025-07-15T11:00:49+00:00\" \/>\n<meta property=\"og:image\" content=\"https:\/\/agenciainfra.com\/blog\/wp-content\/uploads\/2021\/10\/navio-foto-dominio-publico-e1752231057490.jpg\" \/>\n\t<meta property=\"og:image:width\" content=\"1280\" \/>\n\t<meta property=\"og:image:height\" content=\"757\" \/>\n\t<meta property=\"og:image:type\" content=\"image\/jpeg\" \/>\n<meta name=\"author\" content=\"Ag\u00eancia iNFRA\" \/>\n<meta name=\"twitter:card\" content=\"summary_large_image\" \/>\n<meta name=\"twitter:creator\" content=\"@agencia_infra\" \/>\n<meta name=\"twitter:site\" content=\"@agencia_infra\" \/>\n<meta name=\"twitter:label1\" content=\"Escrito por\" \/>\n\t<meta name=\"twitter:data1\" content=\"Ag\u00eancia iNFRA\" \/>\n\t<meta name=\"twitter:label2\" content=\"Est. tempo de leitura\" \/>\n\t<meta name=\"twitter:data2\" content=\"6 minutos\" \/>\n<script type=\"application\/ld+json\" class=\"yoast-schema-graph\">{\"@context\":\"https:\/\/schema.org\",\"@graph\":[{\"@type\":\"Article\",\"@id\":\"https:\/\/agenciainfra.com\/blog\/brasil-propoe-biocombustiveis-na-descarbonizacao-maritima-em-alternativa-que-desperta-oposicoes-na-europa\/#article\",\"isPartOf\":{\"@id\":\"https:\/\/agenciainfra.com\/blog\/brasil-propoe-biocombustiveis-na-descarbonizacao-maritima-em-alternativa-que-desperta-oposicoes-na-europa\/\"},\"author\":{\"name\":\"Ag\u00eancia iNFRA\",\"@id\":\"https:\/\/agenciainfra.com\/blog\/#\/schema\/person\/34af08dff6adea4cb22b06612ba7acfa\"},\"headline\":\"Brasil prop\u00f5e biocombust\u00edveis na descarboniza\u00e7\u00e3o mar\u00edtima, em alternativa que desperta oposi\u00e7\u00f5es na Europa\",\"datePublished\":\"2025-07-14T11:00:00+00:00\",\"dateModified\":\"2025-07-15T11:00:49+00:00\",\"mainEntityOfPage\":{\"@id\":\"https:\/\/agenciainfra.com\/blog\/brasil-propoe-biocombustiveis-na-descarbonizacao-maritima-em-alternativa-que-desperta-oposicoes-na-europa\/\"},\"wordCount\":1296,\"publisher\":{\"@id\":\"https:\/\/agenciainfra.com\/blog\/#organization\"},\"image\":{\"@id\":\"https:\/\/agenciainfra.com\/blog\/brasil-propoe-biocombustiveis-na-descarbonizacao-maritima-em-alternativa-que-desperta-oposicoes-na-europa\/#primaryimage\"},\"thumbnailUrl\":\"https:\/\/agenciainfra.com\/blog\/wp-content\/uploads\/2021\/10\/navio-foto-dominio-publico-e1752231057490.jpg\",\"keywords\":[\"biocombust\u00edveis\",\"Descarboniza\u00e7\u00e3o\",\"descarboniza\u00e7\u00e3o mar\u00edtima\",\"descarboniza\u00e7\u00e3o na navega\u00e7\u00e3o\",\"hidrog\u00eanio verde\",\"Mar\u00edlia Sena\",\"navega\u00e7\u00e3o portu\u00e1ria\",\"organiza\u00e7\u00e3o mar\u00edtima internacional\",\"transi\u00e7\u00e3o energ\u00e9tica\"],\"articleSection\":[\"Destaque lista\",\"Geral\",\"iNFRA Na Transi\u00e7\u00e3o\"],\"inLanguage\":\"pt-BR\",\"copyrightYear\":\"2025\",\"copyrightHolder\":{\"@id\":\"https:\/\/agenciainfra.com\/blog\/#organization\"}},{\"@type\":\"WebPage\",\"@id\":\"https:\/\/agenciainfra.com\/blog\/brasil-propoe-biocombustiveis-na-descarbonizacao-maritima-em-alternativa-que-desperta-oposicoes-na-europa\/\",\"url\":\"https:\/\/agenciainfra.com\/blog\/brasil-propoe-biocombustiveis-na-descarbonizacao-maritima-em-alternativa-que-desperta-oposicoes-na-europa\/\",\"name\":\"Brasil prop\u00f5e biocombust\u00edveis na descarboniza\u00e7\u00e3o mar\u00edtima, em alternativa que desperta oposi\u00e7\u00f5es na Europa - Ag\u00eancia iNFRA\",\"isPartOf\":{\"@id\":\"https:\/\/agenciainfra.com\/blog\/#website\"},\"primaryImageOfPage\":{\"@id\":\"https:\/\/agenciainfra.com\/blog\/brasil-propoe-biocombustiveis-na-descarbonizacao-maritima-em-alternativa-que-desperta-oposicoes-na-europa\/#primaryimage\"},\"image\":{\"@id\":\"https:\/\/agenciainfra.com\/blog\/brasil-propoe-biocombustiveis-na-descarbonizacao-maritima-em-alternativa-que-desperta-oposicoes-na-europa\/#primaryimage\"},\"thumbnailUrl\":\"https:\/\/agenciainfra.com\/blog\/wp-content\/uploads\/2021\/10\/navio-foto-dominio-publico-e1752231057490.jpg\",\"datePublished\":\"2025-07-14T11:00:00+00:00\",\"dateModified\":\"2025-07-15T11:00:49+00:00\",\"breadcrumb\":{\"@id\":\"https:\/\/agenciainfra.com\/blog\/brasil-propoe-biocombustiveis-na-descarbonizacao-maritima-em-alternativa-que-desperta-oposicoes-na-europa\/#breadcrumb\"},\"inLanguage\":\"pt-BR\",\"potentialAction\":[{\"@type\":\"ReadAction\",\"target\":[\"https:\/\/agenciainfra.com\/blog\/brasil-propoe-biocombustiveis-na-descarbonizacao-maritima-em-alternativa-que-desperta-oposicoes-na-europa\/\"]}]},{\"@type\":\"ImageObject\",\"inLanguage\":\"pt-BR\",\"@id\":\"https:\/\/agenciainfra.com\/blog\/brasil-propoe-biocombustiveis-na-descarbonizacao-maritima-em-alternativa-que-desperta-oposicoes-na-europa\/#primaryimage\",\"url\":\"https:\/\/agenciainfra.com\/blog\/wp-content\/uploads\/2021\/10\/navio-foto-dominio-publico-e1752231057490.jpg\",\"contentUrl\":\"https:\/\/agenciainfra.com\/blog\/wp-content\/uploads\/2021\/10\/navio-foto-dominio-publico-e1752231057490.jpg\",\"width\":1280,\"height\":757,\"caption\":\"Foto: Dom\u00ednio P\u00fablico\"},{\"@type\":\"BreadcrumbList\",\"@id\":\"https:\/\/agenciainfra.com\/blog\/brasil-propoe-biocombustiveis-na-descarbonizacao-maritima-em-alternativa-que-desperta-oposicoes-na-europa\/#breadcrumb\",\"itemListElement\":[{\"@type\":\"ListItem\",\"position\":1,\"name\":\"In\u00edcio\",\"item\":\"https:\/\/agenciainfra.com\/blog\/\"},{\"@type\":\"ListItem\",\"position\":2,\"name\":\"Brasil prop\u00f5e biocombust\u00edveis na descarboniza\u00e7\u00e3o mar\u00edtima, em alternativa que desperta oposi\u00e7\u00f5es na Europa\"}]},{\"@type\":\"WebSite\",\"@id\":\"https:\/\/agenciainfra.com\/blog\/#website\",\"url\":\"https:\/\/agenciainfra.com\/blog\/\",\"name\":\"Ag\u00eancia iNFRA\",\"description\":\"Multiplataforma de informa\u00e7\u00e3o jornal\u00edstica refer\u00eancia na \u00e1rea de infraestrutura no Brasil!\",\"publisher\":{\"@id\":\"https:\/\/agenciainfra.com\/blog\/#organization\"},\"potentialAction\":[{\"@type\":\"SearchAction\",\"target\":{\"@type\":\"EntryPoint\",\"urlTemplate\":\"https:\/\/agenciainfra.com\/blog\/?s={search_term_string}\"},\"query-input\":{\"@type\":\"PropertyValueSpecification\",\"valueRequired\":true,\"valueName\":\"search_term_string\"}}],\"inLanguage\":\"pt-BR\"},{\"@type\":\"Organization\",\"@id\":\"https:\/\/agenciainfra.com\/blog\/#organization\",\"name\":\"Ag\u00eancia iNFRA\",\"url\":\"https:\/\/agenciainfra.com\/blog\/\",\"logo\":{\"@type\":\"ImageObject\",\"inLanguage\":\"pt-BR\",\"@id\":\"https:\/\/agenciainfra.com\/blog\/#\/schema\/logo\/image\/\",\"url\":\"https:\/\/agenciainfra.com\/blog\/wp-content\/uploads\/2023\/09\/iNFRA_5-e1761735885940.png\",\"contentUrl\":\"https:\/\/agenciainfra.com\/blog\/wp-content\/uploads\/2023\/09\/iNFRA_5-e1761735885940.png\",\"width\":1672,\"height\":454,\"caption\":\"Ag\u00eancia iNFRA\"},\"image\":{\"@id\":\"https:\/\/agenciainfra.com\/blog\/#\/schema\/logo\/image\/\"},\"sameAs\":[\"https:\/\/www.facebook.com\/ageninfra\",\"https:\/\/x.com\/agencia_infra\",\"https:\/\/www.linkedin.com\/company\/ag\u00eanciainfra\/\",\"https:\/\/www.instagram.com\/agenciainfra\/\"]},{\"@type\":\"Person\",\"@id\":\"https:\/\/agenciainfra.com\/blog\/#\/schema\/person\/34af08dff6adea4cb22b06612ba7acfa\",\"name\":\"Ag\u00eancia iNFRA\",\"image\":{\"@type\":\"ImageObject\",\"inLanguage\":\"pt-BR\",\"@id\":\"https:\/\/agenciainfra.com\/blog\/#\/schema\/person\/image\/\",\"url\":\"https:\/\/secure.gravatar.com\/avatar\/d189e01678f06d8eb84d4e01f08eb848b3fffe3f8443818d3c356c66892f5be8?s=96&d=mm&r=g\",\"contentUrl\":\"https:\/\/secure.gravatar.com\/avatar\/d189e01678f06d8eb84d4e01f08eb848b3fffe3f8443818d3c356c66892f5be8?s=96&d=mm&r=g\",\"caption\":\"Ag\u00eancia iNFRA\"},\"url\":\"https:\/\/agenciainfra.com\/blog\/author\/admin\/\"}]}<\/script>\n<!-- \/ Yoast SEO Premium plugin. -->","yoast_head_json":{"title":"Brasil prop\u00f5e biocombust\u00edveis na descarboniza\u00e7\u00e3o mar\u00edtima, em alternativa que desperta oposi\u00e7\u00f5es na Europa - Ag\u00eancia iNFRA","robots":{"index":"index","follow":"follow","max-snippet":"max-snippet:-1","max-image-preview":"max-image-preview:large","max-video-preview":"max-video-preview:-1"},"canonical":"https:\/\/agenciainfra.com\/blog\/brasil-propoe-biocombustiveis-na-descarbonizacao-maritima-em-alternativa-que-desperta-oposicoes-na-europa\/","og_locale":"pt_BR","og_type":"article","og_title":"Brasil prop\u00f5e biocombust\u00edveis na descarboniza\u00e7\u00e3o mar\u00edtima, em alternativa que desperta oposi\u00e7\u00f5es na Europa","og_description":"Mar\u00edlia Sena, da Ag\u00eancia iNFRA O Brasil articula um acordo na IMO (Organiza\u00e7\u00e3o Mar\u00edtima Internacional), \u00f3rg\u00e3o da ONU (Organiza\u00e7\u00e3o das Na\u00e7\u00f5es Unidas), para promover o uso de biocombust\u00edveis como estrat\u00e9gia de descarboniza\u00e7\u00e3o da navega\u00e7\u00e3o. Ao lado de outros pa\u00edses em desenvolvimento, as autoridades brasileiras divergem da posi\u00e7\u00e3o da Europa, que defende o hidrog\u00eanio verde como [&hellip;]","og_url":"https:\/\/agenciainfra.com\/blog\/brasil-propoe-biocombustiveis-na-descarbonizacao-maritima-em-alternativa-que-desperta-oposicoes-na-europa\/","og_site_name":"Ag\u00eancia iNFRA","article_publisher":"https:\/\/www.facebook.com\/ageninfra","article_published_time":"2025-07-14T11:00:00+00:00","article_modified_time":"2025-07-15T11:00:49+00:00","og_image":[{"width":1280,"height":757,"url":"https:\/\/agenciainfra.com\/blog\/wp-content\/uploads\/2021\/10\/navio-foto-dominio-publico-e1752231057490.jpg","type":"image\/jpeg"}],"author":"Ag\u00eancia iNFRA","twitter_card":"summary_large_image","twitter_creator":"@agencia_infra","twitter_site":"@agencia_infra","twitter_misc":{"Escrito por":"Ag\u00eancia iNFRA","Est. tempo de leitura":"6 minutos"},"schema":{"@context":"https:\/\/schema.org","@graph":[{"@type":"Article","@id":"https:\/\/agenciainfra.com\/blog\/brasil-propoe-biocombustiveis-na-descarbonizacao-maritima-em-alternativa-que-desperta-oposicoes-na-europa\/#article","isPartOf":{"@id":"https:\/\/agenciainfra.com\/blog\/brasil-propoe-biocombustiveis-na-descarbonizacao-maritima-em-alternativa-que-desperta-oposicoes-na-europa\/"},"author":{"name":"Ag\u00eancia iNFRA","@id":"https:\/\/agenciainfra.com\/blog\/#\/schema\/person\/34af08dff6adea4cb22b06612ba7acfa"},"headline":"Brasil prop\u00f5e biocombust\u00edveis na descarboniza\u00e7\u00e3o mar\u00edtima, em alternativa que desperta oposi\u00e7\u00f5es na Europa","datePublished":"2025-07-14T11:00:00+00:00","dateModified":"2025-07-15T11:00:49+00:00","mainEntityOfPage":{"@id":"https:\/\/agenciainfra.com\/blog\/brasil-propoe-biocombustiveis-na-descarbonizacao-maritima-em-alternativa-que-desperta-oposicoes-na-europa\/"},"wordCount":1296,"publisher":{"@id":"https:\/\/agenciainfra.com\/blog\/#organization"},"image":{"@id":"https:\/\/agenciainfra.com\/blog\/brasil-propoe-biocombustiveis-na-descarbonizacao-maritima-em-alternativa-que-desperta-oposicoes-na-europa\/#primaryimage"},"thumbnailUrl":"https:\/\/agenciainfra.com\/blog\/wp-content\/uploads\/2021\/10\/navio-foto-dominio-publico-e1752231057490.jpg","keywords":["biocombust\u00edveis","Descarboniza\u00e7\u00e3o","descarboniza\u00e7\u00e3o mar\u00edtima","descarboniza\u00e7\u00e3o na navega\u00e7\u00e3o","hidrog\u00eanio verde","Mar\u00edlia Sena","navega\u00e7\u00e3o portu\u00e1ria","organiza\u00e7\u00e3o mar\u00edtima internacional","transi\u00e7\u00e3o energ\u00e9tica"],"articleSection":["Destaque lista","Geral","iNFRA Na Transi\u00e7\u00e3o"],"inLanguage":"pt-BR","copyrightYear":"2025","copyrightHolder":{"@id":"https:\/\/agenciainfra.com\/blog\/#organization"}},{"@type":"WebPage","@id":"https:\/\/agenciainfra.com\/blog\/brasil-propoe-biocombustiveis-na-descarbonizacao-maritima-em-alternativa-que-desperta-oposicoes-na-europa\/","url":"https:\/\/agenciainfra.com\/blog\/brasil-propoe-biocombustiveis-na-descarbonizacao-maritima-em-alternativa-que-desperta-oposicoes-na-europa\/","name":"Brasil prop\u00f5e biocombust\u00edveis na descarboniza\u00e7\u00e3o mar\u00edtima, em alternativa que desperta oposi\u00e7\u00f5es na Europa - Ag\u00eancia iNFRA","isPartOf":{"@id":"https:\/\/agenciainfra.com\/blog\/#website"},"primaryImageOfPage":{"@id":"https:\/\/agenciainfra.com\/blog\/brasil-propoe-biocombustiveis-na-descarbonizacao-maritima-em-alternativa-que-desperta-oposicoes-na-europa\/#primaryimage"},"image":{"@id":"https:\/\/agenciainfra.com\/blog\/brasil-propoe-biocombustiveis-na-descarbonizacao-maritima-em-alternativa-que-desperta-oposicoes-na-europa\/#primaryimage"},"thumbnailUrl":"https:\/\/agenciainfra.com\/blog\/wp-content\/uploads\/2021\/10\/navio-foto-dominio-publico-e1752231057490.jpg","datePublished":"2025-07-14T11:00:00+00:00","dateModified":"2025-07-15T11:00:49+00:00","breadcrumb":{"@id":"https:\/\/agenciainfra.com\/blog\/brasil-propoe-biocombustiveis-na-descarbonizacao-maritima-em-alternativa-que-desperta-oposicoes-na-europa\/#breadcrumb"},"inLanguage":"pt-BR","potentialAction":[{"@type":"ReadAction","target":["https:\/\/agenciainfra.com\/blog\/brasil-propoe-biocombustiveis-na-descarbonizacao-maritima-em-alternativa-que-desperta-oposicoes-na-europa\/"]}]},{"@type":"ImageObject","inLanguage":"pt-BR","@id":"https:\/\/agenciainfra.com\/blog\/brasil-propoe-biocombustiveis-na-descarbonizacao-maritima-em-alternativa-que-desperta-oposicoes-na-europa\/#primaryimage","url":"https:\/\/agenciainfra.com\/blog\/wp-content\/uploads\/2021\/10\/navio-foto-dominio-publico-e1752231057490.jpg","contentUrl":"https:\/\/agenciainfra.com\/blog\/wp-content\/uploads\/2021\/10\/navio-foto-dominio-publico-e1752231057490.jpg","width":1280,"height":757,"caption":"Foto: Dom\u00ednio P\u00fablico"},{"@type":"BreadcrumbList","@id":"https:\/\/agenciainfra.com\/blog\/brasil-propoe-biocombustiveis-na-descarbonizacao-maritima-em-alternativa-que-desperta-oposicoes-na-europa\/#breadcrumb","itemListElement":[{"@type":"ListItem","position":1,"name":"In\u00edcio","item":"https:\/\/agenciainfra.com\/blog\/"},{"@type":"ListItem","position":2,"name":"Brasil prop\u00f5e biocombust\u00edveis na descarboniza\u00e7\u00e3o mar\u00edtima, em alternativa que desperta oposi\u00e7\u00f5es na Europa"}]},{"@type":"WebSite","@id":"https:\/\/agenciainfra.com\/blog\/#website","url":"https:\/\/agenciainfra.com\/blog\/","name":"Ag\u00eancia iNFRA","description":"Multiplataforma de informa\u00e7\u00e3o jornal\u00edstica refer\u00eancia na \u00e1rea de infraestrutura no Brasil!","publisher":{"@id":"https:\/\/agenciainfra.com\/blog\/#organization"},"potentialAction":[{"@type":"SearchAction","target":{"@type":"EntryPoint","urlTemplate":"https:\/\/agenciainfra.com\/blog\/?s={search_term_string}"},"query-input":{"@type":"PropertyValueSpecification","valueRequired":true,"valueName":"search_term_string"}}],"inLanguage":"pt-BR"},{"@type":"Organization","@id":"https:\/\/agenciainfra.com\/blog\/#organization","name":"Ag\u00eancia iNFRA","url":"https:\/\/agenciainfra.com\/blog\/","logo":{"@type":"ImageObject","inLanguage":"pt-BR","@id":"https:\/\/agenciainfra.com\/blog\/#\/schema\/logo\/image\/","url":"https:\/\/agenciainfra.com\/blog\/wp-content\/uploads\/2023\/09\/iNFRA_5-e1761735885940.png","contentUrl":"https:\/\/agenciainfra.com\/blog\/wp-content\/uploads\/2023\/09\/iNFRA_5-e1761735885940.png","width":1672,"height":454,"caption":"Ag\u00eancia iNFRA"},"image":{"@id":"https:\/\/agenciainfra.com\/blog\/#\/schema\/logo\/image\/"},"sameAs":["https:\/\/www.facebook.com\/ageninfra","https:\/\/x.com\/agencia_infra","https:\/\/www.linkedin.com\/company\/ag\u00eanciainfra\/","https:\/\/www.instagram.com\/agenciainfra\/"]},{"@type":"Person","@id":"https:\/\/agenciainfra.com\/blog\/#\/schema\/person\/34af08dff6adea4cb22b06612ba7acfa","name":"Ag\u00eancia iNFRA","image":{"@type":"ImageObject","inLanguage":"pt-BR","@id":"https:\/\/agenciainfra.com\/blog\/#\/schema\/person\/image\/","url":"https:\/\/secure.gravatar.com\/avatar\/d189e01678f06d8eb84d4e01f08eb848b3fffe3f8443818d3c356c66892f5be8?s=96&d=mm&r=g","contentUrl":"https:\/\/secure.gravatar.com\/avatar\/d189e01678f06d8eb84d4e01f08eb848b3fffe3f8443818d3c356c66892f5be8?s=96&d=mm&r=g","caption":"Ag\u00eancia iNFRA"},"url":"https:\/\/agenciainfra.com\/blog\/author\/admin\/"}]}},"_links":{"self":[{"href":"https:\/\/agenciainfra.com\/blog\/wp-json\/wp\/v2\/posts\/24463","targetHints":{"allow":["GET"]}}],"collection":[{"href":"https:\/\/agenciainfra.com\/blog\/wp-json\/wp\/v2\/posts"}],"about":[{"href":"https:\/\/agenciainfra.com\/blog\/wp-json\/wp\/v2\/types\/post"}],"author":[{"embeddable":true,"href":"https:\/\/agenciainfra.com\/blog\/wp-json\/wp\/v2\/users\/1"}],"replies":[{"embeddable":true,"href":"https:\/\/agenciainfra.com\/blog\/wp-json\/wp\/v2\/comments?post=24463"}],"version-history":[{"count":3,"href":"https:\/\/agenciainfra.com\/blog\/wp-json\/wp\/v2\/posts\/24463\/revisions"}],"predecessor-version":[{"id":24495,"href":"https:\/\/agenciainfra.com\/blog\/wp-json\/wp\/v2\/posts\/24463\/revisions\/24495"}],"wp:featuredmedia":[{"embeddable":true,"href":"https:\/\/agenciainfra.com\/blog\/wp-json\/wp\/v2\/media\/8616"}],"wp:attachment":[{"href":"https:\/\/agenciainfra.com\/blog\/wp-json\/wp\/v2\/media?parent=24463"}],"wp:term":[{"taxonomy":"category","embeddable":true,"href":"https:\/\/agenciainfra.com\/blog\/wp-json\/wp\/v2\/categories?post=24463"},{"taxonomy":"post_tag","embeddable":true,"href":"https:\/\/agenciainfra.com\/blog\/wp-json\/wp\/v2\/tags?post=24463"}],"curies":[{"name":"wp","href":"https:\/\/api.w.org\/{rel}","templated":true}]}}