{"id":24498,"date":"2025-07-11T16:26:45","date_gmt":"2025-07-11T19:26:45","guid":{"rendered":"https:\/\/agenciainfra.com\/blog\/?p=24498"},"modified":"2025-07-14T11:07:09","modified_gmt":"2025-07-14T14:07:09","slug":"mp-do-setor-eletrico-e-publicada-e-substitui-toda-contratacao-de-termicas-da-lei-da-eletrobras-por-pchs","status":"publish","type":"post","link":"https:\/\/agenciainfra.com\/blog\/mp-do-setor-eletrico-e-publicada-e-substitui-toda-contratacao-de-termicas-da-lei-da-eletrobras-por-pchs\/","title":{"rendered":"MP do Setor El\u00e9trico \u00e9 publicada e substitui toda contrata\u00e7\u00e3o de t\u00e9rmicas da Lei da Eletrobras por PCHs. Leia principais pontos"},"content":{"rendered":"\n<p class=\"has-text-align-right\"><strong>Marisa Wanzeller e Lais Carregosa, da Ag\u00eancia iNFRA<\/strong><\/p>\n\n\n\n<p>A nova MP (Medida Provis\u00f3ria) do setor el\u00e9trico enviada pelo governo substitui a contrata\u00e7\u00e3o obrigat\u00f3ria das usinas termel\u00e9tricas da Lei de Privatiza\u00e7\u00e3o da Eletrobras por PCHs (Pequenas Centrais Hidrel\u00e9tricas). A medida provis\u00f3ria foi <a href=\"https:\/\/pesquisa.in.gov.br\/imprensa\/jsp\/visualiza\/index.jsp?jornal=600&amp;pagina=1&amp;data=11\/07\/2025&amp;totalArquivos=1\">publicada em edi\u00e7\u00e3o extra<\/a> do Di\u00e1rio Oficial da Uni\u00e3o nesta sexta-feira (11).<\/p>\n\n\n\n<p>O texto prev\u00ea a contrata\u00e7\u00e3o de 3 GW (gigawatts) de PCHs em 2026, em substitui\u00e7\u00e3o \u00e0s t\u00e9rmicas inflex\u00edveis, podendo ser contratado mais 1,9 GW posteriormente, a depender do planejamento setorial. A medida ainda instituiu um teto para a CDE (Conta de Desenvolvimento Energ\u00e9tico), que corresponder\u00e1 ao or\u00e7amento do encargo em 2026.<\/p>\n\n\n\n<p>No entanto, a MP enviada n\u00e3o trata de incentivos \u00e0 gera\u00e7\u00e3o termel\u00e9trica a carv\u00e3o mineral no Sul e n\u00e3o editou a prorroga\u00e7\u00e3o por mais 20 anos das usinas do Proinfa (Programa de Incentivo \u00e0s Fontes Alternativas). Os itens foram vetados pelo presidente Lula do Marco Legal das E\u00f3licas Offshore.<\/p>\n\n\n\n<p>O veto que trata do Proinfa foi derrubado pelo Congresso e, portanto, voltou ao texto da lei. J\u00e1 o veto que trata sobre carv\u00e3o ainda n\u00e3o foi deliberado pelos parlamentares, mas h\u00e1 a expectativa de uma poss\u00edvel decis\u00e3o do legislativo de derrubar o veto.<br><br>Leia os principais pontos da MP:<\/p>\n\n\n\n<p><strong>Substitui\u00e7\u00e3o das t\u00e9rmicas por PCHs<\/strong><br>A MP estabelece que, at\u00e9 o primeiro trimestre de 2026, ser\u00e1 realizada a contrata\u00e7\u00e3o de PCHs na modalidade de leil\u00e3o de reserva de capacidade da seguinte forma: 1 GW para in\u00edcio de suprimento a partir do segundo semestre de 2032; 1 GW para in\u00edcio de suprimento a partir do segundo semestre de 2033; e 1 GW para in\u00edcio de suprimento a partir do segundo semestre de 2034.<\/p>\n\n\n\n<p>Outro 1,9 GW poder\u00e1 ser contratado posteriormente. Ao todo, os 4,9 GW de PCHs substituem os 8 GW de t\u00e9rmicas inflex\u00edveis com contrata\u00e7\u00e3o obrigat\u00f3ria na Lei da Eletrobras.<\/p>\n\n\n\n<p><strong>Novo encargo para benefici\u00e1rios de subs\u00eddios<\/strong><br>A medida tamb\u00e9m estabelece um teto para a CDE, encargo que mais pesa na conta de luz, de acordo com o or\u00e7amento de 2026. Ele cria ainda um \u201cencargo de complemento de recursos\u201d para arcar com o valor que ultrapassar o limite estabelecido.<\/p>\n\n\n\n<p>Est\u00e3o excetuados do pagamento: aqueles que se enquadram nos programas Luz para Todos e Tarifa Social, as distribuidoras de pequeno porte e aqueles que recebem aportes da CCC (Conta Consumo de Combust\u00edveis).<\/p>\n\n\n\n<p>Ou seja, podem pagar o encargo os agentes beneficiados pelos seguintes subs\u00eddios: fontes incentivadas (como solar e e\u00f3lica), GD (gera\u00e7\u00e3o distribu\u00edda solar), irriga\u00e7\u00e3o e agricultura, carv\u00e3o mineral, \u00e1gua, esgoto e saneamento.<\/p>\n\n\n\n<p><strong>G\u00e1s natural da Uni\u00e3o<\/strong><br>Al\u00e9m disso, o texto atribui ao CNPE (Conselho Nacional de Pol\u00edtica Energ\u00e9tica) a defini\u00e7\u00e3o das condi\u00e7\u00f5es e do pre\u00e7o de acesso \u00e0s infraestruturas de escoamento, tratamento e transporte de g\u00e1s natural da Uni\u00e3o gerido pela estatal PPSA. A medida tem como objetivo baixar o pre\u00e7o final desse g\u00e1s da Uni\u00e3o para o mercado nacional.<\/p>\n\n\n\n<p>Negocia\u00e7\u00f5es entre a PPSA e a Petrobras ou empresas privadas pelo acesso a essas estruturas vinham sendo um gargalo no esfor\u00e7o do governo em antecipar a venda dos volumes de g\u00e1s da Uni\u00e3o, provenientes sobretudo do pr\u00e9-sal, a pre\u00e7os mais competitivos. A expectativa \u00e9 que a centraliza\u00e7\u00e3o das defini\u00e7\u00f5es pelo CNPE resolva qualquer impasse nesse sentido e baixe o pre\u00e7o final da mol\u00e9cula.<\/p>\n","protected":false},"excerpt":{"rendered":"<p>Marisa Wanzeller e Lais Carregosa, da Ag\u00eancia iNFRA A nova MP (Medida Provis\u00f3ria) do setor el\u00e9trico enviada pelo governo substitui a contrata\u00e7\u00e3o obrigat\u00f3ria das usinas termel\u00e9tricas da Lei de Privatiza\u00e7\u00e3o da Eletrobras por PCHs (Pequenas Centrais Hidrel\u00e9tricas). A medida provis\u00f3ria foi publicada em edi\u00e7\u00e3o extra do Di\u00e1rio Oficial da Uni\u00e3o nesta sexta-feira (11). O texto [&hellip;]<\/p>\n","protected":false},"author":1,"featured_media":8364,"comment_status":"closed","ping_status":"closed","sticky":false,"template":"","format":"standard","meta":{"_monsterinsights_skip_tracking":false,"_monsterinsights_sitenote_active":false,"_monsterinsights_sitenote_note":"","_monsterinsights_sitenote_category":0,"footnotes":""},"categories":[7250,1,10],"tags":[3213,56,545,6015,882,13132,5365,7366,13261,11421,3274,1601,631],"class_list":["post-24498","post","type-post","status-publish","format-standard","has-post-thumbnail","hentry","category-destaque-lista","category-geral","category-infraenergia","tag-carvao-mineral","tag-cde","tag-conta-de-desenvolvimento-energetico","tag-eolicas-offshore","tag-gas-natural","tag-lais-carregosa","tag-lei-da-eletrobras","tag-marisa-wanzeller","tag-mp-do-setor-eletrico","tag-pchs","tag-pequenas-centrais-hidreletricas","tag-subsidios","tag-termicas"],"yoast_head":"<!-- This site is optimized with the Yoast SEO Premium plugin v25.4 (Yoast SEO v26.0) - https:\/\/yoast.com\/wordpress\/plugins\/seo\/ -->\n<title>MP do Setor El\u00e9trico \u00e9 publicada e substitui toda contrata\u00e7\u00e3o de t\u00e9rmicas da Lei da Eletrobras por PCHs. Leia principais pontos - Ag\u00eancia iNFRA<\/title>\n<meta name=\"robots\" content=\"index, follow, max-snippet:-1, max-image-preview:large, max-video-preview:-1\" \/>\n<link rel=\"canonical\" href=\"https:\/\/agenciainfra.com\/blog\/mp-do-setor-eletrico-e-publicada-e-substitui-toda-contratacao-de-termicas-da-lei-da-eletrobras-por-pchs\/\" \/>\n<meta property=\"og:locale\" content=\"pt_BR\" \/>\n<meta property=\"og:type\" content=\"article\" \/>\n<meta property=\"og:title\" content=\"MP do Setor El\u00e9trico \u00e9 publicada e substitui toda contrata\u00e7\u00e3o de t\u00e9rmicas da Lei da Eletrobras por PCHs. Leia principais pontos\" \/>\n<meta property=\"og:description\" content=\"Marisa Wanzeller e Lais Carregosa, da Ag\u00eancia iNFRA A nova MP (Medida Provis\u00f3ria) do setor el\u00e9trico enviada pelo governo substitui a contrata\u00e7\u00e3o obrigat\u00f3ria das usinas termel\u00e9tricas da Lei de Privatiza\u00e7\u00e3o da Eletrobras por PCHs (Pequenas Centrais Hidrel\u00e9tricas). A medida provis\u00f3ria foi publicada em edi\u00e7\u00e3o extra do Di\u00e1rio Oficial da Uni\u00e3o nesta sexta-feira (11). O texto [&hellip;]\" \/>\n<meta property=\"og:url\" content=\"https:\/\/agenciainfra.com\/blog\/mp-do-setor-eletrico-e-publicada-e-substitui-toda-contratacao-de-termicas-da-lei-da-eletrobras-por-pchs\/\" \/>\n<meta property=\"og:site_name\" content=\"Ag\u00eancia iNFRA\" \/>\n<meta property=\"article:publisher\" content=\"https:\/\/www.facebook.com\/ageninfra\" \/>\n<meta property=\"article:published_time\" content=\"2025-07-11T19:26:45+00:00\" \/>\n<meta property=\"article:modified_time\" content=\"2025-07-14T14:07:09+00:00\" \/>\n<meta property=\"og:image\" content=\"https:\/\/agenciainfra.com\/blog\/wp-content\/uploads\/2021\/09\/reservatorio-hidreletrica-foto-raylton-alves-ana.png\" \/>\n\t<meta property=\"og:image:width\" content=\"1280\" \/>\n\t<meta property=\"og:image:height\" content=\"852\" \/>\n\t<meta property=\"og:image:type\" content=\"image\/png\" \/>\n<meta name=\"author\" content=\"Ag\u00eancia iNFRA\" \/>\n<meta name=\"twitter:card\" content=\"summary_large_image\" \/>\n<meta name=\"twitter:creator\" content=\"@agencia_infra\" \/>\n<meta name=\"twitter:site\" content=\"@agencia_infra\" \/>\n<meta name=\"twitter:label1\" content=\"Escrito por\" \/>\n\t<meta name=\"twitter:data1\" content=\"Ag\u00eancia iNFRA\" \/>\n\t<meta name=\"twitter:label2\" content=\"Est. tempo de leitura\" \/>\n\t<meta name=\"twitter:data2\" content=\"3 minutos\" \/>\n<script type=\"application\/ld+json\" class=\"yoast-schema-graph\">{\"@context\":\"https:\/\/schema.org\",\"@graph\":[{\"@type\":\"Article\",\"@id\":\"https:\/\/agenciainfra.com\/blog\/mp-do-setor-eletrico-e-publicada-e-substitui-toda-contratacao-de-termicas-da-lei-da-eletrobras-por-pchs\/#article\",\"isPartOf\":{\"@id\":\"https:\/\/agenciainfra.com\/blog\/mp-do-setor-eletrico-e-publicada-e-substitui-toda-contratacao-de-termicas-da-lei-da-eletrobras-por-pchs\/\"},\"author\":{\"name\":\"Ag\u00eancia iNFRA\",\"@id\":\"https:\/\/agenciainfra.com\/blog\/#\/schema\/person\/34af08dff6adea4cb22b06612ba7acfa\"},\"headline\":\"MP do Setor El\u00e9trico \u00e9 publicada e substitui toda contrata\u00e7\u00e3o de t\u00e9rmicas da Lei da Eletrobras por PCHs. Leia principais pontos\",\"datePublished\":\"2025-07-11T19:26:45+00:00\",\"dateModified\":\"2025-07-14T14:07:09+00:00\",\"mainEntityOfPage\":{\"@id\":\"https:\/\/agenciainfra.com\/blog\/mp-do-setor-eletrico-e-publicada-e-substitui-toda-contratacao-de-termicas-da-lei-da-eletrobras-por-pchs\/\"},\"wordCount\":615,\"publisher\":{\"@id\":\"https:\/\/agenciainfra.com\/blog\/#organization\"},\"image\":{\"@id\":\"https:\/\/agenciainfra.com\/blog\/mp-do-setor-eletrico-e-publicada-e-substitui-toda-contratacao-de-termicas-da-lei-da-eletrobras-por-pchs\/#primaryimage\"},\"thumbnailUrl\":\"https:\/\/agenciainfra.com\/blog\/wp-content\/uploads\/2021\/09\/reservatorio-hidreletrica-foto-raylton-alves-ana.png\",\"keywords\":[\"carv\u00e3o mineral\",\"CDE\",\"Conta de Desenvolvimento Energ\u00e9tico\",\"e\u00f3licas offshore\",\"g\u00e1s natural\",\"Lais Carregosa\",\"Lei da Eletrobras\",\"Marisa Wanzeller\",\"mp do setor el\u00e9trico\",\"PCHs\",\"pequenas centrais hidrel\u00e9tricas\",\"subs\u00eddios\",\"t\u00e9rmicas\"],\"articleSection\":[\"Destaque lista\",\"Geral\",\"iNFRAEnergia\"],\"inLanguage\":\"pt-BR\",\"copyrightYear\":\"2025\",\"copyrightHolder\":{\"@id\":\"https:\/\/agenciainfra.com\/blog\/#organization\"}},{\"@type\":\"WebPage\",\"@id\":\"https:\/\/agenciainfra.com\/blog\/mp-do-setor-eletrico-e-publicada-e-substitui-toda-contratacao-de-termicas-da-lei-da-eletrobras-por-pchs\/\",\"url\":\"https:\/\/agenciainfra.com\/blog\/mp-do-setor-eletrico-e-publicada-e-substitui-toda-contratacao-de-termicas-da-lei-da-eletrobras-por-pchs\/\",\"name\":\"MP do Setor El\u00e9trico \u00e9 publicada e substitui toda contrata\u00e7\u00e3o de t\u00e9rmicas da Lei da Eletrobras por PCHs. Leia principais pontos - Ag\u00eancia iNFRA\",\"isPartOf\":{\"@id\":\"https:\/\/agenciainfra.com\/blog\/#website\"},\"primaryImageOfPage\":{\"@id\":\"https:\/\/agenciainfra.com\/blog\/mp-do-setor-eletrico-e-publicada-e-substitui-toda-contratacao-de-termicas-da-lei-da-eletrobras-por-pchs\/#primaryimage\"},\"image\":{\"@id\":\"https:\/\/agenciainfra.com\/blog\/mp-do-setor-eletrico-e-publicada-e-substitui-toda-contratacao-de-termicas-da-lei-da-eletrobras-por-pchs\/#primaryimage\"},\"thumbnailUrl\":\"https:\/\/agenciainfra.com\/blog\/wp-content\/uploads\/2021\/09\/reservatorio-hidreletrica-foto-raylton-alves-ana.png\",\"datePublished\":\"2025-07-11T19:26:45+00:00\",\"dateModified\":\"2025-07-14T14:07:09+00:00\",\"breadcrumb\":{\"@id\":\"https:\/\/agenciainfra.com\/blog\/mp-do-setor-eletrico-e-publicada-e-substitui-toda-contratacao-de-termicas-da-lei-da-eletrobras-por-pchs\/#breadcrumb\"},\"inLanguage\":\"pt-BR\",\"potentialAction\":[{\"@type\":\"ReadAction\",\"target\":[\"https:\/\/agenciainfra.com\/blog\/mp-do-setor-eletrico-e-publicada-e-substitui-toda-contratacao-de-termicas-da-lei-da-eletrobras-por-pchs\/\"]}]},{\"@type\":\"ImageObject\",\"inLanguage\":\"pt-BR\",\"@id\":\"https:\/\/agenciainfra.com\/blog\/mp-do-setor-eletrico-e-publicada-e-substitui-toda-contratacao-de-termicas-da-lei-da-eletrobras-por-pchs\/#primaryimage\",\"url\":\"https:\/\/agenciainfra.com\/blog\/wp-content\/uploads\/2021\/09\/reservatorio-hidreletrica-foto-raylton-alves-ana.png\",\"contentUrl\":\"https:\/\/agenciainfra.com\/blog\/wp-content\/uploads\/2021\/09\/reservatorio-hidreletrica-foto-raylton-alves-ana.png\",\"width\":1280,\"height\":852,\"caption\":\"Foto: Raylton Alves\/ANA\"},{\"@type\":\"BreadcrumbList\",\"@id\":\"https:\/\/agenciainfra.com\/blog\/mp-do-setor-eletrico-e-publicada-e-substitui-toda-contratacao-de-termicas-da-lei-da-eletrobras-por-pchs\/#breadcrumb\",\"itemListElement\":[{\"@type\":\"ListItem\",\"position\":1,\"name\":\"In\u00edcio\",\"item\":\"https:\/\/agenciainfra.com\/blog\/\"},{\"@type\":\"ListItem\",\"position\":2,\"name\":\"MP do Setor El\u00e9trico \u00e9 publicada e substitui toda contrata\u00e7\u00e3o de t\u00e9rmicas da Lei da Eletrobras por PCHs. Leia principais pontos\"}]},{\"@type\":\"WebSite\",\"@id\":\"https:\/\/agenciainfra.com\/blog\/#website\",\"url\":\"https:\/\/agenciainfra.com\/blog\/\",\"name\":\"Ag\u00eancia iNFRA\",\"description\":\"Multiplataforma de informa\u00e7\u00e3o jornal\u00edstica refer\u00eancia na \u00e1rea de infraestrutura no Brasil!\",\"publisher\":{\"@id\":\"https:\/\/agenciainfra.com\/blog\/#organization\"},\"potentialAction\":[{\"@type\":\"SearchAction\",\"target\":{\"@type\":\"EntryPoint\",\"urlTemplate\":\"https:\/\/agenciainfra.com\/blog\/?s={search_term_string}\"},\"query-input\":{\"@type\":\"PropertyValueSpecification\",\"valueRequired\":true,\"valueName\":\"search_term_string\"}}],\"inLanguage\":\"pt-BR\"},{\"@type\":\"Organization\",\"@id\":\"https:\/\/agenciainfra.com\/blog\/#organization\",\"name\":\"Ag\u00eancia iNFRA\",\"url\":\"https:\/\/agenciainfra.com\/blog\/\",\"logo\":{\"@type\":\"ImageObject\",\"inLanguage\":\"pt-BR\",\"@id\":\"https:\/\/agenciainfra.com\/blog\/#\/schema\/logo\/image\/\",\"url\":\"https:\/\/agenciainfra.com\/blog\/wp-content\/uploads\/2023\/09\/iNFRA_5-e1761735885940.png\",\"contentUrl\":\"https:\/\/agenciainfra.com\/blog\/wp-content\/uploads\/2023\/09\/iNFRA_5-e1761735885940.png\",\"width\":1672,\"height\":454,\"caption\":\"Ag\u00eancia iNFRA\"},\"image\":{\"@id\":\"https:\/\/agenciainfra.com\/blog\/#\/schema\/logo\/image\/\"},\"sameAs\":[\"https:\/\/www.facebook.com\/ageninfra\",\"https:\/\/x.com\/agencia_infra\",\"https:\/\/www.linkedin.com\/company\/ag\u00eanciainfra\/\",\"https:\/\/www.instagram.com\/agenciainfra\/\"]},{\"@type\":\"Person\",\"@id\":\"https:\/\/agenciainfra.com\/blog\/#\/schema\/person\/34af08dff6adea4cb22b06612ba7acfa\",\"name\":\"Ag\u00eancia iNFRA\",\"image\":{\"@type\":\"ImageObject\",\"inLanguage\":\"pt-BR\",\"@id\":\"https:\/\/agenciainfra.com\/blog\/#\/schema\/person\/image\/\",\"url\":\"https:\/\/secure.gravatar.com\/avatar\/d189e01678f06d8eb84d4e01f08eb848b3fffe3f8443818d3c356c66892f5be8?s=96&d=mm&r=g\",\"contentUrl\":\"https:\/\/secure.gravatar.com\/avatar\/d189e01678f06d8eb84d4e01f08eb848b3fffe3f8443818d3c356c66892f5be8?s=96&d=mm&r=g\",\"caption\":\"Ag\u00eancia iNFRA\"},\"url\":\"https:\/\/agenciainfra.com\/blog\/author\/admin\/\"}]}<\/script>\n<!-- \/ Yoast SEO Premium plugin. -->","yoast_head_json":{"title":"MP do Setor El\u00e9trico \u00e9 publicada e substitui toda contrata\u00e7\u00e3o de t\u00e9rmicas da Lei da Eletrobras por PCHs. Leia principais pontos - Ag\u00eancia iNFRA","robots":{"index":"index","follow":"follow","max-snippet":"max-snippet:-1","max-image-preview":"max-image-preview:large","max-video-preview":"max-video-preview:-1"},"canonical":"https:\/\/agenciainfra.com\/blog\/mp-do-setor-eletrico-e-publicada-e-substitui-toda-contratacao-de-termicas-da-lei-da-eletrobras-por-pchs\/","og_locale":"pt_BR","og_type":"article","og_title":"MP do Setor El\u00e9trico \u00e9 publicada e substitui toda contrata\u00e7\u00e3o de t\u00e9rmicas da Lei da Eletrobras por PCHs. Leia principais pontos","og_description":"Marisa Wanzeller e Lais Carregosa, da Ag\u00eancia iNFRA A nova MP (Medida Provis\u00f3ria) do setor el\u00e9trico enviada pelo governo substitui a contrata\u00e7\u00e3o obrigat\u00f3ria das usinas termel\u00e9tricas da Lei de Privatiza\u00e7\u00e3o da Eletrobras por PCHs (Pequenas Centrais Hidrel\u00e9tricas). A medida provis\u00f3ria foi publicada em edi\u00e7\u00e3o extra do Di\u00e1rio Oficial da Uni\u00e3o nesta sexta-feira (11). O texto [&hellip;]","og_url":"https:\/\/agenciainfra.com\/blog\/mp-do-setor-eletrico-e-publicada-e-substitui-toda-contratacao-de-termicas-da-lei-da-eletrobras-por-pchs\/","og_site_name":"Ag\u00eancia iNFRA","article_publisher":"https:\/\/www.facebook.com\/ageninfra","article_published_time":"2025-07-11T19:26:45+00:00","article_modified_time":"2025-07-14T14:07:09+00:00","og_image":[{"width":1280,"height":852,"url":"https:\/\/agenciainfra.com\/blog\/wp-content\/uploads\/2021\/09\/reservatorio-hidreletrica-foto-raylton-alves-ana.png","type":"image\/png"}],"author":"Ag\u00eancia iNFRA","twitter_card":"summary_large_image","twitter_creator":"@agencia_infra","twitter_site":"@agencia_infra","twitter_misc":{"Escrito por":"Ag\u00eancia iNFRA","Est. tempo de leitura":"3 minutos"},"schema":{"@context":"https:\/\/schema.org","@graph":[{"@type":"Article","@id":"https:\/\/agenciainfra.com\/blog\/mp-do-setor-eletrico-e-publicada-e-substitui-toda-contratacao-de-termicas-da-lei-da-eletrobras-por-pchs\/#article","isPartOf":{"@id":"https:\/\/agenciainfra.com\/blog\/mp-do-setor-eletrico-e-publicada-e-substitui-toda-contratacao-de-termicas-da-lei-da-eletrobras-por-pchs\/"},"author":{"name":"Ag\u00eancia iNFRA","@id":"https:\/\/agenciainfra.com\/blog\/#\/schema\/person\/34af08dff6adea4cb22b06612ba7acfa"},"headline":"MP do Setor El\u00e9trico \u00e9 publicada e substitui toda contrata\u00e7\u00e3o de t\u00e9rmicas da Lei da Eletrobras por PCHs. Leia principais pontos","datePublished":"2025-07-11T19:26:45+00:00","dateModified":"2025-07-14T14:07:09+00:00","mainEntityOfPage":{"@id":"https:\/\/agenciainfra.com\/blog\/mp-do-setor-eletrico-e-publicada-e-substitui-toda-contratacao-de-termicas-da-lei-da-eletrobras-por-pchs\/"},"wordCount":615,"publisher":{"@id":"https:\/\/agenciainfra.com\/blog\/#organization"},"image":{"@id":"https:\/\/agenciainfra.com\/blog\/mp-do-setor-eletrico-e-publicada-e-substitui-toda-contratacao-de-termicas-da-lei-da-eletrobras-por-pchs\/#primaryimage"},"thumbnailUrl":"https:\/\/agenciainfra.com\/blog\/wp-content\/uploads\/2021\/09\/reservatorio-hidreletrica-foto-raylton-alves-ana.png","keywords":["carv\u00e3o mineral","CDE","Conta de Desenvolvimento Energ\u00e9tico","e\u00f3licas offshore","g\u00e1s natural","Lais Carregosa","Lei da Eletrobras","Marisa Wanzeller","mp do setor el\u00e9trico","PCHs","pequenas centrais hidrel\u00e9tricas","subs\u00eddios","t\u00e9rmicas"],"articleSection":["Destaque lista","Geral","iNFRAEnergia"],"inLanguage":"pt-BR","copyrightYear":"2025","copyrightHolder":{"@id":"https:\/\/agenciainfra.com\/blog\/#organization"}},{"@type":"WebPage","@id":"https:\/\/agenciainfra.com\/blog\/mp-do-setor-eletrico-e-publicada-e-substitui-toda-contratacao-de-termicas-da-lei-da-eletrobras-por-pchs\/","url":"https:\/\/agenciainfra.com\/blog\/mp-do-setor-eletrico-e-publicada-e-substitui-toda-contratacao-de-termicas-da-lei-da-eletrobras-por-pchs\/","name":"MP do Setor El\u00e9trico \u00e9 publicada e substitui toda contrata\u00e7\u00e3o de t\u00e9rmicas da Lei da Eletrobras por PCHs. Leia principais pontos - Ag\u00eancia iNFRA","isPartOf":{"@id":"https:\/\/agenciainfra.com\/blog\/#website"},"primaryImageOfPage":{"@id":"https:\/\/agenciainfra.com\/blog\/mp-do-setor-eletrico-e-publicada-e-substitui-toda-contratacao-de-termicas-da-lei-da-eletrobras-por-pchs\/#primaryimage"},"image":{"@id":"https:\/\/agenciainfra.com\/blog\/mp-do-setor-eletrico-e-publicada-e-substitui-toda-contratacao-de-termicas-da-lei-da-eletrobras-por-pchs\/#primaryimage"},"thumbnailUrl":"https:\/\/agenciainfra.com\/blog\/wp-content\/uploads\/2021\/09\/reservatorio-hidreletrica-foto-raylton-alves-ana.png","datePublished":"2025-07-11T19:26:45+00:00","dateModified":"2025-07-14T14:07:09+00:00","breadcrumb":{"@id":"https:\/\/agenciainfra.com\/blog\/mp-do-setor-eletrico-e-publicada-e-substitui-toda-contratacao-de-termicas-da-lei-da-eletrobras-por-pchs\/#breadcrumb"},"inLanguage":"pt-BR","potentialAction":[{"@type":"ReadAction","target":["https:\/\/agenciainfra.com\/blog\/mp-do-setor-eletrico-e-publicada-e-substitui-toda-contratacao-de-termicas-da-lei-da-eletrobras-por-pchs\/"]}]},{"@type":"ImageObject","inLanguage":"pt-BR","@id":"https:\/\/agenciainfra.com\/blog\/mp-do-setor-eletrico-e-publicada-e-substitui-toda-contratacao-de-termicas-da-lei-da-eletrobras-por-pchs\/#primaryimage","url":"https:\/\/agenciainfra.com\/blog\/wp-content\/uploads\/2021\/09\/reservatorio-hidreletrica-foto-raylton-alves-ana.png","contentUrl":"https:\/\/agenciainfra.com\/blog\/wp-content\/uploads\/2021\/09\/reservatorio-hidreletrica-foto-raylton-alves-ana.png","width":1280,"height":852,"caption":"Foto: Raylton Alves\/ANA"},{"@type":"BreadcrumbList","@id":"https:\/\/agenciainfra.com\/blog\/mp-do-setor-eletrico-e-publicada-e-substitui-toda-contratacao-de-termicas-da-lei-da-eletrobras-por-pchs\/#breadcrumb","itemListElement":[{"@type":"ListItem","position":1,"name":"In\u00edcio","item":"https:\/\/agenciainfra.com\/blog\/"},{"@type":"ListItem","position":2,"name":"MP do Setor El\u00e9trico \u00e9 publicada e substitui toda contrata\u00e7\u00e3o de t\u00e9rmicas da Lei da Eletrobras por PCHs. Leia principais pontos"}]},{"@type":"WebSite","@id":"https:\/\/agenciainfra.com\/blog\/#website","url":"https:\/\/agenciainfra.com\/blog\/","name":"Ag\u00eancia iNFRA","description":"Multiplataforma de informa\u00e7\u00e3o jornal\u00edstica refer\u00eancia na \u00e1rea de infraestrutura no Brasil!","publisher":{"@id":"https:\/\/agenciainfra.com\/blog\/#organization"},"potentialAction":[{"@type":"SearchAction","target":{"@type":"EntryPoint","urlTemplate":"https:\/\/agenciainfra.com\/blog\/?s={search_term_string}"},"query-input":{"@type":"PropertyValueSpecification","valueRequired":true,"valueName":"search_term_string"}}],"inLanguage":"pt-BR"},{"@type":"Organization","@id":"https:\/\/agenciainfra.com\/blog\/#organization","name":"Ag\u00eancia iNFRA","url":"https:\/\/agenciainfra.com\/blog\/","logo":{"@type":"ImageObject","inLanguage":"pt-BR","@id":"https:\/\/agenciainfra.com\/blog\/#\/schema\/logo\/image\/","url":"https:\/\/agenciainfra.com\/blog\/wp-content\/uploads\/2023\/09\/iNFRA_5-e1761735885940.png","contentUrl":"https:\/\/agenciainfra.com\/blog\/wp-content\/uploads\/2023\/09\/iNFRA_5-e1761735885940.png","width":1672,"height":454,"caption":"Ag\u00eancia iNFRA"},"image":{"@id":"https:\/\/agenciainfra.com\/blog\/#\/schema\/logo\/image\/"},"sameAs":["https:\/\/www.facebook.com\/ageninfra","https:\/\/x.com\/agencia_infra","https:\/\/www.linkedin.com\/company\/ag\u00eanciainfra\/","https:\/\/www.instagram.com\/agenciainfra\/"]},{"@type":"Person","@id":"https:\/\/agenciainfra.com\/blog\/#\/schema\/person\/34af08dff6adea4cb22b06612ba7acfa","name":"Ag\u00eancia iNFRA","image":{"@type":"ImageObject","inLanguage":"pt-BR","@id":"https:\/\/agenciainfra.com\/blog\/#\/schema\/person\/image\/","url":"https:\/\/secure.gravatar.com\/avatar\/d189e01678f06d8eb84d4e01f08eb848b3fffe3f8443818d3c356c66892f5be8?s=96&d=mm&r=g","contentUrl":"https:\/\/secure.gravatar.com\/avatar\/d189e01678f06d8eb84d4e01f08eb848b3fffe3f8443818d3c356c66892f5be8?s=96&d=mm&r=g","caption":"Ag\u00eancia iNFRA"},"url":"https:\/\/agenciainfra.com\/blog\/author\/admin\/"}]}},"_links":{"self":[{"href":"https:\/\/agenciainfra.com\/blog\/wp-json\/wp\/v2\/posts\/24498","targetHints":{"allow":["GET"]}}],"collection":[{"href":"https:\/\/agenciainfra.com\/blog\/wp-json\/wp\/v2\/posts"}],"about":[{"href":"https:\/\/agenciainfra.com\/blog\/wp-json\/wp\/v2\/types\/post"}],"author":[{"embeddable":true,"href":"https:\/\/agenciainfra.com\/blog\/wp-json\/wp\/v2\/users\/1"}],"replies":[{"embeddable":true,"href":"https:\/\/agenciainfra.com\/blog\/wp-json\/wp\/v2\/comments?post=24498"}],"version-history":[{"count":8,"href":"https:\/\/agenciainfra.com\/blog\/wp-json\/wp\/v2\/posts\/24498\/revisions"}],"predecessor-version":[{"id":24563,"href":"https:\/\/agenciainfra.com\/blog\/wp-json\/wp\/v2\/posts\/24498\/revisions\/24563"}],"wp:featuredmedia":[{"embeddable":true,"href":"https:\/\/agenciainfra.com\/blog\/wp-json\/wp\/v2\/media\/8364"}],"wp:attachment":[{"href":"https:\/\/agenciainfra.com\/blog\/wp-json\/wp\/v2\/media?parent=24498"}],"wp:term":[{"taxonomy":"category","embeddable":true,"href":"https:\/\/agenciainfra.com\/blog\/wp-json\/wp\/v2\/categories?post=24498"},{"taxonomy":"post_tag","embeddable":true,"href":"https:\/\/agenciainfra.com\/blog\/wp-json\/wp\/v2\/tags?post=24498"}],"curies":[{"name":"wp","href":"https:\/\/api.w.org\/{rel}","templated":true}]}}