{"id":2454,"date":"2018-09-19T07:57:43","date_gmt":"2018-09-19T10:57:43","guid":{"rendered":"http:\/\/www.agenciainfra.com\/blog\/?p=2454"},"modified":"2018-09-19T07:57:43","modified_gmt":"2018-09-19T10:57:43","slug":"rumo-tem-recorde-de-transporte-de-carga-por-ferrovia-em-agosto","status":"publish","type":"post","link":"https:\/\/agenciainfra.com\/blog\/rumo-tem-recorde-de-transporte-de-carga-por-ferrovia-em-agosto\/","title":{"rendered":"Rumo tem recorde de transporte de carga por ferrovia em agosto"},"content":{"rendered":"<p>&nbsp;<\/p>\n<div>\n<h5 style=\"text-align: right;\"><strong>da Ag\u00eancia iNFRA<\/strong><\/h5>\n<p dir=\"ltr\">A Rumo transportou em agosto\u00a05,3 milh\u00f5es de toneladas de produtos agr\u00edcolas e industriais, 10% a mais do que o recorde anterior em agosto do ano anterior, que foi de 4,8 milh\u00f5es. A empresa controla a malha ferrovi\u00e1ria do Sul e de partes do Sudeste e Centro-Oeste do pa\u00eds.<\/p>\n<p>De acordo com dados divulgados pela empresa, na\u00a0Opera\u00e7\u00e3o Norte, 2,6 milh\u00f5es de toneladas foram transportadas, 24% a mais do que os 2,1 milh\u00f5es do mesmo per\u00edodo do ano anterior. Os aumentos foram nos dois grupos de produtos carregados: agr\u00edcolas e industriais.<\/p>\n<p>Foram 2 milh\u00f5es de toneladas de gr\u00e3os (soja, milho e farelo de soja) transportados para o Porto de Santos (SP), 11% acima do recorde anterior em agosto de 2017 que fechou com 1,8 milh\u00e3o de toneladas.<\/p>\n<p>No segmento de produtos industriais, o aumento no volume transportado foi de 64%, com 328 mil toneladas ante as 200 mil toneladas de agosto do ano anterior, com carga das \u00e1reas de constru\u00e7\u00e3o civil, siderurgia, florestal, consumo, petroqu\u00edmico e fertilizantes.<\/p>\n<p>As opera\u00e7\u00f5es de transporte com cont\u00eaineres (feitas pela Brado Log\u00edstica) tamb\u00e9m se destacaram. Agosto teve o maior volume de movimenta\u00e7\u00e3o desde outubro de 2015, com 6.545 unidades.<\/p>\n<\/div>\n","protected":false},"excerpt":{"rendered":"<p>&nbsp; da Ag\u00eancia iNFRA A Rumo transportou em agosto\u00a05,3 milh\u00f5es de toneladas de produtos agr\u00edcolas e industriais, 10% a mais do que o recorde anterior em agosto do ano anterior, que foi de 4,8 milh\u00f5es. A empresa controla a malha ferrovi\u00e1ria do Sul e de partes do Sudeste e Centro-Oeste do pa\u00eds. De acordo com [&hellip;]<\/p>\n","protected":false},"author":1,"featured_media":2197,"comment_status":"closed","ping_status":"open","sticky":false,"template":"","format":"standard","meta":{"_monsterinsights_skip_tracking":false,"_monsterinsights_sitenote_active":false,"_monsterinsights_sitenote_note":"","_monsterinsights_sitenote_category":0,"footnotes":""},"categories":[7],"tags":[618,79,80,617],"class_list":["post-2454","post","type-post","status-publish","format-standard","has-post-thumbnail","hentry","category-infratransporte","tag-carga","tag-ferrovia","tag-rumo","tag-transporte"],"yoast_head":"<!-- This site is optimized with the Yoast SEO Premium plugin v25.4 (Yoast SEO v26.0) - https:\/\/yoast.com\/wordpress\/plugins\/seo\/ -->\n<title>Rumo tem recorde de transporte de carga por ferrovia em agosto - Ag\u00eancia iNFRA<\/title>\n<meta name=\"robots\" content=\"index, follow, max-snippet:-1, max-image-preview:large, max-video-preview:-1\" \/>\n<link rel=\"canonical\" href=\"https:\/\/agenciainfra.com\/blog\/rumo-tem-recorde-de-transporte-de-carga-por-ferrovia-em-agosto\/\" \/>\n<meta property=\"og:locale\" content=\"pt_BR\" \/>\n<meta property=\"og:type\" content=\"article\" \/>\n<meta property=\"og:title\" content=\"Rumo tem recorde de transporte de carga por ferrovia em agosto\" \/>\n<meta property=\"og:description\" content=\"&nbsp; da Ag\u00eancia iNFRA A Rumo transportou em agosto\u00a05,3 milh\u00f5es de toneladas de produtos agr\u00edcolas e industriais, 10% a mais do que o recorde anterior em agosto do ano anterior, que foi de 4,8 milh\u00f5es. A empresa controla a malha ferrovi\u00e1ria do Sul e de partes do Sudeste e Centro-Oeste do pa\u00eds. De acordo com [&hellip;]\" \/>\n<meta property=\"og:url\" content=\"https:\/\/agenciainfra.com\/blog\/rumo-tem-recorde-de-transporte-de-carga-por-ferrovia-em-agosto\/\" \/>\n<meta property=\"og:site_name\" content=\"Ag\u00eancia iNFRA\" \/>\n<meta property=\"article:publisher\" content=\"https:\/\/www.facebook.com\/ageninfra\" \/>\n<meta property=\"article:published_time\" content=\"2018-09-19T10:57:43+00:00\" \/>\n<meta property=\"og:image\" content=\"https:\/\/agenciainfra.com\/blog\/wp-content\/uploads\/2018\/07\/rumo_divulgacao_rumo-e1532647573411.jpg\" \/>\n\t<meta property=\"og:image:width\" content=\"1725\" \/>\n\t<meta property=\"og:image:height\" content=\"1050\" \/>\n\t<meta property=\"og:image:type\" content=\"image\/jpeg\" \/>\n<meta name=\"author\" content=\"Ag\u00eancia iNFRA\" \/>\n<meta name=\"twitter:card\" content=\"summary_large_image\" \/>\n<meta name=\"twitter:creator\" content=\"@agencia_infra\" \/>\n<meta name=\"twitter:site\" content=\"@agencia_infra\" \/>\n<meta name=\"twitter:label1\" content=\"Escrito por\" \/>\n\t<meta name=\"twitter:data1\" content=\"Ag\u00eancia iNFRA\" \/>\n\t<meta name=\"twitter:label2\" content=\"Est. tempo de leitura\" \/>\n\t<meta name=\"twitter:data2\" content=\"1 minuto\" \/>\n<script type=\"application\/ld+json\" class=\"yoast-schema-graph\">{\"@context\":\"https:\/\/schema.org\",\"@graph\":[{\"@type\":\"Article\",\"@id\":\"https:\/\/agenciainfra.com\/blog\/rumo-tem-recorde-de-transporte-de-carga-por-ferrovia-em-agosto\/#article\",\"isPartOf\":{\"@id\":\"https:\/\/agenciainfra.com\/blog\/rumo-tem-recorde-de-transporte-de-carga-por-ferrovia-em-agosto\/\"},\"author\":{\"name\":\"Ag\u00eancia iNFRA\",\"@id\":\"https:\/\/agenciainfra.com\/blog\/#\/schema\/person\/34af08dff6adea4cb22b06612ba7acfa\"},\"headline\":\"Rumo tem recorde de transporte de carga por ferrovia em agosto\",\"datePublished\":\"2018-09-19T10:57:43+00:00\",\"mainEntityOfPage\":{\"@id\":\"https:\/\/agenciainfra.com\/blog\/rumo-tem-recorde-de-transporte-de-carga-por-ferrovia-em-agosto\/\"},\"wordCount\":215,\"publisher\":{\"@id\":\"https:\/\/agenciainfra.com\/blog\/#organization\"},\"image\":{\"@id\":\"https:\/\/agenciainfra.com\/blog\/rumo-tem-recorde-de-transporte-de-carga-por-ferrovia-em-agosto\/#primaryimage\"},\"thumbnailUrl\":\"https:\/\/agenciainfra.com\/blog\/wp-content\/uploads\/2018\/07\/rumo_divulgacao_rumo-e1532647573411.jpg\",\"keywords\":[\"carga\",\"Ferrovia\",\"Rumo\",\"transporte\"],\"articleSection\":[\"iNFRATransporte\"],\"inLanguage\":\"pt-BR\",\"copyrightYear\":\"2018\",\"copyrightHolder\":{\"@id\":\"https:\/\/agenciainfra.com\/blog\/#organization\"}},{\"@type\":\"WebPage\",\"@id\":\"https:\/\/agenciainfra.com\/blog\/rumo-tem-recorde-de-transporte-de-carga-por-ferrovia-em-agosto\/\",\"url\":\"https:\/\/agenciainfra.com\/blog\/rumo-tem-recorde-de-transporte-de-carga-por-ferrovia-em-agosto\/\",\"name\":\"Rumo tem recorde de transporte de carga por ferrovia em agosto - Ag\u00eancia iNFRA\",\"isPartOf\":{\"@id\":\"https:\/\/agenciainfra.com\/blog\/#website\"},\"primaryImageOfPage\":{\"@id\":\"https:\/\/agenciainfra.com\/blog\/rumo-tem-recorde-de-transporte-de-carga-por-ferrovia-em-agosto\/#primaryimage\"},\"image\":{\"@id\":\"https:\/\/agenciainfra.com\/blog\/rumo-tem-recorde-de-transporte-de-carga-por-ferrovia-em-agosto\/#primaryimage\"},\"thumbnailUrl\":\"https:\/\/agenciainfra.com\/blog\/wp-content\/uploads\/2018\/07\/rumo_divulgacao_rumo-e1532647573411.jpg\",\"datePublished\":\"2018-09-19T10:57:43+00:00\",\"breadcrumb\":{\"@id\":\"https:\/\/agenciainfra.com\/blog\/rumo-tem-recorde-de-transporte-de-carga-por-ferrovia-em-agosto\/#breadcrumb\"},\"inLanguage\":\"pt-BR\",\"potentialAction\":[{\"@type\":\"ReadAction\",\"target\":[\"https:\/\/agenciainfra.com\/blog\/rumo-tem-recorde-de-transporte-de-carga-por-ferrovia-em-agosto\/\"]}]},{\"@type\":\"ImageObject\",\"inLanguage\":\"pt-BR\",\"@id\":\"https:\/\/agenciainfra.com\/blog\/rumo-tem-recorde-de-transporte-de-carga-por-ferrovia-em-agosto\/#primaryimage\",\"url\":\"https:\/\/agenciainfra.com\/blog\/wp-content\/uploads\/2018\/07\/rumo_divulgacao_rumo-e1532647573411.jpg\",\"contentUrl\":\"https:\/\/agenciainfra.com\/blog\/wp-content\/uploads\/2018\/07\/rumo_divulgacao_rumo-e1532647573411.jpg\",\"width\":1725,\"height\":1050},{\"@type\":\"BreadcrumbList\",\"@id\":\"https:\/\/agenciainfra.com\/blog\/rumo-tem-recorde-de-transporte-de-carga-por-ferrovia-em-agosto\/#breadcrumb\",\"itemListElement\":[{\"@type\":\"ListItem\",\"position\":1,\"name\":\"In\u00edcio\",\"item\":\"https:\/\/agenciainfra.com\/blog\/\"},{\"@type\":\"ListItem\",\"position\":2,\"name\":\"Rumo tem recorde de transporte de carga por ferrovia em agosto\"}]},{\"@type\":\"WebSite\",\"@id\":\"https:\/\/agenciainfra.com\/blog\/#website\",\"url\":\"https:\/\/agenciainfra.com\/blog\/\",\"name\":\"Ag\u00eancia iNFRA\",\"description\":\"Multiplataforma de informa\u00e7\u00e3o jornal\u00edstica refer\u00eancia na \u00e1rea de infraestrutura no Brasil!\",\"publisher\":{\"@id\":\"https:\/\/agenciainfra.com\/blog\/#organization\"},\"potentialAction\":[{\"@type\":\"SearchAction\",\"target\":{\"@type\":\"EntryPoint\",\"urlTemplate\":\"https:\/\/agenciainfra.com\/blog\/?s={search_term_string}\"},\"query-input\":{\"@type\":\"PropertyValueSpecification\",\"valueRequired\":true,\"valueName\":\"search_term_string\"}}],\"inLanguage\":\"pt-BR\"},{\"@type\":\"Organization\",\"@id\":\"https:\/\/agenciainfra.com\/blog\/#organization\",\"name\":\"Ag\u00eancia iNFRA\",\"url\":\"https:\/\/agenciainfra.com\/blog\/\",\"logo\":{\"@type\":\"ImageObject\",\"inLanguage\":\"pt-BR\",\"@id\":\"https:\/\/agenciainfra.com\/blog\/#\/schema\/logo\/image\/\",\"url\":\"https:\/\/agenciainfra.com\/blog\/wp-content\/uploads\/2023\/09\/iNFRA_5-e1761735885940.png\",\"contentUrl\":\"https:\/\/agenciainfra.com\/blog\/wp-content\/uploads\/2023\/09\/iNFRA_5-e1761735885940.png\",\"width\":1672,\"height\":454,\"caption\":\"Ag\u00eancia iNFRA\"},\"image\":{\"@id\":\"https:\/\/agenciainfra.com\/blog\/#\/schema\/logo\/image\/\"},\"sameAs\":[\"https:\/\/www.facebook.com\/ageninfra\",\"https:\/\/x.com\/agencia_infra\",\"https:\/\/www.linkedin.com\/company\/ag\u00eanciainfra\/\",\"https:\/\/www.instagram.com\/agenciainfra\/\"]},{\"@type\":\"Person\",\"@id\":\"https:\/\/agenciainfra.com\/blog\/#\/schema\/person\/34af08dff6adea4cb22b06612ba7acfa\",\"name\":\"Ag\u00eancia iNFRA\",\"image\":{\"@type\":\"ImageObject\",\"inLanguage\":\"pt-BR\",\"@id\":\"https:\/\/agenciainfra.com\/blog\/#\/schema\/person\/image\/\",\"url\":\"https:\/\/secure.gravatar.com\/avatar\/d189e01678f06d8eb84d4e01f08eb848b3fffe3f8443818d3c356c66892f5be8?s=96&d=mm&r=g\",\"contentUrl\":\"https:\/\/secure.gravatar.com\/avatar\/d189e01678f06d8eb84d4e01f08eb848b3fffe3f8443818d3c356c66892f5be8?s=96&d=mm&r=g\",\"caption\":\"Ag\u00eancia iNFRA\"},\"url\":\"https:\/\/agenciainfra.com\/blog\/author\/admin\/\"}]}<\/script>\n<!-- \/ Yoast SEO Premium plugin. -->","yoast_head_json":{"title":"Rumo tem recorde de transporte de carga por ferrovia em agosto - Ag\u00eancia iNFRA","robots":{"index":"index","follow":"follow","max-snippet":"max-snippet:-1","max-image-preview":"max-image-preview:large","max-video-preview":"max-video-preview:-1"},"canonical":"https:\/\/agenciainfra.com\/blog\/rumo-tem-recorde-de-transporte-de-carga-por-ferrovia-em-agosto\/","og_locale":"pt_BR","og_type":"article","og_title":"Rumo tem recorde de transporte de carga por ferrovia em agosto","og_description":"&nbsp; da Ag\u00eancia iNFRA A Rumo transportou em agosto\u00a05,3 milh\u00f5es de toneladas de produtos agr\u00edcolas e industriais, 10% a mais do que o recorde anterior em agosto do ano anterior, que foi de 4,8 milh\u00f5es. A empresa controla a malha ferrovi\u00e1ria do Sul e de partes do Sudeste e Centro-Oeste do pa\u00eds. De acordo com [&hellip;]","og_url":"https:\/\/agenciainfra.com\/blog\/rumo-tem-recorde-de-transporte-de-carga-por-ferrovia-em-agosto\/","og_site_name":"Ag\u00eancia iNFRA","article_publisher":"https:\/\/www.facebook.com\/ageninfra","article_published_time":"2018-09-19T10:57:43+00:00","og_image":[{"width":1725,"height":1050,"url":"https:\/\/agenciainfra.com\/blog\/wp-content\/uploads\/2018\/07\/rumo_divulgacao_rumo-e1532647573411.jpg","type":"image\/jpeg"}],"author":"Ag\u00eancia iNFRA","twitter_card":"summary_large_image","twitter_creator":"@agencia_infra","twitter_site":"@agencia_infra","twitter_misc":{"Escrito por":"Ag\u00eancia iNFRA","Est. tempo de leitura":"1 minuto"},"schema":{"@context":"https:\/\/schema.org","@graph":[{"@type":"Article","@id":"https:\/\/agenciainfra.com\/blog\/rumo-tem-recorde-de-transporte-de-carga-por-ferrovia-em-agosto\/#article","isPartOf":{"@id":"https:\/\/agenciainfra.com\/blog\/rumo-tem-recorde-de-transporte-de-carga-por-ferrovia-em-agosto\/"},"author":{"name":"Ag\u00eancia iNFRA","@id":"https:\/\/agenciainfra.com\/blog\/#\/schema\/person\/34af08dff6adea4cb22b06612ba7acfa"},"headline":"Rumo tem recorde de transporte de carga por ferrovia em agosto","datePublished":"2018-09-19T10:57:43+00:00","mainEntityOfPage":{"@id":"https:\/\/agenciainfra.com\/blog\/rumo-tem-recorde-de-transporte-de-carga-por-ferrovia-em-agosto\/"},"wordCount":215,"publisher":{"@id":"https:\/\/agenciainfra.com\/blog\/#organization"},"image":{"@id":"https:\/\/agenciainfra.com\/blog\/rumo-tem-recorde-de-transporte-de-carga-por-ferrovia-em-agosto\/#primaryimage"},"thumbnailUrl":"https:\/\/agenciainfra.com\/blog\/wp-content\/uploads\/2018\/07\/rumo_divulgacao_rumo-e1532647573411.jpg","keywords":["carga","Ferrovia","Rumo","transporte"],"articleSection":["iNFRATransporte"],"inLanguage":"pt-BR","copyrightYear":"2018","copyrightHolder":{"@id":"https:\/\/agenciainfra.com\/blog\/#organization"}},{"@type":"WebPage","@id":"https:\/\/agenciainfra.com\/blog\/rumo-tem-recorde-de-transporte-de-carga-por-ferrovia-em-agosto\/","url":"https:\/\/agenciainfra.com\/blog\/rumo-tem-recorde-de-transporte-de-carga-por-ferrovia-em-agosto\/","name":"Rumo tem recorde de transporte de carga por ferrovia em agosto - Ag\u00eancia iNFRA","isPartOf":{"@id":"https:\/\/agenciainfra.com\/blog\/#website"},"primaryImageOfPage":{"@id":"https:\/\/agenciainfra.com\/blog\/rumo-tem-recorde-de-transporte-de-carga-por-ferrovia-em-agosto\/#primaryimage"},"image":{"@id":"https:\/\/agenciainfra.com\/blog\/rumo-tem-recorde-de-transporte-de-carga-por-ferrovia-em-agosto\/#primaryimage"},"thumbnailUrl":"https:\/\/agenciainfra.com\/blog\/wp-content\/uploads\/2018\/07\/rumo_divulgacao_rumo-e1532647573411.jpg","datePublished":"2018-09-19T10:57:43+00:00","breadcrumb":{"@id":"https:\/\/agenciainfra.com\/blog\/rumo-tem-recorde-de-transporte-de-carga-por-ferrovia-em-agosto\/#breadcrumb"},"inLanguage":"pt-BR","potentialAction":[{"@type":"ReadAction","target":["https:\/\/agenciainfra.com\/blog\/rumo-tem-recorde-de-transporte-de-carga-por-ferrovia-em-agosto\/"]}]},{"@type":"ImageObject","inLanguage":"pt-BR","@id":"https:\/\/agenciainfra.com\/blog\/rumo-tem-recorde-de-transporte-de-carga-por-ferrovia-em-agosto\/#primaryimage","url":"https:\/\/agenciainfra.com\/blog\/wp-content\/uploads\/2018\/07\/rumo_divulgacao_rumo-e1532647573411.jpg","contentUrl":"https:\/\/agenciainfra.com\/blog\/wp-content\/uploads\/2018\/07\/rumo_divulgacao_rumo-e1532647573411.jpg","width":1725,"height":1050},{"@type":"BreadcrumbList","@id":"https:\/\/agenciainfra.com\/blog\/rumo-tem-recorde-de-transporte-de-carga-por-ferrovia-em-agosto\/#breadcrumb","itemListElement":[{"@type":"ListItem","position":1,"name":"In\u00edcio","item":"https:\/\/agenciainfra.com\/blog\/"},{"@type":"ListItem","position":2,"name":"Rumo tem recorde de transporte de carga por ferrovia em agosto"}]},{"@type":"WebSite","@id":"https:\/\/agenciainfra.com\/blog\/#website","url":"https:\/\/agenciainfra.com\/blog\/","name":"Ag\u00eancia iNFRA","description":"Multiplataforma de informa\u00e7\u00e3o jornal\u00edstica refer\u00eancia na \u00e1rea de infraestrutura no Brasil!","publisher":{"@id":"https:\/\/agenciainfra.com\/blog\/#organization"},"potentialAction":[{"@type":"SearchAction","target":{"@type":"EntryPoint","urlTemplate":"https:\/\/agenciainfra.com\/blog\/?s={search_term_string}"},"query-input":{"@type":"PropertyValueSpecification","valueRequired":true,"valueName":"search_term_string"}}],"inLanguage":"pt-BR"},{"@type":"Organization","@id":"https:\/\/agenciainfra.com\/blog\/#organization","name":"Ag\u00eancia iNFRA","url":"https:\/\/agenciainfra.com\/blog\/","logo":{"@type":"ImageObject","inLanguage":"pt-BR","@id":"https:\/\/agenciainfra.com\/blog\/#\/schema\/logo\/image\/","url":"https:\/\/agenciainfra.com\/blog\/wp-content\/uploads\/2023\/09\/iNFRA_5-e1761735885940.png","contentUrl":"https:\/\/agenciainfra.com\/blog\/wp-content\/uploads\/2023\/09\/iNFRA_5-e1761735885940.png","width":1672,"height":454,"caption":"Ag\u00eancia iNFRA"},"image":{"@id":"https:\/\/agenciainfra.com\/blog\/#\/schema\/logo\/image\/"},"sameAs":["https:\/\/www.facebook.com\/ageninfra","https:\/\/x.com\/agencia_infra","https:\/\/www.linkedin.com\/company\/ag\u00eanciainfra\/","https:\/\/www.instagram.com\/agenciainfra\/"]},{"@type":"Person","@id":"https:\/\/agenciainfra.com\/blog\/#\/schema\/person\/34af08dff6adea4cb22b06612ba7acfa","name":"Ag\u00eancia iNFRA","image":{"@type":"ImageObject","inLanguage":"pt-BR","@id":"https:\/\/agenciainfra.com\/blog\/#\/schema\/person\/image\/","url":"https:\/\/secure.gravatar.com\/avatar\/d189e01678f06d8eb84d4e01f08eb848b3fffe3f8443818d3c356c66892f5be8?s=96&d=mm&r=g","contentUrl":"https:\/\/secure.gravatar.com\/avatar\/d189e01678f06d8eb84d4e01f08eb848b3fffe3f8443818d3c356c66892f5be8?s=96&d=mm&r=g","caption":"Ag\u00eancia iNFRA"},"url":"https:\/\/agenciainfra.com\/blog\/author\/admin\/"}]}},"_links":{"self":[{"href":"https:\/\/agenciainfra.com\/blog\/wp-json\/wp\/v2\/posts\/2454","targetHints":{"allow":["GET"]}}],"collection":[{"href":"https:\/\/agenciainfra.com\/blog\/wp-json\/wp\/v2\/posts"}],"about":[{"href":"https:\/\/agenciainfra.com\/blog\/wp-json\/wp\/v2\/types\/post"}],"author":[{"embeddable":true,"href":"https:\/\/agenciainfra.com\/blog\/wp-json\/wp\/v2\/users\/1"}],"replies":[{"embeddable":true,"href":"https:\/\/agenciainfra.com\/blog\/wp-json\/wp\/v2\/comments?post=2454"}],"version-history":[{"count":0,"href":"https:\/\/agenciainfra.com\/blog\/wp-json\/wp\/v2\/posts\/2454\/revisions"}],"wp:featuredmedia":[{"embeddable":true,"href":"https:\/\/agenciainfra.com\/blog\/wp-json\/wp\/v2\/media\/2197"}],"wp:attachment":[{"href":"https:\/\/agenciainfra.com\/blog\/wp-json\/wp\/v2\/media?parent=2454"}],"wp:term":[{"taxonomy":"category","embeddable":true,"href":"https:\/\/agenciainfra.com\/blog\/wp-json\/wp\/v2\/categories?post=2454"},{"taxonomy":"post_tag","embeddable":true,"href":"https:\/\/agenciainfra.com\/blog\/wp-json\/wp\/v2\/tags?post=2454"}],"curies":[{"name":"wp","href":"https:\/\/api.w.org\/{rel}","templated":true}]}}