{"id":24545,"date":"2025-07-11T21:26:17","date_gmt":"2025-07-12T00:26:17","guid":{"rendered":"https:\/\/agenciainfra.com\/blog\/?p=24545"},"modified":"2025-07-11T21:26:19","modified_gmt":"2025-07-12T00:26:19","slug":"comunidades-quilombolas-aprovam-plano-ambiental-para-obras-da-ferrovia-oeste-leste","status":"publish","type":"post","link":"https:\/\/agenciainfra.com\/blog\/comunidades-quilombolas-aprovam-plano-ambiental-para-obras-da-ferrovia-oeste-leste\/","title":{"rendered":"Comunidades quilombolas aprovam plano ambiental para obras da ferrovia Oeste-Leste"},"content":{"rendered":"\n<p class=\"has-text-align-right\"><strong>da Ag\u00eancia iNFRA<\/strong><\/p>\n\n\n\n<p>Cinco comunidades quilombolas de Bom Jesus da Lapa, na Bahia, aprovaram o PBAQ (Plano B\u00e1sico Ambiental Quilombola) para implanta\u00e7\u00e3o da Fiol (Ferrovia de Integra\u00e7\u00e3o Oeste-Leste), produzido pela Infra S.A. A aprova\u00e7\u00e3o se deu depois de uma s\u00e9rie de reuni\u00f5es realizadas no \u00faltimo m\u00eas de junho, que incluiu 880 fam\u00edlias na constru\u00e7\u00e3o do plano.<\/p>\n\n\n\n<p>O documento aprovado trata de medidas de preven\u00e7\u00e3o, mitiga\u00e7\u00e3o e compensa\u00e7\u00e3o dos impactos socioambientais nos territ\u00f3rios tradicionais. Para o diretor-presidente da Infra S.A., Jorge Bastos, a aprova\u00e7\u00e3o do PBAQ refor\u00e7a o compromisso da empresa com uma infraestrutura socialmente respons\u00e1vel. &#8220;A aprova\u00e7\u00e3o [do PBAQ] \u00e9 um marco para o avan\u00e7o do licenciamento ambiental da Fiol&#8221;, afirmou Bastos.<\/p>\n\n\n\n<p>Agora, o pr\u00f3ximo passo \u00e9 a execu\u00e7\u00e3o do plano aprovado. A constru\u00e7\u00e3o do PBAQ \u00e9 obrigat\u00f3ria no \u00e2mbito do licenciamento de obras que podem interferir nos territ\u00f3rios quilombolas. \u00c9 por meio deste planejamento que s\u00e3o definidas as a\u00e7\u00f5es para minimizar impactos e promover a compensa\u00e7\u00e3o ambiental e social na regi\u00e3o afetada.<\/p>\n","protected":false},"excerpt":{"rendered":"<p>da Ag\u00eancia iNFRA Cinco comunidades quilombolas de Bom Jesus da Lapa, na Bahia, aprovaram o PBAQ (Plano B\u00e1sico Ambiental Quilombola) para implanta\u00e7\u00e3o da Fiol (Ferrovia de Integra\u00e7\u00e3o Oeste-Leste), produzido pela Infra S.A. A aprova\u00e7\u00e3o se deu depois de uma s\u00e9rie de reuni\u00f5es realizadas no \u00faltimo m\u00eas de junho, que incluiu 880 fam\u00edlias na constru\u00e7\u00e3o do [&hellip;]<\/p>\n","protected":false},"author":1,"featured_media":5710,"comment_status":"closed","ping_status":"closed","sticky":false,"template":"","format":"standard","meta":{"_monsterinsights_skip_tracking":false,"_monsterinsights_sitenote_active":false,"_monsterinsights_sitenote_note":"","_monsterinsights_sitenote_category":0,"footnotes":""},"categories":[1,13576],"tags":[157,156,2344,791,223,14308],"class_list":["post-24545","post","type-post","status-publish","format-standard","has-post-thumbnail","hentry","category-geral","category-giro-infra","tag-ferrovia-de-integracao-oeste-leste","tag-fiol","tag-infra-s-a","tag-jorge-bastos","tag-licenciamento-ambiental","tag-quilombolas"],"yoast_head":"<!-- This site is optimized with the Yoast SEO Premium plugin v25.4 (Yoast SEO v26.0) - https:\/\/yoast.com\/wordpress\/plugins\/seo\/ -->\n<title>Comunidades quilombolas aprovam plano ambiental para obras da ferrovia Oeste-Leste - Ag\u00eancia iNFRA<\/title>\n<meta name=\"robots\" content=\"index, follow, max-snippet:-1, max-image-preview:large, max-video-preview:-1\" \/>\n<link rel=\"canonical\" href=\"https:\/\/agenciainfra.com\/blog\/comunidades-quilombolas-aprovam-plano-ambiental-para-obras-da-ferrovia-oeste-leste\/\" \/>\n<meta property=\"og:locale\" content=\"pt_BR\" \/>\n<meta property=\"og:type\" content=\"article\" \/>\n<meta property=\"og:title\" content=\"Comunidades quilombolas aprovam plano ambiental para obras da ferrovia Oeste-Leste\" \/>\n<meta property=\"og:description\" content=\"da Ag\u00eancia iNFRA Cinco comunidades quilombolas de Bom Jesus da Lapa, na Bahia, aprovaram o PBAQ (Plano B\u00e1sico Ambiental Quilombola) para implanta\u00e7\u00e3o da Fiol (Ferrovia de Integra\u00e7\u00e3o Oeste-Leste), produzido pela Infra S.A. A aprova\u00e7\u00e3o se deu depois de uma s\u00e9rie de reuni\u00f5es realizadas no \u00faltimo m\u00eas de junho, que incluiu 880 fam\u00edlias na constru\u00e7\u00e3o do [&hellip;]\" \/>\n<meta property=\"og:url\" content=\"https:\/\/agenciainfra.com\/blog\/comunidades-quilombolas-aprovam-plano-ambiental-para-obras-da-ferrovia-oeste-leste\/\" \/>\n<meta property=\"og:site_name\" content=\"Ag\u00eancia iNFRA\" \/>\n<meta property=\"article:publisher\" content=\"https:\/\/www.facebook.com\/ageninfra\" \/>\n<meta property=\"article:published_time\" content=\"2025-07-12T00:26:17+00:00\" \/>\n<meta property=\"article:modified_time\" content=\"2025-07-12T00:26:19+00:00\" \/>\n<meta property=\"og:image\" content=\"https:\/\/agenciainfra.com\/blog\/wp-content\/uploads\/2020\/08\/fiol-bahia-foto-govba.jpeg\" \/>\n\t<meta property=\"og:image:width\" content=\"1280\" \/>\n\t<meta property=\"og:image:height\" content=\"853\" \/>\n\t<meta property=\"og:image:type\" content=\"image\/jpeg\" \/>\n<meta name=\"author\" content=\"Ag\u00eancia iNFRA\" \/>\n<meta name=\"twitter:card\" content=\"summary_large_image\" \/>\n<meta name=\"twitter:creator\" content=\"@agencia_infra\" \/>\n<meta name=\"twitter:site\" content=\"@agencia_infra\" \/>\n<meta name=\"twitter:label1\" content=\"Escrito por\" \/>\n\t<meta name=\"twitter:data1\" content=\"Ag\u00eancia iNFRA\" \/>\n\t<meta name=\"twitter:label2\" content=\"Est. tempo de leitura\" \/>\n\t<meta name=\"twitter:data2\" content=\"1 minuto\" \/>\n<script type=\"application\/ld+json\" class=\"yoast-schema-graph\">{\"@context\":\"https:\/\/schema.org\",\"@graph\":[{\"@type\":\"Article\",\"@id\":\"https:\/\/agenciainfra.com\/blog\/comunidades-quilombolas-aprovam-plano-ambiental-para-obras-da-ferrovia-oeste-leste\/#article\",\"isPartOf\":{\"@id\":\"https:\/\/agenciainfra.com\/blog\/comunidades-quilombolas-aprovam-plano-ambiental-para-obras-da-ferrovia-oeste-leste\/\"},\"author\":{\"name\":\"Ag\u00eancia iNFRA\",\"@id\":\"https:\/\/agenciainfra.com\/blog\/#\/schema\/person\/34af08dff6adea4cb22b06612ba7acfa\"},\"headline\":\"Comunidades quilombolas aprovam plano ambiental para obras da ferrovia Oeste-Leste\",\"datePublished\":\"2025-07-12T00:26:17+00:00\",\"dateModified\":\"2025-07-12T00:26:19+00:00\",\"mainEntityOfPage\":{\"@id\":\"https:\/\/agenciainfra.com\/blog\/comunidades-quilombolas-aprovam-plano-ambiental-para-obras-da-ferrovia-oeste-leste\/\"},\"wordCount\":198,\"publisher\":{\"@id\":\"https:\/\/agenciainfra.com\/blog\/#organization\"},\"image\":{\"@id\":\"https:\/\/agenciainfra.com\/blog\/comunidades-quilombolas-aprovam-plano-ambiental-para-obras-da-ferrovia-oeste-leste\/#primaryimage\"},\"thumbnailUrl\":\"https:\/\/agenciainfra.com\/blog\/wp-content\/uploads\/2020\/08\/fiol-bahia-foto-govba.jpeg\",\"keywords\":[\"Ferrovia de Integra\u00e7\u00e3o Oeste-Leste\",\"FIOL\",\"Infra S.A.\",\"Jorge Bastos\",\"Licenciamento ambiental\",\"quilombolas\"],\"articleSection\":[\"Geral\",\"Giro iNFRA\"],\"inLanguage\":\"pt-BR\",\"copyrightYear\":\"2025\",\"copyrightHolder\":{\"@id\":\"https:\/\/agenciainfra.com\/blog\/#organization\"}},{\"@type\":\"WebPage\",\"@id\":\"https:\/\/agenciainfra.com\/blog\/comunidades-quilombolas-aprovam-plano-ambiental-para-obras-da-ferrovia-oeste-leste\/\",\"url\":\"https:\/\/agenciainfra.com\/blog\/comunidades-quilombolas-aprovam-plano-ambiental-para-obras-da-ferrovia-oeste-leste\/\",\"name\":\"Comunidades quilombolas aprovam plano ambiental para obras da ferrovia Oeste-Leste - Ag\u00eancia iNFRA\",\"isPartOf\":{\"@id\":\"https:\/\/agenciainfra.com\/blog\/#website\"},\"primaryImageOfPage\":{\"@id\":\"https:\/\/agenciainfra.com\/blog\/comunidades-quilombolas-aprovam-plano-ambiental-para-obras-da-ferrovia-oeste-leste\/#primaryimage\"},\"image\":{\"@id\":\"https:\/\/agenciainfra.com\/blog\/comunidades-quilombolas-aprovam-plano-ambiental-para-obras-da-ferrovia-oeste-leste\/#primaryimage\"},\"thumbnailUrl\":\"https:\/\/agenciainfra.com\/blog\/wp-content\/uploads\/2020\/08\/fiol-bahia-foto-govba.jpeg\",\"datePublished\":\"2025-07-12T00:26:17+00:00\",\"dateModified\":\"2025-07-12T00:26:19+00:00\",\"breadcrumb\":{\"@id\":\"https:\/\/agenciainfra.com\/blog\/comunidades-quilombolas-aprovam-plano-ambiental-para-obras-da-ferrovia-oeste-leste\/#breadcrumb\"},\"inLanguage\":\"pt-BR\",\"potentialAction\":[{\"@type\":\"ReadAction\",\"target\":[\"https:\/\/agenciainfra.com\/blog\/comunidades-quilombolas-aprovam-plano-ambiental-para-obras-da-ferrovia-oeste-leste\/\"]}]},{\"@type\":\"ImageObject\",\"inLanguage\":\"pt-BR\",\"@id\":\"https:\/\/agenciainfra.com\/blog\/comunidades-quilombolas-aprovam-plano-ambiental-para-obras-da-ferrovia-oeste-leste\/#primaryimage\",\"url\":\"https:\/\/agenciainfra.com\/blog\/wp-content\/uploads\/2020\/08\/fiol-bahia-foto-govba.jpeg\",\"contentUrl\":\"https:\/\/agenciainfra.com\/blog\/wp-content\/uploads\/2020\/08\/fiol-bahia-foto-govba.jpeg\",\"width\":1280,\"height\":853,\"caption\":\"Foto: El\u00f3i Corr\u00eaa\/Governo da Bahia\"},{\"@type\":\"BreadcrumbList\",\"@id\":\"https:\/\/agenciainfra.com\/blog\/comunidades-quilombolas-aprovam-plano-ambiental-para-obras-da-ferrovia-oeste-leste\/#breadcrumb\",\"itemListElement\":[{\"@type\":\"ListItem\",\"position\":1,\"name\":\"In\u00edcio\",\"item\":\"https:\/\/agenciainfra.com\/blog\/\"},{\"@type\":\"ListItem\",\"position\":2,\"name\":\"Comunidades quilombolas aprovam plano ambiental para obras da ferrovia Oeste-Leste\"}]},{\"@type\":\"WebSite\",\"@id\":\"https:\/\/agenciainfra.com\/blog\/#website\",\"url\":\"https:\/\/agenciainfra.com\/blog\/\",\"name\":\"Ag\u00eancia iNFRA\",\"description\":\"Multiplataforma de informa\u00e7\u00e3o jornal\u00edstica refer\u00eancia na \u00e1rea de infraestrutura no Brasil!\",\"publisher\":{\"@id\":\"https:\/\/agenciainfra.com\/blog\/#organization\"},\"potentialAction\":[{\"@type\":\"SearchAction\",\"target\":{\"@type\":\"EntryPoint\",\"urlTemplate\":\"https:\/\/agenciainfra.com\/blog\/?s={search_term_string}\"},\"query-input\":{\"@type\":\"PropertyValueSpecification\",\"valueRequired\":true,\"valueName\":\"search_term_string\"}}],\"inLanguage\":\"pt-BR\"},{\"@type\":\"Organization\",\"@id\":\"https:\/\/agenciainfra.com\/blog\/#organization\",\"name\":\"Ag\u00eancia iNFRA\",\"url\":\"https:\/\/agenciainfra.com\/blog\/\",\"logo\":{\"@type\":\"ImageObject\",\"inLanguage\":\"pt-BR\",\"@id\":\"https:\/\/agenciainfra.com\/blog\/#\/schema\/logo\/image\/\",\"url\":\"https:\/\/agenciainfra.com\/blog\/wp-content\/uploads\/2023\/09\/iNFRA_5-e1761735885940.png\",\"contentUrl\":\"https:\/\/agenciainfra.com\/blog\/wp-content\/uploads\/2023\/09\/iNFRA_5-e1761735885940.png\",\"width\":1672,\"height\":454,\"caption\":\"Ag\u00eancia iNFRA\"},\"image\":{\"@id\":\"https:\/\/agenciainfra.com\/blog\/#\/schema\/logo\/image\/\"},\"sameAs\":[\"https:\/\/www.facebook.com\/ageninfra\",\"https:\/\/x.com\/agencia_infra\",\"https:\/\/www.linkedin.com\/company\/ag\u00eanciainfra\/\",\"https:\/\/www.instagram.com\/agenciainfra\/\"]},{\"@type\":\"Person\",\"@id\":\"https:\/\/agenciainfra.com\/blog\/#\/schema\/person\/34af08dff6adea4cb22b06612ba7acfa\",\"name\":\"Ag\u00eancia iNFRA\",\"image\":{\"@type\":\"ImageObject\",\"inLanguage\":\"pt-BR\",\"@id\":\"https:\/\/agenciainfra.com\/blog\/#\/schema\/person\/image\/\",\"url\":\"https:\/\/secure.gravatar.com\/avatar\/d189e01678f06d8eb84d4e01f08eb848b3fffe3f8443818d3c356c66892f5be8?s=96&d=mm&r=g\",\"contentUrl\":\"https:\/\/secure.gravatar.com\/avatar\/d189e01678f06d8eb84d4e01f08eb848b3fffe3f8443818d3c356c66892f5be8?s=96&d=mm&r=g\",\"caption\":\"Ag\u00eancia iNFRA\"},\"url\":\"https:\/\/agenciainfra.com\/blog\/author\/admin\/\"}]}<\/script>\n<!-- \/ Yoast SEO Premium plugin. -->","yoast_head_json":{"title":"Comunidades quilombolas aprovam plano ambiental para obras da ferrovia Oeste-Leste - Ag\u00eancia iNFRA","robots":{"index":"index","follow":"follow","max-snippet":"max-snippet:-1","max-image-preview":"max-image-preview:large","max-video-preview":"max-video-preview:-1"},"canonical":"https:\/\/agenciainfra.com\/blog\/comunidades-quilombolas-aprovam-plano-ambiental-para-obras-da-ferrovia-oeste-leste\/","og_locale":"pt_BR","og_type":"article","og_title":"Comunidades quilombolas aprovam plano ambiental para obras da ferrovia Oeste-Leste","og_description":"da Ag\u00eancia iNFRA Cinco comunidades quilombolas de Bom Jesus da Lapa, na Bahia, aprovaram o PBAQ (Plano B\u00e1sico Ambiental Quilombola) para implanta\u00e7\u00e3o da Fiol (Ferrovia de Integra\u00e7\u00e3o Oeste-Leste), produzido pela Infra S.A. A aprova\u00e7\u00e3o se deu depois de uma s\u00e9rie de reuni\u00f5es realizadas no \u00faltimo m\u00eas de junho, que incluiu 880 fam\u00edlias na constru\u00e7\u00e3o do [&hellip;]","og_url":"https:\/\/agenciainfra.com\/blog\/comunidades-quilombolas-aprovam-plano-ambiental-para-obras-da-ferrovia-oeste-leste\/","og_site_name":"Ag\u00eancia iNFRA","article_publisher":"https:\/\/www.facebook.com\/ageninfra","article_published_time":"2025-07-12T00:26:17+00:00","article_modified_time":"2025-07-12T00:26:19+00:00","og_image":[{"width":1280,"height":853,"url":"https:\/\/agenciainfra.com\/blog\/wp-content\/uploads\/2020\/08\/fiol-bahia-foto-govba.jpeg","type":"image\/jpeg"}],"author":"Ag\u00eancia iNFRA","twitter_card":"summary_large_image","twitter_creator":"@agencia_infra","twitter_site":"@agencia_infra","twitter_misc":{"Escrito por":"Ag\u00eancia iNFRA","Est. tempo de leitura":"1 minuto"},"schema":{"@context":"https:\/\/schema.org","@graph":[{"@type":"Article","@id":"https:\/\/agenciainfra.com\/blog\/comunidades-quilombolas-aprovam-plano-ambiental-para-obras-da-ferrovia-oeste-leste\/#article","isPartOf":{"@id":"https:\/\/agenciainfra.com\/blog\/comunidades-quilombolas-aprovam-plano-ambiental-para-obras-da-ferrovia-oeste-leste\/"},"author":{"name":"Ag\u00eancia iNFRA","@id":"https:\/\/agenciainfra.com\/blog\/#\/schema\/person\/34af08dff6adea4cb22b06612ba7acfa"},"headline":"Comunidades quilombolas aprovam plano ambiental para obras da ferrovia Oeste-Leste","datePublished":"2025-07-12T00:26:17+00:00","dateModified":"2025-07-12T00:26:19+00:00","mainEntityOfPage":{"@id":"https:\/\/agenciainfra.com\/blog\/comunidades-quilombolas-aprovam-plano-ambiental-para-obras-da-ferrovia-oeste-leste\/"},"wordCount":198,"publisher":{"@id":"https:\/\/agenciainfra.com\/blog\/#organization"},"image":{"@id":"https:\/\/agenciainfra.com\/blog\/comunidades-quilombolas-aprovam-plano-ambiental-para-obras-da-ferrovia-oeste-leste\/#primaryimage"},"thumbnailUrl":"https:\/\/agenciainfra.com\/blog\/wp-content\/uploads\/2020\/08\/fiol-bahia-foto-govba.jpeg","keywords":["Ferrovia de Integra\u00e7\u00e3o Oeste-Leste","FIOL","Infra S.A.","Jorge Bastos","Licenciamento ambiental","quilombolas"],"articleSection":["Geral","Giro iNFRA"],"inLanguage":"pt-BR","copyrightYear":"2025","copyrightHolder":{"@id":"https:\/\/agenciainfra.com\/blog\/#organization"}},{"@type":"WebPage","@id":"https:\/\/agenciainfra.com\/blog\/comunidades-quilombolas-aprovam-plano-ambiental-para-obras-da-ferrovia-oeste-leste\/","url":"https:\/\/agenciainfra.com\/blog\/comunidades-quilombolas-aprovam-plano-ambiental-para-obras-da-ferrovia-oeste-leste\/","name":"Comunidades quilombolas aprovam plano ambiental para obras da ferrovia Oeste-Leste - Ag\u00eancia iNFRA","isPartOf":{"@id":"https:\/\/agenciainfra.com\/blog\/#website"},"primaryImageOfPage":{"@id":"https:\/\/agenciainfra.com\/blog\/comunidades-quilombolas-aprovam-plano-ambiental-para-obras-da-ferrovia-oeste-leste\/#primaryimage"},"image":{"@id":"https:\/\/agenciainfra.com\/blog\/comunidades-quilombolas-aprovam-plano-ambiental-para-obras-da-ferrovia-oeste-leste\/#primaryimage"},"thumbnailUrl":"https:\/\/agenciainfra.com\/blog\/wp-content\/uploads\/2020\/08\/fiol-bahia-foto-govba.jpeg","datePublished":"2025-07-12T00:26:17+00:00","dateModified":"2025-07-12T00:26:19+00:00","breadcrumb":{"@id":"https:\/\/agenciainfra.com\/blog\/comunidades-quilombolas-aprovam-plano-ambiental-para-obras-da-ferrovia-oeste-leste\/#breadcrumb"},"inLanguage":"pt-BR","potentialAction":[{"@type":"ReadAction","target":["https:\/\/agenciainfra.com\/blog\/comunidades-quilombolas-aprovam-plano-ambiental-para-obras-da-ferrovia-oeste-leste\/"]}]},{"@type":"ImageObject","inLanguage":"pt-BR","@id":"https:\/\/agenciainfra.com\/blog\/comunidades-quilombolas-aprovam-plano-ambiental-para-obras-da-ferrovia-oeste-leste\/#primaryimage","url":"https:\/\/agenciainfra.com\/blog\/wp-content\/uploads\/2020\/08\/fiol-bahia-foto-govba.jpeg","contentUrl":"https:\/\/agenciainfra.com\/blog\/wp-content\/uploads\/2020\/08\/fiol-bahia-foto-govba.jpeg","width":1280,"height":853,"caption":"Foto: El\u00f3i Corr\u00eaa\/Governo da Bahia"},{"@type":"BreadcrumbList","@id":"https:\/\/agenciainfra.com\/blog\/comunidades-quilombolas-aprovam-plano-ambiental-para-obras-da-ferrovia-oeste-leste\/#breadcrumb","itemListElement":[{"@type":"ListItem","position":1,"name":"In\u00edcio","item":"https:\/\/agenciainfra.com\/blog\/"},{"@type":"ListItem","position":2,"name":"Comunidades quilombolas aprovam plano ambiental para obras da ferrovia Oeste-Leste"}]},{"@type":"WebSite","@id":"https:\/\/agenciainfra.com\/blog\/#website","url":"https:\/\/agenciainfra.com\/blog\/","name":"Ag\u00eancia iNFRA","description":"Multiplataforma de informa\u00e7\u00e3o jornal\u00edstica refer\u00eancia na \u00e1rea de infraestrutura no Brasil!","publisher":{"@id":"https:\/\/agenciainfra.com\/blog\/#organization"},"potentialAction":[{"@type":"SearchAction","target":{"@type":"EntryPoint","urlTemplate":"https:\/\/agenciainfra.com\/blog\/?s={search_term_string}"},"query-input":{"@type":"PropertyValueSpecification","valueRequired":true,"valueName":"search_term_string"}}],"inLanguage":"pt-BR"},{"@type":"Organization","@id":"https:\/\/agenciainfra.com\/blog\/#organization","name":"Ag\u00eancia iNFRA","url":"https:\/\/agenciainfra.com\/blog\/","logo":{"@type":"ImageObject","inLanguage":"pt-BR","@id":"https:\/\/agenciainfra.com\/blog\/#\/schema\/logo\/image\/","url":"https:\/\/agenciainfra.com\/blog\/wp-content\/uploads\/2023\/09\/iNFRA_5-e1761735885940.png","contentUrl":"https:\/\/agenciainfra.com\/blog\/wp-content\/uploads\/2023\/09\/iNFRA_5-e1761735885940.png","width":1672,"height":454,"caption":"Ag\u00eancia iNFRA"},"image":{"@id":"https:\/\/agenciainfra.com\/blog\/#\/schema\/logo\/image\/"},"sameAs":["https:\/\/www.facebook.com\/ageninfra","https:\/\/x.com\/agencia_infra","https:\/\/www.linkedin.com\/company\/ag\u00eanciainfra\/","https:\/\/www.instagram.com\/agenciainfra\/"]},{"@type":"Person","@id":"https:\/\/agenciainfra.com\/blog\/#\/schema\/person\/34af08dff6adea4cb22b06612ba7acfa","name":"Ag\u00eancia iNFRA","image":{"@type":"ImageObject","inLanguage":"pt-BR","@id":"https:\/\/agenciainfra.com\/blog\/#\/schema\/person\/image\/","url":"https:\/\/secure.gravatar.com\/avatar\/d189e01678f06d8eb84d4e01f08eb848b3fffe3f8443818d3c356c66892f5be8?s=96&d=mm&r=g","contentUrl":"https:\/\/secure.gravatar.com\/avatar\/d189e01678f06d8eb84d4e01f08eb848b3fffe3f8443818d3c356c66892f5be8?s=96&d=mm&r=g","caption":"Ag\u00eancia iNFRA"},"url":"https:\/\/agenciainfra.com\/blog\/author\/admin\/"}]}},"_links":{"self":[{"href":"https:\/\/agenciainfra.com\/blog\/wp-json\/wp\/v2\/posts\/24545","targetHints":{"allow":["GET"]}}],"collection":[{"href":"https:\/\/agenciainfra.com\/blog\/wp-json\/wp\/v2\/posts"}],"about":[{"href":"https:\/\/agenciainfra.com\/blog\/wp-json\/wp\/v2\/types\/post"}],"author":[{"embeddable":true,"href":"https:\/\/agenciainfra.com\/blog\/wp-json\/wp\/v2\/users\/1"}],"replies":[{"embeddable":true,"href":"https:\/\/agenciainfra.com\/blog\/wp-json\/wp\/v2\/comments?post=24545"}],"version-history":[{"count":1,"href":"https:\/\/agenciainfra.com\/blog\/wp-json\/wp\/v2\/posts\/24545\/revisions"}],"predecessor-version":[{"id":24546,"href":"https:\/\/agenciainfra.com\/blog\/wp-json\/wp\/v2\/posts\/24545\/revisions\/24546"}],"wp:featuredmedia":[{"embeddable":true,"href":"https:\/\/agenciainfra.com\/blog\/wp-json\/wp\/v2\/media\/5710"}],"wp:attachment":[{"href":"https:\/\/agenciainfra.com\/blog\/wp-json\/wp\/v2\/media?parent=24545"}],"wp:term":[{"taxonomy":"category","embeddable":true,"href":"https:\/\/agenciainfra.com\/blog\/wp-json\/wp\/v2\/categories?post=24545"},{"taxonomy":"post_tag","embeddable":true,"href":"https:\/\/agenciainfra.com\/blog\/wp-json\/wp\/v2\/tags?post=24545"}],"curies":[{"name":"wp","href":"https:\/\/api.w.org\/{rel}","templated":true}]}}