{"id":24578,"date":"2025-07-14T11:00:00","date_gmt":"2025-07-14T14:00:00","guid":{"rendered":"https:\/\/agenciainfra.com\/blog\/?p=24578"},"modified":"2026-02-13T17:23:37","modified_gmt":"2026-02-13T20:23:37","slug":"sem-recursos-ana-reduz-operacao-de-rede-usada-em-projetos-de-infraestrutura","status":"publish","type":"post","link":"https:\/\/agenciainfra.com\/blog\/sem-recursos-ana-reduz-operacao-de-rede-usada-em-projetos-de-infraestrutura\/","title":{"rendered":"Sem recursos, ANA reduz opera\u00e7\u00e3o de rede usada em projetos de infraestrutura"},"content":{"rendered":"\n<p class=\"has-text-align-right\"><strong>Amanda Pupo, da Ag\u00eancia iNFRA<\/strong><\/p>\n\n\n\n<p>O estrangulamento or\u00e7ament\u00e1rio do governo federal colocou em risco o funcionamento integral de um sistema centen\u00e1rio de dados que subsidia todo o setor de infraestrutura e engenharia do pa\u00eds, al\u00e9m da defesa civil. O impacto \u00e9 sobre a chamada RHN (Rede Hidrometeorol\u00f3gica Nacional), que \u00e9 coordenada pela ANA (Ag\u00eancia Nacional de \u00c1guas e Saneamento B\u00e1sico), \u00f3rg\u00e3o federal cujo or\u00e7amento neste ano foi cortado em 42% na compara\u00e7\u00e3o com o ano passado.\u00a0<br><br>A situa\u00e7\u00e3o vai obrigar a ANA a reduzir desde j\u00e1 as a\u00e7\u00f5es no sistema, postergando visitas t\u00e9cnicas e manuten\u00e7\u00f5es nas esta\u00e7\u00f5es de medi\u00e7\u00e3o. Esse corte de atividades e at\u00e9 mesmo interrup\u00e7\u00e3o em alguns casos deve prejudicar a confiabilidade de uma s\u00e9rie hist\u00f3rica que tem cerca de 100 anos, alertam t\u00e9cnicos e a dirigente da ANA, Veronica S\u00e1nchez.\u00a0<br><br>Na infraestrutura, as informa\u00e7\u00f5es da RHN municiam projetos que v\u00e3o desde hidrel\u00e9tricas a constru\u00e7\u00e3o de rodovias e pontes, explicou S\u00e1nchez \u00e0\u00a0<strong>Ag\u00eancia iNFRA<\/strong>. Por isso, a preocupa\u00e7\u00e3o com a interrup\u00e7\u00e3o de parte do sistema \u00e9 considerada cr\u00edtica.\u00a0<br><br>No total, a rede nacional \u00e9 composta por 23 mil esta\u00e7\u00f5es em todo o Brasil. A ANA tem responsabilidade direta sobre 4.800 aparelhos de monitoramento de n\u00edvel e vaz\u00e3o de rio e chuvas, embora coordene todo o sistema. As esta\u00e7\u00f5es restantes est\u00e3o divididas entre gest\u00e3o dos estados, empresas do setor el\u00e9trico e institui\u00e7\u00f5es volunt\u00e1rias.\u00a0<br><br>O corte de servi\u00e7os estimado pela ANA\u00a0se aplica \u00e0s quase cinco mil esta\u00e7\u00f5es sob o guarda-chuva direto da reguladora. Idealmente, o custeio do grupo demandaria mais de R$ 100 milh\u00f5es por ano. No or\u00e7amento de 2025, a previs\u00e3o foi de R$ 64 milh\u00f5es, mas os recursos ca\u00edram para R$ 56 milh\u00f5es ap\u00f3s o congelamento anunciado pela equipe econ\u00f4mica em maio.\u00a0<br><br>\u201cA qualidade do dado que fornecemos \u00e0 sociedade vai ficar comprometida. O dado n\u00e3o \u00e9 o fim. Ele \u00e9 um meio para algu\u00e9m tomar uma decis\u00e3o\u201d, disse o superintendente adjunto de Gest\u00e3o da Rede Hidrometeorol\u00f3gica da ANA, Wesley Gabrieli de Souza, \u00e0\u00a0<strong>Ag\u00eancia iNFRA.\u00a0<\/strong><br><br>Embora a falta de or\u00e7amento na ag\u00eancia impacte diretamente as esta\u00e7\u00f5es do \u00f3rg\u00e3o, Souza alerta que dados inconsistentes podem afetar toda a rede, inclusive do setor regulado, como o el\u00e9trico, que \u00e9 obrigado a operar cerca de 2.400 esta\u00e7\u00f5es. \u201cNossos aparelhos servem para calibrar as esta\u00e7\u00f5es das pr\u00f3prias hidrel\u00e9tricas. Como o monitoramento delas \u00e9 por for\u00e7a regulat\u00f3ria, \u00e9 preciso fiscalizar. Para fazer isso, comparamos com dados de esta\u00e7\u00f5es nossas que est\u00e3o no raio&#8221;, explicou.\u00a0<br><br><strong>Impactos na pr\u00e1tica<\/strong><br>Os dados da rede dimensionam desde um projeto de rodovia a uma obra de bueiro na rua, observou a diretora-presidente da ANA. O momento or\u00e7ament\u00e1rio de 2025 \u00e9 o mais cr\u00edtico da hist\u00f3ria para a opera\u00e7\u00e3o da RHN dentro da ANA. Mas a redu\u00e7\u00e3o de dinheiro para alimentar o sistema j\u00e1 \u00e9 registrada nos \u00faltimos cinco anos. Em novembro do ano passado, 62 entidades divulgaram uma carta aberta que alertava para a \u201ccont\u00ednua redu\u00e7\u00e3o de recursos e capacidades\u201d dedicadas \u00e0 rede.<br><br>As informa\u00e7\u00f5es permitem a realiza\u00e7\u00e3o de estudos e modelagens \u201cindispens\u00e1veis\u201d ao planejamento de todas as atividades econ\u00f4micas, \u00e0 gest\u00e3o da \u00e1gua, \u00e0 prote\u00e7\u00e3o das pessoas e propriedades diante de secas, inunda\u00e7\u00f5es e eventos extremos, explica o documento.<br><br>Para o setor de log\u00edstica, as redes hidrometeorol\u00f3gicas permitem monitorar n\u00edveis de navegabilidade, al\u00e9m de prever e avaliar as condi\u00e7\u00f5es do tr\u00e1fego rodovi\u00e1rio e garantir a seguran\u00e7a da avia\u00e7\u00e3o. No saneamento b\u00e1sico, as informa\u00e7\u00f5es s\u00e3o usadas em projetos de capta\u00e7\u00e3o de \u00e1gua para abastecimento das cidades, por exemplo, diz a carta.<br><br>Entre os signat\u00e1rios estavam ANA, Abdib (Associa\u00e7\u00e3o Brasileira da Infraestrutura e Ind\u00fastrias de Base), Abrage (Associa\u00e7\u00e3o Brasileira das Empresas Geradoras de Energia El\u00e9trica), Abcon Sindcon (Associa\u00e7\u00e3o e Sindicato Nacional das Concession\u00e1rias Privadas de Servi\u00e7os P\u00fablicos de \u00c1gua e Esgoto), CNA (Confedera\u00e7\u00e3o da Agricultura e Pecu\u00e1ria do Brasil) e Ibram (Instituto Brasileiro de Minera\u00e7\u00e3o), al\u00e9m de outros institutos e \u00f3rg\u00e3os p\u00fablicos federais e subnacionais.<br><br><strong>Eventos extremos<\/strong><br>Com a intensifica\u00e7\u00e3o de eventos clim\u00e1ticos extremos, o monitoramento hidrometeorol\u00f3gico se tornou ainda mais relevante para a preven\u00e7\u00e3o de desastres e outros imprevistos, observa S\u00e1nchez. Ela d\u00e1 dois exemplos recentes: as cheias no Rio Grande do Sul, onde a tend\u00eancia de mudan\u00e7a do n\u00edvel do rio aconteceu de forma muito r\u00e1pida, e a seca no Norte em 2024, que fez o governo se antecipar para transportar \u00f3leo diesel e garantir o funcionamento das termoel\u00e9tricas.\u00a0<br><br>O superintendente da Rede na ANA lembra ainda que est\u00e1 previsto para este ano o in\u00edcio de um processo de seca no semi\u00e1rido. \u201cAs esta\u00e7\u00f5es chuvosas n\u00e3o v\u00e3o ser suficientes para recarregar os seus reservat\u00f3rios de \u00e1gua.&#8221; Mas de 444 esta\u00e7\u00f5es que monitoram os a\u00e7udes do Nordeste e Norte de Minas, a ag\u00eancia precisou cortar a opera\u00e7\u00e3o de metade em 2025. \u201cN\u00e3o vai nem ter observador. \u00c9 cruel&#8221;, disse Souza. Segundo ele, entre 75% e 80% das esta\u00e7\u00f5es da ANA s\u00e3o operadas pelo Servi\u00e7o Geol\u00f3gico do Brasil, que recebe recursos da ag\u00eancia para a atividade.<br><br><strong>Cobertor curto<\/strong><br>O esfor\u00e7o da ANA ser\u00e1 por manter de forma mais integral poss\u00edvel a opera\u00e7\u00e3o de cerca de 800 esta\u00e7\u00f5es que est\u00e3o na chamada \u201crede de refer\u00eancia\u201d. Elas atendem a mais objetivos de monitoramento e\u00a0requerem maior tempestividade da disponibiliza\u00e7\u00e3o do dado. Por isso, a maioria delas \u00e9 telem\u00e9trica e\u00a0coleta\u00a0dados de 15 em 15 minutos para abastecer a rede.\u00a0<br><br>No restante das esta\u00e7\u00f5es da ANA, que no total\u00a0se dividem entre pluviom\u00e9tricas e fluviom\u00e9tricas, haver\u00e1 ou interrup\u00e7\u00e3o de manuten\u00e7\u00e3o e medi\u00e7\u00e3o de vaz\u00f5es ou redu\u00e7\u00e3o por cerca da\u00a0metade das visitas t\u00e9cnicas anuais.<br><br>Em 2024, quando j\u00e1 estava com o or\u00e7amento reduzido, a ANA postergou para este ano algumas manuten\u00e7\u00f5es peri\u00f3dicas que eram feitas a cada seis meses. Mas como o caixa neste ano est\u00e1 pior, o que n\u00e3o foi executado\u00a0no ano passado n\u00e3o poder\u00e1 vir em 2025. \u201cO que era para ser feito em seis meses passou para um ano. Vamos passar para um ano e meio, dois anos, para fazer a manuten\u00e7\u00e3o\u201d, alertou S\u00e1nchez.<br><br><strong>ANA sem vincula\u00e7\u00e3o<\/strong><br>A maior despesa do or\u00e7amento da ANA, hoje em R$ 146 milh\u00f5es, \u00e9 com a opera\u00e7\u00e3o das quase cinco mil esta\u00e7\u00f5es da RNH sob sua responsabilidade. A falta de dinheiro para a autarquia executar todas suas responsabilidades se repete em outros \u00f3rg\u00e3os reguladores federais. Mas no caso da ag\u00eancia de \u00e1guas h\u00e1 um \u201cdrama\u201d adicional.\u00a0<br><br>A ANA est\u00e1 h\u00e1 dois anos e meio \u2013 desde o in\u00edcio do governo Lula \u2013 sem vincula\u00e7\u00e3o a algum minist\u00e9rio espec\u00edfico, o que limita o esfor\u00e7o para o \u00f3rg\u00e3o ser socorrido por alguma pasta. Embora a lei a tenha colocado no guarda-chuva do MIDR (Minist\u00e9rio da Integra\u00e7\u00e3o e do Desenvolvimento Regional), a decis\u00e3o n\u00e3o foi oficializada em decreto at\u00e9 hoje.<\/p>\n","protected":false},"excerpt":{"rendered":"<p>Amanda Pupo, da Ag\u00eancia iNFRA O estrangulamento or\u00e7ament\u00e1rio do governo federal colocou em risco o funcionamento integral de um sistema centen\u00e1rio de dados que subsidia todo o setor de infraestrutura e engenharia do pa\u00eds, al\u00e9m da defesa civil. O impacto \u00e9 sobre a chamada RHN (Rede Hidrometeorol\u00f3gica Nacional), que \u00e9 coordenada pela ANA (Ag\u00eancia Nacional [&hellip;]<\/p>\n","protected":false},"author":1,"featured_media":6962,"comment_status":"closed","ping_status":"closed","sticky":false,"template":"","format":"standard","meta":{"_monsterinsights_skip_tracking":false,"_monsterinsights_sitenote_active":false,"_monsterinsights_sitenote_note":"","_monsterinsights_sitenote_category":0,"footnotes":""},"categories":[18468],"tags":[763,13354,77,14315,11384,14318,6972,34,12211,8878,14317],"class_list":["post-24578","post","type-post","status-publish","format-standard","has-post-thumbnail","hentry","category-infra-cidades","tag-agencia-nacional-de-aguas","tag-amanda-pupo","tag-ana","tag-cortes-nas-agencias","tag-cortes-orcamentarios","tag-dados-hidrometeorologicos","tag-eventos-climaticos","tag-infraestrutura","tag-orcamento-federal","tag-rede-hidrometeorologica-nacional","tag-rhn"],"yoast_head":"<!-- This site is optimized with the Yoast SEO Premium plugin v25.4 (Yoast SEO v26.0) - https:\/\/yoast.com\/wordpress\/plugins\/seo\/ -->\n<title>Sem recursos, ANA reduz opera\u00e7\u00e3o de rede usada em projetos de infraestrutura - Ag\u00eancia iNFRA<\/title>\n<meta name=\"robots\" content=\"index, follow, max-snippet:-1, max-image-preview:large, max-video-preview:-1\" \/>\n<link rel=\"canonical\" href=\"https:\/\/agenciainfra.com\/blog\/sem-recursos-ana-reduz-operacao-de-rede-usada-em-projetos-de-infraestrutura\/\" \/>\n<meta property=\"og:locale\" content=\"pt_BR\" \/>\n<meta property=\"og:type\" content=\"article\" \/>\n<meta property=\"og:title\" content=\"Sem recursos, ANA reduz opera\u00e7\u00e3o de rede usada em projetos de infraestrutura\" \/>\n<meta property=\"og:description\" content=\"Amanda Pupo, da Ag\u00eancia iNFRA O estrangulamento or\u00e7ament\u00e1rio do governo federal colocou em risco o funcionamento integral de um sistema centen\u00e1rio de dados que subsidia todo o setor de infraestrutura e engenharia do pa\u00eds, al\u00e9m da defesa civil. O impacto \u00e9 sobre a chamada RHN (Rede Hidrometeorol\u00f3gica Nacional), que \u00e9 coordenada pela ANA (Ag\u00eancia Nacional [&hellip;]\" \/>\n<meta property=\"og:url\" content=\"https:\/\/agenciainfra.com\/blog\/sem-recursos-ana-reduz-operacao-de-rede-usada-em-projetos-de-infraestrutura\/\" \/>\n<meta property=\"og:site_name\" content=\"Ag\u00eancia iNFRA\" \/>\n<meta property=\"article:publisher\" content=\"https:\/\/www.facebook.com\/ageninfra\" \/>\n<meta property=\"article:published_time\" content=\"2025-07-14T14:00:00+00:00\" \/>\n<meta property=\"article:modified_time\" content=\"2026-02-13T20:23:37+00:00\" \/>\n<meta property=\"og:image\" content=\"https:\/\/agenciainfra.com\/blog\/wp-content\/uploads\/2021\/03\/gota-d-agua-foto-dominio-publico-1.jpeg\" \/>\n\t<meta property=\"og:image:width\" content=\"1280\" \/>\n\t<meta property=\"og:image:height\" content=\"853\" \/>\n\t<meta property=\"og:image:type\" content=\"image\/jpeg\" \/>\n<meta name=\"author\" content=\"Ag\u00eancia iNFRA\" \/>\n<meta name=\"twitter:card\" content=\"summary_large_image\" \/>\n<meta name=\"twitter:creator\" content=\"@agencia_infra\" \/>\n<meta name=\"twitter:site\" content=\"@agencia_infra\" \/>\n<meta name=\"twitter:label1\" content=\"Escrito por\" \/>\n\t<meta name=\"twitter:data1\" content=\"Ag\u00eancia iNFRA\" \/>\n\t<meta name=\"twitter:label2\" content=\"Est. tempo de leitura\" \/>\n\t<meta name=\"twitter:data2\" content=\"6 minutos\" \/>\n<script type=\"application\/ld+json\" class=\"yoast-schema-graph\">{\"@context\":\"https:\/\/schema.org\",\"@graph\":[{\"@type\":\"Article\",\"@id\":\"https:\/\/agenciainfra.com\/blog\/sem-recursos-ana-reduz-operacao-de-rede-usada-em-projetos-de-infraestrutura\/#article\",\"isPartOf\":{\"@id\":\"https:\/\/agenciainfra.com\/blog\/sem-recursos-ana-reduz-operacao-de-rede-usada-em-projetos-de-infraestrutura\/\"},\"author\":{\"name\":\"Ag\u00eancia iNFRA\",\"@id\":\"https:\/\/agenciainfra.com\/blog\/#\/schema\/person\/34af08dff6adea4cb22b06612ba7acfa\"},\"headline\":\"Sem recursos, ANA reduz opera\u00e7\u00e3o de rede usada em projetos de infraestrutura\",\"datePublished\":\"2025-07-14T14:00:00+00:00\",\"dateModified\":\"2026-02-13T20:23:37+00:00\",\"mainEntityOfPage\":{\"@id\":\"https:\/\/agenciainfra.com\/blog\/sem-recursos-ana-reduz-operacao-de-rede-usada-em-projetos-de-infraestrutura\/\"},\"wordCount\":1248,\"publisher\":{\"@id\":\"https:\/\/agenciainfra.com\/blog\/#organization\"},\"image\":{\"@id\":\"https:\/\/agenciainfra.com\/blog\/sem-recursos-ana-reduz-operacao-de-rede-usada-em-projetos-de-infraestrutura\/#primaryimage\"},\"thumbnailUrl\":\"https:\/\/agenciainfra.com\/blog\/wp-content\/uploads\/2021\/03\/gota-d-agua-foto-dominio-publico-1.jpeg\",\"keywords\":[\"Ag\u00eancia Nacional de \u00c1guas\",\"Amanda Pupo\",\"ANA\",\"cortes nas ag\u00eancias\",\"cortes or\u00e7ament\u00e1rios\",\"dados hidrometeorol\u00f3gicos\",\"eventos clim\u00e1ticos\",\"Infraestrutura\",\"or\u00e7amento federal\",\"Rede Hidrometeorol\u00f3gica Nacional\",\"RHN\"],\"articleSection\":[\"iNFRACidades\"],\"inLanguage\":\"pt-BR\",\"copyrightYear\":\"2025\",\"copyrightHolder\":{\"@id\":\"https:\/\/agenciainfra.com\/blog\/#organization\"}},{\"@type\":\"WebPage\",\"@id\":\"https:\/\/agenciainfra.com\/blog\/sem-recursos-ana-reduz-operacao-de-rede-usada-em-projetos-de-infraestrutura\/\",\"url\":\"https:\/\/agenciainfra.com\/blog\/sem-recursos-ana-reduz-operacao-de-rede-usada-em-projetos-de-infraestrutura\/\",\"name\":\"Sem recursos, ANA reduz opera\u00e7\u00e3o de rede usada em projetos de infraestrutura - Ag\u00eancia iNFRA\",\"isPartOf\":{\"@id\":\"https:\/\/agenciainfra.com\/blog\/#website\"},\"primaryImageOfPage\":{\"@id\":\"https:\/\/agenciainfra.com\/blog\/sem-recursos-ana-reduz-operacao-de-rede-usada-em-projetos-de-infraestrutura\/#primaryimage\"},\"image\":{\"@id\":\"https:\/\/agenciainfra.com\/blog\/sem-recursos-ana-reduz-operacao-de-rede-usada-em-projetos-de-infraestrutura\/#primaryimage\"},\"thumbnailUrl\":\"https:\/\/agenciainfra.com\/blog\/wp-content\/uploads\/2021\/03\/gota-d-agua-foto-dominio-publico-1.jpeg\",\"datePublished\":\"2025-07-14T14:00:00+00:00\",\"dateModified\":\"2026-02-13T20:23:37+00:00\",\"breadcrumb\":{\"@id\":\"https:\/\/agenciainfra.com\/blog\/sem-recursos-ana-reduz-operacao-de-rede-usada-em-projetos-de-infraestrutura\/#breadcrumb\"},\"inLanguage\":\"pt-BR\",\"potentialAction\":[{\"@type\":\"ReadAction\",\"target\":[\"https:\/\/agenciainfra.com\/blog\/sem-recursos-ana-reduz-operacao-de-rede-usada-em-projetos-de-infraestrutura\/\"]}]},{\"@type\":\"ImageObject\",\"inLanguage\":\"pt-BR\",\"@id\":\"https:\/\/agenciainfra.com\/blog\/sem-recursos-ana-reduz-operacao-de-rede-usada-em-projetos-de-infraestrutura\/#primaryimage\",\"url\":\"https:\/\/agenciainfra.com\/blog\/wp-content\/uploads\/2021\/03\/gota-d-agua-foto-dominio-publico-1.jpeg\",\"contentUrl\":\"https:\/\/agenciainfra.com\/blog\/wp-content\/uploads\/2021\/03\/gota-d-agua-foto-dominio-publico-1.jpeg\",\"width\":1280,\"height\":853,\"caption\":\"Foto: Dom\u00ednio P\u00fablico\"},{\"@type\":\"BreadcrumbList\",\"@id\":\"https:\/\/agenciainfra.com\/blog\/sem-recursos-ana-reduz-operacao-de-rede-usada-em-projetos-de-infraestrutura\/#breadcrumb\",\"itemListElement\":[{\"@type\":\"ListItem\",\"position\":1,\"name\":\"In\u00edcio\",\"item\":\"https:\/\/agenciainfra.com\/blog\/\"},{\"@type\":\"ListItem\",\"position\":2,\"name\":\"Sem recursos, ANA reduz opera\u00e7\u00e3o de rede usada em projetos de infraestrutura\"}]},{\"@type\":\"WebSite\",\"@id\":\"https:\/\/agenciainfra.com\/blog\/#website\",\"url\":\"https:\/\/agenciainfra.com\/blog\/\",\"name\":\"Ag\u00eancia iNFRA\",\"description\":\"Multiplataforma de informa\u00e7\u00e3o jornal\u00edstica refer\u00eancia na \u00e1rea de infraestrutura no Brasil!\",\"publisher\":{\"@id\":\"https:\/\/agenciainfra.com\/blog\/#organization\"},\"potentialAction\":[{\"@type\":\"SearchAction\",\"target\":{\"@type\":\"EntryPoint\",\"urlTemplate\":\"https:\/\/agenciainfra.com\/blog\/?s={search_term_string}\"},\"query-input\":{\"@type\":\"PropertyValueSpecification\",\"valueRequired\":true,\"valueName\":\"search_term_string\"}}],\"inLanguage\":\"pt-BR\"},{\"@type\":\"Organization\",\"@id\":\"https:\/\/agenciainfra.com\/blog\/#organization\",\"name\":\"Ag\u00eancia iNFRA\",\"url\":\"https:\/\/agenciainfra.com\/blog\/\",\"logo\":{\"@type\":\"ImageObject\",\"inLanguage\":\"pt-BR\",\"@id\":\"https:\/\/agenciainfra.com\/blog\/#\/schema\/logo\/image\/\",\"url\":\"https:\/\/agenciainfra.com\/blog\/wp-content\/uploads\/2023\/09\/iNFRA_5-e1761735885940.png\",\"contentUrl\":\"https:\/\/agenciainfra.com\/blog\/wp-content\/uploads\/2023\/09\/iNFRA_5-e1761735885940.png\",\"width\":1672,\"height\":454,\"caption\":\"Ag\u00eancia iNFRA\"},\"image\":{\"@id\":\"https:\/\/agenciainfra.com\/blog\/#\/schema\/logo\/image\/\"},\"sameAs\":[\"https:\/\/www.facebook.com\/ageninfra\",\"https:\/\/x.com\/agencia_infra\",\"https:\/\/www.linkedin.com\/company\/ag\u00eanciainfra\/\",\"https:\/\/www.instagram.com\/agenciainfra\/\"]},{\"@type\":\"Person\",\"@id\":\"https:\/\/agenciainfra.com\/blog\/#\/schema\/person\/34af08dff6adea4cb22b06612ba7acfa\",\"name\":\"Ag\u00eancia iNFRA\",\"image\":{\"@type\":\"ImageObject\",\"inLanguage\":\"pt-BR\",\"@id\":\"https:\/\/agenciainfra.com\/blog\/#\/schema\/person\/image\/\",\"url\":\"https:\/\/secure.gravatar.com\/avatar\/d189e01678f06d8eb84d4e01f08eb848b3fffe3f8443818d3c356c66892f5be8?s=96&d=mm&r=g\",\"contentUrl\":\"https:\/\/secure.gravatar.com\/avatar\/d189e01678f06d8eb84d4e01f08eb848b3fffe3f8443818d3c356c66892f5be8?s=96&d=mm&r=g\",\"caption\":\"Ag\u00eancia iNFRA\"},\"url\":\"https:\/\/agenciainfra.com\/blog\/author\/admin\/\"}]}<\/script>\n<!-- \/ Yoast SEO Premium plugin. -->","yoast_head_json":{"title":"Sem recursos, ANA reduz opera\u00e7\u00e3o de rede usada em projetos de infraestrutura - Ag\u00eancia iNFRA","robots":{"index":"index","follow":"follow","max-snippet":"max-snippet:-1","max-image-preview":"max-image-preview:large","max-video-preview":"max-video-preview:-1"},"canonical":"https:\/\/agenciainfra.com\/blog\/sem-recursos-ana-reduz-operacao-de-rede-usada-em-projetos-de-infraestrutura\/","og_locale":"pt_BR","og_type":"article","og_title":"Sem recursos, ANA reduz opera\u00e7\u00e3o de rede usada em projetos de infraestrutura","og_description":"Amanda Pupo, da Ag\u00eancia iNFRA O estrangulamento or\u00e7ament\u00e1rio do governo federal colocou em risco o funcionamento integral de um sistema centen\u00e1rio de dados que subsidia todo o setor de infraestrutura e engenharia do pa\u00eds, al\u00e9m da defesa civil. O impacto \u00e9 sobre a chamada RHN (Rede Hidrometeorol\u00f3gica Nacional), que \u00e9 coordenada pela ANA (Ag\u00eancia Nacional [&hellip;]","og_url":"https:\/\/agenciainfra.com\/blog\/sem-recursos-ana-reduz-operacao-de-rede-usada-em-projetos-de-infraestrutura\/","og_site_name":"Ag\u00eancia iNFRA","article_publisher":"https:\/\/www.facebook.com\/ageninfra","article_published_time":"2025-07-14T14:00:00+00:00","article_modified_time":"2026-02-13T20:23:37+00:00","og_image":[{"width":1280,"height":853,"url":"https:\/\/agenciainfra.com\/blog\/wp-content\/uploads\/2021\/03\/gota-d-agua-foto-dominio-publico-1.jpeg","type":"image\/jpeg"}],"author":"Ag\u00eancia iNFRA","twitter_card":"summary_large_image","twitter_creator":"@agencia_infra","twitter_site":"@agencia_infra","twitter_misc":{"Escrito por":"Ag\u00eancia iNFRA","Est. tempo de leitura":"6 minutos"},"schema":{"@context":"https:\/\/schema.org","@graph":[{"@type":"Article","@id":"https:\/\/agenciainfra.com\/blog\/sem-recursos-ana-reduz-operacao-de-rede-usada-em-projetos-de-infraestrutura\/#article","isPartOf":{"@id":"https:\/\/agenciainfra.com\/blog\/sem-recursos-ana-reduz-operacao-de-rede-usada-em-projetos-de-infraestrutura\/"},"author":{"name":"Ag\u00eancia iNFRA","@id":"https:\/\/agenciainfra.com\/blog\/#\/schema\/person\/34af08dff6adea4cb22b06612ba7acfa"},"headline":"Sem recursos, ANA reduz opera\u00e7\u00e3o de rede usada em projetos de infraestrutura","datePublished":"2025-07-14T14:00:00+00:00","dateModified":"2026-02-13T20:23:37+00:00","mainEntityOfPage":{"@id":"https:\/\/agenciainfra.com\/blog\/sem-recursos-ana-reduz-operacao-de-rede-usada-em-projetos-de-infraestrutura\/"},"wordCount":1248,"publisher":{"@id":"https:\/\/agenciainfra.com\/blog\/#organization"},"image":{"@id":"https:\/\/agenciainfra.com\/blog\/sem-recursos-ana-reduz-operacao-de-rede-usada-em-projetos-de-infraestrutura\/#primaryimage"},"thumbnailUrl":"https:\/\/agenciainfra.com\/blog\/wp-content\/uploads\/2021\/03\/gota-d-agua-foto-dominio-publico-1.jpeg","keywords":["Ag\u00eancia Nacional de \u00c1guas","Amanda Pupo","ANA","cortes nas ag\u00eancias","cortes or\u00e7ament\u00e1rios","dados hidrometeorol\u00f3gicos","eventos clim\u00e1ticos","Infraestrutura","or\u00e7amento federal","Rede Hidrometeorol\u00f3gica Nacional","RHN"],"articleSection":["iNFRACidades"],"inLanguage":"pt-BR","copyrightYear":"2025","copyrightHolder":{"@id":"https:\/\/agenciainfra.com\/blog\/#organization"}},{"@type":"WebPage","@id":"https:\/\/agenciainfra.com\/blog\/sem-recursos-ana-reduz-operacao-de-rede-usada-em-projetos-de-infraestrutura\/","url":"https:\/\/agenciainfra.com\/blog\/sem-recursos-ana-reduz-operacao-de-rede-usada-em-projetos-de-infraestrutura\/","name":"Sem recursos, ANA reduz opera\u00e7\u00e3o de rede usada em projetos de infraestrutura - Ag\u00eancia iNFRA","isPartOf":{"@id":"https:\/\/agenciainfra.com\/blog\/#website"},"primaryImageOfPage":{"@id":"https:\/\/agenciainfra.com\/blog\/sem-recursos-ana-reduz-operacao-de-rede-usada-em-projetos-de-infraestrutura\/#primaryimage"},"image":{"@id":"https:\/\/agenciainfra.com\/blog\/sem-recursos-ana-reduz-operacao-de-rede-usada-em-projetos-de-infraestrutura\/#primaryimage"},"thumbnailUrl":"https:\/\/agenciainfra.com\/blog\/wp-content\/uploads\/2021\/03\/gota-d-agua-foto-dominio-publico-1.jpeg","datePublished":"2025-07-14T14:00:00+00:00","dateModified":"2026-02-13T20:23:37+00:00","breadcrumb":{"@id":"https:\/\/agenciainfra.com\/blog\/sem-recursos-ana-reduz-operacao-de-rede-usada-em-projetos-de-infraestrutura\/#breadcrumb"},"inLanguage":"pt-BR","potentialAction":[{"@type":"ReadAction","target":["https:\/\/agenciainfra.com\/blog\/sem-recursos-ana-reduz-operacao-de-rede-usada-em-projetos-de-infraestrutura\/"]}]},{"@type":"ImageObject","inLanguage":"pt-BR","@id":"https:\/\/agenciainfra.com\/blog\/sem-recursos-ana-reduz-operacao-de-rede-usada-em-projetos-de-infraestrutura\/#primaryimage","url":"https:\/\/agenciainfra.com\/blog\/wp-content\/uploads\/2021\/03\/gota-d-agua-foto-dominio-publico-1.jpeg","contentUrl":"https:\/\/agenciainfra.com\/blog\/wp-content\/uploads\/2021\/03\/gota-d-agua-foto-dominio-publico-1.jpeg","width":1280,"height":853,"caption":"Foto: Dom\u00ednio P\u00fablico"},{"@type":"BreadcrumbList","@id":"https:\/\/agenciainfra.com\/blog\/sem-recursos-ana-reduz-operacao-de-rede-usada-em-projetos-de-infraestrutura\/#breadcrumb","itemListElement":[{"@type":"ListItem","position":1,"name":"In\u00edcio","item":"https:\/\/agenciainfra.com\/blog\/"},{"@type":"ListItem","position":2,"name":"Sem recursos, ANA reduz opera\u00e7\u00e3o de rede usada em projetos de infraestrutura"}]},{"@type":"WebSite","@id":"https:\/\/agenciainfra.com\/blog\/#website","url":"https:\/\/agenciainfra.com\/blog\/","name":"Ag\u00eancia iNFRA","description":"Multiplataforma de informa\u00e7\u00e3o jornal\u00edstica refer\u00eancia na \u00e1rea de infraestrutura no Brasil!","publisher":{"@id":"https:\/\/agenciainfra.com\/blog\/#organization"},"potentialAction":[{"@type":"SearchAction","target":{"@type":"EntryPoint","urlTemplate":"https:\/\/agenciainfra.com\/blog\/?s={search_term_string}"},"query-input":{"@type":"PropertyValueSpecification","valueRequired":true,"valueName":"search_term_string"}}],"inLanguage":"pt-BR"},{"@type":"Organization","@id":"https:\/\/agenciainfra.com\/blog\/#organization","name":"Ag\u00eancia iNFRA","url":"https:\/\/agenciainfra.com\/blog\/","logo":{"@type":"ImageObject","inLanguage":"pt-BR","@id":"https:\/\/agenciainfra.com\/blog\/#\/schema\/logo\/image\/","url":"https:\/\/agenciainfra.com\/blog\/wp-content\/uploads\/2023\/09\/iNFRA_5-e1761735885940.png","contentUrl":"https:\/\/agenciainfra.com\/blog\/wp-content\/uploads\/2023\/09\/iNFRA_5-e1761735885940.png","width":1672,"height":454,"caption":"Ag\u00eancia iNFRA"},"image":{"@id":"https:\/\/agenciainfra.com\/blog\/#\/schema\/logo\/image\/"},"sameAs":["https:\/\/www.facebook.com\/ageninfra","https:\/\/x.com\/agencia_infra","https:\/\/www.linkedin.com\/company\/ag\u00eanciainfra\/","https:\/\/www.instagram.com\/agenciainfra\/"]},{"@type":"Person","@id":"https:\/\/agenciainfra.com\/blog\/#\/schema\/person\/34af08dff6adea4cb22b06612ba7acfa","name":"Ag\u00eancia iNFRA","image":{"@type":"ImageObject","inLanguage":"pt-BR","@id":"https:\/\/agenciainfra.com\/blog\/#\/schema\/person\/image\/","url":"https:\/\/secure.gravatar.com\/avatar\/d189e01678f06d8eb84d4e01f08eb848b3fffe3f8443818d3c356c66892f5be8?s=96&d=mm&r=g","contentUrl":"https:\/\/secure.gravatar.com\/avatar\/d189e01678f06d8eb84d4e01f08eb848b3fffe3f8443818d3c356c66892f5be8?s=96&d=mm&r=g","caption":"Ag\u00eancia iNFRA"},"url":"https:\/\/agenciainfra.com\/blog\/author\/admin\/"}]}},"_links":{"self":[{"href":"https:\/\/agenciainfra.com\/blog\/wp-json\/wp\/v2\/posts\/24578","targetHints":{"allow":["GET"]}}],"collection":[{"href":"https:\/\/agenciainfra.com\/blog\/wp-json\/wp\/v2\/posts"}],"about":[{"href":"https:\/\/agenciainfra.com\/blog\/wp-json\/wp\/v2\/types\/post"}],"author":[{"embeddable":true,"href":"https:\/\/agenciainfra.com\/blog\/wp-json\/wp\/v2\/users\/1"}],"replies":[{"embeddable":true,"href":"https:\/\/agenciainfra.com\/blog\/wp-json\/wp\/v2\/comments?post=24578"}],"version-history":[{"count":1,"href":"https:\/\/agenciainfra.com\/blog\/wp-json\/wp\/v2\/posts\/24578\/revisions"}],"predecessor-version":[{"id":24579,"href":"https:\/\/agenciainfra.com\/blog\/wp-json\/wp\/v2\/posts\/24578\/revisions\/24579"}],"wp:featuredmedia":[{"embeddable":true,"href":"https:\/\/agenciainfra.com\/blog\/wp-json\/wp\/v2\/media\/6962"}],"wp:attachment":[{"href":"https:\/\/agenciainfra.com\/blog\/wp-json\/wp\/v2\/media?parent=24578"}],"wp:term":[{"taxonomy":"category","embeddable":true,"href":"https:\/\/agenciainfra.com\/blog\/wp-json\/wp\/v2\/categories?post=24578"},{"taxonomy":"post_tag","embeddable":true,"href":"https:\/\/agenciainfra.com\/blog\/wp-json\/wp\/v2\/tags?post=24578"}],"curies":[{"name":"wp","href":"https:\/\/api.w.org\/{rel}","templated":true}]}}