{"id":24580,"date":"2025-07-14T09:00:00","date_gmt":"2025-07-14T12:00:00","guid":{"rendered":"https:\/\/agenciainfra.com\/blog\/?p=24580"},"modified":"2025-07-15T10:05:33","modified_gmt":"2025-07-15T13:05:33","slug":"governo-calcula-valor-teto-da-cde-entre-r-50-bi-e-r-55-bi-ao-ano-com-nova-mp","status":"publish","type":"post","link":"https:\/\/agenciainfra.com\/blog\/governo-calcula-valor-teto-da-cde-entre-r-50-bi-e-r-55-bi-ao-ano-com-nova-mp\/","title":{"rendered":"Governo calcula valor teto da CDE entre R$ 50 bi e R$ 55 bi ao ano com nova MP"},"content":{"rendered":"\n<p class=\"has-text-align-right\"><strong>Lais Carregosa e Marisa Wanzeller, da Ag\u00eancia iNFRA<\/strong><\/p>\n\n\n\n<p>O governo calcula que o teto&nbsp;para o crescimento da CDE (Conta de Desenvolvimento Energ\u00e9tico), encargo que mais pesa nas contas de luz, deve ser de R$ 50 bilh\u00f5es a R$ 55 bilh\u00f5es, equivalente \u00e0 proje\u00e7\u00e3o feita para a CDE em 2026, disseram fontes \u00e0&nbsp;<strong>Ag\u00eancia iNFRA<\/strong>. Conforme estabelecido pela MP&nbsp;<a href=\"https:\/\/agenciainfra.us14.list-manage.com\/track\/click?u=d460dd1bcf9ba0ae040e1fc0f&amp;id=f800d204ad&amp;e=1192c754bc\" target=\"_blank\" rel=\"noreferrer noopener\">(Medida Provis\u00f3ria) 1.304\/2025<\/a>, publicada na sexta-feira (11), o valor de 2026 ser\u00e1 o teto do encargo nos pr\u00f3ximos anos.<br><br>A proje\u00e7\u00e3o, contudo, ainda \u00e9 extraoficial. Relatos de agentes do setor \u00e0&nbsp;<strong>Ag\u00eancia iNFRA<\/strong>&nbsp;apontam que o n\u00famero pode estar subestimado e que o or\u00e7amento da CDE em 2026 pode ser maior. Conta tamb\u00e9m o fato de que, j\u00e1 para 2025, a proje\u00e7\u00e3o de t\u00e9cnicos da ANEEL (Ag\u00eancia Nacional de Energia El\u00e9trica) \u00e9 que o or\u00e7amento da conta de subs\u00eddios&nbsp;<a href=\"https:\/\/agenciainfra.us14.list-manage.com\/track\/click?u=d460dd1bcf9ba0ae040e1fc0f&amp;id=93b97182b2&amp;e=1192c754bc\" target=\"_blank\" rel=\"noreferrer noopener\">chegue a R$ 49,2 bilh\u00f5es.<\/a><br><br>De acordo com interlocutores, a proje\u00e7\u00e3o do governo conta com os efeitos da&nbsp;<a href=\"https:\/\/agenciainfra.us14.list-manage.com\/track\/click?u=d460dd1bcf9ba0ae040e1fc0f&amp;id=936e044332&amp;e=1192c754bc\" target=\"_blank\" rel=\"noreferrer noopener\">MP 1.300<\/a>, publicada em maio, que trata da reforma do setor el\u00e9trico. A MP tem efeito de aumento na CDE com a amplia\u00e7\u00e3o da Tarifa Social. Por outro lado, reduz a proje\u00e7\u00e3o da CDE com o fim dos descontos nos fios de transmiss\u00e3o e distribui\u00e7\u00e3o para consumidores das chamadas \u201cfontes incentivadas\u201d.<br><br>Portanto, a estimativa do governo \u00e9 que o valor fique est\u00e1vel em rela\u00e7\u00e3o a 2025. O or\u00e7amento da CDE deste ano ainda n\u00e3o foi aprovado, mas a \u00faltima atualiza\u00e7\u00e3o da \u00e1rea t\u00e9cnica da ANEEL (Ag\u00eancia Nacional de Energia El\u00e9trica) aumentou o valor de R$ 40,6 bilh\u00f5es para R$ 49,2 bilh\u00f5es. O processo est\u00e1 na pauta da reuni\u00e3o de diretoria desta ter\u00e7a-feira (15).<br><br>Conforme a MP 1.304, o que ultrapassar o teto estabelecido (ou seja, a CDE de 2026), ser\u00e1 arcado pelo novo \u201cencargo de complemento de recursos\u201d, a ser pago por alguns dos segmentos beneficiados pelos subs\u00eddios, como GD (gera\u00e7\u00e3o distribu\u00edda solar), fontes incentivadas (como solar e e\u00f3lica), irriga\u00e7\u00e3o e outros. A MP excetua do pagamento os programas sociais, a CCC (Conta de Consumo de Combust\u00edveis) e as distribuidoras de pequeno porte.<br><br><strong>Aumento exponencial da CDE<\/strong><br>Segundo interlocutores do governo, o teto criado pela MP 1.304 visa interromper o crescimento exponencial que a CDE sofreu desde a sua cria\u00e7\u00e3o, em 2003. A conta de subs\u00eddios passou de R$ 1 bilh\u00e3o naquele ano para R$ 49,2 bilh\u00f5es em 2025 \u2013 conforme previs\u00e3o de t\u00e9cnicos da ANEEL. Ainda segundo dados da reguladora, a CDE representa, em m\u00e9dia, 15,8% da tarifa residencial.<br><br>Parte da alta est\u00e1 relacionada \u00e0 inclus\u00e3o da CCC (Conta de Consumo de Combust\u00edveis), que subsidia os combust\u00edveis para gera\u00e7\u00e3o termel\u00e9trica nos sistemas isolados, na CDE. Contudo, o aumento tamb\u00e9m tem sido atribu\u00eddo ao aumento dos subs\u00eddios das fontes incentivadas e da GD (gera\u00e7\u00e3o distribu\u00edda solar) \u2013 hoje, as duas cifras que mais pesam no encargo, de acordo com dados da ANEEL.<br><br>Est\u00e3o inclu\u00eddos na CDE os seguintes subs\u00eddios:<\/p>\n\n\n\n<ul class=\"wp-block-list\">\n<li>CCC<\/li>\n\n\n\n<li>Fontes incentivadas<\/li>\n\n\n\n<li>GD<\/li>\n\n\n\n<li>Tarifa Social de Energia El\u00e9trica<\/li>\n\n\n\n<li>Universaliza\u00e7\u00e3o do acesso \u00e0 energia por meio do Programa Luz para Todos<\/li>\n\n\n\n<li>Irriga\u00e7\u00e3o e Agricultura<\/li>\n\n\n\n<li>Carv\u00e3o mineral<\/li>\n\n\n\n<li>Distribuidoras de pequeno porte<\/li>\n\n\n\n<li>Produtores rurais ou trabalhadores rurais aposentados<\/li>\n\n\n\n<li>\u00c1gua, esgoto e saneamento.<\/li>\n<\/ul>\n","protected":false},"excerpt":{"rendered":"<p>Lais Carregosa e Marisa Wanzeller, da Ag\u00eancia iNFRA O governo calcula que o teto&nbsp;para o crescimento da CDE (Conta de Desenvolvimento Energ\u00e9tico), encargo que mais pesa nas contas de luz, deve ser de R$ 50 bilh\u00f5es a R$ 55 bilh\u00f5es, equivalente \u00e0 proje\u00e7\u00e3o feita para a CDE em 2026, disseram fontes \u00e0&nbsp;Ag\u00eancia iNFRA. Conforme estabelecido [&hellip;]<\/p>\n","protected":false},"author":1,"featured_media":24104,"comment_status":"closed","ping_status":"closed","sticky":false,"template":"","format":"standard","meta":{"_monsterinsights_skip_tracking":false,"_monsterinsights_sitenote_active":false,"_monsterinsights_sitenote_note":"","_monsterinsights_sitenote_category":0,"footnotes":""},"categories":[7250,1,10],"tags":[53,56,14319,13132,7366,71,14320,14321,13261,13014],"class_list":["post-24580","post","type-post","status-publish","format-standard","has-post-thumbnail","hentry","category-destaque-lista","category-geral","category-infraenergia","tag-aneel","tag-cde","tag-encargos-de-energia","tag-lais-carregosa","tag-marisa-wanzeller","tag-mme","tag-mp-1-304-2025","tag-mp-da-cde","tag-mp-do-setor-eletrico","tag-orcamento-da-cde"],"yoast_head":"<!-- This site is optimized with the Yoast SEO Premium plugin v25.4 (Yoast SEO v26.0) - https:\/\/yoast.com\/wordpress\/plugins\/seo\/ -->\n<title>Governo calcula valor teto da CDE entre R$ 50 bi e R$ 55 bi ao ano com nova MP - Ag\u00eancia iNFRA<\/title>\n<meta name=\"robots\" content=\"index, follow, max-snippet:-1, max-image-preview:large, max-video-preview:-1\" \/>\n<link rel=\"canonical\" href=\"https:\/\/agenciainfra.com\/blog\/governo-calcula-valor-teto-da-cde-entre-r-50-bi-e-r-55-bi-ao-ano-com-nova-mp\/\" \/>\n<meta property=\"og:locale\" content=\"pt_BR\" \/>\n<meta property=\"og:type\" content=\"article\" \/>\n<meta property=\"og:title\" content=\"Governo calcula valor teto da CDE entre R$ 50 bi e R$ 55 bi ao ano com nova MP\" \/>\n<meta property=\"og:description\" content=\"Lais Carregosa e Marisa Wanzeller, da Ag\u00eancia iNFRA O governo calcula que o teto&nbsp;para o crescimento da CDE (Conta de Desenvolvimento Energ\u00e9tico), encargo que mais pesa nas contas de luz, deve ser de R$ 50 bilh\u00f5es a R$ 55 bilh\u00f5es, equivalente \u00e0 proje\u00e7\u00e3o feita para a CDE em 2026, disseram fontes \u00e0&nbsp;Ag\u00eancia iNFRA. Conforme estabelecido [&hellip;]\" \/>\n<meta property=\"og:url\" content=\"https:\/\/agenciainfra.com\/blog\/governo-calcula-valor-teto-da-cde-entre-r-50-bi-e-r-55-bi-ao-ano-com-nova-mp\/\" \/>\n<meta property=\"og:site_name\" content=\"Ag\u00eancia iNFRA\" \/>\n<meta property=\"article:publisher\" content=\"https:\/\/www.facebook.com\/ageninfra\" \/>\n<meta property=\"article:published_time\" content=\"2025-07-14T12:00:00+00:00\" \/>\n<meta property=\"article:modified_time\" content=\"2025-07-15T13:05:33+00:00\" \/>\n<meta property=\"og:image\" content=\"https:\/\/agenciainfra.com\/blog\/wp-content\/uploads\/2025\/07\/ministerio-minas-energia-mme-foto-marcelo-camargo-agencia-brasil.jpg\" \/>\n\t<meta property=\"og:image:width\" content=\"1280\" \/>\n\t<meta property=\"og:image:height\" content=\"853\" \/>\n\t<meta property=\"og:image:type\" content=\"image\/jpeg\" \/>\n<meta name=\"author\" content=\"Ag\u00eancia iNFRA\" \/>\n<meta name=\"twitter:card\" content=\"summary_large_image\" \/>\n<meta name=\"twitter:creator\" content=\"@agencia_infra\" \/>\n<meta name=\"twitter:site\" content=\"@agencia_infra\" \/>\n<meta name=\"twitter:label1\" content=\"Escrito por\" \/>\n\t<meta name=\"twitter:data1\" content=\"Ag\u00eancia iNFRA\" \/>\n\t<meta name=\"twitter:label2\" content=\"Est. tempo de leitura\" \/>\n\t<meta name=\"twitter:data2\" content=\"3 minutos\" \/>\n<script type=\"application\/ld+json\" class=\"yoast-schema-graph\">{\"@context\":\"https:\/\/schema.org\",\"@graph\":[{\"@type\":\"Article\",\"@id\":\"https:\/\/agenciainfra.com\/blog\/governo-calcula-valor-teto-da-cde-entre-r-50-bi-e-r-55-bi-ao-ano-com-nova-mp\/#article\",\"isPartOf\":{\"@id\":\"https:\/\/agenciainfra.com\/blog\/governo-calcula-valor-teto-da-cde-entre-r-50-bi-e-r-55-bi-ao-ano-com-nova-mp\/\"},\"author\":{\"name\":\"Ag\u00eancia iNFRA\",\"@id\":\"https:\/\/agenciainfra.com\/blog\/#\/schema\/person\/34af08dff6adea4cb22b06612ba7acfa\"},\"headline\":\"Governo calcula valor teto da CDE entre R$ 50 bi e R$ 55 bi ao ano com nova MP\",\"datePublished\":\"2025-07-14T12:00:00+00:00\",\"dateModified\":\"2025-07-15T13:05:33+00:00\",\"mainEntityOfPage\":{\"@id\":\"https:\/\/agenciainfra.com\/blog\/governo-calcula-valor-teto-da-cde-entre-r-50-bi-e-r-55-bi-ao-ano-com-nova-mp\/\"},\"wordCount\":575,\"publisher\":{\"@id\":\"https:\/\/agenciainfra.com\/blog\/#organization\"},\"image\":{\"@id\":\"https:\/\/agenciainfra.com\/blog\/governo-calcula-valor-teto-da-cde-entre-r-50-bi-e-r-55-bi-ao-ano-com-nova-mp\/#primaryimage\"},\"thumbnailUrl\":\"https:\/\/agenciainfra.com\/blog\/wp-content\/uploads\/2025\/07\/ministerio-minas-energia-mme-foto-marcelo-camargo-agencia-brasil.jpg\",\"keywords\":[\"ANEEL\",\"CDE\",\"encargos de energia\",\"Lais Carregosa\",\"Marisa Wanzeller\",\"MME\",\"mp 1.304\/2025\",\"mp da cde\",\"mp do setor el\u00e9trico\",\"or\u00e7amento da cde\"],\"articleSection\":[\"Destaque lista\",\"Geral\",\"iNFRAEnergia\"],\"inLanguage\":\"pt-BR\",\"copyrightYear\":\"2025\",\"copyrightHolder\":{\"@id\":\"https:\/\/agenciainfra.com\/blog\/#organization\"}},{\"@type\":\"WebPage\",\"@id\":\"https:\/\/agenciainfra.com\/blog\/governo-calcula-valor-teto-da-cde-entre-r-50-bi-e-r-55-bi-ao-ano-com-nova-mp\/\",\"url\":\"https:\/\/agenciainfra.com\/blog\/governo-calcula-valor-teto-da-cde-entre-r-50-bi-e-r-55-bi-ao-ano-com-nova-mp\/\",\"name\":\"Governo calcula valor teto da CDE entre R$ 50 bi e R$ 55 bi ao ano com nova MP - Ag\u00eancia iNFRA\",\"isPartOf\":{\"@id\":\"https:\/\/agenciainfra.com\/blog\/#website\"},\"primaryImageOfPage\":{\"@id\":\"https:\/\/agenciainfra.com\/blog\/governo-calcula-valor-teto-da-cde-entre-r-50-bi-e-r-55-bi-ao-ano-com-nova-mp\/#primaryimage\"},\"image\":{\"@id\":\"https:\/\/agenciainfra.com\/blog\/governo-calcula-valor-teto-da-cde-entre-r-50-bi-e-r-55-bi-ao-ano-com-nova-mp\/#primaryimage\"},\"thumbnailUrl\":\"https:\/\/agenciainfra.com\/blog\/wp-content\/uploads\/2025\/07\/ministerio-minas-energia-mme-foto-marcelo-camargo-agencia-brasil.jpg\",\"datePublished\":\"2025-07-14T12:00:00+00:00\",\"dateModified\":\"2025-07-15T13:05:33+00:00\",\"breadcrumb\":{\"@id\":\"https:\/\/agenciainfra.com\/blog\/governo-calcula-valor-teto-da-cde-entre-r-50-bi-e-r-55-bi-ao-ano-com-nova-mp\/#breadcrumb\"},\"inLanguage\":\"pt-BR\",\"potentialAction\":[{\"@type\":\"ReadAction\",\"target\":[\"https:\/\/agenciainfra.com\/blog\/governo-calcula-valor-teto-da-cde-entre-r-50-bi-e-r-55-bi-ao-ano-com-nova-mp\/\"]}]},{\"@type\":\"ImageObject\",\"inLanguage\":\"pt-BR\",\"@id\":\"https:\/\/agenciainfra.com\/blog\/governo-calcula-valor-teto-da-cde-entre-r-50-bi-e-r-55-bi-ao-ano-com-nova-mp\/#primaryimage\",\"url\":\"https:\/\/agenciainfra.com\/blog\/wp-content\/uploads\/2025\/07\/ministerio-minas-energia-mme-foto-marcelo-camargo-agencia-brasil.jpg\",\"contentUrl\":\"https:\/\/agenciainfra.com\/blog\/wp-content\/uploads\/2025\/07\/ministerio-minas-energia-mme-foto-marcelo-camargo-agencia-brasil.jpg\",\"width\":1280,\"height\":853,\"caption\":\"Foto: Marcelo Camargo\/Ag\u00eancia Brasil\"},{\"@type\":\"BreadcrumbList\",\"@id\":\"https:\/\/agenciainfra.com\/blog\/governo-calcula-valor-teto-da-cde-entre-r-50-bi-e-r-55-bi-ao-ano-com-nova-mp\/#breadcrumb\",\"itemListElement\":[{\"@type\":\"ListItem\",\"position\":1,\"name\":\"In\u00edcio\",\"item\":\"https:\/\/agenciainfra.com\/blog\/\"},{\"@type\":\"ListItem\",\"position\":2,\"name\":\"Governo calcula valor teto da CDE entre R$ 50 bi e R$ 55 bi ao ano com nova MP\"}]},{\"@type\":\"WebSite\",\"@id\":\"https:\/\/agenciainfra.com\/blog\/#website\",\"url\":\"https:\/\/agenciainfra.com\/blog\/\",\"name\":\"Ag\u00eancia iNFRA\",\"description\":\"Multiplataforma de informa\u00e7\u00e3o jornal\u00edstica refer\u00eancia na \u00e1rea de infraestrutura no Brasil!\",\"publisher\":{\"@id\":\"https:\/\/agenciainfra.com\/blog\/#organization\"},\"potentialAction\":[{\"@type\":\"SearchAction\",\"target\":{\"@type\":\"EntryPoint\",\"urlTemplate\":\"https:\/\/agenciainfra.com\/blog\/?s={search_term_string}\"},\"query-input\":{\"@type\":\"PropertyValueSpecification\",\"valueRequired\":true,\"valueName\":\"search_term_string\"}}],\"inLanguage\":\"pt-BR\"},{\"@type\":\"Organization\",\"@id\":\"https:\/\/agenciainfra.com\/blog\/#organization\",\"name\":\"Ag\u00eancia iNFRA\",\"url\":\"https:\/\/agenciainfra.com\/blog\/\",\"logo\":{\"@type\":\"ImageObject\",\"inLanguage\":\"pt-BR\",\"@id\":\"https:\/\/agenciainfra.com\/blog\/#\/schema\/logo\/image\/\",\"url\":\"https:\/\/agenciainfra.com\/blog\/wp-content\/uploads\/2023\/09\/iNFRA_5-e1761735885940.png\",\"contentUrl\":\"https:\/\/agenciainfra.com\/blog\/wp-content\/uploads\/2023\/09\/iNFRA_5-e1761735885940.png\",\"width\":1672,\"height\":454,\"caption\":\"Ag\u00eancia iNFRA\"},\"image\":{\"@id\":\"https:\/\/agenciainfra.com\/blog\/#\/schema\/logo\/image\/\"},\"sameAs\":[\"https:\/\/www.facebook.com\/ageninfra\",\"https:\/\/x.com\/agencia_infra\",\"https:\/\/www.linkedin.com\/company\/ag\u00eanciainfra\/\",\"https:\/\/www.instagram.com\/agenciainfra\/\"]},{\"@type\":\"Person\",\"@id\":\"https:\/\/agenciainfra.com\/blog\/#\/schema\/person\/34af08dff6adea4cb22b06612ba7acfa\",\"name\":\"Ag\u00eancia iNFRA\",\"image\":{\"@type\":\"ImageObject\",\"inLanguage\":\"pt-BR\",\"@id\":\"https:\/\/agenciainfra.com\/blog\/#\/schema\/person\/image\/\",\"url\":\"https:\/\/secure.gravatar.com\/avatar\/d189e01678f06d8eb84d4e01f08eb848b3fffe3f8443818d3c356c66892f5be8?s=96&d=mm&r=g\",\"contentUrl\":\"https:\/\/secure.gravatar.com\/avatar\/d189e01678f06d8eb84d4e01f08eb848b3fffe3f8443818d3c356c66892f5be8?s=96&d=mm&r=g\",\"caption\":\"Ag\u00eancia iNFRA\"},\"url\":\"https:\/\/agenciainfra.com\/blog\/author\/admin\/\"}]}<\/script>\n<!-- \/ Yoast SEO Premium plugin. -->","yoast_head_json":{"title":"Governo calcula valor teto da CDE entre R$ 50 bi e R$ 55 bi ao ano com nova MP - Ag\u00eancia iNFRA","robots":{"index":"index","follow":"follow","max-snippet":"max-snippet:-1","max-image-preview":"max-image-preview:large","max-video-preview":"max-video-preview:-1"},"canonical":"https:\/\/agenciainfra.com\/blog\/governo-calcula-valor-teto-da-cde-entre-r-50-bi-e-r-55-bi-ao-ano-com-nova-mp\/","og_locale":"pt_BR","og_type":"article","og_title":"Governo calcula valor teto da CDE entre R$ 50 bi e R$ 55 bi ao ano com nova MP","og_description":"Lais Carregosa e Marisa Wanzeller, da Ag\u00eancia iNFRA O governo calcula que o teto&nbsp;para o crescimento da CDE (Conta de Desenvolvimento Energ\u00e9tico), encargo que mais pesa nas contas de luz, deve ser de R$ 50 bilh\u00f5es a R$ 55 bilh\u00f5es, equivalente \u00e0 proje\u00e7\u00e3o feita para a CDE em 2026, disseram fontes \u00e0&nbsp;Ag\u00eancia iNFRA. Conforme estabelecido [&hellip;]","og_url":"https:\/\/agenciainfra.com\/blog\/governo-calcula-valor-teto-da-cde-entre-r-50-bi-e-r-55-bi-ao-ano-com-nova-mp\/","og_site_name":"Ag\u00eancia iNFRA","article_publisher":"https:\/\/www.facebook.com\/ageninfra","article_published_time":"2025-07-14T12:00:00+00:00","article_modified_time":"2025-07-15T13:05:33+00:00","og_image":[{"width":1280,"height":853,"url":"https:\/\/agenciainfra.com\/blog\/wp-content\/uploads\/2025\/07\/ministerio-minas-energia-mme-foto-marcelo-camargo-agencia-brasil.jpg","type":"image\/jpeg"}],"author":"Ag\u00eancia iNFRA","twitter_card":"summary_large_image","twitter_creator":"@agencia_infra","twitter_site":"@agencia_infra","twitter_misc":{"Escrito por":"Ag\u00eancia iNFRA","Est. tempo de leitura":"3 minutos"},"schema":{"@context":"https:\/\/schema.org","@graph":[{"@type":"Article","@id":"https:\/\/agenciainfra.com\/blog\/governo-calcula-valor-teto-da-cde-entre-r-50-bi-e-r-55-bi-ao-ano-com-nova-mp\/#article","isPartOf":{"@id":"https:\/\/agenciainfra.com\/blog\/governo-calcula-valor-teto-da-cde-entre-r-50-bi-e-r-55-bi-ao-ano-com-nova-mp\/"},"author":{"name":"Ag\u00eancia iNFRA","@id":"https:\/\/agenciainfra.com\/blog\/#\/schema\/person\/34af08dff6adea4cb22b06612ba7acfa"},"headline":"Governo calcula valor teto da CDE entre R$ 50 bi e R$ 55 bi ao ano com nova MP","datePublished":"2025-07-14T12:00:00+00:00","dateModified":"2025-07-15T13:05:33+00:00","mainEntityOfPage":{"@id":"https:\/\/agenciainfra.com\/blog\/governo-calcula-valor-teto-da-cde-entre-r-50-bi-e-r-55-bi-ao-ano-com-nova-mp\/"},"wordCount":575,"publisher":{"@id":"https:\/\/agenciainfra.com\/blog\/#organization"},"image":{"@id":"https:\/\/agenciainfra.com\/blog\/governo-calcula-valor-teto-da-cde-entre-r-50-bi-e-r-55-bi-ao-ano-com-nova-mp\/#primaryimage"},"thumbnailUrl":"https:\/\/agenciainfra.com\/blog\/wp-content\/uploads\/2025\/07\/ministerio-minas-energia-mme-foto-marcelo-camargo-agencia-brasil.jpg","keywords":["ANEEL","CDE","encargos de energia","Lais Carregosa","Marisa Wanzeller","MME","mp 1.304\/2025","mp da cde","mp do setor el\u00e9trico","or\u00e7amento da cde"],"articleSection":["Destaque lista","Geral","iNFRAEnergia"],"inLanguage":"pt-BR","copyrightYear":"2025","copyrightHolder":{"@id":"https:\/\/agenciainfra.com\/blog\/#organization"}},{"@type":"WebPage","@id":"https:\/\/agenciainfra.com\/blog\/governo-calcula-valor-teto-da-cde-entre-r-50-bi-e-r-55-bi-ao-ano-com-nova-mp\/","url":"https:\/\/agenciainfra.com\/blog\/governo-calcula-valor-teto-da-cde-entre-r-50-bi-e-r-55-bi-ao-ano-com-nova-mp\/","name":"Governo calcula valor teto da CDE entre R$ 50 bi e R$ 55 bi ao ano com nova MP - Ag\u00eancia iNFRA","isPartOf":{"@id":"https:\/\/agenciainfra.com\/blog\/#website"},"primaryImageOfPage":{"@id":"https:\/\/agenciainfra.com\/blog\/governo-calcula-valor-teto-da-cde-entre-r-50-bi-e-r-55-bi-ao-ano-com-nova-mp\/#primaryimage"},"image":{"@id":"https:\/\/agenciainfra.com\/blog\/governo-calcula-valor-teto-da-cde-entre-r-50-bi-e-r-55-bi-ao-ano-com-nova-mp\/#primaryimage"},"thumbnailUrl":"https:\/\/agenciainfra.com\/blog\/wp-content\/uploads\/2025\/07\/ministerio-minas-energia-mme-foto-marcelo-camargo-agencia-brasil.jpg","datePublished":"2025-07-14T12:00:00+00:00","dateModified":"2025-07-15T13:05:33+00:00","breadcrumb":{"@id":"https:\/\/agenciainfra.com\/blog\/governo-calcula-valor-teto-da-cde-entre-r-50-bi-e-r-55-bi-ao-ano-com-nova-mp\/#breadcrumb"},"inLanguage":"pt-BR","potentialAction":[{"@type":"ReadAction","target":["https:\/\/agenciainfra.com\/blog\/governo-calcula-valor-teto-da-cde-entre-r-50-bi-e-r-55-bi-ao-ano-com-nova-mp\/"]}]},{"@type":"ImageObject","inLanguage":"pt-BR","@id":"https:\/\/agenciainfra.com\/blog\/governo-calcula-valor-teto-da-cde-entre-r-50-bi-e-r-55-bi-ao-ano-com-nova-mp\/#primaryimage","url":"https:\/\/agenciainfra.com\/blog\/wp-content\/uploads\/2025\/07\/ministerio-minas-energia-mme-foto-marcelo-camargo-agencia-brasil.jpg","contentUrl":"https:\/\/agenciainfra.com\/blog\/wp-content\/uploads\/2025\/07\/ministerio-minas-energia-mme-foto-marcelo-camargo-agencia-brasil.jpg","width":1280,"height":853,"caption":"Foto: Marcelo Camargo\/Ag\u00eancia Brasil"},{"@type":"BreadcrumbList","@id":"https:\/\/agenciainfra.com\/blog\/governo-calcula-valor-teto-da-cde-entre-r-50-bi-e-r-55-bi-ao-ano-com-nova-mp\/#breadcrumb","itemListElement":[{"@type":"ListItem","position":1,"name":"In\u00edcio","item":"https:\/\/agenciainfra.com\/blog\/"},{"@type":"ListItem","position":2,"name":"Governo calcula valor teto da CDE entre R$ 50 bi e R$ 55 bi ao ano com nova MP"}]},{"@type":"WebSite","@id":"https:\/\/agenciainfra.com\/blog\/#website","url":"https:\/\/agenciainfra.com\/blog\/","name":"Ag\u00eancia iNFRA","description":"Multiplataforma de informa\u00e7\u00e3o jornal\u00edstica refer\u00eancia na \u00e1rea de infraestrutura no Brasil!","publisher":{"@id":"https:\/\/agenciainfra.com\/blog\/#organization"},"potentialAction":[{"@type":"SearchAction","target":{"@type":"EntryPoint","urlTemplate":"https:\/\/agenciainfra.com\/blog\/?s={search_term_string}"},"query-input":{"@type":"PropertyValueSpecification","valueRequired":true,"valueName":"search_term_string"}}],"inLanguage":"pt-BR"},{"@type":"Organization","@id":"https:\/\/agenciainfra.com\/blog\/#organization","name":"Ag\u00eancia iNFRA","url":"https:\/\/agenciainfra.com\/blog\/","logo":{"@type":"ImageObject","inLanguage":"pt-BR","@id":"https:\/\/agenciainfra.com\/blog\/#\/schema\/logo\/image\/","url":"https:\/\/agenciainfra.com\/blog\/wp-content\/uploads\/2023\/09\/iNFRA_5-e1761735885940.png","contentUrl":"https:\/\/agenciainfra.com\/blog\/wp-content\/uploads\/2023\/09\/iNFRA_5-e1761735885940.png","width":1672,"height":454,"caption":"Ag\u00eancia iNFRA"},"image":{"@id":"https:\/\/agenciainfra.com\/blog\/#\/schema\/logo\/image\/"},"sameAs":["https:\/\/www.facebook.com\/ageninfra","https:\/\/x.com\/agencia_infra","https:\/\/www.linkedin.com\/company\/ag\u00eanciainfra\/","https:\/\/www.instagram.com\/agenciainfra\/"]},{"@type":"Person","@id":"https:\/\/agenciainfra.com\/blog\/#\/schema\/person\/34af08dff6adea4cb22b06612ba7acfa","name":"Ag\u00eancia iNFRA","image":{"@type":"ImageObject","inLanguage":"pt-BR","@id":"https:\/\/agenciainfra.com\/blog\/#\/schema\/person\/image\/","url":"https:\/\/secure.gravatar.com\/avatar\/d189e01678f06d8eb84d4e01f08eb848b3fffe3f8443818d3c356c66892f5be8?s=96&d=mm&r=g","contentUrl":"https:\/\/secure.gravatar.com\/avatar\/d189e01678f06d8eb84d4e01f08eb848b3fffe3f8443818d3c356c66892f5be8?s=96&d=mm&r=g","caption":"Ag\u00eancia iNFRA"},"url":"https:\/\/agenciainfra.com\/blog\/author\/admin\/"}]}},"_links":{"self":[{"href":"https:\/\/agenciainfra.com\/blog\/wp-json\/wp\/v2\/posts\/24580","targetHints":{"allow":["GET"]}}],"collection":[{"href":"https:\/\/agenciainfra.com\/blog\/wp-json\/wp\/v2\/posts"}],"about":[{"href":"https:\/\/agenciainfra.com\/blog\/wp-json\/wp\/v2\/types\/post"}],"author":[{"embeddable":true,"href":"https:\/\/agenciainfra.com\/blog\/wp-json\/wp\/v2\/users\/1"}],"replies":[{"embeddable":true,"href":"https:\/\/agenciainfra.com\/blog\/wp-json\/wp\/v2\/comments?post=24580"}],"version-history":[{"count":1,"href":"https:\/\/agenciainfra.com\/blog\/wp-json\/wp\/v2\/posts\/24580\/revisions"}],"predecessor-version":[{"id":24581,"href":"https:\/\/agenciainfra.com\/blog\/wp-json\/wp\/v2\/posts\/24580\/revisions\/24581"}],"wp:featuredmedia":[{"embeddable":true,"href":"https:\/\/agenciainfra.com\/blog\/wp-json\/wp\/v2\/media\/24104"}],"wp:attachment":[{"href":"https:\/\/agenciainfra.com\/blog\/wp-json\/wp\/v2\/media?parent=24580"}],"wp:term":[{"taxonomy":"category","embeddable":true,"href":"https:\/\/agenciainfra.com\/blog\/wp-json\/wp\/v2\/categories?post=24580"},{"taxonomy":"post_tag","embeddable":true,"href":"https:\/\/agenciainfra.com\/blog\/wp-json\/wp\/v2\/tags?post=24580"}],"curies":[{"name":"wp","href":"https:\/\/api.w.org\/{rel}","templated":true}]}}