{"id":24583,"date":"2025-07-14T08:19:44","date_gmt":"2025-07-14T11:19:44","guid":{"rendered":"https:\/\/agenciainfra.com\/blog\/?p=24583"},"modified":"2025-07-15T09:08:13","modified_gmt":"2025-07-15T12:08:13","slug":"ivo-nazareno-e-convocado-para-cargo-de-diretor-substituto-da-aneel","status":"publish","type":"post","link":"https:\/\/agenciainfra.com\/blog\/ivo-nazareno-e-convocado-para-cargo-de-diretor-substituto-da-aneel\/","title":{"rendered":"Ivo Nazareno \u00e9 convocado para cargo de diretor substituto da ANEEL"},"content":{"rendered":"\n<p class=\"has-text-align-right\"><strong>da Ag\u00eancia iNFRA<\/strong><\/p>\n\n\n\n<p>O secret\u00e1rio de Leil\u00f5es da ANEEL (Ag\u00eancia Nacional de Energia El\u00e9trica), Ivo Sechi Nazareno, foi convocado para exercer o cargo de diretor substituto da ANEEL a partir desta segunda-feira (14), em decorr\u00eancia do t\u00e9rmino do mandato da diretora substituta Ludimila Silva, no \u00faltimo domingo (13).<\/p>\n\n\n\n<p>A convoca\u00e7\u00e3o <a href=\"https:\/\/www.in.gov.br\/en\/web\/dou\/-\/portaria-n-230-de-11-de-julho-de-2025-641637698\">foi publicada<\/a> no Di\u00e1rio Oficial da Uni\u00e3o de hoje. Nazareno deve ficar no cargo pelo per\u00edodo de 180 dias ou at\u00e9 a nomea\u00e7\u00e3o de novo titular.<\/p>\n\n\n\n<p><\/p>\n","protected":false},"excerpt":{"rendered":"<p>da Ag\u00eancia iNFRA O secret\u00e1rio de Leil\u00f5es da ANEEL (Ag\u00eancia Nacional de Energia El\u00e9trica), Ivo Sechi Nazareno, foi convocado para exercer o cargo de diretor substituto da ANEEL a partir desta segunda-feira (14), em decorr\u00eancia do t\u00e9rmino do mandato da diretora substituta Ludimila Silva, no \u00faltimo domingo (13). A convoca\u00e7\u00e3o foi publicada no Di\u00e1rio Oficial [&hellip;]<\/p>\n","protected":false},"author":1,"featured_media":10310,"comment_status":"closed","ping_status":"closed","sticky":false,"template":"","format":"standard","meta":{"_monsterinsights_skip_tracking":false,"_monsterinsights_sitenote_active":false,"_monsterinsights_sitenote_note":"","_monsterinsights_sitenote_category":0,"footnotes":""},"categories":[7250,1,10],"tags":[46,53,9543,11960,14114,9402,12371],"class_list":["post-24583","post","type-post","status-publish","format-standard","has-post-thumbnail","hentry","category-destaque-lista","category-geral","category-infraenergia","tag-agencias-reguladoras","tag-aneel","tag-diretoria-da-aneel","tag-indicacao-as-agencias","tag-ivo-nazareno","tag-ivo-sechi-nazareno","tag-ludimila-silva"],"yoast_head":"<!-- This site is optimized with the Yoast SEO Premium plugin v25.4 (Yoast SEO v26.0) - https:\/\/yoast.com\/wordpress\/plugins\/seo\/ -->\n<title>Ivo Nazareno \u00e9 convocado para cargo de diretor substituto da ANEEL - Ag\u00eancia iNFRA<\/title>\n<meta name=\"robots\" content=\"index, follow, max-snippet:-1, max-image-preview:large, max-video-preview:-1\" \/>\n<link rel=\"canonical\" href=\"https:\/\/agenciainfra.com\/blog\/ivo-nazareno-e-convocado-para-cargo-de-diretor-substituto-da-aneel\/\" \/>\n<meta property=\"og:locale\" content=\"pt_BR\" \/>\n<meta property=\"og:type\" content=\"article\" \/>\n<meta property=\"og:title\" content=\"Ivo Nazareno \u00e9 convocado para cargo de diretor substituto da ANEEL\" \/>\n<meta property=\"og:description\" content=\"da Ag\u00eancia iNFRA O secret\u00e1rio de Leil\u00f5es da ANEEL (Ag\u00eancia Nacional de Energia El\u00e9trica), Ivo Sechi Nazareno, foi convocado para exercer o cargo de diretor substituto da ANEEL a partir desta segunda-feira (14), em decorr\u00eancia do t\u00e9rmino do mandato da diretora substituta Ludimila Silva, no \u00faltimo domingo (13). A convoca\u00e7\u00e3o foi publicada no Di\u00e1rio Oficial [&hellip;]\" \/>\n<meta property=\"og:url\" content=\"https:\/\/agenciainfra.com\/blog\/ivo-nazareno-e-convocado-para-cargo-de-diretor-substituto-da-aneel\/\" \/>\n<meta property=\"og:site_name\" content=\"Ag\u00eancia iNFRA\" \/>\n<meta property=\"article:publisher\" content=\"https:\/\/www.facebook.com\/ageninfra\" \/>\n<meta property=\"article:published_time\" content=\"2025-07-14T11:19:44+00:00\" \/>\n<meta property=\"article:modified_time\" content=\"2025-07-15T12:08:13+00:00\" \/>\n<meta property=\"og:image\" content=\"https:\/\/agenciainfra.com\/blog\/wp-content\/uploads\/2022\/05\/aneel-foto-aneel-e1747939008656.jpg\" \/>\n\t<meta property=\"og:image:width\" content=\"1299\" \/>\n\t<meta property=\"og:image:height\" content=\"764\" \/>\n\t<meta property=\"og:image:type\" content=\"image\/jpeg\" \/>\n<meta name=\"author\" content=\"Ag\u00eancia iNFRA\" \/>\n<meta name=\"twitter:card\" content=\"summary_large_image\" \/>\n<meta name=\"twitter:creator\" content=\"@agencia_infra\" \/>\n<meta name=\"twitter:site\" content=\"@agencia_infra\" \/>\n<meta name=\"twitter:label1\" content=\"Escrito por\" \/>\n\t<meta name=\"twitter:data1\" content=\"Ag\u00eancia iNFRA\" \/>\n<script type=\"application\/ld+json\" class=\"yoast-schema-graph\">{\"@context\":\"https:\/\/schema.org\",\"@graph\":[{\"@type\":\"Article\",\"@id\":\"https:\/\/agenciainfra.com\/blog\/ivo-nazareno-e-convocado-para-cargo-de-diretor-substituto-da-aneel\/#article\",\"isPartOf\":{\"@id\":\"https:\/\/agenciainfra.com\/blog\/ivo-nazareno-e-convocado-para-cargo-de-diretor-substituto-da-aneel\/\"},\"author\":{\"name\":\"Ag\u00eancia iNFRA\",\"@id\":\"https:\/\/agenciainfra.com\/blog\/#\/schema\/person\/34af08dff6adea4cb22b06612ba7acfa\"},\"headline\":\"Ivo Nazareno \u00e9 convocado para cargo de diretor substituto da ANEEL\",\"datePublished\":\"2025-07-14T11:19:44+00:00\",\"dateModified\":\"2025-07-15T12:08:13+00:00\",\"mainEntityOfPage\":{\"@id\":\"https:\/\/agenciainfra.com\/blog\/ivo-nazareno-e-convocado-para-cargo-de-diretor-substituto-da-aneel\/\"},\"wordCount\":95,\"publisher\":{\"@id\":\"https:\/\/agenciainfra.com\/blog\/#organization\"},\"image\":{\"@id\":\"https:\/\/agenciainfra.com\/blog\/ivo-nazareno-e-convocado-para-cargo-de-diretor-substituto-da-aneel\/#primaryimage\"},\"thumbnailUrl\":\"https:\/\/agenciainfra.com\/blog\/wp-content\/uploads\/2022\/05\/aneel-foto-aneel-e1764788022595.jpg\",\"keywords\":[\"Ag\u00eancias Reguladoras\",\"ANEEL\",\"Diretoria da ANEEL\",\"Indica\u00e7\u00e3o \u00e0s ag\u00eancias\",\"ivo nazareno\",\"Ivo Sechi Nazareno\",\"ludimila silva\"],\"articleSection\":[\"Destaque lista\",\"Geral\",\"iNFRAEnergia\"],\"inLanguage\":\"pt-BR\",\"copyrightYear\":\"2025\",\"copyrightHolder\":{\"@id\":\"https:\/\/agenciainfra.com\/blog\/#organization\"}},{\"@type\":\"WebPage\",\"@id\":\"https:\/\/agenciainfra.com\/blog\/ivo-nazareno-e-convocado-para-cargo-de-diretor-substituto-da-aneel\/\",\"url\":\"https:\/\/agenciainfra.com\/blog\/ivo-nazareno-e-convocado-para-cargo-de-diretor-substituto-da-aneel\/\",\"name\":\"Ivo Nazareno \u00e9 convocado para cargo de diretor substituto da ANEEL - Ag\u00eancia iNFRA\",\"isPartOf\":{\"@id\":\"https:\/\/agenciainfra.com\/blog\/#website\"},\"primaryImageOfPage\":{\"@id\":\"https:\/\/agenciainfra.com\/blog\/ivo-nazareno-e-convocado-para-cargo-de-diretor-substituto-da-aneel\/#primaryimage\"},\"image\":{\"@id\":\"https:\/\/agenciainfra.com\/blog\/ivo-nazareno-e-convocado-para-cargo-de-diretor-substituto-da-aneel\/#primaryimage\"},\"thumbnailUrl\":\"https:\/\/agenciainfra.com\/blog\/wp-content\/uploads\/2022\/05\/aneel-foto-aneel-e1764788022595.jpg\",\"datePublished\":\"2025-07-14T11:19:44+00:00\",\"dateModified\":\"2025-07-15T12:08:13+00:00\",\"breadcrumb\":{\"@id\":\"https:\/\/agenciainfra.com\/blog\/ivo-nazareno-e-convocado-para-cargo-de-diretor-substituto-da-aneel\/#breadcrumb\"},\"inLanguage\":\"pt-BR\",\"potentialAction\":[{\"@type\":\"ReadAction\",\"target\":[\"https:\/\/agenciainfra.com\/blog\/ivo-nazareno-e-convocado-para-cargo-de-diretor-substituto-da-aneel\/\"]}]},{\"@type\":\"ImageObject\",\"inLanguage\":\"pt-BR\",\"@id\":\"https:\/\/agenciainfra.com\/blog\/ivo-nazareno-e-convocado-para-cargo-de-diretor-substituto-da-aneel\/#primaryimage\",\"url\":\"https:\/\/agenciainfra.com\/blog\/wp-content\/uploads\/2022\/05\/aneel-foto-aneel-e1764788022595.jpg\",\"contentUrl\":\"https:\/\/agenciainfra.com\/blog\/wp-content\/uploads\/2022\/05\/aneel-foto-aneel-e1764788022595.jpg\",\"width\":1280,\"height\":753,\"caption\":\"Foto: ANEEL\"},{\"@type\":\"BreadcrumbList\",\"@id\":\"https:\/\/agenciainfra.com\/blog\/ivo-nazareno-e-convocado-para-cargo-de-diretor-substituto-da-aneel\/#breadcrumb\",\"itemListElement\":[{\"@type\":\"ListItem\",\"position\":1,\"name\":\"In\u00edcio\",\"item\":\"https:\/\/agenciainfra.com\/blog\/\"},{\"@type\":\"ListItem\",\"position\":2,\"name\":\"Ivo Nazareno \u00e9 convocado para cargo de diretor substituto da ANEEL\"}]},{\"@type\":\"WebSite\",\"@id\":\"https:\/\/agenciainfra.com\/blog\/#website\",\"url\":\"https:\/\/agenciainfra.com\/blog\/\",\"name\":\"Ag\u00eancia iNFRA\",\"description\":\"Multiplataforma de informa\u00e7\u00e3o jornal\u00edstica refer\u00eancia na \u00e1rea de infraestrutura no Brasil!\",\"publisher\":{\"@id\":\"https:\/\/agenciainfra.com\/blog\/#organization\"},\"potentialAction\":[{\"@type\":\"SearchAction\",\"target\":{\"@type\":\"EntryPoint\",\"urlTemplate\":\"https:\/\/agenciainfra.com\/blog\/?s={search_term_string}\"},\"query-input\":{\"@type\":\"PropertyValueSpecification\",\"valueRequired\":true,\"valueName\":\"search_term_string\"}}],\"inLanguage\":\"pt-BR\"},{\"@type\":\"Organization\",\"@id\":\"https:\/\/agenciainfra.com\/blog\/#organization\",\"name\":\"Ag\u00eancia iNFRA\",\"url\":\"https:\/\/agenciainfra.com\/blog\/\",\"logo\":{\"@type\":\"ImageObject\",\"inLanguage\":\"pt-BR\",\"@id\":\"https:\/\/agenciainfra.com\/blog\/#\/schema\/logo\/image\/\",\"url\":\"https:\/\/agenciainfra.com\/blog\/wp-content\/uploads\/2023\/09\/iNFRA_5-e1761735885940.png\",\"contentUrl\":\"https:\/\/agenciainfra.com\/blog\/wp-content\/uploads\/2023\/09\/iNFRA_5-e1761735885940.png\",\"width\":1672,\"height\":454,\"caption\":\"Ag\u00eancia iNFRA\"},\"image\":{\"@id\":\"https:\/\/agenciainfra.com\/blog\/#\/schema\/logo\/image\/\"},\"sameAs\":[\"https:\/\/www.facebook.com\/ageninfra\",\"https:\/\/x.com\/agencia_infra\",\"https:\/\/www.linkedin.com\/company\/ag\u00eanciainfra\/\",\"https:\/\/www.instagram.com\/agenciainfra\/\"]},{\"@type\":\"Person\",\"@id\":\"https:\/\/agenciainfra.com\/blog\/#\/schema\/person\/34af08dff6adea4cb22b06612ba7acfa\",\"name\":\"Ag\u00eancia iNFRA\",\"image\":{\"@type\":\"ImageObject\",\"inLanguage\":\"pt-BR\",\"@id\":\"https:\/\/agenciainfra.com\/blog\/#\/schema\/person\/image\/\",\"url\":\"https:\/\/secure.gravatar.com\/avatar\/d189e01678f06d8eb84d4e01f08eb848b3fffe3f8443818d3c356c66892f5be8?s=96&d=mm&r=g\",\"contentUrl\":\"https:\/\/secure.gravatar.com\/avatar\/d189e01678f06d8eb84d4e01f08eb848b3fffe3f8443818d3c356c66892f5be8?s=96&d=mm&r=g\",\"caption\":\"Ag\u00eancia iNFRA\"},\"url\":\"https:\/\/agenciainfra.com\/blog\/author\/admin\/\"}]}<\/script>\n<!-- \/ Yoast SEO Premium plugin. -->","yoast_head_json":{"title":"Ivo Nazareno \u00e9 convocado para cargo de diretor substituto da ANEEL - Ag\u00eancia iNFRA","robots":{"index":"index","follow":"follow","max-snippet":"max-snippet:-1","max-image-preview":"max-image-preview:large","max-video-preview":"max-video-preview:-1"},"canonical":"https:\/\/agenciainfra.com\/blog\/ivo-nazareno-e-convocado-para-cargo-de-diretor-substituto-da-aneel\/","og_locale":"pt_BR","og_type":"article","og_title":"Ivo Nazareno \u00e9 convocado para cargo de diretor substituto da ANEEL","og_description":"da Ag\u00eancia iNFRA O secret\u00e1rio de Leil\u00f5es da ANEEL (Ag\u00eancia Nacional de Energia El\u00e9trica), Ivo Sechi Nazareno, foi convocado para exercer o cargo de diretor substituto da ANEEL a partir desta segunda-feira (14), em decorr\u00eancia do t\u00e9rmino do mandato da diretora substituta Ludimila Silva, no \u00faltimo domingo (13). A convoca\u00e7\u00e3o foi publicada no Di\u00e1rio Oficial [&hellip;]","og_url":"https:\/\/agenciainfra.com\/blog\/ivo-nazareno-e-convocado-para-cargo-de-diretor-substituto-da-aneel\/","og_site_name":"Ag\u00eancia iNFRA","article_publisher":"https:\/\/www.facebook.com\/ageninfra","article_published_time":"2025-07-14T11:19:44+00:00","article_modified_time":"2025-07-15T12:08:13+00:00","og_image":[{"width":1299,"height":764,"url":"https:\/\/agenciainfra.com\/blog\/wp-content\/uploads\/2022\/05\/aneel-foto-aneel-e1747939008656.jpg","type":"image\/jpeg"}],"author":"Ag\u00eancia iNFRA","twitter_card":"summary_large_image","twitter_creator":"@agencia_infra","twitter_site":"@agencia_infra","twitter_misc":{"Escrito por":"Ag\u00eancia iNFRA"},"schema":{"@context":"https:\/\/schema.org","@graph":[{"@type":"Article","@id":"https:\/\/agenciainfra.com\/blog\/ivo-nazareno-e-convocado-para-cargo-de-diretor-substituto-da-aneel\/#article","isPartOf":{"@id":"https:\/\/agenciainfra.com\/blog\/ivo-nazareno-e-convocado-para-cargo-de-diretor-substituto-da-aneel\/"},"author":{"name":"Ag\u00eancia iNFRA","@id":"https:\/\/agenciainfra.com\/blog\/#\/schema\/person\/34af08dff6adea4cb22b06612ba7acfa"},"headline":"Ivo Nazareno \u00e9 convocado para cargo de diretor substituto da ANEEL","datePublished":"2025-07-14T11:19:44+00:00","dateModified":"2025-07-15T12:08:13+00:00","mainEntityOfPage":{"@id":"https:\/\/agenciainfra.com\/blog\/ivo-nazareno-e-convocado-para-cargo-de-diretor-substituto-da-aneel\/"},"wordCount":95,"publisher":{"@id":"https:\/\/agenciainfra.com\/blog\/#organization"},"image":{"@id":"https:\/\/agenciainfra.com\/blog\/ivo-nazareno-e-convocado-para-cargo-de-diretor-substituto-da-aneel\/#primaryimage"},"thumbnailUrl":"https:\/\/agenciainfra.com\/blog\/wp-content\/uploads\/2022\/05\/aneel-foto-aneel-e1764788022595.jpg","keywords":["Ag\u00eancias Reguladoras","ANEEL","Diretoria da ANEEL","Indica\u00e7\u00e3o \u00e0s ag\u00eancias","ivo nazareno","Ivo Sechi Nazareno","ludimila silva"],"articleSection":["Destaque lista","Geral","iNFRAEnergia"],"inLanguage":"pt-BR","copyrightYear":"2025","copyrightHolder":{"@id":"https:\/\/agenciainfra.com\/blog\/#organization"}},{"@type":"WebPage","@id":"https:\/\/agenciainfra.com\/blog\/ivo-nazareno-e-convocado-para-cargo-de-diretor-substituto-da-aneel\/","url":"https:\/\/agenciainfra.com\/blog\/ivo-nazareno-e-convocado-para-cargo-de-diretor-substituto-da-aneel\/","name":"Ivo Nazareno \u00e9 convocado para cargo de diretor substituto da ANEEL - Ag\u00eancia iNFRA","isPartOf":{"@id":"https:\/\/agenciainfra.com\/blog\/#website"},"primaryImageOfPage":{"@id":"https:\/\/agenciainfra.com\/blog\/ivo-nazareno-e-convocado-para-cargo-de-diretor-substituto-da-aneel\/#primaryimage"},"image":{"@id":"https:\/\/agenciainfra.com\/blog\/ivo-nazareno-e-convocado-para-cargo-de-diretor-substituto-da-aneel\/#primaryimage"},"thumbnailUrl":"https:\/\/agenciainfra.com\/blog\/wp-content\/uploads\/2022\/05\/aneel-foto-aneel-e1764788022595.jpg","datePublished":"2025-07-14T11:19:44+00:00","dateModified":"2025-07-15T12:08:13+00:00","breadcrumb":{"@id":"https:\/\/agenciainfra.com\/blog\/ivo-nazareno-e-convocado-para-cargo-de-diretor-substituto-da-aneel\/#breadcrumb"},"inLanguage":"pt-BR","potentialAction":[{"@type":"ReadAction","target":["https:\/\/agenciainfra.com\/blog\/ivo-nazareno-e-convocado-para-cargo-de-diretor-substituto-da-aneel\/"]}]},{"@type":"ImageObject","inLanguage":"pt-BR","@id":"https:\/\/agenciainfra.com\/blog\/ivo-nazareno-e-convocado-para-cargo-de-diretor-substituto-da-aneel\/#primaryimage","url":"https:\/\/agenciainfra.com\/blog\/wp-content\/uploads\/2022\/05\/aneel-foto-aneel-e1764788022595.jpg","contentUrl":"https:\/\/agenciainfra.com\/blog\/wp-content\/uploads\/2022\/05\/aneel-foto-aneel-e1764788022595.jpg","width":1280,"height":753,"caption":"Foto: ANEEL"},{"@type":"BreadcrumbList","@id":"https:\/\/agenciainfra.com\/blog\/ivo-nazareno-e-convocado-para-cargo-de-diretor-substituto-da-aneel\/#breadcrumb","itemListElement":[{"@type":"ListItem","position":1,"name":"In\u00edcio","item":"https:\/\/agenciainfra.com\/blog\/"},{"@type":"ListItem","position":2,"name":"Ivo Nazareno \u00e9 convocado para cargo de diretor substituto da ANEEL"}]},{"@type":"WebSite","@id":"https:\/\/agenciainfra.com\/blog\/#website","url":"https:\/\/agenciainfra.com\/blog\/","name":"Ag\u00eancia iNFRA","description":"Multiplataforma de informa\u00e7\u00e3o jornal\u00edstica refer\u00eancia na \u00e1rea de infraestrutura no Brasil!","publisher":{"@id":"https:\/\/agenciainfra.com\/blog\/#organization"},"potentialAction":[{"@type":"SearchAction","target":{"@type":"EntryPoint","urlTemplate":"https:\/\/agenciainfra.com\/blog\/?s={search_term_string}"},"query-input":{"@type":"PropertyValueSpecification","valueRequired":true,"valueName":"search_term_string"}}],"inLanguage":"pt-BR"},{"@type":"Organization","@id":"https:\/\/agenciainfra.com\/blog\/#organization","name":"Ag\u00eancia iNFRA","url":"https:\/\/agenciainfra.com\/blog\/","logo":{"@type":"ImageObject","inLanguage":"pt-BR","@id":"https:\/\/agenciainfra.com\/blog\/#\/schema\/logo\/image\/","url":"https:\/\/agenciainfra.com\/blog\/wp-content\/uploads\/2023\/09\/iNFRA_5-e1761735885940.png","contentUrl":"https:\/\/agenciainfra.com\/blog\/wp-content\/uploads\/2023\/09\/iNFRA_5-e1761735885940.png","width":1672,"height":454,"caption":"Ag\u00eancia iNFRA"},"image":{"@id":"https:\/\/agenciainfra.com\/blog\/#\/schema\/logo\/image\/"},"sameAs":["https:\/\/www.facebook.com\/ageninfra","https:\/\/x.com\/agencia_infra","https:\/\/www.linkedin.com\/company\/ag\u00eanciainfra\/","https:\/\/www.instagram.com\/agenciainfra\/"]},{"@type":"Person","@id":"https:\/\/agenciainfra.com\/blog\/#\/schema\/person\/34af08dff6adea4cb22b06612ba7acfa","name":"Ag\u00eancia iNFRA","image":{"@type":"ImageObject","inLanguage":"pt-BR","@id":"https:\/\/agenciainfra.com\/blog\/#\/schema\/person\/image\/","url":"https:\/\/secure.gravatar.com\/avatar\/d189e01678f06d8eb84d4e01f08eb848b3fffe3f8443818d3c356c66892f5be8?s=96&d=mm&r=g","contentUrl":"https:\/\/secure.gravatar.com\/avatar\/d189e01678f06d8eb84d4e01f08eb848b3fffe3f8443818d3c356c66892f5be8?s=96&d=mm&r=g","caption":"Ag\u00eancia iNFRA"},"url":"https:\/\/agenciainfra.com\/blog\/author\/admin\/"}]}},"_links":{"self":[{"href":"https:\/\/agenciainfra.com\/blog\/wp-json\/wp\/v2\/posts\/24583","targetHints":{"allow":["GET"]}}],"collection":[{"href":"https:\/\/agenciainfra.com\/blog\/wp-json\/wp\/v2\/posts"}],"about":[{"href":"https:\/\/agenciainfra.com\/blog\/wp-json\/wp\/v2\/types\/post"}],"author":[{"embeddable":true,"href":"https:\/\/agenciainfra.com\/blog\/wp-json\/wp\/v2\/users\/1"}],"replies":[{"embeddable":true,"href":"https:\/\/agenciainfra.com\/blog\/wp-json\/wp\/v2\/comments?post=24583"}],"version-history":[{"count":1,"href":"https:\/\/agenciainfra.com\/blog\/wp-json\/wp\/v2\/posts\/24583\/revisions"}],"predecessor-version":[{"id":24584,"href":"https:\/\/agenciainfra.com\/blog\/wp-json\/wp\/v2\/posts\/24583\/revisions\/24584"}],"wp:featuredmedia":[{"embeddable":true,"href":"https:\/\/agenciainfra.com\/blog\/wp-json\/wp\/v2\/media\/10310"}],"wp:attachment":[{"href":"https:\/\/agenciainfra.com\/blog\/wp-json\/wp\/v2\/media?parent=24583"}],"wp:term":[{"taxonomy":"category","embeddable":true,"href":"https:\/\/agenciainfra.com\/blog\/wp-json\/wp\/v2\/categories?post=24583"},{"taxonomy":"post_tag","embeddable":true,"href":"https:\/\/agenciainfra.com\/blog\/wp-json\/wp\/v2\/tags?post=24583"}],"curies":[{"name":"wp","href":"https:\/\/api.w.org\/{rel}","templated":true}]}}