{"id":24601,"date":"2025-07-14T14:05:14","date_gmt":"2025-07-14T17:05:14","guid":{"rendered":"https:\/\/agenciainfra.com\/blog\/?p=24601"},"modified":"2025-07-14T14:05:16","modified_gmt":"2025-07-14T17:05:16","slug":"logistica-de-graos-mantem-gargalos-historicos-mas-arco-norte-e-destaque-positivo-indica-relatorio","status":"publish","type":"post","link":"https:\/\/agenciainfra.com\/blog\/logistica-de-graos-mantem-gargalos-historicos-mas-arco-norte-e-destaque-positivo-indica-relatorio\/","title":{"rendered":"Log\u00edstica de gr\u00e3os mant\u00e9m gargalos hist\u00f3ricos, mas Arco Norte \u00e9 destaque positivo, indica relat\u00f3rio"},"content":{"rendered":"\n<p class=\"has-text-align-right\"><strong>da Ag\u00eancia iNFRA<\/strong><\/p>\n\n\n\n<p>O Arco Norte, que re\u00fane os portos da regi\u00e3o Norte, teve um crescimento de 12% das exporta\u00e7\u00f5es em 2010 para 35% em 2024, segundo o novo relat\u00f3rio &#8220;<a href=\"https:\/\/materiais.nstech.com.br\/relatorio-logistica-de-graos?__hstc=205637708.e45fed5826e1b1df079684f3afd241e8.1749132445033.1752240064900.1752242534794.4&amp;__hssc=205637708.1.1752242534794&amp;__hsfp=2747100555\">Retrato da Log\u00edstica de Gr\u00e3os do Brasil<\/a>&#8220;, da nstech, empresa de software para supply chain. O avan\u00e7o foi impulsionado por investimentos privados e marcos regulat\u00f3rios, diz o documento, que estima melhora tamb\u00e9m para o Arco Sul\/Sudeste, com novos aportes \u2013\u00a0no Porto de Santos, os investimentos em infraestrutura rodovi\u00e1ria devem subir de R$ 1,5 bilh\u00e3o para R$ 2,05 bilh\u00f5es.<\/p>\n\n\n\n<p>O estudo aponta ainda o Matopiba (Maranh\u00e3o, Tocantins, Piau\u00ed e Bahia) como polo estrat\u00e9gico em expans\u00e3o. Dentre esses estados, Bahia, pela exporta\u00e7\u00e3o de soja, e Maranh\u00e3o, pelo milho, devem registrar crescimento expressivo.<\/p>\n\n\n\n<p>Ainda que apresente alguns pontos positivos, o relat\u00f3rio, que est\u00e1 em sua primeira edi\u00e7\u00e3o, mostra que a log\u00edstica continua sendo um dos maiores gargalos para o agroneg\u00f3cio brasileiro. Mariela Grisotto, especialista em Log\u00edstica do Agroneg\u00f3cio da nstech, que \u00e9 coautora do estudo, resume os principais entraves enfrentados pelo setor: &#8220;Os desafios s\u00e3o antigos: pouca infraestrutura, predomin\u00e2ncia de transporte rodovi\u00e1rio e falta de capacidade de armazenagem&#8221;.<\/p>\n\n\n\n<p>De acordo com o documento, o modal rodovi\u00e1rio foi respons\u00e1vel por 69% do escoamento de gr\u00e3os em 2023, enquanto as ferrovias responderam por 22% e as hidrovias por 9%, o que, segundo a nstech, reflete em altos custos de frete, baixa previsibilidade e maior impacto ambiental. Filas em terminais e infraestrutura deficiente levam o agro brasileiro a usar cerca de 70 mil caminh\u00f5es al\u00e9m do necess\u00e1rio.<\/p>\n\n\n\n<p><strong>Ferrovias e hidrovias<\/strong><br>A pequena participa\u00e7\u00e3o das hidrovias no transporte de gr\u00e3os recebeu um impulso entre 2010 e 2023 e subiu de 8% para 13%, devido aos investimentos realizados na regi\u00e3o Norte e a mudan\u00e7as regulat\u00f3rias. O modal, no entanto, continua subutilizado. J\u00e1 as ferrovias apresentam um quadro mais &#8220;discrepante&#8221;, segundo o estudo. Para cada quil\u00f4metro de linha f\u00e9rrea, h\u00e1 mais de 21 km de rodovia pavimentada no pa\u00eds.<\/p>\n\n\n\n<p>Outro aspecto apontado em rela\u00e7\u00e3o \u00e0s ferrovias \u00e9 o de que apenas um ter\u00e7o da malha est\u00e1 ativa, e concentrada em quatro operadoras. Isso limitaria a concorr\u00eancia e elevaria os custos. O uso de trens aumentou apenas de 20,1% em 2010 para 22,8% em 2020, embora o volume transportado tenha crescido.<\/p>\n\n\n\n<p>Mas o relat\u00f3rio tamb\u00e9m registra avan\u00e7os, como o aumento na participa\u00e7\u00e3o da Rumo Malha Norte no escoamento de gr\u00e3os, com o terminal em Rondon\u00f3polis (MT), que foi de 24% (em 2010) para 31% (em 2020). A VLI, que opera a Ferrovia Norte-Sul, expandiu o market share de 4,4% para 10,8%.<\/p>\n\n\n\n<p><strong>Regula\u00e7\u00e3o<\/strong><br>O obst\u00e1culo para a navega\u00e7\u00e3o por cabotagem \u00e9 regulat\u00f3rio, o que restringe sua expans\u00e3o. Os exemplos mostrados pelo estudo s\u00e3o a exig\u00eancia de embarca\u00e7\u00f5es constru\u00eddas em estaleiros nacionais e a limita\u00e7\u00e3o \u00e0 entrada de novos operadores. O potencial do modal com a moderniza\u00e7\u00e3o das regras que tratam do segmento.<\/p>\n\n\n\n<p><strong>Armazenagem<\/strong><br>Outro gargalo importante \u00e9 a armazenagem. A capacidade para estocar, no Brasil, est\u00e1 entre 60% e 70%, o que pressiona o transporte durante a safra, deixa o frete caro e diminui o poder de negocia\u00e7\u00e3o dos produtores. A t\u00edtulo de compara\u00e7\u00e3o, nos Estados Unidos a capacidade de armazenagem \u00e9 de 150% da produ\u00e7\u00e3o.<\/p>\n\n\n\n<p><strong>Tecnologia<\/strong><br>De acordo com a nstech, al\u00e9m da infraestrutura e da armazenagem, a log\u00edstica do agro depende de um terceiro pilar: a tecnologia. A companhia, que atua nesta \u00e1rea, afirma que desenvolveu solu\u00e7\u00f5es que aumentaram em 40% a capacidade de escoamento em terminais portu\u00e1rios, com ferramentas como sistemas de agendamento, rastreamento e indicadores de desempenho.<\/p>\n","protected":false},"excerpt":{"rendered":"<p>da Ag\u00eancia iNFRA O Arco Norte, que re\u00fane os portos da regi\u00e3o Norte, teve um crescimento de 12% das exporta\u00e7\u00f5es em 2010 para 35% em 2024, segundo o novo relat\u00f3rio &#8220;Retrato da Log\u00edstica de Gr\u00e3os do Brasil&#8220;, da nstech, empresa de software para supply chain. O avan\u00e7o foi impulsionado por investimentos privados e marcos regulat\u00f3rios, [&hellip;]<\/p>\n","protected":false},"author":1,"featured_media":9845,"comment_status":"closed","ping_status":"closed","sticky":false,"template":"","format":"standard","meta":{"_monsterinsights_skip_tracking":false,"_monsterinsights_sitenote_active":false,"_monsterinsights_sitenote_note":"","_monsterinsights_sitenote_category":0,"footnotes":""},"categories":[1,13576],"tags":[1324,6362,66,14332,1839,14331,14330],"class_list":["post-24601","post","type-post","status-publish","format-standard","has-post-thumbnail","hentry","category-geral","category-giro-infra","tag-arco-norte","tag-armazenagem","tag-logistica","tag-mariela-grisotto","tag-matopiba","tag-nstech","tag-transporte-de-graos"],"yoast_head":"<!-- This site is optimized with the Yoast SEO Premium plugin v25.4 (Yoast SEO v26.0) - https:\/\/yoast.com\/wordpress\/plugins\/seo\/ -->\n<title>Log\u00edstica de gr\u00e3os mant\u00e9m gargalos hist\u00f3ricos, mas Arco Norte \u00e9 destaque positivo, indica relat\u00f3rio - Ag\u00eancia iNFRA<\/title>\n<meta name=\"robots\" content=\"index, follow, max-snippet:-1, max-image-preview:large, max-video-preview:-1\" \/>\n<link rel=\"canonical\" href=\"https:\/\/agenciainfra.com\/blog\/logistica-de-graos-mantem-gargalos-historicos-mas-arco-norte-e-destaque-positivo-indica-relatorio\/\" \/>\n<meta property=\"og:locale\" content=\"pt_BR\" \/>\n<meta property=\"og:type\" content=\"article\" \/>\n<meta property=\"og:title\" content=\"Log\u00edstica de gr\u00e3os mant\u00e9m gargalos hist\u00f3ricos, mas Arco Norte \u00e9 destaque positivo, indica relat\u00f3rio\" \/>\n<meta property=\"og:description\" content=\"da Ag\u00eancia iNFRA O Arco Norte, que re\u00fane os portos da regi\u00e3o Norte, teve um crescimento de 12% das exporta\u00e7\u00f5es em 2010 para 35% em 2024, segundo o novo relat\u00f3rio &#8220;Retrato da Log\u00edstica de Gr\u00e3os do Brasil&#8220;, da nstech, empresa de software para supply chain. O avan\u00e7o foi impulsionado por investimentos privados e marcos regulat\u00f3rios, [&hellip;]\" \/>\n<meta property=\"og:url\" content=\"https:\/\/agenciainfra.com\/blog\/logistica-de-graos-mantem-gargalos-historicos-mas-arco-norte-e-destaque-positivo-indica-relatorio\/\" \/>\n<meta property=\"og:site_name\" content=\"Ag\u00eancia iNFRA\" \/>\n<meta property=\"article:publisher\" content=\"https:\/\/www.facebook.com\/ageninfra\" \/>\n<meta property=\"article:published_time\" content=\"2025-07-14T17:05:14+00:00\" \/>\n<meta property=\"article:modified_time\" content=\"2025-07-14T17:05:16+00:00\" \/>\n<meta property=\"og:image\" content=\"https:\/\/agenciainfra.com\/blog\/wp-content\/uploads\/2022\/03\/graos-mt-foto-embrapa.jpeg\" \/>\n\t<meta property=\"og:image:width\" content=\"1280\" \/>\n\t<meta property=\"og:image:height\" content=\"852\" \/>\n\t<meta property=\"og:image:type\" content=\"image\/jpeg\" \/>\n<meta name=\"author\" content=\"Ag\u00eancia iNFRA\" \/>\n<meta name=\"twitter:card\" content=\"summary_large_image\" \/>\n<meta name=\"twitter:creator\" content=\"@agencia_infra\" \/>\n<meta name=\"twitter:site\" content=\"@agencia_infra\" \/>\n<meta name=\"twitter:label1\" content=\"Escrito por\" \/>\n\t<meta name=\"twitter:data1\" content=\"Ag\u00eancia iNFRA\" \/>\n\t<meta name=\"twitter:label2\" content=\"Est. tempo de leitura\" \/>\n\t<meta name=\"twitter:data2\" content=\"3 minutos\" \/>\n<script type=\"application\/ld+json\" class=\"yoast-schema-graph\">{\"@context\":\"https:\/\/schema.org\",\"@graph\":[{\"@type\":\"Article\",\"@id\":\"https:\/\/agenciainfra.com\/blog\/logistica-de-graos-mantem-gargalos-historicos-mas-arco-norte-e-destaque-positivo-indica-relatorio\/#article\",\"isPartOf\":{\"@id\":\"https:\/\/agenciainfra.com\/blog\/logistica-de-graos-mantem-gargalos-historicos-mas-arco-norte-e-destaque-positivo-indica-relatorio\/\"},\"author\":{\"name\":\"Ag\u00eancia iNFRA\",\"@id\":\"https:\/\/agenciainfra.com\/blog\/#\/schema\/person\/34af08dff6adea4cb22b06612ba7acfa\"},\"headline\":\"Log\u00edstica de gr\u00e3os mant\u00e9m gargalos hist\u00f3ricos, mas Arco Norte \u00e9 destaque positivo, indica relat\u00f3rio\",\"datePublished\":\"2025-07-14T17:05:14+00:00\",\"dateModified\":\"2025-07-14T17:05:16+00:00\",\"mainEntityOfPage\":{\"@id\":\"https:\/\/agenciainfra.com\/blog\/logistica-de-graos-mantem-gargalos-historicos-mas-arco-norte-e-destaque-positivo-indica-relatorio\/\"},\"wordCount\":632,\"publisher\":{\"@id\":\"https:\/\/agenciainfra.com\/blog\/#organization\"},\"image\":{\"@id\":\"https:\/\/agenciainfra.com\/blog\/logistica-de-graos-mantem-gargalos-historicos-mas-arco-norte-e-destaque-positivo-indica-relatorio\/#primaryimage\"},\"thumbnailUrl\":\"https:\/\/agenciainfra.com\/blog\/wp-content\/uploads\/2022\/03\/graos-mt-foto-embrapa.jpeg\",\"keywords\":[\"Arco Norte\",\"armazenagem\",\"log\u00edstica\",\"Mariela Grisotto\",\"Matopiba\",\"nstech\",\"transporte de gr\u00e3os\"],\"articleSection\":[\"Geral\",\"Giro iNFRA\"],\"inLanguage\":\"pt-BR\",\"copyrightYear\":\"2025\",\"copyrightHolder\":{\"@id\":\"https:\/\/agenciainfra.com\/blog\/#organization\"}},{\"@type\":\"WebPage\",\"@id\":\"https:\/\/agenciainfra.com\/blog\/logistica-de-graos-mantem-gargalos-historicos-mas-arco-norte-e-destaque-positivo-indica-relatorio\/\",\"url\":\"https:\/\/agenciainfra.com\/blog\/logistica-de-graos-mantem-gargalos-historicos-mas-arco-norte-e-destaque-positivo-indica-relatorio\/\",\"name\":\"Log\u00edstica de gr\u00e3os mant\u00e9m gargalos hist\u00f3ricos, mas Arco Norte \u00e9 destaque positivo, indica relat\u00f3rio - Ag\u00eancia iNFRA\",\"isPartOf\":{\"@id\":\"https:\/\/agenciainfra.com\/blog\/#website\"},\"primaryImageOfPage\":{\"@id\":\"https:\/\/agenciainfra.com\/blog\/logistica-de-graos-mantem-gargalos-historicos-mas-arco-norte-e-destaque-positivo-indica-relatorio\/#primaryimage\"},\"image\":{\"@id\":\"https:\/\/agenciainfra.com\/blog\/logistica-de-graos-mantem-gargalos-historicos-mas-arco-norte-e-destaque-positivo-indica-relatorio\/#primaryimage\"},\"thumbnailUrl\":\"https:\/\/agenciainfra.com\/blog\/wp-content\/uploads\/2022\/03\/graos-mt-foto-embrapa.jpeg\",\"datePublished\":\"2025-07-14T17:05:14+00:00\",\"dateModified\":\"2025-07-14T17:05:16+00:00\",\"breadcrumb\":{\"@id\":\"https:\/\/agenciainfra.com\/blog\/logistica-de-graos-mantem-gargalos-historicos-mas-arco-norte-e-destaque-positivo-indica-relatorio\/#breadcrumb\"},\"inLanguage\":\"pt-BR\",\"potentialAction\":[{\"@type\":\"ReadAction\",\"target\":[\"https:\/\/agenciainfra.com\/blog\/logistica-de-graos-mantem-gargalos-historicos-mas-arco-norte-e-destaque-positivo-indica-relatorio\/\"]}]},{\"@type\":\"ImageObject\",\"inLanguage\":\"pt-BR\",\"@id\":\"https:\/\/agenciainfra.com\/blog\/logistica-de-graos-mantem-gargalos-historicos-mas-arco-norte-e-destaque-positivo-indica-relatorio\/#primaryimage\",\"url\":\"https:\/\/agenciainfra.com\/blog\/wp-content\/uploads\/2022\/03\/graos-mt-foto-embrapa.jpeg\",\"contentUrl\":\"https:\/\/agenciainfra.com\/blog\/wp-content\/uploads\/2022\/03\/graos-mt-foto-embrapa.jpeg\",\"width\":1280,\"height\":852,\"caption\":\"Foto: Embrapa\"},{\"@type\":\"BreadcrumbList\",\"@id\":\"https:\/\/agenciainfra.com\/blog\/logistica-de-graos-mantem-gargalos-historicos-mas-arco-norte-e-destaque-positivo-indica-relatorio\/#breadcrumb\",\"itemListElement\":[{\"@type\":\"ListItem\",\"position\":1,\"name\":\"In\u00edcio\",\"item\":\"https:\/\/agenciainfra.com\/blog\/\"},{\"@type\":\"ListItem\",\"position\":2,\"name\":\"Log\u00edstica de gr\u00e3os mant\u00e9m gargalos hist\u00f3ricos, mas Arco Norte \u00e9 destaque positivo, indica relat\u00f3rio\"}]},{\"@type\":\"WebSite\",\"@id\":\"https:\/\/agenciainfra.com\/blog\/#website\",\"url\":\"https:\/\/agenciainfra.com\/blog\/\",\"name\":\"Ag\u00eancia iNFRA\",\"description\":\"Multiplataforma de informa\u00e7\u00e3o jornal\u00edstica refer\u00eancia na \u00e1rea de infraestrutura no Brasil!\",\"publisher\":{\"@id\":\"https:\/\/agenciainfra.com\/blog\/#organization\"},\"potentialAction\":[{\"@type\":\"SearchAction\",\"target\":{\"@type\":\"EntryPoint\",\"urlTemplate\":\"https:\/\/agenciainfra.com\/blog\/?s={search_term_string}\"},\"query-input\":{\"@type\":\"PropertyValueSpecification\",\"valueRequired\":true,\"valueName\":\"search_term_string\"}}],\"inLanguage\":\"pt-BR\"},{\"@type\":\"Organization\",\"@id\":\"https:\/\/agenciainfra.com\/blog\/#organization\",\"name\":\"Ag\u00eancia iNFRA\",\"url\":\"https:\/\/agenciainfra.com\/blog\/\",\"logo\":{\"@type\":\"ImageObject\",\"inLanguage\":\"pt-BR\",\"@id\":\"https:\/\/agenciainfra.com\/blog\/#\/schema\/logo\/image\/\",\"url\":\"https:\/\/agenciainfra.com\/blog\/wp-content\/uploads\/2023\/09\/iNFRA_5-e1761735885940.png\",\"contentUrl\":\"https:\/\/agenciainfra.com\/blog\/wp-content\/uploads\/2023\/09\/iNFRA_5-e1761735885940.png\",\"width\":1672,\"height\":454,\"caption\":\"Ag\u00eancia iNFRA\"},\"image\":{\"@id\":\"https:\/\/agenciainfra.com\/blog\/#\/schema\/logo\/image\/\"},\"sameAs\":[\"https:\/\/www.facebook.com\/ageninfra\",\"https:\/\/x.com\/agencia_infra\",\"https:\/\/www.linkedin.com\/company\/ag\u00eanciainfra\/\",\"https:\/\/www.instagram.com\/agenciainfra\/\"]},{\"@type\":\"Person\",\"@id\":\"https:\/\/agenciainfra.com\/blog\/#\/schema\/person\/34af08dff6adea4cb22b06612ba7acfa\",\"name\":\"Ag\u00eancia iNFRA\",\"image\":{\"@type\":\"ImageObject\",\"inLanguage\":\"pt-BR\",\"@id\":\"https:\/\/agenciainfra.com\/blog\/#\/schema\/person\/image\/\",\"url\":\"https:\/\/secure.gravatar.com\/avatar\/d189e01678f06d8eb84d4e01f08eb848b3fffe3f8443818d3c356c66892f5be8?s=96&d=mm&r=g\",\"contentUrl\":\"https:\/\/secure.gravatar.com\/avatar\/d189e01678f06d8eb84d4e01f08eb848b3fffe3f8443818d3c356c66892f5be8?s=96&d=mm&r=g\",\"caption\":\"Ag\u00eancia iNFRA\"},\"url\":\"https:\/\/agenciainfra.com\/blog\/author\/admin\/\"}]}<\/script>\n<!-- \/ Yoast SEO Premium plugin. -->","yoast_head_json":{"title":"Log\u00edstica de gr\u00e3os mant\u00e9m gargalos hist\u00f3ricos, mas Arco Norte \u00e9 destaque positivo, indica relat\u00f3rio - Ag\u00eancia iNFRA","robots":{"index":"index","follow":"follow","max-snippet":"max-snippet:-1","max-image-preview":"max-image-preview:large","max-video-preview":"max-video-preview:-1"},"canonical":"https:\/\/agenciainfra.com\/blog\/logistica-de-graos-mantem-gargalos-historicos-mas-arco-norte-e-destaque-positivo-indica-relatorio\/","og_locale":"pt_BR","og_type":"article","og_title":"Log\u00edstica de gr\u00e3os mant\u00e9m gargalos hist\u00f3ricos, mas Arco Norte \u00e9 destaque positivo, indica relat\u00f3rio","og_description":"da Ag\u00eancia iNFRA O Arco Norte, que re\u00fane os portos da regi\u00e3o Norte, teve um crescimento de 12% das exporta\u00e7\u00f5es em 2010 para 35% em 2024, segundo o novo relat\u00f3rio &#8220;Retrato da Log\u00edstica de Gr\u00e3os do Brasil&#8220;, da nstech, empresa de software para supply chain. O avan\u00e7o foi impulsionado por investimentos privados e marcos regulat\u00f3rios, [&hellip;]","og_url":"https:\/\/agenciainfra.com\/blog\/logistica-de-graos-mantem-gargalos-historicos-mas-arco-norte-e-destaque-positivo-indica-relatorio\/","og_site_name":"Ag\u00eancia iNFRA","article_publisher":"https:\/\/www.facebook.com\/ageninfra","article_published_time":"2025-07-14T17:05:14+00:00","article_modified_time":"2025-07-14T17:05:16+00:00","og_image":[{"width":1280,"height":852,"url":"https:\/\/agenciainfra.com\/blog\/wp-content\/uploads\/2022\/03\/graos-mt-foto-embrapa.jpeg","type":"image\/jpeg"}],"author":"Ag\u00eancia iNFRA","twitter_card":"summary_large_image","twitter_creator":"@agencia_infra","twitter_site":"@agencia_infra","twitter_misc":{"Escrito por":"Ag\u00eancia iNFRA","Est. tempo de leitura":"3 minutos"},"schema":{"@context":"https:\/\/schema.org","@graph":[{"@type":"Article","@id":"https:\/\/agenciainfra.com\/blog\/logistica-de-graos-mantem-gargalos-historicos-mas-arco-norte-e-destaque-positivo-indica-relatorio\/#article","isPartOf":{"@id":"https:\/\/agenciainfra.com\/blog\/logistica-de-graos-mantem-gargalos-historicos-mas-arco-norte-e-destaque-positivo-indica-relatorio\/"},"author":{"name":"Ag\u00eancia iNFRA","@id":"https:\/\/agenciainfra.com\/blog\/#\/schema\/person\/34af08dff6adea4cb22b06612ba7acfa"},"headline":"Log\u00edstica de gr\u00e3os mant\u00e9m gargalos hist\u00f3ricos, mas Arco Norte \u00e9 destaque positivo, indica relat\u00f3rio","datePublished":"2025-07-14T17:05:14+00:00","dateModified":"2025-07-14T17:05:16+00:00","mainEntityOfPage":{"@id":"https:\/\/agenciainfra.com\/blog\/logistica-de-graos-mantem-gargalos-historicos-mas-arco-norte-e-destaque-positivo-indica-relatorio\/"},"wordCount":632,"publisher":{"@id":"https:\/\/agenciainfra.com\/blog\/#organization"},"image":{"@id":"https:\/\/agenciainfra.com\/blog\/logistica-de-graos-mantem-gargalos-historicos-mas-arco-norte-e-destaque-positivo-indica-relatorio\/#primaryimage"},"thumbnailUrl":"https:\/\/agenciainfra.com\/blog\/wp-content\/uploads\/2022\/03\/graos-mt-foto-embrapa.jpeg","keywords":["Arco Norte","armazenagem","log\u00edstica","Mariela Grisotto","Matopiba","nstech","transporte de gr\u00e3os"],"articleSection":["Geral","Giro iNFRA"],"inLanguage":"pt-BR","copyrightYear":"2025","copyrightHolder":{"@id":"https:\/\/agenciainfra.com\/blog\/#organization"}},{"@type":"WebPage","@id":"https:\/\/agenciainfra.com\/blog\/logistica-de-graos-mantem-gargalos-historicos-mas-arco-norte-e-destaque-positivo-indica-relatorio\/","url":"https:\/\/agenciainfra.com\/blog\/logistica-de-graos-mantem-gargalos-historicos-mas-arco-norte-e-destaque-positivo-indica-relatorio\/","name":"Log\u00edstica de gr\u00e3os mant\u00e9m gargalos hist\u00f3ricos, mas Arco Norte \u00e9 destaque positivo, indica relat\u00f3rio - Ag\u00eancia iNFRA","isPartOf":{"@id":"https:\/\/agenciainfra.com\/blog\/#website"},"primaryImageOfPage":{"@id":"https:\/\/agenciainfra.com\/blog\/logistica-de-graos-mantem-gargalos-historicos-mas-arco-norte-e-destaque-positivo-indica-relatorio\/#primaryimage"},"image":{"@id":"https:\/\/agenciainfra.com\/blog\/logistica-de-graos-mantem-gargalos-historicos-mas-arco-norte-e-destaque-positivo-indica-relatorio\/#primaryimage"},"thumbnailUrl":"https:\/\/agenciainfra.com\/blog\/wp-content\/uploads\/2022\/03\/graos-mt-foto-embrapa.jpeg","datePublished":"2025-07-14T17:05:14+00:00","dateModified":"2025-07-14T17:05:16+00:00","breadcrumb":{"@id":"https:\/\/agenciainfra.com\/blog\/logistica-de-graos-mantem-gargalos-historicos-mas-arco-norte-e-destaque-positivo-indica-relatorio\/#breadcrumb"},"inLanguage":"pt-BR","potentialAction":[{"@type":"ReadAction","target":["https:\/\/agenciainfra.com\/blog\/logistica-de-graos-mantem-gargalos-historicos-mas-arco-norte-e-destaque-positivo-indica-relatorio\/"]}]},{"@type":"ImageObject","inLanguage":"pt-BR","@id":"https:\/\/agenciainfra.com\/blog\/logistica-de-graos-mantem-gargalos-historicos-mas-arco-norte-e-destaque-positivo-indica-relatorio\/#primaryimage","url":"https:\/\/agenciainfra.com\/blog\/wp-content\/uploads\/2022\/03\/graos-mt-foto-embrapa.jpeg","contentUrl":"https:\/\/agenciainfra.com\/blog\/wp-content\/uploads\/2022\/03\/graos-mt-foto-embrapa.jpeg","width":1280,"height":852,"caption":"Foto: Embrapa"},{"@type":"BreadcrumbList","@id":"https:\/\/agenciainfra.com\/blog\/logistica-de-graos-mantem-gargalos-historicos-mas-arco-norte-e-destaque-positivo-indica-relatorio\/#breadcrumb","itemListElement":[{"@type":"ListItem","position":1,"name":"In\u00edcio","item":"https:\/\/agenciainfra.com\/blog\/"},{"@type":"ListItem","position":2,"name":"Log\u00edstica de gr\u00e3os mant\u00e9m gargalos hist\u00f3ricos, mas Arco Norte \u00e9 destaque positivo, indica relat\u00f3rio"}]},{"@type":"WebSite","@id":"https:\/\/agenciainfra.com\/blog\/#website","url":"https:\/\/agenciainfra.com\/blog\/","name":"Ag\u00eancia iNFRA","description":"Multiplataforma de informa\u00e7\u00e3o jornal\u00edstica refer\u00eancia na \u00e1rea de infraestrutura no Brasil!","publisher":{"@id":"https:\/\/agenciainfra.com\/blog\/#organization"},"potentialAction":[{"@type":"SearchAction","target":{"@type":"EntryPoint","urlTemplate":"https:\/\/agenciainfra.com\/blog\/?s={search_term_string}"},"query-input":{"@type":"PropertyValueSpecification","valueRequired":true,"valueName":"search_term_string"}}],"inLanguage":"pt-BR"},{"@type":"Organization","@id":"https:\/\/agenciainfra.com\/blog\/#organization","name":"Ag\u00eancia iNFRA","url":"https:\/\/agenciainfra.com\/blog\/","logo":{"@type":"ImageObject","inLanguage":"pt-BR","@id":"https:\/\/agenciainfra.com\/blog\/#\/schema\/logo\/image\/","url":"https:\/\/agenciainfra.com\/blog\/wp-content\/uploads\/2023\/09\/iNFRA_5-e1761735885940.png","contentUrl":"https:\/\/agenciainfra.com\/blog\/wp-content\/uploads\/2023\/09\/iNFRA_5-e1761735885940.png","width":1672,"height":454,"caption":"Ag\u00eancia iNFRA"},"image":{"@id":"https:\/\/agenciainfra.com\/blog\/#\/schema\/logo\/image\/"},"sameAs":["https:\/\/www.facebook.com\/ageninfra","https:\/\/x.com\/agencia_infra","https:\/\/www.linkedin.com\/company\/ag\u00eanciainfra\/","https:\/\/www.instagram.com\/agenciainfra\/"]},{"@type":"Person","@id":"https:\/\/agenciainfra.com\/blog\/#\/schema\/person\/34af08dff6adea4cb22b06612ba7acfa","name":"Ag\u00eancia iNFRA","image":{"@type":"ImageObject","inLanguage":"pt-BR","@id":"https:\/\/agenciainfra.com\/blog\/#\/schema\/person\/image\/","url":"https:\/\/secure.gravatar.com\/avatar\/d189e01678f06d8eb84d4e01f08eb848b3fffe3f8443818d3c356c66892f5be8?s=96&d=mm&r=g","contentUrl":"https:\/\/secure.gravatar.com\/avatar\/d189e01678f06d8eb84d4e01f08eb848b3fffe3f8443818d3c356c66892f5be8?s=96&d=mm&r=g","caption":"Ag\u00eancia iNFRA"},"url":"https:\/\/agenciainfra.com\/blog\/author\/admin\/"}]}},"_links":{"self":[{"href":"https:\/\/agenciainfra.com\/blog\/wp-json\/wp\/v2\/posts\/24601","targetHints":{"allow":["GET"]}}],"collection":[{"href":"https:\/\/agenciainfra.com\/blog\/wp-json\/wp\/v2\/posts"}],"about":[{"href":"https:\/\/agenciainfra.com\/blog\/wp-json\/wp\/v2\/types\/post"}],"author":[{"embeddable":true,"href":"https:\/\/agenciainfra.com\/blog\/wp-json\/wp\/v2\/users\/1"}],"replies":[{"embeddable":true,"href":"https:\/\/agenciainfra.com\/blog\/wp-json\/wp\/v2\/comments?post=24601"}],"version-history":[{"count":1,"href":"https:\/\/agenciainfra.com\/blog\/wp-json\/wp\/v2\/posts\/24601\/revisions"}],"predecessor-version":[{"id":24605,"href":"https:\/\/agenciainfra.com\/blog\/wp-json\/wp\/v2\/posts\/24601\/revisions\/24605"}],"wp:featuredmedia":[{"embeddable":true,"href":"https:\/\/agenciainfra.com\/blog\/wp-json\/wp\/v2\/media\/9845"}],"wp:attachment":[{"href":"https:\/\/agenciainfra.com\/blog\/wp-json\/wp\/v2\/media?parent=24601"}],"wp:term":[{"taxonomy":"category","embeddable":true,"href":"https:\/\/agenciainfra.com\/blog\/wp-json\/wp\/v2\/categories?post=24601"},{"taxonomy":"post_tag","embeddable":true,"href":"https:\/\/agenciainfra.com\/blog\/wp-json\/wp\/v2\/tags?post=24601"}],"curies":[{"name":"wp","href":"https:\/\/api.w.org\/{rel}","templated":true}]}}