{"id":24611,"date":"2025-07-14T17:27:09","date_gmt":"2025-07-14T20:27:09","guid":{"rendered":"https:\/\/agenciainfra.com\/blog\/?p=24611"},"modified":"2025-07-15T11:55:59","modified_gmt":"2025-07-15T14:55:59","slug":"gasoduto-do-projeto-raia-da-equinor-recebe-licenca-de-instalacao-do-ibama","status":"publish","type":"post","link":"https:\/\/agenciainfra.com\/blog\/gasoduto-do-projeto-raia-da-equinor-recebe-licenca-de-instalacao-do-ibama\/","title":{"rendered":"Gasoduto do projeto Raia, da Equinor, recebe licen\u00e7a de instala\u00e7\u00e3o do Ibama"},"content":{"rendered":"\n<p class=\"has-text-align-right\"><strong>Gabriel Vasconcelos, da Ag\u00eancia iNFRA<\/strong><\/p>\n\n\n\n<p>A petroleira norueguesa Equinor recebeu a licen\u00e7a do Ibama para o gasoduto do projeto Raia. O aval foi dado no s\u00e1bado (12). Agora, a Equinor planeja o in\u00edcio da instala\u00e7\u00e3o da estrutura de 200 quil\u00f4metros que vai ligar o navio-plataforma (FPSO) instalado no bloco BM-C-33, na Bacia de Campos, ao Terminal de Cabi\u00fanas, em Maca\u00e9 (RJ). O in\u00edcio da opera\u00e7\u00e3o est\u00e1 previsto para 2028.<\/p>\n\n\n\n<p>O projeto Raia ter\u00e1, segundo a Equinor, uma capacidade de enviar 16 milh\u00f5es de metros c\u00fabicos de g\u00e1s padr\u00e3o por dia (MSm\u00b3\/d) ao mercado brasileiro, o que pode representar at\u00e9 15% da demanda nacional. As reservas recuper\u00e1veis de \u00f3leo\/condensado s\u00e3o superiores a 1 bilh\u00e3o de boe (barris de \u00f3leo equivalente).<\/p>\n\n\n\n<p>Raia ser\u00e1 operado pela Equinor (35%) em cons\u00f3rcio com Repsol Sinopec (35%) e Petrobras (30%). \u00c9 um dos tr\u00eas grandes projetos para incrementar a oferta de g\u00e1s novo ao mercado nacional, junto do Rota 3 (j\u00e1 ativo) e Sergipe-Alagoas, encabe\u00e7ados pela Petrobras. A novidade, em Raia, \u00e9 que o FPSO ser\u00e1 capaz de tratar o \u00f3leo\/condensado e especificar o g\u00e1s produzido. Isso significa escoar &#8220;g\u00e1s pronto&#8221; para o mercado e reduzir a depend\u00eancia de unidades de tratamento em terra. A parte l\u00edquida (petr\u00f3leo) ser\u00e1 descarregada por meio de navios aliviadores.<\/p>\n\n\n\n<p>A Equinor destacou, em nota, o efeito de demanda do projeto na ind\u00fastria nacional de a\u00e7o. &#8220;Em mar\u00e7o de 2024 foram cortadas as primeiras placas de a\u00e7o que ser\u00e3o usadas no FPSO no estaleiro SeatriumFELS, em Angra dos Reis. Em Pindamonhangaba, em S\u00e3o Paulo, tamb\u00e9m foram fabricados os tubos para o gasoduto. Cerca de 20 mil toneladas de a\u00e7o foram utilizadas, com mais de 99% sendo produzido por empresas brasileiras&#8221;, informou.<\/p>\n","protected":false},"excerpt":{"rendered":"<p>Gabriel Vasconcelos, da Ag\u00eancia iNFRA A petroleira norueguesa Equinor recebeu a licen\u00e7a do Ibama para o gasoduto do projeto Raia. O aval foi dado no s\u00e1bado (12). Agora, a Equinor planeja o in\u00edcio da instala\u00e7\u00e3o da estrutura de 200 quil\u00f4metros que vai ligar o navio-plataforma (FPSO) instalado no bloco BM-C-33, na Bacia de Campos, ao [&hellip;]<\/p>\n","protected":false},"author":1,"featured_media":24614,"comment_status":"closed","ping_status":"closed","sticky":false,"template":"","format":"standard","meta":{"_monsterinsights_skip_tracking":false,"_monsterinsights_sitenote_active":false,"_monsterinsights_sitenote_note":"","_monsterinsights_sitenote_category":0,"footnotes":""},"categories":[7250,1,13271],"tags":[13560,13426,13251,749,3191,143,213,9814,14335],"class_list":["post-24611","post","type-post","status-publish","format-standard","has-post-thumbnail","hentry","category-destaque-lista","category-geral","category-oleo-gas","tag-bacia-de-campos","tag-equinor","tag-gabriel-vasconcelos","tag-ibama","tag-oleo-e-gas","tag-petrobras","tag-petroleo","tag-producao-de-gas","tag-projeto-raia"],"yoast_head":"<!-- This site is optimized with the Yoast SEO Premium plugin v25.4 (Yoast SEO v26.0) - https:\/\/yoast.com\/wordpress\/plugins\/seo\/ -->\n<title>Gasoduto do projeto Raia, da Equinor, recebe licen\u00e7a de instala\u00e7\u00e3o do Ibama - Ag\u00eancia iNFRA<\/title>\n<meta name=\"robots\" content=\"index, follow, max-snippet:-1, max-image-preview:large, max-video-preview:-1\" \/>\n<link rel=\"canonical\" href=\"https:\/\/agenciainfra.com\/blog\/gasoduto-do-projeto-raia-da-equinor-recebe-licenca-de-instalacao-do-ibama\/\" \/>\n<meta property=\"og:locale\" content=\"pt_BR\" \/>\n<meta property=\"og:type\" content=\"article\" \/>\n<meta property=\"og:title\" content=\"Gasoduto do projeto Raia, da Equinor, recebe licen\u00e7a de instala\u00e7\u00e3o do Ibama\" \/>\n<meta property=\"og:description\" content=\"Gabriel Vasconcelos, da Ag\u00eancia iNFRA A petroleira norueguesa Equinor recebeu a licen\u00e7a do Ibama para o gasoduto do projeto Raia. O aval foi dado no s\u00e1bado (12). Agora, a Equinor planeja o in\u00edcio da instala\u00e7\u00e3o da estrutura de 200 quil\u00f4metros que vai ligar o navio-plataforma (FPSO) instalado no bloco BM-C-33, na Bacia de Campos, ao [&hellip;]\" \/>\n<meta property=\"og:url\" content=\"https:\/\/agenciainfra.com\/blog\/gasoduto-do-projeto-raia-da-equinor-recebe-licenca-de-instalacao-do-ibama\/\" \/>\n<meta property=\"og:site_name\" content=\"Ag\u00eancia iNFRA\" \/>\n<meta property=\"article:publisher\" content=\"https:\/\/www.facebook.com\/ageninfra\" \/>\n<meta property=\"article:published_time\" content=\"2025-07-14T20:27:09+00:00\" \/>\n<meta property=\"article:modified_time\" content=\"2025-07-15T14:55:59+00:00\" \/>\n<meta property=\"og:image\" content=\"https:\/\/agenciainfra.com\/blog\/wp-content\/uploads\/2025\/07\/foto-projetoraia-equinor.jpeg\" \/>\n\t<meta property=\"og:image:width\" content=\"919\" \/>\n\t<meta property=\"og:image:height\" content=\"518\" \/>\n\t<meta property=\"og:image:type\" content=\"image\/jpeg\" \/>\n<meta name=\"author\" content=\"Ag\u00eancia iNFRA\" \/>\n<meta name=\"twitter:card\" content=\"summary_large_image\" \/>\n<meta name=\"twitter:creator\" content=\"@agencia_infra\" \/>\n<meta name=\"twitter:site\" content=\"@agencia_infra\" \/>\n<meta name=\"twitter:label1\" content=\"Escrito por\" \/>\n\t<meta name=\"twitter:data1\" content=\"Ag\u00eancia iNFRA\" \/>\n\t<meta name=\"twitter:label2\" content=\"Est. tempo de leitura\" \/>\n\t<meta name=\"twitter:data2\" content=\"2 minutos\" \/>\n<script type=\"application\/ld+json\" class=\"yoast-schema-graph\">{\"@context\":\"https:\/\/schema.org\",\"@graph\":[{\"@type\":\"Article\",\"@id\":\"https:\/\/agenciainfra.com\/blog\/gasoduto-do-projeto-raia-da-equinor-recebe-licenca-de-instalacao-do-ibama\/#article\",\"isPartOf\":{\"@id\":\"https:\/\/agenciainfra.com\/blog\/gasoduto-do-projeto-raia-da-equinor-recebe-licenca-de-instalacao-do-ibama\/\"},\"author\":{\"name\":\"Ag\u00eancia iNFRA\",\"@id\":\"https:\/\/agenciainfra.com\/blog\/#\/schema\/person\/34af08dff6adea4cb22b06612ba7acfa\"},\"headline\":\"Gasoduto do projeto Raia, da Equinor, recebe licen\u00e7a de instala\u00e7\u00e3o do Ibama\",\"datePublished\":\"2025-07-14T20:27:09+00:00\",\"dateModified\":\"2025-07-15T14:55:59+00:00\",\"mainEntityOfPage\":{\"@id\":\"https:\/\/agenciainfra.com\/blog\/gasoduto-do-projeto-raia-da-equinor-recebe-licenca-de-instalacao-do-ibama\/\"},\"wordCount\":315,\"publisher\":{\"@id\":\"https:\/\/agenciainfra.com\/blog\/#organization\"},\"image\":{\"@id\":\"https:\/\/agenciainfra.com\/blog\/gasoduto-do-projeto-raia-da-equinor-recebe-licenca-de-instalacao-do-ibama\/#primaryimage\"},\"thumbnailUrl\":\"https:\/\/agenciainfra.com\/blog\/wp-content\/uploads\/2025\/07\/foto-projetoraia-equinor.jpeg\",\"keywords\":[\"Bacia de Campos\",\"Equinor\",\"Gabriel Vasconcelos\",\"Ibama\",\"\u00f3leo e g\u00e1s\",\"Petrobras\",\"petr\u00f3leo\",\"Produ\u00e7\u00e3o de G\u00e1s\",\"Projeto Raia\"],\"articleSection\":[\"Destaque lista\",\"Geral\",\"\u00d3leo &amp; G\u00e1s\"],\"inLanguage\":\"pt-BR\",\"copyrightYear\":\"2025\",\"copyrightHolder\":{\"@id\":\"https:\/\/agenciainfra.com\/blog\/#organization\"}},{\"@type\":\"WebPage\",\"@id\":\"https:\/\/agenciainfra.com\/blog\/gasoduto-do-projeto-raia-da-equinor-recebe-licenca-de-instalacao-do-ibama\/\",\"url\":\"https:\/\/agenciainfra.com\/blog\/gasoduto-do-projeto-raia-da-equinor-recebe-licenca-de-instalacao-do-ibama\/\",\"name\":\"Gasoduto do projeto Raia, da Equinor, recebe licen\u00e7a de instala\u00e7\u00e3o do Ibama - Ag\u00eancia iNFRA\",\"isPartOf\":{\"@id\":\"https:\/\/agenciainfra.com\/blog\/#website\"},\"primaryImageOfPage\":{\"@id\":\"https:\/\/agenciainfra.com\/blog\/gasoduto-do-projeto-raia-da-equinor-recebe-licenca-de-instalacao-do-ibama\/#primaryimage\"},\"image\":{\"@id\":\"https:\/\/agenciainfra.com\/blog\/gasoduto-do-projeto-raia-da-equinor-recebe-licenca-de-instalacao-do-ibama\/#primaryimage\"},\"thumbnailUrl\":\"https:\/\/agenciainfra.com\/blog\/wp-content\/uploads\/2025\/07\/foto-projetoraia-equinor.jpeg\",\"datePublished\":\"2025-07-14T20:27:09+00:00\",\"dateModified\":\"2025-07-15T14:55:59+00:00\",\"breadcrumb\":{\"@id\":\"https:\/\/agenciainfra.com\/blog\/gasoduto-do-projeto-raia-da-equinor-recebe-licenca-de-instalacao-do-ibama\/#breadcrumb\"},\"inLanguage\":\"pt-BR\",\"potentialAction\":[{\"@type\":\"ReadAction\",\"target\":[\"https:\/\/agenciainfra.com\/blog\/gasoduto-do-projeto-raia-da-equinor-recebe-licenca-de-instalacao-do-ibama\/\"]}]},{\"@type\":\"ImageObject\",\"inLanguage\":\"pt-BR\",\"@id\":\"https:\/\/agenciainfra.com\/blog\/gasoduto-do-projeto-raia-da-equinor-recebe-licenca-de-instalacao-do-ibama\/#primaryimage\",\"url\":\"https:\/\/agenciainfra.com\/blog\/wp-content\/uploads\/2025\/07\/foto-projetoraia-equinor.jpeg\",\"contentUrl\":\"https:\/\/agenciainfra.com\/blog\/wp-content\/uploads\/2025\/07\/foto-projetoraia-equinor.jpeg\",\"width\":919,\"height\":518,\"caption\":\"Foto: Tenaris\"},{\"@type\":\"BreadcrumbList\",\"@id\":\"https:\/\/agenciainfra.com\/blog\/gasoduto-do-projeto-raia-da-equinor-recebe-licenca-de-instalacao-do-ibama\/#breadcrumb\",\"itemListElement\":[{\"@type\":\"ListItem\",\"position\":1,\"name\":\"In\u00edcio\",\"item\":\"https:\/\/agenciainfra.com\/blog\/\"},{\"@type\":\"ListItem\",\"position\":2,\"name\":\"Gasoduto do projeto Raia, da Equinor, recebe licen\u00e7a de instala\u00e7\u00e3o do Ibama\"}]},{\"@type\":\"WebSite\",\"@id\":\"https:\/\/agenciainfra.com\/blog\/#website\",\"url\":\"https:\/\/agenciainfra.com\/blog\/\",\"name\":\"Ag\u00eancia iNFRA\",\"description\":\"Multiplataforma de informa\u00e7\u00e3o jornal\u00edstica refer\u00eancia na \u00e1rea de infraestrutura no Brasil!\",\"publisher\":{\"@id\":\"https:\/\/agenciainfra.com\/blog\/#organization\"},\"potentialAction\":[{\"@type\":\"SearchAction\",\"target\":{\"@type\":\"EntryPoint\",\"urlTemplate\":\"https:\/\/agenciainfra.com\/blog\/?s={search_term_string}\"},\"query-input\":{\"@type\":\"PropertyValueSpecification\",\"valueRequired\":true,\"valueName\":\"search_term_string\"}}],\"inLanguage\":\"pt-BR\"},{\"@type\":\"Organization\",\"@id\":\"https:\/\/agenciainfra.com\/blog\/#organization\",\"name\":\"Ag\u00eancia iNFRA\",\"url\":\"https:\/\/agenciainfra.com\/blog\/\",\"logo\":{\"@type\":\"ImageObject\",\"inLanguage\":\"pt-BR\",\"@id\":\"https:\/\/agenciainfra.com\/blog\/#\/schema\/logo\/image\/\",\"url\":\"https:\/\/agenciainfra.com\/blog\/wp-content\/uploads\/2023\/09\/iNFRA_5-e1761735885940.png\",\"contentUrl\":\"https:\/\/agenciainfra.com\/blog\/wp-content\/uploads\/2023\/09\/iNFRA_5-e1761735885940.png\",\"width\":1672,\"height\":454,\"caption\":\"Ag\u00eancia iNFRA\"},\"image\":{\"@id\":\"https:\/\/agenciainfra.com\/blog\/#\/schema\/logo\/image\/\"},\"sameAs\":[\"https:\/\/www.facebook.com\/ageninfra\",\"https:\/\/x.com\/agencia_infra\",\"https:\/\/www.linkedin.com\/company\/ag\u00eanciainfra\/\",\"https:\/\/www.instagram.com\/agenciainfra\/\"]},{\"@type\":\"Person\",\"@id\":\"https:\/\/agenciainfra.com\/blog\/#\/schema\/person\/34af08dff6adea4cb22b06612ba7acfa\",\"name\":\"Ag\u00eancia iNFRA\",\"image\":{\"@type\":\"ImageObject\",\"inLanguage\":\"pt-BR\",\"@id\":\"https:\/\/agenciainfra.com\/blog\/#\/schema\/person\/image\/\",\"url\":\"https:\/\/secure.gravatar.com\/avatar\/d189e01678f06d8eb84d4e01f08eb848b3fffe3f8443818d3c356c66892f5be8?s=96&d=mm&r=g\",\"contentUrl\":\"https:\/\/secure.gravatar.com\/avatar\/d189e01678f06d8eb84d4e01f08eb848b3fffe3f8443818d3c356c66892f5be8?s=96&d=mm&r=g\",\"caption\":\"Ag\u00eancia iNFRA\"},\"url\":\"https:\/\/agenciainfra.com\/blog\/author\/admin\/\"}]}<\/script>\n<!-- \/ Yoast SEO Premium plugin. -->","yoast_head_json":{"title":"Gasoduto do projeto Raia, da Equinor, recebe licen\u00e7a de instala\u00e7\u00e3o do Ibama - Ag\u00eancia iNFRA","robots":{"index":"index","follow":"follow","max-snippet":"max-snippet:-1","max-image-preview":"max-image-preview:large","max-video-preview":"max-video-preview:-1"},"canonical":"https:\/\/agenciainfra.com\/blog\/gasoduto-do-projeto-raia-da-equinor-recebe-licenca-de-instalacao-do-ibama\/","og_locale":"pt_BR","og_type":"article","og_title":"Gasoduto do projeto Raia, da Equinor, recebe licen\u00e7a de instala\u00e7\u00e3o do Ibama","og_description":"Gabriel Vasconcelos, da Ag\u00eancia iNFRA A petroleira norueguesa Equinor recebeu a licen\u00e7a do Ibama para o gasoduto do projeto Raia. O aval foi dado no s\u00e1bado (12). Agora, a Equinor planeja o in\u00edcio da instala\u00e7\u00e3o da estrutura de 200 quil\u00f4metros que vai ligar o navio-plataforma (FPSO) instalado no bloco BM-C-33, na Bacia de Campos, ao [&hellip;]","og_url":"https:\/\/agenciainfra.com\/blog\/gasoduto-do-projeto-raia-da-equinor-recebe-licenca-de-instalacao-do-ibama\/","og_site_name":"Ag\u00eancia iNFRA","article_publisher":"https:\/\/www.facebook.com\/ageninfra","article_published_time":"2025-07-14T20:27:09+00:00","article_modified_time":"2025-07-15T14:55:59+00:00","og_image":[{"width":919,"height":518,"url":"https:\/\/agenciainfra.com\/blog\/wp-content\/uploads\/2025\/07\/foto-projetoraia-equinor.jpeg","type":"image\/jpeg"}],"author":"Ag\u00eancia iNFRA","twitter_card":"summary_large_image","twitter_creator":"@agencia_infra","twitter_site":"@agencia_infra","twitter_misc":{"Escrito por":"Ag\u00eancia iNFRA","Est. tempo de leitura":"2 minutos"},"schema":{"@context":"https:\/\/schema.org","@graph":[{"@type":"Article","@id":"https:\/\/agenciainfra.com\/blog\/gasoduto-do-projeto-raia-da-equinor-recebe-licenca-de-instalacao-do-ibama\/#article","isPartOf":{"@id":"https:\/\/agenciainfra.com\/blog\/gasoduto-do-projeto-raia-da-equinor-recebe-licenca-de-instalacao-do-ibama\/"},"author":{"name":"Ag\u00eancia iNFRA","@id":"https:\/\/agenciainfra.com\/blog\/#\/schema\/person\/34af08dff6adea4cb22b06612ba7acfa"},"headline":"Gasoduto do projeto Raia, da Equinor, recebe licen\u00e7a de instala\u00e7\u00e3o do Ibama","datePublished":"2025-07-14T20:27:09+00:00","dateModified":"2025-07-15T14:55:59+00:00","mainEntityOfPage":{"@id":"https:\/\/agenciainfra.com\/blog\/gasoduto-do-projeto-raia-da-equinor-recebe-licenca-de-instalacao-do-ibama\/"},"wordCount":315,"publisher":{"@id":"https:\/\/agenciainfra.com\/blog\/#organization"},"image":{"@id":"https:\/\/agenciainfra.com\/blog\/gasoduto-do-projeto-raia-da-equinor-recebe-licenca-de-instalacao-do-ibama\/#primaryimage"},"thumbnailUrl":"https:\/\/agenciainfra.com\/blog\/wp-content\/uploads\/2025\/07\/foto-projetoraia-equinor.jpeg","keywords":["Bacia de Campos","Equinor","Gabriel Vasconcelos","Ibama","\u00f3leo e g\u00e1s","Petrobras","petr\u00f3leo","Produ\u00e7\u00e3o de G\u00e1s","Projeto Raia"],"articleSection":["Destaque lista","Geral","\u00d3leo &amp; G\u00e1s"],"inLanguage":"pt-BR","copyrightYear":"2025","copyrightHolder":{"@id":"https:\/\/agenciainfra.com\/blog\/#organization"}},{"@type":"WebPage","@id":"https:\/\/agenciainfra.com\/blog\/gasoduto-do-projeto-raia-da-equinor-recebe-licenca-de-instalacao-do-ibama\/","url":"https:\/\/agenciainfra.com\/blog\/gasoduto-do-projeto-raia-da-equinor-recebe-licenca-de-instalacao-do-ibama\/","name":"Gasoduto do projeto Raia, da Equinor, recebe licen\u00e7a de instala\u00e7\u00e3o do Ibama - Ag\u00eancia iNFRA","isPartOf":{"@id":"https:\/\/agenciainfra.com\/blog\/#website"},"primaryImageOfPage":{"@id":"https:\/\/agenciainfra.com\/blog\/gasoduto-do-projeto-raia-da-equinor-recebe-licenca-de-instalacao-do-ibama\/#primaryimage"},"image":{"@id":"https:\/\/agenciainfra.com\/blog\/gasoduto-do-projeto-raia-da-equinor-recebe-licenca-de-instalacao-do-ibama\/#primaryimage"},"thumbnailUrl":"https:\/\/agenciainfra.com\/blog\/wp-content\/uploads\/2025\/07\/foto-projetoraia-equinor.jpeg","datePublished":"2025-07-14T20:27:09+00:00","dateModified":"2025-07-15T14:55:59+00:00","breadcrumb":{"@id":"https:\/\/agenciainfra.com\/blog\/gasoduto-do-projeto-raia-da-equinor-recebe-licenca-de-instalacao-do-ibama\/#breadcrumb"},"inLanguage":"pt-BR","potentialAction":[{"@type":"ReadAction","target":["https:\/\/agenciainfra.com\/blog\/gasoduto-do-projeto-raia-da-equinor-recebe-licenca-de-instalacao-do-ibama\/"]}]},{"@type":"ImageObject","inLanguage":"pt-BR","@id":"https:\/\/agenciainfra.com\/blog\/gasoduto-do-projeto-raia-da-equinor-recebe-licenca-de-instalacao-do-ibama\/#primaryimage","url":"https:\/\/agenciainfra.com\/blog\/wp-content\/uploads\/2025\/07\/foto-projetoraia-equinor.jpeg","contentUrl":"https:\/\/agenciainfra.com\/blog\/wp-content\/uploads\/2025\/07\/foto-projetoraia-equinor.jpeg","width":919,"height":518,"caption":"Foto: Tenaris"},{"@type":"BreadcrumbList","@id":"https:\/\/agenciainfra.com\/blog\/gasoduto-do-projeto-raia-da-equinor-recebe-licenca-de-instalacao-do-ibama\/#breadcrumb","itemListElement":[{"@type":"ListItem","position":1,"name":"In\u00edcio","item":"https:\/\/agenciainfra.com\/blog\/"},{"@type":"ListItem","position":2,"name":"Gasoduto do projeto Raia, da Equinor, recebe licen\u00e7a de instala\u00e7\u00e3o do Ibama"}]},{"@type":"WebSite","@id":"https:\/\/agenciainfra.com\/blog\/#website","url":"https:\/\/agenciainfra.com\/blog\/","name":"Ag\u00eancia iNFRA","description":"Multiplataforma de informa\u00e7\u00e3o jornal\u00edstica refer\u00eancia na \u00e1rea de infraestrutura no Brasil!","publisher":{"@id":"https:\/\/agenciainfra.com\/blog\/#organization"},"potentialAction":[{"@type":"SearchAction","target":{"@type":"EntryPoint","urlTemplate":"https:\/\/agenciainfra.com\/blog\/?s={search_term_string}"},"query-input":{"@type":"PropertyValueSpecification","valueRequired":true,"valueName":"search_term_string"}}],"inLanguage":"pt-BR"},{"@type":"Organization","@id":"https:\/\/agenciainfra.com\/blog\/#organization","name":"Ag\u00eancia iNFRA","url":"https:\/\/agenciainfra.com\/blog\/","logo":{"@type":"ImageObject","inLanguage":"pt-BR","@id":"https:\/\/agenciainfra.com\/blog\/#\/schema\/logo\/image\/","url":"https:\/\/agenciainfra.com\/blog\/wp-content\/uploads\/2023\/09\/iNFRA_5-e1761735885940.png","contentUrl":"https:\/\/agenciainfra.com\/blog\/wp-content\/uploads\/2023\/09\/iNFRA_5-e1761735885940.png","width":1672,"height":454,"caption":"Ag\u00eancia iNFRA"},"image":{"@id":"https:\/\/agenciainfra.com\/blog\/#\/schema\/logo\/image\/"},"sameAs":["https:\/\/www.facebook.com\/ageninfra","https:\/\/x.com\/agencia_infra","https:\/\/www.linkedin.com\/company\/ag\u00eanciainfra\/","https:\/\/www.instagram.com\/agenciainfra\/"]},{"@type":"Person","@id":"https:\/\/agenciainfra.com\/blog\/#\/schema\/person\/34af08dff6adea4cb22b06612ba7acfa","name":"Ag\u00eancia iNFRA","image":{"@type":"ImageObject","inLanguage":"pt-BR","@id":"https:\/\/agenciainfra.com\/blog\/#\/schema\/person\/image\/","url":"https:\/\/secure.gravatar.com\/avatar\/d189e01678f06d8eb84d4e01f08eb848b3fffe3f8443818d3c356c66892f5be8?s=96&d=mm&r=g","contentUrl":"https:\/\/secure.gravatar.com\/avatar\/d189e01678f06d8eb84d4e01f08eb848b3fffe3f8443818d3c356c66892f5be8?s=96&d=mm&r=g","caption":"Ag\u00eancia iNFRA"},"url":"https:\/\/agenciainfra.com\/blog\/author\/admin\/"}]}},"_links":{"self":[{"href":"https:\/\/agenciainfra.com\/blog\/wp-json\/wp\/v2\/posts\/24611","targetHints":{"allow":["GET"]}}],"collection":[{"href":"https:\/\/agenciainfra.com\/blog\/wp-json\/wp\/v2\/posts"}],"about":[{"href":"https:\/\/agenciainfra.com\/blog\/wp-json\/wp\/v2\/types\/post"}],"author":[{"embeddable":true,"href":"https:\/\/agenciainfra.com\/blog\/wp-json\/wp\/v2\/users\/1"}],"replies":[{"embeddable":true,"href":"https:\/\/agenciainfra.com\/blog\/wp-json\/wp\/v2\/comments?post=24611"}],"version-history":[{"count":1,"href":"https:\/\/agenciainfra.com\/blog\/wp-json\/wp\/v2\/posts\/24611\/revisions"}],"predecessor-version":[{"id":24613,"href":"https:\/\/agenciainfra.com\/blog\/wp-json\/wp\/v2\/posts\/24611\/revisions\/24613"}],"wp:featuredmedia":[{"embeddable":true,"href":"https:\/\/agenciainfra.com\/blog\/wp-json\/wp\/v2\/media\/24614"}],"wp:attachment":[{"href":"https:\/\/agenciainfra.com\/blog\/wp-json\/wp\/v2\/media?parent=24611"}],"wp:term":[{"taxonomy":"category","embeddable":true,"href":"https:\/\/agenciainfra.com\/blog\/wp-json\/wp\/v2\/categories?post=24611"},{"taxonomy":"post_tag","embeddable":true,"href":"https:\/\/agenciainfra.com\/blog\/wp-json\/wp\/v2\/tags?post=24611"}],"curies":[{"name":"wp","href":"https:\/\/api.w.org\/{rel}","templated":true}]}}