{"id":24648,"date":"2025-07-16T10:00:00","date_gmt":"2025-07-16T13:00:00","guid":{"rendered":"https:\/\/agenciainfra.com\/blog\/?p=24648"},"modified":"2025-07-16T15:49:40","modified_gmt":"2025-07-16T18:49:40","slug":"artemig-vai-reavaliar-passivos-de-contratos-antigos-e-assumir-carteira-com-r-137-bilhoes-em-investimentos","status":"publish","type":"post","link":"https:\/\/agenciainfra.com\/blog\/artemig-vai-reavaliar-passivos-de-contratos-antigos-e-assumir-carteira-com-r-137-bilhoes-em-investimentos\/","title":{"rendered":"Artemig vai reavaliar passivos de contratos antigos e assumir carteira com R$ 13,7 bilh\u00f5es em investimentos"},"content":{"rendered":"\n<p class=\"has-text-align-right\"><strong>Sheyla Santos, da Ag\u00eancia iNFRA<\/strong><\/p>\n\n\n\n<p>A atua\u00e7\u00e3o da Artemig, rec\u00e9m-criada ag\u00eancia reguladora de Transportes de Minas Gerais, vai passar pela reavalia\u00e7\u00e3o de passivos contratuais, incluindo reequil\u00edbrios econ\u00f4mico-financeiros que est\u00e3o pendentes em antigos contratos. \u00c9 o caso, por exemplo, da concess\u00e3o da MG-050, prestes a completar 19 anos. A informa\u00e7\u00e3o foi dada pelo diretor-geral da autarquia, Breno Longobucco.<br><br>Ele destacou que, por ser mais antigo, o contrato foi celebrado quando o regramento de concess\u00f5es e parcerias do estado ainda era distinto do atual. Em entrevista \u00e0&nbsp;<strong>Ag\u00eancia iNFRA<\/strong>, Longobucco afirma que a reguladora trabalha para firmar entendimentos com a concession\u00e1ria \u00e0 luz do que tem sido praticado por outras ag\u00eancias, fazendo o chamado &#8220;clearing&#8221; do contrato.<br><br>Para as parcerias&nbsp;mais recentes, Longobucco destaca que a estrat\u00e9gia da Artemig visa, primeiramente, evitar a cria\u00e7\u00e3o de passivos regulat\u00f3rios. Para isso, a nova ag\u00eancia pretende trabalhar com diferentes revis\u00f5es, como as ordin\u00e1rias, anuais e quinquenais, dentro dos referidos prazos. \u201c\u00c9 um desafio que a gente tem para evitar que esses [novos] contratos, ao longo dos anos, se tornem contratos complexos. [Isso \u00e9] para a gente entregar uma ag\u00eancia estruturada, mas tamb\u00e9m sem passivos para as pr\u00f3ximas diretorias\u201d, disse.<br><br>Ele conta que h\u00e1 um entendimento para que os contratos dos ativos concedidos observem novas tecnologias, como a transi\u00e7\u00e3o da pra\u00e7a de ped\u00e1gio para o modelo de free flow (ped\u00e1gio eletr\u00f4nico) e a ado\u00e7\u00e3o de iniciativas como a HS-WIM, balan\u00e7a de pesagem din\u00e2mica.<br><br><strong>Estrutura\u00e7\u00e3o<\/strong><br>Segundo Longobucco, a&nbsp;Artemig vai mirar como prioridades as frentes de estrutura\u00e7\u00e3o da ag\u00eancia, a regula\u00e7\u00e3o responsiva e uma agenda regulat\u00f3ria somada \u00e0 inova\u00e7\u00e3o. Os primeiros desafios, ele explica, s\u00e3o inerentes \u00e0 cria\u00e7\u00e3o de uma entidade p\u00fablica do zero.&nbsp;<br><br>A estrutura\u00e7\u00e3o vai passar, por exemplo, pela abertura de uma unidade or\u00e7ament\u00e1ria e por uma adapta\u00e7\u00e3o dos sistemas corporativos que ser\u00e3o passados da Seinfra (Secretaria de Estado de Infraestrutura, Mobilidade e Parcerias) do estado para a Artemig. O planejamento prev\u00ea que a nova ag\u00eancia caminhe com mais independ\u00eancia da Seinfra a partir de 2026.<br><br>De in\u00edcio, a carteira a ser fiscalizada pela Artemig vai abranger oito dos 20 contratos administrados pela secretaria, com um investimento (capex) total de R$ 13,7 bilh\u00f5es. Os maiores montantes est\u00e3o concentrados nos ativos rodovi\u00e1rios, cujo portf\u00f3lio de cinco contratos soma&nbsp;R$ 13,5 bilh\u00f5es.&nbsp;<br><br>S\u00e3o eles: a MG-050, que conecta Belo Horizonte ao sudoeste do estado&nbsp;e tem previs\u00e3o de R$ R$ 2,3 bilh\u00f5es de capex; a BR-135, na liga\u00e7\u00e3o da regi\u00e3o de Curvelo a Montes Claros, com investimentos de R$ 2,7 bilh\u00f5es; e mais tr\u00eas lotes rodovi\u00e1rios, os Lotes Sul de Minas (R$ 3,5 bilh\u00f5es), Tri\u00e2ngulo Mineiro e Varginha Furnas, tamb\u00e9m conhecido como Vias do Caf\u00e9, os dois \u00faltimos com investimentos de R$ 2,5 bilh\u00f5es cada.<br><br>Os contratos de concess\u00f5es dos aeroportos da Pampulha e da Zona da Mata, na regi\u00e3o de Juiz de Fora, com previs\u00e3o de investimentos de R$ 178,6 milh\u00f5es e R$ 20,1 milh\u00f5es, respectivamente, tamb\u00e9m comp\u00f5em o escopo da Artemig. A carteira de ativos inclui o contrato de concess\u00e3o da travessia por balsa, em Manga\/Matias Cardoso, no Rio S\u00e3o Francisco, cujos investimentos s\u00e3o de R$ 16,9 milh\u00f5es. \u201cEsses s\u00e3o os contratos que estavam no Seinfra e cuja fiscaliza\u00e7\u00e3o e regula\u00e7\u00e3o j\u00e1 migram de imediato para a Artemig\u201d, explica o diretor-geral.<br><br><strong>Concess\u00f5es futuras<\/strong><br>A ideia \u00e9 que no futuro a carteira da ag\u00eancia absorva investimentos mais robustos, como os contratos do Rodoanel, com R$ 5 bilh\u00f5es de capex, e do Metr\u00f4 BH, com R$ 3,7 bilh\u00f5es. Mas a migra\u00e7\u00e3o das duas concess\u00f5es para a nova reguladora dever\u00e1 ocorrer somente ap\u00f3s a fase de obras.&nbsp;No caso do metr\u00f4, a transfer\u00eancia para a Artemig dever\u00e1 acontecer quando for iniciada a cobran\u00e7a de tarifa na Linha 2. J\u00e1 as obras do Rodoanel est\u00e3o previstas para serem iniciadas no segundo semestre deste ano. A conclus\u00e3o da primeira al\u00e7a \u00e9 estimada para 2028.<br><br><strong>Mandatos e autonomia financeira<\/strong><br>Al\u00e9m de Longobucco, a diretoria colegiada da Artemig \u00e9 formada pela diretora t\u00e9cnica Isabela Cristina Diniz Baruffi, engenheira de produ\u00e7\u00e3o com carreira na ANAC (Ag\u00eancia Nacional de Avia\u00e7\u00e3o Civil) e na pr\u00f3pria Seinfra, e pelo diretor t\u00e9cnico Carlos Roberto Alvisi J\u00fanior, engenheiro civil com passagens pela ANTT (Ag\u00eancia Nacional de Transportes Terrestres), DNIT (Departamento Nacional de Infraestrutura de Transportes) e Infra S.A.<br><br>Neste primeiro momento, o diretor-geral explica que ter\u00e1 um mandato de cinco anos e os demais diretores, de quatro e tr\u00eas anos, para que n\u00e3o ocorram mandatos coincidentes nas gest\u00f5es futuras. Depois dessa fase, os per\u00edodos&nbsp;passar\u00e3o a ser de cinco anos.&nbsp;<br><br>Em rela\u00e7\u00e3o \u00e0 autonomia or\u00e7ament\u00e1ria-financeira, Longobucco afirma que a cria\u00e7\u00e3o da ag\u00eancia prev\u00ea recursos como penalidades ou multas aplicadas \u00e0s concession\u00e1rias por descumprimento contratual, que ser\u00e3o de uso aut\u00f4nomo da pr\u00f3pria ag\u00eancia.<br><br>No novo arranjo a partir da cria\u00e7\u00e3o do \u00f3rg\u00e3o reguladora, a Seinfra permanece com a estrutura\u00e7\u00e3o dos projetos. Assim, a Artemig entra na din\u00e2mica como ente regulador. Longobucco explica que, apesar do desafio de ter uma equipe enxuta, a nova ag\u00eancia dever\u00e1 acompanhar todas as modelagens em estudo ou em estrutura\u00e7\u00e3o pela Seinfra. O objetivo, segundo ele, \u00e9 aplicar o conhecimento da ag\u00eancia sobre as dificuldades e os custos regulat\u00f3rios dos contratos modelados.<\/p>\n","protected":false},"excerpt":{"rendered":"<p>Sheyla Santos, da Ag\u00eancia iNFRA A atua\u00e7\u00e3o da Artemig, rec\u00e9m-criada ag\u00eancia reguladora de Transportes de Minas Gerais, vai passar pela reavalia\u00e7\u00e3o de passivos contratuais, incluindo reequil\u00edbrios econ\u00f4mico-financeiros que est\u00e3o pendentes em antigos contratos. \u00c9 o caso, por exemplo, da concess\u00e3o da MG-050, prestes a completar 19 anos. A informa\u00e7\u00e3o foi dada pelo diretor-geral da autarquia, [&hellip;]<\/p>\n","protected":false},"author":1,"featured_media":2939,"comment_status":"closed","ping_status":"closed","sticky":false,"template":"","format":"standard","meta":{"_monsterinsights_skip_tracking":false,"_monsterinsights_sitenote_active":false,"_monsterinsights_sitenote_note":"","_monsterinsights_sitenote_category":0,"footnotes":""},"categories":[7250,1,7],"tags":[14245,72,4997,14244,8838,14243],"class_list":["post-24648","post","type-post","status-publish","format-standard","has-post-thumbnail","hentry","category-destaque-lista","category-geral","category-infratransporte","tag-agencia-de-transportes-de-mg","tag-agencia-reguladora","tag-artemig","tag-breno-longobucco","tag-sheyla-santos","tag-transportes-de-mg"],"yoast_head":"<!-- This site is optimized with the Yoast SEO Premium plugin v25.4 (Yoast SEO v26.0) - https:\/\/yoast.com\/wordpress\/plugins\/seo\/ -->\n<title>Artemig vai reavaliar passivos de contratos antigos e assumir carteira com R$ 13,7 bilh\u00f5es em investimentos - Ag\u00eancia iNFRA<\/title>\n<meta name=\"robots\" content=\"index, follow, max-snippet:-1, max-image-preview:large, max-video-preview:-1\" \/>\n<link rel=\"canonical\" href=\"https:\/\/agenciainfra.com\/blog\/artemig-vai-reavaliar-passivos-de-contratos-antigos-e-assumir-carteira-com-r-137-bilhoes-em-investimentos\/\" \/>\n<meta property=\"og:locale\" content=\"pt_BR\" \/>\n<meta property=\"og:type\" content=\"article\" \/>\n<meta property=\"og:title\" content=\"Artemig vai reavaliar passivos de contratos antigos e assumir carteira com R$ 13,7 bilh\u00f5es em investimentos\" \/>\n<meta property=\"og:description\" content=\"Sheyla Santos, da Ag\u00eancia iNFRA A atua\u00e7\u00e3o da Artemig, rec\u00e9m-criada ag\u00eancia reguladora de Transportes de Minas Gerais, vai passar pela reavalia\u00e7\u00e3o de passivos contratuais, incluindo reequil\u00edbrios econ\u00f4mico-financeiros que est\u00e3o pendentes em antigos contratos. \u00c9 o caso, por exemplo, da concess\u00e3o da MG-050, prestes a completar 19 anos. A informa\u00e7\u00e3o foi dada pelo diretor-geral da autarquia, [&hellip;]\" \/>\n<meta property=\"og:url\" content=\"https:\/\/agenciainfra.com\/blog\/artemig-vai-reavaliar-passivos-de-contratos-antigos-e-assumir-carteira-com-r-137-bilhoes-em-investimentos\/\" \/>\n<meta property=\"og:site_name\" content=\"Ag\u00eancia iNFRA\" \/>\n<meta property=\"article:publisher\" content=\"https:\/\/www.facebook.com\/ageninfra\" \/>\n<meta property=\"article:published_time\" content=\"2025-07-16T13:00:00+00:00\" \/>\n<meta property=\"article:modified_time\" content=\"2025-07-16T18:49:40+00:00\" \/>\n<meta property=\"og:image\" content=\"https:\/\/agenciainfra.com\/blog\/wp-content\/uploads\/2019\/02\/rodovia-beth-santos-secretaria-geral-da-pr.jpg\" \/>\n\t<meta property=\"og:image:width\" content=\"1140\" \/>\n\t<meta property=\"og:image:height\" content=\"760\" \/>\n\t<meta property=\"og:image:type\" content=\"image\/jpeg\" \/>\n<meta name=\"author\" content=\"Ag\u00eancia iNFRA\" \/>\n<meta name=\"twitter:card\" content=\"summary_large_image\" \/>\n<meta name=\"twitter:creator\" content=\"@agencia_infra\" \/>\n<meta name=\"twitter:site\" content=\"@agencia_infra\" \/>\n<meta name=\"twitter:label1\" content=\"Escrito por\" \/>\n\t<meta name=\"twitter:data1\" content=\"Ag\u00eancia iNFRA\" \/>\n\t<meta name=\"twitter:label2\" content=\"Est. tempo de leitura\" \/>\n\t<meta name=\"twitter:data2\" content=\"5 minutos\" \/>\n<script type=\"application\/ld+json\" class=\"yoast-schema-graph\">{\"@context\":\"https:\/\/schema.org\",\"@graph\":[{\"@type\":\"Article\",\"@id\":\"https:\/\/agenciainfra.com\/blog\/artemig-vai-reavaliar-passivos-de-contratos-antigos-e-assumir-carteira-com-r-137-bilhoes-em-investimentos\/#article\",\"isPartOf\":{\"@id\":\"https:\/\/agenciainfra.com\/blog\/artemig-vai-reavaliar-passivos-de-contratos-antigos-e-assumir-carteira-com-r-137-bilhoes-em-investimentos\/\"},\"author\":{\"name\":\"Ag\u00eancia iNFRA\",\"@id\":\"https:\/\/agenciainfra.com\/blog\/#\/schema\/person\/34af08dff6adea4cb22b06612ba7acfa\"},\"headline\":\"Artemig vai reavaliar passivos de contratos antigos e assumir carteira com R$ 13,7 bilh\u00f5es em investimentos\",\"datePublished\":\"2025-07-16T13:00:00+00:00\",\"dateModified\":\"2025-07-16T18:49:40+00:00\",\"mainEntityOfPage\":{\"@id\":\"https:\/\/agenciainfra.com\/blog\/artemig-vai-reavaliar-passivos-de-contratos-antigos-e-assumir-carteira-com-r-137-bilhoes-em-investimentos\/\"},\"wordCount\":970,\"publisher\":{\"@id\":\"https:\/\/agenciainfra.com\/blog\/#organization\"},\"image\":{\"@id\":\"https:\/\/agenciainfra.com\/blog\/artemig-vai-reavaliar-passivos-de-contratos-antigos-e-assumir-carteira-com-r-137-bilhoes-em-investimentos\/#primaryimage\"},\"thumbnailUrl\":\"https:\/\/agenciainfra.com\/blog\/wp-content\/uploads\/2019\/02\/rodovia-beth-santos-secretaria-geral-da-pr.jpg\",\"keywords\":[\"ag\u00eancia de transportes de mg\",\"ag\u00eancia reguladora\",\"Artemig\",\"breno longobucco\",\"Sheyla Santos\",\"transportes de mg\"],\"articleSection\":[\"Destaque lista\",\"Geral\",\"iNFRATransporte\"],\"inLanguage\":\"pt-BR\",\"copyrightYear\":\"2025\",\"copyrightHolder\":{\"@id\":\"https:\/\/agenciainfra.com\/blog\/#organization\"}},{\"@type\":\"WebPage\",\"@id\":\"https:\/\/agenciainfra.com\/blog\/artemig-vai-reavaliar-passivos-de-contratos-antigos-e-assumir-carteira-com-r-137-bilhoes-em-investimentos\/\",\"url\":\"https:\/\/agenciainfra.com\/blog\/artemig-vai-reavaliar-passivos-de-contratos-antigos-e-assumir-carteira-com-r-137-bilhoes-em-investimentos\/\",\"name\":\"Artemig vai reavaliar passivos de contratos antigos e assumir carteira com R$ 13,7 bilh\u00f5es em investimentos - Ag\u00eancia iNFRA\",\"isPartOf\":{\"@id\":\"https:\/\/agenciainfra.com\/blog\/#website\"},\"primaryImageOfPage\":{\"@id\":\"https:\/\/agenciainfra.com\/blog\/artemig-vai-reavaliar-passivos-de-contratos-antigos-e-assumir-carteira-com-r-137-bilhoes-em-investimentos\/#primaryimage\"},\"image\":{\"@id\":\"https:\/\/agenciainfra.com\/blog\/artemig-vai-reavaliar-passivos-de-contratos-antigos-e-assumir-carteira-com-r-137-bilhoes-em-investimentos\/#primaryimage\"},\"thumbnailUrl\":\"https:\/\/agenciainfra.com\/blog\/wp-content\/uploads\/2019\/02\/rodovia-beth-santos-secretaria-geral-da-pr.jpg\",\"datePublished\":\"2025-07-16T13:00:00+00:00\",\"dateModified\":\"2025-07-16T18:49:40+00:00\",\"breadcrumb\":{\"@id\":\"https:\/\/agenciainfra.com\/blog\/artemig-vai-reavaliar-passivos-de-contratos-antigos-e-assumir-carteira-com-r-137-bilhoes-em-investimentos\/#breadcrumb\"},\"inLanguage\":\"pt-BR\",\"potentialAction\":[{\"@type\":\"ReadAction\",\"target\":[\"https:\/\/agenciainfra.com\/blog\/artemig-vai-reavaliar-passivos-de-contratos-antigos-e-assumir-carteira-com-r-137-bilhoes-em-investimentos\/\"]}]},{\"@type\":\"ImageObject\",\"inLanguage\":\"pt-BR\",\"@id\":\"https:\/\/agenciainfra.com\/blog\/artemig-vai-reavaliar-passivos-de-contratos-antigos-e-assumir-carteira-com-r-137-bilhoes-em-investimentos\/#primaryimage\",\"url\":\"https:\/\/agenciainfra.com\/blog\/wp-content\/uploads\/2019\/02\/rodovia-beth-santos-secretaria-geral-da-pr.jpg\",\"contentUrl\":\"https:\/\/agenciainfra.com\/blog\/wp-content\/uploads\/2019\/02\/rodovia-beth-santos-secretaria-geral-da-pr.jpg\",\"width\":1140,\"height\":760,\"caption\":\"Foto: Beth Santos\/Secretaria-Geral da PR\"},{\"@type\":\"BreadcrumbList\",\"@id\":\"https:\/\/agenciainfra.com\/blog\/artemig-vai-reavaliar-passivos-de-contratos-antigos-e-assumir-carteira-com-r-137-bilhoes-em-investimentos\/#breadcrumb\",\"itemListElement\":[{\"@type\":\"ListItem\",\"position\":1,\"name\":\"In\u00edcio\",\"item\":\"https:\/\/agenciainfra.com\/blog\/\"},{\"@type\":\"ListItem\",\"position\":2,\"name\":\"Artemig vai reavaliar passivos de contratos antigos e assumir carteira com R$ 13,7 bilh\u00f5es em investimentos\"}]},{\"@type\":\"WebSite\",\"@id\":\"https:\/\/agenciainfra.com\/blog\/#website\",\"url\":\"https:\/\/agenciainfra.com\/blog\/\",\"name\":\"Ag\u00eancia iNFRA\",\"description\":\"Multiplataforma de informa\u00e7\u00e3o jornal\u00edstica refer\u00eancia na \u00e1rea de infraestrutura no Brasil!\",\"publisher\":{\"@id\":\"https:\/\/agenciainfra.com\/blog\/#organization\"},\"potentialAction\":[{\"@type\":\"SearchAction\",\"target\":{\"@type\":\"EntryPoint\",\"urlTemplate\":\"https:\/\/agenciainfra.com\/blog\/?s={search_term_string}\"},\"query-input\":{\"@type\":\"PropertyValueSpecification\",\"valueRequired\":true,\"valueName\":\"search_term_string\"}}],\"inLanguage\":\"pt-BR\"},{\"@type\":\"Organization\",\"@id\":\"https:\/\/agenciainfra.com\/blog\/#organization\",\"name\":\"Ag\u00eancia iNFRA\",\"url\":\"https:\/\/agenciainfra.com\/blog\/\",\"logo\":{\"@type\":\"ImageObject\",\"inLanguage\":\"pt-BR\",\"@id\":\"https:\/\/agenciainfra.com\/blog\/#\/schema\/logo\/image\/\",\"url\":\"https:\/\/agenciainfra.com\/blog\/wp-content\/uploads\/2023\/09\/iNFRA_5-e1761735885940.png\",\"contentUrl\":\"https:\/\/agenciainfra.com\/blog\/wp-content\/uploads\/2023\/09\/iNFRA_5-e1761735885940.png\",\"width\":1672,\"height\":454,\"caption\":\"Ag\u00eancia iNFRA\"},\"image\":{\"@id\":\"https:\/\/agenciainfra.com\/blog\/#\/schema\/logo\/image\/\"},\"sameAs\":[\"https:\/\/www.facebook.com\/ageninfra\",\"https:\/\/x.com\/agencia_infra\",\"https:\/\/www.linkedin.com\/company\/ag\u00eanciainfra\/\",\"https:\/\/www.instagram.com\/agenciainfra\/\"]},{\"@type\":\"Person\",\"@id\":\"https:\/\/agenciainfra.com\/blog\/#\/schema\/person\/34af08dff6adea4cb22b06612ba7acfa\",\"name\":\"Ag\u00eancia iNFRA\",\"image\":{\"@type\":\"ImageObject\",\"inLanguage\":\"pt-BR\",\"@id\":\"https:\/\/agenciainfra.com\/blog\/#\/schema\/person\/image\/\",\"url\":\"https:\/\/secure.gravatar.com\/avatar\/d189e01678f06d8eb84d4e01f08eb848b3fffe3f8443818d3c356c66892f5be8?s=96&d=mm&r=g\",\"contentUrl\":\"https:\/\/secure.gravatar.com\/avatar\/d189e01678f06d8eb84d4e01f08eb848b3fffe3f8443818d3c356c66892f5be8?s=96&d=mm&r=g\",\"caption\":\"Ag\u00eancia iNFRA\"},\"url\":\"https:\/\/agenciainfra.com\/blog\/author\/admin\/\"}]}<\/script>\n<!-- \/ Yoast SEO Premium plugin. -->","yoast_head_json":{"title":"Artemig vai reavaliar passivos de contratos antigos e assumir carteira com R$ 13,7 bilh\u00f5es em investimentos - Ag\u00eancia iNFRA","robots":{"index":"index","follow":"follow","max-snippet":"max-snippet:-1","max-image-preview":"max-image-preview:large","max-video-preview":"max-video-preview:-1"},"canonical":"https:\/\/agenciainfra.com\/blog\/artemig-vai-reavaliar-passivos-de-contratos-antigos-e-assumir-carteira-com-r-137-bilhoes-em-investimentos\/","og_locale":"pt_BR","og_type":"article","og_title":"Artemig vai reavaliar passivos de contratos antigos e assumir carteira com R$ 13,7 bilh\u00f5es em investimentos","og_description":"Sheyla Santos, da Ag\u00eancia iNFRA A atua\u00e7\u00e3o da Artemig, rec\u00e9m-criada ag\u00eancia reguladora de Transportes de Minas Gerais, vai passar pela reavalia\u00e7\u00e3o de passivos contratuais, incluindo reequil\u00edbrios econ\u00f4mico-financeiros que est\u00e3o pendentes em antigos contratos. \u00c9 o caso, por exemplo, da concess\u00e3o da MG-050, prestes a completar 19 anos. A informa\u00e7\u00e3o foi dada pelo diretor-geral da autarquia, [&hellip;]","og_url":"https:\/\/agenciainfra.com\/blog\/artemig-vai-reavaliar-passivos-de-contratos-antigos-e-assumir-carteira-com-r-137-bilhoes-em-investimentos\/","og_site_name":"Ag\u00eancia iNFRA","article_publisher":"https:\/\/www.facebook.com\/ageninfra","article_published_time":"2025-07-16T13:00:00+00:00","article_modified_time":"2025-07-16T18:49:40+00:00","og_image":[{"width":1140,"height":760,"url":"https:\/\/agenciainfra.com\/blog\/wp-content\/uploads\/2019\/02\/rodovia-beth-santos-secretaria-geral-da-pr.jpg","type":"image\/jpeg"}],"author":"Ag\u00eancia iNFRA","twitter_card":"summary_large_image","twitter_creator":"@agencia_infra","twitter_site":"@agencia_infra","twitter_misc":{"Escrito por":"Ag\u00eancia iNFRA","Est. tempo de leitura":"5 minutos"},"schema":{"@context":"https:\/\/schema.org","@graph":[{"@type":"Article","@id":"https:\/\/agenciainfra.com\/blog\/artemig-vai-reavaliar-passivos-de-contratos-antigos-e-assumir-carteira-com-r-137-bilhoes-em-investimentos\/#article","isPartOf":{"@id":"https:\/\/agenciainfra.com\/blog\/artemig-vai-reavaliar-passivos-de-contratos-antigos-e-assumir-carteira-com-r-137-bilhoes-em-investimentos\/"},"author":{"name":"Ag\u00eancia iNFRA","@id":"https:\/\/agenciainfra.com\/blog\/#\/schema\/person\/34af08dff6adea4cb22b06612ba7acfa"},"headline":"Artemig vai reavaliar passivos de contratos antigos e assumir carteira com R$ 13,7 bilh\u00f5es em investimentos","datePublished":"2025-07-16T13:00:00+00:00","dateModified":"2025-07-16T18:49:40+00:00","mainEntityOfPage":{"@id":"https:\/\/agenciainfra.com\/blog\/artemig-vai-reavaliar-passivos-de-contratos-antigos-e-assumir-carteira-com-r-137-bilhoes-em-investimentos\/"},"wordCount":970,"publisher":{"@id":"https:\/\/agenciainfra.com\/blog\/#organization"},"image":{"@id":"https:\/\/agenciainfra.com\/blog\/artemig-vai-reavaliar-passivos-de-contratos-antigos-e-assumir-carteira-com-r-137-bilhoes-em-investimentos\/#primaryimage"},"thumbnailUrl":"https:\/\/agenciainfra.com\/blog\/wp-content\/uploads\/2019\/02\/rodovia-beth-santos-secretaria-geral-da-pr.jpg","keywords":["ag\u00eancia de transportes de mg","ag\u00eancia reguladora","Artemig","breno longobucco","Sheyla Santos","transportes de mg"],"articleSection":["Destaque lista","Geral","iNFRATransporte"],"inLanguage":"pt-BR","copyrightYear":"2025","copyrightHolder":{"@id":"https:\/\/agenciainfra.com\/blog\/#organization"}},{"@type":"WebPage","@id":"https:\/\/agenciainfra.com\/blog\/artemig-vai-reavaliar-passivos-de-contratos-antigos-e-assumir-carteira-com-r-137-bilhoes-em-investimentos\/","url":"https:\/\/agenciainfra.com\/blog\/artemig-vai-reavaliar-passivos-de-contratos-antigos-e-assumir-carteira-com-r-137-bilhoes-em-investimentos\/","name":"Artemig vai reavaliar passivos de contratos antigos e assumir carteira com R$ 13,7 bilh\u00f5es em investimentos - Ag\u00eancia iNFRA","isPartOf":{"@id":"https:\/\/agenciainfra.com\/blog\/#website"},"primaryImageOfPage":{"@id":"https:\/\/agenciainfra.com\/blog\/artemig-vai-reavaliar-passivos-de-contratos-antigos-e-assumir-carteira-com-r-137-bilhoes-em-investimentos\/#primaryimage"},"image":{"@id":"https:\/\/agenciainfra.com\/blog\/artemig-vai-reavaliar-passivos-de-contratos-antigos-e-assumir-carteira-com-r-137-bilhoes-em-investimentos\/#primaryimage"},"thumbnailUrl":"https:\/\/agenciainfra.com\/blog\/wp-content\/uploads\/2019\/02\/rodovia-beth-santos-secretaria-geral-da-pr.jpg","datePublished":"2025-07-16T13:00:00+00:00","dateModified":"2025-07-16T18:49:40+00:00","breadcrumb":{"@id":"https:\/\/agenciainfra.com\/blog\/artemig-vai-reavaliar-passivos-de-contratos-antigos-e-assumir-carteira-com-r-137-bilhoes-em-investimentos\/#breadcrumb"},"inLanguage":"pt-BR","potentialAction":[{"@type":"ReadAction","target":["https:\/\/agenciainfra.com\/blog\/artemig-vai-reavaliar-passivos-de-contratos-antigos-e-assumir-carteira-com-r-137-bilhoes-em-investimentos\/"]}]},{"@type":"ImageObject","inLanguage":"pt-BR","@id":"https:\/\/agenciainfra.com\/blog\/artemig-vai-reavaliar-passivos-de-contratos-antigos-e-assumir-carteira-com-r-137-bilhoes-em-investimentos\/#primaryimage","url":"https:\/\/agenciainfra.com\/blog\/wp-content\/uploads\/2019\/02\/rodovia-beth-santos-secretaria-geral-da-pr.jpg","contentUrl":"https:\/\/agenciainfra.com\/blog\/wp-content\/uploads\/2019\/02\/rodovia-beth-santos-secretaria-geral-da-pr.jpg","width":1140,"height":760,"caption":"Foto: Beth Santos\/Secretaria-Geral da PR"},{"@type":"BreadcrumbList","@id":"https:\/\/agenciainfra.com\/blog\/artemig-vai-reavaliar-passivos-de-contratos-antigos-e-assumir-carteira-com-r-137-bilhoes-em-investimentos\/#breadcrumb","itemListElement":[{"@type":"ListItem","position":1,"name":"In\u00edcio","item":"https:\/\/agenciainfra.com\/blog\/"},{"@type":"ListItem","position":2,"name":"Artemig vai reavaliar passivos de contratos antigos e assumir carteira com R$ 13,7 bilh\u00f5es em investimentos"}]},{"@type":"WebSite","@id":"https:\/\/agenciainfra.com\/blog\/#website","url":"https:\/\/agenciainfra.com\/blog\/","name":"Ag\u00eancia iNFRA","description":"Multiplataforma de informa\u00e7\u00e3o jornal\u00edstica refer\u00eancia na \u00e1rea de infraestrutura no Brasil!","publisher":{"@id":"https:\/\/agenciainfra.com\/blog\/#organization"},"potentialAction":[{"@type":"SearchAction","target":{"@type":"EntryPoint","urlTemplate":"https:\/\/agenciainfra.com\/blog\/?s={search_term_string}"},"query-input":{"@type":"PropertyValueSpecification","valueRequired":true,"valueName":"search_term_string"}}],"inLanguage":"pt-BR"},{"@type":"Organization","@id":"https:\/\/agenciainfra.com\/blog\/#organization","name":"Ag\u00eancia iNFRA","url":"https:\/\/agenciainfra.com\/blog\/","logo":{"@type":"ImageObject","inLanguage":"pt-BR","@id":"https:\/\/agenciainfra.com\/blog\/#\/schema\/logo\/image\/","url":"https:\/\/agenciainfra.com\/blog\/wp-content\/uploads\/2023\/09\/iNFRA_5-e1761735885940.png","contentUrl":"https:\/\/agenciainfra.com\/blog\/wp-content\/uploads\/2023\/09\/iNFRA_5-e1761735885940.png","width":1672,"height":454,"caption":"Ag\u00eancia iNFRA"},"image":{"@id":"https:\/\/agenciainfra.com\/blog\/#\/schema\/logo\/image\/"},"sameAs":["https:\/\/www.facebook.com\/ageninfra","https:\/\/x.com\/agencia_infra","https:\/\/www.linkedin.com\/company\/ag\u00eanciainfra\/","https:\/\/www.instagram.com\/agenciainfra\/"]},{"@type":"Person","@id":"https:\/\/agenciainfra.com\/blog\/#\/schema\/person\/34af08dff6adea4cb22b06612ba7acfa","name":"Ag\u00eancia iNFRA","image":{"@type":"ImageObject","inLanguage":"pt-BR","@id":"https:\/\/agenciainfra.com\/blog\/#\/schema\/person\/image\/","url":"https:\/\/secure.gravatar.com\/avatar\/d189e01678f06d8eb84d4e01f08eb848b3fffe3f8443818d3c356c66892f5be8?s=96&d=mm&r=g","contentUrl":"https:\/\/secure.gravatar.com\/avatar\/d189e01678f06d8eb84d4e01f08eb848b3fffe3f8443818d3c356c66892f5be8?s=96&d=mm&r=g","caption":"Ag\u00eancia iNFRA"},"url":"https:\/\/agenciainfra.com\/blog\/author\/admin\/"}]}},"_links":{"self":[{"href":"https:\/\/agenciainfra.com\/blog\/wp-json\/wp\/v2\/posts\/24648","targetHints":{"allow":["GET"]}}],"collection":[{"href":"https:\/\/agenciainfra.com\/blog\/wp-json\/wp\/v2\/posts"}],"about":[{"href":"https:\/\/agenciainfra.com\/blog\/wp-json\/wp\/v2\/types\/post"}],"author":[{"embeddable":true,"href":"https:\/\/agenciainfra.com\/blog\/wp-json\/wp\/v2\/users\/1"}],"replies":[{"embeddable":true,"href":"https:\/\/agenciainfra.com\/blog\/wp-json\/wp\/v2\/comments?post=24648"}],"version-history":[{"count":1,"href":"https:\/\/agenciainfra.com\/blog\/wp-json\/wp\/v2\/posts\/24648\/revisions"}],"predecessor-version":[{"id":24650,"href":"https:\/\/agenciainfra.com\/blog\/wp-json\/wp\/v2\/posts\/24648\/revisions\/24650"}],"wp:featuredmedia":[{"embeddable":true,"href":"https:\/\/agenciainfra.com\/blog\/wp-json\/wp\/v2\/media\/2939"}],"wp:attachment":[{"href":"https:\/\/agenciainfra.com\/blog\/wp-json\/wp\/v2\/media?parent=24648"}],"wp:term":[{"taxonomy":"category","embeddable":true,"href":"https:\/\/agenciainfra.com\/blog\/wp-json\/wp\/v2\/categories?post=24648"},{"taxonomy":"post_tag","embeddable":true,"href":"https:\/\/agenciainfra.com\/blog\/wp-json\/wp\/v2\/tags?post=24648"}],"curies":[{"name":"wp","href":"https:\/\/api.w.org\/{rel}","templated":true}]}}