{"id":24682,"date":"2025-07-15T12:45:00","date_gmt":"2025-07-15T15:45:00","guid":{"rendered":"https:\/\/agenciainfra.com\/blog\/?p=24682"},"modified":"2025-07-16T11:28:30","modified_gmt":"2025-07-16T14:28:30","slug":"diretora-da-aneel-retira-de-pauta-processo-sobre-leilao-a-5-destinado-a-pequenas-hidreletricas","status":"publish","type":"post","link":"https:\/\/agenciainfra.com\/blog\/diretora-da-aneel-retira-de-pauta-processo-sobre-leilao-a-5-destinado-a-pequenas-hidreletricas\/","title":{"rendered":"Diretora da ANEEL retira de pauta processo sobre Leil\u00e3o A-5, destinado a pequenas hidrel\u00e9tricas"},"content":{"rendered":"\n<p class=\"has-text-align-right\"><strong>Geraldo Campos Jr., da Ag\u00eancia iNFRA<\/strong><\/p>\n\n\n\n<p>A diretora da ANEEL (Ag\u00eancia Nacional de Energia El\u00e9trica) Agnes Costa retirou da pauta da reuni\u00e3o desta ter\u00e7a-feira (15) o processo sobre o edital do leil\u00e3o A-5 de 2025, destinado \u00e0 contrata\u00e7\u00e3o de pequenas hidrel\u00e9tricas. O motivo foram d\u00favidas levantadas pelo diretor Fernando Mosna sobre a nova <a href=\"https:\/\/www.congressonacional.leg.br\/materias\/medidas-provisorias\/-\/mpv\/169547\">MP (Medida Provis\u00f3ria) 1.304\/2025<\/a>, editada na \u00faltima sexta-feira (11), <a href=\"https:\/\/agenciainfra.com\/blog\/mp-do-setor-eletrico-e-publicada-e-substitui-toda-contratacao-de-termicas-da-lei-da-eletrobras-por-pchs\/\">que substituiu<\/a> as t\u00e9rmicas da lei da Eletrobras por PCHs (Pequenas Centrais Hidrel\u00e9tricas).<\/p>\n\n\n\n<p>A relatora consultou o MME (Minist\u00e9rio de Minas e Energia) se as regras do leil\u00e3o deveriam ser alteradas em fun\u00e7\u00e3o da nova MP. A pasta respondeu informando que as diretrizes para este certame em andamento, assim como seus fundamentos legais, n\u00e3o mudam. A procuradoria da ANEEL opinou que como o MME, enquanto formulador da diretriz, entendeu que a regra continua valendo, n\u00e3o h\u00e1 motivo para questionar esse entendimento.<\/p>\n\n\n\n<p>J\u00e1 Mosna sustentou que a MP revoga a norma que disciplinava o leil\u00e3o, que foi formulado com base em decreto e portarias constru\u00eddas com base em artigo da Lei da Eletrobras que n\u00e3o existe mais, afetando, por exemplo, o pre\u00e7o-teto de contrata\u00e7\u00e3o. Logo, levantou preocupa\u00e7\u00e3o com a seguran\u00e7a jur\u00eddica e um poss\u00edvel questionamento do leil\u00e3o.<\/p>\n\n\n\n<p>Agnes disse que vai tirar d\u00favidas sobre o tema com o minist\u00e9rio e com procuradoria e que poder\u00e1 convocar uma reuni\u00e3o extraordin\u00e1ria da diretoria para aprovar o edital, visando manter a atual data prevista para realiza\u00e7\u00e3o, 22 de agosto. O leil\u00e3o tem 241 projetos cadastrados, totalizando quase 3 GW de pot\u00eancia.<\/p>\n","protected":false},"excerpt":{"rendered":"<p>Geraldo Campos Jr., da Ag\u00eancia iNFRA A diretora da ANEEL (Ag\u00eancia Nacional de Energia El\u00e9trica) Agnes Costa retirou da pauta da reuni\u00e3o desta ter\u00e7a-feira (15) o processo sobre o edital do leil\u00e3o A-5 de 2025, destinado \u00e0 contrata\u00e7\u00e3o de pequenas hidrel\u00e9tricas. O motivo foram d\u00favidas levantadas pelo diretor Fernando Mosna sobre a nova MP (Medida [&hellip;]<\/p>\n","protected":false},"author":1,"featured_media":24696,"comment_status":"closed","ping_status":"closed","sticky":false,"template":"","format":"standard","meta":{"_monsterinsights_skip_tracking":false,"_monsterinsights_sitenote_active":false,"_monsterinsights_sitenote_note":"","_monsterinsights_sitenote_category":0,"footnotes":""},"categories":[1,10],"tags":[6800,53,56,545,11594,5365,1548,13261,11421,3274,14376,1601,631],"class_list":["post-24682","post","type-post","status-publish","format-standard","has-post-thumbnail","hentry","category-geral","category-infraenergia","tag-agnes-costa","tag-aneel","tag-cde","tag-conta-de-desenvolvimento-energetico","tag-geraldo-campos-jr","tag-lei-da-eletrobras","tag-leilao-a-5","tag-mp-do-setor-eletrico","tag-pchs","tag-pequenas-centrais-hidreletricas","tag-pequenas-hidreletricas","tag-subsidios","tag-termicas"],"yoast_head":"<!-- This site is optimized with the Yoast SEO Premium plugin v25.4 (Yoast SEO v26.0) - https:\/\/yoast.com\/wordpress\/plugins\/seo\/ -->\n<title>Diretora da ANEEL retira de pauta processo sobre Leil\u00e3o A-5, destinado a pequenas hidrel\u00e9tricas - Ag\u00eancia iNFRA<\/title>\n<meta name=\"robots\" content=\"index, follow, max-snippet:-1, max-image-preview:large, max-video-preview:-1\" \/>\n<link rel=\"canonical\" href=\"https:\/\/agenciainfra.com\/blog\/diretora-da-aneel-retira-de-pauta-processo-sobre-leilao-a-5-destinado-a-pequenas-hidreletricas\/\" \/>\n<meta property=\"og:locale\" content=\"pt_BR\" \/>\n<meta property=\"og:type\" content=\"article\" \/>\n<meta property=\"og:title\" content=\"Diretora da ANEEL retira de pauta processo sobre Leil\u00e3o A-5, destinado a pequenas hidrel\u00e9tricas\" \/>\n<meta property=\"og:description\" content=\"Geraldo Campos Jr., da Ag\u00eancia iNFRA A diretora da ANEEL (Ag\u00eancia Nacional de Energia El\u00e9trica) Agnes Costa retirou da pauta da reuni\u00e3o desta ter\u00e7a-feira (15) o processo sobre o edital do leil\u00e3o A-5 de 2025, destinado \u00e0 contrata\u00e7\u00e3o de pequenas hidrel\u00e9tricas. O motivo foram d\u00favidas levantadas pelo diretor Fernando Mosna sobre a nova MP (Medida [&hellip;]\" \/>\n<meta property=\"og:url\" content=\"https:\/\/agenciainfra.com\/blog\/diretora-da-aneel-retira-de-pauta-processo-sobre-leilao-a-5-destinado-a-pequenas-hidreletricas\/\" \/>\n<meta property=\"og:site_name\" content=\"Ag\u00eancia iNFRA\" \/>\n<meta property=\"article:publisher\" content=\"https:\/\/www.facebook.com\/ageninfra\" \/>\n<meta property=\"article:published_time\" content=\"2025-07-15T15:45:00+00:00\" \/>\n<meta property=\"article:modified_time\" content=\"2025-07-16T14:28:30+00:00\" \/>\n<meta property=\"og:image\" content=\"https:\/\/agenciainfra.com\/blog\/wp-content\/uploads\/2025\/07\/pch-martins-foto-cemig-1.jpg\" \/>\n\t<meta property=\"og:image:width\" content=\"1280\" \/>\n\t<meta property=\"og:image:height\" content=\"720\" \/>\n\t<meta property=\"og:image:type\" content=\"image\/jpeg\" \/>\n<meta name=\"author\" content=\"Ag\u00eancia iNFRA\" \/>\n<meta name=\"twitter:card\" content=\"summary_large_image\" \/>\n<meta name=\"twitter:creator\" content=\"@agencia_infra\" \/>\n<meta name=\"twitter:site\" content=\"@agencia_infra\" \/>\n<meta name=\"twitter:label1\" content=\"Escrito por\" \/>\n\t<meta name=\"twitter:data1\" content=\"Ag\u00eancia iNFRA\" \/>\n\t<meta name=\"twitter:label2\" content=\"Est. tempo de leitura\" \/>\n\t<meta name=\"twitter:data2\" content=\"1 minuto\" \/>\n<script type=\"application\/ld+json\" class=\"yoast-schema-graph\">{\"@context\":\"https:\/\/schema.org\",\"@graph\":[{\"@type\":\"Article\",\"@id\":\"https:\/\/agenciainfra.com\/blog\/diretora-da-aneel-retira-de-pauta-processo-sobre-leilao-a-5-destinado-a-pequenas-hidreletricas\/#article\",\"isPartOf\":{\"@id\":\"https:\/\/agenciainfra.com\/blog\/diretora-da-aneel-retira-de-pauta-processo-sobre-leilao-a-5-destinado-a-pequenas-hidreletricas\/\"},\"author\":{\"name\":\"Ag\u00eancia iNFRA\",\"@id\":\"https:\/\/agenciainfra.com\/blog\/#\/schema\/person\/34af08dff6adea4cb22b06612ba7acfa\"},\"headline\":\"Diretora da ANEEL retira de pauta processo sobre Leil\u00e3o A-5, destinado a pequenas hidrel\u00e9tricas\",\"datePublished\":\"2025-07-15T15:45:00+00:00\",\"dateModified\":\"2025-07-16T14:28:30+00:00\",\"mainEntityOfPage\":{\"@id\":\"https:\/\/agenciainfra.com\/blog\/diretora-da-aneel-retira-de-pauta-processo-sobre-leilao-a-5-destinado-a-pequenas-hidreletricas\/\"},\"wordCount\":291,\"publisher\":{\"@id\":\"https:\/\/agenciainfra.com\/blog\/#organization\"},\"image\":{\"@id\":\"https:\/\/agenciainfra.com\/blog\/diretora-da-aneel-retira-de-pauta-processo-sobre-leilao-a-5-destinado-a-pequenas-hidreletricas\/#primaryimage\"},\"thumbnailUrl\":\"https:\/\/agenciainfra.com\/blog\/wp-content\/uploads\/2025\/07\/pch-martins-foto-cemig-1.jpg\",\"keywords\":[\"Agnes Costa\",\"ANEEL\",\"CDE\",\"Conta de Desenvolvimento Energ\u00e9tico\",\"Geraldo Campos Jr.\",\"Lei da Eletrobras\",\"leil\u00e3o A-5\",\"mp do setor el\u00e9trico\",\"PCHs\",\"pequenas centrais hidrel\u00e9tricas\",\"pequenas hidrel\u00e9tricas\",\"subs\u00eddios\",\"t\u00e9rmicas\"],\"articleSection\":[\"Geral\",\"iNFRAEnergia\"],\"inLanguage\":\"pt-BR\",\"copyrightYear\":\"2025\",\"copyrightHolder\":{\"@id\":\"https:\/\/agenciainfra.com\/blog\/#organization\"}},{\"@type\":\"WebPage\",\"@id\":\"https:\/\/agenciainfra.com\/blog\/diretora-da-aneel-retira-de-pauta-processo-sobre-leilao-a-5-destinado-a-pequenas-hidreletricas\/\",\"url\":\"https:\/\/agenciainfra.com\/blog\/diretora-da-aneel-retira-de-pauta-processo-sobre-leilao-a-5-destinado-a-pequenas-hidreletricas\/\",\"name\":\"Diretora da ANEEL retira de pauta processo sobre Leil\u00e3o A-5, destinado a pequenas hidrel\u00e9tricas - Ag\u00eancia iNFRA\",\"isPartOf\":{\"@id\":\"https:\/\/agenciainfra.com\/blog\/#website\"},\"primaryImageOfPage\":{\"@id\":\"https:\/\/agenciainfra.com\/blog\/diretora-da-aneel-retira-de-pauta-processo-sobre-leilao-a-5-destinado-a-pequenas-hidreletricas\/#primaryimage\"},\"image\":{\"@id\":\"https:\/\/agenciainfra.com\/blog\/diretora-da-aneel-retira-de-pauta-processo-sobre-leilao-a-5-destinado-a-pequenas-hidreletricas\/#primaryimage\"},\"thumbnailUrl\":\"https:\/\/agenciainfra.com\/blog\/wp-content\/uploads\/2025\/07\/pch-martins-foto-cemig-1.jpg\",\"datePublished\":\"2025-07-15T15:45:00+00:00\",\"dateModified\":\"2025-07-16T14:28:30+00:00\",\"breadcrumb\":{\"@id\":\"https:\/\/agenciainfra.com\/blog\/diretora-da-aneel-retira-de-pauta-processo-sobre-leilao-a-5-destinado-a-pequenas-hidreletricas\/#breadcrumb\"},\"inLanguage\":\"pt-BR\",\"potentialAction\":[{\"@type\":\"ReadAction\",\"target\":[\"https:\/\/agenciainfra.com\/blog\/diretora-da-aneel-retira-de-pauta-processo-sobre-leilao-a-5-destinado-a-pequenas-hidreletricas\/\"]}]},{\"@type\":\"ImageObject\",\"inLanguage\":\"pt-BR\",\"@id\":\"https:\/\/agenciainfra.com\/blog\/diretora-da-aneel-retira-de-pauta-processo-sobre-leilao-a-5-destinado-a-pequenas-hidreletricas\/#primaryimage\",\"url\":\"https:\/\/agenciainfra.com\/blog\/wp-content\/uploads\/2025\/07\/pch-martins-foto-cemig-1.jpg\",\"contentUrl\":\"https:\/\/agenciainfra.com\/blog\/wp-content\/uploads\/2025\/07\/pch-martins-foto-cemig-1.jpg\",\"width\":1280,\"height\":720,\"caption\":\"Foto: Cemig\"},{\"@type\":\"BreadcrumbList\",\"@id\":\"https:\/\/agenciainfra.com\/blog\/diretora-da-aneel-retira-de-pauta-processo-sobre-leilao-a-5-destinado-a-pequenas-hidreletricas\/#breadcrumb\",\"itemListElement\":[{\"@type\":\"ListItem\",\"position\":1,\"name\":\"In\u00edcio\",\"item\":\"https:\/\/agenciainfra.com\/blog\/\"},{\"@type\":\"ListItem\",\"position\":2,\"name\":\"Diretora da ANEEL retira de pauta processo sobre Leil\u00e3o A-5, destinado a pequenas hidrel\u00e9tricas\"}]},{\"@type\":\"WebSite\",\"@id\":\"https:\/\/agenciainfra.com\/blog\/#website\",\"url\":\"https:\/\/agenciainfra.com\/blog\/\",\"name\":\"Ag\u00eancia iNFRA\",\"description\":\"Multiplataforma de informa\u00e7\u00e3o jornal\u00edstica refer\u00eancia na \u00e1rea de infraestrutura no Brasil!\",\"publisher\":{\"@id\":\"https:\/\/agenciainfra.com\/blog\/#organization\"},\"potentialAction\":[{\"@type\":\"SearchAction\",\"target\":{\"@type\":\"EntryPoint\",\"urlTemplate\":\"https:\/\/agenciainfra.com\/blog\/?s={search_term_string}\"},\"query-input\":{\"@type\":\"PropertyValueSpecification\",\"valueRequired\":true,\"valueName\":\"search_term_string\"}}],\"inLanguage\":\"pt-BR\"},{\"@type\":\"Organization\",\"@id\":\"https:\/\/agenciainfra.com\/blog\/#organization\",\"name\":\"Ag\u00eancia iNFRA\",\"url\":\"https:\/\/agenciainfra.com\/blog\/\",\"logo\":{\"@type\":\"ImageObject\",\"inLanguage\":\"pt-BR\",\"@id\":\"https:\/\/agenciainfra.com\/blog\/#\/schema\/logo\/image\/\",\"url\":\"https:\/\/agenciainfra.com\/blog\/wp-content\/uploads\/2023\/09\/iNFRA_5-e1761735885940.png\",\"contentUrl\":\"https:\/\/agenciainfra.com\/blog\/wp-content\/uploads\/2023\/09\/iNFRA_5-e1761735885940.png\",\"width\":1672,\"height\":454,\"caption\":\"Ag\u00eancia iNFRA\"},\"image\":{\"@id\":\"https:\/\/agenciainfra.com\/blog\/#\/schema\/logo\/image\/\"},\"sameAs\":[\"https:\/\/www.facebook.com\/ageninfra\",\"https:\/\/x.com\/agencia_infra\",\"https:\/\/www.linkedin.com\/company\/ag\u00eanciainfra\/\",\"https:\/\/www.instagram.com\/agenciainfra\/\"]},{\"@type\":\"Person\",\"@id\":\"https:\/\/agenciainfra.com\/blog\/#\/schema\/person\/34af08dff6adea4cb22b06612ba7acfa\",\"name\":\"Ag\u00eancia iNFRA\",\"image\":{\"@type\":\"ImageObject\",\"inLanguage\":\"pt-BR\",\"@id\":\"https:\/\/agenciainfra.com\/blog\/#\/schema\/person\/image\/\",\"url\":\"https:\/\/secure.gravatar.com\/avatar\/d189e01678f06d8eb84d4e01f08eb848b3fffe3f8443818d3c356c66892f5be8?s=96&d=mm&r=g\",\"contentUrl\":\"https:\/\/secure.gravatar.com\/avatar\/d189e01678f06d8eb84d4e01f08eb848b3fffe3f8443818d3c356c66892f5be8?s=96&d=mm&r=g\",\"caption\":\"Ag\u00eancia iNFRA\"},\"url\":\"https:\/\/agenciainfra.com\/blog\/author\/admin\/\"}]}<\/script>\n<!-- \/ Yoast SEO Premium plugin. -->","yoast_head_json":{"title":"Diretora da ANEEL retira de pauta processo sobre Leil\u00e3o A-5, destinado a pequenas hidrel\u00e9tricas - Ag\u00eancia iNFRA","robots":{"index":"index","follow":"follow","max-snippet":"max-snippet:-1","max-image-preview":"max-image-preview:large","max-video-preview":"max-video-preview:-1"},"canonical":"https:\/\/agenciainfra.com\/blog\/diretora-da-aneel-retira-de-pauta-processo-sobre-leilao-a-5-destinado-a-pequenas-hidreletricas\/","og_locale":"pt_BR","og_type":"article","og_title":"Diretora da ANEEL retira de pauta processo sobre Leil\u00e3o A-5, destinado a pequenas hidrel\u00e9tricas","og_description":"Geraldo Campos Jr., da Ag\u00eancia iNFRA A diretora da ANEEL (Ag\u00eancia Nacional de Energia El\u00e9trica) Agnes Costa retirou da pauta da reuni\u00e3o desta ter\u00e7a-feira (15) o processo sobre o edital do leil\u00e3o A-5 de 2025, destinado \u00e0 contrata\u00e7\u00e3o de pequenas hidrel\u00e9tricas. O motivo foram d\u00favidas levantadas pelo diretor Fernando Mosna sobre a nova MP (Medida [&hellip;]","og_url":"https:\/\/agenciainfra.com\/blog\/diretora-da-aneel-retira-de-pauta-processo-sobre-leilao-a-5-destinado-a-pequenas-hidreletricas\/","og_site_name":"Ag\u00eancia iNFRA","article_publisher":"https:\/\/www.facebook.com\/ageninfra","article_published_time":"2025-07-15T15:45:00+00:00","article_modified_time":"2025-07-16T14:28:30+00:00","og_image":[{"width":1280,"height":720,"url":"https:\/\/agenciainfra.com\/blog\/wp-content\/uploads\/2025\/07\/pch-martins-foto-cemig-1.jpg","type":"image\/jpeg"}],"author":"Ag\u00eancia iNFRA","twitter_card":"summary_large_image","twitter_creator":"@agencia_infra","twitter_site":"@agencia_infra","twitter_misc":{"Escrito por":"Ag\u00eancia iNFRA","Est. tempo de leitura":"1 minuto"},"schema":{"@context":"https:\/\/schema.org","@graph":[{"@type":"Article","@id":"https:\/\/agenciainfra.com\/blog\/diretora-da-aneel-retira-de-pauta-processo-sobre-leilao-a-5-destinado-a-pequenas-hidreletricas\/#article","isPartOf":{"@id":"https:\/\/agenciainfra.com\/blog\/diretora-da-aneel-retira-de-pauta-processo-sobre-leilao-a-5-destinado-a-pequenas-hidreletricas\/"},"author":{"name":"Ag\u00eancia iNFRA","@id":"https:\/\/agenciainfra.com\/blog\/#\/schema\/person\/34af08dff6adea4cb22b06612ba7acfa"},"headline":"Diretora da ANEEL retira de pauta processo sobre Leil\u00e3o A-5, destinado a pequenas hidrel\u00e9tricas","datePublished":"2025-07-15T15:45:00+00:00","dateModified":"2025-07-16T14:28:30+00:00","mainEntityOfPage":{"@id":"https:\/\/agenciainfra.com\/blog\/diretora-da-aneel-retira-de-pauta-processo-sobre-leilao-a-5-destinado-a-pequenas-hidreletricas\/"},"wordCount":291,"publisher":{"@id":"https:\/\/agenciainfra.com\/blog\/#organization"},"image":{"@id":"https:\/\/agenciainfra.com\/blog\/diretora-da-aneel-retira-de-pauta-processo-sobre-leilao-a-5-destinado-a-pequenas-hidreletricas\/#primaryimage"},"thumbnailUrl":"https:\/\/agenciainfra.com\/blog\/wp-content\/uploads\/2025\/07\/pch-martins-foto-cemig-1.jpg","keywords":["Agnes Costa","ANEEL","CDE","Conta de Desenvolvimento Energ\u00e9tico","Geraldo Campos Jr.","Lei da Eletrobras","leil\u00e3o A-5","mp do setor el\u00e9trico","PCHs","pequenas centrais hidrel\u00e9tricas","pequenas hidrel\u00e9tricas","subs\u00eddios","t\u00e9rmicas"],"articleSection":["Geral","iNFRAEnergia"],"inLanguage":"pt-BR","copyrightYear":"2025","copyrightHolder":{"@id":"https:\/\/agenciainfra.com\/blog\/#organization"}},{"@type":"WebPage","@id":"https:\/\/agenciainfra.com\/blog\/diretora-da-aneel-retira-de-pauta-processo-sobre-leilao-a-5-destinado-a-pequenas-hidreletricas\/","url":"https:\/\/agenciainfra.com\/blog\/diretora-da-aneel-retira-de-pauta-processo-sobre-leilao-a-5-destinado-a-pequenas-hidreletricas\/","name":"Diretora da ANEEL retira de pauta processo sobre Leil\u00e3o A-5, destinado a pequenas hidrel\u00e9tricas - Ag\u00eancia iNFRA","isPartOf":{"@id":"https:\/\/agenciainfra.com\/blog\/#website"},"primaryImageOfPage":{"@id":"https:\/\/agenciainfra.com\/blog\/diretora-da-aneel-retira-de-pauta-processo-sobre-leilao-a-5-destinado-a-pequenas-hidreletricas\/#primaryimage"},"image":{"@id":"https:\/\/agenciainfra.com\/blog\/diretora-da-aneel-retira-de-pauta-processo-sobre-leilao-a-5-destinado-a-pequenas-hidreletricas\/#primaryimage"},"thumbnailUrl":"https:\/\/agenciainfra.com\/blog\/wp-content\/uploads\/2025\/07\/pch-martins-foto-cemig-1.jpg","datePublished":"2025-07-15T15:45:00+00:00","dateModified":"2025-07-16T14:28:30+00:00","breadcrumb":{"@id":"https:\/\/agenciainfra.com\/blog\/diretora-da-aneel-retira-de-pauta-processo-sobre-leilao-a-5-destinado-a-pequenas-hidreletricas\/#breadcrumb"},"inLanguage":"pt-BR","potentialAction":[{"@type":"ReadAction","target":["https:\/\/agenciainfra.com\/blog\/diretora-da-aneel-retira-de-pauta-processo-sobre-leilao-a-5-destinado-a-pequenas-hidreletricas\/"]}]},{"@type":"ImageObject","inLanguage":"pt-BR","@id":"https:\/\/agenciainfra.com\/blog\/diretora-da-aneel-retira-de-pauta-processo-sobre-leilao-a-5-destinado-a-pequenas-hidreletricas\/#primaryimage","url":"https:\/\/agenciainfra.com\/blog\/wp-content\/uploads\/2025\/07\/pch-martins-foto-cemig-1.jpg","contentUrl":"https:\/\/agenciainfra.com\/blog\/wp-content\/uploads\/2025\/07\/pch-martins-foto-cemig-1.jpg","width":1280,"height":720,"caption":"Foto: Cemig"},{"@type":"BreadcrumbList","@id":"https:\/\/agenciainfra.com\/blog\/diretora-da-aneel-retira-de-pauta-processo-sobre-leilao-a-5-destinado-a-pequenas-hidreletricas\/#breadcrumb","itemListElement":[{"@type":"ListItem","position":1,"name":"In\u00edcio","item":"https:\/\/agenciainfra.com\/blog\/"},{"@type":"ListItem","position":2,"name":"Diretora da ANEEL retira de pauta processo sobre Leil\u00e3o A-5, destinado a pequenas hidrel\u00e9tricas"}]},{"@type":"WebSite","@id":"https:\/\/agenciainfra.com\/blog\/#website","url":"https:\/\/agenciainfra.com\/blog\/","name":"Ag\u00eancia iNFRA","description":"Multiplataforma de informa\u00e7\u00e3o jornal\u00edstica refer\u00eancia na \u00e1rea de infraestrutura no Brasil!","publisher":{"@id":"https:\/\/agenciainfra.com\/blog\/#organization"},"potentialAction":[{"@type":"SearchAction","target":{"@type":"EntryPoint","urlTemplate":"https:\/\/agenciainfra.com\/blog\/?s={search_term_string}"},"query-input":{"@type":"PropertyValueSpecification","valueRequired":true,"valueName":"search_term_string"}}],"inLanguage":"pt-BR"},{"@type":"Organization","@id":"https:\/\/agenciainfra.com\/blog\/#organization","name":"Ag\u00eancia iNFRA","url":"https:\/\/agenciainfra.com\/blog\/","logo":{"@type":"ImageObject","inLanguage":"pt-BR","@id":"https:\/\/agenciainfra.com\/blog\/#\/schema\/logo\/image\/","url":"https:\/\/agenciainfra.com\/blog\/wp-content\/uploads\/2023\/09\/iNFRA_5-e1761735885940.png","contentUrl":"https:\/\/agenciainfra.com\/blog\/wp-content\/uploads\/2023\/09\/iNFRA_5-e1761735885940.png","width":1672,"height":454,"caption":"Ag\u00eancia iNFRA"},"image":{"@id":"https:\/\/agenciainfra.com\/blog\/#\/schema\/logo\/image\/"},"sameAs":["https:\/\/www.facebook.com\/ageninfra","https:\/\/x.com\/agencia_infra","https:\/\/www.linkedin.com\/company\/ag\u00eanciainfra\/","https:\/\/www.instagram.com\/agenciainfra\/"]},{"@type":"Person","@id":"https:\/\/agenciainfra.com\/blog\/#\/schema\/person\/34af08dff6adea4cb22b06612ba7acfa","name":"Ag\u00eancia iNFRA","image":{"@type":"ImageObject","inLanguage":"pt-BR","@id":"https:\/\/agenciainfra.com\/blog\/#\/schema\/person\/image\/","url":"https:\/\/secure.gravatar.com\/avatar\/d189e01678f06d8eb84d4e01f08eb848b3fffe3f8443818d3c356c66892f5be8?s=96&d=mm&r=g","contentUrl":"https:\/\/secure.gravatar.com\/avatar\/d189e01678f06d8eb84d4e01f08eb848b3fffe3f8443818d3c356c66892f5be8?s=96&d=mm&r=g","caption":"Ag\u00eancia iNFRA"},"url":"https:\/\/agenciainfra.com\/blog\/author\/admin\/"}]}},"_links":{"self":[{"href":"https:\/\/agenciainfra.com\/blog\/wp-json\/wp\/v2\/posts\/24682","targetHints":{"allow":["GET"]}}],"collection":[{"href":"https:\/\/agenciainfra.com\/blog\/wp-json\/wp\/v2\/posts"}],"about":[{"href":"https:\/\/agenciainfra.com\/blog\/wp-json\/wp\/v2\/types\/post"}],"author":[{"embeddable":true,"href":"https:\/\/agenciainfra.com\/blog\/wp-json\/wp\/v2\/users\/1"}],"replies":[{"embeddable":true,"href":"https:\/\/agenciainfra.com\/blog\/wp-json\/wp\/v2\/comments?post=24682"}],"version-history":[{"count":3,"href":"https:\/\/agenciainfra.com\/blog\/wp-json\/wp\/v2\/posts\/24682\/revisions"}],"predecessor-version":[{"id":24699,"href":"https:\/\/agenciainfra.com\/blog\/wp-json\/wp\/v2\/posts\/24682\/revisions\/24699"}],"wp:featuredmedia":[{"embeddable":true,"href":"https:\/\/agenciainfra.com\/blog\/wp-json\/wp\/v2\/media\/24696"}],"wp:attachment":[{"href":"https:\/\/agenciainfra.com\/blog\/wp-json\/wp\/v2\/media?parent=24682"}],"wp:term":[{"taxonomy":"category","embeddable":true,"href":"https:\/\/agenciainfra.com\/blog\/wp-json\/wp\/v2\/categories?post=24682"},{"taxonomy":"post_tag","embeddable":true,"href":"https:\/\/agenciainfra.com\/blog\/wp-json\/wp\/v2\/tags?post=24682"}],"curies":[{"name":"wp","href":"https:\/\/api.w.org\/{rel}","templated":true}]}}