{"id":24712,"date":"2025-07-15T13:55:10","date_gmt":"2025-07-15T16:55:10","guid":{"rendered":"https:\/\/agenciainfra.com\/blog\/?p=24712"},"modified":"2025-07-15T13:55:16","modified_gmt":"2025-07-15T16:55:16","slug":"antt-abre-audiencia-publica-para-revisao-quinquenal-da-br-101-sc","status":"publish","type":"post","link":"https:\/\/agenciainfra.com\/blog\/antt-abre-audiencia-publica-para-revisao-quinquenal-da-br-101-sc\/","title":{"rendered":"ANTT abre audi\u00eancia p\u00fablica para revis\u00e3o quinquenal da BR-101\/SC"},"content":{"rendered":"\n<p class=\"has-text-align-right\"><strong>da Ag\u00eancia iNFRA<\/strong><\/p>\n\n\n\n<p>A ANTT (Ag\u00eancia Nacional de Transportes Terrestres) aprovou a abertura de audi\u00eancia p\u00fablica para a revis\u00e3o quinquenal do contrato de concess\u00e3o da BR-101\/SC, administrada pela ViaCosteira. A finalidade da proposta \u00e9 a moderniza\u00e7\u00e3o do contrato.<\/p>\n\n\n\n<p>O processo de revis\u00e3o contratual da concess\u00e3o j\u00e1 passou pela realiza\u00e7\u00e3o de reuni\u00f5es participativas, nos munic\u00edpios de Tubar\u00e3o e Ararangu\u00e1, em Santa Catarina, a fim de que fossem levantadas as necessidades da concess\u00e3o. Depois, a concession\u00e1ria apresentou a proposta preliminar de revis\u00e3o quinquenal.<\/p>\n\n\n\n<p>A sess\u00e3o p\u00fablica ser\u00e1 em 12 de agosto, de forma presencial, em Tubar\u00e3o, das 14h \u00e0s 18h. O local ainda n\u00e3o foi definido. Contribui\u00e7\u00f5es podem ser enviadas a partir desta quarta-feira (16), com prazo final em 22 de agosto.<\/p>\n\n\n\n<p>Segundo informa\u00e7\u00f5es da ANTT, a proposta da concession\u00e1ria abrange, dentre outros itens, ajustes de prazo para adequa\u00e7\u00e3o de obras de arte especiais; estudo de viabilidade t\u00e9cnica, econ\u00f4mica e ambiental para eleva\u00e7\u00e3o da pista acima da cota de inunda\u00e7\u00e3o entre os km 402 e 407,5; e implementa\u00e7\u00e3o de conectividade 4G.<\/p>\n","protected":false},"excerpt":{"rendered":"<p>da Ag\u00eancia iNFRA A ANTT (Ag\u00eancia Nacional de Transportes Terrestres) aprovou a abertura de audi\u00eancia p\u00fablica para a revis\u00e3o quinquenal do contrato de concess\u00e3o da BR-101\/SC, administrada pela ViaCosteira. A finalidade da proposta \u00e9 a moderniza\u00e7\u00e3o do contrato. O processo de revis\u00e3o contratual da concess\u00e3o j\u00e1 passou pela realiza\u00e7\u00e3o de reuni\u00f5es participativas, nos munic\u00edpios de [&hellip;]<\/p>\n","protected":false},"author":1,"featured_media":3989,"comment_status":"closed","ping_status":"closed","sticky":false,"template":"","format":"standard","meta":{"_monsterinsights_skip_tracking":false,"_monsterinsights_sitenote_active":false,"_monsterinsights_sitenote_note":"","_monsterinsights_sitenote_category":0,"footnotes":""},"categories":[1,13576],"tags":[19,3020,1429,578,14377],"class_list":["post-24712","post","type-post","status-publish","format-standard","has-post-thumbnail","hentry","category-geral","category-giro-infra","tag-antt","tag-audiencia-publica","tag-br-101-sc","tag-revisao-quinquenal","tag-viacosteira"],"yoast_head":"<!-- This site is optimized with the Yoast SEO Premium plugin v25.4 (Yoast SEO v26.0) - https:\/\/yoast.com\/wordpress\/plugins\/seo\/ -->\n<title>ANTT abre audi\u00eancia p\u00fablica para revis\u00e3o quinquenal da BR-101\/SC - Ag\u00eancia iNFRA<\/title>\n<meta name=\"robots\" content=\"index, follow, max-snippet:-1, max-image-preview:large, max-video-preview:-1\" \/>\n<link rel=\"canonical\" href=\"https:\/\/agenciainfra.com\/blog\/antt-abre-audiencia-publica-para-revisao-quinquenal-da-br-101-sc\/\" \/>\n<meta property=\"og:locale\" content=\"pt_BR\" \/>\n<meta property=\"og:type\" content=\"article\" \/>\n<meta property=\"og:title\" content=\"ANTT abre audi\u00eancia p\u00fablica para revis\u00e3o quinquenal da BR-101\/SC\" \/>\n<meta property=\"og:description\" content=\"da Ag\u00eancia iNFRA A ANTT (Ag\u00eancia Nacional de Transportes Terrestres) aprovou a abertura de audi\u00eancia p\u00fablica para a revis\u00e3o quinquenal do contrato de concess\u00e3o da BR-101\/SC, administrada pela ViaCosteira. A finalidade da proposta \u00e9 a moderniza\u00e7\u00e3o do contrato. O processo de revis\u00e3o contratual da concess\u00e3o j\u00e1 passou pela realiza\u00e7\u00e3o de reuni\u00f5es participativas, nos munic\u00edpios de [&hellip;]\" \/>\n<meta property=\"og:url\" content=\"https:\/\/agenciainfra.com\/blog\/antt-abre-audiencia-publica-para-revisao-quinquenal-da-br-101-sc\/\" \/>\n<meta property=\"og:site_name\" content=\"Ag\u00eancia iNFRA\" \/>\n<meta property=\"article:publisher\" content=\"https:\/\/www.facebook.com\/ageninfra\" \/>\n<meta property=\"article:published_time\" content=\"2025-07-15T16:55:10+00:00\" \/>\n<meta property=\"article:modified_time\" content=\"2025-07-15T16:55:16+00:00\" \/>\n<meta property=\"og:image\" content=\"https:\/\/agenciainfra.com\/blog\/wp-content\/uploads\/2019\/11\/br-101-sc-ppi.jpeg\" \/>\n\t<meta property=\"og:image:width\" content=\"1280\" \/>\n\t<meta property=\"og:image:height\" content=\"853\" \/>\n\t<meta property=\"og:image:type\" content=\"image\/jpeg\" \/>\n<meta name=\"author\" content=\"Ag\u00eancia iNFRA\" \/>\n<meta name=\"twitter:card\" content=\"summary_large_image\" \/>\n<meta name=\"twitter:creator\" content=\"@agencia_infra\" \/>\n<meta name=\"twitter:site\" content=\"@agencia_infra\" \/>\n<meta name=\"twitter:label1\" content=\"Escrito por\" \/>\n\t<meta name=\"twitter:data1\" content=\"Ag\u00eancia iNFRA\" \/>\n\t<meta name=\"twitter:label2\" content=\"Est. tempo de leitura\" \/>\n\t<meta name=\"twitter:data2\" content=\"1 minuto\" \/>\n<script type=\"application\/ld+json\" class=\"yoast-schema-graph\">{\"@context\":\"https:\/\/schema.org\",\"@graph\":[{\"@type\":\"Article\",\"@id\":\"https:\/\/agenciainfra.com\/blog\/antt-abre-audiencia-publica-para-revisao-quinquenal-da-br-101-sc\/#article\",\"isPartOf\":{\"@id\":\"https:\/\/agenciainfra.com\/blog\/antt-abre-audiencia-publica-para-revisao-quinquenal-da-br-101-sc\/\"},\"author\":{\"name\":\"Ag\u00eancia iNFRA\",\"@id\":\"https:\/\/agenciainfra.com\/blog\/#\/schema\/person\/34af08dff6adea4cb22b06612ba7acfa\"},\"headline\":\"ANTT abre audi\u00eancia p\u00fablica para revis\u00e3o quinquenal da BR-101\/SC\",\"datePublished\":\"2025-07-15T16:55:10+00:00\",\"dateModified\":\"2025-07-15T16:55:16+00:00\",\"mainEntityOfPage\":{\"@id\":\"https:\/\/agenciainfra.com\/blog\/antt-abre-audiencia-publica-para-revisao-quinquenal-da-br-101-sc\/\"},\"wordCount\":206,\"publisher\":{\"@id\":\"https:\/\/agenciainfra.com\/blog\/#organization\"},\"image\":{\"@id\":\"https:\/\/agenciainfra.com\/blog\/antt-abre-audiencia-publica-para-revisao-quinquenal-da-br-101-sc\/#primaryimage\"},\"thumbnailUrl\":\"https:\/\/agenciainfra.com\/blog\/wp-content\/uploads\/2019\/11\/br-101-sc-ppi.jpeg\",\"keywords\":[\"ANTT\",\"audi\u00eancia p\u00fablica\",\"BR-101\/SC\",\"revis\u00e3o quinquenal\",\"ViaCosteira\"],\"articleSection\":[\"Geral\",\"Giro iNFRA\"],\"inLanguage\":\"pt-BR\",\"copyrightYear\":\"2025\",\"copyrightHolder\":{\"@id\":\"https:\/\/agenciainfra.com\/blog\/#organization\"}},{\"@type\":\"WebPage\",\"@id\":\"https:\/\/agenciainfra.com\/blog\/antt-abre-audiencia-publica-para-revisao-quinquenal-da-br-101-sc\/\",\"url\":\"https:\/\/agenciainfra.com\/blog\/antt-abre-audiencia-publica-para-revisao-quinquenal-da-br-101-sc\/\",\"name\":\"ANTT abre audi\u00eancia p\u00fablica para revis\u00e3o quinquenal da BR-101\/SC - Ag\u00eancia iNFRA\",\"isPartOf\":{\"@id\":\"https:\/\/agenciainfra.com\/blog\/#website\"},\"primaryImageOfPage\":{\"@id\":\"https:\/\/agenciainfra.com\/blog\/antt-abre-audiencia-publica-para-revisao-quinquenal-da-br-101-sc\/#primaryimage\"},\"image\":{\"@id\":\"https:\/\/agenciainfra.com\/blog\/antt-abre-audiencia-publica-para-revisao-quinquenal-da-br-101-sc\/#primaryimage\"},\"thumbnailUrl\":\"https:\/\/agenciainfra.com\/blog\/wp-content\/uploads\/2019\/11\/br-101-sc-ppi.jpeg\",\"datePublished\":\"2025-07-15T16:55:10+00:00\",\"dateModified\":\"2025-07-15T16:55:16+00:00\",\"breadcrumb\":{\"@id\":\"https:\/\/agenciainfra.com\/blog\/antt-abre-audiencia-publica-para-revisao-quinquenal-da-br-101-sc\/#breadcrumb\"},\"inLanguage\":\"pt-BR\",\"potentialAction\":[{\"@type\":\"ReadAction\",\"target\":[\"https:\/\/agenciainfra.com\/blog\/antt-abre-audiencia-publica-para-revisao-quinquenal-da-br-101-sc\/\"]}]},{\"@type\":\"ImageObject\",\"inLanguage\":\"pt-BR\",\"@id\":\"https:\/\/agenciainfra.com\/blog\/antt-abre-audiencia-publica-para-revisao-quinquenal-da-br-101-sc\/#primaryimage\",\"url\":\"https:\/\/agenciainfra.com\/blog\/wp-content\/uploads\/2019\/11\/br-101-sc-ppi.jpeg\",\"contentUrl\":\"https:\/\/agenciainfra.com\/blog\/wp-content\/uploads\/2019\/11\/br-101-sc-ppi.jpeg\",\"width\":1280,\"height\":853,\"caption\":\"Foto: PPI\"},{\"@type\":\"BreadcrumbList\",\"@id\":\"https:\/\/agenciainfra.com\/blog\/antt-abre-audiencia-publica-para-revisao-quinquenal-da-br-101-sc\/#breadcrumb\",\"itemListElement\":[{\"@type\":\"ListItem\",\"position\":1,\"name\":\"In\u00edcio\",\"item\":\"https:\/\/agenciainfra.com\/blog\/\"},{\"@type\":\"ListItem\",\"position\":2,\"name\":\"ANTT abre audi\u00eancia p\u00fablica para revis\u00e3o quinquenal da BR-101\/SC\"}]},{\"@type\":\"WebSite\",\"@id\":\"https:\/\/agenciainfra.com\/blog\/#website\",\"url\":\"https:\/\/agenciainfra.com\/blog\/\",\"name\":\"Ag\u00eancia iNFRA\",\"description\":\"Multiplataforma de informa\u00e7\u00e3o jornal\u00edstica refer\u00eancia na \u00e1rea de infraestrutura no Brasil!\",\"publisher\":{\"@id\":\"https:\/\/agenciainfra.com\/blog\/#organization\"},\"potentialAction\":[{\"@type\":\"SearchAction\",\"target\":{\"@type\":\"EntryPoint\",\"urlTemplate\":\"https:\/\/agenciainfra.com\/blog\/?s={search_term_string}\"},\"query-input\":{\"@type\":\"PropertyValueSpecification\",\"valueRequired\":true,\"valueName\":\"search_term_string\"}}],\"inLanguage\":\"pt-BR\"},{\"@type\":\"Organization\",\"@id\":\"https:\/\/agenciainfra.com\/blog\/#organization\",\"name\":\"Ag\u00eancia iNFRA\",\"url\":\"https:\/\/agenciainfra.com\/blog\/\",\"logo\":{\"@type\":\"ImageObject\",\"inLanguage\":\"pt-BR\",\"@id\":\"https:\/\/agenciainfra.com\/blog\/#\/schema\/logo\/image\/\",\"url\":\"https:\/\/agenciainfra.com\/blog\/wp-content\/uploads\/2023\/09\/iNFRA_5-e1761735885940.png\",\"contentUrl\":\"https:\/\/agenciainfra.com\/blog\/wp-content\/uploads\/2023\/09\/iNFRA_5-e1761735885940.png\",\"width\":1672,\"height\":454,\"caption\":\"Ag\u00eancia iNFRA\"},\"image\":{\"@id\":\"https:\/\/agenciainfra.com\/blog\/#\/schema\/logo\/image\/\"},\"sameAs\":[\"https:\/\/www.facebook.com\/ageninfra\",\"https:\/\/x.com\/agencia_infra\",\"https:\/\/www.linkedin.com\/company\/ag\u00eanciainfra\/\",\"https:\/\/www.instagram.com\/agenciainfra\/\"]},{\"@type\":\"Person\",\"@id\":\"https:\/\/agenciainfra.com\/blog\/#\/schema\/person\/34af08dff6adea4cb22b06612ba7acfa\",\"name\":\"Ag\u00eancia iNFRA\",\"image\":{\"@type\":\"ImageObject\",\"inLanguage\":\"pt-BR\",\"@id\":\"https:\/\/agenciainfra.com\/blog\/#\/schema\/person\/image\/\",\"url\":\"https:\/\/secure.gravatar.com\/avatar\/d189e01678f06d8eb84d4e01f08eb848b3fffe3f8443818d3c356c66892f5be8?s=96&d=mm&r=g\",\"contentUrl\":\"https:\/\/secure.gravatar.com\/avatar\/d189e01678f06d8eb84d4e01f08eb848b3fffe3f8443818d3c356c66892f5be8?s=96&d=mm&r=g\",\"caption\":\"Ag\u00eancia iNFRA\"},\"url\":\"https:\/\/agenciainfra.com\/blog\/author\/admin\/\"}]}<\/script>\n<!-- \/ Yoast SEO Premium plugin. -->","yoast_head_json":{"title":"ANTT abre audi\u00eancia p\u00fablica para revis\u00e3o quinquenal da BR-101\/SC - Ag\u00eancia iNFRA","robots":{"index":"index","follow":"follow","max-snippet":"max-snippet:-1","max-image-preview":"max-image-preview:large","max-video-preview":"max-video-preview:-1"},"canonical":"https:\/\/agenciainfra.com\/blog\/antt-abre-audiencia-publica-para-revisao-quinquenal-da-br-101-sc\/","og_locale":"pt_BR","og_type":"article","og_title":"ANTT abre audi\u00eancia p\u00fablica para revis\u00e3o quinquenal da BR-101\/SC","og_description":"da Ag\u00eancia iNFRA A ANTT (Ag\u00eancia Nacional de Transportes Terrestres) aprovou a abertura de audi\u00eancia p\u00fablica para a revis\u00e3o quinquenal do contrato de concess\u00e3o da BR-101\/SC, administrada pela ViaCosteira. A finalidade da proposta \u00e9 a moderniza\u00e7\u00e3o do contrato. O processo de revis\u00e3o contratual da concess\u00e3o j\u00e1 passou pela realiza\u00e7\u00e3o de reuni\u00f5es participativas, nos munic\u00edpios de [&hellip;]","og_url":"https:\/\/agenciainfra.com\/blog\/antt-abre-audiencia-publica-para-revisao-quinquenal-da-br-101-sc\/","og_site_name":"Ag\u00eancia iNFRA","article_publisher":"https:\/\/www.facebook.com\/ageninfra","article_published_time":"2025-07-15T16:55:10+00:00","article_modified_time":"2025-07-15T16:55:16+00:00","og_image":[{"width":1280,"height":853,"url":"https:\/\/agenciainfra.com\/blog\/wp-content\/uploads\/2019\/11\/br-101-sc-ppi.jpeg","type":"image\/jpeg"}],"author":"Ag\u00eancia iNFRA","twitter_card":"summary_large_image","twitter_creator":"@agencia_infra","twitter_site":"@agencia_infra","twitter_misc":{"Escrito por":"Ag\u00eancia iNFRA","Est. tempo de leitura":"1 minuto"},"schema":{"@context":"https:\/\/schema.org","@graph":[{"@type":"Article","@id":"https:\/\/agenciainfra.com\/blog\/antt-abre-audiencia-publica-para-revisao-quinquenal-da-br-101-sc\/#article","isPartOf":{"@id":"https:\/\/agenciainfra.com\/blog\/antt-abre-audiencia-publica-para-revisao-quinquenal-da-br-101-sc\/"},"author":{"name":"Ag\u00eancia iNFRA","@id":"https:\/\/agenciainfra.com\/blog\/#\/schema\/person\/34af08dff6adea4cb22b06612ba7acfa"},"headline":"ANTT abre audi\u00eancia p\u00fablica para revis\u00e3o quinquenal da BR-101\/SC","datePublished":"2025-07-15T16:55:10+00:00","dateModified":"2025-07-15T16:55:16+00:00","mainEntityOfPage":{"@id":"https:\/\/agenciainfra.com\/blog\/antt-abre-audiencia-publica-para-revisao-quinquenal-da-br-101-sc\/"},"wordCount":206,"publisher":{"@id":"https:\/\/agenciainfra.com\/blog\/#organization"},"image":{"@id":"https:\/\/agenciainfra.com\/blog\/antt-abre-audiencia-publica-para-revisao-quinquenal-da-br-101-sc\/#primaryimage"},"thumbnailUrl":"https:\/\/agenciainfra.com\/blog\/wp-content\/uploads\/2019\/11\/br-101-sc-ppi.jpeg","keywords":["ANTT","audi\u00eancia p\u00fablica","BR-101\/SC","revis\u00e3o quinquenal","ViaCosteira"],"articleSection":["Geral","Giro iNFRA"],"inLanguage":"pt-BR","copyrightYear":"2025","copyrightHolder":{"@id":"https:\/\/agenciainfra.com\/blog\/#organization"}},{"@type":"WebPage","@id":"https:\/\/agenciainfra.com\/blog\/antt-abre-audiencia-publica-para-revisao-quinquenal-da-br-101-sc\/","url":"https:\/\/agenciainfra.com\/blog\/antt-abre-audiencia-publica-para-revisao-quinquenal-da-br-101-sc\/","name":"ANTT abre audi\u00eancia p\u00fablica para revis\u00e3o quinquenal da BR-101\/SC - Ag\u00eancia iNFRA","isPartOf":{"@id":"https:\/\/agenciainfra.com\/blog\/#website"},"primaryImageOfPage":{"@id":"https:\/\/agenciainfra.com\/blog\/antt-abre-audiencia-publica-para-revisao-quinquenal-da-br-101-sc\/#primaryimage"},"image":{"@id":"https:\/\/agenciainfra.com\/blog\/antt-abre-audiencia-publica-para-revisao-quinquenal-da-br-101-sc\/#primaryimage"},"thumbnailUrl":"https:\/\/agenciainfra.com\/blog\/wp-content\/uploads\/2019\/11\/br-101-sc-ppi.jpeg","datePublished":"2025-07-15T16:55:10+00:00","dateModified":"2025-07-15T16:55:16+00:00","breadcrumb":{"@id":"https:\/\/agenciainfra.com\/blog\/antt-abre-audiencia-publica-para-revisao-quinquenal-da-br-101-sc\/#breadcrumb"},"inLanguage":"pt-BR","potentialAction":[{"@type":"ReadAction","target":["https:\/\/agenciainfra.com\/blog\/antt-abre-audiencia-publica-para-revisao-quinquenal-da-br-101-sc\/"]}]},{"@type":"ImageObject","inLanguage":"pt-BR","@id":"https:\/\/agenciainfra.com\/blog\/antt-abre-audiencia-publica-para-revisao-quinquenal-da-br-101-sc\/#primaryimage","url":"https:\/\/agenciainfra.com\/blog\/wp-content\/uploads\/2019\/11\/br-101-sc-ppi.jpeg","contentUrl":"https:\/\/agenciainfra.com\/blog\/wp-content\/uploads\/2019\/11\/br-101-sc-ppi.jpeg","width":1280,"height":853,"caption":"Foto: PPI"},{"@type":"BreadcrumbList","@id":"https:\/\/agenciainfra.com\/blog\/antt-abre-audiencia-publica-para-revisao-quinquenal-da-br-101-sc\/#breadcrumb","itemListElement":[{"@type":"ListItem","position":1,"name":"In\u00edcio","item":"https:\/\/agenciainfra.com\/blog\/"},{"@type":"ListItem","position":2,"name":"ANTT abre audi\u00eancia p\u00fablica para revis\u00e3o quinquenal da BR-101\/SC"}]},{"@type":"WebSite","@id":"https:\/\/agenciainfra.com\/blog\/#website","url":"https:\/\/agenciainfra.com\/blog\/","name":"Ag\u00eancia iNFRA","description":"Multiplataforma de informa\u00e7\u00e3o jornal\u00edstica refer\u00eancia na \u00e1rea de infraestrutura no Brasil!","publisher":{"@id":"https:\/\/agenciainfra.com\/blog\/#organization"},"potentialAction":[{"@type":"SearchAction","target":{"@type":"EntryPoint","urlTemplate":"https:\/\/agenciainfra.com\/blog\/?s={search_term_string}"},"query-input":{"@type":"PropertyValueSpecification","valueRequired":true,"valueName":"search_term_string"}}],"inLanguage":"pt-BR"},{"@type":"Organization","@id":"https:\/\/agenciainfra.com\/blog\/#organization","name":"Ag\u00eancia iNFRA","url":"https:\/\/agenciainfra.com\/blog\/","logo":{"@type":"ImageObject","inLanguage":"pt-BR","@id":"https:\/\/agenciainfra.com\/blog\/#\/schema\/logo\/image\/","url":"https:\/\/agenciainfra.com\/blog\/wp-content\/uploads\/2023\/09\/iNFRA_5-e1761735885940.png","contentUrl":"https:\/\/agenciainfra.com\/blog\/wp-content\/uploads\/2023\/09\/iNFRA_5-e1761735885940.png","width":1672,"height":454,"caption":"Ag\u00eancia iNFRA"},"image":{"@id":"https:\/\/agenciainfra.com\/blog\/#\/schema\/logo\/image\/"},"sameAs":["https:\/\/www.facebook.com\/ageninfra","https:\/\/x.com\/agencia_infra","https:\/\/www.linkedin.com\/company\/ag\u00eanciainfra\/","https:\/\/www.instagram.com\/agenciainfra\/"]},{"@type":"Person","@id":"https:\/\/agenciainfra.com\/blog\/#\/schema\/person\/34af08dff6adea4cb22b06612ba7acfa","name":"Ag\u00eancia iNFRA","image":{"@type":"ImageObject","inLanguage":"pt-BR","@id":"https:\/\/agenciainfra.com\/blog\/#\/schema\/person\/image\/","url":"https:\/\/secure.gravatar.com\/avatar\/d189e01678f06d8eb84d4e01f08eb848b3fffe3f8443818d3c356c66892f5be8?s=96&d=mm&r=g","contentUrl":"https:\/\/secure.gravatar.com\/avatar\/d189e01678f06d8eb84d4e01f08eb848b3fffe3f8443818d3c356c66892f5be8?s=96&d=mm&r=g","caption":"Ag\u00eancia iNFRA"},"url":"https:\/\/agenciainfra.com\/blog\/author\/admin\/"}]}},"_links":{"self":[{"href":"https:\/\/agenciainfra.com\/blog\/wp-json\/wp\/v2\/posts\/24712","targetHints":{"allow":["GET"]}}],"collection":[{"href":"https:\/\/agenciainfra.com\/blog\/wp-json\/wp\/v2\/posts"}],"about":[{"href":"https:\/\/agenciainfra.com\/blog\/wp-json\/wp\/v2\/types\/post"}],"author":[{"embeddable":true,"href":"https:\/\/agenciainfra.com\/blog\/wp-json\/wp\/v2\/users\/1"}],"replies":[{"embeddable":true,"href":"https:\/\/agenciainfra.com\/blog\/wp-json\/wp\/v2\/comments?post=24712"}],"version-history":[{"count":1,"href":"https:\/\/agenciainfra.com\/blog\/wp-json\/wp\/v2\/posts\/24712\/revisions"}],"predecessor-version":[{"id":24713,"href":"https:\/\/agenciainfra.com\/blog\/wp-json\/wp\/v2\/posts\/24712\/revisions\/24713"}],"wp:featuredmedia":[{"embeddable":true,"href":"https:\/\/agenciainfra.com\/blog\/wp-json\/wp\/v2\/media\/3989"}],"wp:attachment":[{"href":"https:\/\/agenciainfra.com\/blog\/wp-json\/wp\/v2\/media?parent=24712"}],"wp:term":[{"taxonomy":"category","embeddable":true,"href":"https:\/\/agenciainfra.com\/blog\/wp-json\/wp\/v2\/categories?post=24712"},{"taxonomy":"post_tag","embeddable":true,"href":"https:\/\/agenciainfra.com\/blog\/wp-json\/wp\/v2\/tags?post=24712"}],"curies":[{"name":"wp","href":"https:\/\/api.w.org\/{rel}","templated":true}]}}