{"id":24716,"date":"2025-07-15T14:35:56","date_gmt":"2025-07-15T17:35:56","guid":{"rendered":"https:\/\/agenciainfra.com\/blog\/?p=24716"},"modified":"2025-07-16T12:35:51","modified_gmt":"2025-07-16T15:35:51","slug":"mp-que-cria-teto-para-subsidios-pode-ter-efeito-reverso-e-aumentar-conta-de-luz-diz-presidente-da-ci","status":"publish","type":"post","link":"https:\/\/agenciainfra.com\/blog\/mp-que-cria-teto-para-subsidios-pode-ter-efeito-reverso-e-aumentar-conta-de-luz-diz-presidente-da-ci\/","title":{"rendered":"MP que cria teto para subs\u00eddios pode ter efeito reverso e aumentar conta de luz, diz presidente da CI"},"content":{"rendered":"\n<p class=\"has-text-align-right\"><strong>Lais Carregosa, da Ag\u00eancia iNFRA<\/strong><\/p>\n\n\n\n<p>O presidente da CI (Comiss\u00e3o de Infraestrutura) do Senado, senador Marcos Rog\u00e9rio (PL-RO), disse \u00e0 <strong>Ag\u00eancia iNFRA<\/strong> que a <a href=\"https:\/\/www.congressonacional.leg.br\/materias\/medidas-provisorias\/-\/mpv\/169547\">MP (Medida Provis\u00f3ria) 1.304\/2025<\/a>, publicada na \u00faltima sexta-feira (11), pode ter um efeito contr\u00e1rio ao que se prop\u00f5e e aumentar a tarifa de energia. Segundo ele, o mecanismo criado pelo governo \u00e9 \u201ctemer\u00e1rio\u201d.<\/p>\n\n\n\n<p>O texto estabelece o or\u00e7amento de 2026 como teto para a CDE (Conta de Desenvolvimento Energ\u00e9tico), que banca os subs\u00eddios na conta de luz.<\/p>\n\n\n\n<p>O senador avalia que, como o or\u00e7amento de 2026 ainda ser\u00e1 fechado neste ano, h\u00e1 oportunidade para \u201cinflar\u201d a conta, com impactos nas tarifas, explicou.<\/p>\n","protected":false},"excerpt":{"rendered":"<p>Lais Carregosa, da Ag\u00eancia iNFRA O presidente da CI (Comiss\u00e3o de Infraestrutura) do Senado, senador Marcos Rog\u00e9rio (PL-RO), disse \u00e0 Ag\u00eancia iNFRA que a MP (Medida Provis\u00f3ria) 1.304\/2025, publicada na \u00faltima sexta-feira (11), pode ter um efeito contr\u00e1rio ao que se prop\u00f5e e aumentar a tarifa de energia. Segundo ele, o mecanismo criado pelo governo [&hellip;]<\/p>\n","protected":false},"author":1,"featured_media":24717,"comment_status":"closed","ping_status":"closed","sticky":false,"template":"","format":"standard","meta":{"_monsterinsights_skip_tracking":false,"_monsterinsights_sitenote_active":false,"_monsterinsights_sitenote_note":"","_monsterinsights_sitenote_category":0,"footnotes":""},"categories":[7250,1,10],"tags":[56,1498,545,122,13132,1193,14378],"class_list":["post-24716","post","type-post","status-publish","format-standard","has-post-thumbnail","hentry","category-destaque-lista","category-geral","category-infraenergia","tag-cde","tag-comissao-de-infraestrutura","tag-conta-de-desenvolvimento-energetico","tag-conta-de-luz","tag-lais-carregosa","tag-marcos-rogerio","tag-mp-1-304"],"yoast_head":"<!-- This site is optimized with the Yoast SEO Premium plugin v25.4 (Yoast SEO v26.0) - https:\/\/yoast.com\/wordpress\/plugins\/seo\/ -->\n<title>MP que cria teto para subs\u00eddios pode ter efeito reverso e aumentar conta de luz, diz presidente da CI - Ag\u00eancia iNFRA<\/title>\n<meta name=\"robots\" content=\"index, follow, max-snippet:-1, max-image-preview:large, max-video-preview:-1\" \/>\n<link rel=\"canonical\" href=\"https:\/\/agenciainfra.com\/blog\/mp-que-cria-teto-para-subsidios-pode-ter-efeito-reverso-e-aumentar-conta-de-luz-diz-presidente-da-ci\/\" \/>\n<meta property=\"og:locale\" content=\"pt_BR\" \/>\n<meta property=\"og:type\" content=\"article\" \/>\n<meta property=\"og:title\" content=\"MP que cria teto para subs\u00eddios pode ter efeito reverso e aumentar conta de luz, diz presidente da CI\" \/>\n<meta property=\"og:description\" content=\"Lais Carregosa, da Ag\u00eancia iNFRA O presidente da CI (Comiss\u00e3o de Infraestrutura) do Senado, senador Marcos Rog\u00e9rio (PL-RO), disse \u00e0 Ag\u00eancia iNFRA que a MP (Medida Provis\u00f3ria) 1.304\/2025, publicada na \u00faltima sexta-feira (11), pode ter um efeito contr\u00e1rio ao que se prop\u00f5e e aumentar a tarifa de energia. Segundo ele, o mecanismo criado pelo governo [&hellip;]\" \/>\n<meta property=\"og:url\" content=\"https:\/\/agenciainfra.com\/blog\/mp-que-cria-teto-para-subsidios-pode-ter-efeito-reverso-e-aumentar-conta-de-luz-diz-presidente-da-ci\/\" \/>\n<meta property=\"og:site_name\" content=\"Ag\u00eancia iNFRA\" \/>\n<meta property=\"article:publisher\" content=\"https:\/\/www.facebook.com\/ageninfra\" \/>\n<meta property=\"article:published_time\" content=\"2025-07-15T17:35:56+00:00\" \/>\n<meta property=\"article:modified_time\" content=\"2025-07-16T15:35:51+00:00\" \/>\n<meta property=\"og:image\" content=\"https:\/\/agenciainfra.com\/blog\/wp-content\/uploads\/2025\/07\/marcos-rogerio-foto-geraldo-magela-agencia-senado.jpg\" \/>\n\t<meta property=\"og:image:width\" content=\"1280\" \/>\n\t<meta property=\"og:image:height\" content=\"853\" \/>\n\t<meta property=\"og:image:type\" content=\"image\/jpeg\" \/>\n<meta name=\"author\" content=\"Ag\u00eancia iNFRA\" \/>\n<meta name=\"twitter:card\" content=\"summary_large_image\" \/>\n<meta name=\"twitter:creator\" content=\"@agencia_infra\" \/>\n<meta name=\"twitter:site\" content=\"@agencia_infra\" \/>\n<meta name=\"twitter:label1\" content=\"Escrito por\" \/>\n\t<meta name=\"twitter:data1\" content=\"Ag\u00eancia iNFRA\" \/>\n\t<meta name=\"twitter:label2\" content=\"Est. tempo de leitura\" \/>\n\t<meta name=\"twitter:data2\" content=\"1 minuto\" \/>\n<script type=\"application\/ld+json\" class=\"yoast-schema-graph\">{\"@context\":\"https:\/\/schema.org\",\"@graph\":[{\"@type\":\"Article\",\"@id\":\"https:\/\/agenciainfra.com\/blog\/mp-que-cria-teto-para-subsidios-pode-ter-efeito-reverso-e-aumentar-conta-de-luz-diz-presidente-da-ci\/#article\",\"isPartOf\":{\"@id\":\"https:\/\/agenciainfra.com\/blog\/mp-que-cria-teto-para-subsidios-pode-ter-efeito-reverso-e-aumentar-conta-de-luz-diz-presidente-da-ci\/\"},\"author\":{\"name\":\"Ag\u00eancia iNFRA\",\"@id\":\"https:\/\/agenciainfra.com\/blog\/#\/schema\/person\/34af08dff6adea4cb22b06612ba7acfa\"},\"headline\":\"MP que cria teto para subs\u00eddios pode ter efeito reverso e aumentar conta de luz, diz presidente da CI\",\"datePublished\":\"2025-07-15T17:35:56+00:00\",\"dateModified\":\"2025-07-16T15:35:51+00:00\",\"mainEntityOfPage\":{\"@id\":\"https:\/\/agenciainfra.com\/blog\/mp-que-cria-teto-para-subsidios-pode-ter-efeito-reverso-e-aumentar-conta-de-luz-diz-presidente-da-ci\/\"},\"wordCount\":132,\"publisher\":{\"@id\":\"https:\/\/agenciainfra.com\/blog\/#organization\"},\"image\":{\"@id\":\"https:\/\/agenciainfra.com\/blog\/mp-que-cria-teto-para-subsidios-pode-ter-efeito-reverso-e-aumentar-conta-de-luz-diz-presidente-da-ci\/#primaryimage\"},\"thumbnailUrl\":\"https:\/\/agenciainfra.com\/blog\/wp-content\/uploads\/2025\/07\/marcos-rogerio-foto-geraldo-magela-agencia-senado.jpg\",\"keywords\":[\"CDE\",\"Comiss\u00e3o de Infraestrutura\",\"Conta de Desenvolvimento Energ\u00e9tico\",\"Conta de Luz\",\"Lais Carregosa\",\"Marcos Rog\u00e9rio\",\"MP 1.304\"],\"articleSection\":[\"Destaque lista\",\"Geral\",\"iNFRAEnergia\"],\"inLanguage\":\"pt-BR\",\"copyrightYear\":\"2025\",\"copyrightHolder\":{\"@id\":\"https:\/\/agenciainfra.com\/blog\/#organization\"}},{\"@type\":\"WebPage\",\"@id\":\"https:\/\/agenciainfra.com\/blog\/mp-que-cria-teto-para-subsidios-pode-ter-efeito-reverso-e-aumentar-conta-de-luz-diz-presidente-da-ci\/\",\"url\":\"https:\/\/agenciainfra.com\/blog\/mp-que-cria-teto-para-subsidios-pode-ter-efeito-reverso-e-aumentar-conta-de-luz-diz-presidente-da-ci\/\",\"name\":\"MP que cria teto para subs\u00eddios pode ter efeito reverso e aumentar conta de luz, diz presidente da CI - Ag\u00eancia iNFRA\",\"isPartOf\":{\"@id\":\"https:\/\/agenciainfra.com\/blog\/#website\"},\"primaryImageOfPage\":{\"@id\":\"https:\/\/agenciainfra.com\/blog\/mp-que-cria-teto-para-subsidios-pode-ter-efeito-reverso-e-aumentar-conta-de-luz-diz-presidente-da-ci\/#primaryimage\"},\"image\":{\"@id\":\"https:\/\/agenciainfra.com\/blog\/mp-que-cria-teto-para-subsidios-pode-ter-efeito-reverso-e-aumentar-conta-de-luz-diz-presidente-da-ci\/#primaryimage\"},\"thumbnailUrl\":\"https:\/\/agenciainfra.com\/blog\/wp-content\/uploads\/2025\/07\/marcos-rogerio-foto-geraldo-magela-agencia-senado.jpg\",\"datePublished\":\"2025-07-15T17:35:56+00:00\",\"dateModified\":\"2025-07-16T15:35:51+00:00\",\"breadcrumb\":{\"@id\":\"https:\/\/agenciainfra.com\/blog\/mp-que-cria-teto-para-subsidios-pode-ter-efeito-reverso-e-aumentar-conta-de-luz-diz-presidente-da-ci\/#breadcrumb\"},\"inLanguage\":\"pt-BR\",\"potentialAction\":[{\"@type\":\"ReadAction\",\"target\":[\"https:\/\/agenciainfra.com\/blog\/mp-que-cria-teto-para-subsidios-pode-ter-efeito-reverso-e-aumentar-conta-de-luz-diz-presidente-da-ci\/\"]}]},{\"@type\":\"ImageObject\",\"inLanguage\":\"pt-BR\",\"@id\":\"https:\/\/agenciainfra.com\/blog\/mp-que-cria-teto-para-subsidios-pode-ter-efeito-reverso-e-aumentar-conta-de-luz-diz-presidente-da-ci\/#primaryimage\",\"url\":\"https:\/\/agenciainfra.com\/blog\/wp-content\/uploads\/2025\/07\/marcos-rogerio-foto-geraldo-magela-agencia-senado.jpg\",\"contentUrl\":\"https:\/\/agenciainfra.com\/blog\/wp-content\/uploads\/2025\/07\/marcos-rogerio-foto-geraldo-magela-agencia-senado.jpg\",\"width\":1280,\"height\":853,\"caption\":\"Foto: Geraldo Magela\/Ag\u00eancia Senado\"},{\"@type\":\"BreadcrumbList\",\"@id\":\"https:\/\/agenciainfra.com\/blog\/mp-que-cria-teto-para-subsidios-pode-ter-efeito-reverso-e-aumentar-conta-de-luz-diz-presidente-da-ci\/#breadcrumb\",\"itemListElement\":[{\"@type\":\"ListItem\",\"position\":1,\"name\":\"In\u00edcio\",\"item\":\"https:\/\/agenciainfra.com\/blog\/\"},{\"@type\":\"ListItem\",\"position\":2,\"name\":\"MP que cria teto para subs\u00eddios pode ter efeito reverso e aumentar conta de luz, diz presidente da CI\"}]},{\"@type\":\"WebSite\",\"@id\":\"https:\/\/agenciainfra.com\/blog\/#website\",\"url\":\"https:\/\/agenciainfra.com\/blog\/\",\"name\":\"Ag\u00eancia iNFRA\",\"description\":\"Multiplataforma de informa\u00e7\u00e3o jornal\u00edstica refer\u00eancia na \u00e1rea de infraestrutura no Brasil!\",\"publisher\":{\"@id\":\"https:\/\/agenciainfra.com\/blog\/#organization\"},\"potentialAction\":[{\"@type\":\"SearchAction\",\"target\":{\"@type\":\"EntryPoint\",\"urlTemplate\":\"https:\/\/agenciainfra.com\/blog\/?s={search_term_string}\"},\"query-input\":{\"@type\":\"PropertyValueSpecification\",\"valueRequired\":true,\"valueName\":\"search_term_string\"}}],\"inLanguage\":\"pt-BR\"},{\"@type\":\"Organization\",\"@id\":\"https:\/\/agenciainfra.com\/blog\/#organization\",\"name\":\"Ag\u00eancia iNFRA\",\"url\":\"https:\/\/agenciainfra.com\/blog\/\",\"logo\":{\"@type\":\"ImageObject\",\"inLanguage\":\"pt-BR\",\"@id\":\"https:\/\/agenciainfra.com\/blog\/#\/schema\/logo\/image\/\",\"url\":\"https:\/\/agenciainfra.com\/blog\/wp-content\/uploads\/2023\/09\/iNFRA_5-e1761735885940.png\",\"contentUrl\":\"https:\/\/agenciainfra.com\/blog\/wp-content\/uploads\/2023\/09\/iNFRA_5-e1761735885940.png\",\"width\":1672,\"height\":454,\"caption\":\"Ag\u00eancia iNFRA\"},\"image\":{\"@id\":\"https:\/\/agenciainfra.com\/blog\/#\/schema\/logo\/image\/\"},\"sameAs\":[\"https:\/\/www.facebook.com\/ageninfra\",\"https:\/\/x.com\/agencia_infra\",\"https:\/\/www.linkedin.com\/company\/ag\u00eanciainfra\/\",\"https:\/\/www.instagram.com\/agenciainfra\/\"]},{\"@type\":\"Person\",\"@id\":\"https:\/\/agenciainfra.com\/blog\/#\/schema\/person\/34af08dff6adea4cb22b06612ba7acfa\",\"name\":\"Ag\u00eancia iNFRA\",\"image\":{\"@type\":\"ImageObject\",\"inLanguage\":\"pt-BR\",\"@id\":\"https:\/\/agenciainfra.com\/blog\/#\/schema\/person\/image\/\",\"url\":\"https:\/\/secure.gravatar.com\/avatar\/d189e01678f06d8eb84d4e01f08eb848b3fffe3f8443818d3c356c66892f5be8?s=96&d=mm&r=g\",\"contentUrl\":\"https:\/\/secure.gravatar.com\/avatar\/d189e01678f06d8eb84d4e01f08eb848b3fffe3f8443818d3c356c66892f5be8?s=96&d=mm&r=g\",\"caption\":\"Ag\u00eancia iNFRA\"},\"url\":\"https:\/\/agenciainfra.com\/blog\/author\/admin\/\"}]}<\/script>\n<!-- \/ Yoast SEO Premium plugin. -->","yoast_head_json":{"title":"MP que cria teto para subs\u00eddios pode ter efeito reverso e aumentar conta de luz, diz presidente da CI - Ag\u00eancia iNFRA","robots":{"index":"index","follow":"follow","max-snippet":"max-snippet:-1","max-image-preview":"max-image-preview:large","max-video-preview":"max-video-preview:-1"},"canonical":"https:\/\/agenciainfra.com\/blog\/mp-que-cria-teto-para-subsidios-pode-ter-efeito-reverso-e-aumentar-conta-de-luz-diz-presidente-da-ci\/","og_locale":"pt_BR","og_type":"article","og_title":"MP que cria teto para subs\u00eddios pode ter efeito reverso e aumentar conta de luz, diz presidente da CI","og_description":"Lais Carregosa, da Ag\u00eancia iNFRA O presidente da CI (Comiss\u00e3o de Infraestrutura) do Senado, senador Marcos Rog\u00e9rio (PL-RO), disse \u00e0 Ag\u00eancia iNFRA que a MP (Medida Provis\u00f3ria) 1.304\/2025, publicada na \u00faltima sexta-feira (11), pode ter um efeito contr\u00e1rio ao que se prop\u00f5e e aumentar a tarifa de energia. Segundo ele, o mecanismo criado pelo governo [&hellip;]","og_url":"https:\/\/agenciainfra.com\/blog\/mp-que-cria-teto-para-subsidios-pode-ter-efeito-reverso-e-aumentar-conta-de-luz-diz-presidente-da-ci\/","og_site_name":"Ag\u00eancia iNFRA","article_publisher":"https:\/\/www.facebook.com\/ageninfra","article_published_time":"2025-07-15T17:35:56+00:00","article_modified_time":"2025-07-16T15:35:51+00:00","og_image":[{"width":1280,"height":853,"url":"https:\/\/agenciainfra.com\/blog\/wp-content\/uploads\/2025\/07\/marcos-rogerio-foto-geraldo-magela-agencia-senado.jpg","type":"image\/jpeg"}],"author":"Ag\u00eancia iNFRA","twitter_card":"summary_large_image","twitter_creator":"@agencia_infra","twitter_site":"@agencia_infra","twitter_misc":{"Escrito por":"Ag\u00eancia iNFRA","Est. tempo de leitura":"1 minuto"},"schema":{"@context":"https:\/\/schema.org","@graph":[{"@type":"Article","@id":"https:\/\/agenciainfra.com\/blog\/mp-que-cria-teto-para-subsidios-pode-ter-efeito-reverso-e-aumentar-conta-de-luz-diz-presidente-da-ci\/#article","isPartOf":{"@id":"https:\/\/agenciainfra.com\/blog\/mp-que-cria-teto-para-subsidios-pode-ter-efeito-reverso-e-aumentar-conta-de-luz-diz-presidente-da-ci\/"},"author":{"name":"Ag\u00eancia iNFRA","@id":"https:\/\/agenciainfra.com\/blog\/#\/schema\/person\/34af08dff6adea4cb22b06612ba7acfa"},"headline":"MP que cria teto para subs\u00eddios pode ter efeito reverso e aumentar conta de luz, diz presidente da CI","datePublished":"2025-07-15T17:35:56+00:00","dateModified":"2025-07-16T15:35:51+00:00","mainEntityOfPage":{"@id":"https:\/\/agenciainfra.com\/blog\/mp-que-cria-teto-para-subsidios-pode-ter-efeito-reverso-e-aumentar-conta-de-luz-diz-presidente-da-ci\/"},"wordCount":132,"publisher":{"@id":"https:\/\/agenciainfra.com\/blog\/#organization"},"image":{"@id":"https:\/\/agenciainfra.com\/blog\/mp-que-cria-teto-para-subsidios-pode-ter-efeito-reverso-e-aumentar-conta-de-luz-diz-presidente-da-ci\/#primaryimage"},"thumbnailUrl":"https:\/\/agenciainfra.com\/blog\/wp-content\/uploads\/2025\/07\/marcos-rogerio-foto-geraldo-magela-agencia-senado.jpg","keywords":["CDE","Comiss\u00e3o de Infraestrutura","Conta de Desenvolvimento Energ\u00e9tico","Conta de Luz","Lais Carregosa","Marcos Rog\u00e9rio","MP 1.304"],"articleSection":["Destaque lista","Geral","iNFRAEnergia"],"inLanguage":"pt-BR","copyrightYear":"2025","copyrightHolder":{"@id":"https:\/\/agenciainfra.com\/blog\/#organization"}},{"@type":"WebPage","@id":"https:\/\/agenciainfra.com\/blog\/mp-que-cria-teto-para-subsidios-pode-ter-efeito-reverso-e-aumentar-conta-de-luz-diz-presidente-da-ci\/","url":"https:\/\/agenciainfra.com\/blog\/mp-que-cria-teto-para-subsidios-pode-ter-efeito-reverso-e-aumentar-conta-de-luz-diz-presidente-da-ci\/","name":"MP que cria teto para subs\u00eddios pode ter efeito reverso e aumentar conta de luz, diz presidente da CI - Ag\u00eancia iNFRA","isPartOf":{"@id":"https:\/\/agenciainfra.com\/blog\/#website"},"primaryImageOfPage":{"@id":"https:\/\/agenciainfra.com\/blog\/mp-que-cria-teto-para-subsidios-pode-ter-efeito-reverso-e-aumentar-conta-de-luz-diz-presidente-da-ci\/#primaryimage"},"image":{"@id":"https:\/\/agenciainfra.com\/blog\/mp-que-cria-teto-para-subsidios-pode-ter-efeito-reverso-e-aumentar-conta-de-luz-diz-presidente-da-ci\/#primaryimage"},"thumbnailUrl":"https:\/\/agenciainfra.com\/blog\/wp-content\/uploads\/2025\/07\/marcos-rogerio-foto-geraldo-magela-agencia-senado.jpg","datePublished":"2025-07-15T17:35:56+00:00","dateModified":"2025-07-16T15:35:51+00:00","breadcrumb":{"@id":"https:\/\/agenciainfra.com\/blog\/mp-que-cria-teto-para-subsidios-pode-ter-efeito-reverso-e-aumentar-conta-de-luz-diz-presidente-da-ci\/#breadcrumb"},"inLanguage":"pt-BR","potentialAction":[{"@type":"ReadAction","target":["https:\/\/agenciainfra.com\/blog\/mp-que-cria-teto-para-subsidios-pode-ter-efeito-reverso-e-aumentar-conta-de-luz-diz-presidente-da-ci\/"]}]},{"@type":"ImageObject","inLanguage":"pt-BR","@id":"https:\/\/agenciainfra.com\/blog\/mp-que-cria-teto-para-subsidios-pode-ter-efeito-reverso-e-aumentar-conta-de-luz-diz-presidente-da-ci\/#primaryimage","url":"https:\/\/agenciainfra.com\/blog\/wp-content\/uploads\/2025\/07\/marcos-rogerio-foto-geraldo-magela-agencia-senado.jpg","contentUrl":"https:\/\/agenciainfra.com\/blog\/wp-content\/uploads\/2025\/07\/marcos-rogerio-foto-geraldo-magela-agencia-senado.jpg","width":1280,"height":853,"caption":"Foto: Geraldo Magela\/Ag\u00eancia Senado"},{"@type":"BreadcrumbList","@id":"https:\/\/agenciainfra.com\/blog\/mp-que-cria-teto-para-subsidios-pode-ter-efeito-reverso-e-aumentar-conta-de-luz-diz-presidente-da-ci\/#breadcrumb","itemListElement":[{"@type":"ListItem","position":1,"name":"In\u00edcio","item":"https:\/\/agenciainfra.com\/blog\/"},{"@type":"ListItem","position":2,"name":"MP que cria teto para subs\u00eddios pode ter efeito reverso e aumentar conta de luz, diz presidente da CI"}]},{"@type":"WebSite","@id":"https:\/\/agenciainfra.com\/blog\/#website","url":"https:\/\/agenciainfra.com\/blog\/","name":"Ag\u00eancia iNFRA","description":"Multiplataforma de informa\u00e7\u00e3o jornal\u00edstica refer\u00eancia na \u00e1rea de infraestrutura no Brasil!","publisher":{"@id":"https:\/\/agenciainfra.com\/blog\/#organization"},"potentialAction":[{"@type":"SearchAction","target":{"@type":"EntryPoint","urlTemplate":"https:\/\/agenciainfra.com\/blog\/?s={search_term_string}"},"query-input":{"@type":"PropertyValueSpecification","valueRequired":true,"valueName":"search_term_string"}}],"inLanguage":"pt-BR"},{"@type":"Organization","@id":"https:\/\/agenciainfra.com\/blog\/#organization","name":"Ag\u00eancia iNFRA","url":"https:\/\/agenciainfra.com\/blog\/","logo":{"@type":"ImageObject","inLanguage":"pt-BR","@id":"https:\/\/agenciainfra.com\/blog\/#\/schema\/logo\/image\/","url":"https:\/\/agenciainfra.com\/blog\/wp-content\/uploads\/2023\/09\/iNFRA_5-e1761735885940.png","contentUrl":"https:\/\/agenciainfra.com\/blog\/wp-content\/uploads\/2023\/09\/iNFRA_5-e1761735885940.png","width":1672,"height":454,"caption":"Ag\u00eancia iNFRA"},"image":{"@id":"https:\/\/agenciainfra.com\/blog\/#\/schema\/logo\/image\/"},"sameAs":["https:\/\/www.facebook.com\/ageninfra","https:\/\/x.com\/agencia_infra","https:\/\/www.linkedin.com\/company\/ag\u00eanciainfra\/","https:\/\/www.instagram.com\/agenciainfra\/"]},{"@type":"Person","@id":"https:\/\/agenciainfra.com\/blog\/#\/schema\/person\/34af08dff6adea4cb22b06612ba7acfa","name":"Ag\u00eancia iNFRA","image":{"@type":"ImageObject","inLanguage":"pt-BR","@id":"https:\/\/agenciainfra.com\/blog\/#\/schema\/person\/image\/","url":"https:\/\/secure.gravatar.com\/avatar\/d189e01678f06d8eb84d4e01f08eb848b3fffe3f8443818d3c356c66892f5be8?s=96&d=mm&r=g","contentUrl":"https:\/\/secure.gravatar.com\/avatar\/d189e01678f06d8eb84d4e01f08eb848b3fffe3f8443818d3c356c66892f5be8?s=96&d=mm&r=g","caption":"Ag\u00eancia iNFRA"},"url":"https:\/\/agenciainfra.com\/blog\/author\/admin\/"}]}},"_links":{"self":[{"href":"https:\/\/agenciainfra.com\/blog\/wp-json\/wp\/v2\/posts\/24716","targetHints":{"allow":["GET"]}}],"collection":[{"href":"https:\/\/agenciainfra.com\/blog\/wp-json\/wp\/v2\/posts"}],"about":[{"href":"https:\/\/agenciainfra.com\/blog\/wp-json\/wp\/v2\/types\/post"}],"author":[{"embeddable":true,"href":"https:\/\/agenciainfra.com\/blog\/wp-json\/wp\/v2\/users\/1"}],"replies":[{"embeddable":true,"href":"https:\/\/agenciainfra.com\/blog\/wp-json\/wp\/v2\/comments?post=24716"}],"version-history":[{"count":1,"href":"https:\/\/agenciainfra.com\/blog\/wp-json\/wp\/v2\/posts\/24716\/revisions"}],"predecessor-version":[{"id":24718,"href":"https:\/\/agenciainfra.com\/blog\/wp-json\/wp\/v2\/posts\/24716\/revisions\/24718"}],"wp:featuredmedia":[{"embeddable":true,"href":"https:\/\/agenciainfra.com\/blog\/wp-json\/wp\/v2\/media\/24717"}],"wp:attachment":[{"href":"https:\/\/agenciainfra.com\/blog\/wp-json\/wp\/v2\/media?parent=24716"}],"wp:term":[{"taxonomy":"category","embeddable":true,"href":"https:\/\/agenciainfra.com\/blog\/wp-json\/wp\/v2\/categories?post=24716"},{"taxonomy":"post_tag","embeddable":true,"href":"https:\/\/agenciainfra.com\/blog\/wp-json\/wp\/v2\/tags?post=24716"}],"curies":[{"name":"wp","href":"https:\/\/api.w.org\/{rel}","templated":true}]}}