{"id":24753,"date":"2025-07-16T09:00:00","date_gmt":"2025-07-16T12:00:00","guid":{"rendered":"https:\/\/agenciainfra.com\/blog\/?p=24753"},"modified":"2025-07-16T16:49:52","modified_gmt":"2025-07-16T19:49:52","slug":"nomes-para-suceder-a-gentil-nogueira-na-secretaria-de-energia-eletrica-comecam-a-circular","status":"publish","type":"post","link":"https:\/\/agenciainfra.com\/blog\/nomes-para-suceder-a-gentil-nogueira-na-secretaria-de-energia-eletrica-comecam-a-circular\/","title":{"rendered":"Nomes para suceder a Gentil Nogueira na Secretaria de Energia El\u00e9trica come\u00e7am a circular"},"content":{"rendered":"\n<p class=\"has-text-align-right\"><strong>Marisa Wanzeller, Lais Carregosa e Geraldo Campos Jr., da Ag\u00eancia iNFRA<\/strong><\/p>\n\n\n\n<p>Os nomes para suceder ao secret\u00e1rio de Energia El\u00e9trica, Gentil Nogueira, j\u00e1 come\u00e7aram a circular ap\u00f3s a\u00a0<a href=\"https:\/\/agenciainfra.com\/blog\/presidente-lula-encaminha-ao-senado-indicacoes-de-willamy-frota-e-gentil-nogueira-para-a-diretoria-da-aneel\/\" target=\"_blank\" rel=\"noreferrer noopener\">confirma\u00e7\u00e3o da sua indica\u00e7\u00e3o<\/a>\u00a0para a diretoria da ANEEL (Ag\u00eancia Nacional de Energia de El\u00e9trica), feita nesta ter\u00e7a-feira (15). Ele precisar\u00e1 deixar o cargo caso seja aprovado em sabatina no Senado Federal. Segundo fontes relataram \u00e0\u00a0<strong>Ag\u00eancia iNFRA<\/strong>, a tend\u00eancia \u00e9 que a vaga seja ocupada por um nome interno do MME (Minist\u00e9rio de Minas e Energia), o que deve ser definido pelo ministro Alexandre Silveira no fim de julho.<br><br>A lista de nomes ventilados inclui Jo\u00e3o Daniel Cascalho, chefe da Assessoria Especial de Assuntos T\u00e9cnicos do MME \u2013 o mais cotado, segundo fontes; Fernando Colli, atual secret\u00e1rio-executivo adjunto; Igor Souza Ribeiro, diretor de programa na Secretaria de Energia El\u00e9trica e atual substituto de Gentil; e Isabela Vieira, diretora de programa na Secretaria Executiva.\u00a0<br><br>Al\u00e9m dos quatro nomes internos, h\u00e1 um quinto cotado de fora do MME, o superintendente da ANEEL Alessandro Cantarino, segundo relatos. A avalia\u00e7\u00e3o de interlocutores \u00e9 que seria \u201cmais simples\u201d escolher um nome interno, embora n\u00e3o se descarte um candidato da ag\u00eancia reguladora.<br><br>Indicado pelo presidente Lula na ter\u00e7a-feira (15), o nome de Gentil foi encaminhado juntamente com o de Willamy Frota, ex-presidente da Amazonas Energia, apadrinhado pelo senador Eduardo Braga (MDB-AM).<br><br><strong>Comiss\u00f5es sem cronograma<\/strong><br>\u00c0\u00a0<strong>Ag\u00eancia iNFRA<\/strong>, o presidente da CI (Comiss\u00e3o de Infraestrutura) do Senado, Marcos Rog\u00e9rio (PL-RO), disse que o presidente do Congresso, senador Davi Alcolumbre (Uni\u00e3o-AP), ainda n\u00e3o reuniu os presidentes das comiss\u00f5es para discutir o cronograma das sabatinas para as ag\u00eancias reguladoras.<br><br>O senador afirmou que as indica\u00e7\u00f5es ainda n\u00e3o chegaram \u00e0s comiss\u00f5es do Senado, que s\u00e3o respons\u00e1veis por sabatinar e aprovar os indicados em suas respectivas \u00e1reas tem\u00e1ticas. S\u00f3 depois os nomes v\u00e3o a plen\u00e1rio, onde precisam ser aprovados novamente. Segundo a Presid\u00eancia da Casa, as sabatinas devem ocorrer de\u00a011 a\u00a015 de agosto, ap\u00f3s o recesso legislativo.<br><br><strong>Mandatos<\/strong><br>Conforme a mensagem presidencial, Willamy Frota foi indicado para a cadeira que era ocupada pelo ex-diretor H\u00e9lvio Guerra, que deixou a ANEEL em maio de 2024. J\u00e1 Gentil Nogueira vai para a vaga do ex-diretor Ricardo Tili, que encerrou seu mandato no fim de maio deste ano.\u00a0<br><br>Considerando que os mandatos nas ag\u00eancias s\u00e3o de cinco anos e que o prazo come\u00e7a a contar a partir da sa\u00edda do anterior do cargo, isso significa que, se aprovado pelo Senado em agosto, Frota ficaria efetivamente na ANEEL cerca de tr\u00eas anos e 10 meses. J\u00e1 Gentil Nogueira exerceria o mandato por at\u00e9 quatro anos e 10 meses.<br><br><strong>\u00d3leo e G\u00e1s<\/strong><br>A Secretaria de Petr\u00f3leo, G\u00e1s Natural e Biocombust\u00edveis do MME tamb\u00e9m dever\u00e1 ficar vaga e, segundo fontes, tende a ser ocupada por um t\u00e9cnico da pasta. O nome do secret\u00e1rio Pietro Mendes, enviado ao Senado em dezembro de 2024, permanece indicado para a ANP (Ag\u00eancia Nacional do Petr\u00f3leo, G\u00e1s Natural e Biocombust\u00edveis) e pode ser sabatinado em agosto.\u00a0<br><br>\u00c0 \u00e9poca, Lula tamb\u00e9m encaminhou o nome de Artur Watt, consultor jur\u00eddico da PPSA (Pr\u00e9-Sal Petr\u00f3leo S.A.), para ser sabatino e ocupar a cadeira de diretor-geral da ag\u00eancia. Watt \u00e9 apadrinhado pelo senador Otto Alencar (PSD-BA).<\/p>\n","protected":false},"excerpt":{"rendered":"<p>Marisa Wanzeller, Lais Carregosa e Geraldo Campos Jr., da Ag\u00eancia iNFRA Os nomes para suceder ao secret\u00e1rio de Energia El\u00e9trica, Gentil Nogueira, j\u00e1 come\u00e7aram a circular ap\u00f3s a\u00a0confirma\u00e7\u00e3o da sua indica\u00e7\u00e3o\u00a0para a diretoria da ANEEL (Ag\u00eancia Nacional de Energia de El\u00e9trica), feita nesta ter\u00e7a-feira (15). Ele precisar\u00e1 deixar o cargo caso seja aprovado em sabatina [&hellip;]<\/p>\n","protected":false},"author":1,"featured_media":22493,"comment_status":"closed","ping_status":"closed","sticky":false,"template":"","format":"standard","meta":{"_monsterinsights_skip_tracking":false,"_monsterinsights_sitenote_active":false,"_monsterinsights_sitenote_note":"","_monsterinsights_sitenote_category":0,"footnotes":""},"categories":[1,10],"tags":[13133,14251,11594,13132,7366,12579,14394],"class_list":["post-24753","post","type-post","status-publish","format-standard","has-post-thumbnail","hentry","category-geral","category-infraenergia","tag-diretores-da-aneel","tag-gentil-nogueira-mme","tag-geraldo-campos-jr","tag-lais-carregosa","tag-marisa-wanzeller","tag-sabatinas-de-diretores","tag-vagas-no-mme"],"yoast_head":"<!-- This site is optimized with the Yoast SEO Premium plugin v25.4 (Yoast SEO v26.0) - https:\/\/yoast.com\/wordpress\/plugins\/seo\/ -->\n<title>Nomes para suceder a Gentil Nogueira na Secretaria de Energia El\u00e9trica come\u00e7am a circular - Ag\u00eancia iNFRA<\/title>\n<meta name=\"robots\" content=\"index, follow, max-snippet:-1, max-image-preview:large, max-video-preview:-1\" \/>\n<link rel=\"canonical\" href=\"https:\/\/agenciainfra.com\/blog\/nomes-para-suceder-a-gentil-nogueira-na-secretaria-de-energia-eletrica-comecam-a-circular\/\" \/>\n<meta property=\"og:locale\" content=\"pt_BR\" \/>\n<meta property=\"og:type\" content=\"article\" \/>\n<meta property=\"og:title\" content=\"Nomes para suceder a Gentil Nogueira na Secretaria de Energia El\u00e9trica come\u00e7am a circular\" \/>\n<meta property=\"og:description\" content=\"Marisa Wanzeller, Lais Carregosa e Geraldo Campos Jr., da Ag\u00eancia iNFRA Os nomes para suceder ao secret\u00e1rio de Energia El\u00e9trica, Gentil Nogueira, j\u00e1 come\u00e7aram a circular ap\u00f3s a\u00a0confirma\u00e7\u00e3o da sua indica\u00e7\u00e3o\u00a0para a diretoria da ANEEL (Ag\u00eancia Nacional de Energia de El\u00e9trica), feita nesta ter\u00e7a-feira (15). Ele precisar\u00e1 deixar o cargo caso seja aprovado em sabatina [&hellip;]\" \/>\n<meta property=\"og:url\" content=\"https:\/\/agenciainfra.com\/blog\/nomes-para-suceder-a-gentil-nogueira-na-secretaria-de-energia-eletrica-comecam-a-circular\/\" \/>\n<meta property=\"og:site_name\" content=\"Ag\u00eancia iNFRA\" \/>\n<meta property=\"article:publisher\" content=\"https:\/\/www.facebook.com\/ageninfra\" \/>\n<meta property=\"article:published_time\" content=\"2025-07-16T12:00:00+00:00\" \/>\n<meta property=\"article:modified_time\" content=\"2025-07-16T19:49:52+00:00\" \/>\n<meta property=\"og:image\" content=\"https:\/\/agenciainfra.com\/blog\/wp-content\/uploads\/2025\/06\/gentil-nogueira-e-alexandre-silveira-foto-will-shutter-camara-dos-deputados-e1752662502956.jpg\" \/>\n\t<meta property=\"og:image:width\" content=\"613\" \/>\n\t<meta property=\"og:image:height\" content=\"474\" \/>\n\t<meta property=\"og:image:type\" content=\"image\/jpeg\" \/>\n<meta name=\"author\" content=\"Ag\u00eancia iNFRA\" \/>\n<meta name=\"twitter:card\" content=\"summary_large_image\" \/>\n<meta name=\"twitter:creator\" content=\"@agencia_infra\" \/>\n<meta name=\"twitter:site\" content=\"@agencia_infra\" \/>\n<meta name=\"twitter:label1\" content=\"Escrito por\" \/>\n\t<meta name=\"twitter:data1\" content=\"Ag\u00eancia iNFRA\" \/>\n\t<meta name=\"twitter:label2\" content=\"Est. tempo de leitura\" \/>\n\t<meta name=\"twitter:data2\" content=\"3 minutos\" \/>\n<script type=\"application\/ld+json\" class=\"yoast-schema-graph\">{\"@context\":\"https:\/\/schema.org\",\"@graph\":[{\"@type\":\"Article\",\"@id\":\"https:\/\/agenciainfra.com\/blog\/nomes-para-suceder-a-gentil-nogueira-na-secretaria-de-energia-eletrica-comecam-a-circular\/#article\",\"isPartOf\":{\"@id\":\"https:\/\/agenciainfra.com\/blog\/nomes-para-suceder-a-gentil-nogueira-na-secretaria-de-energia-eletrica-comecam-a-circular\/\"},\"author\":{\"name\":\"Ag\u00eancia iNFRA\",\"@id\":\"https:\/\/agenciainfra.com\/blog\/#\/schema\/person\/34af08dff6adea4cb22b06612ba7acfa\"},\"headline\":\"Nomes para suceder a Gentil Nogueira na Secretaria de Energia El\u00e9trica come\u00e7am a circular\",\"datePublished\":\"2025-07-16T12:00:00+00:00\",\"dateModified\":\"2025-07-16T19:49:52+00:00\",\"mainEntityOfPage\":{\"@id\":\"https:\/\/agenciainfra.com\/blog\/nomes-para-suceder-a-gentil-nogueira-na-secretaria-de-energia-eletrica-comecam-a-circular\/\"},\"wordCount\":595,\"publisher\":{\"@id\":\"https:\/\/agenciainfra.com\/blog\/#organization\"},\"image\":{\"@id\":\"https:\/\/agenciainfra.com\/blog\/nomes-para-suceder-a-gentil-nogueira-na-secretaria-de-energia-eletrica-comecam-a-circular\/#primaryimage\"},\"thumbnailUrl\":\"https:\/\/agenciainfra.com\/blog\/wp-content\/uploads\/2025\/06\/gentil-nogueira-e-alexandre-silveira-foto-will-shutter-camara-dos-deputados-e1752662502956.jpg\",\"keywords\":[\"diretores da aneel\",\"Gentil Nogueira mme\",\"Geraldo Campos Jr.\",\"Lais Carregosa\",\"Marisa Wanzeller\",\"sabatinas de diretores\",\"vagas no MME\"],\"articleSection\":[\"Geral\",\"iNFRAEnergia\"],\"inLanguage\":\"pt-BR\",\"copyrightYear\":\"2025\",\"copyrightHolder\":{\"@id\":\"https:\/\/agenciainfra.com\/blog\/#organization\"}},{\"@type\":\"WebPage\",\"@id\":\"https:\/\/agenciainfra.com\/blog\/nomes-para-suceder-a-gentil-nogueira-na-secretaria-de-energia-eletrica-comecam-a-circular\/\",\"url\":\"https:\/\/agenciainfra.com\/blog\/nomes-para-suceder-a-gentil-nogueira-na-secretaria-de-energia-eletrica-comecam-a-circular\/\",\"name\":\"Nomes para suceder a Gentil Nogueira na Secretaria de Energia El\u00e9trica come\u00e7am a circular - Ag\u00eancia iNFRA\",\"isPartOf\":{\"@id\":\"https:\/\/agenciainfra.com\/blog\/#website\"},\"primaryImageOfPage\":{\"@id\":\"https:\/\/agenciainfra.com\/blog\/nomes-para-suceder-a-gentil-nogueira-na-secretaria-de-energia-eletrica-comecam-a-circular\/#primaryimage\"},\"image\":{\"@id\":\"https:\/\/agenciainfra.com\/blog\/nomes-para-suceder-a-gentil-nogueira-na-secretaria-de-energia-eletrica-comecam-a-circular\/#primaryimage\"},\"thumbnailUrl\":\"https:\/\/agenciainfra.com\/blog\/wp-content\/uploads\/2025\/06\/gentil-nogueira-e-alexandre-silveira-foto-will-shutter-camara-dos-deputados-e1752662502956.jpg\",\"datePublished\":\"2025-07-16T12:00:00+00:00\",\"dateModified\":\"2025-07-16T19:49:52+00:00\",\"breadcrumb\":{\"@id\":\"https:\/\/agenciainfra.com\/blog\/nomes-para-suceder-a-gentil-nogueira-na-secretaria-de-energia-eletrica-comecam-a-circular\/#breadcrumb\"},\"inLanguage\":\"pt-BR\",\"potentialAction\":[{\"@type\":\"ReadAction\",\"target\":[\"https:\/\/agenciainfra.com\/blog\/nomes-para-suceder-a-gentil-nogueira-na-secretaria-de-energia-eletrica-comecam-a-circular\/\"]}]},{\"@type\":\"ImageObject\",\"inLanguage\":\"pt-BR\",\"@id\":\"https:\/\/agenciainfra.com\/blog\/nomes-para-suceder-a-gentil-nogueira-na-secretaria-de-energia-eletrica-comecam-a-circular\/#primaryimage\",\"url\":\"https:\/\/agenciainfra.com\/blog\/wp-content\/uploads\/2025\/06\/gentil-nogueira-e-alexandre-silveira-foto-will-shutter-camara-dos-deputados-e1752662502956.jpg\",\"contentUrl\":\"https:\/\/agenciainfra.com\/blog\/wp-content\/uploads\/2025\/06\/gentil-nogueira-e-alexandre-silveira-foto-will-shutter-camara-dos-deputados-e1752662502956.jpg\",\"width\":613,\"height\":474,\"caption\":\"Foto: Will Shutter\/C\u00e2mara dos Deputados\"},{\"@type\":\"BreadcrumbList\",\"@id\":\"https:\/\/agenciainfra.com\/blog\/nomes-para-suceder-a-gentil-nogueira-na-secretaria-de-energia-eletrica-comecam-a-circular\/#breadcrumb\",\"itemListElement\":[{\"@type\":\"ListItem\",\"position\":1,\"name\":\"In\u00edcio\",\"item\":\"https:\/\/agenciainfra.com\/blog\/\"},{\"@type\":\"ListItem\",\"position\":2,\"name\":\"Nomes para suceder a Gentil Nogueira na Secretaria de Energia El\u00e9trica come\u00e7am a circular\"}]},{\"@type\":\"WebSite\",\"@id\":\"https:\/\/agenciainfra.com\/blog\/#website\",\"url\":\"https:\/\/agenciainfra.com\/blog\/\",\"name\":\"Ag\u00eancia iNFRA\",\"description\":\"Multiplataforma de informa\u00e7\u00e3o jornal\u00edstica refer\u00eancia na \u00e1rea de infraestrutura no Brasil!\",\"publisher\":{\"@id\":\"https:\/\/agenciainfra.com\/blog\/#organization\"},\"potentialAction\":[{\"@type\":\"SearchAction\",\"target\":{\"@type\":\"EntryPoint\",\"urlTemplate\":\"https:\/\/agenciainfra.com\/blog\/?s={search_term_string}\"},\"query-input\":{\"@type\":\"PropertyValueSpecification\",\"valueRequired\":true,\"valueName\":\"search_term_string\"}}],\"inLanguage\":\"pt-BR\"},{\"@type\":\"Organization\",\"@id\":\"https:\/\/agenciainfra.com\/blog\/#organization\",\"name\":\"Ag\u00eancia iNFRA\",\"url\":\"https:\/\/agenciainfra.com\/blog\/\",\"logo\":{\"@type\":\"ImageObject\",\"inLanguage\":\"pt-BR\",\"@id\":\"https:\/\/agenciainfra.com\/blog\/#\/schema\/logo\/image\/\",\"url\":\"https:\/\/agenciainfra.com\/blog\/wp-content\/uploads\/2023\/09\/iNFRA_5-e1761735885940.png\",\"contentUrl\":\"https:\/\/agenciainfra.com\/blog\/wp-content\/uploads\/2023\/09\/iNFRA_5-e1761735885940.png\",\"width\":1672,\"height\":454,\"caption\":\"Ag\u00eancia iNFRA\"},\"image\":{\"@id\":\"https:\/\/agenciainfra.com\/blog\/#\/schema\/logo\/image\/\"},\"sameAs\":[\"https:\/\/www.facebook.com\/ageninfra\",\"https:\/\/x.com\/agencia_infra\",\"https:\/\/www.linkedin.com\/company\/ag\u00eanciainfra\/\",\"https:\/\/www.instagram.com\/agenciainfra\/\"]},{\"@type\":\"Person\",\"@id\":\"https:\/\/agenciainfra.com\/blog\/#\/schema\/person\/34af08dff6adea4cb22b06612ba7acfa\",\"name\":\"Ag\u00eancia iNFRA\",\"image\":{\"@type\":\"ImageObject\",\"inLanguage\":\"pt-BR\",\"@id\":\"https:\/\/agenciainfra.com\/blog\/#\/schema\/person\/image\/\",\"url\":\"https:\/\/secure.gravatar.com\/avatar\/d189e01678f06d8eb84d4e01f08eb848b3fffe3f8443818d3c356c66892f5be8?s=96&d=mm&r=g\",\"contentUrl\":\"https:\/\/secure.gravatar.com\/avatar\/d189e01678f06d8eb84d4e01f08eb848b3fffe3f8443818d3c356c66892f5be8?s=96&d=mm&r=g\",\"caption\":\"Ag\u00eancia iNFRA\"},\"url\":\"https:\/\/agenciainfra.com\/blog\/author\/admin\/\"}]}<\/script>\n<!-- \/ Yoast SEO Premium plugin. -->","yoast_head_json":{"title":"Nomes para suceder a Gentil Nogueira na Secretaria de Energia El\u00e9trica come\u00e7am a circular - Ag\u00eancia iNFRA","robots":{"index":"index","follow":"follow","max-snippet":"max-snippet:-1","max-image-preview":"max-image-preview:large","max-video-preview":"max-video-preview:-1"},"canonical":"https:\/\/agenciainfra.com\/blog\/nomes-para-suceder-a-gentil-nogueira-na-secretaria-de-energia-eletrica-comecam-a-circular\/","og_locale":"pt_BR","og_type":"article","og_title":"Nomes para suceder a Gentil Nogueira na Secretaria de Energia El\u00e9trica come\u00e7am a circular","og_description":"Marisa Wanzeller, Lais Carregosa e Geraldo Campos Jr., da Ag\u00eancia iNFRA Os nomes para suceder ao secret\u00e1rio de Energia El\u00e9trica, Gentil Nogueira, j\u00e1 come\u00e7aram a circular ap\u00f3s a\u00a0confirma\u00e7\u00e3o da sua indica\u00e7\u00e3o\u00a0para a diretoria da ANEEL (Ag\u00eancia Nacional de Energia de El\u00e9trica), feita nesta ter\u00e7a-feira (15). Ele precisar\u00e1 deixar o cargo caso seja aprovado em sabatina [&hellip;]","og_url":"https:\/\/agenciainfra.com\/blog\/nomes-para-suceder-a-gentil-nogueira-na-secretaria-de-energia-eletrica-comecam-a-circular\/","og_site_name":"Ag\u00eancia iNFRA","article_publisher":"https:\/\/www.facebook.com\/ageninfra","article_published_time":"2025-07-16T12:00:00+00:00","article_modified_time":"2025-07-16T19:49:52+00:00","og_image":[{"width":613,"height":474,"url":"https:\/\/agenciainfra.com\/blog\/wp-content\/uploads\/2025\/06\/gentil-nogueira-e-alexandre-silveira-foto-will-shutter-camara-dos-deputados-e1752662502956.jpg","type":"image\/jpeg"}],"author":"Ag\u00eancia iNFRA","twitter_card":"summary_large_image","twitter_creator":"@agencia_infra","twitter_site":"@agencia_infra","twitter_misc":{"Escrito por":"Ag\u00eancia iNFRA","Est. tempo de leitura":"3 minutos"},"schema":{"@context":"https:\/\/schema.org","@graph":[{"@type":"Article","@id":"https:\/\/agenciainfra.com\/blog\/nomes-para-suceder-a-gentil-nogueira-na-secretaria-de-energia-eletrica-comecam-a-circular\/#article","isPartOf":{"@id":"https:\/\/agenciainfra.com\/blog\/nomes-para-suceder-a-gentil-nogueira-na-secretaria-de-energia-eletrica-comecam-a-circular\/"},"author":{"name":"Ag\u00eancia iNFRA","@id":"https:\/\/agenciainfra.com\/blog\/#\/schema\/person\/34af08dff6adea4cb22b06612ba7acfa"},"headline":"Nomes para suceder a Gentil Nogueira na Secretaria de Energia El\u00e9trica come\u00e7am a circular","datePublished":"2025-07-16T12:00:00+00:00","dateModified":"2025-07-16T19:49:52+00:00","mainEntityOfPage":{"@id":"https:\/\/agenciainfra.com\/blog\/nomes-para-suceder-a-gentil-nogueira-na-secretaria-de-energia-eletrica-comecam-a-circular\/"},"wordCount":595,"publisher":{"@id":"https:\/\/agenciainfra.com\/blog\/#organization"},"image":{"@id":"https:\/\/agenciainfra.com\/blog\/nomes-para-suceder-a-gentil-nogueira-na-secretaria-de-energia-eletrica-comecam-a-circular\/#primaryimage"},"thumbnailUrl":"https:\/\/agenciainfra.com\/blog\/wp-content\/uploads\/2025\/06\/gentil-nogueira-e-alexandre-silveira-foto-will-shutter-camara-dos-deputados-e1752662502956.jpg","keywords":["diretores da aneel","Gentil Nogueira mme","Geraldo Campos Jr.","Lais Carregosa","Marisa Wanzeller","sabatinas de diretores","vagas no MME"],"articleSection":["Geral","iNFRAEnergia"],"inLanguage":"pt-BR","copyrightYear":"2025","copyrightHolder":{"@id":"https:\/\/agenciainfra.com\/blog\/#organization"}},{"@type":"WebPage","@id":"https:\/\/agenciainfra.com\/blog\/nomes-para-suceder-a-gentil-nogueira-na-secretaria-de-energia-eletrica-comecam-a-circular\/","url":"https:\/\/agenciainfra.com\/blog\/nomes-para-suceder-a-gentil-nogueira-na-secretaria-de-energia-eletrica-comecam-a-circular\/","name":"Nomes para suceder a Gentil Nogueira na Secretaria de Energia El\u00e9trica come\u00e7am a circular - Ag\u00eancia iNFRA","isPartOf":{"@id":"https:\/\/agenciainfra.com\/blog\/#website"},"primaryImageOfPage":{"@id":"https:\/\/agenciainfra.com\/blog\/nomes-para-suceder-a-gentil-nogueira-na-secretaria-de-energia-eletrica-comecam-a-circular\/#primaryimage"},"image":{"@id":"https:\/\/agenciainfra.com\/blog\/nomes-para-suceder-a-gentil-nogueira-na-secretaria-de-energia-eletrica-comecam-a-circular\/#primaryimage"},"thumbnailUrl":"https:\/\/agenciainfra.com\/blog\/wp-content\/uploads\/2025\/06\/gentil-nogueira-e-alexandre-silveira-foto-will-shutter-camara-dos-deputados-e1752662502956.jpg","datePublished":"2025-07-16T12:00:00+00:00","dateModified":"2025-07-16T19:49:52+00:00","breadcrumb":{"@id":"https:\/\/agenciainfra.com\/blog\/nomes-para-suceder-a-gentil-nogueira-na-secretaria-de-energia-eletrica-comecam-a-circular\/#breadcrumb"},"inLanguage":"pt-BR","potentialAction":[{"@type":"ReadAction","target":["https:\/\/agenciainfra.com\/blog\/nomes-para-suceder-a-gentil-nogueira-na-secretaria-de-energia-eletrica-comecam-a-circular\/"]}]},{"@type":"ImageObject","inLanguage":"pt-BR","@id":"https:\/\/agenciainfra.com\/blog\/nomes-para-suceder-a-gentil-nogueira-na-secretaria-de-energia-eletrica-comecam-a-circular\/#primaryimage","url":"https:\/\/agenciainfra.com\/blog\/wp-content\/uploads\/2025\/06\/gentil-nogueira-e-alexandre-silveira-foto-will-shutter-camara-dos-deputados-e1752662502956.jpg","contentUrl":"https:\/\/agenciainfra.com\/blog\/wp-content\/uploads\/2025\/06\/gentil-nogueira-e-alexandre-silveira-foto-will-shutter-camara-dos-deputados-e1752662502956.jpg","width":613,"height":474,"caption":"Foto: Will Shutter\/C\u00e2mara dos Deputados"},{"@type":"BreadcrumbList","@id":"https:\/\/agenciainfra.com\/blog\/nomes-para-suceder-a-gentil-nogueira-na-secretaria-de-energia-eletrica-comecam-a-circular\/#breadcrumb","itemListElement":[{"@type":"ListItem","position":1,"name":"In\u00edcio","item":"https:\/\/agenciainfra.com\/blog\/"},{"@type":"ListItem","position":2,"name":"Nomes para suceder a Gentil Nogueira na Secretaria de Energia El\u00e9trica come\u00e7am a circular"}]},{"@type":"WebSite","@id":"https:\/\/agenciainfra.com\/blog\/#website","url":"https:\/\/agenciainfra.com\/blog\/","name":"Ag\u00eancia iNFRA","description":"Multiplataforma de informa\u00e7\u00e3o jornal\u00edstica refer\u00eancia na \u00e1rea de infraestrutura no Brasil!","publisher":{"@id":"https:\/\/agenciainfra.com\/blog\/#organization"},"potentialAction":[{"@type":"SearchAction","target":{"@type":"EntryPoint","urlTemplate":"https:\/\/agenciainfra.com\/blog\/?s={search_term_string}"},"query-input":{"@type":"PropertyValueSpecification","valueRequired":true,"valueName":"search_term_string"}}],"inLanguage":"pt-BR"},{"@type":"Organization","@id":"https:\/\/agenciainfra.com\/blog\/#organization","name":"Ag\u00eancia iNFRA","url":"https:\/\/agenciainfra.com\/blog\/","logo":{"@type":"ImageObject","inLanguage":"pt-BR","@id":"https:\/\/agenciainfra.com\/blog\/#\/schema\/logo\/image\/","url":"https:\/\/agenciainfra.com\/blog\/wp-content\/uploads\/2023\/09\/iNFRA_5-e1761735885940.png","contentUrl":"https:\/\/agenciainfra.com\/blog\/wp-content\/uploads\/2023\/09\/iNFRA_5-e1761735885940.png","width":1672,"height":454,"caption":"Ag\u00eancia iNFRA"},"image":{"@id":"https:\/\/agenciainfra.com\/blog\/#\/schema\/logo\/image\/"},"sameAs":["https:\/\/www.facebook.com\/ageninfra","https:\/\/x.com\/agencia_infra","https:\/\/www.linkedin.com\/company\/ag\u00eanciainfra\/","https:\/\/www.instagram.com\/agenciainfra\/"]},{"@type":"Person","@id":"https:\/\/agenciainfra.com\/blog\/#\/schema\/person\/34af08dff6adea4cb22b06612ba7acfa","name":"Ag\u00eancia iNFRA","image":{"@type":"ImageObject","inLanguage":"pt-BR","@id":"https:\/\/agenciainfra.com\/blog\/#\/schema\/person\/image\/","url":"https:\/\/secure.gravatar.com\/avatar\/d189e01678f06d8eb84d4e01f08eb848b3fffe3f8443818d3c356c66892f5be8?s=96&d=mm&r=g","contentUrl":"https:\/\/secure.gravatar.com\/avatar\/d189e01678f06d8eb84d4e01f08eb848b3fffe3f8443818d3c356c66892f5be8?s=96&d=mm&r=g","caption":"Ag\u00eancia iNFRA"},"url":"https:\/\/agenciainfra.com\/blog\/author\/admin\/"}]}},"_links":{"self":[{"href":"https:\/\/agenciainfra.com\/blog\/wp-json\/wp\/v2\/posts\/24753","targetHints":{"allow":["GET"]}}],"collection":[{"href":"https:\/\/agenciainfra.com\/blog\/wp-json\/wp\/v2\/posts"}],"about":[{"href":"https:\/\/agenciainfra.com\/blog\/wp-json\/wp\/v2\/types\/post"}],"author":[{"embeddable":true,"href":"https:\/\/agenciainfra.com\/blog\/wp-json\/wp\/v2\/users\/1"}],"replies":[{"embeddable":true,"href":"https:\/\/agenciainfra.com\/blog\/wp-json\/wp\/v2\/comments?post=24753"}],"version-history":[{"count":1,"href":"https:\/\/agenciainfra.com\/blog\/wp-json\/wp\/v2\/posts\/24753\/revisions"}],"predecessor-version":[{"id":24754,"href":"https:\/\/agenciainfra.com\/blog\/wp-json\/wp\/v2\/posts\/24753\/revisions\/24754"}],"wp:featuredmedia":[{"embeddable":true,"href":"https:\/\/agenciainfra.com\/blog\/wp-json\/wp\/v2\/media\/22493"}],"wp:attachment":[{"href":"https:\/\/agenciainfra.com\/blog\/wp-json\/wp\/v2\/media?parent=24753"}],"wp:term":[{"taxonomy":"category","embeddable":true,"href":"https:\/\/agenciainfra.com\/blog\/wp-json\/wp\/v2\/categories?post=24753"},{"taxonomy":"post_tag","embeddable":true,"href":"https:\/\/agenciainfra.com\/blog\/wp-json\/wp\/v2\/tags?post=24753"}],"curies":[{"name":"wp","href":"https:\/\/api.w.org\/{rel}","templated":true}]}}